{"id":23799,"date":"2019-06-26T09:46:06","date_gmt":"2019-06-26T12:46:06","guid":{"rendered":"http:\/\/www.eldiariodetucuman.com\/web\/?p=23799"},"modified":"2019-06-26T09:46:06","modified_gmt":"2019-06-26T12:46:06","slug":"prohiben-el-consumo-de-tres-cervezas-europeas","status":"publish","type":"post","link":"https:\/\/www.eldiariodetucuman.com\/web\/prohiben-el-consumo-de-tres-cervezas-europeas\/","title":{"rendered":"Proh\u00edben el consumo de tres cervezas europeas"},"content":{"rendered":"<div class=\"node-header is-margin-tb\">\n<p class=\"title is-font-serif   is-size-1-desktop is-size-2-tablet\">Son la Daura Damm 1876, Lager Beer, sin gluten, la Estrella de Galicia, sin gluten y la Pilsener, Bavaria, Holland, sin gluten.<\/p>\n<\/div>\n<p><!--more--><\/p>\n<div class=\"node-main\">\n<div class=\"columns is-multiline\">\n<div class=\"column main-content is-three-quarters-desktop is-three-fifths-tablet\">\n<div class=\"i-amphtml-slides-container i-amphtml-slidescroll-no-snap\" aria-live=\"polite\">\n<div class=\"i-amphtml-slide-item i-amphtml-slide-item-show\"><\/div>\n<\/div>\n<div class=\"node-body columns is-mobile is-multiline\" data-loginwall-remove=\"\">\n<div class=\"social-widget-inline  \">\n<div class=\"node-bookmark\" title=\"Agregar a marcadores\" data-token=\"SBFvoa4bvLUgnYLGA5HZcRvk45Tu8VygTWvP7uVT\" data-node=\"1218291\" data-target=\"https:\/\/www.lavoz.com.ar\/perfil\/bookmark\/1218291\">La Administraci\u00f3n Nacional de Medicamentos, Alimentos y Tecnolog\u00eda M\u00e9dica\u00a0(Anmat) prohibi\u00f3 la venta en el pa\u00eds de una cerveza sin gluten elaborada en Espa\u00f1a y Alemania, seg\u00fan se inform\u00f3 en el\u00a0<strong>Bolet\u00edn Oficial<\/strong>.<\/div>\n<div class=\"node-bookmark\" title=\"Agregar a marcadores\" data-token=\"SBFvoa4bvLUgnYLGA5HZcRvk45Tu8VygTWvP7uVT\" data-node=\"1218291\" data-target=\"https:\/\/www.lavoz.com.ar\/perfil\/bookmark\/1218291\">Los productos son la \u00abcerveza especial Daura Damm 1876, Lager Beer, gluten free, sin gluten, con logo facultativo de sin gluten, elaborada en Espa\u00f1a por C.C. Damm por S.L. Rosell\u00f3 515 en Barcelona, Espa\u00f1a.<\/div>\n<div class=\"node-bookmark\" title=\"Agregar a marcadores\" data-token=\"SBFvoa4bvLUgnYLGA5HZcRvk45Tu8VygTWvP7uVT\" data-node=\"1218291\" data-target=\"https:\/\/www.lavoz.com.ar\/perfil\/bookmark\/1218291\">Tambi\u00e9n la \u201ccerveza especial, Estrella de Galicia, sin gluten, gluten free, con logo facultativo de sin gluten, elaborada en Espa\u00f1a por Hijos de la Rivera S.A.U. en Coru\u00f1a, Espa\u00f1a\u201d.<\/div>\n<div class=\"node-bookmark\" title=\"Agregar a marcadores\" data-token=\"SBFvoa4bvLUgnYLGA5HZcRvk45Tu8VygTWvP7uVT\" data-node=\"1218291\" data-target=\"https:\/\/www.lavoz.com.ar\/perfil\/bookmark\/1218291\">Y finalmente, la \u201ccerveza Pilsener, Bavaria, Holland, gluten free, sin gluten\u00bb, elaborada en Bavaria.<\/div>\n<\/div>\n<div class=\"column is-10-tablet is-paddingless-t\">\n<div class=\"node-content content body\">\n<div class=\"block-ad-node\">\n<div id=\"middle_1-1218291_parent\">\n<div id=\"middle_1-1218291\" class=\"bloque-ads\" data-google-query-id=\"CO2-6KGCh-MCFUtZwQodA6YE2g\">\n<p id=\"google_ads_iframe_6955764\/lavoz\/notas\/middle_1_0__container__\">La Agencia Santafesina de Seguridad Alimentaria (Assai) prohibi\u00f3 la tenencia, transporte, comercializaci\u00f3n y exposici\u00f3n, en la provincia de Santa Fe, de esos productos porque \u00abno cumplen la normativa alimentaria vigente, por lo que por orden Assai N\u00b0 11\/2019, establece la alerta alimentaria y ordena la prohibici\u00f3n de tenencia, transporte, comercializaci\u00f3n y exposici\u00f3n\u00bb.<\/p>\n<p>Seg\u00fan se inform\u00f3, \u00abel producto se halla en infracci\u00f3n\u00bb de una serie de normativas \u00abpor estar falsamente rotulado, por carecer de registro de establecimiento importador y de producto, por consignar la leyenda &#8216;libre de gluten&#8217; y el s\u00edmbolo reglamentario de alimento libre de gluten, sin estar autorizado como tal, resultando ser, en consecuencia, ilegal\u00bb.<\/p>\n<p>\u00abPor tratarse de productos que no pueden ser identificados en forma fehaciente y clara como producidos, elaborados y\/o fraccionados en un establecimiento determinado, no podr\u00e1n ser elaborados en ninguna parte del pa\u00eds, ni comercializados ni expendidos en el territorio de la Rep\u00fablica de acuerdo a lo normado por el art\u00edculo 9\u00b0 de la ley 18.284\u00bb, se explic\u00f3.<\/p>\n<\/div>\n<div><strong>Fuente:<\/strong> <a href=\"https:\/\/www.lavoz.com.ar\/ciudadanos\/anmat-prohibio-venta-de-tres-cervezas-europeas-en-argentina\">https:\/\/www.lavoz.com.ar\/ciudadanos\/anmat-prohibio-venta-de-tres-cervezas-europeas-en-argentina<\/a><\/div>\n<\/div>\n<\/div>\n<\/div>\n<\/div>\n<\/div>\n<\/div>\n<\/div>\n<\/div>\n","protected":false},"excerpt":{"rendered":"<p>Son la Daura Damm 1876, Lager Beer, sin gluten, la Estrella de Galicia, sin gluten y la Pilsener, Bavaria, Holland, sin gluten.<\/p>\n","protected":false},"author":5,"featured_media":23800,"comment_status":"closed","ping_status":"open","sticky":false,"template":"","format":"standard","meta":{"footnotes":""},"categories":[2],"tags":[2738,896,61],"class_list":{"0":"post-23799","1":"post","2":"type-post","3":"status-publish","4":"format-standard","5":"has-post-thumbnail","7":"category-actualidad","8":"tag-cerveza","9":"tag-consumo","10":"tag-tucuman"},"yoast_head":"<!-- This site is optimized with the Yoast SEO plugin v27.4 - https:\/\/yoast.com\/product\/yoast-seo-wordpress\/ -->\n<title>Proh\u00edben el consumo de tres cervezas europeas - El Diario de Tucuman<\/title>\n<meta name=\"robots\" content=\"index, follow, max-snippet:-1, max-image-preview:large, max-video-preview:-1\" \/>\n<link rel=\"canonical\" href=\"https:\/\/www.eldiariodetucuman.com\/web\/prohiben-el-consumo-de-tres-cervezas-europeas\/\" \/>\n<meta property=\"og:locale\" content=\"es_ES\" \/>\n<meta property=\"og:type\" content=\"article\" \/>\n<meta property=\"og:title\" content=\"Proh\u00edben el consumo de tres cervezas europeas - El Diario de Tucuman\" \/>\n<meta property=\"og:description\" content=\"Son la Daura Damm 1876, Lager Beer, sin gluten, la Estrella de Galicia, sin gluten y la Pilsener, Bavaria, Holland, sin gluten.\" \/>\n<meta property=\"og:url\" content=\"https:\/\/www.eldiariodetucuman.com\/web\/prohiben-el-consumo-de-tres-cervezas-europeas\/\" \/>\n<meta property=\"og:site_name\" content=\"El Diario de Tucuman\" \/>\n<meta property=\"article:published_time\" content=\"2019-06-26T12:46:06+00:00\" \/>\n<meta property=\"og:image\" content=\"https:\/\/www.eldiariodetucuman.com\/web\/wp-content\/uploads\/2019\/06\/cervezas.jpg\" \/>\n\t<meta property=\"og:image:width\" content=\"750\" \/>\n\t<meta property=\"og:image:height\" content=\"375\" \/>\n\t<meta property=\"og:image:type\" content=\"image\/jpeg\" \/>\n<meta name=\"author\" content=\"Redactor Uno\" \/>\n<meta name=\"twitter:card\" content=\"summary_large_image\" \/>\n<meta name=\"twitter:label1\" content=\"Escrito por\" \/>\n\t<meta name=\"twitter:data1\" content=\"Redactor Uno\" \/>\n\t<meta name=\"twitter:label2\" content=\"Tiempo de lectura\" \/>\n\t<meta name=\"twitter:data2\" content=\"2 minutos\" \/>\n<script type=\"application\/ld+json\" class=\"yoast-schema-graph\">{\"@context\":\"https:\\\/\\\/schema.org\",\"@graph\":[{\"@type\":\"Article\",\"@id\":\"https:\\\/\\\/www.eldiariodetucuman.com\\\/web\\\/prohiben-el-consumo-de-tres-cervezas-europeas\\\/#article\",\"isPartOf\":{\"@id\":\"https:\\\/\\\/www.eldiariodetucuman.com\\\/web\\\/prohiben-el-consumo-de-tres-cervezas-europeas\\\/\"},\"author\":{\"name\":\"Redactor Uno\",\"@id\":\"https:\\\/\\\/www.eldiariodetucuman.com\\\/web\\\/#\\\/schema\\\/person\\\/7e6644a46e60888f6b868594407e08dd\"},\"headline\":\"Proh\u00edben el consumo de tres cervezas europeas\",\"datePublished\":\"2019-06-26T12:46:06+00:00\",\"mainEntityOfPage\":{\"@id\":\"https:\\\/\\\/www.eldiariodetucuman.com\\\/web\\\/prohiben-el-consumo-de-tres-cervezas-europeas\\\/\"},\"wordCount\":335,\"publisher\":{\"@id\":\"https:\\\/\\\/www.eldiariodetucuman.com\\\/web\\\/#organization\"},\"image\":{\"@id\":\"https:\\\/\\\/www.eldiariodetucuman.com\\\/web\\\/prohiben-el-consumo-de-tres-cervezas-europeas\\\/#primaryimage\"},\"thumbnailUrl\":\"https:\\\/\\\/www.eldiariodetucuman.com\\\/web\\\/wp-content\\\/uploads\\\/2019\\\/06\\\/cervezas.jpg\",\"keywords\":[\"cerveza\",\"Consumo\",\"Tucuman\"],\"articleSection\":[\"Actualidad\"],\"inLanguage\":\"es\"},{\"@type\":\"WebPage\",\"@id\":\"https:\\\/\\\/www.eldiariodetucuman.com\\\/web\\\/prohiben-el-consumo-de-tres-cervezas-europeas\\\/\",\"url\":\"https:\\\/\\\/www.eldiariodetucuman.com\\\/web\\\/prohiben-el-consumo-de-tres-cervezas-europeas\\\/\",\"name\":\"Proh\u00edben el consumo de tres cervezas europeas - El Diario de Tucuman\",\"isPartOf\":{\"@id\":\"https:\\\/\\\/www.eldiariodetucuman.com\\\/web\\\/#website\"},\"primaryImageOfPage\":{\"@id\":\"https:\\\/\\\/www.eldiariodetucuman.com\\\/web\\\/prohiben-el-consumo-de-tres-cervezas-europeas\\\/#primaryimage\"},\"image\":{\"@id\":\"https:\\\/\\\/www.eldiariodetucuman.com\\\/web\\\/prohiben-el-consumo-de-tres-cervezas-europeas\\\/#primaryimage\"},\"thumbnailUrl\":\"https:\\\/\\\/www.eldiariodetucuman.com\\\/web\\\/wp-content\\\/uploads\\\/2019\\\/06\\\/cervezas.jpg\",\"datePublished\":\"2019-06-26T12:46:06+00:00\",\"breadcrumb\":{\"@id\":\"https:\\\/\\\/www.eldiariodetucuman.com\\\/web\\\/prohiben-el-consumo-de-tres-cervezas-europeas\\\/#breadcrumb\"},\"inLanguage\":\"es\",\"potentialAction\":[{\"@type\":\"ReadAction\",\"target\":[\"https:\\\/\\\/www.eldiariodetucuman.com\\\/web\\\/prohiben-el-consumo-de-tres-cervezas-europeas\\\/\"]}]},{\"@type\":\"ImageObject\",\"inLanguage\":\"es\",\"@id\":\"https:\\\/\\\/www.eldiariodetucuman.com\\\/web\\\/prohiben-el-consumo-de-tres-cervezas-europeas\\\/#primaryimage\",\"url\":\"https:\\\/\\\/www.eldiariodetucuman.com\\\/web\\\/wp-content\\\/uploads\\\/2019\\\/06\\\/cervezas.jpg\",\"contentUrl\":\"https:\\\/\\\/www.eldiariodetucuman.com\\\/web\\\/wp-content\\\/uploads\\\/2019\\\/06\\\/cervezas.jpg\",\"width\":750,\"height\":375},{\"@type\":\"BreadcrumbList\",\"@id\":\"https:\\\/\\\/www.eldiariodetucuman.com\\\/web\\\/prohiben-el-consumo-de-tres-cervezas-europeas\\\/#breadcrumb\",\"itemListElement\":[{\"@type\":\"ListItem\",\"position\":1,\"name\":\"Portada\",\"item\":\"https:\\\/\\\/www.eldiariodetucuman.com\\\/web\\\/\"},{\"@type\":\"ListItem\",\"position\":2,\"name\":\"Proh\u00edben el consumo de tres cervezas europeas\"}]},{\"@type\":\"WebSite\",\"@id\":\"https:\\\/\\\/www.eldiariodetucuman.com\\\/web\\\/#website\",\"url\":\"https:\\\/\\\/www.eldiariodetucuman.com\\\/web\\\/\",\"name\":\"El Diario de Tucuman\",\"description\":\"Diario Tucuman - Informaci\u00f3n y noticias\",\"publisher\":{\"@id\":\"https:\\\/\\\/www.eldiariodetucuman.com\\\/web\\\/#organization\"},\"potentialAction\":[{\"@type\":\"SearchAction\",\"target\":{\"@type\":\"EntryPoint\",\"urlTemplate\":\"https:\\\/\\\/www.eldiariodetucuman.com\\\/web\\\/?s={search_term_string}\"},\"query-input\":{\"@type\":\"PropertyValueSpecification\",\"valueRequired\":true,\"valueName\":\"search_term_string\"}}],\"inLanguage\":\"es\"},{\"@type\":\"Organization\",\"@id\":\"https:\\\/\\\/www.eldiariodetucuman.com\\\/web\\\/#organization\",\"name\":\"El Diario de Tucuman\",\"url\":\"https:\\\/\\\/www.eldiariodetucuman.com\\\/web\\\/\",\"logo\":{\"@type\":\"ImageObject\",\"inLanguage\":\"es\",\"@id\":\"https:\\\/\\\/www.eldiariodetucuman.com\\\/web\\\/#\\\/schema\\\/logo\\\/image\\\/\",\"url\":\"http:\\\/\\\/www.eldiariodetucuman.com\\\/web\\\/wp-content\\\/uploads\\\/2017\\\/12\\\/el-diario-de-tucuman.jpg\",\"contentUrl\":\"http:\\\/\\\/www.eldiariodetucuman.com\\\/web\\\/wp-content\\\/uploads\\\/2017\\\/12\\\/el-diario-de-tucuman.jpg\",\"width\":272,\"height\":92,\"caption\":\"El Diario de Tucuman\"},\"image\":{\"@id\":\"https:\\\/\\\/www.eldiariodetucuman.com\\\/web\\\/#\\\/schema\\\/logo\\\/image\\\/\"}},{\"@type\":\"Person\",\"@id\":\"https:\\\/\\\/www.eldiariodetucuman.com\\\/web\\\/#\\\/schema\\\/person\\\/7e6644a46e60888f6b868594407e08dd\",\"name\":\"Redactor Uno\",\"image\":{\"@type\":\"ImageObject\",\"inLanguage\":\"es\",\"@id\":\"https:\\\/\\\/secure.gravatar.com\\\/avatar\\\/0049b1bdf1bd548385c9ea6b9356431717930913089febd2ba904f0187d7d074?s=96&d=mm&r=g\",\"url\":\"https:\\\/\\\/secure.gravatar.com\\\/avatar\\\/0049b1bdf1bd548385c9ea6b9356431717930913089febd2ba904f0187d7d074?s=96&d=mm&r=g\",\"contentUrl\":\"https:\\\/\\\/secure.gravatar.com\\\/avatar\\\/0049b1bdf1bd548385c9ea6b9356431717930913089febd2ba904f0187d7d074?s=96&d=mm&r=g\",\"caption\":\"Redactor Uno\"},\"url\":\"https:\\\/\\\/www.eldiariodetucuman.com\\\/web\\\/author\\\/mramasco\\\/\"}]}<\/script>\n<!-- \/ Yoast SEO plugin. -->","yoast_head_json":{"title":"Proh\u00edben el consumo de tres cervezas europeas - El Diario de Tucuman","robots":{"index":"index","follow":"follow","max-snippet":"max-snippet:-1","max-image-preview":"max-image-preview:large","max-video-preview":"max-video-preview:-1"},"canonical":"https:\/\/www.eldiariodetucuman.com\/web\/prohiben-el-consumo-de-tres-cervezas-europeas\/","og_locale":"es_ES","og_type":"article","og_title":"Proh\u00edben el consumo de tres cervezas europeas - El Diario de Tucuman","og_description":"Son la Daura Damm 1876, Lager Beer, sin gluten, la Estrella de Galicia, sin gluten y la Pilsener, Bavaria, Holland, sin gluten.","og_url":"https:\/\/www.eldiariodetucuman.com\/web\/prohiben-el-consumo-de-tres-cervezas-europeas\/","og_site_name":"El Diario de Tucuman","article_published_time":"2019-06-26T12:46:06+00:00","og_image":[{"width":750,"height":375,"url":"https:\/\/www.eldiariodetucuman.com\/web\/wp-content\/uploads\/2019\/06\/cervezas.jpg","type":"image\/jpeg"}],"author":"Redactor Uno","twitter_card":"summary_large_image","twitter_misc":{"Escrito por":"Redactor Uno","Tiempo de lectura":"2 minutos"},"schema":{"@context":"https:\/\/schema.org","@graph":[{"@type":"Article","@id":"https:\/\/www.eldiariodetucuman.com\/web\/prohiben-el-consumo-de-tres-cervezas-europeas\/#article","isPartOf":{"@id":"https:\/\/www.eldiariodetucuman.com\/web\/prohiben-el-consumo-de-tres-cervezas-europeas\/"},"author":{"name":"Redactor Uno","@id":"https:\/\/www.eldiariodetucuman.com\/web\/#\/schema\/person\/7e6644a46e60888f6b868594407e08dd"},"headline":"Proh\u00edben el consumo de tres cervezas europeas","datePublished":"2019-06-26T12:46:06+00:00","mainEntityOfPage":{"@id":"https:\/\/www.eldiariodetucuman.com\/web\/prohiben-el-consumo-de-tres-cervezas-europeas\/"},"wordCount":335,"publisher":{"@id":"https:\/\/www.eldiariodetucuman.com\/web\/#organization"},"image":{"@id":"https:\/\/www.eldiariodetucuman.com\/web\/prohiben-el-consumo-de-tres-cervezas-europeas\/#primaryimage"},"thumbnailUrl":"https:\/\/www.eldiariodetucuman.com\/web\/wp-content\/uploads\/2019\/06\/cervezas.jpg","keywords":["cerveza","Consumo","Tucuman"],"articleSection":["Actualidad"],"inLanguage":"es"},{"@type":"WebPage","@id":"https:\/\/www.eldiariodetucuman.com\/web\/prohiben-el-consumo-de-tres-cervezas-europeas\/","url":"https:\/\/www.eldiariodetucuman.com\/web\/prohiben-el-consumo-de-tres-cervezas-europeas\/","name":"Proh\u00edben el consumo de tres cervezas europeas - El Diario de Tucuman","isPartOf":{"@id":"https:\/\/www.eldiariodetucuman.com\/web\/#website"},"primaryImageOfPage":{"@id":"https:\/\/www.eldiariodetucuman.com\/web\/prohiben-el-consumo-de-tres-cervezas-europeas\/#primaryimage"},"image":{"@id":"https:\/\/www.eldiariodetucuman.com\/web\/prohiben-el-consumo-de-tres-cervezas-europeas\/#primaryimage"},"thumbnailUrl":"https:\/\/www.eldiariodetucuman.com\/web\/wp-content\/uploads\/2019\/06\/cervezas.jpg","datePublished":"2019-06-26T12:46:06+00:00","breadcrumb":{"@id":"https:\/\/www.eldiariodetucuman.com\/web\/prohiben-el-consumo-de-tres-cervezas-europeas\/#breadcrumb"},"inLanguage":"es","potentialAction":[{"@type":"ReadAction","target":["https:\/\/www.eldiariodetucuman.com\/web\/prohiben-el-consumo-de-tres-cervezas-europeas\/"]}]},{"@type":"ImageObject","inLanguage":"es","@id":"https:\/\/www.eldiariodetucuman.com\/web\/prohiben-el-consumo-de-tres-cervezas-europeas\/#primaryimage","url":"https:\/\/www.eldiariodetucuman.com\/web\/wp-content\/uploads\/2019\/06\/cervezas.jpg","contentUrl":"https:\/\/www.eldiariodetucuman.com\/web\/wp-content\/uploads\/2019\/06\/cervezas.jpg","width":750,"height":375},{"@type":"BreadcrumbList","@id":"https:\/\/www.eldiariodetucuman.com\/web\/prohiben-el-consumo-de-tres-cervezas-europeas\/#breadcrumb","itemListElement":[{"@type":"ListItem","position":1,"name":"Portada","item":"https:\/\/www.eldiariodetucuman.com\/web\/"},{"@type":"ListItem","position":2,"name":"Proh\u00edben el consumo de tres cervezas europeas"}]},{"@type":"WebSite","@id":"https:\/\/www.eldiariodetucuman.com\/web\/#website","url":"https:\/\/www.eldiariodetucuman.com\/web\/","name":"El Diario de Tucuman","description":"Diario Tucuman - Informaci\u00f3n y noticias","publisher":{"@id":"https:\/\/www.eldiariodetucuman.com\/web\/#organization"},"potentialAction":[{"@type":"SearchAction","target":{"@type":"EntryPoint","urlTemplate":"https:\/\/www.eldiariodetucuman.com\/web\/?s={search_term_string}"},"query-input":{"@type":"PropertyValueSpecification","valueRequired":true,"valueName":"search_term_string"}}],"inLanguage":"es"},{"@type":"Organization","@id":"https:\/\/www.eldiariodetucuman.com\/web\/#organization","name":"El Diario de Tucuman","url":"https:\/\/www.eldiariodetucuman.com\/web\/","logo":{"@type":"ImageObject","inLanguage":"es","@id":"https:\/\/www.eldiariodetucuman.com\/web\/#\/schema\/logo\/image\/","url":"http:\/\/www.eldiariodetucuman.com\/web\/wp-content\/uploads\/2017\/12\/el-diario-de-tucuman.jpg","contentUrl":"http:\/\/www.eldiariodetucuman.com\/web\/wp-content\/uploads\/2017\/12\/el-diario-de-tucuman.jpg","width":272,"height":92,"caption":"El Diario de Tucuman"},"image":{"@id":"https:\/\/www.eldiariodetucuman.com\/web\/#\/schema\/logo\/image\/"}},{"@type":"Person","@id":"https:\/\/www.eldiariodetucuman.com\/web\/#\/schema\/person\/7e6644a46e60888f6b868594407e08dd","name":"Redactor Uno","image":{"@type":"ImageObject","inLanguage":"es","@id":"https:\/\/secure.gravatar.com\/avatar\/0049b1bdf1bd548385c9ea6b9356431717930913089febd2ba904f0187d7d074?s=96&d=mm&r=g","url":"https:\/\/secure.gravatar.com\/avatar\/0049b1bdf1bd548385c9ea6b9356431717930913089febd2ba904f0187d7d074?s=96&d=mm&r=g","contentUrl":"https:\/\/secure.gravatar.com\/avatar\/0049b1bdf1bd548385c9ea6b9356431717930913089febd2ba904f0187d7d074?s=96&d=mm&r=g","caption":"Redactor Uno"},"url":"https:\/\/www.eldiariodetucuman.com\/web\/author\/mramasco\/"}]}},"_links":{"self":[{"href":"https:\/\/www.eldiariodetucuman.com\/web\/wp-json\/wp\/v2\/posts\/23799","targetHints":{"allow":["GET"]}}],"collection":[{"href":"https:\/\/www.eldiariodetucuman.com\/web\/wp-json\/wp\/v2\/posts"}],"about":[{"href":"https:\/\/www.eldiariodetucuman.com\/web\/wp-json\/wp\/v2\/types\/post"}],"author":[{"embeddable":true,"href":"https:\/\/www.eldiariodetucuman.com\/web\/wp-json\/wp\/v2\/users\/5"}],"replies":[{"embeddable":true,"href":"https:\/\/www.eldiariodetucuman.com\/web\/wp-json\/wp\/v2\/comments?post=23799"}],"version-history":[{"count":2,"href":"https:\/\/www.eldiariodetucuman.com\/web\/wp-json\/wp\/v2\/posts\/23799\/revisions"}],"predecessor-version":[{"id":23802,"href":"https:\/\/www.eldiariodetucuman.com\/web\/wp-json\/wp\/v2\/posts\/23799\/revisions\/23802"}],"wp:featuredmedia":[{"embeddable":true,"href":"https:\/\/www.eldiariodetucuman.com\/web\/wp-json\/wp\/v2\/media\/23800"}],"wp:attachment":[{"href":"https:\/\/www.eldiariodetucuman.com\/web\/wp-json\/wp\/v2\/media?parent=23799"}],"wp:term":[{"taxonomy":"category","embeddable":true,"href":"https:\/\/www.eldiariodetucuman.com\/web\/wp-json\/wp\/v2\/categories?post=23799"},{"taxonomy":"post_tag","embeddable":true,"href":"https:\/\/www.eldiariodetucuman.com\/web\/wp-json\/wp\/v2\/tags?post=23799"}],"curies":[{"name":"wp","href":"https:\/\/api.w.org\/{rel}","templated":true}]}}