{"id":2379,"date":"2017-01-19T21:14:13","date_gmt":"2017-01-19T21:14:13","guid":{"rendered":"http:\/\/www.eldiariodetucuman.com\/web\/?p=2379"},"modified":"2017-01-19T21:14:13","modified_gmt":"2017-01-19T21:14:13","slug":"el-diario-de-tucuman-el-gobierno-provincial-traslada-a-la-tucumana-accidentada-en-chile","status":"publish","type":"post","link":"https:\/\/www.eldiariodetucuman.com\/web\/el-diario-de-tucuman-el-gobierno-provincial-traslada-a-la-tucumana-accidentada-en-chile\/","title":{"rendered":"El Diario de Tucuman | El Gobierno provincial traslada a la tucumana accidentada en Chile"},"content":{"rendered":"<p>Josefina Buonocore Biancheri llegar\u00e1 en las pr\u00f3ximas horas a la provincia en un vuelo privado que costear\u00e1 el Gobierno; ser\u00e1 internada en el hospital Padilla, donde los equipos m\u00e9dicos la esperan para tratarla.<\/p>\n<p>La confirmaci\u00f3n fue realizada por <b>Gustavo Vigliocco<\/b>, secretario Ejecutivo M\u00e9dico de la repartici\u00f3n, en declaraciones radiales a <b>LV 12<\/b>. El funcionario estuvo en contacto con la familia de la lesionada desde ayer.<\/p>\n<p>La joven de 33 a\u00f1os sufri\u00f3 un violento accidente el pasado s\u00e1bado, cuando volv\u00eda de sus vacaciones. Fue trasladada al Hospital Regional de Antofagasta con fractura de columna, tibia y peron\u00e9. Se encuentra inmovilizada y se le administra morfina para el dolor. Sin embargo, la cobertura de su obra social le impide realizarse estudios de alta complejidad o someterse a una cirug\u00eda.<\/p>\n<p>A su llegada a la provincia, Buonocore <b>ser\u00e1 internada en el Hospital Padilla e intervenida por un equipo de m\u00e9dicos especializados<\/b>.<\/p>\n<p>Por estas horas <b>se est\u00e1 analizando el destino del avi\u00f3n privado<\/b>, si viajar\u00e1 hasta una ciudad pesquera cercana a Antofagasta, que posee aeropuerto internacional, o hasta Iquique. Todo depende de lo que se dispongan las autoridades m\u00e9dicas del vecino pa\u00eds. Cabe aclarar que se trata de un caso excepcional, ya que el avi\u00f3n sanitario s\u00f3lo puede ser utilizado dentro de los l\u00edmites de Argentina.<\/p>\n<p><b>\u00bfPor qu\u00e9 no el avi\u00f3n sanitario?<\/b><\/p>\n<p>El director provincial de Aeron\u00e1utica, <b>Antonio Rosa<\/b>, explic\u00f3 mediante un comunicado por qu\u00e9 no se puede hacer uso del avi\u00f3n sanitario en este caso:<\/p>\n<p><i>A los Servicios de Transporte A\u00e9reo Sanitario (STAS) que se realizan con aeronave de 30 pasajeros o menos o una carga paga de 3400 kilogramos o menos se aplica la legislaci\u00f3n de explotaci\u00f3n de Transporte A\u00e9reo No Regular. Todos estos vuelos requieren autorizaci\u00f3n de la Administraci\u00f3n Nacional de Aviaci\u00f3n Civil (ANAC); seg\u00fan esta normativa, la Direcci\u00f3n Provincial de Aeron\u00e1utica, clasificada como Aviaci\u00f3n General, no realiza traslados sanitarios, sino solamente evacuaci\u00f3n sanitaria (o sea traslado de pacientes hacia centros de mayor complejidad), ya que estos casos est\u00e1n enmarcados como emergencia y encuadrados en el C\u00f3digo Aeron\u00e1utico. Realizar una tarea a\u00e9rea no autorizada implicar\u00eda responsabilidades jur\u00eddicas y econ\u00f3micas para la Provincia.<\/i><\/p>\n","protected":false},"excerpt":{"rendered":"<p>Josefina Buonocore Biancheri llegar\u00e1 en las pr\u00f3ximas horas a la provincia en un vuelo privado que costear\u00e1 el Gobierno; ser\u00e1 internada en el hospital Padilla, donde los equipos m\u00e9dicos la esperan para tratarla. La confirmaci\u00f3n fue realizada por Gustavo Vigliocco, secretario Ejecutivo M\u00e9dico de la repartici\u00f3n, en declaraciones radiales a LV 12. El funcionario estuvo [&hellip;]<\/p>\n","protected":false},"author":3,"featured_media":2380,"comment_status":"closed","ping_status":"open","sticky":false,"template":"","format":"standard","meta":{"footnotes":""},"categories":[2],"tags":[669],"class_list":{"0":"post-2379","1":"post","2":"type-post","3":"status-publish","4":"format-standard","5":"has-post-thumbnail","7":"category-actualidad","8":"tag-josefina-buonocore-biancheri"},"yoast_head":"<!-- This site is optimized with the Yoast SEO plugin v27.4 - https:\/\/yoast.com\/product\/yoast-seo-wordpress\/ -->\n<title>El Diario de Tucuman | El Gobierno provincial traslada a la tucumana accidentada en Chile - El Diario de Tucuman<\/title>\n<meta name=\"robots\" content=\"index, follow, max-snippet:-1, max-image-preview:large, max-video-preview:-1\" \/>\n<link rel=\"canonical\" href=\"https:\/\/www.eldiariodetucuman.com\/web\/el-diario-de-tucuman-el-gobierno-provincial-traslada-a-la-tucumana-accidentada-en-chile\/\" \/>\n<meta property=\"og:locale\" content=\"es_ES\" \/>\n<meta property=\"og:type\" content=\"article\" \/>\n<meta property=\"og:title\" content=\"El Diario de Tucuman | El Gobierno provincial traslada a la tucumana accidentada en Chile - El Diario de Tucuman\" \/>\n<meta property=\"og:description\" content=\"Josefina Buonocore Biancheri llegar\u00e1 en las pr\u00f3ximas horas a la provincia en un vuelo privado que costear\u00e1 el Gobierno; ser\u00e1 internada en el hospital Padilla, donde los equipos m\u00e9dicos la esperan para tratarla. La confirmaci\u00f3n fue realizada por Gustavo Vigliocco, secretario Ejecutivo M\u00e9dico de la repartici\u00f3n, en declaraciones radiales a LV 12. El funcionario estuvo [&hellip;]\" \/>\n<meta property=\"og:url\" content=\"https:\/\/www.eldiariodetucuman.com\/web\/el-diario-de-tucuman-el-gobierno-provincial-traslada-a-la-tucumana-accidentada-en-chile\/\" \/>\n<meta property=\"og:site_name\" content=\"El Diario de Tucuman\" \/>\n<meta property=\"article:published_time\" content=\"2017-01-19T21:14:13+00:00\" \/>\n<meta property=\"og:image\" content=\"https:\/\/www.eldiariodetucuman.com\/web\/wp-content\/uploads\/2017\/01\/el-diario-de-tucuman.jpg\" \/>\n\t<meta property=\"og:image:width\" content=\"400\" \/>\n\t<meta property=\"og:image:height\" content=\"224\" \/>\n\t<meta property=\"og:image:type\" content=\"image\/jpeg\" \/>\n<meta name=\"author\" content=\"El diario de Tucuman\" \/>\n<meta name=\"twitter:card\" content=\"summary_large_image\" \/>\n<meta name=\"twitter:label1\" content=\"Escrito por\" \/>\n\t<meta name=\"twitter:data1\" content=\"El diario de Tucuman\" \/>\n\t<meta name=\"twitter:label2\" content=\"Tiempo de lectura\" \/>\n\t<meta name=\"twitter:data2\" content=\"2 minutos\" \/>\n<script type=\"application\/ld+json\" class=\"yoast-schema-graph\">{\"@context\":\"https:\\\/\\\/schema.org\",\"@graph\":[{\"@type\":\"Article\",\"@id\":\"https:\\\/\\\/www.eldiariodetucuman.com\\\/web\\\/el-diario-de-tucuman-el-gobierno-provincial-traslada-a-la-tucumana-accidentada-en-chile\\\/#article\",\"isPartOf\":{\"@id\":\"https:\\\/\\\/www.eldiariodetucuman.com\\\/web\\\/el-diario-de-tucuman-el-gobierno-provincial-traslada-a-la-tucumana-accidentada-en-chile\\\/\"},\"author\":{\"name\":\"El diario de Tucuman\",\"@id\":\"https:\\\/\\\/www.eldiariodetucuman.com\\\/web\\\/#\\\/schema\\\/person\\\/3adbe300ecd6242af93c97dab1dc3ba1\"},\"headline\":\"El Diario de Tucuman | El Gobierno provincial traslada a la tucumana accidentada en Chile\",\"datePublished\":\"2017-01-19T21:14:13+00:00\",\"mainEntityOfPage\":{\"@id\":\"https:\\\/\\\/www.eldiariodetucuman.com\\\/web\\\/el-diario-de-tucuman-el-gobierno-provincial-traslada-a-la-tucumana-accidentada-en-chile\\\/\"},\"wordCount\":399,\"publisher\":{\"@id\":\"https:\\\/\\\/www.eldiariodetucuman.com\\\/web\\\/#organization\"},\"image\":{\"@id\":\"https:\\\/\\\/www.eldiariodetucuman.com\\\/web\\\/el-diario-de-tucuman-el-gobierno-provincial-traslada-a-la-tucumana-accidentada-en-chile\\\/#primaryimage\"},\"thumbnailUrl\":\"https:\\\/\\\/www.eldiariodetucuman.com\\\/web\\\/wp-content\\\/uploads\\\/2017\\\/01\\\/el-diario-de-tucuman.jpg\",\"keywords\":[\"Josefina Buonocore Biancheri\"],\"articleSection\":[\"Actualidad\"],\"inLanguage\":\"es\"},{\"@type\":\"WebPage\",\"@id\":\"https:\\\/\\\/www.eldiariodetucuman.com\\\/web\\\/el-diario-de-tucuman-el-gobierno-provincial-traslada-a-la-tucumana-accidentada-en-chile\\\/\",\"url\":\"https:\\\/\\\/www.eldiariodetucuman.com\\\/web\\\/el-diario-de-tucuman-el-gobierno-provincial-traslada-a-la-tucumana-accidentada-en-chile\\\/\",\"name\":\"El Diario de Tucuman | El Gobierno provincial traslada a la tucumana accidentada en Chile - El Diario de Tucuman\",\"isPartOf\":{\"@id\":\"https:\\\/\\\/www.eldiariodetucuman.com\\\/web\\\/#website\"},\"primaryImageOfPage\":{\"@id\":\"https:\\\/\\\/www.eldiariodetucuman.com\\\/web\\\/el-diario-de-tucuman-el-gobierno-provincial-traslada-a-la-tucumana-accidentada-en-chile\\\/#primaryimage\"},\"image\":{\"@id\":\"https:\\\/\\\/www.eldiariodetucuman.com\\\/web\\\/el-diario-de-tucuman-el-gobierno-provincial-traslada-a-la-tucumana-accidentada-en-chile\\\/#primaryimage\"},\"thumbnailUrl\":\"https:\\\/\\\/www.eldiariodetucuman.com\\\/web\\\/wp-content\\\/uploads\\\/2017\\\/01\\\/el-diario-de-tucuman.jpg\",\"datePublished\":\"2017-01-19T21:14:13+00:00\",\"breadcrumb\":{\"@id\":\"https:\\\/\\\/www.eldiariodetucuman.com\\\/web\\\/el-diario-de-tucuman-el-gobierno-provincial-traslada-a-la-tucumana-accidentada-en-chile\\\/#breadcrumb\"},\"inLanguage\":\"es\",\"potentialAction\":[{\"@type\":\"ReadAction\",\"target\":[\"https:\\\/\\\/www.eldiariodetucuman.com\\\/web\\\/el-diario-de-tucuman-el-gobierno-provincial-traslada-a-la-tucumana-accidentada-en-chile\\\/\"]}]},{\"@type\":\"ImageObject\",\"inLanguage\":\"es\",\"@id\":\"https:\\\/\\\/www.eldiariodetucuman.com\\\/web\\\/el-diario-de-tucuman-el-gobierno-provincial-traslada-a-la-tucumana-accidentada-en-chile\\\/#primaryimage\",\"url\":\"https:\\\/\\\/www.eldiariodetucuman.com\\\/web\\\/wp-content\\\/uploads\\\/2017\\\/01\\\/el-diario-de-tucuman.jpg\",\"contentUrl\":\"https:\\\/\\\/www.eldiariodetucuman.com\\\/web\\\/wp-content\\\/uploads\\\/2017\\\/01\\\/el-diario-de-tucuman.jpg\",\"width\":400,\"height\":224},{\"@type\":\"BreadcrumbList\",\"@id\":\"https:\\\/\\\/www.eldiariodetucuman.com\\\/web\\\/el-diario-de-tucuman-el-gobierno-provincial-traslada-a-la-tucumana-accidentada-en-chile\\\/#breadcrumb\",\"itemListElement\":[{\"@type\":\"ListItem\",\"position\":1,\"name\":\"Portada\",\"item\":\"https:\\\/\\\/www.eldiariodetucuman.com\\\/web\\\/\"},{\"@type\":\"ListItem\",\"position\":2,\"name\":\"El Diario de Tucuman | El Gobierno provincial traslada a la tucumana accidentada en Chile\"}]},{\"@type\":\"WebSite\",\"@id\":\"https:\\\/\\\/www.eldiariodetucuman.com\\\/web\\\/#website\",\"url\":\"https:\\\/\\\/www.eldiariodetucuman.com\\\/web\\\/\",\"name\":\"El Diario de Tucuman\",\"description\":\"Diario Tucuman - Informaci\u00f3n y noticias\",\"publisher\":{\"@id\":\"https:\\\/\\\/www.eldiariodetucuman.com\\\/web\\\/#organization\"},\"potentialAction\":[{\"@type\":\"SearchAction\",\"target\":{\"@type\":\"EntryPoint\",\"urlTemplate\":\"https:\\\/\\\/www.eldiariodetucuman.com\\\/web\\\/?s={search_term_string}\"},\"query-input\":{\"@type\":\"PropertyValueSpecification\",\"valueRequired\":true,\"valueName\":\"search_term_string\"}}],\"inLanguage\":\"es\"},{\"@type\":\"Organization\",\"@id\":\"https:\\\/\\\/www.eldiariodetucuman.com\\\/web\\\/#organization\",\"name\":\"El Diario de Tucuman\",\"url\":\"https:\\\/\\\/www.eldiariodetucuman.com\\\/web\\\/\",\"logo\":{\"@type\":\"ImageObject\",\"inLanguage\":\"es\",\"@id\":\"https:\\\/\\\/www.eldiariodetucuman.com\\\/web\\\/#\\\/schema\\\/logo\\\/image\\\/\",\"url\":\"http:\\\/\\\/www.eldiariodetucuman.com\\\/web\\\/wp-content\\\/uploads\\\/2017\\\/12\\\/el-diario-de-tucuman.jpg\",\"contentUrl\":\"http:\\\/\\\/www.eldiariodetucuman.com\\\/web\\\/wp-content\\\/uploads\\\/2017\\\/12\\\/el-diario-de-tucuman.jpg\",\"width\":272,\"height\":92,\"caption\":\"El Diario de Tucuman\"},\"image\":{\"@id\":\"https:\\\/\\\/www.eldiariodetucuman.com\\\/web\\\/#\\\/schema\\\/logo\\\/image\\\/\"}},{\"@type\":\"Person\",\"@id\":\"https:\\\/\\\/www.eldiariodetucuman.com\\\/web\\\/#\\\/schema\\\/person\\\/3adbe300ecd6242af93c97dab1dc3ba1\",\"name\":\"El diario de Tucuman\",\"image\":{\"@type\":\"ImageObject\",\"inLanguage\":\"es\",\"@id\":\"https:\\\/\\\/secure.gravatar.com\\\/avatar\\\/b7214de193b24d0bd708ac5516aa13d0f20c6560795bfbee06857d5c8ac2f0b2?s=96&d=mm&r=g\",\"url\":\"https:\\\/\\\/secure.gravatar.com\\\/avatar\\\/b7214de193b24d0bd708ac5516aa13d0f20c6560795bfbee06857d5c8ac2f0b2?s=96&d=mm&r=g\",\"contentUrl\":\"https:\\\/\\\/secure.gravatar.com\\\/avatar\\\/b7214de193b24d0bd708ac5516aa13d0f20c6560795bfbee06857d5c8ac2f0b2?s=96&d=mm&r=g\",\"caption\":\"El diario de Tucuman\"},\"url\":\"https:\\\/\\\/www.eldiariodetucuman.com\\\/web\\\/author\\\/mgiobellina\\\/\"}]}<\/script>\n<!-- \/ Yoast SEO plugin. -->","yoast_head_json":{"title":"El Diario de Tucuman | El Gobierno provincial traslada a la tucumana accidentada en Chile - El Diario de Tucuman","robots":{"index":"index","follow":"follow","max-snippet":"max-snippet:-1","max-image-preview":"max-image-preview:large","max-video-preview":"max-video-preview:-1"},"canonical":"https:\/\/www.eldiariodetucuman.com\/web\/el-diario-de-tucuman-el-gobierno-provincial-traslada-a-la-tucumana-accidentada-en-chile\/","og_locale":"es_ES","og_type":"article","og_title":"El Diario de Tucuman | El Gobierno provincial traslada a la tucumana accidentada en Chile - El Diario de Tucuman","og_description":"Josefina Buonocore Biancheri llegar\u00e1 en las pr\u00f3ximas horas a la provincia en un vuelo privado que costear\u00e1 el Gobierno; ser\u00e1 internada en el hospital Padilla, donde los equipos m\u00e9dicos la esperan para tratarla. La confirmaci\u00f3n fue realizada por Gustavo Vigliocco, secretario Ejecutivo M\u00e9dico de la repartici\u00f3n, en declaraciones radiales a LV 12. El funcionario estuvo [&hellip;]","og_url":"https:\/\/www.eldiariodetucuman.com\/web\/el-diario-de-tucuman-el-gobierno-provincial-traslada-a-la-tucumana-accidentada-en-chile\/","og_site_name":"El Diario de Tucuman","article_published_time":"2017-01-19T21:14:13+00:00","og_image":[{"width":400,"height":224,"url":"https:\/\/www.eldiariodetucuman.com\/web\/wp-content\/uploads\/2017\/01\/el-diario-de-tucuman.jpg","type":"image\/jpeg"}],"author":"El diario de Tucuman","twitter_card":"summary_large_image","twitter_misc":{"Escrito por":"El diario de Tucuman","Tiempo de lectura":"2 minutos"},"schema":{"@context":"https:\/\/schema.org","@graph":[{"@type":"Article","@id":"https:\/\/www.eldiariodetucuman.com\/web\/el-diario-de-tucuman-el-gobierno-provincial-traslada-a-la-tucumana-accidentada-en-chile\/#article","isPartOf":{"@id":"https:\/\/www.eldiariodetucuman.com\/web\/el-diario-de-tucuman-el-gobierno-provincial-traslada-a-la-tucumana-accidentada-en-chile\/"},"author":{"name":"El diario de Tucuman","@id":"https:\/\/www.eldiariodetucuman.com\/web\/#\/schema\/person\/3adbe300ecd6242af93c97dab1dc3ba1"},"headline":"El Diario de Tucuman | El Gobierno provincial traslada a la tucumana accidentada en Chile","datePublished":"2017-01-19T21:14:13+00:00","mainEntityOfPage":{"@id":"https:\/\/www.eldiariodetucuman.com\/web\/el-diario-de-tucuman-el-gobierno-provincial-traslada-a-la-tucumana-accidentada-en-chile\/"},"wordCount":399,"publisher":{"@id":"https:\/\/www.eldiariodetucuman.com\/web\/#organization"},"image":{"@id":"https:\/\/www.eldiariodetucuman.com\/web\/el-diario-de-tucuman-el-gobierno-provincial-traslada-a-la-tucumana-accidentada-en-chile\/#primaryimage"},"thumbnailUrl":"https:\/\/www.eldiariodetucuman.com\/web\/wp-content\/uploads\/2017\/01\/el-diario-de-tucuman.jpg","keywords":["Josefina Buonocore Biancheri"],"articleSection":["Actualidad"],"inLanguage":"es"},{"@type":"WebPage","@id":"https:\/\/www.eldiariodetucuman.com\/web\/el-diario-de-tucuman-el-gobierno-provincial-traslada-a-la-tucumana-accidentada-en-chile\/","url":"https:\/\/www.eldiariodetucuman.com\/web\/el-diario-de-tucuman-el-gobierno-provincial-traslada-a-la-tucumana-accidentada-en-chile\/","name":"El Diario de Tucuman | El Gobierno provincial traslada a la tucumana accidentada en Chile - El Diario de Tucuman","isPartOf":{"@id":"https:\/\/www.eldiariodetucuman.com\/web\/#website"},"primaryImageOfPage":{"@id":"https:\/\/www.eldiariodetucuman.com\/web\/el-diario-de-tucuman-el-gobierno-provincial-traslada-a-la-tucumana-accidentada-en-chile\/#primaryimage"},"image":{"@id":"https:\/\/www.eldiariodetucuman.com\/web\/el-diario-de-tucuman-el-gobierno-provincial-traslada-a-la-tucumana-accidentada-en-chile\/#primaryimage"},"thumbnailUrl":"https:\/\/www.eldiariodetucuman.com\/web\/wp-content\/uploads\/2017\/01\/el-diario-de-tucuman.jpg","datePublished":"2017-01-19T21:14:13+00:00","breadcrumb":{"@id":"https:\/\/www.eldiariodetucuman.com\/web\/el-diario-de-tucuman-el-gobierno-provincial-traslada-a-la-tucumana-accidentada-en-chile\/#breadcrumb"},"inLanguage":"es","potentialAction":[{"@type":"ReadAction","target":["https:\/\/www.eldiariodetucuman.com\/web\/el-diario-de-tucuman-el-gobierno-provincial-traslada-a-la-tucumana-accidentada-en-chile\/"]}]},{"@type":"ImageObject","inLanguage":"es","@id":"https:\/\/www.eldiariodetucuman.com\/web\/el-diario-de-tucuman-el-gobierno-provincial-traslada-a-la-tucumana-accidentada-en-chile\/#primaryimage","url":"https:\/\/www.eldiariodetucuman.com\/web\/wp-content\/uploads\/2017\/01\/el-diario-de-tucuman.jpg","contentUrl":"https:\/\/www.eldiariodetucuman.com\/web\/wp-content\/uploads\/2017\/01\/el-diario-de-tucuman.jpg","width":400,"height":224},{"@type":"BreadcrumbList","@id":"https:\/\/www.eldiariodetucuman.com\/web\/el-diario-de-tucuman-el-gobierno-provincial-traslada-a-la-tucumana-accidentada-en-chile\/#breadcrumb","itemListElement":[{"@type":"ListItem","position":1,"name":"Portada","item":"https:\/\/www.eldiariodetucuman.com\/web\/"},{"@type":"ListItem","position":2,"name":"El Diario de Tucuman | El Gobierno provincial traslada a la tucumana accidentada en Chile"}]},{"@type":"WebSite","@id":"https:\/\/www.eldiariodetucuman.com\/web\/#website","url":"https:\/\/www.eldiariodetucuman.com\/web\/","name":"El Diario de Tucuman","description":"Diario Tucuman - Informaci\u00f3n y noticias","publisher":{"@id":"https:\/\/www.eldiariodetucuman.com\/web\/#organization"},"potentialAction":[{"@type":"SearchAction","target":{"@type":"EntryPoint","urlTemplate":"https:\/\/www.eldiariodetucuman.com\/web\/?s={search_term_string}"},"query-input":{"@type":"PropertyValueSpecification","valueRequired":true,"valueName":"search_term_string"}}],"inLanguage":"es"},{"@type":"Organization","@id":"https:\/\/www.eldiariodetucuman.com\/web\/#organization","name":"El Diario de Tucuman","url":"https:\/\/www.eldiariodetucuman.com\/web\/","logo":{"@type":"ImageObject","inLanguage":"es","@id":"https:\/\/www.eldiariodetucuman.com\/web\/#\/schema\/logo\/image\/","url":"http:\/\/www.eldiariodetucuman.com\/web\/wp-content\/uploads\/2017\/12\/el-diario-de-tucuman.jpg","contentUrl":"http:\/\/www.eldiariodetucuman.com\/web\/wp-content\/uploads\/2017\/12\/el-diario-de-tucuman.jpg","width":272,"height":92,"caption":"El Diario de Tucuman"},"image":{"@id":"https:\/\/www.eldiariodetucuman.com\/web\/#\/schema\/logo\/image\/"}},{"@type":"Person","@id":"https:\/\/www.eldiariodetucuman.com\/web\/#\/schema\/person\/3adbe300ecd6242af93c97dab1dc3ba1","name":"El diario de Tucuman","image":{"@type":"ImageObject","inLanguage":"es","@id":"https:\/\/secure.gravatar.com\/avatar\/b7214de193b24d0bd708ac5516aa13d0f20c6560795bfbee06857d5c8ac2f0b2?s=96&d=mm&r=g","url":"https:\/\/secure.gravatar.com\/avatar\/b7214de193b24d0bd708ac5516aa13d0f20c6560795bfbee06857d5c8ac2f0b2?s=96&d=mm&r=g","contentUrl":"https:\/\/secure.gravatar.com\/avatar\/b7214de193b24d0bd708ac5516aa13d0f20c6560795bfbee06857d5c8ac2f0b2?s=96&d=mm&r=g","caption":"El diario de Tucuman"},"url":"https:\/\/www.eldiariodetucuman.com\/web\/author\/mgiobellina\/"}]}},"_links":{"self":[{"href":"https:\/\/www.eldiariodetucuman.com\/web\/wp-json\/wp\/v2\/posts\/2379","targetHints":{"allow":["GET"]}}],"collection":[{"href":"https:\/\/www.eldiariodetucuman.com\/web\/wp-json\/wp\/v2\/posts"}],"about":[{"href":"https:\/\/www.eldiariodetucuman.com\/web\/wp-json\/wp\/v2\/types\/post"}],"author":[{"embeddable":true,"href":"https:\/\/www.eldiariodetucuman.com\/web\/wp-json\/wp\/v2\/users\/3"}],"replies":[{"embeddable":true,"href":"https:\/\/www.eldiariodetucuman.com\/web\/wp-json\/wp\/v2\/comments?post=2379"}],"version-history":[{"count":1,"href":"https:\/\/www.eldiariodetucuman.com\/web\/wp-json\/wp\/v2\/posts\/2379\/revisions"}],"predecessor-version":[{"id":2381,"href":"https:\/\/www.eldiariodetucuman.com\/web\/wp-json\/wp\/v2\/posts\/2379\/revisions\/2381"}],"wp:featuredmedia":[{"embeddable":true,"href":"https:\/\/www.eldiariodetucuman.com\/web\/wp-json\/wp\/v2\/media\/2380"}],"wp:attachment":[{"href":"https:\/\/www.eldiariodetucuman.com\/web\/wp-json\/wp\/v2\/media?parent=2379"}],"wp:term":[{"taxonomy":"category","embeddable":true,"href":"https:\/\/www.eldiariodetucuman.com\/web\/wp-json\/wp\/v2\/categories?post=2379"},{"taxonomy":"post_tag","embeddable":true,"href":"https:\/\/www.eldiariodetucuman.com\/web\/wp-json\/wp\/v2\/tags?post=2379"}],"curies":[{"name":"wp","href":"https:\/\/api.w.org\/{rel}","templated":true}]}}