{"id":2315,"date":"2016-12-22T16:45:04","date_gmt":"2016-12-22T16:45:04","guid":{"rendered":"http:\/\/www.eldiariodetucuman.com\/web\/?p=2315"},"modified":"2016-12-22T16:45:04","modified_gmt":"2016-12-22T16:45:04","slug":"el-veredicto-en-el-juicio-a-milagro-sala-se-dara-a-conocer-el-dia-de-los-inocentes","status":"publish","type":"post","link":"https:\/\/www.eldiariodetucuman.com\/web\/el-veredicto-en-el-juicio-a-milagro-sala-se-dara-a-conocer-el-dia-de-los-inocentes\/","title":{"rendered":"El veredicto en el juicio a Milagro Sala se dar\u00e1 a conocer el D\u00eda de los Inocentes"},"content":{"rendered":"<p>El veredicto en el juicio contra la dirigente Milagro Sala, por el escrache contra el actual gobernador juje\u00f1o, Gerardo Morales, se dictar\u00e1 el mi\u00e9rcoles pr\u00f3ximo, confirmaron hoy fuentes judiciales.<!--more--><\/p>\n<p>El Tribunal Oral Federal N\u00b0 1 de Jujuy, despu\u00e9s de escuchar los alegatos de las partes hasta pasadas las 2 de la madrugada, decidi\u00f3 pasar a un cuarto intermedio y anunciar la sentencia el 28 de diciembre.<\/p>\n<p>La defensa de Milagro Sala solicit\u00f3 seguir hasta terminar la audiencia y fundament\u00f3 su solicitud: \u00abMuchos de nosotros somos de Buenos Aires y se nos complica venir\u00bb, dijeron, aunque el tribunal finalmente cit\u00f3 a las partes para el mi\u00e9rcoles.<\/p>\n<div class=\"inlineBanner\">\n<div id=\"sas_20895\">Todo comenz\u00f3 ayer, alrededor de las 16, cuando en primer lugar declararon tres testigos y luego se inici\u00f3 la etapa de alegatos. La querella, a cargo del abogado Eduardo Vergara, solicit\u00f3 8 a\u00f1os de prisi\u00f3n efectiva para Milagro Sala, por el delito de instigaci\u00f3n, y para Graciela L\u00f3pez y Roberto Salvatierra, por da\u00f1os agravados y amenazas coactivas.<\/div>\n<\/div>\n<p>Por su parte, el Ministerio P\u00fablico Fiscal pidi\u00f3 3 a\u00f1os de pena con ejecuci\u00f3n condicional para Sala por instigaci\u00f3n y para L\u00f3pez por da\u00f1os y amenazas, y 2 a\u00f1os de ejecuci\u00f3n condicional para Salvatierra.<\/p>\n<p>En tanto, las tres defensas, lideradas por la abogada de Buenos Aires Elizabeth G\u00f3mez Alcorta, solicitaron la prescripci\u00f3n de la causa para los tres imputados.<\/p>\n<p>G\u00f3mez Alcorta dijo sentirse \u00abmaltratada\u00bb por el presidente del tribunal, Mario H\u00e9ctor Ju\u00e1rez Almaraz, adem\u00e1s de expresar una lista de quejas. A las 2 finalizaron los alegatos y el presidente del Tribunal anunci\u00f3 que para dar lugar a la audiencia por delitos de lesa humanidad que est\u00e1 prevista para hoy, pasaba a un cuarto intermedio el juicio hasta el mi\u00e9rcoles 28 para correr vista del pedido de prescripci\u00f3n de la defensa y la sentencia.<\/p>\n<p>La cuarta jornada del juicio sufri\u00f3 ayer demoras y hubo incidentes y represi\u00f3n cuando se produjo un choque entre legisladores kirchneristas y polic\u00edas juje\u00f1os. Diputados y concejales, en su mayor\u00eda de La C\u00e1mpora, intentaron traspasar por la fuerza el vallado policial para ingresar al sal\u00f3n \u00abMacedonio Graz\u00bb de la Secretar\u00eda Electoral Federal donde se realiza el juicio.<\/p>\n<p>En ese marco, el presidente del Concejo Deliberante de Hurlingham, Mart\u00edn Rodr\u00edguez, fue demorado tras sobrepasar un vallado, mientras la diputada nacional del Frente para la Victoria Mayra Mendoza fue tomada del cuello por uno de los agentes.<\/p>\n<p>La represi\u00f3n y la agresi\u00f3n contra la diputada gener\u00f3 el repudio del kirchnerismo, desde la ex presidenta Cristina Fern\u00e1ndez por Twitter hasta los senadores que debat\u00edan Ganancias en el Congreso.<\/p>\n<p>El ataque con piedras y huevos contra Morales, por entonces senador, ocurri\u00f3 en 2009, y Sala permanece detenida desde el 16 de enero pasado por causas de corrupci\u00f3n.<\/p>\n","protected":false},"excerpt":{"rendered":"<p>El veredicto en el juicio contra la dirigente Milagro Sala, por el escrache contra el actual gobernador juje\u00f1o, Gerardo Morales, se dictar\u00e1 el mi\u00e9rcoles pr\u00f3ximo, confirmaron hoy fuentes judiciales.<\/p>\n","protected":false},"author":3,"featured_media":2316,"comment_status":"closed","ping_status":"open","sticky":false,"template":"","format":"standard","meta":{"footnotes":""},"categories":[2],"tags":[7,222],"class_list":{"0":"post-2315","1":"post","2":"type-post","3":"status-publish","4":"format-standard","5":"has-post-thumbnail","7":"category-actualidad","8":"tag-el-diario-de-tucuman","9":"tag-justicia"},"yoast_head":"<!-- This site is optimized with the Yoast SEO plugin v27.4 - https:\/\/yoast.com\/product\/yoast-seo-wordpress\/ -->\n<title>El veredicto en el juicio a Milagro Sala se dar\u00e1 a conocer el D\u00eda de los Inocentes - El Diario de Tucuman<\/title>\n<meta name=\"robots\" content=\"index, follow, max-snippet:-1, max-image-preview:large, max-video-preview:-1\" \/>\n<link rel=\"canonical\" href=\"https:\/\/www.eldiariodetucuman.com\/web\/el-veredicto-en-el-juicio-a-milagro-sala-se-dara-a-conocer-el-dia-de-los-inocentes\/\" \/>\n<meta property=\"og:locale\" content=\"es_ES\" \/>\n<meta property=\"og:type\" content=\"article\" \/>\n<meta property=\"og:title\" content=\"El veredicto en el juicio a Milagro Sala se dar\u00e1 a conocer el D\u00eda de los Inocentes - El Diario de Tucuman\" \/>\n<meta property=\"og:description\" content=\"El veredicto en el juicio contra la dirigente Milagro Sala, por el escrache contra el actual gobernador juje\u00f1o, Gerardo Morales, se dictar\u00e1 el mi\u00e9rcoles pr\u00f3ximo, confirmaron hoy fuentes judiciales.\" \/>\n<meta property=\"og:url\" content=\"https:\/\/www.eldiariodetucuman.com\/web\/el-veredicto-en-el-juicio-a-milagro-sala-se-dara-a-conocer-el-dia-de-los-inocentes\/\" \/>\n<meta property=\"og:site_name\" content=\"El Diario de Tucuman\" \/>\n<meta property=\"article:published_time\" content=\"2016-12-22T16:45:04+00:00\" \/>\n<meta property=\"og:image\" content=\"https:\/\/www.eldiariodetucuman.com\/web\/wp-content\/uploads\/2016\/12\/milagro_sala_alegatos_0.jpg\" \/>\n\t<meta property=\"og:image:width\" content=\"400\" \/>\n\t<meta property=\"og:image:height\" content=\"219\" \/>\n\t<meta property=\"og:image:type\" content=\"image\/jpeg\" \/>\n<meta name=\"author\" content=\"El diario de Tucuman\" \/>\n<meta name=\"twitter:card\" content=\"summary_large_image\" \/>\n<meta name=\"twitter:label1\" content=\"Escrito por\" \/>\n\t<meta name=\"twitter:data1\" content=\"El diario de Tucuman\" \/>\n\t<meta name=\"twitter:label2\" content=\"Tiempo de lectura\" \/>\n\t<meta name=\"twitter:data2\" content=\"2 minutos\" \/>\n<script type=\"application\/ld+json\" class=\"yoast-schema-graph\">{\"@context\":\"https:\\\/\\\/schema.org\",\"@graph\":[{\"@type\":\"Article\",\"@id\":\"https:\\\/\\\/www.eldiariodetucuman.com\\\/web\\\/el-veredicto-en-el-juicio-a-milagro-sala-se-dara-a-conocer-el-dia-de-los-inocentes\\\/#article\",\"isPartOf\":{\"@id\":\"https:\\\/\\\/www.eldiariodetucuman.com\\\/web\\\/el-veredicto-en-el-juicio-a-milagro-sala-se-dara-a-conocer-el-dia-de-los-inocentes\\\/\"},\"author\":{\"name\":\"El diario de Tucuman\",\"@id\":\"https:\\\/\\\/www.eldiariodetucuman.com\\\/web\\\/#\\\/schema\\\/person\\\/3adbe300ecd6242af93c97dab1dc3ba1\"},\"headline\":\"El veredicto en el juicio a Milagro Sala se dar\u00e1 a conocer el D\u00eda de los Inocentes\",\"datePublished\":\"2016-12-22T16:45:04+00:00\",\"mainEntityOfPage\":{\"@id\":\"https:\\\/\\\/www.eldiariodetucuman.com\\\/web\\\/el-veredicto-en-el-juicio-a-milagro-sala-se-dara-a-conocer-el-dia-de-los-inocentes\\\/\"},\"wordCount\":495,\"publisher\":{\"@id\":\"https:\\\/\\\/www.eldiariodetucuman.com\\\/web\\\/#organization\"},\"image\":{\"@id\":\"https:\\\/\\\/www.eldiariodetucuman.com\\\/web\\\/el-veredicto-en-el-juicio-a-milagro-sala-se-dara-a-conocer-el-dia-de-los-inocentes\\\/#primaryimage\"},\"thumbnailUrl\":\"https:\\\/\\\/www.eldiariodetucuman.com\\\/web\\\/wp-content\\\/uploads\\\/2016\\\/12\\\/milagro_sala_alegatos_0.jpg\",\"keywords\":[\"El Diario de Tucuman\",\"justicia\"],\"articleSection\":[\"Actualidad\"],\"inLanguage\":\"es\"},{\"@type\":\"WebPage\",\"@id\":\"https:\\\/\\\/www.eldiariodetucuman.com\\\/web\\\/el-veredicto-en-el-juicio-a-milagro-sala-se-dara-a-conocer-el-dia-de-los-inocentes\\\/\",\"url\":\"https:\\\/\\\/www.eldiariodetucuman.com\\\/web\\\/el-veredicto-en-el-juicio-a-milagro-sala-se-dara-a-conocer-el-dia-de-los-inocentes\\\/\",\"name\":\"El veredicto en el juicio a Milagro Sala se dar\u00e1 a conocer el D\u00eda de los Inocentes - El Diario de Tucuman\",\"isPartOf\":{\"@id\":\"https:\\\/\\\/www.eldiariodetucuman.com\\\/web\\\/#website\"},\"primaryImageOfPage\":{\"@id\":\"https:\\\/\\\/www.eldiariodetucuman.com\\\/web\\\/el-veredicto-en-el-juicio-a-milagro-sala-se-dara-a-conocer-el-dia-de-los-inocentes\\\/#primaryimage\"},\"image\":{\"@id\":\"https:\\\/\\\/www.eldiariodetucuman.com\\\/web\\\/el-veredicto-en-el-juicio-a-milagro-sala-se-dara-a-conocer-el-dia-de-los-inocentes\\\/#primaryimage\"},\"thumbnailUrl\":\"https:\\\/\\\/www.eldiariodetucuman.com\\\/web\\\/wp-content\\\/uploads\\\/2016\\\/12\\\/milagro_sala_alegatos_0.jpg\",\"datePublished\":\"2016-12-22T16:45:04+00:00\",\"breadcrumb\":{\"@id\":\"https:\\\/\\\/www.eldiariodetucuman.com\\\/web\\\/el-veredicto-en-el-juicio-a-milagro-sala-se-dara-a-conocer-el-dia-de-los-inocentes\\\/#breadcrumb\"},\"inLanguage\":\"es\",\"potentialAction\":[{\"@type\":\"ReadAction\",\"target\":[\"https:\\\/\\\/www.eldiariodetucuman.com\\\/web\\\/el-veredicto-en-el-juicio-a-milagro-sala-se-dara-a-conocer-el-dia-de-los-inocentes\\\/\"]}]},{\"@type\":\"ImageObject\",\"inLanguage\":\"es\",\"@id\":\"https:\\\/\\\/www.eldiariodetucuman.com\\\/web\\\/el-veredicto-en-el-juicio-a-milagro-sala-se-dara-a-conocer-el-dia-de-los-inocentes\\\/#primaryimage\",\"url\":\"https:\\\/\\\/www.eldiariodetucuman.com\\\/web\\\/wp-content\\\/uploads\\\/2016\\\/12\\\/milagro_sala_alegatos_0.jpg\",\"contentUrl\":\"https:\\\/\\\/www.eldiariodetucuman.com\\\/web\\\/wp-content\\\/uploads\\\/2016\\\/12\\\/milagro_sala_alegatos_0.jpg\",\"width\":400,\"height\":219},{\"@type\":\"BreadcrumbList\",\"@id\":\"https:\\\/\\\/www.eldiariodetucuman.com\\\/web\\\/el-veredicto-en-el-juicio-a-milagro-sala-se-dara-a-conocer-el-dia-de-los-inocentes\\\/#breadcrumb\",\"itemListElement\":[{\"@type\":\"ListItem\",\"position\":1,\"name\":\"Portada\",\"item\":\"https:\\\/\\\/www.eldiariodetucuman.com\\\/web\\\/\"},{\"@type\":\"ListItem\",\"position\":2,\"name\":\"El veredicto en el juicio a Milagro Sala se dar\u00e1 a conocer el D\u00eda de los Inocentes\"}]},{\"@type\":\"WebSite\",\"@id\":\"https:\\\/\\\/www.eldiariodetucuman.com\\\/web\\\/#website\",\"url\":\"https:\\\/\\\/www.eldiariodetucuman.com\\\/web\\\/\",\"name\":\"El Diario de Tucuman\",\"description\":\"Diario Tucuman - Informaci\u00f3n y noticias\",\"publisher\":{\"@id\":\"https:\\\/\\\/www.eldiariodetucuman.com\\\/web\\\/#organization\"},\"potentialAction\":[{\"@type\":\"SearchAction\",\"target\":{\"@type\":\"EntryPoint\",\"urlTemplate\":\"https:\\\/\\\/www.eldiariodetucuman.com\\\/web\\\/?s={search_term_string}\"},\"query-input\":{\"@type\":\"PropertyValueSpecification\",\"valueRequired\":true,\"valueName\":\"search_term_string\"}}],\"inLanguage\":\"es\"},{\"@type\":\"Organization\",\"@id\":\"https:\\\/\\\/www.eldiariodetucuman.com\\\/web\\\/#organization\",\"name\":\"El Diario de Tucuman\",\"url\":\"https:\\\/\\\/www.eldiariodetucuman.com\\\/web\\\/\",\"logo\":{\"@type\":\"ImageObject\",\"inLanguage\":\"es\",\"@id\":\"https:\\\/\\\/www.eldiariodetucuman.com\\\/web\\\/#\\\/schema\\\/logo\\\/image\\\/\",\"url\":\"http:\\\/\\\/www.eldiariodetucuman.com\\\/web\\\/wp-content\\\/uploads\\\/2017\\\/12\\\/el-diario-de-tucuman.jpg\",\"contentUrl\":\"http:\\\/\\\/www.eldiariodetucuman.com\\\/web\\\/wp-content\\\/uploads\\\/2017\\\/12\\\/el-diario-de-tucuman.jpg\",\"width\":272,\"height\":92,\"caption\":\"El Diario de Tucuman\"},\"image\":{\"@id\":\"https:\\\/\\\/www.eldiariodetucuman.com\\\/web\\\/#\\\/schema\\\/logo\\\/image\\\/\"}},{\"@type\":\"Person\",\"@id\":\"https:\\\/\\\/www.eldiariodetucuman.com\\\/web\\\/#\\\/schema\\\/person\\\/3adbe300ecd6242af93c97dab1dc3ba1\",\"name\":\"El diario de Tucuman\",\"image\":{\"@type\":\"ImageObject\",\"inLanguage\":\"es\",\"@id\":\"https:\\\/\\\/secure.gravatar.com\\\/avatar\\\/b7214de193b24d0bd708ac5516aa13d0f20c6560795bfbee06857d5c8ac2f0b2?s=96&d=mm&r=g\",\"url\":\"https:\\\/\\\/secure.gravatar.com\\\/avatar\\\/b7214de193b24d0bd708ac5516aa13d0f20c6560795bfbee06857d5c8ac2f0b2?s=96&d=mm&r=g\",\"contentUrl\":\"https:\\\/\\\/secure.gravatar.com\\\/avatar\\\/b7214de193b24d0bd708ac5516aa13d0f20c6560795bfbee06857d5c8ac2f0b2?s=96&d=mm&r=g\",\"caption\":\"El diario de Tucuman\"},\"url\":\"https:\\\/\\\/www.eldiariodetucuman.com\\\/web\\\/author\\\/mgiobellina\\\/\"}]}<\/script>\n<!-- \/ Yoast SEO plugin. -->","yoast_head_json":{"title":"El veredicto en el juicio a Milagro Sala se dar\u00e1 a conocer el D\u00eda de los Inocentes - El Diario de Tucuman","robots":{"index":"index","follow":"follow","max-snippet":"max-snippet:-1","max-image-preview":"max-image-preview:large","max-video-preview":"max-video-preview:-1"},"canonical":"https:\/\/www.eldiariodetucuman.com\/web\/el-veredicto-en-el-juicio-a-milagro-sala-se-dara-a-conocer-el-dia-de-los-inocentes\/","og_locale":"es_ES","og_type":"article","og_title":"El veredicto en el juicio a Milagro Sala se dar\u00e1 a conocer el D\u00eda de los Inocentes - El Diario de Tucuman","og_description":"El veredicto en el juicio contra la dirigente Milagro Sala, por el escrache contra el actual gobernador juje\u00f1o, Gerardo Morales, se dictar\u00e1 el mi\u00e9rcoles pr\u00f3ximo, confirmaron hoy fuentes judiciales.","og_url":"https:\/\/www.eldiariodetucuman.com\/web\/el-veredicto-en-el-juicio-a-milagro-sala-se-dara-a-conocer-el-dia-de-los-inocentes\/","og_site_name":"El Diario de Tucuman","article_published_time":"2016-12-22T16:45:04+00:00","og_image":[{"width":400,"height":219,"url":"https:\/\/www.eldiariodetucuman.com\/web\/wp-content\/uploads\/2016\/12\/milagro_sala_alegatos_0.jpg","type":"image\/jpeg"}],"author":"El diario de Tucuman","twitter_card":"summary_large_image","twitter_misc":{"Escrito por":"El diario de Tucuman","Tiempo de lectura":"2 minutos"},"schema":{"@context":"https:\/\/schema.org","@graph":[{"@type":"Article","@id":"https:\/\/www.eldiariodetucuman.com\/web\/el-veredicto-en-el-juicio-a-milagro-sala-se-dara-a-conocer-el-dia-de-los-inocentes\/#article","isPartOf":{"@id":"https:\/\/www.eldiariodetucuman.com\/web\/el-veredicto-en-el-juicio-a-milagro-sala-se-dara-a-conocer-el-dia-de-los-inocentes\/"},"author":{"name":"El diario de Tucuman","@id":"https:\/\/www.eldiariodetucuman.com\/web\/#\/schema\/person\/3adbe300ecd6242af93c97dab1dc3ba1"},"headline":"El veredicto en el juicio a Milagro Sala se dar\u00e1 a conocer el D\u00eda de los Inocentes","datePublished":"2016-12-22T16:45:04+00:00","mainEntityOfPage":{"@id":"https:\/\/www.eldiariodetucuman.com\/web\/el-veredicto-en-el-juicio-a-milagro-sala-se-dara-a-conocer-el-dia-de-los-inocentes\/"},"wordCount":495,"publisher":{"@id":"https:\/\/www.eldiariodetucuman.com\/web\/#organization"},"image":{"@id":"https:\/\/www.eldiariodetucuman.com\/web\/el-veredicto-en-el-juicio-a-milagro-sala-se-dara-a-conocer-el-dia-de-los-inocentes\/#primaryimage"},"thumbnailUrl":"https:\/\/www.eldiariodetucuman.com\/web\/wp-content\/uploads\/2016\/12\/milagro_sala_alegatos_0.jpg","keywords":["El Diario de Tucuman","justicia"],"articleSection":["Actualidad"],"inLanguage":"es"},{"@type":"WebPage","@id":"https:\/\/www.eldiariodetucuman.com\/web\/el-veredicto-en-el-juicio-a-milagro-sala-se-dara-a-conocer-el-dia-de-los-inocentes\/","url":"https:\/\/www.eldiariodetucuman.com\/web\/el-veredicto-en-el-juicio-a-milagro-sala-se-dara-a-conocer-el-dia-de-los-inocentes\/","name":"El veredicto en el juicio a Milagro Sala se dar\u00e1 a conocer el D\u00eda de los Inocentes - El Diario de Tucuman","isPartOf":{"@id":"https:\/\/www.eldiariodetucuman.com\/web\/#website"},"primaryImageOfPage":{"@id":"https:\/\/www.eldiariodetucuman.com\/web\/el-veredicto-en-el-juicio-a-milagro-sala-se-dara-a-conocer-el-dia-de-los-inocentes\/#primaryimage"},"image":{"@id":"https:\/\/www.eldiariodetucuman.com\/web\/el-veredicto-en-el-juicio-a-milagro-sala-se-dara-a-conocer-el-dia-de-los-inocentes\/#primaryimage"},"thumbnailUrl":"https:\/\/www.eldiariodetucuman.com\/web\/wp-content\/uploads\/2016\/12\/milagro_sala_alegatos_0.jpg","datePublished":"2016-12-22T16:45:04+00:00","breadcrumb":{"@id":"https:\/\/www.eldiariodetucuman.com\/web\/el-veredicto-en-el-juicio-a-milagro-sala-se-dara-a-conocer-el-dia-de-los-inocentes\/#breadcrumb"},"inLanguage":"es","potentialAction":[{"@type":"ReadAction","target":["https:\/\/www.eldiariodetucuman.com\/web\/el-veredicto-en-el-juicio-a-milagro-sala-se-dara-a-conocer-el-dia-de-los-inocentes\/"]}]},{"@type":"ImageObject","inLanguage":"es","@id":"https:\/\/www.eldiariodetucuman.com\/web\/el-veredicto-en-el-juicio-a-milagro-sala-se-dara-a-conocer-el-dia-de-los-inocentes\/#primaryimage","url":"https:\/\/www.eldiariodetucuman.com\/web\/wp-content\/uploads\/2016\/12\/milagro_sala_alegatos_0.jpg","contentUrl":"https:\/\/www.eldiariodetucuman.com\/web\/wp-content\/uploads\/2016\/12\/milagro_sala_alegatos_0.jpg","width":400,"height":219},{"@type":"BreadcrumbList","@id":"https:\/\/www.eldiariodetucuman.com\/web\/el-veredicto-en-el-juicio-a-milagro-sala-se-dara-a-conocer-el-dia-de-los-inocentes\/#breadcrumb","itemListElement":[{"@type":"ListItem","position":1,"name":"Portada","item":"https:\/\/www.eldiariodetucuman.com\/web\/"},{"@type":"ListItem","position":2,"name":"El veredicto en el juicio a Milagro Sala se dar\u00e1 a conocer el D\u00eda de los Inocentes"}]},{"@type":"WebSite","@id":"https:\/\/www.eldiariodetucuman.com\/web\/#website","url":"https:\/\/www.eldiariodetucuman.com\/web\/","name":"El Diario de Tucuman","description":"Diario Tucuman - Informaci\u00f3n y noticias","publisher":{"@id":"https:\/\/www.eldiariodetucuman.com\/web\/#organization"},"potentialAction":[{"@type":"SearchAction","target":{"@type":"EntryPoint","urlTemplate":"https:\/\/www.eldiariodetucuman.com\/web\/?s={search_term_string}"},"query-input":{"@type":"PropertyValueSpecification","valueRequired":true,"valueName":"search_term_string"}}],"inLanguage":"es"},{"@type":"Organization","@id":"https:\/\/www.eldiariodetucuman.com\/web\/#organization","name":"El Diario de Tucuman","url":"https:\/\/www.eldiariodetucuman.com\/web\/","logo":{"@type":"ImageObject","inLanguage":"es","@id":"https:\/\/www.eldiariodetucuman.com\/web\/#\/schema\/logo\/image\/","url":"http:\/\/www.eldiariodetucuman.com\/web\/wp-content\/uploads\/2017\/12\/el-diario-de-tucuman.jpg","contentUrl":"http:\/\/www.eldiariodetucuman.com\/web\/wp-content\/uploads\/2017\/12\/el-diario-de-tucuman.jpg","width":272,"height":92,"caption":"El Diario de Tucuman"},"image":{"@id":"https:\/\/www.eldiariodetucuman.com\/web\/#\/schema\/logo\/image\/"}},{"@type":"Person","@id":"https:\/\/www.eldiariodetucuman.com\/web\/#\/schema\/person\/3adbe300ecd6242af93c97dab1dc3ba1","name":"El diario de Tucuman","image":{"@type":"ImageObject","inLanguage":"es","@id":"https:\/\/secure.gravatar.com\/avatar\/b7214de193b24d0bd708ac5516aa13d0f20c6560795bfbee06857d5c8ac2f0b2?s=96&d=mm&r=g","url":"https:\/\/secure.gravatar.com\/avatar\/b7214de193b24d0bd708ac5516aa13d0f20c6560795bfbee06857d5c8ac2f0b2?s=96&d=mm&r=g","contentUrl":"https:\/\/secure.gravatar.com\/avatar\/b7214de193b24d0bd708ac5516aa13d0f20c6560795bfbee06857d5c8ac2f0b2?s=96&d=mm&r=g","caption":"El diario de Tucuman"},"url":"https:\/\/www.eldiariodetucuman.com\/web\/author\/mgiobellina\/"}]}},"_links":{"self":[{"href":"https:\/\/www.eldiariodetucuman.com\/web\/wp-json\/wp\/v2\/posts\/2315","targetHints":{"allow":["GET"]}}],"collection":[{"href":"https:\/\/www.eldiariodetucuman.com\/web\/wp-json\/wp\/v2\/posts"}],"about":[{"href":"https:\/\/www.eldiariodetucuman.com\/web\/wp-json\/wp\/v2\/types\/post"}],"author":[{"embeddable":true,"href":"https:\/\/www.eldiariodetucuman.com\/web\/wp-json\/wp\/v2\/users\/3"}],"replies":[{"embeddable":true,"href":"https:\/\/www.eldiariodetucuman.com\/web\/wp-json\/wp\/v2\/comments?post=2315"}],"version-history":[{"count":1,"href":"https:\/\/www.eldiariodetucuman.com\/web\/wp-json\/wp\/v2\/posts\/2315\/revisions"}],"predecessor-version":[{"id":2317,"href":"https:\/\/www.eldiariodetucuman.com\/web\/wp-json\/wp\/v2\/posts\/2315\/revisions\/2317"}],"wp:featuredmedia":[{"embeddable":true,"href":"https:\/\/www.eldiariodetucuman.com\/web\/wp-json\/wp\/v2\/media\/2316"}],"wp:attachment":[{"href":"https:\/\/www.eldiariodetucuman.com\/web\/wp-json\/wp\/v2\/media?parent=2315"}],"wp:term":[{"taxonomy":"category","embeddable":true,"href":"https:\/\/www.eldiariodetucuman.com\/web\/wp-json\/wp\/v2\/categories?post=2315"},{"taxonomy":"post_tag","embeddable":true,"href":"https:\/\/www.eldiariodetucuman.com\/web\/wp-json\/wp\/v2\/tags?post=2315"}],"curies":[{"name":"wp","href":"https:\/\/api.w.org\/{rel}","templated":true}]}}