{"id":2312,"date":"2016-12-22T16:41:35","date_gmt":"2016-12-22T16:41:35","guid":{"rendered":"http:\/\/www.eldiariodetucuman.com\/web\/?p=2312"},"modified":"2016-12-22T16:41:35","modified_gmt":"2016-12-22T16:41:35","slug":"muerte-digna-cambios-en-casos-irreversibles-se-podra-retirar-hidratacion-y-nutricion","status":"publish","type":"post","link":"https:\/\/www.eldiariodetucuman.com\/web\/muerte-digna-cambios-en-casos-irreversibles-se-podra-retirar-hidratacion-y-nutricion\/","title":{"rendered":"MUERTE DIGNA | Cambios, en casos irreversibles, se podr\u00e1 retirar hidrataci\u00f3n y nutrici\u00f3n"},"content":{"rendered":"<p>No sin pol\u00e9mica, y despu\u00e9s de varios meses de debate y consultas a diversos expertos e instituciones, la Unicameral aprob\u00f3 anoche por mayor\u00eda \u2013hubo tres votos en contra\u2013 la modificaci\u00f3n a la ley provincial de Declaraci\u00f3n de Voluntad Anticipada de Muerte Digna 10.058.<!--more--><\/p>\n<p>La norma regula el derecho a decidir en forma anticipada la voluntad de negarse a ser sometido a medios, tratamientos o procedimientos m\u00e9dicos de encarnizamiento terap\u00e9utico.<\/p>\n<p>La reforma apunta a armonizar la norma provincial \u2013sancionada en 2012 y reglamentada en 2014\u2013 con el nuevo C\u00f3digo Civil y Comercial de la Naci\u00f3n, que comenz\u00f3 a regir en agosto de 2015.<\/p>\n<div class=\"inlineBanner\">\n<div id=\"sas_20895\"><\/div>\n<\/div>\n<p>Varios bloques, entre ellos el de Juntos por C\u00f3rdoba, optaron por dar libertad de conciencia a sus legisladores en la votaci\u00f3n. As\u00ed el radical Miguel Nicol\u00e1s vot\u00f3 en contra, al igual que Mariana Seraf\u00edn (Frente C\u00edvico). El principal opositor al cambio aprobado ayer fue Aurelio Garc\u00eda Elorrio. Tambi\u00e9n en contra el bloque del PRO. Adem\u00e1s, Juan Pablo Quinteros, Hugo Capdevila y Jos\u00e9 D\u00edas, todos de Cambiemos, manifestaron su oposici\u00f3n a la norma, y no estuvieron cuando se vot\u00f3.<\/p>\n<p>El n\u00facleo de la discrepancia se centraba en que la ley cordobesa exclu\u00eda en forma expresa la posibilidad de solicitar el retiro de hidrataci\u00f3n y nutrici\u00f3n ante un estado irreversible o terminal, alternativa que s\u00ed est\u00e1 permitida en la normativa del C\u00f3digo Civil.<\/p>\n<p>Ese derecho tambi\u00e9n est\u00e1 contemplado en el fallo de la Corte Suprema por el caso Marcelo Diez de julio de 2015, y en la ley nacional de muerte digna 26.742 sancionada por el Congreso en 2012.<\/p>\n<p>La nueva norma aprobada ayer establece, as\u00ed, que las medidas m\u00ednimas ordinarias que deben ser mantenidas en todos los enfermos son \u201clas acciones tendientes a suministrar higiene y curaciones al paciente en etapa terminal\u201d.<\/p>\n<p>De esa manera se sustituye el texto original (inciso g, art\u00edculo 5\u00b0) que dispon\u00eda que siempre se deb\u00eda suministrar \u201chidrataci\u00f3n, higiene, oxigenaci\u00f3n, nutrici\u00f3n y curaciones\u201d al paciente terminal.<\/p>\n<p>Otro de los cambios que fue introducido por los legisladores es el que ampl\u00eda el alcance de la ley a las personas a partir de los 16 a\u00f1os, que son considerados como adultos para las decisiones atinentes al cuidado de su cuerpo, con el alcance previsto en el C\u00f3digo Civil en su art\u00edculo 26.<\/p>\n<p>El texto original establec\u00eda que los mayores de edad (18 a\u00f1os) en pleno goce de sus facultades mentales ten\u00edan derecho a expresar a trav\u00e9s de una declaraci\u00f3n de voluntad anticipada (DVA) las instrucciones para ser sometidos o no a determinados tratamientos m\u00e9dicos, para evitar el encarnizamiento terap\u00e9utico.<\/p>\n<p>Adem\u00e1s, se dispuso que el consentimiento informado (conformidad expresa del paciente ante una intervenci\u00f3n quir\u00fargica o procedimientos invasivos que conlleven riesgos) debe incluir el derecho que le asiste al paciente a realizar una declaraci\u00f3n de voluntad anticipada.<\/p>\n<p>En la misma l\u00ednea, se incluy\u00f3 una modificaci\u00f3n a un art\u00edculo de la ley 6.222, del Ejercicio de las Profesiones y Actividades relacionadas con la Salud, con el objetivo de precisar que la prolongaci\u00f3n de la vida por la aplicaci\u00f3n de medios extraordinarios queda reservada a la voluntad del paciente.<\/p>\n<p>La norma original preve\u00eda que la decisi\u00f3n estaba sujeta al \u201csano juicio del m\u00e9dico, y la voluntad del paciente, o sus familiares ante el impedimento de este\u201d.<\/p>\n<p class=\"SubTitulo\">\u00bfA contramano del C\u00f3digo?<\/p>\n<p>Por otra parte, la nueva normativa dispone que la autoridad de aplicaci\u00f3n, el Ministerio de Salud, designar\u00e1 un comit\u00e9 ad hoc, que entender\u00e1 en forma consultiva ante dudas o casos singulares vinculadas a la aplicaci\u00f3n de la ley.<\/p>\n<p>Y, a su vez, tambi\u00e9n establece que ese comit\u00e9 \u201cintervendr\u00e1\u201d cuando el paciente no hubiera formalizado su declaraci\u00f3n de voluntad anticipada y la decisi\u00f3n sea tomada por los representantes legales, o sea familiares o tutores.<\/p>\n<p>La intervenci\u00f3n del comit\u00e9 \u2013que pasa a denominarse Comit\u00e9 Ley N\u00b0 10.058-Muerte Digna\u201d\u2013 sin embargo, implicar\u00eda un obst\u00e1culo al ejercicio del derecho, que no est\u00e1 previsto en el C\u00f3digo Civil.<\/p>\n<p>Ese cuerpo legal establece en forma expresa en su art\u00edculo 60\u00b0, relativo a Directivas Anticipadas que \u201cla persona plenamente capaz puede anticipar directivas y conferir mandato respecto de su salud y en previsi\u00f3n de su propia incapacidad. Puede tambi\u00e9n designar a la persona o personas que han de expresar el consentimiento para los actos m\u00e9dicos y para ejercer su curatela\u201d.<\/p>\n<p class=\"SubTitulo\">Una norma que permite, pero que no obliga<\/p>\n<p>La ley de muerte digna apunta a establecer el derecho a decidir en forma anticipada la negativa a someterse a tratamientos o procedimientos m\u00e9dicos que impliquen un encarnizamiento terap\u00e9utico, es decir, que pretendan prolongar la vida de manera indigna.<\/p>\n<p>La declaraci\u00f3n de voluntad anticipada es el documento por el cual la persona expresa esa negativa ante enfermedad terminal o estado vegetativo permanente. Puede presentarse en el Registro Unico de Voluntades Anticipadas que funciona en el Hospital C\u00f3rdoba (oficina 202) o ante cualquier director o m\u00e9dico de un hospital.<\/p>\n<p>Fuente:\u00a0<a href=\"http:\/\/www.lavoz.com.ar\/ciudadanos\/en-casos-irreversibles-se-podra-retirar-hidratacion-y-nutricion\">http:\/\/www.lavoz.com.ar\/ciudadanos\/en-casos-irreversibles-se-podra-retirar-hidratacion-y-nutricion<\/a><\/p>\n","protected":false},"excerpt":{"rendered":"<p>No sin pol\u00e9mica, y despu\u00e9s de varios meses de debate y consultas a diversos expertos e instituciones, la Unicameral aprob\u00f3 anoche por mayor\u00eda \u2013hubo tres votos en contra\u2013 la modificaci\u00f3n a la ley provincial de Declaraci\u00f3n de Voluntad Anticipada de Muerte Digna 10.058.<\/p>\n","protected":false},"author":3,"featured_media":2313,"comment_status":"closed","ping_status":"open","sticky":false,"template":"","format":"standard","meta":{"footnotes":""},"categories":[578],"tags":[7,79],"class_list":{"0":"post-2312","1":"post","2":"type-post","3":"status-publish","4":"format-standard","5":"has-post-thumbnail","7":"category-salud","8":"tag-el-diario-de-tucuman","9":"tag-salud"},"yoast_head":"<!-- This site is optimized with the Yoast SEO plugin v27.4 - https:\/\/yoast.com\/product\/yoast-seo-wordpress\/ -->\n<title>MUERTE DIGNA | Cambios, en casos irreversibles, se podr\u00e1 retirar hidrataci\u00f3n y nutrici\u00f3n - El Diario de Tucuman<\/title>\n<meta name=\"robots\" content=\"index, follow, max-snippet:-1, max-image-preview:large, max-video-preview:-1\" \/>\n<link rel=\"canonical\" href=\"https:\/\/www.eldiariodetucuman.com\/web\/muerte-digna-cambios-en-casos-irreversibles-se-podra-retirar-hidratacion-y-nutricion\/\" \/>\n<meta property=\"og:locale\" content=\"es_ES\" \/>\n<meta property=\"og:type\" content=\"article\" \/>\n<meta property=\"og:title\" content=\"MUERTE DIGNA | Cambios, en casos irreversibles, se podr\u00e1 retirar hidrataci\u00f3n y nutrici\u00f3n - El Diario de Tucuman\" \/>\n<meta property=\"og:description\" content=\"No sin pol\u00e9mica, y despu\u00e9s de varios meses de debate y consultas a diversos expertos e instituciones, la Unicameral aprob\u00f3 anoche por mayor\u00eda \u2013hubo tres votos en contra\u2013 la modificaci\u00f3n a la ley provincial de Declaraci\u00f3n de Voluntad Anticipada de Muerte Digna 10.058.\" \/>\n<meta property=\"og:url\" content=\"https:\/\/www.eldiariodetucuman.com\/web\/muerte-digna-cambios-en-casos-irreversibles-se-podra-retirar-hidratacion-y-nutricion\/\" \/>\n<meta property=\"og:site_name\" content=\"El Diario de Tucuman\" \/>\n<meta property=\"article:published_time\" content=\"2016-12-22T16:41:35+00:00\" \/>\n<meta property=\"og:image\" content=\"https:\/\/www.eldiariodetucuman.com\/web\/wp-content\/uploads\/2016\/12\/muerte_digna_2.jpg\" \/>\n\t<meta property=\"og:image:width\" content=\"368\" \/>\n\t<meta property=\"og:image:height\" content=\"217\" \/>\n\t<meta property=\"og:image:type\" content=\"image\/jpeg\" \/>\n<meta name=\"author\" content=\"El diario de Tucuman\" \/>\n<meta name=\"twitter:card\" content=\"summary_large_image\" \/>\n<meta name=\"twitter:label1\" content=\"Escrito por\" \/>\n\t<meta name=\"twitter:data1\" content=\"El diario de Tucuman\" \/>\n\t<meta name=\"twitter:label2\" content=\"Tiempo de lectura\" \/>\n\t<meta name=\"twitter:data2\" content=\"4 minutos\" \/>\n<script type=\"application\/ld+json\" class=\"yoast-schema-graph\">{\"@context\":\"https:\\\/\\\/schema.org\",\"@graph\":[{\"@type\":\"Article\",\"@id\":\"https:\\\/\\\/www.eldiariodetucuman.com\\\/web\\\/muerte-digna-cambios-en-casos-irreversibles-se-podra-retirar-hidratacion-y-nutricion\\\/#article\",\"isPartOf\":{\"@id\":\"https:\\\/\\\/www.eldiariodetucuman.com\\\/web\\\/muerte-digna-cambios-en-casos-irreversibles-se-podra-retirar-hidratacion-y-nutricion\\\/\"},\"author\":{\"name\":\"El diario de Tucuman\",\"@id\":\"https:\\\/\\\/www.eldiariodetucuman.com\\\/web\\\/#\\\/schema\\\/person\\\/3adbe300ecd6242af93c97dab1dc3ba1\"},\"headline\":\"MUERTE DIGNA | Cambios, en casos irreversibles, se podr\u00e1 retirar hidrataci\u00f3n y nutrici\u00f3n\",\"datePublished\":\"2016-12-22T16:41:35+00:00\",\"mainEntityOfPage\":{\"@id\":\"https:\\\/\\\/www.eldiariodetucuman.com\\\/web\\\/muerte-digna-cambios-en-casos-irreversibles-se-podra-retirar-hidratacion-y-nutricion\\\/\"},\"wordCount\":881,\"publisher\":{\"@id\":\"https:\\\/\\\/www.eldiariodetucuman.com\\\/web\\\/#organization\"},\"image\":{\"@id\":\"https:\\\/\\\/www.eldiariodetucuman.com\\\/web\\\/muerte-digna-cambios-en-casos-irreversibles-se-podra-retirar-hidratacion-y-nutricion\\\/#primaryimage\"},\"thumbnailUrl\":\"https:\\\/\\\/www.eldiariodetucuman.com\\\/web\\\/wp-content\\\/uploads\\\/2016\\\/12\\\/muerte_digna_2.jpg\",\"keywords\":[\"El Diario de Tucuman\",\"salud\"],\"articleSection\":[\"Salud\"],\"inLanguage\":\"es\"},{\"@type\":\"WebPage\",\"@id\":\"https:\\\/\\\/www.eldiariodetucuman.com\\\/web\\\/muerte-digna-cambios-en-casos-irreversibles-se-podra-retirar-hidratacion-y-nutricion\\\/\",\"url\":\"https:\\\/\\\/www.eldiariodetucuman.com\\\/web\\\/muerte-digna-cambios-en-casos-irreversibles-se-podra-retirar-hidratacion-y-nutricion\\\/\",\"name\":\"MUERTE DIGNA | Cambios, en casos irreversibles, se podr\u00e1 retirar hidrataci\u00f3n y nutrici\u00f3n - El Diario de Tucuman\",\"isPartOf\":{\"@id\":\"https:\\\/\\\/www.eldiariodetucuman.com\\\/web\\\/#website\"},\"primaryImageOfPage\":{\"@id\":\"https:\\\/\\\/www.eldiariodetucuman.com\\\/web\\\/muerte-digna-cambios-en-casos-irreversibles-se-podra-retirar-hidratacion-y-nutricion\\\/#primaryimage\"},\"image\":{\"@id\":\"https:\\\/\\\/www.eldiariodetucuman.com\\\/web\\\/muerte-digna-cambios-en-casos-irreversibles-se-podra-retirar-hidratacion-y-nutricion\\\/#primaryimage\"},\"thumbnailUrl\":\"https:\\\/\\\/www.eldiariodetucuman.com\\\/web\\\/wp-content\\\/uploads\\\/2016\\\/12\\\/muerte_digna_2.jpg\",\"datePublished\":\"2016-12-22T16:41:35+00:00\",\"breadcrumb\":{\"@id\":\"https:\\\/\\\/www.eldiariodetucuman.com\\\/web\\\/muerte-digna-cambios-en-casos-irreversibles-se-podra-retirar-hidratacion-y-nutricion\\\/#breadcrumb\"},\"inLanguage\":\"es\",\"potentialAction\":[{\"@type\":\"ReadAction\",\"target\":[\"https:\\\/\\\/www.eldiariodetucuman.com\\\/web\\\/muerte-digna-cambios-en-casos-irreversibles-se-podra-retirar-hidratacion-y-nutricion\\\/\"]}]},{\"@type\":\"ImageObject\",\"inLanguage\":\"es\",\"@id\":\"https:\\\/\\\/www.eldiariodetucuman.com\\\/web\\\/muerte-digna-cambios-en-casos-irreversibles-se-podra-retirar-hidratacion-y-nutricion\\\/#primaryimage\",\"url\":\"https:\\\/\\\/www.eldiariodetucuman.com\\\/web\\\/wp-content\\\/uploads\\\/2016\\\/12\\\/muerte_digna_2.jpg\",\"contentUrl\":\"https:\\\/\\\/www.eldiariodetucuman.com\\\/web\\\/wp-content\\\/uploads\\\/2016\\\/12\\\/muerte_digna_2.jpg\",\"width\":368,\"height\":217},{\"@type\":\"BreadcrumbList\",\"@id\":\"https:\\\/\\\/www.eldiariodetucuman.com\\\/web\\\/muerte-digna-cambios-en-casos-irreversibles-se-podra-retirar-hidratacion-y-nutricion\\\/#breadcrumb\",\"itemListElement\":[{\"@type\":\"ListItem\",\"position\":1,\"name\":\"Portada\",\"item\":\"https:\\\/\\\/www.eldiariodetucuman.com\\\/web\\\/\"},{\"@type\":\"ListItem\",\"position\":2,\"name\":\"MUERTE DIGNA | Cambios, en casos irreversibles, se podr\u00e1 retirar hidrataci\u00f3n y nutrici\u00f3n\"}]},{\"@type\":\"WebSite\",\"@id\":\"https:\\\/\\\/www.eldiariodetucuman.com\\\/web\\\/#website\",\"url\":\"https:\\\/\\\/www.eldiariodetucuman.com\\\/web\\\/\",\"name\":\"El Diario de Tucuman\",\"description\":\"Diario Tucuman - Informaci\u00f3n y noticias\",\"publisher\":{\"@id\":\"https:\\\/\\\/www.eldiariodetucuman.com\\\/web\\\/#organization\"},\"potentialAction\":[{\"@type\":\"SearchAction\",\"target\":{\"@type\":\"EntryPoint\",\"urlTemplate\":\"https:\\\/\\\/www.eldiariodetucuman.com\\\/web\\\/?s={search_term_string}\"},\"query-input\":{\"@type\":\"PropertyValueSpecification\",\"valueRequired\":true,\"valueName\":\"search_term_string\"}}],\"inLanguage\":\"es\"},{\"@type\":\"Organization\",\"@id\":\"https:\\\/\\\/www.eldiariodetucuman.com\\\/web\\\/#organization\",\"name\":\"El Diario de Tucuman\",\"url\":\"https:\\\/\\\/www.eldiariodetucuman.com\\\/web\\\/\",\"logo\":{\"@type\":\"ImageObject\",\"inLanguage\":\"es\",\"@id\":\"https:\\\/\\\/www.eldiariodetucuman.com\\\/web\\\/#\\\/schema\\\/logo\\\/image\\\/\",\"url\":\"http:\\\/\\\/www.eldiariodetucuman.com\\\/web\\\/wp-content\\\/uploads\\\/2017\\\/12\\\/el-diario-de-tucuman.jpg\",\"contentUrl\":\"http:\\\/\\\/www.eldiariodetucuman.com\\\/web\\\/wp-content\\\/uploads\\\/2017\\\/12\\\/el-diario-de-tucuman.jpg\",\"width\":272,\"height\":92,\"caption\":\"El Diario de Tucuman\"},\"image\":{\"@id\":\"https:\\\/\\\/www.eldiariodetucuman.com\\\/web\\\/#\\\/schema\\\/logo\\\/image\\\/\"}},{\"@type\":\"Person\",\"@id\":\"https:\\\/\\\/www.eldiariodetucuman.com\\\/web\\\/#\\\/schema\\\/person\\\/3adbe300ecd6242af93c97dab1dc3ba1\",\"name\":\"El diario de Tucuman\",\"image\":{\"@type\":\"ImageObject\",\"inLanguage\":\"es\",\"@id\":\"https:\\\/\\\/secure.gravatar.com\\\/avatar\\\/b7214de193b24d0bd708ac5516aa13d0f20c6560795bfbee06857d5c8ac2f0b2?s=96&d=mm&r=g\",\"url\":\"https:\\\/\\\/secure.gravatar.com\\\/avatar\\\/b7214de193b24d0bd708ac5516aa13d0f20c6560795bfbee06857d5c8ac2f0b2?s=96&d=mm&r=g\",\"contentUrl\":\"https:\\\/\\\/secure.gravatar.com\\\/avatar\\\/b7214de193b24d0bd708ac5516aa13d0f20c6560795bfbee06857d5c8ac2f0b2?s=96&d=mm&r=g\",\"caption\":\"El diario de Tucuman\"},\"url\":\"https:\\\/\\\/www.eldiariodetucuman.com\\\/web\\\/author\\\/mgiobellina\\\/\"}]}<\/script>\n<!-- \/ Yoast SEO plugin. -->","yoast_head_json":{"title":"MUERTE DIGNA | Cambios, en casos irreversibles, se podr\u00e1 retirar hidrataci\u00f3n y nutrici\u00f3n - El Diario de Tucuman","robots":{"index":"index","follow":"follow","max-snippet":"max-snippet:-1","max-image-preview":"max-image-preview:large","max-video-preview":"max-video-preview:-1"},"canonical":"https:\/\/www.eldiariodetucuman.com\/web\/muerte-digna-cambios-en-casos-irreversibles-se-podra-retirar-hidratacion-y-nutricion\/","og_locale":"es_ES","og_type":"article","og_title":"MUERTE DIGNA | Cambios, en casos irreversibles, se podr\u00e1 retirar hidrataci\u00f3n y nutrici\u00f3n - El Diario de Tucuman","og_description":"No sin pol\u00e9mica, y despu\u00e9s de varios meses de debate y consultas a diversos expertos e instituciones, la Unicameral aprob\u00f3 anoche por mayor\u00eda \u2013hubo tres votos en contra\u2013 la modificaci\u00f3n a la ley provincial de Declaraci\u00f3n de Voluntad Anticipada de Muerte Digna 10.058.","og_url":"https:\/\/www.eldiariodetucuman.com\/web\/muerte-digna-cambios-en-casos-irreversibles-se-podra-retirar-hidratacion-y-nutricion\/","og_site_name":"El Diario de Tucuman","article_published_time":"2016-12-22T16:41:35+00:00","og_image":[{"width":368,"height":217,"url":"https:\/\/www.eldiariodetucuman.com\/web\/wp-content\/uploads\/2016\/12\/muerte_digna_2.jpg","type":"image\/jpeg"}],"author":"El diario de Tucuman","twitter_card":"summary_large_image","twitter_misc":{"Escrito por":"El diario de Tucuman","Tiempo de lectura":"4 minutos"},"schema":{"@context":"https:\/\/schema.org","@graph":[{"@type":"Article","@id":"https:\/\/www.eldiariodetucuman.com\/web\/muerte-digna-cambios-en-casos-irreversibles-se-podra-retirar-hidratacion-y-nutricion\/#article","isPartOf":{"@id":"https:\/\/www.eldiariodetucuman.com\/web\/muerte-digna-cambios-en-casos-irreversibles-se-podra-retirar-hidratacion-y-nutricion\/"},"author":{"name":"El diario de Tucuman","@id":"https:\/\/www.eldiariodetucuman.com\/web\/#\/schema\/person\/3adbe300ecd6242af93c97dab1dc3ba1"},"headline":"MUERTE DIGNA | Cambios, en casos irreversibles, se podr\u00e1 retirar hidrataci\u00f3n y nutrici\u00f3n","datePublished":"2016-12-22T16:41:35+00:00","mainEntityOfPage":{"@id":"https:\/\/www.eldiariodetucuman.com\/web\/muerte-digna-cambios-en-casos-irreversibles-se-podra-retirar-hidratacion-y-nutricion\/"},"wordCount":881,"publisher":{"@id":"https:\/\/www.eldiariodetucuman.com\/web\/#organization"},"image":{"@id":"https:\/\/www.eldiariodetucuman.com\/web\/muerte-digna-cambios-en-casos-irreversibles-se-podra-retirar-hidratacion-y-nutricion\/#primaryimage"},"thumbnailUrl":"https:\/\/www.eldiariodetucuman.com\/web\/wp-content\/uploads\/2016\/12\/muerte_digna_2.jpg","keywords":["El Diario de Tucuman","salud"],"articleSection":["Salud"],"inLanguage":"es"},{"@type":"WebPage","@id":"https:\/\/www.eldiariodetucuman.com\/web\/muerte-digna-cambios-en-casos-irreversibles-se-podra-retirar-hidratacion-y-nutricion\/","url":"https:\/\/www.eldiariodetucuman.com\/web\/muerte-digna-cambios-en-casos-irreversibles-se-podra-retirar-hidratacion-y-nutricion\/","name":"MUERTE DIGNA | Cambios, en casos irreversibles, se podr\u00e1 retirar hidrataci\u00f3n y nutrici\u00f3n - El Diario de Tucuman","isPartOf":{"@id":"https:\/\/www.eldiariodetucuman.com\/web\/#website"},"primaryImageOfPage":{"@id":"https:\/\/www.eldiariodetucuman.com\/web\/muerte-digna-cambios-en-casos-irreversibles-se-podra-retirar-hidratacion-y-nutricion\/#primaryimage"},"image":{"@id":"https:\/\/www.eldiariodetucuman.com\/web\/muerte-digna-cambios-en-casos-irreversibles-se-podra-retirar-hidratacion-y-nutricion\/#primaryimage"},"thumbnailUrl":"https:\/\/www.eldiariodetucuman.com\/web\/wp-content\/uploads\/2016\/12\/muerte_digna_2.jpg","datePublished":"2016-12-22T16:41:35+00:00","breadcrumb":{"@id":"https:\/\/www.eldiariodetucuman.com\/web\/muerte-digna-cambios-en-casos-irreversibles-se-podra-retirar-hidratacion-y-nutricion\/#breadcrumb"},"inLanguage":"es","potentialAction":[{"@type":"ReadAction","target":["https:\/\/www.eldiariodetucuman.com\/web\/muerte-digna-cambios-en-casos-irreversibles-se-podra-retirar-hidratacion-y-nutricion\/"]}]},{"@type":"ImageObject","inLanguage":"es","@id":"https:\/\/www.eldiariodetucuman.com\/web\/muerte-digna-cambios-en-casos-irreversibles-se-podra-retirar-hidratacion-y-nutricion\/#primaryimage","url":"https:\/\/www.eldiariodetucuman.com\/web\/wp-content\/uploads\/2016\/12\/muerte_digna_2.jpg","contentUrl":"https:\/\/www.eldiariodetucuman.com\/web\/wp-content\/uploads\/2016\/12\/muerte_digna_2.jpg","width":368,"height":217},{"@type":"BreadcrumbList","@id":"https:\/\/www.eldiariodetucuman.com\/web\/muerte-digna-cambios-en-casos-irreversibles-se-podra-retirar-hidratacion-y-nutricion\/#breadcrumb","itemListElement":[{"@type":"ListItem","position":1,"name":"Portada","item":"https:\/\/www.eldiariodetucuman.com\/web\/"},{"@type":"ListItem","position":2,"name":"MUERTE DIGNA | Cambios, en casos irreversibles, se podr\u00e1 retirar hidrataci\u00f3n y nutrici\u00f3n"}]},{"@type":"WebSite","@id":"https:\/\/www.eldiariodetucuman.com\/web\/#website","url":"https:\/\/www.eldiariodetucuman.com\/web\/","name":"El Diario de Tucuman","description":"Diario Tucuman - Informaci\u00f3n y noticias","publisher":{"@id":"https:\/\/www.eldiariodetucuman.com\/web\/#organization"},"potentialAction":[{"@type":"SearchAction","target":{"@type":"EntryPoint","urlTemplate":"https:\/\/www.eldiariodetucuman.com\/web\/?s={search_term_string}"},"query-input":{"@type":"PropertyValueSpecification","valueRequired":true,"valueName":"search_term_string"}}],"inLanguage":"es"},{"@type":"Organization","@id":"https:\/\/www.eldiariodetucuman.com\/web\/#organization","name":"El Diario de Tucuman","url":"https:\/\/www.eldiariodetucuman.com\/web\/","logo":{"@type":"ImageObject","inLanguage":"es","@id":"https:\/\/www.eldiariodetucuman.com\/web\/#\/schema\/logo\/image\/","url":"http:\/\/www.eldiariodetucuman.com\/web\/wp-content\/uploads\/2017\/12\/el-diario-de-tucuman.jpg","contentUrl":"http:\/\/www.eldiariodetucuman.com\/web\/wp-content\/uploads\/2017\/12\/el-diario-de-tucuman.jpg","width":272,"height":92,"caption":"El Diario de Tucuman"},"image":{"@id":"https:\/\/www.eldiariodetucuman.com\/web\/#\/schema\/logo\/image\/"}},{"@type":"Person","@id":"https:\/\/www.eldiariodetucuman.com\/web\/#\/schema\/person\/3adbe300ecd6242af93c97dab1dc3ba1","name":"El diario de Tucuman","image":{"@type":"ImageObject","inLanguage":"es","@id":"https:\/\/secure.gravatar.com\/avatar\/b7214de193b24d0bd708ac5516aa13d0f20c6560795bfbee06857d5c8ac2f0b2?s=96&d=mm&r=g","url":"https:\/\/secure.gravatar.com\/avatar\/b7214de193b24d0bd708ac5516aa13d0f20c6560795bfbee06857d5c8ac2f0b2?s=96&d=mm&r=g","contentUrl":"https:\/\/secure.gravatar.com\/avatar\/b7214de193b24d0bd708ac5516aa13d0f20c6560795bfbee06857d5c8ac2f0b2?s=96&d=mm&r=g","caption":"El diario de Tucuman"},"url":"https:\/\/www.eldiariodetucuman.com\/web\/author\/mgiobellina\/"}]}},"_links":{"self":[{"href":"https:\/\/www.eldiariodetucuman.com\/web\/wp-json\/wp\/v2\/posts\/2312","targetHints":{"allow":["GET"]}}],"collection":[{"href":"https:\/\/www.eldiariodetucuman.com\/web\/wp-json\/wp\/v2\/posts"}],"about":[{"href":"https:\/\/www.eldiariodetucuman.com\/web\/wp-json\/wp\/v2\/types\/post"}],"author":[{"embeddable":true,"href":"https:\/\/www.eldiariodetucuman.com\/web\/wp-json\/wp\/v2\/users\/3"}],"replies":[{"embeddable":true,"href":"https:\/\/www.eldiariodetucuman.com\/web\/wp-json\/wp\/v2\/comments?post=2312"}],"version-history":[{"count":1,"href":"https:\/\/www.eldiariodetucuman.com\/web\/wp-json\/wp\/v2\/posts\/2312\/revisions"}],"predecessor-version":[{"id":2314,"href":"https:\/\/www.eldiariodetucuman.com\/web\/wp-json\/wp\/v2\/posts\/2312\/revisions\/2314"}],"wp:featuredmedia":[{"embeddable":true,"href":"https:\/\/www.eldiariodetucuman.com\/web\/wp-json\/wp\/v2\/media\/2313"}],"wp:attachment":[{"href":"https:\/\/www.eldiariodetucuman.com\/web\/wp-json\/wp\/v2\/media?parent=2312"}],"wp:term":[{"taxonomy":"category","embeddable":true,"href":"https:\/\/www.eldiariodetucuman.com\/web\/wp-json\/wp\/v2\/categories?post=2312"},{"taxonomy":"post_tag","embeddable":true,"href":"https:\/\/www.eldiariodetucuman.com\/web\/wp-json\/wp\/v2\/tags?post=2312"}],"curies":[{"name":"wp","href":"https:\/\/api.w.org\/{rel}","templated":true}]}}