{"id":2304,"date":"2016-12-22T16:24:51","date_gmt":"2016-12-22T16:24:51","guid":{"rendered":"http:\/\/www.eldiariodetucuman.com\/web\/?p=2304"},"modified":"2016-12-22T16:24:51","modified_gmt":"2016-12-22T16:24:51","slug":"este-brazo-robotico-puede-devolver-el-sentido-del-tacto-a-personas-sin-brazos","status":"publish","type":"post","link":"https:\/\/www.eldiariodetucuman.com\/web\/este-brazo-robotico-puede-devolver-el-sentido-del-tacto-a-personas-sin-brazos\/","title":{"rendered":"Este brazo rob\u00f3tico puede devolver el sentido del tacto a personas sin brazos"},"content":{"rendered":"<p>El desarrollo de nuevas pr\u00f3tesis rob\u00f3ticas experimentales, en algunos casos controladas por el cerebro, est\u00e1n permitiendo que personas con extremidades amputadas puedan recuperar, en cierta forma, el sentido del tacto.<!--more--><\/p>\n<p>Cient\u00edficos estadounidense de las universidades de <a href=\"http:\/\/www.case.edu\/\" target=\"_blank\">Case Western<\/a> y <a href=\"http:\/\/www.uchicago.edu\/\" target=\"_blank\">Chicago<\/a> desarrollaron una pr\u00f3tesis que transmite la sensaci\u00f3n de tacto para determinar la presi\u00f3n que se tiene que aplicar a un objeto y la probaron con dos pacientes que tienen una mano amputada.<\/p>\n<p><iframe loading=\"lazy\" title=\"Providing a Sense of Touch through a Brain-Machine Interface\" width=\"696\" height=\"392\" src=\"https:\/\/www.youtube.com\/embed\/A4BR4Iqfy7w?feature=oembed\" frameborder=\"0\" allow=\"accelerometer; autoplay; clipboard-write; encrypted-media; gyroscope; picture-in-picture; web-share\" allowfullscreen><\/iframe><\/p>\n<p>Los ingenieros y cient\u00edficos recrearon con impulsos el\u00e9ctricos el modo en que el sistema nervioso interpreta la percepci\u00f3n t\u00e1ctil. Una vez probada, los pacientes destacaron la posibilidad de dar apretones de manos, caricias o manejar objetos.<\/p>\n<blockquote>\n<div class=\"quoteIcon\" style=\"text-align: left;\">\u00a0El Darpa present\u00f3 en septiembre una pr\u00f3tesis rob\u00f3tica conectada directamente al cerebro de un paciente con las manos amputadas, quien durante las pruebas asegur\u00f3 que sent\u00eda como si le estuvieran tocando su propia mano.<\/div>\n<\/blockquote>\n<p>Un chip implantado en el cerebro fue tambi\u00e9n la manera de que un joven tetrapl\u00e9jico pudiera recuperar la movilidad en los dedos y la mano.<\/p>\n<blockquote>\n<div class=\"quoteIcon\"><\/div>\n<p>Las investigaciones con sensores que captan la actividad neuronal hab\u00edan permitido hasta ahora transmitir se\u00f1ales cerebrales a brazos articulados externos, pero es la primera vez que se restaura la movilidad en las extremidades de un paciente con par\u00e1lisis.<\/p>\n<div class=\"quoteSocial\"><\/div>\n<\/blockquote>\n<p>A lo largo del a\u00f1o, varias fueron las revistas cient\u00edficas y m\u00e9dicas que publicaron estudios sobre el implante de chips en el cerebro para tratar de recuperar el tacto o la movilidad, ya sea a trav\u00e9s de un brazo rob\u00f3tico o con la propia extremidad del paciente.<\/p>\n<p>Uno de esos estudios de la Universidad John Hopkins recog\u00eda la experiencia de un joven con un implante cerebral para controlar una pr\u00f3tesis rob\u00f3tica, que le permiti\u00f3 percibir \u00abuna sensaci\u00f3n natural\u00bb.<\/p>\n<p>La estimulaci\u00f3n de las \u00e1reas del cerebro es \u00absegura y las sensaciones evocadas son estables por meses\u00bb, aunque se necesita a\u00fan \u00abmucha investigaci\u00f3n\u00bb para entender mejor los patrones de estimulaci\u00f3n para ayudar a que los pacientes hagan mejores movimientos\u00bb, explic\u00f3 uno de los autores del estudio Andrew Schwartz.<\/p>\n<p>Uno de los \u00faltimos avances publicado este a\u00f1o es un exoesqueleto para la mano controlado por el cerebro que permite a personas parapl\u00e9jicas usar cubiertos y vasos sin ayuda, adem\u00e1s de no tener que someterse a una cirug\u00eda para implantar el mecanismo en el cerebro y por su tama\u00f1o puede usarse fuera del laboratorio.<\/p>\n<p>Otra t\u00e9cnica con prometedores resultados, pero usada hasta ahora solo en animales es implantar estructuras de tejido vivo fabricadas con una sofisticada impresora 3D.<\/p>\n<p>Un estudio publicado en Nature daba cuenta de este posible avance para la medicina regenerativa, obra del estadounidense Wake Forest Baptist Medical Center, y que sugiere que esas estructuras podr\u00edan ser implantadas en el futuro en personas.<\/p>\n","protected":false},"excerpt":{"rendered":"<p>El desarrollo de nuevas pr\u00f3tesis rob\u00f3ticas experimentales, en algunos casos controladas por el cerebro, est\u00e1n permitiendo que personas con extremidades amputadas puedan recuperar, en cierta forma, el sentido del tacto.<\/p>\n","protected":false},"author":3,"featured_media":2305,"comment_status":"closed","ping_status":"open","sticky":false,"template":"","format":"standard","meta":{"footnotes":""},"categories":[154],"tags":[7,631,629],"class_list":{"0":"post-2304","1":"post","2":"type-post","3":"status-publish","4":"format-standard","5":"has-post-thumbnail","7":"category-ciencia-y-tecnologia","8":"tag-el-diario-de-tucuman","9":"tag-recuperar-la-sensibilidad","10":"tag-robotico"},"yoast_head":"<!-- This site is optimized with the Yoast SEO plugin v27.4 - https:\/\/yoast.com\/product\/yoast-seo-wordpress\/ -->\n<title>Este brazo rob\u00f3tico puede devolver el sentido del tacto a personas sin brazos - El Diario de Tucuman<\/title>\n<meta name=\"robots\" content=\"index, follow, max-snippet:-1, max-image-preview:large, max-video-preview:-1\" \/>\n<link rel=\"canonical\" href=\"https:\/\/www.eldiariodetucuman.com\/web\/este-brazo-robotico-puede-devolver-el-sentido-del-tacto-a-personas-sin-brazos\/\" \/>\n<meta property=\"og:locale\" content=\"es_ES\" \/>\n<meta property=\"og:type\" content=\"article\" \/>\n<meta property=\"og:title\" content=\"Este brazo rob\u00f3tico puede devolver el sentido del tacto a personas sin brazos - El Diario de Tucuman\" \/>\n<meta property=\"og:description\" content=\"El desarrollo de nuevas pr\u00f3tesis rob\u00f3ticas experimentales, en algunos casos controladas por el cerebro, est\u00e1n permitiendo que personas con extremidades amputadas puedan recuperar, en cierta forma, el sentido del tacto.\" \/>\n<meta property=\"og:url\" content=\"https:\/\/www.eldiariodetucuman.com\/web\/este-brazo-robotico-puede-devolver-el-sentido-del-tacto-a-personas-sin-brazos\/\" \/>\n<meta property=\"og:site_name\" content=\"El Diario de Tucuman\" \/>\n<meta property=\"article:published_time\" content=\"2016-12-22T16:24:51+00:00\" \/>\n<meta property=\"og:image\" content=\"https:\/\/www.eldiariodetucuman.com\/web\/wp-content\/uploads\/2016\/12\/robotic-arm.jpg\" \/>\n\t<meta property=\"og:image:width\" content=\"400\" \/>\n\t<meta property=\"og:image:height\" content=\"206\" \/>\n\t<meta property=\"og:image:type\" content=\"image\/jpeg\" \/>\n<meta name=\"author\" content=\"El diario de Tucuman\" \/>\n<meta name=\"twitter:card\" content=\"summary_large_image\" \/>\n<meta name=\"twitter:label1\" content=\"Escrito por\" \/>\n\t<meta name=\"twitter:data1\" content=\"El diario de Tucuman\" \/>\n\t<meta name=\"twitter:label2\" content=\"Tiempo de lectura\" \/>\n\t<meta name=\"twitter:data2\" content=\"2 minutos\" \/>\n<script type=\"application\/ld+json\" class=\"yoast-schema-graph\">{\"@context\":\"https:\\\/\\\/schema.org\",\"@graph\":[{\"@type\":\"Article\",\"@id\":\"https:\\\/\\\/www.eldiariodetucuman.com\\\/web\\\/este-brazo-robotico-puede-devolver-el-sentido-del-tacto-a-personas-sin-brazos\\\/#article\",\"isPartOf\":{\"@id\":\"https:\\\/\\\/www.eldiariodetucuman.com\\\/web\\\/este-brazo-robotico-puede-devolver-el-sentido-del-tacto-a-personas-sin-brazos\\\/\"},\"author\":{\"name\":\"El diario de Tucuman\",\"@id\":\"https:\\\/\\\/www.eldiariodetucuman.com\\\/web\\\/#\\\/schema\\\/person\\\/3adbe300ecd6242af93c97dab1dc3ba1\"},\"headline\":\"Este brazo rob\u00f3tico puede devolver el sentido del tacto a personas sin brazos\",\"datePublished\":\"2016-12-22T16:24:51+00:00\",\"mainEntityOfPage\":{\"@id\":\"https:\\\/\\\/www.eldiariodetucuman.com\\\/web\\\/este-brazo-robotico-puede-devolver-el-sentido-del-tacto-a-personas-sin-brazos\\\/\"},\"wordCount\":506,\"publisher\":{\"@id\":\"https:\\\/\\\/www.eldiariodetucuman.com\\\/web\\\/#organization\"},\"image\":{\"@id\":\"https:\\\/\\\/www.eldiariodetucuman.com\\\/web\\\/este-brazo-robotico-puede-devolver-el-sentido-del-tacto-a-personas-sin-brazos\\\/#primaryimage\"},\"thumbnailUrl\":\"https:\\\/\\\/www.eldiariodetucuman.com\\\/web\\\/wp-content\\\/uploads\\\/2016\\\/12\\\/robotic-arm.jpg\",\"keywords\":[\"El Diario de Tucuman\",\"recuperar la sensibilidad\",\"robotico\"],\"articleSection\":[\"ciencia y tecnologia\"],\"inLanguage\":\"es\"},{\"@type\":\"WebPage\",\"@id\":\"https:\\\/\\\/www.eldiariodetucuman.com\\\/web\\\/este-brazo-robotico-puede-devolver-el-sentido-del-tacto-a-personas-sin-brazos\\\/\",\"url\":\"https:\\\/\\\/www.eldiariodetucuman.com\\\/web\\\/este-brazo-robotico-puede-devolver-el-sentido-del-tacto-a-personas-sin-brazos\\\/\",\"name\":\"Este brazo rob\u00f3tico puede devolver el sentido del tacto a personas sin brazos - El Diario de Tucuman\",\"isPartOf\":{\"@id\":\"https:\\\/\\\/www.eldiariodetucuman.com\\\/web\\\/#website\"},\"primaryImageOfPage\":{\"@id\":\"https:\\\/\\\/www.eldiariodetucuman.com\\\/web\\\/este-brazo-robotico-puede-devolver-el-sentido-del-tacto-a-personas-sin-brazos\\\/#primaryimage\"},\"image\":{\"@id\":\"https:\\\/\\\/www.eldiariodetucuman.com\\\/web\\\/este-brazo-robotico-puede-devolver-el-sentido-del-tacto-a-personas-sin-brazos\\\/#primaryimage\"},\"thumbnailUrl\":\"https:\\\/\\\/www.eldiariodetucuman.com\\\/web\\\/wp-content\\\/uploads\\\/2016\\\/12\\\/robotic-arm.jpg\",\"datePublished\":\"2016-12-22T16:24:51+00:00\",\"breadcrumb\":{\"@id\":\"https:\\\/\\\/www.eldiariodetucuman.com\\\/web\\\/este-brazo-robotico-puede-devolver-el-sentido-del-tacto-a-personas-sin-brazos\\\/#breadcrumb\"},\"inLanguage\":\"es\",\"potentialAction\":[{\"@type\":\"ReadAction\",\"target\":[\"https:\\\/\\\/www.eldiariodetucuman.com\\\/web\\\/este-brazo-robotico-puede-devolver-el-sentido-del-tacto-a-personas-sin-brazos\\\/\"]}]},{\"@type\":\"ImageObject\",\"inLanguage\":\"es\",\"@id\":\"https:\\\/\\\/www.eldiariodetucuman.com\\\/web\\\/este-brazo-robotico-puede-devolver-el-sentido-del-tacto-a-personas-sin-brazos\\\/#primaryimage\",\"url\":\"https:\\\/\\\/www.eldiariodetucuman.com\\\/web\\\/wp-content\\\/uploads\\\/2016\\\/12\\\/robotic-arm.jpg\",\"contentUrl\":\"https:\\\/\\\/www.eldiariodetucuman.com\\\/web\\\/wp-content\\\/uploads\\\/2016\\\/12\\\/robotic-arm.jpg\",\"width\":400,\"height\":206},{\"@type\":\"BreadcrumbList\",\"@id\":\"https:\\\/\\\/www.eldiariodetucuman.com\\\/web\\\/este-brazo-robotico-puede-devolver-el-sentido-del-tacto-a-personas-sin-brazos\\\/#breadcrumb\",\"itemListElement\":[{\"@type\":\"ListItem\",\"position\":1,\"name\":\"Portada\",\"item\":\"https:\\\/\\\/www.eldiariodetucuman.com\\\/web\\\/\"},{\"@type\":\"ListItem\",\"position\":2,\"name\":\"Este brazo rob\u00f3tico puede devolver el sentido del tacto a personas sin brazos\"}]},{\"@type\":\"WebSite\",\"@id\":\"https:\\\/\\\/www.eldiariodetucuman.com\\\/web\\\/#website\",\"url\":\"https:\\\/\\\/www.eldiariodetucuman.com\\\/web\\\/\",\"name\":\"El Diario de Tucuman\",\"description\":\"Diario Tucuman - Informaci\u00f3n y noticias\",\"publisher\":{\"@id\":\"https:\\\/\\\/www.eldiariodetucuman.com\\\/web\\\/#organization\"},\"potentialAction\":[{\"@type\":\"SearchAction\",\"target\":{\"@type\":\"EntryPoint\",\"urlTemplate\":\"https:\\\/\\\/www.eldiariodetucuman.com\\\/web\\\/?s={search_term_string}\"},\"query-input\":{\"@type\":\"PropertyValueSpecification\",\"valueRequired\":true,\"valueName\":\"search_term_string\"}}],\"inLanguage\":\"es\"},{\"@type\":\"Organization\",\"@id\":\"https:\\\/\\\/www.eldiariodetucuman.com\\\/web\\\/#organization\",\"name\":\"El Diario de Tucuman\",\"url\":\"https:\\\/\\\/www.eldiariodetucuman.com\\\/web\\\/\",\"logo\":{\"@type\":\"ImageObject\",\"inLanguage\":\"es\",\"@id\":\"https:\\\/\\\/www.eldiariodetucuman.com\\\/web\\\/#\\\/schema\\\/logo\\\/image\\\/\",\"url\":\"http:\\\/\\\/www.eldiariodetucuman.com\\\/web\\\/wp-content\\\/uploads\\\/2017\\\/12\\\/el-diario-de-tucuman.jpg\",\"contentUrl\":\"http:\\\/\\\/www.eldiariodetucuman.com\\\/web\\\/wp-content\\\/uploads\\\/2017\\\/12\\\/el-diario-de-tucuman.jpg\",\"width\":272,\"height\":92,\"caption\":\"El Diario de Tucuman\"},\"image\":{\"@id\":\"https:\\\/\\\/www.eldiariodetucuman.com\\\/web\\\/#\\\/schema\\\/logo\\\/image\\\/\"}},{\"@type\":\"Person\",\"@id\":\"https:\\\/\\\/www.eldiariodetucuman.com\\\/web\\\/#\\\/schema\\\/person\\\/3adbe300ecd6242af93c97dab1dc3ba1\",\"name\":\"El diario de Tucuman\",\"image\":{\"@type\":\"ImageObject\",\"inLanguage\":\"es\",\"@id\":\"https:\\\/\\\/secure.gravatar.com\\\/avatar\\\/b7214de193b24d0bd708ac5516aa13d0f20c6560795bfbee06857d5c8ac2f0b2?s=96&d=mm&r=g\",\"url\":\"https:\\\/\\\/secure.gravatar.com\\\/avatar\\\/b7214de193b24d0bd708ac5516aa13d0f20c6560795bfbee06857d5c8ac2f0b2?s=96&d=mm&r=g\",\"contentUrl\":\"https:\\\/\\\/secure.gravatar.com\\\/avatar\\\/b7214de193b24d0bd708ac5516aa13d0f20c6560795bfbee06857d5c8ac2f0b2?s=96&d=mm&r=g\",\"caption\":\"El diario de Tucuman\"},\"url\":\"https:\\\/\\\/www.eldiariodetucuman.com\\\/web\\\/author\\\/mgiobellina\\\/\"}]}<\/script>\n<!-- \/ Yoast SEO plugin. -->","yoast_head_json":{"title":"Este brazo rob\u00f3tico puede devolver el sentido del tacto a personas sin brazos - El Diario de Tucuman","robots":{"index":"index","follow":"follow","max-snippet":"max-snippet:-1","max-image-preview":"max-image-preview:large","max-video-preview":"max-video-preview:-1"},"canonical":"https:\/\/www.eldiariodetucuman.com\/web\/este-brazo-robotico-puede-devolver-el-sentido-del-tacto-a-personas-sin-brazos\/","og_locale":"es_ES","og_type":"article","og_title":"Este brazo rob\u00f3tico puede devolver el sentido del tacto a personas sin brazos - El Diario de Tucuman","og_description":"El desarrollo de nuevas pr\u00f3tesis rob\u00f3ticas experimentales, en algunos casos controladas por el cerebro, est\u00e1n permitiendo que personas con extremidades amputadas puedan recuperar, en cierta forma, el sentido del tacto.","og_url":"https:\/\/www.eldiariodetucuman.com\/web\/este-brazo-robotico-puede-devolver-el-sentido-del-tacto-a-personas-sin-brazos\/","og_site_name":"El Diario de Tucuman","article_published_time":"2016-12-22T16:24:51+00:00","og_image":[{"width":400,"height":206,"url":"https:\/\/www.eldiariodetucuman.com\/web\/wp-content\/uploads\/2016\/12\/robotic-arm.jpg","type":"image\/jpeg"}],"author":"El diario de Tucuman","twitter_card":"summary_large_image","twitter_misc":{"Escrito por":"El diario de Tucuman","Tiempo de lectura":"2 minutos"},"schema":{"@context":"https:\/\/schema.org","@graph":[{"@type":"Article","@id":"https:\/\/www.eldiariodetucuman.com\/web\/este-brazo-robotico-puede-devolver-el-sentido-del-tacto-a-personas-sin-brazos\/#article","isPartOf":{"@id":"https:\/\/www.eldiariodetucuman.com\/web\/este-brazo-robotico-puede-devolver-el-sentido-del-tacto-a-personas-sin-brazos\/"},"author":{"name":"El diario de Tucuman","@id":"https:\/\/www.eldiariodetucuman.com\/web\/#\/schema\/person\/3adbe300ecd6242af93c97dab1dc3ba1"},"headline":"Este brazo rob\u00f3tico puede devolver el sentido del tacto a personas sin brazos","datePublished":"2016-12-22T16:24:51+00:00","mainEntityOfPage":{"@id":"https:\/\/www.eldiariodetucuman.com\/web\/este-brazo-robotico-puede-devolver-el-sentido-del-tacto-a-personas-sin-brazos\/"},"wordCount":506,"publisher":{"@id":"https:\/\/www.eldiariodetucuman.com\/web\/#organization"},"image":{"@id":"https:\/\/www.eldiariodetucuman.com\/web\/este-brazo-robotico-puede-devolver-el-sentido-del-tacto-a-personas-sin-brazos\/#primaryimage"},"thumbnailUrl":"https:\/\/www.eldiariodetucuman.com\/web\/wp-content\/uploads\/2016\/12\/robotic-arm.jpg","keywords":["El Diario de Tucuman","recuperar la sensibilidad","robotico"],"articleSection":["ciencia y tecnologia"],"inLanguage":"es"},{"@type":"WebPage","@id":"https:\/\/www.eldiariodetucuman.com\/web\/este-brazo-robotico-puede-devolver-el-sentido-del-tacto-a-personas-sin-brazos\/","url":"https:\/\/www.eldiariodetucuman.com\/web\/este-brazo-robotico-puede-devolver-el-sentido-del-tacto-a-personas-sin-brazos\/","name":"Este brazo rob\u00f3tico puede devolver el sentido del tacto a personas sin brazos - El Diario de Tucuman","isPartOf":{"@id":"https:\/\/www.eldiariodetucuman.com\/web\/#website"},"primaryImageOfPage":{"@id":"https:\/\/www.eldiariodetucuman.com\/web\/este-brazo-robotico-puede-devolver-el-sentido-del-tacto-a-personas-sin-brazos\/#primaryimage"},"image":{"@id":"https:\/\/www.eldiariodetucuman.com\/web\/este-brazo-robotico-puede-devolver-el-sentido-del-tacto-a-personas-sin-brazos\/#primaryimage"},"thumbnailUrl":"https:\/\/www.eldiariodetucuman.com\/web\/wp-content\/uploads\/2016\/12\/robotic-arm.jpg","datePublished":"2016-12-22T16:24:51+00:00","breadcrumb":{"@id":"https:\/\/www.eldiariodetucuman.com\/web\/este-brazo-robotico-puede-devolver-el-sentido-del-tacto-a-personas-sin-brazos\/#breadcrumb"},"inLanguage":"es","potentialAction":[{"@type":"ReadAction","target":["https:\/\/www.eldiariodetucuman.com\/web\/este-brazo-robotico-puede-devolver-el-sentido-del-tacto-a-personas-sin-brazos\/"]}]},{"@type":"ImageObject","inLanguage":"es","@id":"https:\/\/www.eldiariodetucuman.com\/web\/este-brazo-robotico-puede-devolver-el-sentido-del-tacto-a-personas-sin-brazos\/#primaryimage","url":"https:\/\/www.eldiariodetucuman.com\/web\/wp-content\/uploads\/2016\/12\/robotic-arm.jpg","contentUrl":"https:\/\/www.eldiariodetucuman.com\/web\/wp-content\/uploads\/2016\/12\/robotic-arm.jpg","width":400,"height":206},{"@type":"BreadcrumbList","@id":"https:\/\/www.eldiariodetucuman.com\/web\/este-brazo-robotico-puede-devolver-el-sentido-del-tacto-a-personas-sin-brazos\/#breadcrumb","itemListElement":[{"@type":"ListItem","position":1,"name":"Portada","item":"https:\/\/www.eldiariodetucuman.com\/web\/"},{"@type":"ListItem","position":2,"name":"Este brazo rob\u00f3tico puede devolver el sentido del tacto a personas sin brazos"}]},{"@type":"WebSite","@id":"https:\/\/www.eldiariodetucuman.com\/web\/#website","url":"https:\/\/www.eldiariodetucuman.com\/web\/","name":"El Diario de Tucuman","description":"Diario Tucuman - Informaci\u00f3n y noticias","publisher":{"@id":"https:\/\/www.eldiariodetucuman.com\/web\/#organization"},"potentialAction":[{"@type":"SearchAction","target":{"@type":"EntryPoint","urlTemplate":"https:\/\/www.eldiariodetucuman.com\/web\/?s={search_term_string}"},"query-input":{"@type":"PropertyValueSpecification","valueRequired":true,"valueName":"search_term_string"}}],"inLanguage":"es"},{"@type":"Organization","@id":"https:\/\/www.eldiariodetucuman.com\/web\/#organization","name":"El Diario de Tucuman","url":"https:\/\/www.eldiariodetucuman.com\/web\/","logo":{"@type":"ImageObject","inLanguage":"es","@id":"https:\/\/www.eldiariodetucuman.com\/web\/#\/schema\/logo\/image\/","url":"http:\/\/www.eldiariodetucuman.com\/web\/wp-content\/uploads\/2017\/12\/el-diario-de-tucuman.jpg","contentUrl":"http:\/\/www.eldiariodetucuman.com\/web\/wp-content\/uploads\/2017\/12\/el-diario-de-tucuman.jpg","width":272,"height":92,"caption":"El Diario de Tucuman"},"image":{"@id":"https:\/\/www.eldiariodetucuman.com\/web\/#\/schema\/logo\/image\/"}},{"@type":"Person","@id":"https:\/\/www.eldiariodetucuman.com\/web\/#\/schema\/person\/3adbe300ecd6242af93c97dab1dc3ba1","name":"El diario de Tucuman","image":{"@type":"ImageObject","inLanguage":"es","@id":"https:\/\/secure.gravatar.com\/avatar\/b7214de193b24d0bd708ac5516aa13d0f20c6560795bfbee06857d5c8ac2f0b2?s=96&d=mm&r=g","url":"https:\/\/secure.gravatar.com\/avatar\/b7214de193b24d0bd708ac5516aa13d0f20c6560795bfbee06857d5c8ac2f0b2?s=96&d=mm&r=g","contentUrl":"https:\/\/secure.gravatar.com\/avatar\/b7214de193b24d0bd708ac5516aa13d0f20c6560795bfbee06857d5c8ac2f0b2?s=96&d=mm&r=g","caption":"El diario de Tucuman"},"url":"https:\/\/www.eldiariodetucuman.com\/web\/author\/mgiobellina\/"}]}},"_links":{"self":[{"href":"https:\/\/www.eldiariodetucuman.com\/web\/wp-json\/wp\/v2\/posts\/2304","targetHints":{"allow":["GET"]}}],"collection":[{"href":"https:\/\/www.eldiariodetucuman.com\/web\/wp-json\/wp\/v2\/posts"}],"about":[{"href":"https:\/\/www.eldiariodetucuman.com\/web\/wp-json\/wp\/v2\/types\/post"}],"author":[{"embeddable":true,"href":"https:\/\/www.eldiariodetucuman.com\/web\/wp-json\/wp\/v2\/users\/3"}],"replies":[{"embeddable":true,"href":"https:\/\/www.eldiariodetucuman.com\/web\/wp-json\/wp\/v2\/comments?post=2304"}],"version-history":[{"count":1,"href":"https:\/\/www.eldiariodetucuman.com\/web\/wp-json\/wp\/v2\/posts\/2304\/revisions"}],"predecessor-version":[{"id":2306,"href":"https:\/\/www.eldiariodetucuman.com\/web\/wp-json\/wp\/v2\/posts\/2304\/revisions\/2306"}],"wp:featuredmedia":[{"embeddable":true,"href":"https:\/\/www.eldiariodetucuman.com\/web\/wp-json\/wp\/v2\/media\/2305"}],"wp:attachment":[{"href":"https:\/\/www.eldiariodetucuman.com\/web\/wp-json\/wp\/v2\/media?parent=2304"}],"wp:term":[{"taxonomy":"category","embeddable":true,"href":"https:\/\/www.eldiariodetucuman.com\/web\/wp-json\/wp\/v2\/categories?post=2304"},{"taxonomy":"post_tag","embeddable":true,"href":"https:\/\/www.eldiariodetucuman.com\/web\/wp-json\/wp\/v2\/tags?post=2304"}],"curies":[{"name":"wp","href":"https:\/\/api.w.org\/{rel}","templated":true}]}}