{"id":2296,"date":"2016-12-22T15:55:58","date_gmt":"2016-12-22T15:55:58","guid":{"rendered":"http:\/\/www.eldiariodetucuman.com\/web\/?p=2296"},"modified":"2016-12-22T15:58:38","modified_gmt":"2016-12-22T15:58:38","slug":"el-el-diario-de-tucuman-con-amplio-apoyo-senado-aprobo-la-reforma-de-ganancias-que-acordo-el-gobierno-con-la-cgt","status":"publish","type":"post","link":"https:\/\/www.eldiariodetucuman.com\/web\/el-el-diario-de-tucuman-con-amplio-apoyo-senado-aprobo-la-reforma-de-ganancias-que-acordo-el-gobierno-con-la-cgt\/","title":{"rendered":"El Diario de Tucuman | Con amplio apoyo, Senado aprob\u00f3 la reforma de Ganancias que acord\u00f3 el Gobierno con la CGT"},"content":{"rendered":"<p>El proyecto obtuvo media sanci\u00f3n por 56 votos a favor, 2 en contra y 12 abstenciones. Ahora vuelve a Diputados, que ma\u00f1ana lo convertir\u00e1\u00a0en ley. <strong>El Diario de Tucuman<\/strong> te cuenta sobre este tema que puso en temperatura al diciembre de la gestion de Mauricio Macri.<!--more--><\/p>\n<p class=\"first-paragraph\">La C\u00e1mara de Senadores aprob\u00f3 esta tarde el proyecto de ley para reformar el Impuesto a las Ganancias, acordado entre el Gobierno, la CGT y los gobernadores. Fue por amplia mayor\u00eda de 56 votos a favor, 2 en contra y 12 abstenciones.<\/p>\n<div class=\"cont-embedImage\">\n<p><img decoding=\"async\" class=\"embedImage\" src=\"http:\/\/images.clarin.com\/politica\/Senado-Impuesto-Ganancias-Maxi-Failla_CLAIMA20161221_0282_17.jpg\" alt=\"El Senado aprob\u00f3 la reforma del Impuesto a las Ganancias. (Maxi Failla)\" \/><\/p>\n<p class=\"epiItem\">El Senado aprob\u00f3 la reforma del Impuesto a las Ganancias. (Maxi Failla)<\/p>\n<\/div>\n<p>Apoyaron la iniciativa los\u00a0miembros del interbloque de Cambiemos y la mayor parte de las bancadas peronistas, tanto del Frente para la Victoria como del PJ disidente.<\/p>\n<p>En cambio, Ruperto Godoy y Daniel P\u00e9rsico, del FpV rechazaron el proyecto y se abstuvieron diez senadores alineados con La C\u00e1mpora y el\u00a0ultrakirchnerismo, adem\u00e1s de Adolfo Rodr\u00edguez Sa\u00e1 y Liliana Negre, del PJ Federal de San Luis.<\/p>\n<p>La\u00a0iniciativa eleva el m\u00ednimo no imponible a 37.000 pesos brutos para los \u00a0casados con dos hijos, y a 28.000\u00a0para los solteros. Adem\u00e1s, se modifican las escalas, lo que dar\u00e1 progresividad al tributo; se incorporan deducciones por alquileres, horas extra en d\u00edas no laborables, \u00a0y por zona patag\u00f3nica.<\/p>\n<div class=\"cont-embedImage\">\n<p><img decoding=\"async\" class=\"embedImage aligncenter\" src=\"http:\/\/images.clarin.com\/politica\/Senado-Impuesto-Ganancias-Maxi-Failla_CLAIMA20161221_0283_17.jpg\" alt=\"El Senado aprob\u00f3 la reforma del Impuesto a las Ganancias. (Maxi Failla)\" \/><\/p>\n<p class=\"epiItem\">El Senado aprob\u00f3 la reforma del Impuesto a las Ganancias. (Maxi Failla)<\/p>\n<\/div>\n<p>El presidente de la Comisi\u00f3n de Presupuesto, Juan Manuel Abal Medina (PJ-FpV), abri\u00f3 el debate y destac\u00f3 el \u201cconsenso\u201d alcanzado en el proyecto por Ganancias. El senador admiti\u00f3 que durante el kirchnerismo no\u00a0se modificaron las escalas en el impuesto, y reproch\u00f3 al presidente Mauricio Macri no haber cumplido su promesa de campa\u00f1a de eliminar el tributo.<\/p>\n<p>Por su parte, el radical Julio Cobos consider\u00f3 que \u201chemos sabido encontrar una fuerte salida\u201d y resalt\u00f3 la \u00abapertura\u00bb\u00a0del Gobierno nacional, que convoc\u00f3 a distintos sectores para dialogar. El radical opin\u00f3 que \u201cel sistema tributario argentino debe ser reformulado\u00bb\u00a0para que \u201csea simple y f\u00e1cil de controlar\u201d.<\/p>\n<p>Parte del debate estuvo enfocado en las idas y vueltas con la reforma, que termin\u00f3 en este proyecto consensuado luego de que la oposici\u00f3n en Diputados, en una jugada muy fustigada por la Casa Rosada, le dio hace dos semanas media sanci\u00f3n a un proyecto unificado opositor, propin\u00e1ndole una dura derrota legislativa\u00a0al Gobierno, y logrando meter la reforma de Ganancias en la agenda de este a\u00f1o.<\/p>\n<p>De hecho, las abstenciones que provinieron mayormente del sector duro kirchnerista se justificaron en la insuficiencia de los cambios o en el apoyo al proyecto original de Axel Kicillof-Sergio Massa que hab\u00eda llegado de Diputados, y que sufri\u00f3 enormes modificaciones.<\/p>\n<div class=\"cont-embedImage\"><\/div>\n<p>El proyecto vuelve ahora a Diputados, donde esta misma tarde a las 19 est\u00e1 convocada la comisi\u00f3n de Presupuesto, para darle dictamen y no \u00abcorrer riesgos\u00bb, seg\u00fan se aduce, de no conseguir los dos tercios para habilitar el tratamiento sobre tablas. La sesi\u00f3n en el recinto de Diputados est\u00e1 prevista para ma\u00f1ana, y se da por descontado que el proyecto ser\u00e1 sancionado tambi\u00e9n con amplio consenso.<\/p>\n<p>Fuente:\u00a0http:\/\/www.clarin.com\/politica\/Senado-reforma-Ganancias-Gobierno-CGT_0_1709229209.html<\/p>\n","protected":false},"excerpt":{"rendered":"<p>El proyecto obtuvo media sanci\u00f3n por 56 votos a favor, 2 en contra y 12 abstenciones. Ahora vuelve a Diputados, que ma\u00f1ana lo convertir\u00e1\u00a0en ley. El Diario de Tucuman te cuenta sobre este tema que puso en temperatura al diciembre de la gestion de Mauricio Macri.<\/p>\n","protected":false},"author":3,"featured_media":2297,"comment_status":"closed","ping_status":"open","sticky":false,"template":"","format":"standard","meta":{"footnotes":""},"categories":[2],"tags":[7,253,573,625],"class_list":{"0":"post-2296","1":"post","2":"type-post","3":"status-publish","4":"format-standard","5":"has-post-thumbnail","7":"category-actualidad","8":"tag-el-diario-de-tucuman","9":"tag-ganancias","10":"tag-impuesto-a-las-ganancias","11":"tag-modificaciones"},"yoast_head":"<!-- This site is optimized with the Yoast SEO plugin v27.4 - https:\/\/yoast.com\/product\/yoast-seo-wordpress\/ -->\n<title>El Diario de Tucuman | Con amplio apoyo, Senado aprob\u00f3 la reforma de Ganancias que acord\u00f3 el Gobierno con la CGT - El Diario de Tucuman<\/title>\n<meta name=\"robots\" content=\"index, follow, max-snippet:-1, max-image-preview:large, max-video-preview:-1\" \/>\n<link rel=\"canonical\" href=\"https:\/\/www.eldiariodetucuman.com\/web\/el-el-diario-de-tucuman-con-amplio-apoyo-senado-aprobo-la-reforma-de-ganancias-que-acordo-el-gobierno-con-la-cgt\/\" \/>\n<meta property=\"og:locale\" content=\"es_ES\" \/>\n<meta property=\"og:type\" content=\"article\" \/>\n<meta property=\"og:title\" content=\"El Diario de Tucuman | Con amplio apoyo, Senado aprob\u00f3 la reforma de Ganancias que acord\u00f3 el Gobierno con la CGT - El Diario de Tucuman\" \/>\n<meta property=\"og:description\" content=\"El proyecto obtuvo media sanci\u00f3n por 56 votos a favor, 2 en contra y 12 abstenciones. Ahora vuelve a Diputados, que ma\u00f1ana lo convertir\u00e1\u00a0en ley. El Diario de Tucuman te cuenta sobre este tema que puso en temperatura al diciembre de la gestion de Mauricio Macri.\" \/>\n<meta property=\"og:url\" content=\"https:\/\/www.eldiariodetucuman.com\/web\/el-el-diario-de-tucuman-con-amplio-apoyo-senado-aprobo-la-reforma-de-ganancias-que-acordo-el-gobierno-con-la-cgt\/\" \/>\n<meta property=\"og:site_name\" content=\"El Diario de Tucuman\" \/>\n<meta property=\"article:published_time\" content=\"2016-12-22T15:55:58+00:00\" \/>\n<meta property=\"article:modified_time\" content=\"2016-12-22T15:58:38+00:00\" \/>\n<meta property=\"og:image\" content=\"https:\/\/www.eldiariodetucuman.com\/web\/wp-content\/uploads\/2016\/12\/El-Diario-de-tucuman-aproboaron-Ganancias.jpg\" \/>\n\t<meta property=\"og:image:width\" content=\"400\" \/>\n\t<meta property=\"og:image:height\" content=\"225\" \/>\n\t<meta property=\"og:image:type\" content=\"image\/jpeg\" \/>\n<meta name=\"author\" content=\"El diario de Tucuman\" \/>\n<meta name=\"twitter:card\" content=\"summary_large_image\" \/>\n<meta name=\"twitter:label1\" content=\"Escrito por\" \/>\n\t<meta name=\"twitter:data1\" content=\"El diario de Tucuman\" \/>\n\t<meta name=\"twitter:label2\" content=\"Tiempo de lectura\" \/>\n\t<meta name=\"twitter:data2\" content=\"3 minutos\" \/>\n<script type=\"application\/ld+json\" class=\"yoast-schema-graph\">{\"@context\":\"https:\\\/\\\/schema.org\",\"@graph\":[{\"@type\":\"Article\",\"@id\":\"https:\\\/\\\/www.eldiariodetucuman.com\\\/web\\\/el-el-diario-de-tucuman-con-amplio-apoyo-senado-aprobo-la-reforma-de-ganancias-que-acordo-el-gobierno-con-la-cgt\\\/#article\",\"isPartOf\":{\"@id\":\"https:\\\/\\\/www.eldiariodetucuman.com\\\/web\\\/el-el-diario-de-tucuman-con-amplio-apoyo-senado-aprobo-la-reforma-de-ganancias-que-acordo-el-gobierno-con-la-cgt\\\/\"},\"author\":{\"name\":\"El diario de Tucuman\",\"@id\":\"https:\\\/\\\/www.eldiariodetucuman.com\\\/web\\\/#\\\/schema\\\/person\\\/3adbe300ecd6242af93c97dab1dc3ba1\"},\"headline\":\"El Diario de Tucuman | Con amplio apoyo, Senado aprob\u00f3 la reforma de Ganancias que acord\u00f3 el Gobierno con la CGT\",\"datePublished\":\"2016-12-22T15:55:58+00:00\",\"dateModified\":\"2016-12-22T15:58:38+00:00\",\"mainEntityOfPage\":{\"@id\":\"https:\\\/\\\/www.eldiariodetucuman.com\\\/web\\\/el-el-diario-de-tucuman-con-amplio-apoyo-senado-aprobo-la-reforma-de-ganancias-que-acordo-el-gobierno-con-la-cgt\\\/\"},\"wordCount\":549,\"publisher\":{\"@id\":\"https:\\\/\\\/www.eldiariodetucuman.com\\\/web\\\/#organization\"},\"image\":{\"@id\":\"https:\\\/\\\/www.eldiariodetucuman.com\\\/web\\\/el-el-diario-de-tucuman-con-amplio-apoyo-senado-aprobo-la-reforma-de-ganancias-que-acordo-el-gobierno-con-la-cgt\\\/#primaryimage\"},\"thumbnailUrl\":\"https:\\\/\\\/www.eldiariodetucuman.com\\\/web\\\/wp-content\\\/uploads\\\/2016\\\/12\\\/El-Diario-de-tucuman-aproboaron-Ganancias.jpg\",\"keywords\":[\"El Diario de Tucuman\",\"ganancias\",\"impuesto a las ganancias\",\"modificaciones\"],\"articleSection\":[\"Actualidad\"],\"inLanguage\":\"es\"},{\"@type\":\"WebPage\",\"@id\":\"https:\\\/\\\/www.eldiariodetucuman.com\\\/web\\\/el-el-diario-de-tucuman-con-amplio-apoyo-senado-aprobo-la-reforma-de-ganancias-que-acordo-el-gobierno-con-la-cgt\\\/\",\"url\":\"https:\\\/\\\/www.eldiariodetucuman.com\\\/web\\\/el-el-diario-de-tucuman-con-amplio-apoyo-senado-aprobo-la-reforma-de-ganancias-que-acordo-el-gobierno-con-la-cgt\\\/\",\"name\":\"El Diario de Tucuman | Con amplio apoyo, Senado aprob\u00f3 la reforma de Ganancias que acord\u00f3 el Gobierno con la CGT - El Diario de Tucuman\",\"isPartOf\":{\"@id\":\"https:\\\/\\\/www.eldiariodetucuman.com\\\/web\\\/#website\"},\"primaryImageOfPage\":{\"@id\":\"https:\\\/\\\/www.eldiariodetucuman.com\\\/web\\\/el-el-diario-de-tucuman-con-amplio-apoyo-senado-aprobo-la-reforma-de-ganancias-que-acordo-el-gobierno-con-la-cgt\\\/#primaryimage\"},\"image\":{\"@id\":\"https:\\\/\\\/www.eldiariodetucuman.com\\\/web\\\/el-el-diario-de-tucuman-con-amplio-apoyo-senado-aprobo-la-reforma-de-ganancias-que-acordo-el-gobierno-con-la-cgt\\\/#primaryimage\"},\"thumbnailUrl\":\"https:\\\/\\\/www.eldiariodetucuman.com\\\/web\\\/wp-content\\\/uploads\\\/2016\\\/12\\\/El-Diario-de-tucuman-aproboaron-Ganancias.jpg\",\"datePublished\":\"2016-12-22T15:55:58+00:00\",\"dateModified\":\"2016-12-22T15:58:38+00:00\",\"breadcrumb\":{\"@id\":\"https:\\\/\\\/www.eldiariodetucuman.com\\\/web\\\/el-el-diario-de-tucuman-con-amplio-apoyo-senado-aprobo-la-reforma-de-ganancias-que-acordo-el-gobierno-con-la-cgt\\\/#breadcrumb\"},\"inLanguage\":\"es\",\"potentialAction\":[{\"@type\":\"ReadAction\",\"target\":[\"https:\\\/\\\/www.eldiariodetucuman.com\\\/web\\\/el-el-diario-de-tucuman-con-amplio-apoyo-senado-aprobo-la-reforma-de-ganancias-que-acordo-el-gobierno-con-la-cgt\\\/\"]}]},{\"@type\":\"ImageObject\",\"inLanguage\":\"es\",\"@id\":\"https:\\\/\\\/www.eldiariodetucuman.com\\\/web\\\/el-el-diario-de-tucuman-con-amplio-apoyo-senado-aprobo-la-reforma-de-ganancias-que-acordo-el-gobierno-con-la-cgt\\\/#primaryimage\",\"url\":\"https:\\\/\\\/www.eldiariodetucuman.com\\\/web\\\/wp-content\\\/uploads\\\/2016\\\/12\\\/El-Diario-de-tucuman-aproboaron-Ganancias.jpg\",\"contentUrl\":\"https:\\\/\\\/www.eldiariodetucuman.com\\\/web\\\/wp-content\\\/uploads\\\/2016\\\/12\\\/El-Diario-de-tucuman-aproboaron-Ganancias.jpg\",\"width\":400,\"height\":225,\"caption\":\"el-diario-de-tucuman-aproboaron-ganancias\"},{\"@type\":\"BreadcrumbList\",\"@id\":\"https:\\\/\\\/www.eldiariodetucuman.com\\\/web\\\/el-el-diario-de-tucuman-con-amplio-apoyo-senado-aprobo-la-reforma-de-ganancias-que-acordo-el-gobierno-con-la-cgt\\\/#breadcrumb\",\"itemListElement\":[{\"@type\":\"ListItem\",\"position\":1,\"name\":\"Portada\",\"item\":\"https:\\\/\\\/www.eldiariodetucuman.com\\\/web\\\/\"},{\"@type\":\"ListItem\",\"position\":2,\"name\":\"El Diario de Tucuman | Con amplio apoyo, Senado aprob\u00f3 la reforma de Ganancias que acord\u00f3 el Gobierno con la CGT\"}]},{\"@type\":\"WebSite\",\"@id\":\"https:\\\/\\\/www.eldiariodetucuman.com\\\/web\\\/#website\",\"url\":\"https:\\\/\\\/www.eldiariodetucuman.com\\\/web\\\/\",\"name\":\"El Diario de Tucuman\",\"description\":\"Diario Tucuman - Informaci\u00f3n y noticias\",\"publisher\":{\"@id\":\"https:\\\/\\\/www.eldiariodetucuman.com\\\/web\\\/#organization\"},\"potentialAction\":[{\"@type\":\"SearchAction\",\"target\":{\"@type\":\"EntryPoint\",\"urlTemplate\":\"https:\\\/\\\/www.eldiariodetucuman.com\\\/web\\\/?s={search_term_string}\"},\"query-input\":{\"@type\":\"PropertyValueSpecification\",\"valueRequired\":true,\"valueName\":\"search_term_string\"}}],\"inLanguage\":\"es\"},{\"@type\":\"Organization\",\"@id\":\"https:\\\/\\\/www.eldiariodetucuman.com\\\/web\\\/#organization\",\"name\":\"El Diario de Tucuman\",\"url\":\"https:\\\/\\\/www.eldiariodetucuman.com\\\/web\\\/\",\"logo\":{\"@type\":\"ImageObject\",\"inLanguage\":\"es\",\"@id\":\"https:\\\/\\\/www.eldiariodetucuman.com\\\/web\\\/#\\\/schema\\\/logo\\\/image\\\/\",\"url\":\"http:\\\/\\\/www.eldiariodetucuman.com\\\/web\\\/wp-content\\\/uploads\\\/2017\\\/12\\\/el-diario-de-tucuman.jpg\",\"contentUrl\":\"http:\\\/\\\/www.eldiariodetucuman.com\\\/web\\\/wp-content\\\/uploads\\\/2017\\\/12\\\/el-diario-de-tucuman.jpg\",\"width\":272,\"height\":92,\"caption\":\"El Diario de Tucuman\"},\"image\":{\"@id\":\"https:\\\/\\\/www.eldiariodetucuman.com\\\/web\\\/#\\\/schema\\\/logo\\\/image\\\/\"}},{\"@type\":\"Person\",\"@id\":\"https:\\\/\\\/www.eldiariodetucuman.com\\\/web\\\/#\\\/schema\\\/person\\\/3adbe300ecd6242af93c97dab1dc3ba1\",\"name\":\"El diario de Tucuman\",\"image\":{\"@type\":\"ImageObject\",\"inLanguage\":\"es\",\"@id\":\"https:\\\/\\\/secure.gravatar.com\\\/avatar\\\/b7214de193b24d0bd708ac5516aa13d0f20c6560795bfbee06857d5c8ac2f0b2?s=96&d=mm&r=g\",\"url\":\"https:\\\/\\\/secure.gravatar.com\\\/avatar\\\/b7214de193b24d0bd708ac5516aa13d0f20c6560795bfbee06857d5c8ac2f0b2?s=96&d=mm&r=g\",\"contentUrl\":\"https:\\\/\\\/secure.gravatar.com\\\/avatar\\\/b7214de193b24d0bd708ac5516aa13d0f20c6560795bfbee06857d5c8ac2f0b2?s=96&d=mm&r=g\",\"caption\":\"El diario de Tucuman\"},\"url\":\"https:\\\/\\\/www.eldiariodetucuman.com\\\/web\\\/author\\\/mgiobellina\\\/\"}]}<\/script>\n<!-- \/ Yoast SEO plugin. -->","yoast_head_json":{"title":"El Diario de Tucuman | Con amplio apoyo, Senado aprob\u00f3 la reforma de Ganancias que acord\u00f3 el Gobierno con la CGT - El Diario de Tucuman","robots":{"index":"index","follow":"follow","max-snippet":"max-snippet:-1","max-image-preview":"max-image-preview:large","max-video-preview":"max-video-preview:-1"},"canonical":"https:\/\/www.eldiariodetucuman.com\/web\/el-el-diario-de-tucuman-con-amplio-apoyo-senado-aprobo-la-reforma-de-ganancias-que-acordo-el-gobierno-con-la-cgt\/","og_locale":"es_ES","og_type":"article","og_title":"El Diario de Tucuman | Con amplio apoyo, Senado aprob\u00f3 la reforma de Ganancias que acord\u00f3 el Gobierno con la CGT - El Diario de Tucuman","og_description":"El proyecto obtuvo media sanci\u00f3n por 56 votos a favor, 2 en contra y 12 abstenciones. Ahora vuelve a Diputados, que ma\u00f1ana lo convertir\u00e1\u00a0en ley. El Diario de Tucuman te cuenta sobre este tema que puso en temperatura al diciembre de la gestion de Mauricio Macri.","og_url":"https:\/\/www.eldiariodetucuman.com\/web\/el-el-diario-de-tucuman-con-amplio-apoyo-senado-aprobo-la-reforma-de-ganancias-que-acordo-el-gobierno-con-la-cgt\/","og_site_name":"El Diario de Tucuman","article_published_time":"2016-12-22T15:55:58+00:00","article_modified_time":"2016-12-22T15:58:38+00:00","og_image":[{"width":400,"height":225,"url":"https:\/\/www.eldiariodetucuman.com\/web\/wp-content\/uploads\/2016\/12\/El-Diario-de-tucuman-aproboaron-Ganancias.jpg","type":"image\/jpeg"}],"author":"El diario de Tucuman","twitter_card":"summary_large_image","twitter_misc":{"Escrito por":"El diario de Tucuman","Tiempo de lectura":"3 minutos"},"schema":{"@context":"https:\/\/schema.org","@graph":[{"@type":"Article","@id":"https:\/\/www.eldiariodetucuman.com\/web\/el-el-diario-de-tucuman-con-amplio-apoyo-senado-aprobo-la-reforma-de-ganancias-que-acordo-el-gobierno-con-la-cgt\/#article","isPartOf":{"@id":"https:\/\/www.eldiariodetucuman.com\/web\/el-el-diario-de-tucuman-con-amplio-apoyo-senado-aprobo-la-reforma-de-ganancias-que-acordo-el-gobierno-con-la-cgt\/"},"author":{"name":"El diario de Tucuman","@id":"https:\/\/www.eldiariodetucuman.com\/web\/#\/schema\/person\/3adbe300ecd6242af93c97dab1dc3ba1"},"headline":"El Diario de Tucuman | Con amplio apoyo, Senado aprob\u00f3 la reforma de Ganancias que acord\u00f3 el Gobierno con la CGT","datePublished":"2016-12-22T15:55:58+00:00","dateModified":"2016-12-22T15:58:38+00:00","mainEntityOfPage":{"@id":"https:\/\/www.eldiariodetucuman.com\/web\/el-el-diario-de-tucuman-con-amplio-apoyo-senado-aprobo-la-reforma-de-ganancias-que-acordo-el-gobierno-con-la-cgt\/"},"wordCount":549,"publisher":{"@id":"https:\/\/www.eldiariodetucuman.com\/web\/#organization"},"image":{"@id":"https:\/\/www.eldiariodetucuman.com\/web\/el-el-diario-de-tucuman-con-amplio-apoyo-senado-aprobo-la-reforma-de-ganancias-que-acordo-el-gobierno-con-la-cgt\/#primaryimage"},"thumbnailUrl":"https:\/\/www.eldiariodetucuman.com\/web\/wp-content\/uploads\/2016\/12\/El-Diario-de-tucuman-aproboaron-Ganancias.jpg","keywords":["El Diario de Tucuman","ganancias","impuesto a las ganancias","modificaciones"],"articleSection":["Actualidad"],"inLanguage":"es"},{"@type":"WebPage","@id":"https:\/\/www.eldiariodetucuman.com\/web\/el-el-diario-de-tucuman-con-amplio-apoyo-senado-aprobo-la-reforma-de-ganancias-que-acordo-el-gobierno-con-la-cgt\/","url":"https:\/\/www.eldiariodetucuman.com\/web\/el-el-diario-de-tucuman-con-amplio-apoyo-senado-aprobo-la-reforma-de-ganancias-que-acordo-el-gobierno-con-la-cgt\/","name":"El Diario de Tucuman | Con amplio apoyo, Senado aprob\u00f3 la reforma de Ganancias que acord\u00f3 el Gobierno con la CGT - El Diario de Tucuman","isPartOf":{"@id":"https:\/\/www.eldiariodetucuman.com\/web\/#website"},"primaryImageOfPage":{"@id":"https:\/\/www.eldiariodetucuman.com\/web\/el-el-diario-de-tucuman-con-amplio-apoyo-senado-aprobo-la-reforma-de-ganancias-que-acordo-el-gobierno-con-la-cgt\/#primaryimage"},"image":{"@id":"https:\/\/www.eldiariodetucuman.com\/web\/el-el-diario-de-tucuman-con-amplio-apoyo-senado-aprobo-la-reforma-de-ganancias-que-acordo-el-gobierno-con-la-cgt\/#primaryimage"},"thumbnailUrl":"https:\/\/www.eldiariodetucuman.com\/web\/wp-content\/uploads\/2016\/12\/El-Diario-de-tucuman-aproboaron-Ganancias.jpg","datePublished":"2016-12-22T15:55:58+00:00","dateModified":"2016-12-22T15:58:38+00:00","breadcrumb":{"@id":"https:\/\/www.eldiariodetucuman.com\/web\/el-el-diario-de-tucuman-con-amplio-apoyo-senado-aprobo-la-reforma-de-ganancias-que-acordo-el-gobierno-con-la-cgt\/#breadcrumb"},"inLanguage":"es","potentialAction":[{"@type":"ReadAction","target":["https:\/\/www.eldiariodetucuman.com\/web\/el-el-diario-de-tucuman-con-amplio-apoyo-senado-aprobo-la-reforma-de-ganancias-que-acordo-el-gobierno-con-la-cgt\/"]}]},{"@type":"ImageObject","inLanguage":"es","@id":"https:\/\/www.eldiariodetucuman.com\/web\/el-el-diario-de-tucuman-con-amplio-apoyo-senado-aprobo-la-reforma-de-ganancias-que-acordo-el-gobierno-con-la-cgt\/#primaryimage","url":"https:\/\/www.eldiariodetucuman.com\/web\/wp-content\/uploads\/2016\/12\/El-Diario-de-tucuman-aproboaron-Ganancias.jpg","contentUrl":"https:\/\/www.eldiariodetucuman.com\/web\/wp-content\/uploads\/2016\/12\/El-Diario-de-tucuman-aproboaron-Ganancias.jpg","width":400,"height":225,"caption":"el-diario-de-tucuman-aproboaron-ganancias"},{"@type":"BreadcrumbList","@id":"https:\/\/www.eldiariodetucuman.com\/web\/el-el-diario-de-tucuman-con-amplio-apoyo-senado-aprobo-la-reforma-de-ganancias-que-acordo-el-gobierno-con-la-cgt\/#breadcrumb","itemListElement":[{"@type":"ListItem","position":1,"name":"Portada","item":"https:\/\/www.eldiariodetucuman.com\/web\/"},{"@type":"ListItem","position":2,"name":"El Diario de Tucuman | Con amplio apoyo, Senado aprob\u00f3 la reforma de Ganancias que acord\u00f3 el Gobierno con la CGT"}]},{"@type":"WebSite","@id":"https:\/\/www.eldiariodetucuman.com\/web\/#website","url":"https:\/\/www.eldiariodetucuman.com\/web\/","name":"El Diario de Tucuman","description":"Diario Tucuman - Informaci\u00f3n y noticias","publisher":{"@id":"https:\/\/www.eldiariodetucuman.com\/web\/#organization"},"potentialAction":[{"@type":"SearchAction","target":{"@type":"EntryPoint","urlTemplate":"https:\/\/www.eldiariodetucuman.com\/web\/?s={search_term_string}"},"query-input":{"@type":"PropertyValueSpecification","valueRequired":true,"valueName":"search_term_string"}}],"inLanguage":"es"},{"@type":"Organization","@id":"https:\/\/www.eldiariodetucuman.com\/web\/#organization","name":"El Diario de Tucuman","url":"https:\/\/www.eldiariodetucuman.com\/web\/","logo":{"@type":"ImageObject","inLanguage":"es","@id":"https:\/\/www.eldiariodetucuman.com\/web\/#\/schema\/logo\/image\/","url":"http:\/\/www.eldiariodetucuman.com\/web\/wp-content\/uploads\/2017\/12\/el-diario-de-tucuman.jpg","contentUrl":"http:\/\/www.eldiariodetucuman.com\/web\/wp-content\/uploads\/2017\/12\/el-diario-de-tucuman.jpg","width":272,"height":92,"caption":"El Diario de Tucuman"},"image":{"@id":"https:\/\/www.eldiariodetucuman.com\/web\/#\/schema\/logo\/image\/"}},{"@type":"Person","@id":"https:\/\/www.eldiariodetucuman.com\/web\/#\/schema\/person\/3adbe300ecd6242af93c97dab1dc3ba1","name":"El diario de Tucuman","image":{"@type":"ImageObject","inLanguage":"es","@id":"https:\/\/secure.gravatar.com\/avatar\/b7214de193b24d0bd708ac5516aa13d0f20c6560795bfbee06857d5c8ac2f0b2?s=96&d=mm&r=g","url":"https:\/\/secure.gravatar.com\/avatar\/b7214de193b24d0bd708ac5516aa13d0f20c6560795bfbee06857d5c8ac2f0b2?s=96&d=mm&r=g","contentUrl":"https:\/\/secure.gravatar.com\/avatar\/b7214de193b24d0bd708ac5516aa13d0f20c6560795bfbee06857d5c8ac2f0b2?s=96&d=mm&r=g","caption":"El diario de Tucuman"},"url":"https:\/\/www.eldiariodetucuman.com\/web\/author\/mgiobellina\/"}]}},"_links":{"self":[{"href":"https:\/\/www.eldiariodetucuman.com\/web\/wp-json\/wp\/v2\/posts\/2296","targetHints":{"allow":["GET"]}}],"collection":[{"href":"https:\/\/www.eldiariodetucuman.com\/web\/wp-json\/wp\/v2\/posts"}],"about":[{"href":"https:\/\/www.eldiariodetucuman.com\/web\/wp-json\/wp\/v2\/types\/post"}],"author":[{"embeddable":true,"href":"https:\/\/www.eldiariodetucuman.com\/web\/wp-json\/wp\/v2\/users\/3"}],"replies":[{"embeddable":true,"href":"https:\/\/www.eldiariodetucuman.com\/web\/wp-json\/wp\/v2\/comments?post=2296"}],"version-history":[{"count":2,"href":"https:\/\/www.eldiariodetucuman.com\/web\/wp-json\/wp\/v2\/posts\/2296\/revisions"}],"predecessor-version":[{"id":2299,"href":"https:\/\/www.eldiariodetucuman.com\/web\/wp-json\/wp\/v2\/posts\/2296\/revisions\/2299"}],"wp:featuredmedia":[{"embeddable":true,"href":"https:\/\/www.eldiariodetucuman.com\/web\/wp-json\/wp\/v2\/media\/2297"}],"wp:attachment":[{"href":"https:\/\/www.eldiariodetucuman.com\/web\/wp-json\/wp\/v2\/media?parent=2296"}],"wp:term":[{"taxonomy":"category","embeddable":true,"href":"https:\/\/www.eldiariodetucuman.com\/web\/wp-json\/wp\/v2\/categories?post=2296"},{"taxonomy":"post_tag","embeddable":true,"href":"https:\/\/www.eldiariodetucuman.com\/web\/wp-json\/wp\/v2\/tags?post=2296"}],"curies":[{"name":"wp","href":"https:\/\/api.w.org\/{rel}","templated":true}]}}