{"id":2292,"date":"2016-12-22T15:42:52","date_gmt":"2016-12-22T15:42:52","guid":{"rendered":"http:\/\/www.eldiariodetucuman.com\/web\/?p=2292"},"modified":"2016-12-22T15:45:21","modified_gmt":"2016-12-22T15:45:21","slug":"el-diario-de-tucuman-copa-libertadores-el-sorteo-favorecio-a-river-y-complico-a-san-lorenzo","status":"publish","type":"post","link":"https:\/\/www.eldiariodetucuman.com\/web\/el-diario-de-tucuman-copa-libertadores-el-sorteo-favorecio-a-river-y-complico-a-san-lorenzo\/","title":{"rendered":"El Diario de Tucuman | Copa Libertadores: El sorteo favoreci\u00f3 a River y complic\u00f3 a San Lorenzo"},"content":{"rendered":"<p><strong class=\"volanta\">F\u00fatbol internacional.\u00a0<\/strong>Adem\u00e1s la juegan Lan\u00fas, Estudiantes, Godoy Cruz y Atl\u00e9tico Tucum\u00e1n, en su debut internacional. El Diario de Tucuman te muestra los cruces.<!--more--><\/p>\n<p class=\"first-paragraph\">River recibi\u00f3 un gui\u00f1o de la suerte en el \u00faltimo sorteo de la Copa Libertadores 2017, mientras que San Lorenzo, por el contrario, no revirti\u00f3 el destino que le hab\u00eda tocado en las dos ediciones anteriores y deber\u00e1 medirse contra rivales de mayor peso en la fase de grupos de la competici\u00f3n.<\/p>\n<div class=\"SandboxRoot env-bp-350\" data-twitter-event-id=\"0\">\n<div id=\"twitter-widget-2\" class=\"EmbeddedTweet EmbeddedTweet--mediaForward media-forward js-clickToOpenTarget js-tweetIdInfo\" lang=\"es\" data-click-to-open-target=\"https:\/\/twitter.com\/CONMEBOL\/status\/811746033273335808\" data-iframe-title=\"Tweet de Twitter\" data-dt-full=\"%{hours24}:%{minutes} - %{day} %{month} %{year}\" data-dt-months=\"ene|feb|mar|abr|Mayo|jun|jul|ago|sep|oct|nov|dic\" data-dt-am=\"AM\" data-dt-pm=\"PM\" data-dt-now=\"ahora\" data-dt-s=\"s\" data-dt-m=\"m\" data-dt-h=\"h\" data-dt-second=\"segundo\" data-dt-seconds=\"segundos\" data-dt-minute=\"minuto\" data-dt-minutes=\"minutos\" data-dt-hour=\"hora\" data-dt-hours=\"horas\" data-dt-abbr=\"%{number}%{symbol}\" data-dt-short=\"%{day} %{month}\" data-dt-long=\"%{day} %{month} %{year}\" data-scribe=\"page:tweet\" data-tweet-id=\"811746033273335808\" data-twitter-event-id=\"1\">\n<article class=\"MediaCard MediaCard--mediaForward customisable-border\" dir=\"ltr\" data-scribe=\"component:card\">\n<div class=\"MediaCard-media\">\n<div class=\"MediaCard-widthConstraint js-cspForcedStyle\" data-style=\"max-width: 1200px\">\n<div class=\"MediaCard-mediaContainer js-cspForcedStyle\" data-style=\"padding-bottom: 59.4167%\"><a class=\"MediaCard-mediaAsset NaturalImage \" href=\"https:\/\/twitter.com\/CONMEBOL\/status\/811746033273335808\/photo\/1\" data-scribe=\"element:photo\"><img loading=\"lazy\" decoding=\"async\" class=\"NaturalImage-image\" title=\"Ver imagen en Twitter\" src=\"https:\/\/pbs.twimg.com\/media\/C0PmamoW8AA6bH0.jpg:small\" alt=\"Ver imagen en Twitter\" width=\"1200\" height=\"713\" data-srcset=\"https%3A%2F%2Fpbs.twimg.com%2Fmedia%2FC0PmamoW8AA6bH0.jpg%3Alarge 1428w,https%3A%2F%2Fpbs.twimg.com%2Fmedia%2FC0PmamoW8AA6bH0.jpg 1200w,https%3A%2F%2Fpbs.twimg.com%2Fmedia%2FC0PmamoW8AA6bH0.jpg%3Asmall 680w\" \/><\/a><\/div>\n<\/div>\n<\/div>\n<\/article>\n<\/div>\n<\/div>\n<p>Mientras que los <em>millonarios<\/em> (grupo 3) se ver\u00e1n las caras contra equipos de escasa tradici\u00f3n copera y que nunca jugaron una final en el torneo (<strong>Emelec<\/strong>, <strong>Independiente de Medell\u00edn<\/strong> y <strong>Melgar<\/strong>), el <em>Cicl\u00f3n <\/em>comparte el grupo 4 con conjuntos grandes en su pa\u00eds. Jugar\u00e1 contra <strong>Universidad Cat\u00f3lica<\/strong> (finalista en 1993) y <strong>Flamengo <\/strong>(Campe\u00f3n en 1981). Dependiendo de los resultados de las fases previas y los cruces entre ellos, el \u00faltimo del grupo podr\u00eda ser <strong>Atl\u00e9tico Paranaense <\/strong>(Brasil), <strong>Millonarios <\/strong>(Colombia), <strong>Universitario<\/strong> (Per\u00fa),\u00a0<strong>Deportivo Capiat\u00e1 <\/strong>(Paraguay) o <strong>Deportivo T\u00e1chira<\/strong> (Venezuela). La dificultad de este \u00faltimo cupo reside en que podr\u00eda jugar contra otro brasile\u00f1o o un grande de Colombia.<\/p>\n<p><strong>Estudiantes<\/strong>, en tanto,\u00a0se medir\u00e1 frente al \u00faltimo campe\u00f3n de la Libertadores,<strong> Atl\u00e9tico Nacional <\/strong>de Colombia. Godoy Cruz tendr\u00e1 otros dos rivales dif\u00edciles: <strong>Atl\u00e9tico Mineiro<\/strong> de Brasil y <strong>Libertad <\/strong>(Paraguay). Al igual que los de N\u00fa\u00f1ez, <strong>Lan\u00fas<\/strong>\u00a0evit\u00f3 los rivales m\u00e1s complicados y tiene una zona -a priori- accesible (<strong>Nacional <\/strong>-Urg-, <strong>Chapecoense <\/strong>y <strong>Zuli\u00e1 <\/strong>-Ven-).\u00a0Por su parte, de pasar la segunda fase, <strong>Atl\u00e9tico Tucum\u00e1n <\/strong>ir\u00eda a un grupo complicado con <strong>Pe\u00f1arol <\/strong>y <strong>Palmeiras<\/strong>.<\/p>\n<p><u><strong>LA COPA COMPLETA<\/strong><\/u>:<\/p>\n<p><strong>Fase 1<\/strong><\/p>\n<p><strong>E1<\/strong>&#8211; Universitario de Sucre (Bolivia) vs. Montevideo Wanderers (Uruguay)<\/p>\n<p><strong>E2<\/strong>&#8211; Deportivo Municipal (Per\u00fa) vs. Independiente del Valle (Ecuador)<\/p>\n<p><strong>E3-<\/strong> Deportivo Capiat\u00e1 (Paraguay) vs. Deportivo T\u00e1chira (Venezuela)<\/p>\n<p><strong>Fase 2<\/strong><\/p>\n<p><strong>C1<\/strong>&#8211; Atl\u00e9tico Paranaense (Brasil) vs. Millonarios (Colombia).<\/p>\n<p><strong>C2<\/strong>&#8211; Botafogo (Brasil) vs. Colo Colo (Chile).<\/p>\n<p><strong>C3<\/strong>&#8211; Atl\u00e9tico Cerro (uruguay) vs. Uni\u00f3n Espa\u00f1ola (Chile).<\/p>\n<p><strong>C4<\/strong>&#8211; Carabobo FC (Venezuela) vs. Junior (Colombia).<\/p>\n<p><strong>C5<\/strong>&#8211; Atl\u00e9tico Tucum\u00e1n (Argentina) vs. El Nacional (Ecuador)<\/p>\n<p><strong>C6<\/strong>&#8211; E1 vs The Strongest (Bolivia)<\/p>\n<p><strong>C7<\/strong>&#8211; E2 vs. Olimpia (Paraguay)<\/p>\n<p><strong>C8<\/strong>&#8211; E3 vs. Universitario (Per\u00fa)<\/p>\n<p><strong>Fase 3<\/strong><\/p>\n<p><strong>G1<\/strong>&#8211; C1 vs C8<\/p>\n<p><strong>G2<\/strong>&#8211; C2 vs C7<\/p>\n<p><strong>G3<\/strong>&#8211; C3 vs C6<\/p>\n<p><strong>G4<\/strong>&#8211; C4 vs C5<\/p>\n<p><strong>Fase de grupos:<\/strong><\/p>\n<p><strong>Grupo 1<\/strong><\/p>\n<p>&#8211; Atl\u00e9tico Nacional (Colombia)<\/p>\n<p>&#8211; Estudiantes (Argentina)<\/p>\n<p>&#8211; Barcelona (Ecuador)<\/p>\n<p>&#8211; G2.<\/p>\n<p><strong>Grupo 2<\/strong><\/p>\n<p>&#8211; Santos (Brasil)<\/p>\n<p>&#8211; Independiente de Santa Fe (Colombia)<\/p>\n<p>&#8211; Sporting Cristal (Per\u00fa)<\/p>\n<p>&#8211; G3<\/p>\n<p><strong>Grupo 3<\/strong><\/p>\n<p>&#8211; River Plate (Argentina)<\/p>\n<p>&#8211; Emelec (Ecuador)<\/p>\n<p>&#8211; Independiente de Medell\u00edn (Colombia)<\/p>\n<p>&#8211; Melgar (Per\u00fa)<\/p>\n<p><strong>Grupo 4<\/strong><\/p>\n<p>&#8211; San Lorenzo (Argentina)<\/p>\n<p>&#8211; Universidad Cat\u00f3lica (Chile)<\/p>\n<p>&#8211; Flamengo (Brasil)<\/p>\n<p>&#8211; G1<\/p>\n<p><strong>Grupo 5<\/strong><\/p>\n<p>&#8211; Pe\u00f1arol (Uruguay)<\/p>\n<p>&#8211; Palmeiras (Brasil)<\/p>\n<p>&#8211; Wilstermann (Bolivia)<\/p>\n<p>&#8211; G4<\/p>\n<p><strong>Grupo 6<\/strong><\/p>\n<p>&#8211; Atl\u00e9tico Mineiro (Brasil)<\/p>\n<p>&#8211; Libertad (Paraguay)<\/p>\n<p>&#8211; Godoy Cruz (Argentina)<\/p>\n<p>&#8211; Sport Boys (Per\u00fa)<\/p>\n<p><strong>Grupo 7<\/strong><\/p>\n<p>&#8211; Nacional (Uruguay)<\/p>\n<p>&#8211; Chapecoense (Brasil)<\/p>\n<p>&#8211; Lan\u00fas (Argentina)<\/p>\n<p>&#8211; Zuli\u00e1 (Venezuela)<\/p>\n<p><strong>Grupo 8<\/strong><\/p>\n<p>&#8211; Gremio (Brasil)<\/p>\n<p>&#8211; Guaran\u00ed (Paraguay)<\/p>\n<p>&#8211; Zamora (Venezuela)<\/p>\n<p>&#8211; Deportivo Iquique (Chile)<\/p>\n<p>Antes de realizar el sorteo, los dirigentes realizaron un emotivo homenaje a las v\u00edctimas de la tragedia del Chapecoense y le entregaron la Copa Sudamericana al nuevo presidente del club, Plinio David de Nes Filho.<\/p>\n<div class=\"cont-embedImage\">\n<p><img decoding=\"async\" class=\"embedImage\" src=\"http:\/\/images.clarin.com\/deportes\/futbol-internacional\/Plinio-Filho-Chapecoense-Sudamericana-REUTERS_CLAIMA20161221_0401_17.jpg\" alt=\"Plinio David de Nes Filho, el nuevo presidente del Chapecoense, recibi\u00f3 la Copa Sudamericana. REUTERS\" \/><\/p>\n<p class=\"epiItem\">Plinio David de Nes Filho, el nuevo presidente del Chapecoense, recibi\u00f3 la Copa Sudamericana. REUTERS<\/p>\n<\/div>\n<p><strong>Una edici\u00f3n con muchas\u00a0novedades<\/strong><\/p>\n<p>La Copa Libertadores de 2017 ofrecer\u00e1 varias novedades. Tendr\u00e1 formato anual, contar\u00e1 con la cifra r\u00e9cord de 47 equipos en su recorrido y ya no participar\u00e1n equipos de M\u00e9xico. La primera fase, que tendr\u00e1 su partido inaugural el 23 de enero, contar\u00e1 con seis equipos y ofrecer\u00e1 tres a la segunda fase, que ser\u00e1 disputada por 16 equipos. <strong>En esa instancia, que se desarrollar\u00e1 entre el 31 de enero y el 9 de febrero debutar\u00e1 internacionalmente Atl\u00e9tico Tucum\u00e1n. <\/strong>Se trata de un hito: es el primer equipo del norte de la Argentina en acceder a la m\u00e1xima competici\u00f3n continental.<\/p>\n<p>La tercera fase (conformada por los ocho ganadores de la fase 2) se jugar\u00e1 entre el 14 y el 23 de febrero y otorgar\u00e1 las cuatro plazas restantes a la fase de grupos.<\/p>\n<p><em><strong>\u00a0Boca present\u00f3 una apelaci\u00f3n para jugar la Copa Sudamericana 2017<\/strong><\/em><\/p>\n<p>All\u00ed habr\u00e1 32 equipos divididos en ocho zonas, y se jugar\u00e1 desde el 7 de marzo hasta el 25 de mayo.<\/p>\n<p>Superada esa instancia, llega otra de las grandes novedades de la nueva edici\u00f3n: <strong>habr\u00e1 sorteo para conocer los cruces de octavos y cuartos de final.<\/strong> Como ocurre en la Liga de Campeones, todos los que terminaron primeros ocupar\u00e1n uno de los copones y los segundos de cada grupo ir\u00e1n a otro. Los choques ser\u00e1n tras el receso de junio, entre el 4 de julio y el 10 de agosto. Adem\u00e1s, confirmaron que por los sorteos <strong>podr\u00eda haber una final de equipos del mismo pa\u00eds<\/strong>.<\/p>\n<p>Otra novedad es que <strong>los terceros de cada grupo pasar\u00e1n a jugar la segunda fase de la Copa Sudamericana<\/strong>.<\/p>\n<p>Los cuartos de final de la Libertadores se jugar\u00e1n en septiembre (del 12 al 21); las semifinales ser\u00e1n en entre 24 de octubre y el 2 de noviembre; y <strong>las dos finales se disputar\u00e1n en noviembre: la primera el 22 y la segunda el 29. <\/strong>El ganador disputar\u00e1 en diciembre la decimocuarta edici\u00f3n del Mundial de Clubes de la FIFA, en los Emiratos Arabes Unidos.<\/p>\n<p>Fuente: http:\/\/www.clarin.com\/deportes\/futbol-internacional\/Copa-Libertadores-River-San-Lorenzo_0_1709229286.html<\/p>\n","protected":false},"excerpt":{"rendered":"<p>F\u00fatbol internacional.\u00a0Adem\u00e1s la juegan Lan\u00fas, Estudiantes, Godoy Cruz y Atl\u00e9tico Tucum\u00e1n, en su debut internacional. El Diario de Tucuman te muestra los cruces.<\/p>\n","protected":false},"author":3,"featured_media":2293,"comment_status":"closed","ping_status":"open","sticky":false,"template":"","format":"standard","meta":{"footnotes":""},"categories":[6],"tags":[52,613,7,624,74],"class_list":{"0":"post-2292","1":"post","2":"type-post","3":"status-publish","4":"format-standard","5":"has-post-thumbnail","7":"category-deporte","8":"tag-atletico-tucuman","9":"tag-deporte","10":"tag-el-diario-de-tucuman","11":"tag-libertadores-2017","12":"tag-river"},"yoast_head":"<!-- This site is optimized with the Yoast SEO plugin v27.4 - https:\/\/yoast.com\/product\/yoast-seo-wordpress\/ -->\n<title>El Diario de Tucuman | Copa Libertadores: El sorteo favoreci\u00f3 a River y complic\u00f3 a San Lorenzo - El Diario de Tucuman<\/title>\n<meta name=\"robots\" content=\"index, follow, max-snippet:-1, max-image-preview:large, max-video-preview:-1\" \/>\n<link rel=\"canonical\" href=\"https:\/\/www.eldiariodetucuman.com\/web\/el-diario-de-tucuman-copa-libertadores-el-sorteo-favorecio-a-river-y-complico-a-san-lorenzo\/\" \/>\n<meta property=\"og:locale\" content=\"es_ES\" \/>\n<meta property=\"og:type\" content=\"article\" \/>\n<meta property=\"og:title\" content=\"El Diario de Tucuman | Copa Libertadores: El sorteo favoreci\u00f3 a River y complic\u00f3 a San Lorenzo - El Diario de Tucuman\" \/>\n<meta property=\"og:description\" content=\"F\u00fatbol internacional.\u00a0Adem\u00e1s la juegan Lan\u00fas, Estudiantes, Godoy Cruz y Atl\u00e9tico Tucum\u00e1n, en su debut internacional. El Diario de Tucuman te muestra los cruces.\" \/>\n<meta property=\"og:url\" content=\"https:\/\/www.eldiariodetucuman.com\/web\/el-diario-de-tucuman-copa-libertadores-el-sorteo-favorecio-a-river-y-complico-a-san-lorenzo\/\" \/>\n<meta property=\"og:site_name\" content=\"El Diario de Tucuman\" \/>\n<meta property=\"article:published_time\" content=\"2016-12-22T15:42:52+00:00\" \/>\n<meta property=\"article:modified_time\" content=\"2016-12-22T15:45:21+00:00\" \/>\n<meta property=\"og:image\" content=\"https:\/\/www.eldiariodetucuman.com\/web\/wp-content\/uploads\/2016\/12\/el-diario-de-tucuman-futbol.jpg\" \/>\n\t<meta property=\"og:image:width\" content=\"400\" \/>\n\t<meta property=\"og:image:height\" content=\"225\" \/>\n\t<meta property=\"og:image:type\" content=\"image\/jpeg\" \/>\n<meta name=\"author\" content=\"El diario de Tucuman\" \/>\n<meta name=\"twitter:card\" content=\"summary_large_image\" \/>\n<meta name=\"twitter:label1\" content=\"Escrito por\" \/>\n\t<meta name=\"twitter:data1\" content=\"El diario de Tucuman\" \/>\n\t<meta name=\"twitter:label2\" content=\"Tiempo de lectura\" \/>\n\t<meta name=\"twitter:data2\" content=\"5 minutos\" \/>\n<script type=\"application\/ld+json\" class=\"yoast-schema-graph\">{\"@context\":\"https:\\\/\\\/schema.org\",\"@graph\":[{\"@type\":\"Article\",\"@id\":\"https:\\\/\\\/www.eldiariodetucuman.com\\\/web\\\/el-diario-de-tucuman-copa-libertadores-el-sorteo-favorecio-a-river-y-complico-a-san-lorenzo\\\/#article\",\"isPartOf\":{\"@id\":\"https:\\\/\\\/www.eldiariodetucuman.com\\\/web\\\/el-diario-de-tucuman-copa-libertadores-el-sorteo-favorecio-a-river-y-complico-a-san-lorenzo\\\/\"},\"author\":{\"name\":\"El diario de Tucuman\",\"@id\":\"https:\\\/\\\/www.eldiariodetucuman.com\\\/web\\\/#\\\/schema\\\/person\\\/3adbe300ecd6242af93c97dab1dc3ba1\"},\"headline\":\"El Diario de Tucuman | Copa Libertadores: El sorteo favoreci\u00f3 a River y complic\u00f3 a San Lorenzo\",\"datePublished\":\"2016-12-22T15:42:52+00:00\",\"dateModified\":\"2016-12-22T15:45:21+00:00\",\"mainEntityOfPage\":{\"@id\":\"https:\\\/\\\/www.eldiariodetucuman.com\\\/web\\\/el-diario-de-tucuman-copa-libertadores-el-sorteo-favorecio-a-river-y-complico-a-san-lorenzo\\\/\"},\"wordCount\":941,\"publisher\":{\"@id\":\"https:\\\/\\\/www.eldiariodetucuman.com\\\/web\\\/#organization\"},\"image\":{\"@id\":\"https:\\\/\\\/www.eldiariodetucuman.com\\\/web\\\/el-diario-de-tucuman-copa-libertadores-el-sorteo-favorecio-a-river-y-complico-a-san-lorenzo\\\/#primaryimage\"},\"thumbnailUrl\":\"https:\\\/\\\/www.eldiariodetucuman.com\\\/web\\\/wp-content\\\/uploads\\\/2016\\\/12\\\/el-diario-de-tucuman-futbol.jpg\",\"keywords\":[\"atletico tucuman\",\"deporte\",\"El Diario de Tucuman\",\"libertadores 2017\",\"river\"],\"articleSection\":[\"Deporte\"],\"inLanguage\":\"es\"},{\"@type\":\"WebPage\",\"@id\":\"https:\\\/\\\/www.eldiariodetucuman.com\\\/web\\\/el-diario-de-tucuman-copa-libertadores-el-sorteo-favorecio-a-river-y-complico-a-san-lorenzo\\\/\",\"url\":\"https:\\\/\\\/www.eldiariodetucuman.com\\\/web\\\/el-diario-de-tucuman-copa-libertadores-el-sorteo-favorecio-a-river-y-complico-a-san-lorenzo\\\/\",\"name\":\"El Diario de Tucuman | Copa Libertadores: El sorteo favoreci\u00f3 a River y complic\u00f3 a San Lorenzo - El Diario de Tucuman\",\"isPartOf\":{\"@id\":\"https:\\\/\\\/www.eldiariodetucuman.com\\\/web\\\/#website\"},\"primaryImageOfPage\":{\"@id\":\"https:\\\/\\\/www.eldiariodetucuman.com\\\/web\\\/el-diario-de-tucuman-copa-libertadores-el-sorteo-favorecio-a-river-y-complico-a-san-lorenzo\\\/#primaryimage\"},\"image\":{\"@id\":\"https:\\\/\\\/www.eldiariodetucuman.com\\\/web\\\/el-diario-de-tucuman-copa-libertadores-el-sorteo-favorecio-a-river-y-complico-a-san-lorenzo\\\/#primaryimage\"},\"thumbnailUrl\":\"https:\\\/\\\/www.eldiariodetucuman.com\\\/web\\\/wp-content\\\/uploads\\\/2016\\\/12\\\/el-diario-de-tucuman-futbol.jpg\",\"datePublished\":\"2016-12-22T15:42:52+00:00\",\"dateModified\":\"2016-12-22T15:45:21+00:00\",\"breadcrumb\":{\"@id\":\"https:\\\/\\\/www.eldiariodetucuman.com\\\/web\\\/el-diario-de-tucuman-copa-libertadores-el-sorteo-favorecio-a-river-y-complico-a-san-lorenzo\\\/#breadcrumb\"},\"inLanguage\":\"es\",\"potentialAction\":[{\"@type\":\"ReadAction\",\"target\":[\"https:\\\/\\\/www.eldiariodetucuman.com\\\/web\\\/el-diario-de-tucuman-copa-libertadores-el-sorteo-favorecio-a-river-y-complico-a-san-lorenzo\\\/\"]}]},{\"@type\":\"ImageObject\",\"inLanguage\":\"es\",\"@id\":\"https:\\\/\\\/www.eldiariodetucuman.com\\\/web\\\/el-diario-de-tucuman-copa-libertadores-el-sorteo-favorecio-a-river-y-complico-a-san-lorenzo\\\/#primaryimage\",\"url\":\"https:\\\/\\\/www.eldiariodetucuman.com\\\/web\\\/wp-content\\\/uploads\\\/2016\\\/12\\\/el-diario-de-tucuman-futbol.jpg\",\"contentUrl\":\"https:\\\/\\\/www.eldiariodetucuman.com\\\/web\\\/wp-content\\\/uploads\\\/2016\\\/12\\\/el-diario-de-tucuman-futbol.jpg\",\"width\":400,\"height\":225,\"caption\":\"el-diario-de-tucuman-futbol\"},{\"@type\":\"BreadcrumbList\",\"@id\":\"https:\\\/\\\/www.eldiariodetucuman.com\\\/web\\\/el-diario-de-tucuman-copa-libertadores-el-sorteo-favorecio-a-river-y-complico-a-san-lorenzo\\\/#breadcrumb\",\"itemListElement\":[{\"@type\":\"ListItem\",\"position\":1,\"name\":\"Portada\",\"item\":\"https:\\\/\\\/www.eldiariodetucuman.com\\\/web\\\/\"},{\"@type\":\"ListItem\",\"position\":2,\"name\":\"El Diario de Tucuman | Copa Libertadores: El sorteo favoreci\u00f3 a River y complic\u00f3 a San Lorenzo\"}]},{\"@type\":\"WebSite\",\"@id\":\"https:\\\/\\\/www.eldiariodetucuman.com\\\/web\\\/#website\",\"url\":\"https:\\\/\\\/www.eldiariodetucuman.com\\\/web\\\/\",\"name\":\"El Diario de Tucuman\",\"description\":\"Diario Tucuman - Informaci\u00f3n y noticias\",\"publisher\":{\"@id\":\"https:\\\/\\\/www.eldiariodetucuman.com\\\/web\\\/#organization\"},\"potentialAction\":[{\"@type\":\"SearchAction\",\"target\":{\"@type\":\"EntryPoint\",\"urlTemplate\":\"https:\\\/\\\/www.eldiariodetucuman.com\\\/web\\\/?s={search_term_string}\"},\"query-input\":{\"@type\":\"PropertyValueSpecification\",\"valueRequired\":true,\"valueName\":\"search_term_string\"}}],\"inLanguage\":\"es\"},{\"@type\":\"Organization\",\"@id\":\"https:\\\/\\\/www.eldiariodetucuman.com\\\/web\\\/#organization\",\"name\":\"El Diario de Tucuman\",\"url\":\"https:\\\/\\\/www.eldiariodetucuman.com\\\/web\\\/\",\"logo\":{\"@type\":\"ImageObject\",\"inLanguage\":\"es\",\"@id\":\"https:\\\/\\\/www.eldiariodetucuman.com\\\/web\\\/#\\\/schema\\\/logo\\\/image\\\/\",\"url\":\"http:\\\/\\\/www.eldiariodetucuman.com\\\/web\\\/wp-content\\\/uploads\\\/2017\\\/12\\\/el-diario-de-tucuman.jpg\",\"contentUrl\":\"http:\\\/\\\/www.eldiariodetucuman.com\\\/web\\\/wp-content\\\/uploads\\\/2017\\\/12\\\/el-diario-de-tucuman.jpg\",\"width\":272,\"height\":92,\"caption\":\"El Diario de Tucuman\"},\"image\":{\"@id\":\"https:\\\/\\\/www.eldiariodetucuman.com\\\/web\\\/#\\\/schema\\\/logo\\\/image\\\/\"}},{\"@type\":\"Person\",\"@id\":\"https:\\\/\\\/www.eldiariodetucuman.com\\\/web\\\/#\\\/schema\\\/person\\\/3adbe300ecd6242af93c97dab1dc3ba1\",\"name\":\"El diario de Tucuman\",\"image\":{\"@type\":\"ImageObject\",\"inLanguage\":\"es\",\"@id\":\"https:\\\/\\\/secure.gravatar.com\\\/avatar\\\/b7214de193b24d0bd708ac5516aa13d0f20c6560795bfbee06857d5c8ac2f0b2?s=96&d=mm&r=g\",\"url\":\"https:\\\/\\\/secure.gravatar.com\\\/avatar\\\/b7214de193b24d0bd708ac5516aa13d0f20c6560795bfbee06857d5c8ac2f0b2?s=96&d=mm&r=g\",\"contentUrl\":\"https:\\\/\\\/secure.gravatar.com\\\/avatar\\\/b7214de193b24d0bd708ac5516aa13d0f20c6560795bfbee06857d5c8ac2f0b2?s=96&d=mm&r=g\",\"caption\":\"El diario de Tucuman\"},\"url\":\"https:\\\/\\\/www.eldiariodetucuman.com\\\/web\\\/author\\\/mgiobellina\\\/\"}]}<\/script>\n<!-- \/ Yoast SEO plugin. -->","yoast_head_json":{"title":"El Diario de Tucuman | Copa Libertadores: El sorteo favoreci\u00f3 a River y complic\u00f3 a San Lorenzo - El Diario de Tucuman","robots":{"index":"index","follow":"follow","max-snippet":"max-snippet:-1","max-image-preview":"max-image-preview:large","max-video-preview":"max-video-preview:-1"},"canonical":"https:\/\/www.eldiariodetucuman.com\/web\/el-diario-de-tucuman-copa-libertadores-el-sorteo-favorecio-a-river-y-complico-a-san-lorenzo\/","og_locale":"es_ES","og_type":"article","og_title":"El Diario de Tucuman | Copa Libertadores: El sorteo favoreci\u00f3 a River y complic\u00f3 a San Lorenzo - El Diario de Tucuman","og_description":"F\u00fatbol internacional.\u00a0Adem\u00e1s la juegan Lan\u00fas, Estudiantes, Godoy Cruz y Atl\u00e9tico Tucum\u00e1n, en su debut internacional. El Diario de Tucuman te muestra los cruces.","og_url":"https:\/\/www.eldiariodetucuman.com\/web\/el-diario-de-tucuman-copa-libertadores-el-sorteo-favorecio-a-river-y-complico-a-san-lorenzo\/","og_site_name":"El Diario de Tucuman","article_published_time":"2016-12-22T15:42:52+00:00","article_modified_time":"2016-12-22T15:45:21+00:00","og_image":[{"width":400,"height":225,"url":"https:\/\/www.eldiariodetucuman.com\/web\/wp-content\/uploads\/2016\/12\/el-diario-de-tucuman-futbol.jpg","type":"image\/jpeg"}],"author":"El diario de Tucuman","twitter_card":"summary_large_image","twitter_misc":{"Escrito por":"El diario de Tucuman","Tiempo de lectura":"5 minutos"},"schema":{"@context":"https:\/\/schema.org","@graph":[{"@type":"Article","@id":"https:\/\/www.eldiariodetucuman.com\/web\/el-diario-de-tucuman-copa-libertadores-el-sorteo-favorecio-a-river-y-complico-a-san-lorenzo\/#article","isPartOf":{"@id":"https:\/\/www.eldiariodetucuman.com\/web\/el-diario-de-tucuman-copa-libertadores-el-sorteo-favorecio-a-river-y-complico-a-san-lorenzo\/"},"author":{"name":"El diario de Tucuman","@id":"https:\/\/www.eldiariodetucuman.com\/web\/#\/schema\/person\/3adbe300ecd6242af93c97dab1dc3ba1"},"headline":"El Diario de Tucuman | Copa Libertadores: El sorteo favoreci\u00f3 a River y complic\u00f3 a San Lorenzo","datePublished":"2016-12-22T15:42:52+00:00","dateModified":"2016-12-22T15:45:21+00:00","mainEntityOfPage":{"@id":"https:\/\/www.eldiariodetucuman.com\/web\/el-diario-de-tucuman-copa-libertadores-el-sorteo-favorecio-a-river-y-complico-a-san-lorenzo\/"},"wordCount":941,"publisher":{"@id":"https:\/\/www.eldiariodetucuman.com\/web\/#organization"},"image":{"@id":"https:\/\/www.eldiariodetucuman.com\/web\/el-diario-de-tucuman-copa-libertadores-el-sorteo-favorecio-a-river-y-complico-a-san-lorenzo\/#primaryimage"},"thumbnailUrl":"https:\/\/www.eldiariodetucuman.com\/web\/wp-content\/uploads\/2016\/12\/el-diario-de-tucuman-futbol.jpg","keywords":["atletico tucuman","deporte","El Diario de Tucuman","libertadores 2017","river"],"articleSection":["Deporte"],"inLanguage":"es"},{"@type":"WebPage","@id":"https:\/\/www.eldiariodetucuman.com\/web\/el-diario-de-tucuman-copa-libertadores-el-sorteo-favorecio-a-river-y-complico-a-san-lorenzo\/","url":"https:\/\/www.eldiariodetucuman.com\/web\/el-diario-de-tucuman-copa-libertadores-el-sorteo-favorecio-a-river-y-complico-a-san-lorenzo\/","name":"El Diario de Tucuman | Copa Libertadores: El sorteo favoreci\u00f3 a River y complic\u00f3 a San Lorenzo - El Diario de Tucuman","isPartOf":{"@id":"https:\/\/www.eldiariodetucuman.com\/web\/#website"},"primaryImageOfPage":{"@id":"https:\/\/www.eldiariodetucuman.com\/web\/el-diario-de-tucuman-copa-libertadores-el-sorteo-favorecio-a-river-y-complico-a-san-lorenzo\/#primaryimage"},"image":{"@id":"https:\/\/www.eldiariodetucuman.com\/web\/el-diario-de-tucuman-copa-libertadores-el-sorteo-favorecio-a-river-y-complico-a-san-lorenzo\/#primaryimage"},"thumbnailUrl":"https:\/\/www.eldiariodetucuman.com\/web\/wp-content\/uploads\/2016\/12\/el-diario-de-tucuman-futbol.jpg","datePublished":"2016-12-22T15:42:52+00:00","dateModified":"2016-12-22T15:45:21+00:00","breadcrumb":{"@id":"https:\/\/www.eldiariodetucuman.com\/web\/el-diario-de-tucuman-copa-libertadores-el-sorteo-favorecio-a-river-y-complico-a-san-lorenzo\/#breadcrumb"},"inLanguage":"es","potentialAction":[{"@type":"ReadAction","target":["https:\/\/www.eldiariodetucuman.com\/web\/el-diario-de-tucuman-copa-libertadores-el-sorteo-favorecio-a-river-y-complico-a-san-lorenzo\/"]}]},{"@type":"ImageObject","inLanguage":"es","@id":"https:\/\/www.eldiariodetucuman.com\/web\/el-diario-de-tucuman-copa-libertadores-el-sorteo-favorecio-a-river-y-complico-a-san-lorenzo\/#primaryimage","url":"https:\/\/www.eldiariodetucuman.com\/web\/wp-content\/uploads\/2016\/12\/el-diario-de-tucuman-futbol.jpg","contentUrl":"https:\/\/www.eldiariodetucuman.com\/web\/wp-content\/uploads\/2016\/12\/el-diario-de-tucuman-futbol.jpg","width":400,"height":225,"caption":"el-diario-de-tucuman-futbol"},{"@type":"BreadcrumbList","@id":"https:\/\/www.eldiariodetucuman.com\/web\/el-diario-de-tucuman-copa-libertadores-el-sorteo-favorecio-a-river-y-complico-a-san-lorenzo\/#breadcrumb","itemListElement":[{"@type":"ListItem","position":1,"name":"Portada","item":"https:\/\/www.eldiariodetucuman.com\/web\/"},{"@type":"ListItem","position":2,"name":"El Diario de Tucuman | Copa Libertadores: El sorteo favoreci\u00f3 a River y complic\u00f3 a San Lorenzo"}]},{"@type":"WebSite","@id":"https:\/\/www.eldiariodetucuman.com\/web\/#website","url":"https:\/\/www.eldiariodetucuman.com\/web\/","name":"El Diario de Tucuman","description":"Diario Tucuman - Informaci\u00f3n y noticias","publisher":{"@id":"https:\/\/www.eldiariodetucuman.com\/web\/#organization"},"potentialAction":[{"@type":"SearchAction","target":{"@type":"EntryPoint","urlTemplate":"https:\/\/www.eldiariodetucuman.com\/web\/?s={search_term_string}"},"query-input":{"@type":"PropertyValueSpecification","valueRequired":true,"valueName":"search_term_string"}}],"inLanguage":"es"},{"@type":"Organization","@id":"https:\/\/www.eldiariodetucuman.com\/web\/#organization","name":"El Diario de Tucuman","url":"https:\/\/www.eldiariodetucuman.com\/web\/","logo":{"@type":"ImageObject","inLanguage":"es","@id":"https:\/\/www.eldiariodetucuman.com\/web\/#\/schema\/logo\/image\/","url":"http:\/\/www.eldiariodetucuman.com\/web\/wp-content\/uploads\/2017\/12\/el-diario-de-tucuman.jpg","contentUrl":"http:\/\/www.eldiariodetucuman.com\/web\/wp-content\/uploads\/2017\/12\/el-diario-de-tucuman.jpg","width":272,"height":92,"caption":"El Diario de Tucuman"},"image":{"@id":"https:\/\/www.eldiariodetucuman.com\/web\/#\/schema\/logo\/image\/"}},{"@type":"Person","@id":"https:\/\/www.eldiariodetucuman.com\/web\/#\/schema\/person\/3adbe300ecd6242af93c97dab1dc3ba1","name":"El diario de Tucuman","image":{"@type":"ImageObject","inLanguage":"es","@id":"https:\/\/secure.gravatar.com\/avatar\/b7214de193b24d0bd708ac5516aa13d0f20c6560795bfbee06857d5c8ac2f0b2?s=96&d=mm&r=g","url":"https:\/\/secure.gravatar.com\/avatar\/b7214de193b24d0bd708ac5516aa13d0f20c6560795bfbee06857d5c8ac2f0b2?s=96&d=mm&r=g","contentUrl":"https:\/\/secure.gravatar.com\/avatar\/b7214de193b24d0bd708ac5516aa13d0f20c6560795bfbee06857d5c8ac2f0b2?s=96&d=mm&r=g","caption":"El diario de Tucuman"},"url":"https:\/\/www.eldiariodetucuman.com\/web\/author\/mgiobellina\/"}]}},"_links":{"self":[{"href":"https:\/\/www.eldiariodetucuman.com\/web\/wp-json\/wp\/v2\/posts\/2292","targetHints":{"allow":["GET"]}}],"collection":[{"href":"https:\/\/www.eldiariodetucuman.com\/web\/wp-json\/wp\/v2\/posts"}],"about":[{"href":"https:\/\/www.eldiariodetucuman.com\/web\/wp-json\/wp\/v2\/types\/post"}],"author":[{"embeddable":true,"href":"https:\/\/www.eldiariodetucuman.com\/web\/wp-json\/wp\/v2\/users\/3"}],"replies":[{"embeddable":true,"href":"https:\/\/www.eldiariodetucuman.com\/web\/wp-json\/wp\/v2\/comments?post=2292"}],"version-history":[{"count":2,"href":"https:\/\/www.eldiariodetucuman.com\/web\/wp-json\/wp\/v2\/posts\/2292\/revisions"}],"predecessor-version":[{"id":2295,"href":"https:\/\/www.eldiariodetucuman.com\/web\/wp-json\/wp\/v2\/posts\/2292\/revisions\/2295"}],"wp:featuredmedia":[{"embeddable":true,"href":"https:\/\/www.eldiariodetucuman.com\/web\/wp-json\/wp\/v2\/media\/2293"}],"wp:attachment":[{"href":"https:\/\/www.eldiariodetucuman.com\/web\/wp-json\/wp\/v2\/media?parent=2292"}],"wp:term":[{"taxonomy":"category","embeddable":true,"href":"https:\/\/www.eldiariodetucuman.com\/web\/wp-json\/wp\/v2\/categories?post=2292"},{"taxonomy":"post_tag","embeddable":true,"href":"https:\/\/www.eldiariodetucuman.com\/web\/wp-json\/wp\/v2\/tags?post=2292"}],"curies":[{"name":"wp","href":"https:\/\/api.w.org\/{rel}","templated":true}]}}