{"id":2289,"date":"2016-12-22T15:18:43","date_gmt":"2016-12-22T15:18:43","guid":{"rendered":"http:\/\/www.eldiariodetucuman.com\/web\/?p=2289"},"modified":"2016-12-22T15:22:43","modified_gmt":"2016-12-22T15:22:43","slug":"el-diario-de-tucuman-el-parque-nacional-del-aconquija-custodiara-las-yungas","status":"publish","type":"post","link":"https:\/\/www.eldiariodetucuman.com\/web\/el-diario-de-tucuman-el-parque-nacional-del-aconquija-custodiara-las-yungas\/","title":{"rendered":"El Diario de Tucuman | El Parque Nacional del Aconquija custodiar\u00e1 las yungas"},"content":{"rendered":"<p class=\"selectionShareable\">Durante un encuentro celebrado en la Quinta Presidencial de Olivos, entre el gobernador, <strong>Juan Manzur<\/strong> y el presidente, <strong>Mauricio Macri<\/strong>, se anunci\u00f3 la creaci\u00f3n del <strong><em>Parque Nacional del Bicentenario<\/em><\/strong> para poner en resguardo m\u00e1s de 50.000 hect\u00e1reas naturales de <strong>Tucum\u00e1n<\/strong>. <strong>El Diario de Tucuman<\/strong> te da mas detalles de esta importante desicion.\u00a0<!--more--><\/p>\n<div class=\"base-box news-box mom_box_sc_custom mom_box_sc clear \">El reservorio tendr\u00e1 m\u00e1s de cuatro portales de acceso para potenciar el turismo, tanto desde Tucum\u00e1n como desde Catamarca. Incluir\u00e1 el hoy <strong><a href=\"http:\/\/www.parquesnacionales.gob.ar\/areas-protegidas\/region-noroeste\/pn-campo-de-los-alisos\/\"><em>Parque Nacional Campo Los Aliso<\/em>s<\/a><\/strong>, que pasara\u0301 a ser el <em>Portal Los Alisos<\/em>, donde se encuentran las ruinas de la <em>Ciudacita<\/em>, el yacimiento arqueolo\u0301gico incaico ma\u0301s importante al sur de <em>Machu Picchu<\/em>. El Ministerio de Defensa hizo un aporte cediendo la<em> Quebrada del Portugue\u0301s<\/em>, que suma casi 15.000 hecta\u0301reas a las ma\u0301s de 50.000 que va a tener el nuevo Parque, as\u00ed lo anunci\u00f3 Telam.<\/div>\n<p class=\"selectionShareable\"><a href=\"http:\/\/comunicaciontucuman.gob.ar\/wp-content\/uploads\/2016\/12\/macri-manzur-9.jpg\"><img loading=\"lazy\" decoding=\"async\" class=\"size-medium wp-image-110031 alignright disappear appear\" src=\"http:\/\/comunicaciontucuman.gob.ar\/wp-content\/uploads\/2016\/12\/macri-manzur-9-300x166.jpg\" alt=\"macri manzur 9\" width=\"300\" height=\"166\" \/><\/a>En el marco de la lucha contra el cambio clim\u00e1tico, Macri expres\u00f3 que decidi\u00f3 crear en nuestra provincia\u00a0 el Parque Nacional del Bicentenario, \u201cque ser\u00e1 uno de los m\u00e1s importantes del mundo, porque combinar\u00e1 la selva con monta\u00f1as nevadas y abrir\u00e1 una oportunidad gigantesca a Tucum\u00e1n, a partir del turismo. Industria que fortalecer\u00e1 la hoteler\u00eda, la gastronom\u00eda y el transporte\u201d.<br \/>\n<iframe loading=\"lazy\" src=\"https:\/\/www.google.com\/maps\/embed?pb=!1m18!1m12!1m3!1d68380.10270968109!2d-65.8891054722209!3d-27.285679904132397!2m3!1f0!2f0!3f0!3m2!1i1024!2i768!4f13.1!3m3!1m2!1s0x0%3A0xd528f8357930b302!2sParque+Nacional+Campo+de+los+Alisos!5e1!3m2!1ses-419!2sar!4v1482335092390\" width=\"600\" height=\"450\" frameborder=\"0\" allowfullscreen=\"allowfullscreen\" data-mce-fragment=\"1\"><\/iframe><\/p>\n<div class=\"google-maps\">El Presidente dijo que el medio ambiente es un tema central en el mundo del siglo XXI. Afirm\u00f3 que el Gobierno Nacional est\u00e1 comprometido con la disposici\u00f3n correcta de residuos, el ahorro energ\u00e9tico y, tambi\u00e9n, con la creaci\u00f3n de parques nacionales.<\/div>\n<p class=\"selectionShareable\">\u201cEstamos terminando un a\u00f1o duro, en el que distintos lugares del pa\u00eds tuvieron que poner el hombro. Tucum\u00e1n\u00a0 fue uno de los que\u00a0 primeros que arranc\u00f3 en Argentina. Los argentinos no nos rendimos y m\u00e1s cuando tenemos la esperanza de que caminamos en la direcci\u00f3n correcta\u201d, declar\u00f3, en relaci\u00f3n a los buenos n\u00fameros que arroj\u00f3 nuestra provincia en materia tur\u00edstica, durante el a\u00f1o del Bicentenario.<\/p>\n<p class=\"selectionShareable\">La creaci\u00f3n de este nuevo parque generara\u0301 m\u00e1s empleo en el norte argentino, complementando el turismo con las fuerzas productivas de la regi\u00f3n.<\/p>\n","protected":false},"excerpt":{"rendered":"<p>Durante un encuentro celebrado en la Quinta Presidencial de Olivos, entre el gobernador, Juan Manzur y el presidente, Mauricio Macri, se anunci\u00f3 la creaci\u00f3n del Parque Nacional del Bicentenario para poner en resguardo m\u00e1s de 50.000 hect\u00e1reas naturales de Tucum\u00e1n. El Diario de Tucuman te da mas detalles de esta importante desicion.\u00a0<\/p>\n","protected":false},"author":3,"featured_media":2290,"comment_status":"closed","ping_status":"open","sticky":false,"template":"","format":"standard","meta":{"footnotes":""},"categories":[152],"tags":[7,216,343,623,622],"class_list":{"0":"post-2289","1":"post","2":"type-post","3":"status-publish","4":"format-standard","5":"has-post-thumbnail","7":"category-argentina","8":"tag-el-diario-de-tucuman","9":"tag-juan-manzur","10":"tag-mauricio-macri","11":"tag-parque-nacional-del-aconquija","12":"tag-parque-nacional-del-bicentenario"},"yoast_head":"<!-- This site is optimized with the Yoast SEO plugin v27.4 - https:\/\/yoast.com\/product\/yoast-seo-wordpress\/ -->\n<title>El Diario de Tucuman | El Parque Nacional del Aconquija custodiar\u00e1 las yungas - El Diario de Tucuman<\/title>\n<meta name=\"robots\" content=\"index, follow, max-snippet:-1, max-image-preview:large, max-video-preview:-1\" \/>\n<link rel=\"canonical\" href=\"https:\/\/www.eldiariodetucuman.com\/web\/el-diario-de-tucuman-el-parque-nacional-del-aconquija-custodiara-las-yungas\/\" \/>\n<meta property=\"og:locale\" content=\"es_ES\" \/>\n<meta property=\"og:type\" content=\"article\" \/>\n<meta property=\"og:title\" content=\"El Diario de Tucuman | El Parque Nacional del Aconquija custodiar\u00e1 las yungas - El Diario de Tucuman\" \/>\n<meta property=\"og:description\" content=\"Durante un encuentro celebrado en la Quinta Presidencial de Olivos, entre el gobernador, Juan Manzur y el presidente, Mauricio Macri, se anunci\u00f3 la creaci\u00f3n del Parque Nacional del Bicentenario para poner en resguardo m\u00e1s de 50.000 hect\u00e1reas naturales de Tucum\u00e1n. El Diario de Tucuman te da mas detalles de esta importante desicion.\u00a0\" \/>\n<meta property=\"og:url\" content=\"https:\/\/www.eldiariodetucuman.com\/web\/el-diario-de-tucuman-el-parque-nacional-del-aconquija-custodiara-las-yungas\/\" \/>\n<meta property=\"og:site_name\" content=\"El Diario de Tucuman\" \/>\n<meta property=\"article:published_time\" content=\"2016-12-22T15:18:43+00:00\" \/>\n<meta property=\"article:modified_time\" content=\"2016-12-22T15:22:43+00:00\" \/>\n<meta property=\"og:image\" content=\"https:\/\/www.eldiariodetucuman.com\/web\/wp-content\/uploads\/2016\/12\/el-diario-de-tucuman-arboles-aconquija.jpg\" \/>\n\t<meta property=\"og:image:width\" content=\"400\" \/>\n\t<meta property=\"og:image:height\" content=\"221\" \/>\n\t<meta property=\"og:image:type\" content=\"image\/jpeg\" \/>\n<meta name=\"author\" content=\"El diario de Tucuman\" \/>\n<meta name=\"twitter:card\" content=\"summary_large_image\" \/>\n<meta name=\"twitter:label1\" content=\"Escrito por\" \/>\n\t<meta name=\"twitter:data1\" content=\"El diario de Tucuman\" \/>\n\t<meta name=\"twitter:label2\" content=\"Tiempo de lectura\" \/>\n\t<meta name=\"twitter:data2\" content=\"2 minutos\" \/>\n<script type=\"application\/ld+json\" class=\"yoast-schema-graph\">{\"@context\":\"https:\\\/\\\/schema.org\",\"@graph\":[{\"@type\":\"Article\",\"@id\":\"https:\\\/\\\/www.eldiariodetucuman.com\\\/web\\\/el-diario-de-tucuman-el-parque-nacional-del-aconquija-custodiara-las-yungas\\\/#article\",\"isPartOf\":{\"@id\":\"https:\\\/\\\/www.eldiariodetucuman.com\\\/web\\\/el-diario-de-tucuman-el-parque-nacional-del-aconquija-custodiara-las-yungas\\\/\"},\"author\":{\"name\":\"El diario de Tucuman\",\"@id\":\"https:\\\/\\\/www.eldiariodetucuman.com\\\/web\\\/#\\\/schema\\\/person\\\/3adbe300ecd6242af93c97dab1dc3ba1\"},\"headline\":\"El Diario de Tucuman | El Parque Nacional del Aconquija custodiar\u00e1 las yungas\",\"datePublished\":\"2016-12-22T15:18:43+00:00\",\"dateModified\":\"2016-12-22T15:22:43+00:00\",\"mainEntityOfPage\":{\"@id\":\"https:\\\/\\\/www.eldiariodetucuman.com\\\/web\\\/el-diario-de-tucuman-el-parque-nacional-del-aconquija-custodiara-las-yungas\\\/\"},\"wordCount\":370,\"publisher\":{\"@id\":\"https:\\\/\\\/www.eldiariodetucuman.com\\\/web\\\/#organization\"},\"image\":{\"@id\":\"https:\\\/\\\/www.eldiariodetucuman.com\\\/web\\\/el-diario-de-tucuman-el-parque-nacional-del-aconquija-custodiara-las-yungas\\\/#primaryimage\"},\"thumbnailUrl\":\"https:\\\/\\\/www.eldiariodetucuman.com\\\/web\\\/wp-content\\\/uploads\\\/2016\\\/12\\\/el-diario-de-tucuman-arboles-aconquija.jpg\",\"keywords\":[\"El Diario de Tucuman\",\"juan manzur\",\"mauricio macri\",\"parque nacional del aconquija\",\"parque nacional del bicentenario\"],\"articleSection\":[\"Argentina\"],\"inLanguage\":\"es\"},{\"@type\":\"WebPage\",\"@id\":\"https:\\\/\\\/www.eldiariodetucuman.com\\\/web\\\/el-diario-de-tucuman-el-parque-nacional-del-aconquija-custodiara-las-yungas\\\/\",\"url\":\"https:\\\/\\\/www.eldiariodetucuman.com\\\/web\\\/el-diario-de-tucuman-el-parque-nacional-del-aconquija-custodiara-las-yungas\\\/\",\"name\":\"El Diario de Tucuman | El Parque Nacional del Aconquija custodiar\u00e1 las yungas - El Diario de Tucuman\",\"isPartOf\":{\"@id\":\"https:\\\/\\\/www.eldiariodetucuman.com\\\/web\\\/#website\"},\"primaryImageOfPage\":{\"@id\":\"https:\\\/\\\/www.eldiariodetucuman.com\\\/web\\\/el-diario-de-tucuman-el-parque-nacional-del-aconquija-custodiara-las-yungas\\\/#primaryimage\"},\"image\":{\"@id\":\"https:\\\/\\\/www.eldiariodetucuman.com\\\/web\\\/el-diario-de-tucuman-el-parque-nacional-del-aconquija-custodiara-las-yungas\\\/#primaryimage\"},\"thumbnailUrl\":\"https:\\\/\\\/www.eldiariodetucuman.com\\\/web\\\/wp-content\\\/uploads\\\/2016\\\/12\\\/el-diario-de-tucuman-arboles-aconquija.jpg\",\"datePublished\":\"2016-12-22T15:18:43+00:00\",\"dateModified\":\"2016-12-22T15:22:43+00:00\",\"breadcrumb\":{\"@id\":\"https:\\\/\\\/www.eldiariodetucuman.com\\\/web\\\/el-diario-de-tucuman-el-parque-nacional-del-aconquija-custodiara-las-yungas\\\/#breadcrumb\"},\"inLanguage\":\"es\",\"potentialAction\":[{\"@type\":\"ReadAction\",\"target\":[\"https:\\\/\\\/www.eldiariodetucuman.com\\\/web\\\/el-diario-de-tucuman-el-parque-nacional-del-aconquija-custodiara-las-yungas\\\/\"]}]},{\"@type\":\"ImageObject\",\"inLanguage\":\"es\",\"@id\":\"https:\\\/\\\/www.eldiariodetucuman.com\\\/web\\\/el-diario-de-tucuman-el-parque-nacional-del-aconquija-custodiara-las-yungas\\\/#primaryimage\",\"url\":\"https:\\\/\\\/www.eldiariodetucuman.com\\\/web\\\/wp-content\\\/uploads\\\/2016\\\/12\\\/el-diario-de-tucuman-arboles-aconquija.jpg\",\"contentUrl\":\"https:\\\/\\\/www.eldiariodetucuman.com\\\/web\\\/wp-content\\\/uploads\\\/2016\\\/12\\\/el-diario-de-tucuman-arboles-aconquija.jpg\",\"width\":400,\"height\":221,\"caption\":\"el-diario-de-tucuman-arboles-aconquija\"},{\"@type\":\"BreadcrumbList\",\"@id\":\"https:\\\/\\\/www.eldiariodetucuman.com\\\/web\\\/el-diario-de-tucuman-el-parque-nacional-del-aconquija-custodiara-las-yungas\\\/#breadcrumb\",\"itemListElement\":[{\"@type\":\"ListItem\",\"position\":1,\"name\":\"Portada\",\"item\":\"https:\\\/\\\/www.eldiariodetucuman.com\\\/web\\\/\"},{\"@type\":\"ListItem\",\"position\":2,\"name\":\"El Diario de Tucuman | El Parque Nacional del Aconquija custodiar\u00e1 las yungas\"}]},{\"@type\":\"WebSite\",\"@id\":\"https:\\\/\\\/www.eldiariodetucuman.com\\\/web\\\/#website\",\"url\":\"https:\\\/\\\/www.eldiariodetucuman.com\\\/web\\\/\",\"name\":\"El Diario de Tucuman\",\"description\":\"Diario Tucuman - Informaci\u00f3n y noticias\",\"publisher\":{\"@id\":\"https:\\\/\\\/www.eldiariodetucuman.com\\\/web\\\/#organization\"},\"potentialAction\":[{\"@type\":\"SearchAction\",\"target\":{\"@type\":\"EntryPoint\",\"urlTemplate\":\"https:\\\/\\\/www.eldiariodetucuman.com\\\/web\\\/?s={search_term_string}\"},\"query-input\":{\"@type\":\"PropertyValueSpecification\",\"valueRequired\":true,\"valueName\":\"search_term_string\"}}],\"inLanguage\":\"es\"},{\"@type\":\"Organization\",\"@id\":\"https:\\\/\\\/www.eldiariodetucuman.com\\\/web\\\/#organization\",\"name\":\"El Diario de Tucuman\",\"url\":\"https:\\\/\\\/www.eldiariodetucuman.com\\\/web\\\/\",\"logo\":{\"@type\":\"ImageObject\",\"inLanguage\":\"es\",\"@id\":\"https:\\\/\\\/www.eldiariodetucuman.com\\\/web\\\/#\\\/schema\\\/logo\\\/image\\\/\",\"url\":\"http:\\\/\\\/www.eldiariodetucuman.com\\\/web\\\/wp-content\\\/uploads\\\/2017\\\/12\\\/el-diario-de-tucuman.jpg\",\"contentUrl\":\"http:\\\/\\\/www.eldiariodetucuman.com\\\/web\\\/wp-content\\\/uploads\\\/2017\\\/12\\\/el-diario-de-tucuman.jpg\",\"width\":272,\"height\":92,\"caption\":\"El Diario de Tucuman\"},\"image\":{\"@id\":\"https:\\\/\\\/www.eldiariodetucuman.com\\\/web\\\/#\\\/schema\\\/logo\\\/image\\\/\"}},{\"@type\":\"Person\",\"@id\":\"https:\\\/\\\/www.eldiariodetucuman.com\\\/web\\\/#\\\/schema\\\/person\\\/3adbe300ecd6242af93c97dab1dc3ba1\",\"name\":\"El diario de Tucuman\",\"image\":{\"@type\":\"ImageObject\",\"inLanguage\":\"es\",\"@id\":\"https:\\\/\\\/secure.gravatar.com\\\/avatar\\\/b7214de193b24d0bd708ac5516aa13d0f20c6560795bfbee06857d5c8ac2f0b2?s=96&d=mm&r=g\",\"url\":\"https:\\\/\\\/secure.gravatar.com\\\/avatar\\\/b7214de193b24d0bd708ac5516aa13d0f20c6560795bfbee06857d5c8ac2f0b2?s=96&d=mm&r=g\",\"contentUrl\":\"https:\\\/\\\/secure.gravatar.com\\\/avatar\\\/b7214de193b24d0bd708ac5516aa13d0f20c6560795bfbee06857d5c8ac2f0b2?s=96&d=mm&r=g\",\"caption\":\"El diario de Tucuman\"},\"url\":\"https:\\\/\\\/www.eldiariodetucuman.com\\\/web\\\/author\\\/mgiobellina\\\/\"}]}<\/script>\n<!-- \/ Yoast SEO plugin. -->","yoast_head_json":{"title":"El Diario de Tucuman | El Parque Nacional del Aconquija custodiar\u00e1 las yungas - El Diario de Tucuman","robots":{"index":"index","follow":"follow","max-snippet":"max-snippet:-1","max-image-preview":"max-image-preview:large","max-video-preview":"max-video-preview:-1"},"canonical":"https:\/\/www.eldiariodetucuman.com\/web\/el-diario-de-tucuman-el-parque-nacional-del-aconquija-custodiara-las-yungas\/","og_locale":"es_ES","og_type":"article","og_title":"El Diario de Tucuman | El Parque Nacional del Aconquija custodiar\u00e1 las yungas - El Diario de Tucuman","og_description":"Durante un encuentro celebrado en la Quinta Presidencial de Olivos, entre el gobernador, Juan Manzur y el presidente, Mauricio Macri, se anunci\u00f3 la creaci\u00f3n del Parque Nacional del Bicentenario para poner en resguardo m\u00e1s de 50.000 hect\u00e1reas naturales de Tucum\u00e1n. El Diario de Tucuman te da mas detalles de esta importante desicion.\u00a0","og_url":"https:\/\/www.eldiariodetucuman.com\/web\/el-diario-de-tucuman-el-parque-nacional-del-aconquija-custodiara-las-yungas\/","og_site_name":"El Diario de Tucuman","article_published_time":"2016-12-22T15:18:43+00:00","article_modified_time":"2016-12-22T15:22:43+00:00","og_image":[{"width":400,"height":221,"url":"https:\/\/www.eldiariodetucuman.com\/web\/wp-content\/uploads\/2016\/12\/el-diario-de-tucuman-arboles-aconquija.jpg","type":"image\/jpeg"}],"author":"El diario de Tucuman","twitter_card":"summary_large_image","twitter_misc":{"Escrito por":"El diario de Tucuman","Tiempo de lectura":"2 minutos"},"schema":{"@context":"https:\/\/schema.org","@graph":[{"@type":"Article","@id":"https:\/\/www.eldiariodetucuman.com\/web\/el-diario-de-tucuman-el-parque-nacional-del-aconquija-custodiara-las-yungas\/#article","isPartOf":{"@id":"https:\/\/www.eldiariodetucuman.com\/web\/el-diario-de-tucuman-el-parque-nacional-del-aconquija-custodiara-las-yungas\/"},"author":{"name":"El diario de Tucuman","@id":"https:\/\/www.eldiariodetucuman.com\/web\/#\/schema\/person\/3adbe300ecd6242af93c97dab1dc3ba1"},"headline":"El Diario de Tucuman | El Parque Nacional del Aconquija custodiar\u00e1 las yungas","datePublished":"2016-12-22T15:18:43+00:00","dateModified":"2016-12-22T15:22:43+00:00","mainEntityOfPage":{"@id":"https:\/\/www.eldiariodetucuman.com\/web\/el-diario-de-tucuman-el-parque-nacional-del-aconquija-custodiara-las-yungas\/"},"wordCount":370,"publisher":{"@id":"https:\/\/www.eldiariodetucuman.com\/web\/#organization"},"image":{"@id":"https:\/\/www.eldiariodetucuman.com\/web\/el-diario-de-tucuman-el-parque-nacional-del-aconquija-custodiara-las-yungas\/#primaryimage"},"thumbnailUrl":"https:\/\/www.eldiariodetucuman.com\/web\/wp-content\/uploads\/2016\/12\/el-diario-de-tucuman-arboles-aconquija.jpg","keywords":["El Diario de Tucuman","juan manzur","mauricio macri","parque nacional del aconquija","parque nacional del bicentenario"],"articleSection":["Argentina"],"inLanguage":"es"},{"@type":"WebPage","@id":"https:\/\/www.eldiariodetucuman.com\/web\/el-diario-de-tucuman-el-parque-nacional-del-aconquija-custodiara-las-yungas\/","url":"https:\/\/www.eldiariodetucuman.com\/web\/el-diario-de-tucuman-el-parque-nacional-del-aconquija-custodiara-las-yungas\/","name":"El Diario de Tucuman | El Parque Nacional del Aconquija custodiar\u00e1 las yungas - El Diario de Tucuman","isPartOf":{"@id":"https:\/\/www.eldiariodetucuman.com\/web\/#website"},"primaryImageOfPage":{"@id":"https:\/\/www.eldiariodetucuman.com\/web\/el-diario-de-tucuman-el-parque-nacional-del-aconquija-custodiara-las-yungas\/#primaryimage"},"image":{"@id":"https:\/\/www.eldiariodetucuman.com\/web\/el-diario-de-tucuman-el-parque-nacional-del-aconquija-custodiara-las-yungas\/#primaryimage"},"thumbnailUrl":"https:\/\/www.eldiariodetucuman.com\/web\/wp-content\/uploads\/2016\/12\/el-diario-de-tucuman-arboles-aconquija.jpg","datePublished":"2016-12-22T15:18:43+00:00","dateModified":"2016-12-22T15:22:43+00:00","breadcrumb":{"@id":"https:\/\/www.eldiariodetucuman.com\/web\/el-diario-de-tucuman-el-parque-nacional-del-aconquija-custodiara-las-yungas\/#breadcrumb"},"inLanguage":"es","potentialAction":[{"@type":"ReadAction","target":["https:\/\/www.eldiariodetucuman.com\/web\/el-diario-de-tucuman-el-parque-nacional-del-aconquija-custodiara-las-yungas\/"]}]},{"@type":"ImageObject","inLanguage":"es","@id":"https:\/\/www.eldiariodetucuman.com\/web\/el-diario-de-tucuman-el-parque-nacional-del-aconquija-custodiara-las-yungas\/#primaryimage","url":"https:\/\/www.eldiariodetucuman.com\/web\/wp-content\/uploads\/2016\/12\/el-diario-de-tucuman-arboles-aconquija.jpg","contentUrl":"https:\/\/www.eldiariodetucuman.com\/web\/wp-content\/uploads\/2016\/12\/el-diario-de-tucuman-arboles-aconquija.jpg","width":400,"height":221,"caption":"el-diario-de-tucuman-arboles-aconquija"},{"@type":"BreadcrumbList","@id":"https:\/\/www.eldiariodetucuman.com\/web\/el-diario-de-tucuman-el-parque-nacional-del-aconquija-custodiara-las-yungas\/#breadcrumb","itemListElement":[{"@type":"ListItem","position":1,"name":"Portada","item":"https:\/\/www.eldiariodetucuman.com\/web\/"},{"@type":"ListItem","position":2,"name":"El Diario de Tucuman | El Parque Nacional del Aconquija custodiar\u00e1 las yungas"}]},{"@type":"WebSite","@id":"https:\/\/www.eldiariodetucuman.com\/web\/#website","url":"https:\/\/www.eldiariodetucuman.com\/web\/","name":"El Diario de Tucuman","description":"Diario Tucuman - Informaci\u00f3n y noticias","publisher":{"@id":"https:\/\/www.eldiariodetucuman.com\/web\/#organization"},"potentialAction":[{"@type":"SearchAction","target":{"@type":"EntryPoint","urlTemplate":"https:\/\/www.eldiariodetucuman.com\/web\/?s={search_term_string}"},"query-input":{"@type":"PropertyValueSpecification","valueRequired":true,"valueName":"search_term_string"}}],"inLanguage":"es"},{"@type":"Organization","@id":"https:\/\/www.eldiariodetucuman.com\/web\/#organization","name":"El Diario de Tucuman","url":"https:\/\/www.eldiariodetucuman.com\/web\/","logo":{"@type":"ImageObject","inLanguage":"es","@id":"https:\/\/www.eldiariodetucuman.com\/web\/#\/schema\/logo\/image\/","url":"http:\/\/www.eldiariodetucuman.com\/web\/wp-content\/uploads\/2017\/12\/el-diario-de-tucuman.jpg","contentUrl":"http:\/\/www.eldiariodetucuman.com\/web\/wp-content\/uploads\/2017\/12\/el-diario-de-tucuman.jpg","width":272,"height":92,"caption":"El Diario de Tucuman"},"image":{"@id":"https:\/\/www.eldiariodetucuman.com\/web\/#\/schema\/logo\/image\/"}},{"@type":"Person","@id":"https:\/\/www.eldiariodetucuman.com\/web\/#\/schema\/person\/3adbe300ecd6242af93c97dab1dc3ba1","name":"El diario de Tucuman","image":{"@type":"ImageObject","inLanguage":"es","@id":"https:\/\/secure.gravatar.com\/avatar\/b7214de193b24d0bd708ac5516aa13d0f20c6560795bfbee06857d5c8ac2f0b2?s=96&d=mm&r=g","url":"https:\/\/secure.gravatar.com\/avatar\/b7214de193b24d0bd708ac5516aa13d0f20c6560795bfbee06857d5c8ac2f0b2?s=96&d=mm&r=g","contentUrl":"https:\/\/secure.gravatar.com\/avatar\/b7214de193b24d0bd708ac5516aa13d0f20c6560795bfbee06857d5c8ac2f0b2?s=96&d=mm&r=g","caption":"El diario de Tucuman"},"url":"https:\/\/www.eldiariodetucuman.com\/web\/author\/mgiobellina\/"}]}},"_links":{"self":[{"href":"https:\/\/www.eldiariodetucuman.com\/web\/wp-json\/wp\/v2\/posts\/2289","targetHints":{"allow":["GET"]}}],"collection":[{"href":"https:\/\/www.eldiariodetucuman.com\/web\/wp-json\/wp\/v2\/posts"}],"about":[{"href":"https:\/\/www.eldiariodetucuman.com\/web\/wp-json\/wp\/v2\/types\/post"}],"author":[{"embeddable":true,"href":"https:\/\/www.eldiariodetucuman.com\/web\/wp-json\/wp\/v2\/users\/3"}],"replies":[{"embeddable":true,"href":"https:\/\/www.eldiariodetucuman.com\/web\/wp-json\/wp\/v2\/comments?post=2289"}],"version-history":[{"count":1,"href":"https:\/\/www.eldiariodetucuman.com\/web\/wp-json\/wp\/v2\/posts\/2289\/revisions"}],"predecessor-version":[{"id":2291,"href":"https:\/\/www.eldiariodetucuman.com\/web\/wp-json\/wp\/v2\/posts\/2289\/revisions\/2291"}],"wp:featuredmedia":[{"embeddable":true,"href":"https:\/\/www.eldiariodetucuman.com\/web\/wp-json\/wp\/v2\/media\/2290"}],"wp:attachment":[{"href":"https:\/\/www.eldiariodetucuman.com\/web\/wp-json\/wp\/v2\/media?parent=2289"}],"wp:term":[{"taxonomy":"category","embeddable":true,"href":"https:\/\/www.eldiariodetucuman.com\/web\/wp-json\/wp\/v2\/categories?post=2289"},{"taxonomy":"post_tag","embeddable":true,"href":"https:\/\/www.eldiariodetucuman.com\/web\/wp-json\/wp\/v2\/tags?post=2289"}],"curies":[{"name":"wp","href":"https:\/\/api.w.org\/{rel}","templated":true}]}}