{"id":2286,"date":"2016-12-22T15:11:56","date_gmt":"2016-12-22T15:11:56","guid":{"rendered":"http:\/\/www.eldiariodetucuman.com\/web\/?p=2286"},"modified":"2016-12-22T15:11:56","modified_gmt":"2016-12-22T15:11:56","slug":"limon-como-fue-la-historia-de-la-vuelta-del-limon-tucumano-a-eeuu","status":"publish","type":"post","link":"https:\/\/www.eldiariodetucuman.com\/web\/limon-como-fue-la-historia-de-la-vuelta-del-limon-tucumano-a-eeuu\/","title":{"rendered":"LIMON | Como fue la historia de la vuelta del limon Tucumano a EEUU"},"content":{"rendered":"<p class=\"selectionShareable\">El camino que transit\u00f3 Tucum\u00e1n para llegar a que el lim\u00f3n reingrese a Estados Unidos, luego de 15 a\u00f1os y cuatro meses, paso a paso <strong>El Diario de Tucuman<\/strong> te cuenta sobre este logro importante desde la gestion actual.<!--more--><\/p>\n<p class=\"selectionShareable\">El calor del verano de los primeros d\u00edas de enero de este a\u00f1o fue testigo de las primeras conversaciones formales.<\/p>\n<p class=\"selectionShareable\"><strong>6 de enero<\/strong><\/p>\n<p class=\"selectionShareable\">El ministro del Interior de la Naci\u00f3n, Rogelio Frigerio, recibi\u00f3 al gobernador Juan Manzur, quien fue a realizar gestiones en beneficio de Tucum\u00e1n.<\/p>\n<p class=\"selectionShareable\"><a href=\"http:\/\/comunicaciontucuman.gob.ar\/wp-content\/uploads\/2016\/12\/limon-6-de-enero.jpg\"><img loading=\"lazy\" decoding=\"async\" class=\"size-medium wp-image-109970 alignleft disappear appear\" src=\"http:\/\/comunicaciontucuman.gob.ar\/wp-content\/uploads\/2016\/12\/limon-6-de-enero-300x166.jpg\" alt=\"limon 6 de enero\" width=\"300\" height=\"166\" \/><\/a>El ministro del Interior se comprometi\u00f3 a ampliar las oportunidades para que el lim\u00f3n tucumano ingrese a Estados Unidos. Las charlas entre el gobernador y el ministro nacional fueron intensas durante el 2016 y en cada oportunidad, Manzur no dejaba de mencionar esta intenci\u00f3n para el beneficio de miles de tucumanos.<\/p>\n<p class=\"selectionShareable\"><strong>12 febrero<\/strong><\/p>\n<p class=\"selectionShareable\">El ministro de Hacienda y Finanzas de la Naci\u00f3n, Alfonso Prat Gay, estuvo en Tucum\u00e1n y junto al primer mandatario tucumano mantuvo un encuentro con los principales productores limoneros de Tucum\u00e1n y recorrieron la planta de la empresa Citrusvil, emplazada en la localidad de Banda del R\u00edo Sal\u00ed.<\/p>\n<p class=\"selectionShareable\"><a href=\"http:\/\/comunicaciontucuman.gob.ar\/wp-content\/uploads\/2016\/12\/limon-febrero-prat.jpg\"><img loading=\"lazy\" decoding=\"async\" class=\"size-medium wp-image-109976 alignleft disappear appear\" src=\"http:\/\/comunicaciontucuman.gob.ar\/wp-content\/uploads\/2016\/12\/limon-febrero-prat-300x166.jpg\" alt=\"limon febrero prat\" width=\"300\" height=\"166\" \/><\/a>Durante la reuni\u00f3n se trataron varios aspectos relativos a la actividad, especialmente lo concerniente a lograr re comercializar la producci\u00f3n tucumana de lim\u00f3n en el pa\u00eds del norte, tema que tambi\u00e9n fue central durante el almuerzo de trabajo que mantuvo al mediod\u00eda con Manzur y su gabinete en Casa de Gobierno. \u201cEs una gesti\u00f3n que yo me compromet\u00ed hacer con las autoridades de Estados Unidos, con quienes hemos mejorado el di\u00e1logo. Entendemos que ya han habido varios gestos \u2013por parte de ese pa\u00eds para con la Argentina- y personalmente voy a tratar que el pr\u00f3ximo gesto sea la apertura de ese mercado para los limones tucumanos\u201d, anunci\u00f3 Prat Gay.<\/p>\n<p class=\"selectionShareable\"><strong>17 febrero<\/strong><\/p>\n<p class=\"selectionShareable\">El gobernador Juan Manzur recibi\u00f3 al\u00a0 secretario de Integraci\u00f3n Productiva del Ministerio de Producci\u00f3n de la Naci\u00f3n, Andr\u00e9s Boeninger. El objetivo del encuentro es trabajar conjuntamente sobre los ejes estrat\u00e9gicos para potenciar las econom\u00edas regionales.<\/p>\n<p class=\"selectionShareable\">Sobre el anuncio que hab\u00eda realizado una semana antes en Tucum\u00e1n, el ministro de Hacienda y Finanzas, Alfonso Prat Gay, sobre el ingreso del lim\u00f3n al mercado estadounidense, Boeninger confirm\u00f3 que \u201chay un compromiso efectivo del gobierno Nacional de trabajar en esta l\u00ednea de negociaci\u00f3n\u201d.<\/p>\n<p class=\"selectionShareable\"><strong>23 de marzo<\/strong><\/p>\n<p class=\"selectionShareable\">El presidente Mauricio Macri y su par de Estados Unidos, Barack Obama, firmaron diferentes acuerdos marcos que beneficiar\u00e1n a las econom\u00edas regionales y en especial a la producci\u00f3n de Tucum\u00e1n. El gobernador Juan Manzur particip\u00f3 de la cena de honor que realiz\u00f3 Macri para agasajar al primer mandatario norteamericano, oportunidad en la que sum\u00f3 a la agenda oficial la reapertura de las exportaciones del lim\u00f3n tucumano a ese pa\u00eds, venta que est\u00e1 vedada desde hace 15 a\u00f1os.<\/p>\n<p class=\"selectionShareable\"><strong>8 de abril<\/strong><\/p>\n<p class=\"selectionShareable\">El embajador argentino en los Estados Unidos, Mart\u00edn Lousteau, asegur\u00f3 por esos d\u00edas que era inminente el levantamiento de la suspensi\u00f3n del comercio de limones argentinos hacia el mercado de ese pa\u00eds.<\/p>\n<p class=\"selectionShareable\">Seg\u00fan el funcionario nacional\u00a0 la fruta, que se cosecha principalmente en Tucum\u00e1n, pas\u00f3 todos los an\u00e1lisis que se requer\u00edan para autorizar el reingreso al territorio norteamericano.<\/p>\n<p class=\"selectionShareable\">\u201cTendremos un anuncio en un per\u00edodo relativamente corto\u201d, precis\u00f3 Lousteau, en una entrevista publicada por el diario \u201cEl Cronista\u201d y reproducida por la agencia de noticias T\u00e9lam, al tiempo que subray\u00f3: \u201cla Argentina pas\u00f3 todos los an\u00e1lisis de equivalencia y ahora estamos esperando que el Departamento de Agricultura publique la normativa, y eso tiene tiempos internos propios de los Estados Unidos\u201d.<\/p>\n<p class=\"selectionShareable\"><strong>25 de abril<\/strong><\/p>\n<p class=\"selectionShareable\">El Gobernador Juan Manzur\u00a0 mantuvo una reuni\u00f3n con el subsecretario Gary Woodward y encargados del programa de Regulaci\u00f3n y Marketing del Departamento de Agricultura de Estados Unidos (USDA). Seg\u00fan el primer mandatario tucumano, esta fue una \u201cprimera reuni\u00f3n auspiciosa y positiva, en la que pudimos trabajar una agenda de temas tanto de competencia de los Estados como del rol de las empresas privadas\u201d.<\/p>\n<p class=\"selectionShareable\"><a href=\"http:\/\/comunicaciontucuman.gob.ar\/wp-content\/uploads\/2016\/12\/limon-abril.jpg\"><img loading=\"lazy\" decoding=\"async\" class=\"size-medium wp-image-109974 alignright disappear appear\" src=\"http:\/\/comunicaciontucuman.gob.ar\/wp-content\/uploads\/2016\/12\/limon-abril-300x166.jpg\" alt=\"limon abril\" width=\"300\" height=\"166\" \/><\/a>Durante el encuentro, los funcionarios\u00a0 de Estados Unidos manifestaron \u201cque se cumplir\u00e1 con la promesa del presidente Barack Obama de emitir una norma federal y la convocatoria a audiencias p\u00fablicas obligatorias dentro de los pr\u00f3ximos 120 d\u00edas para permitir el reingreso del lim\u00f3n y sus subproductos\u00a0 al mercado norteamericano.<\/p>\n<p class=\"selectionShareable\">Los representantes de la USDA propusieron un encuentro \u2013 a realizarse en Tucum\u00e1n o en Washington durante el mes de mayo \u2013 entre los empresarios del sector citr\u00edcola tucumano y sus pares del Estado de California para acordar temas comerciales y fitosanitarios. Asimismo, aseguraron que no se establecer\u00e1n barreras para bajar el precio del producto tucumano en el mercado norteamericano.<\/p>\n<p class=\"selectionShareable\"><strong>26 abril<\/strong><\/p>\n<p class=\"selectionShareable\"><em>El gobernador Juan Manzur confirm\u00f3 desde Washington, Estados Unidos, que \u201cest\u00e1 tomada la decisi\u00f3n para el reingreso del lim\u00f3n a Estados Unidos\u201d.<\/em><\/p>\n<p class=\"selectionShareable\"><a href=\"http:\/\/comunicaciontucuman.gob.ar\/wp-content\/uploads\/2016\/12\/limon-abril-2.jpg\"><img loading=\"lazy\" decoding=\"async\" class=\"size-medium wp-image-109973 alignleft disappear appear\" src=\"http:\/\/comunicaciontucuman.gob.ar\/wp-content\/uploads\/2016\/12\/limon-abril-2-300x166.jpg\" alt=\"limon abril 2\" width=\"300\" height=\"166\" \/><\/a><em>\u201cNos dijeron que en 60 d\u00edas se aprobar\u00e1 el reingreso del lim\u00f3n al mercado de Estados Unidos, de ah\u00ed se abre las consultas populares. Por lo que se espera que el a\u00f1o que viene el comercio del citrus con EE. UU. Estar\u00e1 garantizado\u201d, indic\u00f3 Manzur en esa \u00e9poca.<\/em><\/p>\n<p class=\"selectionShareable\"><strong>6 de mayo<\/strong><\/p>\n<p class=\"selectionShareable\">Las gestiones realizadas por el Gobierno provincial, en articulaci\u00f3n con el Gobierno nacional, para concretar el reingreso del lim\u00f3n tucumano al mercado de Estados Unidos est\u00e1n a un paso de materializarse. El Departamento de Agricultura de los Estados Unidos (USDA) public\u00f3 en su sitio oficial que el Servicio de Inspecci\u00f3n Salud de Planta (APHIS) difundir\u00e1 el pr\u00f3ximo partes 10 de mayo las \u201cPropuse rules\u201d \u2013 normativas propuestas para el tratamiento fitosanitario de la fruta \u2013 que permitir\u00e1 la habilitaci\u00f3n de las exportaciones de lim\u00f3n del noroeste argentino a ese mercado.<\/p>\n<p class=\"selectionShareable\">El gobernador Juan Manzur en la oportunidad celebr\u00f3 el avance en las gestiones y destac\u00f3 el trabajo articulado con el Gobierno nacional y el sector privado para el reingreso de la fruta tucumana. \u201cUna gran noticia.\u00a0 Desde nuestro gobierno hemos hecho un gran esfuerzo junto a los empresarios tucumanos para que esto sea posible. Agradezco al Presidente Macri quien me llam\u00f3 hace instantes para felicitarnos a todos los tucumanos por este enorme logro. \u201c, afirm\u00f3 el primer mandatario provincial en su cuenta de Twitter.<\/p>\n<p class=\"selectionShareable\"><strong>11 de mayo<\/strong><\/p>\n<p class=\"selectionShareable\">El ministro del Interior, Obra P\u00fablica y Vivienda de la Naci\u00f3n, Rogelio Frigerio, resalt\u00f3 durante una entrevista que la madurez de los gobernadores en su forma de entender la pol\u00edtica est\u00e1 determinando buenos v\u00ednculos con el gobierno nacional. Durante el di\u00e1logo con la radio local LV12, Frigerio destac\u00f3 especialmente la predisposici\u00f3n del mandatario tucumano, Juan Manzur, para trabajar en conjunto por el crecimiento sostenido la provincia, los proyectos de construcci\u00f3n de viviendas y la reforma pol\u00edtica.<\/p>\n<p class=\"selectionShareable\">En relaci\u00f3n a la producci\u00f3n de la provincia, Frigerio agreg\u00f3 que se est\u00e1 \u201ctrabajando junto al gobernador Manzur para que el lim\u00f3n tucumano vuelva a entrar a los Estados Unidos<\/p>\n<p class=\"selectionShareable\"><strong>19 de mayo<\/strong><\/p>\n<p class=\"selectionShareable\">El gobernador Juan Manzur estuvo en Casa Rosada con el presidente Mauricio Macri; su ministro del Interior, Rogelio Frigerio. Acompa\u00f1aron al mandatario 18 intendentes tucumanos.<\/p>\n<p class=\"selectionShareable\">Manzur agradeci\u00f3 \u201cla intervenci\u00f3n del Gobierno Nacional en pos del reingreso del lim\u00f3n tucumano a un mercado exigente como es Estados Unidos\u201d, y destac\u00f3 que la producci\u00f3n citr\u00edcola da trabajo a m\u00e1s de 40 mil personas en la provincia.<\/p>\n<p class=\"selectionShareable\"><strong>23 de mayo<\/strong><\/p>\n<p class=\"selectionShareable\">El titular del PE tucumano recibi\u00f3 en su despacho a Adri\u00e1n Werthein, presidente del Consejo Interamericano de Comercio y Producci\u00f3n (CICyP), instituci\u00f3n que se encarga de promover y defender los principios de la empresa privada y la iniciativa individual, adem\u00e1s de consolidar relaciones entre las diferentes fuerzas pol\u00edticas, econ\u00f3micas, culturales y sociales.<\/p>\n<p class=\"selectionShareable\"><a href=\"http:\/\/comunicaciontucuman.gob.ar\/wp-content\/uploads\/2016\/12\/limon-23-de-mayo.jpg\"><img loading=\"lazy\" decoding=\"async\" class=\"size-medium wp-image-109972 alignright disappear appear\" src=\"http:\/\/comunicaciontucuman.gob.ar\/wp-content\/uploads\/2016\/12\/limon-23-de-mayo-300x166.jpg\" alt=\"limon 23 de mayo\" width=\"300\" height=\"166\" \/><\/a>Las gestiones del gobernador Manzur para reingreso del lim\u00f3n a Estados Unidos y para el aumento del porcentaje de alcohol en naftas tienen repercusiones visibles para el sector productivo de la provincia, consider\u00f3 Werthein. \u201cEs un gran hacedor y lo estamos viendo en Tucum\u00e1n y lo vamos a ver m\u00e1s a\u00fan, porque cuando un hombre tiene las condiciones y la entrega que tiene el gobernador se obtienen enormes beneficios\u201d \u2013afirm\u00f3\u2013 \u201cde hecho ya los ha tenido; durante la visita del presidente Barack Obama, el gobernador hab\u00eda hecho una gesti\u00f3n con el gobierno argentino para tratar de levantar restricciones a la exportaci\u00f3n de los c\u00edtricos, el lim\u00f3n y los aceites esenciales del lim\u00f3n y eso lleg\u00f3 al primer nivel, nada m\u00e1s y nada menos que al presidente de los Estados Unidos\u201d.<\/p>\n<p class=\"selectionShareable\"><strong>30 de mayo<\/strong><\/p>\n<p class=\"selectionShareable\">El gobernador, Juan Manzur, anunci\u00f3 que tras las gestiones que el pa\u00eds y la provincia realizan en Estados Unidos para concretar que el lim\u00f3n tucumano vuelva a ese mercado acompa\u00f1ar\u00e1 a c\u00edtricos tucumanos en una nueva reuni\u00f3n en Norteam\u00e9rica.<\/p>\n<p class=\"selectionShareable\">\u201cEl presidente Mauricio Macri hizo las gestiones con el presidente Barack Obama y algo que estaba demorado\u00a0 hace 15 a\u00f1os como era el ingreso del lim\u00f3n tucumano a EEUU est\u00e1 a punto de lograrse\u201d, indic\u00f3 el primer mandatario.<\/p>\n<p class=\"selectionShareable\">Al respecto, mencion\u00f3 que el Departamento de Agricultura de los Estados Unidos sac\u00f3 la norma y que en estos momentos se encuentra abierto el per\u00edodo de consulta popular tal lo establecido por ese pa\u00eds.<\/p>\n<p class=\"selectionShareable\">\u201cLa Embajada Argentina en EEUU est\u00e1 haciendo un gran trabajo\u201d, afirm\u00f3 Manzur con respecto a la representaci\u00f3n de la provincia y asever\u00f3 que \u201cprobablemente tengamos que estar en una reuni\u00f3n de citricultores, incluso algunos de california\u201d, anticip\u00f3.<\/p>\n<p class=\"selectionShareable\"><strong>6 de junio<\/strong><\/p>\n<p class=\"selectionShareable\">Manzur mantuvo una reuni\u00f3n de trabajo con el embajador de los Estados Unidos, Noah Mamet, durante la cual avanzaron en aspectos relacionados con la agenda comercial de la provincia con ese pa\u00eds.<\/p>\n<p class=\"selectionShareable\">Durante el encuentro, que tuvo lugar en el despacho de la embajada estadounidense en Buenos Aires, el gobernador tucumano destac\u00f3 los importantes avances logrados en la reinserci\u00f3n del lim\u00f3n tucumano en el mercado norteamericano y la decidida impronta que marc\u00f3 el gobierno federal de ese pa\u00eds -a trav\u00e9s de su Departamento de Agricultura-, para agilizar los procesos de aprobaci\u00f3n fitosanitaria.<\/p>\n<p class=\"selectionShareable\">\u201cComo lo venimos diciendo, asegurar el ingreso del lim\u00f3n tucumano al mercado m\u00e1s exigente del mundo, es apostar a sostener y acrecentar las posibilidades de m\u00e1s trabajo para los tucumanos. El lim\u00f3n da trabajo en nuestra provincia a casi 40.000 personas y mantiene viva a una enorme cadena productiva\u201d, dijo el mandatario.<\/p>\n<p class=\"selectionShareable\"><strong>17 junio<\/strong><\/p>\n<p class=\"selectionShareable\"><strong>Una delegaci\u00f3n tucumana estuvo en Estados Unidos para continuar con las gestiones por el reingreso del Lim\u00f3n a ese pa\u00eds. La comitiva, acompa\u00f1ada por el embajador argentino Mart\u00edn Losteau, estuvo integrada por el ministro de Desarrollo Productivo, Juan Luis Fern\u00e1ndez, el secretario de Relaciones Internacionales, Jorge Neme, y empresarios del sector citr\u00edcola local.<\/strong><\/p>\n<p class=\"selectionShareable\">Se trata de una instancia clave dentro de las normativas dispuesta por el Departamento de Agricultura de Estados Unidos que estableci\u00f3 una ronda de entrevistas entre la comitiva tucumana, con autoridades de la Secretar\u00eda de Comercio de USA, congresistas (diputados y senadores), c\u00e1maras empresariales y jefes de distintos Estados.<\/p>\n<p class=\"selectionShareable\">\u201cFue una muy buena reuni\u00f3n, donde la canciller\u00eda y nuestro equipo, planteamos la necesidad de la reapertura del lim\u00f3n y los productores industriales, a su vez, plantearon las condiciones en el que las exportaciones podr\u00edan hacerse, tanto en tema de vol\u00famenes como en la \u00e9poca de contrastaci\u00f3n ya que de ninguna manera se incide en el mercado interno ni implica avanzar sobre la producci\u00f3n norteamericana, espec\u00edficamente de California\u201d, dijo esa vez Fern\u00e1ndez.<\/p>\n<p class=\"selectionShareable\"><strong>20 septiembre<\/strong><\/p>\n<p class=\"selectionShareable\">En el marco de las gestiones para abrir la exportaci\u00f3n del lim\u00f3n al mercado de los Estados Unidos, una delegaci\u00f3n del Servicio de Inspecci\u00f3n de Sanidad Animal y Vegetal del Departamento de Agricultura (USDA\/APHIS, por sus siglas en ingl\u00e9s) de ese pa\u00eds verific\u00f3 el sistema de control en origen de la fruta en la regi\u00f3n del noroeste argentino.<\/p>\n<p class=\"selectionShareable\">Acompa\u00f1ada por profesionales del Servicio Nacional de Sanidad y Calidad Agroalimentaria (Senasa), la comitiva de t\u00e9cnicos recorri\u00f3 en las provincias de Tucum\u00e1n y Salta los establecimientos de producci\u00f3n y empaque preinscriptos para la exportaci\u00f3n y la Estaci\u00f3n Experimental Agroindustrial Obispo Colombres (EEAOC).<\/p>\n<p class=\"selectionShareable\"><a href=\"http:\/\/comunicaciontucuman.gob.ar\/wp-content\/uploads\/2016\/12\/limon-20-septiembre.jpg\"><img loading=\"lazy\" decoding=\"async\" class=\"size-medium wp-image-109971 alignleft disappear appear\" src=\"http:\/\/comunicaciontucuman.gob.ar\/wp-content\/uploads\/2016\/12\/limon-20-septiembre-300x166.jpg\" alt=\"limon 20 septiembre\" width=\"300\" height=\"166\" \/><\/a>El presidente del Senasa, J<strong>orge Dillon<\/strong>, explic\u00f3 que luego del proceso de verificaci\u00f3n, en la reuni\u00f3n final, ambas partes acordaron el borrador del nuevo plan de trabajo que ser\u00e1 remitido de forma oficial al APHIS para que contin\u00fae por los canales correspondientes para su aprobaci\u00f3n.<\/p>\n<p class=\"selectionShareable\">\u201cCon la visita concluida del APHIS y con la verificaci\u00f3n del plan de trabajo establecido creemos que se da el \u00faltimo paso requerido y, seguramente, estaremos en condiciones para la pr\u00f3xima campa\u00f1a de exportar nuestro lim\u00f3n al mercado norteamericano\u201d, expres\u00f3.<\/p>\n<p class=\"selectionShareable\">El director de Certificaci\u00f3n Fitosanitaria del Senasa, Mart\u00edn Delucis, explic\u00f3 que \u201cla delegaci\u00f3n estadounidense se lleva una muy buena impresi\u00f3n de c\u00f3mo la Argentina viene implementando las medidas de manejo en el marco de las negociaciones para la exportaci\u00f3n de lim\u00f3n del noroeste del pa\u00eds\u201d.<\/p>\n<p class=\"selectionShareable\">Por su parte, el coordinador de Protecci\u00f3n Vegetal del Centro Regional NOA Sur, Rafael Rodr\u00edguez Prados, destac\u00f3 los avances en las gestiones para que \u2013 luego de 16 a\u00f1os desde que se prohibi\u00f3 la entrada del lim\u00f3n a Norteam\u00e9rica \u2013 el norte pueda volver a exportar: \u201cEsta es una visita de constataci\u00f3n para analizar cu\u00e1l es la situaci\u00f3n respecto del plan de trabajo previsto para esta campa\u00f1a. Tenemos 126 establecimientos inscriptos que tienen instaladas una red de trampeo para la detecci\u00f3n de Ceratitis capitata (Mosca del Mediterr\u00e1neo), que en Tucum\u00e1n es de baja prevalencia. Somos optimistas porque venimos adecu\u00e1ndonos a las exigencias propuestas por Estados Unidos\u201d.<\/p>\n<p class=\"selectionShareable\"><strong>22 de septiembre<\/strong><\/p>\n<p class=\"selectionShareable\">El presidente del Servicio Nacional de Sanidad y Calidad Agroalimentaria (Senasa), Jorge Dillon, estuvo en Tucum\u00e1n con el objetivo de analizar, junto a las diferentes instituciones del Estado, los ejes estrat\u00e9gicos para aumentar las exportaciones de agroalimentos mejorando su calidad. Durante la reuni\u00f3n (en la que participaron tambi\u00e9n el director del Centro Regional NOA Sur del Senasa, Carlos Grignola y el coordinador regional de Sanidad Animal, Roberto Rodr\u00edguez), los principales temas abordados incluy\u00f3 la posible apertura de la exportaci\u00f3n del lim\u00f3n al mercado norteamericano<\/p>\n<p class=\"selectionShareable\"><strong>6 de octubre<\/strong><\/p>\n<p class=\"selectionShareable\">El gobernador Juan Manzur aprovech\u00f3 la visita a una citr\u00edcola ubicada en la localidad de Acheral para contar que las gestiones para el reingreso del lim\u00f3n al mercado estadounidense \u201cva bien\u201d y esperando que en la primera quincena de noviembre \u201ctengamos resultados positivos y en la cosecha del pr\u00f3ximo a\u00f1o ya puedan exportar\u201d hacia ese pa\u00eds, despu\u00e9s de 12 a\u00f1os.<\/p>\n<p class=\"selectionShareable\"><strong>28 de octubre<\/strong><\/p>\n<p class=\"selectionShareable\">Manzur recibi\u00f3 en su despacho al jefe de Gabinete de Ministros de la Naci\u00f3n, Marcos Pe\u00f1a, y al viceministro del Interior de la Naci\u00f3n, Sebasti\u00e1n Garc\u00eda De Luca. En un encuentro seguido por una conferencia de prensa en el Sal\u00f3n Blanco de Casa de Gobierno, los funcionarios destacaron los avances de la gesti\u00f3n y la relaci\u00f3n entre la provincia y el gobierno nacional.<\/p>\n<p class=\"selectionShareable\">\u201cHicimos un repaso de la situaci\u00f3n actual, hablamos de m\u00faltiples temas como econom\u00edas regionales y los avances de este a\u00f1o\u201d, \u2013 relat\u00f3 Manzur -. \u201cLe transmit\u00ed nuestro agradecimiento al presidente, Mauricio Macri, por todos los aportes que hizo a Tucum\u00e1n en este tiempo: el 2% de etanol, las gestiones para que el lim\u00f3n de Tucum\u00e1n pueda entrar en Estados Unidos, la obra en el aeropuerto para poder aumentar nuestras exportaciones y el permanente acompa\u00f1amiento y ayuda al gobierno de la provincia\u201d.<\/p>\n<p class=\"selectionShareable\"><strong>15 de noviembre<\/strong><\/p>\n<p class=\"selectionShareable\">La delegaci\u00f3n del Servicio de Inspecci\u00f3n de Sanidad Animal y Vegetal del Departamento de Agricultura de Estados Unidos (USDA\/APHIS, por sus siglas en ingl\u00e9s), se reuni\u00f3 con las autoridades del Servicio Nacional de Sanidad y Calidad Agroalimentaria (Senasa), en su sede central en Buenos Aires. En el marco del encuentro anunci\u00f3 que es inminente la publicaci\u00f3n de la norma que permitir\u00e1 finalmente el acceso de la fruta a ese destino. Asimismo expresaron que el proceso de apertura del mercado de c\u00edtricos dulces se ver\u00e1 agilizado por los antecedentes de la negociaci\u00f3n con el lim\u00f3n.<\/p>\n<p class=\"selectionShareable\">La delegaci\u00f3n del USDA\/APHIS estuvo encabezada por Ingrid Watson, subdirectora de Asuntos del Hemisferio Occidental, y por el vicepresidente del Senasa, Guillermo Rossi. Participaron tambi\u00e9n por parte del Ministerio de Agroindustria de la Naci\u00f3n, el consejero agr\u00edcola, Jos\u00e9 Molina, y la directora de Cooperaci\u00f3n y Negociaci\u00f3n Bilateral, Gabriela Catalani; y por el lado estadounidense, autoridades de la embajada.<\/p>\n<p class=\"selectionShareable\"><strong>30 de noviembre<\/strong><\/p>\n<p class=\"selectionShareable\">El gobernador Juan Manzur fue recibido por el embajador argentino en Estados Unidos, Mart\u00edn Lousteau. \u201cEsta es la casa argentina en Estados Unidos, es de todas las provincias y de los tucumanos en un a\u00f1o muy especial, no solo por el Bicentenario, sino tambi\u00e9n porque estamos peleando desde hace un tiempo por el reingreso del lim\u00f3n fresco de Tucum\u00e1n a este mercado y por otras avenidas que se abren para la inversi\u00f3n en la provincia; por ellas trabajaremos en conjunto\u201d, dijo Lousteau.<\/p>\n<div class=\"base-box news-box mom_box_sc_note mom_box_sc clear \"><strong>1 de noviembre<\/strong><\/p>\n<p class=\"selectionShareable\">El gobernador, Juan Manzur, mantuvo una reuni\u00f3n con autoridades del Departamento de Agricultura de Estados Unidos (USDA por sus siglas en ingl\u00e9s), con el objetivo de avanzar en las gestiones para el reingreso del lim\u00f3n tucumano a ese mercado. \u201cEstamos muy satisfechos por el encuentro que mantuvimos con Osama El-Lissy, quien manifest\u00f3 una excelente predisposici\u00f3n por parte de las autoridades federales de ese pa\u00eds. Hemos cumplido con todos los pasos administrativos para que el lim\u00f3n tucumano reingrese al mercado norteamericano, el m\u00e1s exigente del mundo\u201d, asegur\u00f3 el gobernador.<\/p>\n<p class=\"selectionShareable\"><a href=\"http:\/\/comunicaciontucuman.gob.ar\/wp-content\/uploads\/2016\/12\/limon-1-de-noviembre.jpg\"><img loading=\"lazy\" decoding=\"async\" class=\"size-medium wp-image-109969 alignright disappear appear\" src=\"http:\/\/comunicaciontucuman.gob.ar\/wp-content\/uploads\/2016\/12\/limon-1-de-noviembre-300x166.jpg\" alt=\"limon 1 de noviembre\" width=\"300\" height=\"166\" \/><\/a>\u201cComprobamos que toda la documentaci\u00f3n t\u00e9cnica vinculada a la certificaci\u00f3n de nuestros c\u00edtricos ya se ha cumplimentado\u201d, coment\u00f3 Manzur. Relat\u00f3 que es la segunda vez que visita esa oficina y se re\u00fane con sus funcionarios y que la Provincia realiz\u00f3 un acompa\u00f1amiento satisfactorio en todas las misiones que realizaron a Tucum\u00e1n para la revisi\u00f3n de plantaciones, packings e industrias.<\/p>\n<\/div>\n<p class=\"selectionShareable\"><strong>20 de diciembre<\/strong><\/p>\n<p class=\"selectionShareable\">El Servicio de Inspecci\u00f3n de Sanidad Animal y Vegetal (APHIS) del Departamento de Agricultura de los Estados Unidos (USDA) public\u00f3 una regla final para permitir la importaci\u00f3n de fruta fresca de lim\u00f3n del noroeste de la Argentina a los Estados Unidos continentales.<\/p>\n<p class=\"selectionShareable\"><a href=\"http:\/\/comunicaciontucuman.gob.ar\/wp-content\/uploads\/2016\/12\/fallo-limon.jpg\"><img loading=\"lazy\" decoding=\"async\" class=\"size-medium wp-image-109942 alignleft disappear appear\" src=\"http:\/\/comunicaciontucuman.gob.ar\/wp-content\/uploads\/2016\/12\/fallo-limon-300x166.jpg\" alt=\"fallo limon\" width=\"300\" height=\"166\" \/><\/a>Publicar la regla final es s\u00f3lo uno de los varios pasos que deben ser completados antes de que Argentina pueda comenzar a enviar limones a los Estados Unidos. El APHIS y la Organizaci\u00f3n Nacional de Protecci\u00f3n Fitosanitaria de Argentina (SENASA) deben ahora finalizar y firmar el plan de trabajo operacional, el cual detalla las condiciones que Argentina debe cumplir para cada env\u00edo de lim\u00f3n de los Estados Unidos. Adem\u00e1s, SENASA tendr\u00e1 que recolectar y APHIS tendr\u00e1 que verificar seis meses de datos de captura de moscas de la fruta. APHIS tambi\u00e9n tendr\u00e1 que verificar que las empaquetadoras cumplen con los requisitos de salvaguardia esbozados en el plan de trabajo operacional.<\/p>\n","protected":false},"excerpt":{"rendered":"<p>El camino que transit\u00f3 Tucum\u00e1n para llegar a que el lim\u00f3n reingrese a Estados Unidos, luego de 15 a\u00f1os y cuatro meses, paso a paso El Diario de Tucuman te cuenta sobre este logro importante desde la gestion actual.<\/p>\n","protected":false},"author":3,"featured_media":2287,"comment_status":"closed","ping_status":"open","sticky":false,"template":"","format":"standard","meta":{"footnotes":""},"categories":[3],"tags":[134,620,7,422,621],"class_list":{"0":"post-2286","1":"post","2":"type-post","3":"status-publish","4":"format-standard","5":"has-post-thumbnail","7":"category-politica","8":"tag-argentina","9":"tag-eeuu","10":"tag-el-diario-de-tucuman","11":"tag-limon","12":"tag-produccion"},"yoast_head":"<!-- This site is optimized with the Yoast SEO plugin v27.4 - https:\/\/yoast.com\/product\/yoast-seo-wordpress\/ -->\n<title>LIMON | Como fue la historia de la vuelta del limon Tucumano a EEUU - El Diario de Tucuman<\/title>\n<meta name=\"robots\" content=\"index, follow, max-snippet:-1, max-image-preview:large, max-video-preview:-1\" \/>\n<link rel=\"canonical\" href=\"https:\/\/www.eldiariodetucuman.com\/web\/limon-como-fue-la-historia-de-la-vuelta-del-limon-tucumano-a-eeuu\/\" \/>\n<meta property=\"og:locale\" content=\"es_ES\" \/>\n<meta property=\"og:type\" content=\"article\" \/>\n<meta property=\"og:title\" content=\"LIMON | Como fue la historia de la vuelta del limon Tucumano a EEUU - El Diario de Tucuman\" \/>\n<meta property=\"og:description\" content=\"El camino que transit\u00f3 Tucum\u00e1n para llegar a que el lim\u00f3n reingrese a Estados Unidos, luego de 15 a\u00f1os y cuatro meses, paso a paso El Diario de Tucuman te cuenta sobre este logro importante desde la gestion actual.\" \/>\n<meta property=\"og:url\" content=\"https:\/\/www.eldiariodetucuman.com\/web\/limon-como-fue-la-historia-de-la-vuelta-del-limon-tucumano-a-eeuu\/\" \/>\n<meta property=\"og:site_name\" content=\"El Diario de Tucuman\" \/>\n<meta property=\"article:published_time\" content=\"2016-12-22T15:11:56+00:00\" \/>\n<meta property=\"og:image\" content=\"https:\/\/www.eldiariodetucuman.com\/web\/wp-content\/uploads\/2016\/12\/el-diario-de-tucuman-limon.jpg\" \/>\n\t<meta property=\"og:image:width\" content=\"400\" \/>\n\t<meta property=\"og:image:height\" content=\"282\" \/>\n\t<meta property=\"og:image:type\" content=\"image\/jpeg\" \/>\n<meta name=\"author\" content=\"El diario de Tucuman\" \/>\n<meta name=\"twitter:card\" content=\"summary_large_image\" \/>\n<meta name=\"twitter:label1\" content=\"Escrito por\" \/>\n\t<meta name=\"twitter:data1\" content=\"El diario de Tucuman\" \/>\n\t<meta name=\"twitter:label2\" content=\"Tiempo de lectura\" \/>\n\t<meta name=\"twitter:data2\" content=\"16 minutos\" \/>\n<script type=\"application\/ld+json\" class=\"yoast-schema-graph\">{\"@context\":\"https:\\\/\\\/schema.org\",\"@graph\":[{\"@type\":\"Article\",\"@id\":\"https:\\\/\\\/www.eldiariodetucuman.com\\\/web\\\/limon-como-fue-la-historia-de-la-vuelta-del-limon-tucumano-a-eeuu\\\/#article\",\"isPartOf\":{\"@id\":\"https:\\\/\\\/www.eldiariodetucuman.com\\\/web\\\/limon-como-fue-la-historia-de-la-vuelta-del-limon-tucumano-a-eeuu\\\/\"},\"author\":{\"name\":\"El diario de Tucuman\",\"@id\":\"https:\\\/\\\/www.eldiariodetucuman.com\\\/web\\\/#\\\/schema\\\/person\\\/3adbe300ecd6242af93c97dab1dc3ba1\"},\"headline\":\"LIMON | Como fue la historia de la vuelta del limon Tucumano a EEUU\",\"datePublished\":\"2016-12-22T15:11:56+00:00\",\"mainEntityOfPage\":{\"@id\":\"https:\\\/\\\/www.eldiariodetucuman.com\\\/web\\\/limon-como-fue-la-historia-de-la-vuelta-del-limon-tucumano-a-eeuu\\\/\"},\"wordCount\":3256,\"publisher\":{\"@id\":\"https:\\\/\\\/www.eldiariodetucuman.com\\\/web\\\/#organization\"},\"image\":{\"@id\":\"https:\\\/\\\/www.eldiariodetucuman.com\\\/web\\\/limon-como-fue-la-historia-de-la-vuelta-del-limon-tucumano-a-eeuu\\\/#primaryimage\"},\"thumbnailUrl\":\"https:\\\/\\\/www.eldiariodetucuman.com\\\/web\\\/wp-content\\\/uploads\\\/2016\\\/12\\\/el-diario-de-tucuman-limon.jpg\",\"keywords\":[\"Argentina\",\"eeuu\",\"El Diario de Tucuman\",\"limon\",\"produccion\"],\"articleSection\":[\"Politica\"],\"inLanguage\":\"es\"},{\"@type\":\"WebPage\",\"@id\":\"https:\\\/\\\/www.eldiariodetucuman.com\\\/web\\\/limon-como-fue-la-historia-de-la-vuelta-del-limon-tucumano-a-eeuu\\\/\",\"url\":\"https:\\\/\\\/www.eldiariodetucuman.com\\\/web\\\/limon-como-fue-la-historia-de-la-vuelta-del-limon-tucumano-a-eeuu\\\/\",\"name\":\"LIMON | Como fue la historia de la vuelta del limon Tucumano a EEUU - El Diario de Tucuman\",\"isPartOf\":{\"@id\":\"https:\\\/\\\/www.eldiariodetucuman.com\\\/web\\\/#website\"},\"primaryImageOfPage\":{\"@id\":\"https:\\\/\\\/www.eldiariodetucuman.com\\\/web\\\/limon-como-fue-la-historia-de-la-vuelta-del-limon-tucumano-a-eeuu\\\/#primaryimage\"},\"image\":{\"@id\":\"https:\\\/\\\/www.eldiariodetucuman.com\\\/web\\\/limon-como-fue-la-historia-de-la-vuelta-del-limon-tucumano-a-eeuu\\\/#primaryimage\"},\"thumbnailUrl\":\"https:\\\/\\\/www.eldiariodetucuman.com\\\/web\\\/wp-content\\\/uploads\\\/2016\\\/12\\\/el-diario-de-tucuman-limon.jpg\",\"datePublished\":\"2016-12-22T15:11:56+00:00\",\"breadcrumb\":{\"@id\":\"https:\\\/\\\/www.eldiariodetucuman.com\\\/web\\\/limon-como-fue-la-historia-de-la-vuelta-del-limon-tucumano-a-eeuu\\\/#breadcrumb\"},\"inLanguage\":\"es\",\"potentialAction\":[{\"@type\":\"ReadAction\",\"target\":[\"https:\\\/\\\/www.eldiariodetucuman.com\\\/web\\\/limon-como-fue-la-historia-de-la-vuelta-del-limon-tucumano-a-eeuu\\\/\"]}]},{\"@type\":\"ImageObject\",\"inLanguage\":\"es\",\"@id\":\"https:\\\/\\\/www.eldiariodetucuman.com\\\/web\\\/limon-como-fue-la-historia-de-la-vuelta-del-limon-tucumano-a-eeuu\\\/#primaryimage\",\"url\":\"https:\\\/\\\/www.eldiariodetucuman.com\\\/web\\\/wp-content\\\/uploads\\\/2016\\\/12\\\/el-diario-de-tucuman-limon.jpg\",\"contentUrl\":\"https:\\\/\\\/www.eldiariodetucuman.com\\\/web\\\/wp-content\\\/uploads\\\/2016\\\/12\\\/el-diario-de-tucuman-limon.jpg\",\"width\":400,\"height\":282,\"caption\":\"el-diario-de-tucuman-limon\"},{\"@type\":\"BreadcrumbList\",\"@id\":\"https:\\\/\\\/www.eldiariodetucuman.com\\\/web\\\/limon-como-fue-la-historia-de-la-vuelta-del-limon-tucumano-a-eeuu\\\/#breadcrumb\",\"itemListElement\":[{\"@type\":\"ListItem\",\"position\":1,\"name\":\"Portada\",\"item\":\"https:\\\/\\\/www.eldiariodetucuman.com\\\/web\\\/\"},{\"@type\":\"ListItem\",\"position\":2,\"name\":\"LIMON | Como fue la historia de la vuelta del limon Tucumano a EEUU\"}]},{\"@type\":\"WebSite\",\"@id\":\"https:\\\/\\\/www.eldiariodetucuman.com\\\/web\\\/#website\",\"url\":\"https:\\\/\\\/www.eldiariodetucuman.com\\\/web\\\/\",\"name\":\"El Diario de Tucuman\",\"description\":\"Diario Tucuman - Informaci\u00f3n y noticias\",\"publisher\":{\"@id\":\"https:\\\/\\\/www.eldiariodetucuman.com\\\/web\\\/#organization\"},\"potentialAction\":[{\"@type\":\"SearchAction\",\"target\":{\"@type\":\"EntryPoint\",\"urlTemplate\":\"https:\\\/\\\/www.eldiariodetucuman.com\\\/web\\\/?s={search_term_string}\"},\"query-input\":{\"@type\":\"PropertyValueSpecification\",\"valueRequired\":true,\"valueName\":\"search_term_string\"}}],\"inLanguage\":\"es\"},{\"@type\":\"Organization\",\"@id\":\"https:\\\/\\\/www.eldiariodetucuman.com\\\/web\\\/#organization\",\"name\":\"El Diario de Tucuman\",\"url\":\"https:\\\/\\\/www.eldiariodetucuman.com\\\/web\\\/\",\"logo\":{\"@type\":\"ImageObject\",\"inLanguage\":\"es\",\"@id\":\"https:\\\/\\\/www.eldiariodetucuman.com\\\/web\\\/#\\\/schema\\\/logo\\\/image\\\/\",\"url\":\"http:\\\/\\\/www.eldiariodetucuman.com\\\/web\\\/wp-content\\\/uploads\\\/2017\\\/12\\\/el-diario-de-tucuman.jpg\",\"contentUrl\":\"http:\\\/\\\/www.eldiariodetucuman.com\\\/web\\\/wp-content\\\/uploads\\\/2017\\\/12\\\/el-diario-de-tucuman.jpg\",\"width\":272,\"height\":92,\"caption\":\"El Diario de Tucuman\"},\"image\":{\"@id\":\"https:\\\/\\\/www.eldiariodetucuman.com\\\/web\\\/#\\\/schema\\\/logo\\\/image\\\/\"}},{\"@type\":\"Person\",\"@id\":\"https:\\\/\\\/www.eldiariodetucuman.com\\\/web\\\/#\\\/schema\\\/person\\\/3adbe300ecd6242af93c97dab1dc3ba1\",\"name\":\"El diario de Tucuman\",\"image\":{\"@type\":\"ImageObject\",\"inLanguage\":\"es\",\"@id\":\"https:\\\/\\\/secure.gravatar.com\\\/avatar\\\/b7214de193b24d0bd708ac5516aa13d0f20c6560795bfbee06857d5c8ac2f0b2?s=96&d=mm&r=g\",\"url\":\"https:\\\/\\\/secure.gravatar.com\\\/avatar\\\/b7214de193b24d0bd708ac5516aa13d0f20c6560795bfbee06857d5c8ac2f0b2?s=96&d=mm&r=g\",\"contentUrl\":\"https:\\\/\\\/secure.gravatar.com\\\/avatar\\\/b7214de193b24d0bd708ac5516aa13d0f20c6560795bfbee06857d5c8ac2f0b2?s=96&d=mm&r=g\",\"caption\":\"El diario de Tucuman\"},\"url\":\"https:\\\/\\\/www.eldiariodetucuman.com\\\/web\\\/author\\\/mgiobellina\\\/\"}]}<\/script>\n<!-- \/ Yoast SEO plugin. -->","yoast_head_json":{"title":"LIMON | Como fue la historia de la vuelta del limon Tucumano a EEUU - El Diario de Tucuman","robots":{"index":"index","follow":"follow","max-snippet":"max-snippet:-1","max-image-preview":"max-image-preview:large","max-video-preview":"max-video-preview:-1"},"canonical":"https:\/\/www.eldiariodetucuman.com\/web\/limon-como-fue-la-historia-de-la-vuelta-del-limon-tucumano-a-eeuu\/","og_locale":"es_ES","og_type":"article","og_title":"LIMON | Como fue la historia de la vuelta del limon Tucumano a EEUU - El Diario de Tucuman","og_description":"El camino que transit\u00f3 Tucum\u00e1n para llegar a que el lim\u00f3n reingrese a Estados Unidos, luego de 15 a\u00f1os y cuatro meses, paso a paso El Diario de Tucuman te cuenta sobre este logro importante desde la gestion actual.","og_url":"https:\/\/www.eldiariodetucuman.com\/web\/limon-como-fue-la-historia-de-la-vuelta-del-limon-tucumano-a-eeuu\/","og_site_name":"El Diario de Tucuman","article_published_time":"2016-12-22T15:11:56+00:00","og_image":[{"width":400,"height":282,"url":"https:\/\/www.eldiariodetucuman.com\/web\/wp-content\/uploads\/2016\/12\/el-diario-de-tucuman-limon.jpg","type":"image\/jpeg"}],"author":"El diario de Tucuman","twitter_card":"summary_large_image","twitter_misc":{"Escrito por":"El diario de Tucuman","Tiempo de lectura":"16 minutos"},"schema":{"@context":"https:\/\/schema.org","@graph":[{"@type":"Article","@id":"https:\/\/www.eldiariodetucuman.com\/web\/limon-como-fue-la-historia-de-la-vuelta-del-limon-tucumano-a-eeuu\/#article","isPartOf":{"@id":"https:\/\/www.eldiariodetucuman.com\/web\/limon-como-fue-la-historia-de-la-vuelta-del-limon-tucumano-a-eeuu\/"},"author":{"name":"El diario de Tucuman","@id":"https:\/\/www.eldiariodetucuman.com\/web\/#\/schema\/person\/3adbe300ecd6242af93c97dab1dc3ba1"},"headline":"LIMON | Como fue la historia de la vuelta del limon Tucumano a EEUU","datePublished":"2016-12-22T15:11:56+00:00","mainEntityOfPage":{"@id":"https:\/\/www.eldiariodetucuman.com\/web\/limon-como-fue-la-historia-de-la-vuelta-del-limon-tucumano-a-eeuu\/"},"wordCount":3256,"publisher":{"@id":"https:\/\/www.eldiariodetucuman.com\/web\/#organization"},"image":{"@id":"https:\/\/www.eldiariodetucuman.com\/web\/limon-como-fue-la-historia-de-la-vuelta-del-limon-tucumano-a-eeuu\/#primaryimage"},"thumbnailUrl":"https:\/\/www.eldiariodetucuman.com\/web\/wp-content\/uploads\/2016\/12\/el-diario-de-tucuman-limon.jpg","keywords":["Argentina","eeuu","El Diario de Tucuman","limon","produccion"],"articleSection":["Politica"],"inLanguage":"es"},{"@type":"WebPage","@id":"https:\/\/www.eldiariodetucuman.com\/web\/limon-como-fue-la-historia-de-la-vuelta-del-limon-tucumano-a-eeuu\/","url":"https:\/\/www.eldiariodetucuman.com\/web\/limon-como-fue-la-historia-de-la-vuelta-del-limon-tucumano-a-eeuu\/","name":"LIMON | Como fue la historia de la vuelta del limon Tucumano a EEUU - El Diario de Tucuman","isPartOf":{"@id":"https:\/\/www.eldiariodetucuman.com\/web\/#website"},"primaryImageOfPage":{"@id":"https:\/\/www.eldiariodetucuman.com\/web\/limon-como-fue-la-historia-de-la-vuelta-del-limon-tucumano-a-eeuu\/#primaryimage"},"image":{"@id":"https:\/\/www.eldiariodetucuman.com\/web\/limon-como-fue-la-historia-de-la-vuelta-del-limon-tucumano-a-eeuu\/#primaryimage"},"thumbnailUrl":"https:\/\/www.eldiariodetucuman.com\/web\/wp-content\/uploads\/2016\/12\/el-diario-de-tucuman-limon.jpg","datePublished":"2016-12-22T15:11:56+00:00","breadcrumb":{"@id":"https:\/\/www.eldiariodetucuman.com\/web\/limon-como-fue-la-historia-de-la-vuelta-del-limon-tucumano-a-eeuu\/#breadcrumb"},"inLanguage":"es","potentialAction":[{"@type":"ReadAction","target":["https:\/\/www.eldiariodetucuman.com\/web\/limon-como-fue-la-historia-de-la-vuelta-del-limon-tucumano-a-eeuu\/"]}]},{"@type":"ImageObject","inLanguage":"es","@id":"https:\/\/www.eldiariodetucuman.com\/web\/limon-como-fue-la-historia-de-la-vuelta-del-limon-tucumano-a-eeuu\/#primaryimage","url":"https:\/\/www.eldiariodetucuman.com\/web\/wp-content\/uploads\/2016\/12\/el-diario-de-tucuman-limon.jpg","contentUrl":"https:\/\/www.eldiariodetucuman.com\/web\/wp-content\/uploads\/2016\/12\/el-diario-de-tucuman-limon.jpg","width":400,"height":282,"caption":"el-diario-de-tucuman-limon"},{"@type":"BreadcrumbList","@id":"https:\/\/www.eldiariodetucuman.com\/web\/limon-como-fue-la-historia-de-la-vuelta-del-limon-tucumano-a-eeuu\/#breadcrumb","itemListElement":[{"@type":"ListItem","position":1,"name":"Portada","item":"https:\/\/www.eldiariodetucuman.com\/web\/"},{"@type":"ListItem","position":2,"name":"LIMON | Como fue la historia de la vuelta del limon Tucumano a EEUU"}]},{"@type":"WebSite","@id":"https:\/\/www.eldiariodetucuman.com\/web\/#website","url":"https:\/\/www.eldiariodetucuman.com\/web\/","name":"El Diario de Tucuman","description":"Diario Tucuman - Informaci\u00f3n y noticias","publisher":{"@id":"https:\/\/www.eldiariodetucuman.com\/web\/#organization"},"potentialAction":[{"@type":"SearchAction","target":{"@type":"EntryPoint","urlTemplate":"https:\/\/www.eldiariodetucuman.com\/web\/?s={search_term_string}"},"query-input":{"@type":"PropertyValueSpecification","valueRequired":true,"valueName":"search_term_string"}}],"inLanguage":"es"},{"@type":"Organization","@id":"https:\/\/www.eldiariodetucuman.com\/web\/#organization","name":"El Diario de Tucuman","url":"https:\/\/www.eldiariodetucuman.com\/web\/","logo":{"@type":"ImageObject","inLanguage":"es","@id":"https:\/\/www.eldiariodetucuman.com\/web\/#\/schema\/logo\/image\/","url":"http:\/\/www.eldiariodetucuman.com\/web\/wp-content\/uploads\/2017\/12\/el-diario-de-tucuman.jpg","contentUrl":"http:\/\/www.eldiariodetucuman.com\/web\/wp-content\/uploads\/2017\/12\/el-diario-de-tucuman.jpg","width":272,"height":92,"caption":"El Diario de Tucuman"},"image":{"@id":"https:\/\/www.eldiariodetucuman.com\/web\/#\/schema\/logo\/image\/"}},{"@type":"Person","@id":"https:\/\/www.eldiariodetucuman.com\/web\/#\/schema\/person\/3adbe300ecd6242af93c97dab1dc3ba1","name":"El diario de Tucuman","image":{"@type":"ImageObject","inLanguage":"es","@id":"https:\/\/secure.gravatar.com\/avatar\/b7214de193b24d0bd708ac5516aa13d0f20c6560795bfbee06857d5c8ac2f0b2?s=96&d=mm&r=g","url":"https:\/\/secure.gravatar.com\/avatar\/b7214de193b24d0bd708ac5516aa13d0f20c6560795bfbee06857d5c8ac2f0b2?s=96&d=mm&r=g","contentUrl":"https:\/\/secure.gravatar.com\/avatar\/b7214de193b24d0bd708ac5516aa13d0f20c6560795bfbee06857d5c8ac2f0b2?s=96&d=mm&r=g","caption":"El diario de Tucuman"},"url":"https:\/\/www.eldiariodetucuman.com\/web\/author\/mgiobellina\/"}]}},"_links":{"self":[{"href":"https:\/\/www.eldiariodetucuman.com\/web\/wp-json\/wp\/v2\/posts\/2286","targetHints":{"allow":["GET"]}}],"collection":[{"href":"https:\/\/www.eldiariodetucuman.com\/web\/wp-json\/wp\/v2\/posts"}],"about":[{"href":"https:\/\/www.eldiariodetucuman.com\/web\/wp-json\/wp\/v2\/types\/post"}],"author":[{"embeddable":true,"href":"https:\/\/www.eldiariodetucuman.com\/web\/wp-json\/wp\/v2\/users\/3"}],"replies":[{"embeddable":true,"href":"https:\/\/www.eldiariodetucuman.com\/web\/wp-json\/wp\/v2\/comments?post=2286"}],"version-history":[{"count":1,"href":"https:\/\/www.eldiariodetucuman.com\/web\/wp-json\/wp\/v2\/posts\/2286\/revisions"}],"predecessor-version":[{"id":2288,"href":"https:\/\/www.eldiariodetucuman.com\/web\/wp-json\/wp\/v2\/posts\/2286\/revisions\/2288"}],"wp:featuredmedia":[{"embeddable":true,"href":"https:\/\/www.eldiariodetucuman.com\/web\/wp-json\/wp\/v2\/media\/2287"}],"wp:attachment":[{"href":"https:\/\/www.eldiariodetucuman.com\/web\/wp-json\/wp\/v2\/media?parent=2286"}],"wp:term":[{"taxonomy":"category","embeddable":true,"href":"https:\/\/www.eldiariodetucuman.com\/web\/wp-json\/wp\/v2\/categories?post=2286"},{"taxonomy":"post_tag","embeddable":true,"href":"https:\/\/www.eldiariodetucuman.com\/web\/wp-json\/wp\/v2\/tags?post=2286"}],"curies":[{"name":"wp","href":"https:\/\/api.w.org\/{rel}","templated":true}]}}