{"id":2275,"date":"2016-12-19T15:00:08","date_gmt":"2016-12-19T15:00:08","guid":{"rendered":"http:\/\/www.eldiariodetucuman.com\/web\/?p=2275"},"modified":"2016-12-19T15:00:08","modified_gmt":"2016-12-19T15:00:08","slug":"ipacym-apoyamos-la-reconversion-de-las-cooperativas","status":"publish","type":"post","link":"https:\/\/www.eldiariodetucuman.com\/web\/ipacym-apoyamos-la-reconversion-de-las-cooperativas\/","title":{"rendered":"IPACyM | \u201cApoyamos la reconversi\u00f3n de las cooperativas\u201d"},"content":{"rendered":"<p class=\"selectionShareable\">El secretario general de la\u00a0 Gobernaci\u00f3n, <strong>Pablo Yedlin<\/strong>, se reuni\u00f3 con representantes de cooperativas provinciales en un acto que se realiz\u00f3 en la Federaci\u00f3n de Asociaciones Mutuales de Tucum\u00e1n. Fue acompa\u00f1ado por <strong>Regino Racedo<\/strong> y <strong>Juan Terraf<\/strong>, titulares del IPACyM.<!--more--><\/p>\n<div class=\"base-box news-box mom_box_sc_custom mom_box_sc clear \">Durante el encuentro, los participantes hicieron un balance anual sobre la realidad que hoy vive el sector. Los trabajadores agradecieron el apoyo del Gobierno de Tucum\u00e1n por cuidar la fuente laboral que beneficia a cientos de cooperativistas.<\/div>\n<p class=\"selectionShareable\">Yedlin expres\u00f3 que el motivo de la reuni\u00f3n fue escuchar a los representantes de cooperativas que en los \u00faltimos tiempos tuvieron pocas posibilidades de conseguir trabajo debido a que la mayor\u00eda de los planes nacionales de obras fueron suspendidos.<\/p>\n<p class=\"selectionShareable\">\u201cLa Naci\u00f3n, a trav\u00e9s de programas federales, bajaba dinero a las cooperativas para financiar obras de m\u00f3dulos habitacionales y cord\u00f3n cuneta. Los programas Agua m\u00e1s trabajo y Cloaca m\u00e1s trabajo fueron suspendidos\u201d, declar\u00f3.<\/p>\n<p class=\"selectionShareable\">Explic\u00f3 que los desempleados podr\u00e1n salir adelante porque tienen las herramientas, la capacidad y el conocimiento para hacerlo. \u201cEst\u00e1n a la espera de que la situaci\u00f3n pueda revertirse a trav\u00e9s de programas nacionales o por medio de recursos propios\u201d, manifest\u00f3, al tiempo que record\u00f3 las palabras del gobernador, <strong>Juan Manzur<\/strong>: \u201cLo m\u00e1s importante es conseguir trabajo para todos\u201d.<\/p>\n<p class=\"selectionShareable\"><img loading=\"lazy\" decoding=\"async\" class=\"size-medium wp-image-109675 alignleft disappear appear\" src=\"http:\/\/comunicaciontucuman.gob.ar\/wp-content\/uploads\/2016\/12\/IMG_3822-300x166.jpg\" alt=\"IMG_3822\" width=\"300\" height=\"166\" \/>El funcionario asegur\u00f3 que la provincia apoya la diversificaci\u00f3n de las cooperativas: \u201cNos solidarizamos con la problem\u00e1tica, estamos gestionando recursos con la Naci\u00f3n. Apoyamos la reco<br \/>\nnversi\u00f3n de las cooperativas de trabajo. Las que constru\u00edan m\u00f3dulos habitacionales, hoy fabrican bloques de hormig\u00f3n. Las que necesitaban herramientas para trabajar en domicilios particulares, hoy las tienen a mano\u201d.<\/p>\n<p class=\"selectionShareable\">Racedo declar\u00f3 que el 2016 fue un a\u00f1o dif\u00edcil para los cooperativistas, en especial, por la merma de los programas nacionales. \u201cPor suerte, desde la provincia, se hicieron muchos esfuerzos para revertir esta situacion.<\/p>\n","protected":false},"excerpt":{"rendered":"<p>El secretario general de la\u00a0 Gobernaci\u00f3n, Pablo Yedlin, se reuni\u00f3 con representantes de cooperativas provinciales en un acto que se realiz\u00f3 en la Federaci\u00f3n de Asociaciones Mutuales de Tucum\u00e1n. Fue acompa\u00f1ado por Regino Racedo y Juan Terraf, titulares del IPACyM.<\/p>\n","protected":false},"author":3,"featured_media":2276,"comment_status":"closed","ping_status":"open","sticky":false,"template":"","format":"standard","meta":{"footnotes":""},"categories":[3],"tags":[612,602,601,321,600,456,61],"class_list":{"0":"post-2275","1":"post","2":"type-post","3":"status-publish","4":"format-standard","5":"has-post-thumbnail","7":"category-politica","8":"tag-cooperatibas","9":"tag-ipacym","10":"tag-juan-jose-terraf","11":"tag-pablo-yedlin","12":"tag-regino-racedo","13":"tag-trabajo","14":"tag-tucuman"},"yoast_head":"<!-- This site is optimized with the Yoast SEO plugin v27.4 - https:\/\/yoast.com\/product\/yoast-seo-wordpress\/ -->\n<title>IPACyM | \u201cApoyamos la reconversi\u00f3n de las cooperativas\u201d - El Diario de Tucuman<\/title>\n<meta name=\"robots\" content=\"index, follow, max-snippet:-1, max-image-preview:large, max-video-preview:-1\" \/>\n<link rel=\"canonical\" href=\"https:\/\/www.eldiariodetucuman.com\/web\/ipacym-apoyamos-la-reconversion-de-las-cooperativas\/\" \/>\n<meta property=\"og:locale\" content=\"es_ES\" \/>\n<meta property=\"og:type\" content=\"article\" \/>\n<meta property=\"og:title\" content=\"IPACyM | \u201cApoyamos la reconversi\u00f3n de las cooperativas\u201d - El Diario de Tucuman\" \/>\n<meta property=\"og:description\" content=\"El secretario general de la\u00a0 Gobernaci\u00f3n, Pablo Yedlin, se reuni\u00f3 con representantes de cooperativas provinciales en un acto que se realiz\u00f3 en la Federaci\u00f3n de Asociaciones Mutuales de Tucum\u00e1n. Fue acompa\u00f1ado por Regino Racedo y Juan Terraf, titulares del IPACyM.\" \/>\n<meta property=\"og:url\" content=\"https:\/\/www.eldiariodetucuman.com\/web\/ipacym-apoyamos-la-reconversion-de-las-cooperativas\/\" \/>\n<meta property=\"og:site_name\" content=\"El Diario de Tucuman\" \/>\n<meta property=\"article:published_time\" content=\"2016-12-19T15:00:08+00:00\" \/>\n<meta property=\"og:image\" content=\"https:\/\/www.eldiariodetucuman.com\/web\/wp-content\/uploads\/2016\/12\/ipacym-juan-terraf.jpg\" \/>\n\t<meta property=\"og:image:width\" content=\"400\" \/>\n\t<meta property=\"og:image:height\" content=\"221\" \/>\n\t<meta property=\"og:image:type\" content=\"image\/jpeg\" \/>\n<meta name=\"author\" content=\"El diario de Tucuman\" \/>\n<meta name=\"twitter:card\" content=\"summary_large_image\" \/>\n<meta name=\"twitter:label1\" content=\"Escrito por\" \/>\n\t<meta name=\"twitter:data1\" content=\"El diario de Tucuman\" \/>\n\t<meta name=\"twitter:label2\" content=\"Tiempo de lectura\" \/>\n\t<meta name=\"twitter:data2\" content=\"2 minutos\" \/>\n<script type=\"application\/ld+json\" class=\"yoast-schema-graph\">{\"@context\":\"https:\\\/\\\/schema.org\",\"@graph\":[{\"@type\":\"Article\",\"@id\":\"https:\\\/\\\/www.eldiariodetucuman.com\\\/web\\\/ipacym-apoyamos-la-reconversion-de-las-cooperativas\\\/#article\",\"isPartOf\":{\"@id\":\"https:\\\/\\\/www.eldiariodetucuman.com\\\/web\\\/ipacym-apoyamos-la-reconversion-de-las-cooperativas\\\/\"},\"author\":{\"name\":\"El diario de Tucuman\",\"@id\":\"https:\\\/\\\/www.eldiariodetucuman.com\\\/web\\\/#\\\/schema\\\/person\\\/3adbe300ecd6242af93c97dab1dc3ba1\"},\"headline\":\"IPACyM | \u201cApoyamos la reconversi\u00f3n de las cooperativas\u201d\",\"datePublished\":\"2016-12-19T15:00:08+00:00\",\"mainEntityOfPage\":{\"@id\":\"https:\\\/\\\/www.eldiariodetucuman.com\\\/web\\\/ipacym-apoyamos-la-reconversion-de-las-cooperativas\\\/\"},\"wordCount\":331,\"publisher\":{\"@id\":\"https:\\\/\\\/www.eldiariodetucuman.com\\\/web\\\/#organization\"},\"image\":{\"@id\":\"https:\\\/\\\/www.eldiariodetucuman.com\\\/web\\\/ipacym-apoyamos-la-reconversion-de-las-cooperativas\\\/#primaryimage\"},\"thumbnailUrl\":\"https:\\\/\\\/www.eldiariodetucuman.com\\\/web\\\/wp-content\\\/uploads\\\/2016\\\/12\\\/ipacym-juan-terraf.jpg\",\"keywords\":[\"cooperatibas\",\"IPACyM\",\"Juan Jose Terraf\",\"pablo yedlin\",\"Regino Racedo\",\"Trabajo\",\"Tucuman\"],\"articleSection\":[\"Politica\"],\"inLanguage\":\"es\"},{\"@type\":\"WebPage\",\"@id\":\"https:\\\/\\\/www.eldiariodetucuman.com\\\/web\\\/ipacym-apoyamos-la-reconversion-de-las-cooperativas\\\/\",\"url\":\"https:\\\/\\\/www.eldiariodetucuman.com\\\/web\\\/ipacym-apoyamos-la-reconversion-de-las-cooperativas\\\/\",\"name\":\"IPACyM | \u201cApoyamos la reconversi\u00f3n de las cooperativas\u201d - El Diario de Tucuman\",\"isPartOf\":{\"@id\":\"https:\\\/\\\/www.eldiariodetucuman.com\\\/web\\\/#website\"},\"primaryImageOfPage\":{\"@id\":\"https:\\\/\\\/www.eldiariodetucuman.com\\\/web\\\/ipacym-apoyamos-la-reconversion-de-las-cooperativas\\\/#primaryimage\"},\"image\":{\"@id\":\"https:\\\/\\\/www.eldiariodetucuman.com\\\/web\\\/ipacym-apoyamos-la-reconversion-de-las-cooperativas\\\/#primaryimage\"},\"thumbnailUrl\":\"https:\\\/\\\/www.eldiariodetucuman.com\\\/web\\\/wp-content\\\/uploads\\\/2016\\\/12\\\/ipacym-juan-terraf.jpg\",\"datePublished\":\"2016-12-19T15:00:08+00:00\",\"breadcrumb\":{\"@id\":\"https:\\\/\\\/www.eldiariodetucuman.com\\\/web\\\/ipacym-apoyamos-la-reconversion-de-las-cooperativas\\\/#breadcrumb\"},\"inLanguage\":\"es\",\"potentialAction\":[{\"@type\":\"ReadAction\",\"target\":[\"https:\\\/\\\/www.eldiariodetucuman.com\\\/web\\\/ipacym-apoyamos-la-reconversion-de-las-cooperativas\\\/\"]}]},{\"@type\":\"ImageObject\",\"inLanguage\":\"es\",\"@id\":\"https:\\\/\\\/www.eldiariodetucuman.com\\\/web\\\/ipacym-apoyamos-la-reconversion-de-las-cooperativas\\\/#primaryimage\",\"url\":\"https:\\\/\\\/www.eldiariodetucuman.com\\\/web\\\/wp-content\\\/uploads\\\/2016\\\/12\\\/ipacym-juan-terraf.jpg\",\"contentUrl\":\"https:\\\/\\\/www.eldiariodetucuman.com\\\/web\\\/wp-content\\\/uploads\\\/2016\\\/12\\\/ipacym-juan-terraf.jpg\",\"width\":400,\"height\":221,\"caption\":\"ipacym-juan-terraf\"},{\"@type\":\"BreadcrumbList\",\"@id\":\"https:\\\/\\\/www.eldiariodetucuman.com\\\/web\\\/ipacym-apoyamos-la-reconversion-de-las-cooperativas\\\/#breadcrumb\",\"itemListElement\":[{\"@type\":\"ListItem\",\"position\":1,\"name\":\"Portada\",\"item\":\"https:\\\/\\\/www.eldiariodetucuman.com\\\/web\\\/\"},{\"@type\":\"ListItem\",\"position\":2,\"name\":\"IPACyM | \u201cApoyamos la reconversi\u00f3n de las cooperativas\u201d\"}]},{\"@type\":\"WebSite\",\"@id\":\"https:\\\/\\\/www.eldiariodetucuman.com\\\/web\\\/#website\",\"url\":\"https:\\\/\\\/www.eldiariodetucuman.com\\\/web\\\/\",\"name\":\"El Diario de Tucuman\",\"description\":\"Diario Tucuman - Informaci\u00f3n y noticias\",\"publisher\":{\"@id\":\"https:\\\/\\\/www.eldiariodetucuman.com\\\/web\\\/#organization\"},\"potentialAction\":[{\"@type\":\"SearchAction\",\"target\":{\"@type\":\"EntryPoint\",\"urlTemplate\":\"https:\\\/\\\/www.eldiariodetucuman.com\\\/web\\\/?s={search_term_string}\"},\"query-input\":{\"@type\":\"PropertyValueSpecification\",\"valueRequired\":true,\"valueName\":\"search_term_string\"}}],\"inLanguage\":\"es\"},{\"@type\":\"Organization\",\"@id\":\"https:\\\/\\\/www.eldiariodetucuman.com\\\/web\\\/#organization\",\"name\":\"El Diario de Tucuman\",\"url\":\"https:\\\/\\\/www.eldiariodetucuman.com\\\/web\\\/\",\"logo\":{\"@type\":\"ImageObject\",\"inLanguage\":\"es\",\"@id\":\"https:\\\/\\\/www.eldiariodetucuman.com\\\/web\\\/#\\\/schema\\\/logo\\\/image\\\/\",\"url\":\"http:\\\/\\\/www.eldiariodetucuman.com\\\/web\\\/wp-content\\\/uploads\\\/2017\\\/12\\\/el-diario-de-tucuman.jpg\",\"contentUrl\":\"http:\\\/\\\/www.eldiariodetucuman.com\\\/web\\\/wp-content\\\/uploads\\\/2017\\\/12\\\/el-diario-de-tucuman.jpg\",\"width\":272,\"height\":92,\"caption\":\"El Diario de Tucuman\"},\"image\":{\"@id\":\"https:\\\/\\\/www.eldiariodetucuman.com\\\/web\\\/#\\\/schema\\\/logo\\\/image\\\/\"}},{\"@type\":\"Person\",\"@id\":\"https:\\\/\\\/www.eldiariodetucuman.com\\\/web\\\/#\\\/schema\\\/person\\\/3adbe300ecd6242af93c97dab1dc3ba1\",\"name\":\"El diario de Tucuman\",\"image\":{\"@type\":\"ImageObject\",\"inLanguage\":\"es\",\"@id\":\"https:\\\/\\\/secure.gravatar.com\\\/avatar\\\/b7214de193b24d0bd708ac5516aa13d0f20c6560795bfbee06857d5c8ac2f0b2?s=96&d=mm&r=g\",\"url\":\"https:\\\/\\\/secure.gravatar.com\\\/avatar\\\/b7214de193b24d0bd708ac5516aa13d0f20c6560795bfbee06857d5c8ac2f0b2?s=96&d=mm&r=g\",\"contentUrl\":\"https:\\\/\\\/secure.gravatar.com\\\/avatar\\\/b7214de193b24d0bd708ac5516aa13d0f20c6560795bfbee06857d5c8ac2f0b2?s=96&d=mm&r=g\",\"caption\":\"El diario de Tucuman\"},\"url\":\"https:\\\/\\\/www.eldiariodetucuman.com\\\/web\\\/author\\\/mgiobellina\\\/\"}]}<\/script>\n<!-- \/ Yoast SEO plugin. -->","yoast_head_json":{"title":"IPACyM | \u201cApoyamos la reconversi\u00f3n de las cooperativas\u201d - El Diario de Tucuman","robots":{"index":"index","follow":"follow","max-snippet":"max-snippet:-1","max-image-preview":"max-image-preview:large","max-video-preview":"max-video-preview:-1"},"canonical":"https:\/\/www.eldiariodetucuman.com\/web\/ipacym-apoyamos-la-reconversion-de-las-cooperativas\/","og_locale":"es_ES","og_type":"article","og_title":"IPACyM | \u201cApoyamos la reconversi\u00f3n de las cooperativas\u201d - El Diario de Tucuman","og_description":"El secretario general de la\u00a0 Gobernaci\u00f3n, Pablo Yedlin, se reuni\u00f3 con representantes de cooperativas provinciales en un acto que se realiz\u00f3 en la Federaci\u00f3n de Asociaciones Mutuales de Tucum\u00e1n. Fue acompa\u00f1ado por Regino Racedo y Juan Terraf, titulares del IPACyM.","og_url":"https:\/\/www.eldiariodetucuman.com\/web\/ipacym-apoyamos-la-reconversion-de-las-cooperativas\/","og_site_name":"El Diario de Tucuman","article_published_time":"2016-12-19T15:00:08+00:00","og_image":[{"width":400,"height":221,"url":"https:\/\/www.eldiariodetucuman.com\/web\/wp-content\/uploads\/2016\/12\/ipacym-juan-terraf.jpg","type":"image\/jpeg"}],"author":"El diario de Tucuman","twitter_card":"summary_large_image","twitter_misc":{"Escrito por":"El diario de Tucuman","Tiempo de lectura":"2 minutos"},"schema":{"@context":"https:\/\/schema.org","@graph":[{"@type":"Article","@id":"https:\/\/www.eldiariodetucuman.com\/web\/ipacym-apoyamos-la-reconversion-de-las-cooperativas\/#article","isPartOf":{"@id":"https:\/\/www.eldiariodetucuman.com\/web\/ipacym-apoyamos-la-reconversion-de-las-cooperativas\/"},"author":{"name":"El diario de Tucuman","@id":"https:\/\/www.eldiariodetucuman.com\/web\/#\/schema\/person\/3adbe300ecd6242af93c97dab1dc3ba1"},"headline":"IPACyM | \u201cApoyamos la reconversi\u00f3n de las cooperativas\u201d","datePublished":"2016-12-19T15:00:08+00:00","mainEntityOfPage":{"@id":"https:\/\/www.eldiariodetucuman.com\/web\/ipacym-apoyamos-la-reconversion-de-las-cooperativas\/"},"wordCount":331,"publisher":{"@id":"https:\/\/www.eldiariodetucuman.com\/web\/#organization"},"image":{"@id":"https:\/\/www.eldiariodetucuman.com\/web\/ipacym-apoyamos-la-reconversion-de-las-cooperativas\/#primaryimage"},"thumbnailUrl":"https:\/\/www.eldiariodetucuman.com\/web\/wp-content\/uploads\/2016\/12\/ipacym-juan-terraf.jpg","keywords":["cooperatibas","IPACyM","Juan Jose Terraf","pablo yedlin","Regino Racedo","Trabajo","Tucuman"],"articleSection":["Politica"],"inLanguage":"es"},{"@type":"WebPage","@id":"https:\/\/www.eldiariodetucuman.com\/web\/ipacym-apoyamos-la-reconversion-de-las-cooperativas\/","url":"https:\/\/www.eldiariodetucuman.com\/web\/ipacym-apoyamos-la-reconversion-de-las-cooperativas\/","name":"IPACyM | \u201cApoyamos la reconversi\u00f3n de las cooperativas\u201d - El Diario de Tucuman","isPartOf":{"@id":"https:\/\/www.eldiariodetucuman.com\/web\/#website"},"primaryImageOfPage":{"@id":"https:\/\/www.eldiariodetucuman.com\/web\/ipacym-apoyamos-la-reconversion-de-las-cooperativas\/#primaryimage"},"image":{"@id":"https:\/\/www.eldiariodetucuman.com\/web\/ipacym-apoyamos-la-reconversion-de-las-cooperativas\/#primaryimage"},"thumbnailUrl":"https:\/\/www.eldiariodetucuman.com\/web\/wp-content\/uploads\/2016\/12\/ipacym-juan-terraf.jpg","datePublished":"2016-12-19T15:00:08+00:00","breadcrumb":{"@id":"https:\/\/www.eldiariodetucuman.com\/web\/ipacym-apoyamos-la-reconversion-de-las-cooperativas\/#breadcrumb"},"inLanguage":"es","potentialAction":[{"@type":"ReadAction","target":["https:\/\/www.eldiariodetucuman.com\/web\/ipacym-apoyamos-la-reconversion-de-las-cooperativas\/"]}]},{"@type":"ImageObject","inLanguage":"es","@id":"https:\/\/www.eldiariodetucuman.com\/web\/ipacym-apoyamos-la-reconversion-de-las-cooperativas\/#primaryimage","url":"https:\/\/www.eldiariodetucuman.com\/web\/wp-content\/uploads\/2016\/12\/ipacym-juan-terraf.jpg","contentUrl":"https:\/\/www.eldiariodetucuman.com\/web\/wp-content\/uploads\/2016\/12\/ipacym-juan-terraf.jpg","width":400,"height":221,"caption":"ipacym-juan-terraf"},{"@type":"BreadcrumbList","@id":"https:\/\/www.eldiariodetucuman.com\/web\/ipacym-apoyamos-la-reconversion-de-las-cooperativas\/#breadcrumb","itemListElement":[{"@type":"ListItem","position":1,"name":"Portada","item":"https:\/\/www.eldiariodetucuman.com\/web\/"},{"@type":"ListItem","position":2,"name":"IPACyM | \u201cApoyamos la reconversi\u00f3n de las cooperativas\u201d"}]},{"@type":"WebSite","@id":"https:\/\/www.eldiariodetucuman.com\/web\/#website","url":"https:\/\/www.eldiariodetucuman.com\/web\/","name":"El Diario de Tucuman","description":"Diario Tucuman - Informaci\u00f3n y noticias","publisher":{"@id":"https:\/\/www.eldiariodetucuman.com\/web\/#organization"},"potentialAction":[{"@type":"SearchAction","target":{"@type":"EntryPoint","urlTemplate":"https:\/\/www.eldiariodetucuman.com\/web\/?s={search_term_string}"},"query-input":{"@type":"PropertyValueSpecification","valueRequired":true,"valueName":"search_term_string"}}],"inLanguage":"es"},{"@type":"Organization","@id":"https:\/\/www.eldiariodetucuman.com\/web\/#organization","name":"El Diario de Tucuman","url":"https:\/\/www.eldiariodetucuman.com\/web\/","logo":{"@type":"ImageObject","inLanguage":"es","@id":"https:\/\/www.eldiariodetucuman.com\/web\/#\/schema\/logo\/image\/","url":"http:\/\/www.eldiariodetucuman.com\/web\/wp-content\/uploads\/2017\/12\/el-diario-de-tucuman.jpg","contentUrl":"http:\/\/www.eldiariodetucuman.com\/web\/wp-content\/uploads\/2017\/12\/el-diario-de-tucuman.jpg","width":272,"height":92,"caption":"El Diario de Tucuman"},"image":{"@id":"https:\/\/www.eldiariodetucuman.com\/web\/#\/schema\/logo\/image\/"}},{"@type":"Person","@id":"https:\/\/www.eldiariodetucuman.com\/web\/#\/schema\/person\/3adbe300ecd6242af93c97dab1dc3ba1","name":"El diario de Tucuman","image":{"@type":"ImageObject","inLanguage":"es","@id":"https:\/\/secure.gravatar.com\/avatar\/b7214de193b24d0bd708ac5516aa13d0f20c6560795bfbee06857d5c8ac2f0b2?s=96&d=mm&r=g","url":"https:\/\/secure.gravatar.com\/avatar\/b7214de193b24d0bd708ac5516aa13d0f20c6560795bfbee06857d5c8ac2f0b2?s=96&d=mm&r=g","contentUrl":"https:\/\/secure.gravatar.com\/avatar\/b7214de193b24d0bd708ac5516aa13d0f20c6560795bfbee06857d5c8ac2f0b2?s=96&d=mm&r=g","caption":"El diario de Tucuman"},"url":"https:\/\/www.eldiariodetucuman.com\/web\/author\/mgiobellina\/"}]}},"_links":{"self":[{"href":"https:\/\/www.eldiariodetucuman.com\/web\/wp-json\/wp\/v2\/posts\/2275","targetHints":{"allow":["GET"]}}],"collection":[{"href":"https:\/\/www.eldiariodetucuman.com\/web\/wp-json\/wp\/v2\/posts"}],"about":[{"href":"https:\/\/www.eldiariodetucuman.com\/web\/wp-json\/wp\/v2\/types\/post"}],"author":[{"embeddable":true,"href":"https:\/\/www.eldiariodetucuman.com\/web\/wp-json\/wp\/v2\/users\/3"}],"replies":[{"embeddable":true,"href":"https:\/\/www.eldiariodetucuman.com\/web\/wp-json\/wp\/v2\/comments?post=2275"}],"version-history":[{"count":1,"href":"https:\/\/www.eldiariodetucuman.com\/web\/wp-json\/wp\/v2\/posts\/2275\/revisions"}],"predecessor-version":[{"id":2277,"href":"https:\/\/www.eldiariodetucuman.com\/web\/wp-json\/wp\/v2\/posts\/2275\/revisions\/2277"}],"wp:featuredmedia":[{"embeddable":true,"href":"https:\/\/www.eldiariodetucuman.com\/web\/wp-json\/wp\/v2\/media\/2276"}],"wp:attachment":[{"href":"https:\/\/www.eldiariodetucuman.com\/web\/wp-json\/wp\/v2\/media?parent=2275"}],"wp:term":[{"taxonomy":"category","embeddable":true,"href":"https:\/\/www.eldiariodetucuman.com\/web\/wp-json\/wp\/v2\/categories?post=2275"},{"taxonomy":"post_tag","embeddable":true,"href":"https:\/\/www.eldiariodetucuman.com\/web\/wp-json\/wp\/v2\/tags?post=2275"}],"curies":[{"name":"wp","href":"https:\/\/api.w.org\/{rel}","templated":true}]}}