{"id":2272,"date":"2016-12-14T17:19:26","date_gmt":"2016-12-14T17:19:26","guid":{"rendered":"http:\/\/www.eldiariodetucuman.com\/web\/?p=2272"},"modified":"2016-12-14T17:19:26","modified_gmt":"2016-12-14T17:19:26","slug":"robo-estamos-tocando-fondo-como-sociedad-un-mayor-manda-a-robar-a-un-menor","status":"publish","type":"post","link":"https:\/\/www.eldiariodetucuman.com\/web\/robo-estamos-tocando-fondo-como-sociedad-un-mayor-manda-a-robar-a-un-menor\/","title":{"rendered":"ROBO | Estamos tocando fondo como sociedad &#8211; Un mayor manda a robar a un menor"},"content":{"rendered":"<p>Las c\u00e1maras del local, ubicado en 24 de Septiembre al 400, grabaron el momento en que la ni\u00f1a, de alrededor de 7 a\u00f1os, saca la caja de una tablet en complicidad con otras dos personas.<!--more--><\/p>\n<p>Las c\u00e1maras de seguridad de un local de celulares ubicado en calle 24 de Septiembre al 400, frente a la plaza Independencia, grabaron el momento en que una ni\u00f1a, de alrededor 7 a\u00f1os, roba, con un procedimiento \u00e1gil y r\u00e1pido, la caja de una tablet que estaba en la vidriera del negocio.<\/p>\n<p><iframe loading=\"lazy\" title=\"Filman a una nena robando en un negocio frente a la plaza Independencia\" width=\"696\" height=\"392\" src=\"https:\/\/www.youtube.com\/embed\/LKGElXJW4D8?feature=oembed\" frameborder=\"0\" allow=\"accelerometer; autoplay; clipboard-write; encrypted-media; gyroscope; picture-in-picture; web-share\" allowfullscreen><\/iframe><\/p>\n<p>El hecho delictivo ocurri\u00f3 el mi\u00e9rcoles pasado, entre las 14 y las 15. En el video, enviado por el due\u00f1o del comercio al servicio de LA GACETA en WhatsApp, se ve cuando la peque\u00f1a, ante la insistencia de la persona m\u00e1s grande que la acompa\u00f1a, saca la mercader\u00eda.<\/p>\n<p>\u00abPor suerte s\u00f3lo era la caja de la tablet. La chiquita no se dio cuenta de eso. En total eran tres las personas que ingresaron ese d\u00eda. La m\u00e1s grande de todas, que era mayor de edad, fue a distraer a una de las empleadas que estaba en el mostrador, mientras que las otras dos, en complicidad, roban\u00bb, le cont\u00f3 a este diario\u00a0<b>Diego Rodr\u00edguez<\/b>, due\u00f1o del local.<\/p>\n<p>\u00abLa vidriera estaba abierta porque otra empleada le estaba mostrando en ese momento a un cliente un celular. Ellas vieron la oportunidad e hicieron lo que se ve en las im\u00e1genes. Es una l\u00e1stima, porque se ve que la m\u00e1s ni\u00f1a m\u00e1s chiquita es inducida por la otra jovencita a robar\u00bb, se lament\u00f3 el due\u00f1o.<\/p>\n<p>&nbsp;<\/p>\n<p>Fuente:\u00a0<a href=\"http:\/\/www.lagaceta.com.ar\/nota\/711501\/policiales\/indignante-filman-nena-mientras-roba-negocio-zona-plaza-independencia.html\">http:\/\/www.lagaceta.com.ar\/nota\/711501\/policiales\/indignante-filman-nena-mientras-roba-negocio-zona-plaza-independencia.html<\/a><\/p>\n","protected":false},"excerpt":{"rendered":"<p>Las c\u00e1maras del local, ubicado en 24 de Septiembre al 400, grabaron el momento en que la ni\u00f1a, de alrededor de 7 a\u00f1os, saca la caja de una tablet en complicidad con otras dos personas.<\/p>\n","protected":false},"author":3,"featured_media":2273,"comment_status":"closed","ping_status":"open","sticky":false,"template":"","format":"standard","meta":{"footnotes":""},"categories":[2],"tags":[7,611,610,61],"class_list":{"0":"post-2272","1":"post","2":"type-post","3":"status-publish","4":"format-standard","5":"has-post-thumbnail","7":"category-actualidad","8":"tag-el-diario-de-tucuman","9":"tag-indignante","10":"tag-robo","11":"tag-tucuman"},"yoast_head":"<!-- This site is optimized with the Yoast SEO plugin v27.4 - https:\/\/yoast.com\/product\/yoast-seo-wordpress\/ -->\n<title>ROBO | Estamos tocando fondo como sociedad - Un mayor manda a robar a un menor - El Diario de Tucuman<\/title>\n<meta name=\"robots\" content=\"index, follow, max-snippet:-1, max-image-preview:large, max-video-preview:-1\" \/>\n<link rel=\"canonical\" href=\"https:\/\/www.eldiariodetucuman.com\/web\/robo-estamos-tocando-fondo-como-sociedad-un-mayor-manda-a-robar-a-un-menor\/\" \/>\n<meta property=\"og:locale\" content=\"es_ES\" \/>\n<meta property=\"og:type\" content=\"article\" \/>\n<meta property=\"og:title\" content=\"ROBO | Estamos tocando fondo como sociedad - Un mayor manda a robar a un menor - El Diario de Tucuman\" \/>\n<meta property=\"og:description\" content=\"Las c\u00e1maras del local, ubicado en 24 de Septiembre al 400, grabaron el momento en que la ni\u00f1a, de alrededor de 7 a\u00f1os, saca la caja de una tablet en complicidad con otras dos personas.\" \/>\n<meta property=\"og:url\" content=\"https:\/\/www.eldiariodetucuman.com\/web\/robo-estamos-tocando-fondo-como-sociedad-un-mayor-manda-a-robar-a-un-menor\/\" \/>\n<meta property=\"og:site_name\" content=\"El Diario de Tucuman\" \/>\n<meta property=\"article:published_time\" content=\"2016-12-14T17:19:26+00:00\" \/>\n<meta property=\"og:image\" content=\"https:\/\/www.eldiariodetucuman.com\/web\/wp-content\/uploads\/2016\/12\/robo.jpg\" \/>\n\t<meta property=\"og:image:width\" content=\"400\" \/>\n\t<meta property=\"og:image:height\" content=\"225\" \/>\n\t<meta property=\"og:image:type\" content=\"image\/jpeg\" \/>\n<meta name=\"author\" content=\"El diario de Tucuman\" \/>\n<meta name=\"twitter:card\" content=\"summary_large_image\" \/>\n<meta name=\"twitter:label1\" content=\"Escrito por\" \/>\n\t<meta name=\"twitter:data1\" content=\"El diario de Tucuman\" \/>\n\t<meta name=\"twitter:label2\" content=\"Tiempo de lectura\" \/>\n\t<meta name=\"twitter:data2\" content=\"1 minuto\" \/>\n<script type=\"application\/ld+json\" class=\"yoast-schema-graph\">{\"@context\":\"https:\\\/\\\/schema.org\",\"@graph\":[{\"@type\":\"Article\",\"@id\":\"https:\\\/\\\/www.eldiariodetucuman.com\\\/web\\\/robo-estamos-tocando-fondo-como-sociedad-un-mayor-manda-a-robar-a-un-menor\\\/#article\",\"isPartOf\":{\"@id\":\"https:\\\/\\\/www.eldiariodetucuman.com\\\/web\\\/robo-estamos-tocando-fondo-como-sociedad-un-mayor-manda-a-robar-a-un-menor\\\/\"},\"author\":{\"name\":\"El diario de Tucuman\",\"@id\":\"https:\\\/\\\/www.eldiariodetucuman.com\\\/web\\\/#\\\/schema\\\/person\\\/3adbe300ecd6242af93c97dab1dc3ba1\"},\"headline\":\"ROBO | Estamos tocando fondo como sociedad &#8211; Un mayor manda a robar a un menor\",\"datePublished\":\"2016-12-14T17:19:26+00:00\",\"mainEntityOfPage\":{\"@id\":\"https:\\\/\\\/www.eldiariodetucuman.com\\\/web\\\/robo-estamos-tocando-fondo-como-sociedad-un-mayor-manda-a-robar-a-un-menor\\\/\"},\"wordCount\":305,\"publisher\":{\"@id\":\"https:\\\/\\\/www.eldiariodetucuman.com\\\/web\\\/#organization\"},\"image\":{\"@id\":\"https:\\\/\\\/www.eldiariodetucuman.com\\\/web\\\/robo-estamos-tocando-fondo-como-sociedad-un-mayor-manda-a-robar-a-un-menor\\\/#primaryimage\"},\"thumbnailUrl\":\"https:\\\/\\\/www.eldiariodetucuman.com\\\/web\\\/wp-content\\\/uploads\\\/2016\\\/12\\\/robo.jpg\",\"keywords\":[\"El Diario de Tucuman\",\"indignante\",\"robo\",\"Tucuman\"],\"articleSection\":[\"Actualidad\"],\"inLanguage\":\"es\"},{\"@type\":\"WebPage\",\"@id\":\"https:\\\/\\\/www.eldiariodetucuman.com\\\/web\\\/robo-estamos-tocando-fondo-como-sociedad-un-mayor-manda-a-robar-a-un-menor\\\/\",\"url\":\"https:\\\/\\\/www.eldiariodetucuman.com\\\/web\\\/robo-estamos-tocando-fondo-como-sociedad-un-mayor-manda-a-robar-a-un-menor\\\/\",\"name\":\"ROBO | Estamos tocando fondo como sociedad - Un mayor manda a robar a un menor - El Diario de Tucuman\",\"isPartOf\":{\"@id\":\"https:\\\/\\\/www.eldiariodetucuman.com\\\/web\\\/#website\"},\"primaryImageOfPage\":{\"@id\":\"https:\\\/\\\/www.eldiariodetucuman.com\\\/web\\\/robo-estamos-tocando-fondo-como-sociedad-un-mayor-manda-a-robar-a-un-menor\\\/#primaryimage\"},\"image\":{\"@id\":\"https:\\\/\\\/www.eldiariodetucuman.com\\\/web\\\/robo-estamos-tocando-fondo-como-sociedad-un-mayor-manda-a-robar-a-un-menor\\\/#primaryimage\"},\"thumbnailUrl\":\"https:\\\/\\\/www.eldiariodetucuman.com\\\/web\\\/wp-content\\\/uploads\\\/2016\\\/12\\\/robo.jpg\",\"datePublished\":\"2016-12-14T17:19:26+00:00\",\"breadcrumb\":{\"@id\":\"https:\\\/\\\/www.eldiariodetucuman.com\\\/web\\\/robo-estamos-tocando-fondo-como-sociedad-un-mayor-manda-a-robar-a-un-menor\\\/#breadcrumb\"},\"inLanguage\":\"es\",\"potentialAction\":[{\"@type\":\"ReadAction\",\"target\":[\"https:\\\/\\\/www.eldiariodetucuman.com\\\/web\\\/robo-estamos-tocando-fondo-como-sociedad-un-mayor-manda-a-robar-a-un-menor\\\/\"]}]},{\"@type\":\"ImageObject\",\"inLanguage\":\"es\",\"@id\":\"https:\\\/\\\/www.eldiariodetucuman.com\\\/web\\\/robo-estamos-tocando-fondo-como-sociedad-un-mayor-manda-a-robar-a-un-menor\\\/#primaryimage\",\"url\":\"https:\\\/\\\/www.eldiariodetucuman.com\\\/web\\\/wp-content\\\/uploads\\\/2016\\\/12\\\/robo.jpg\",\"contentUrl\":\"https:\\\/\\\/www.eldiariodetucuman.com\\\/web\\\/wp-content\\\/uploads\\\/2016\\\/12\\\/robo.jpg\",\"width\":400,\"height\":225},{\"@type\":\"BreadcrumbList\",\"@id\":\"https:\\\/\\\/www.eldiariodetucuman.com\\\/web\\\/robo-estamos-tocando-fondo-como-sociedad-un-mayor-manda-a-robar-a-un-menor\\\/#breadcrumb\",\"itemListElement\":[{\"@type\":\"ListItem\",\"position\":1,\"name\":\"Portada\",\"item\":\"https:\\\/\\\/www.eldiariodetucuman.com\\\/web\\\/\"},{\"@type\":\"ListItem\",\"position\":2,\"name\":\"ROBO | Estamos tocando fondo como sociedad &#8211; Un mayor manda a robar a un menor\"}]},{\"@type\":\"WebSite\",\"@id\":\"https:\\\/\\\/www.eldiariodetucuman.com\\\/web\\\/#website\",\"url\":\"https:\\\/\\\/www.eldiariodetucuman.com\\\/web\\\/\",\"name\":\"El Diario de Tucuman\",\"description\":\"Diario Tucuman - Informaci\u00f3n y noticias\",\"publisher\":{\"@id\":\"https:\\\/\\\/www.eldiariodetucuman.com\\\/web\\\/#organization\"},\"potentialAction\":[{\"@type\":\"SearchAction\",\"target\":{\"@type\":\"EntryPoint\",\"urlTemplate\":\"https:\\\/\\\/www.eldiariodetucuman.com\\\/web\\\/?s={search_term_string}\"},\"query-input\":{\"@type\":\"PropertyValueSpecification\",\"valueRequired\":true,\"valueName\":\"search_term_string\"}}],\"inLanguage\":\"es\"},{\"@type\":\"Organization\",\"@id\":\"https:\\\/\\\/www.eldiariodetucuman.com\\\/web\\\/#organization\",\"name\":\"El Diario de Tucuman\",\"url\":\"https:\\\/\\\/www.eldiariodetucuman.com\\\/web\\\/\",\"logo\":{\"@type\":\"ImageObject\",\"inLanguage\":\"es\",\"@id\":\"https:\\\/\\\/www.eldiariodetucuman.com\\\/web\\\/#\\\/schema\\\/logo\\\/image\\\/\",\"url\":\"http:\\\/\\\/www.eldiariodetucuman.com\\\/web\\\/wp-content\\\/uploads\\\/2017\\\/12\\\/el-diario-de-tucuman.jpg\",\"contentUrl\":\"http:\\\/\\\/www.eldiariodetucuman.com\\\/web\\\/wp-content\\\/uploads\\\/2017\\\/12\\\/el-diario-de-tucuman.jpg\",\"width\":272,\"height\":92,\"caption\":\"El Diario de Tucuman\"},\"image\":{\"@id\":\"https:\\\/\\\/www.eldiariodetucuman.com\\\/web\\\/#\\\/schema\\\/logo\\\/image\\\/\"}},{\"@type\":\"Person\",\"@id\":\"https:\\\/\\\/www.eldiariodetucuman.com\\\/web\\\/#\\\/schema\\\/person\\\/3adbe300ecd6242af93c97dab1dc3ba1\",\"name\":\"El diario de Tucuman\",\"image\":{\"@type\":\"ImageObject\",\"inLanguage\":\"es\",\"@id\":\"https:\\\/\\\/secure.gravatar.com\\\/avatar\\\/b7214de193b24d0bd708ac5516aa13d0f20c6560795bfbee06857d5c8ac2f0b2?s=96&d=mm&r=g\",\"url\":\"https:\\\/\\\/secure.gravatar.com\\\/avatar\\\/b7214de193b24d0bd708ac5516aa13d0f20c6560795bfbee06857d5c8ac2f0b2?s=96&d=mm&r=g\",\"contentUrl\":\"https:\\\/\\\/secure.gravatar.com\\\/avatar\\\/b7214de193b24d0bd708ac5516aa13d0f20c6560795bfbee06857d5c8ac2f0b2?s=96&d=mm&r=g\",\"caption\":\"El diario de Tucuman\"},\"url\":\"https:\\\/\\\/www.eldiariodetucuman.com\\\/web\\\/author\\\/mgiobellina\\\/\"}]}<\/script>\n<!-- \/ Yoast SEO plugin. -->","yoast_head_json":{"title":"ROBO | Estamos tocando fondo como sociedad - Un mayor manda a robar a un menor - El Diario de Tucuman","robots":{"index":"index","follow":"follow","max-snippet":"max-snippet:-1","max-image-preview":"max-image-preview:large","max-video-preview":"max-video-preview:-1"},"canonical":"https:\/\/www.eldiariodetucuman.com\/web\/robo-estamos-tocando-fondo-como-sociedad-un-mayor-manda-a-robar-a-un-menor\/","og_locale":"es_ES","og_type":"article","og_title":"ROBO | Estamos tocando fondo como sociedad - Un mayor manda a robar a un menor - El Diario de Tucuman","og_description":"Las c\u00e1maras del local, ubicado en 24 de Septiembre al 400, grabaron el momento en que la ni\u00f1a, de alrededor de 7 a\u00f1os, saca la caja de una tablet en complicidad con otras dos personas.","og_url":"https:\/\/www.eldiariodetucuman.com\/web\/robo-estamos-tocando-fondo-como-sociedad-un-mayor-manda-a-robar-a-un-menor\/","og_site_name":"El Diario de Tucuman","article_published_time":"2016-12-14T17:19:26+00:00","og_image":[{"width":400,"height":225,"url":"https:\/\/www.eldiariodetucuman.com\/web\/wp-content\/uploads\/2016\/12\/robo.jpg","type":"image\/jpeg"}],"author":"El diario de Tucuman","twitter_card":"summary_large_image","twitter_misc":{"Escrito por":"El diario de Tucuman","Tiempo de lectura":"1 minuto"},"schema":{"@context":"https:\/\/schema.org","@graph":[{"@type":"Article","@id":"https:\/\/www.eldiariodetucuman.com\/web\/robo-estamos-tocando-fondo-como-sociedad-un-mayor-manda-a-robar-a-un-menor\/#article","isPartOf":{"@id":"https:\/\/www.eldiariodetucuman.com\/web\/robo-estamos-tocando-fondo-como-sociedad-un-mayor-manda-a-robar-a-un-menor\/"},"author":{"name":"El diario de Tucuman","@id":"https:\/\/www.eldiariodetucuman.com\/web\/#\/schema\/person\/3adbe300ecd6242af93c97dab1dc3ba1"},"headline":"ROBO | Estamos tocando fondo como sociedad &#8211; Un mayor manda a robar a un menor","datePublished":"2016-12-14T17:19:26+00:00","mainEntityOfPage":{"@id":"https:\/\/www.eldiariodetucuman.com\/web\/robo-estamos-tocando-fondo-como-sociedad-un-mayor-manda-a-robar-a-un-menor\/"},"wordCount":305,"publisher":{"@id":"https:\/\/www.eldiariodetucuman.com\/web\/#organization"},"image":{"@id":"https:\/\/www.eldiariodetucuman.com\/web\/robo-estamos-tocando-fondo-como-sociedad-un-mayor-manda-a-robar-a-un-menor\/#primaryimage"},"thumbnailUrl":"https:\/\/www.eldiariodetucuman.com\/web\/wp-content\/uploads\/2016\/12\/robo.jpg","keywords":["El Diario de Tucuman","indignante","robo","Tucuman"],"articleSection":["Actualidad"],"inLanguage":"es"},{"@type":"WebPage","@id":"https:\/\/www.eldiariodetucuman.com\/web\/robo-estamos-tocando-fondo-como-sociedad-un-mayor-manda-a-robar-a-un-menor\/","url":"https:\/\/www.eldiariodetucuman.com\/web\/robo-estamos-tocando-fondo-como-sociedad-un-mayor-manda-a-robar-a-un-menor\/","name":"ROBO | Estamos tocando fondo como sociedad - Un mayor manda a robar a un menor - El Diario de Tucuman","isPartOf":{"@id":"https:\/\/www.eldiariodetucuman.com\/web\/#website"},"primaryImageOfPage":{"@id":"https:\/\/www.eldiariodetucuman.com\/web\/robo-estamos-tocando-fondo-como-sociedad-un-mayor-manda-a-robar-a-un-menor\/#primaryimage"},"image":{"@id":"https:\/\/www.eldiariodetucuman.com\/web\/robo-estamos-tocando-fondo-como-sociedad-un-mayor-manda-a-robar-a-un-menor\/#primaryimage"},"thumbnailUrl":"https:\/\/www.eldiariodetucuman.com\/web\/wp-content\/uploads\/2016\/12\/robo.jpg","datePublished":"2016-12-14T17:19:26+00:00","breadcrumb":{"@id":"https:\/\/www.eldiariodetucuman.com\/web\/robo-estamos-tocando-fondo-como-sociedad-un-mayor-manda-a-robar-a-un-menor\/#breadcrumb"},"inLanguage":"es","potentialAction":[{"@type":"ReadAction","target":["https:\/\/www.eldiariodetucuman.com\/web\/robo-estamos-tocando-fondo-como-sociedad-un-mayor-manda-a-robar-a-un-menor\/"]}]},{"@type":"ImageObject","inLanguage":"es","@id":"https:\/\/www.eldiariodetucuman.com\/web\/robo-estamos-tocando-fondo-como-sociedad-un-mayor-manda-a-robar-a-un-menor\/#primaryimage","url":"https:\/\/www.eldiariodetucuman.com\/web\/wp-content\/uploads\/2016\/12\/robo.jpg","contentUrl":"https:\/\/www.eldiariodetucuman.com\/web\/wp-content\/uploads\/2016\/12\/robo.jpg","width":400,"height":225},{"@type":"BreadcrumbList","@id":"https:\/\/www.eldiariodetucuman.com\/web\/robo-estamos-tocando-fondo-como-sociedad-un-mayor-manda-a-robar-a-un-menor\/#breadcrumb","itemListElement":[{"@type":"ListItem","position":1,"name":"Portada","item":"https:\/\/www.eldiariodetucuman.com\/web\/"},{"@type":"ListItem","position":2,"name":"ROBO | Estamos tocando fondo como sociedad &#8211; Un mayor manda a robar a un menor"}]},{"@type":"WebSite","@id":"https:\/\/www.eldiariodetucuman.com\/web\/#website","url":"https:\/\/www.eldiariodetucuman.com\/web\/","name":"El Diario de Tucuman","description":"Diario Tucuman - Informaci\u00f3n y noticias","publisher":{"@id":"https:\/\/www.eldiariodetucuman.com\/web\/#organization"},"potentialAction":[{"@type":"SearchAction","target":{"@type":"EntryPoint","urlTemplate":"https:\/\/www.eldiariodetucuman.com\/web\/?s={search_term_string}"},"query-input":{"@type":"PropertyValueSpecification","valueRequired":true,"valueName":"search_term_string"}}],"inLanguage":"es"},{"@type":"Organization","@id":"https:\/\/www.eldiariodetucuman.com\/web\/#organization","name":"El Diario de Tucuman","url":"https:\/\/www.eldiariodetucuman.com\/web\/","logo":{"@type":"ImageObject","inLanguage":"es","@id":"https:\/\/www.eldiariodetucuman.com\/web\/#\/schema\/logo\/image\/","url":"http:\/\/www.eldiariodetucuman.com\/web\/wp-content\/uploads\/2017\/12\/el-diario-de-tucuman.jpg","contentUrl":"http:\/\/www.eldiariodetucuman.com\/web\/wp-content\/uploads\/2017\/12\/el-diario-de-tucuman.jpg","width":272,"height":92,"caption":"El Diario de Tucuman"},"image":{"@id":"https:\/\/www.eldiariodetucuman.com\/web\/#\/schema\/logo\/image\/"}},{"@type":"Person","@id":"https:\/\/www.eldiariodetucuman.com\/web\/#\/schema\/person\/3adbe300ecd6242af93c97dab1dc3ba1","name":"El diario de Tucuman","image":{"@type":"ImageObject","inLanguage":"es","@id":"https:\/\/secure.gravatar.com\/avatar\/b7214de193b24d0bd708ac5516aa13d0f20c6560795bfbee06857d5c8ac2f0b2?s=96&d=mm&r=g","url":"https:\/\/secure.gravatar.com\/avatar\/b7214de193b24d0bd708ac5516aa13d0f20c6560795bfbee06857d5c8ac2f0b2?s=96&d=mm&r=g","contentUrl":"https:\/\/secure.gravatar.com\/avatar\/b7214de193b24d0bd708ac5516aa13d0f20c6560795bfbee06857d5c8ac2f0b2?s=96&d=mm&r=g","caption":"El diario de Tucuman"},"url":"https:\/\/www.eldiariodetucuman.com\/web\/author\/mgiobellina\/"}]}},"_links":{"self":[{"href":"https:\/\/www.eldiariodetucuman.com\/web\/wp-json\/wp\/v2\/posts\/2272","targetHints":{"allow":["GET"]}}],"collection":[{"href":"https:\/\/www.eldiariodetucuman.com\/web\/wp-json\/wp\/v2\/posts"}],"about":[{"href":"https:\/\/www.eldiariodetucuman.com\/web\/wp-json\/wp\/v2\/types\/post"}],"author":[{"embeddable":true,"href":"https:\/\/www.eldiariodetucuman.com\/web\/wp-json\/wp\/v2\/users\/3"}],"replies":[{"embeddable":true,"href":"https:\/\/www.eldiariodetucuman.com\/web\/wp-json\/wp\/v2\/comments?post=2272"}],"version-history":[{"count":1,"href":"https:\/\/www.eldiariodetucuman.com\/web\/wp-json\/wp\/v2\/posts\/2272\/revisions"}],"predecessor-version":[{"id":2274,"href":"https:\/\/www.eldiariodetucuman.com\/web\/wp-json\/wp\/v2\/posts\/2272\/revisions\/2274"}],"wp:featuredmedia":[{"embeddable":true,"href":"https:\/\/www.eldiariodetucuman.com\/web\/wp-json\/wp\/v2\/media\/2273"}],"wp:attachment":[{"href":"https:\/\/www.eldiariodetucuman.com\/web\/wp-json\/wp\/v2\/media?parent=2272"}],"wp:term":[{"taxonomy":"category","embeddable":true,"href":"https:\/\/www.eldiariodetucuman.com\/web\/wp-json\/wp\/v2\/categories?post=2272"},{"taxonomy":"post_tag","embeddable":true,"href":"https:\/\/www.eldiariodetucuman.com\/web\/wp-json\/wp\/v2\/tags?post=2272"}],"curies":[{"name":"wp","href":"https:\/\/api.w.org\/{rel}","templated":true}]}}