{"id":22453,"date":"2019-03-14T08:38:51","date_gmt":"2019-03-14T11:38:51","guid":{"rendered":"http:\/\/www.eldiariodetucuman.com\/web\/?p=22453"},"modified":"2019-03-14T08:38:51","modified_gmt":"2019-03-14T11:38:51","slug":"claves-para-entender-la-exposicion-del-juez-ramos-padilla-ante-diputados","status":"publish","type":"post","link":"https:\/\/www.eldiariodetucuman.com\/web\/claves-para-entender-la-exposicion-del-juez-ramos-padilla-ante-diputados\/","title":{"rendered":"Claves para entender la exposici\u00f3n del juez Ramos Padilla ante Diputados"},"content":{"rendered":"<p>Stornelli, D&#8217;Alessio y carpetas: las 5 claves de la exposici\u00f3n de Alejo Ramos Padilla en el Congreso.\u00a0El juez federal de Dolores dio detalles de la estructura de espionaje ilegal y paraestatal detr\u00e1s del esc\u00e1ndalo judicial que involucra al fiscal Stornelli. Un informe de Cecilia Di Lodovico para Perfil.com.<\/p>\n<p><!--more--><\/p>\n<p>Ramos Padilla: \u00abAlgunos diputados ser\u00edan usuarios de esta organizaci\u00f3n\u00bb. Cambiemos falt\u00f3 a la presentaci\u00f3n del juez Alejo Ramos Padilla: \u00abEs una puesta en escena\u00bb. El juez federal de Dolores, Alejo Ramos Padilla, a cargo de la causa que investiga una presunta estructura de \u00abespionaje ilegal y paraestatal\u00bb dedicada a extorsionar a empresarios -entre otras tareas- y en la que est\u00e1 imputado el fiscal federal Carlos Stornelli, expuso este mi\u00e9rcoles ante la Comisi\u00f3n de Libertad de Expresi\u00f3n de la C\u00e1mara de Diputados.<\/p>\n<p>El magistrado explic\u00f3 las conclusiones fundamentales a las que arrib\u00f3 a partir de las pruebas que consigui\u00f3 durante la pesquisa, principalmente, tras el allanamiento al domicilio del falso abogado Marcelo D&#8217;Alessio, en el que se secuestraron documentos, informes de inteligencia y sofisticados dispositivos para espiar e intervenir celulares. Cu\u00e1les fueron los cinco destacados en la exposici\u00f3n de Ramos Padilla:<\/p>\n<ul>\n<li><strong>La red de espionaje y las pruebas <\/strong><\/li>\n<\/ul>\n<p>\u00abTenemos una fuente probatoria que es la que trae (el empresario Pedro) Etchebest, pero tenemos tambi\u00e9n much\u00edsima prueba no contaminada que es aquella secuestrada en el allanamiento que nos permite verificar la actuaci\u00f3n en profundidad de esta red de espionaje ilegal en la Argentina\u00bb.<\/p>\n<p>\u00ab(Marcelo) D&#8217;Alessio dio datos de que esto funciona hace a\u00f1os\u00bb.<\/p>\n<p>\u00abSe apropiaron del dinero de empresarios\u00bb.<\/p>\n<p>\u00abEs una red de espionaje pol\u00edtico y judicial\u00bb.<\/p>\n<p>\u00abEl caso que puede involucrar a un fiscal, no a uno solo, sino a varios, a un periodista, a un juez, es \u00ednfimo\u00bb, advirti\u00f3 y remarc\u00f3: \u00abLo que estamos viendo puede perjudicar las relaciones con Estados Unidos, con Venezuela, con Israel y con Uruguay. Porque esta organizaci\u00f3n tuvo incidencia en distintos \u00e1mbitos de incumbencia de varios pa\u00edses\u00bb.<\/p>\n<p>\u00abEstamos hablando de una organizaci\u00f3n al menos paraestatal, con vinculaciones de todo tipo. Muchos periodistas pueden haber sido afectados en su buena fe y haber formado parte de una maniobra de espionaje ilegal de la que ellos no ten\u00edan conocimiento\u00bb.<\/p>\n<p>Ramos Padilla: \u00abAlgunos diputados ser\u00edan usuarios de esta organizaci\u00f3n\u00bb<\/p>\n<ul>\n<li><strong>Los v\u00ednculos de D&#8217;Alessio con Estados Unidos y el caso de la petrolera venezolana <\/strong><\/li>\n<\/ul>\n<p>Para el juez, \u00abHay elementos que vinculan a D&#8217;Alessio con la DEA\u00bb.<\/p>\n<p>\u00abDentro de muchos \u00e1mbitos era presentado como agente de la DEA, de no ser cierto eso afecta a los Estados Unidos\u00bb<\/p>\n<p>\u00abConsult\u00e9, mediante el Ministerio de Relaciones Exteriores, a la Embajada de Estados Unidos si (D&#8217;Alessio) estaba vinculado a servicios de inteligencia. No recib\u00ed respuesta\u00bb.<\/p>\n<p>En el allanamiento, se secuestraron \u00abinformes de inteligencia que tienen el sello de la Embajada de EEUU\u00bb. Sin embargo, reconoci\u00f3 que se desconoce si el sello es aut\u00e9ntico.<\/p>\n<p>Uno de los WhatsApp revelados por Ramos Padilla expuso una conversaci\u00f3n en la que, supuestamente, hablaba con el empresario Mario Montoto sobre la filial argentina de la empresa PDVSA: \u00abEstimado amigo, de mi viaje he tra\u00eddo informaci\u00f3n valiosa de PDVSA Argentina, la proces\u00e9 y ma\u00f1ana tengo a un ex directivo de la filial argentina, que logr\u00e9 que se quiebre y quiere aportar todos los detalles de los il\u00edcitos de Ch\u00e1vez y Maduro en la Argentina\u00bb, cit\u00f3 el juez. \u00abMa\u00f1ana domingo, va a ser el Centeno de PDVSA. El lunes lo entrego a Stornelli\u00bb, escribi\u00f3 D&#8217;Alessio sobre el ex director de la petrolera estatal venezolana, Brusa Dovat.<\/p>\n<p>\u00abEsta organizaci\u00f3n, cuando lleva adelante lo que denominan la operaci\u00f3n &#8216;Brusa Dovat&#8217;\u00a0va en sinton\u00eda -de acuerdo a lo que ellos dicen- con la decisi\u00f3n del Gobierno norteamericano de congelar fondos de PDVSA (Petr\u00f3leo de Venezuela) a nivel internacional precisamente para dejarle sin fondos a Venezuela\u00bb.<\/p>\n<p>\u00abDe PDVSA hay mucha informaci\u00f3n, hay cuadernos que tenemos que analizar, hay tambi\u00e9n otros actores que pertenecer\u00edan al Frente Amplio uruguayo que se habr\u00edan visto afectados por estas maniobras de espionaje o al menos est\u00e1n mencionados\u00bb.<\/p>\n<p>Ramos Padilla: \u00abFantino y Manguel son v\u00edctimas de una red ilegal de espionaje\u00bb<\/p>\n<ul>\n<li><strong>La relaci\u00f3n entre los detenidos en la causa y el periodismo <\/strong><\/li>\n<\/ul>\n<p>\u00abD&#8217;Alessio ten\u00eda una actividad intensa en la prensa\u00bb.<\/p>\n<p>\u00abA esta organizaci\u00f3n le importaba mucho su relaci\u00f3n con los medios\u00bb.<\/p>\n<p>En relaci\u00f3n a los periodistas Daniel Santoro, Rodrigo Alegre, Eduardo Feimman y Rolando Gra\u00f1a, Ramos Padilla dijo: \u00abEntiendo que pueden ser parte de una maniobra de espionaje que no conoc\u00edan: que Brusa Dovat hab\u00eda sido puesto en p\u00e1nico para declarar. Lo propio para cualquier otro que no haya declarado\u00bb.<\/p>\n<p>\u00ab(Romina) Manguel y (Alejandro) Fantino son v\u00edctimas, objetivos de la organizaci\u00f3n\u00bb.<\/p>\n<p>\u00abHay jueces, fiscales y periodistas que seguramente fueron enga\u00f1ados\u00bb.<\/p>\n<p>\u00abNo es casual que D&#8217;Alessio aparezca vinculado a todas estas maniobras de espionaje, pero eso no quiere decir que aquel juez o periodista que recogi\u00f3 su testimonio sea parte de ese espionaje ilegal. Lo que los hace parte es el conocimiento de que formaba parte de ese espionaje o no\u00bb.<\/p>\n<p>\u00abSe aplic\u00f3 el mecanismo de ablande o quiebre para publicar en los medios\u00bb.<\/p>\n<p>Cambiemos falt\u00f3 a la presentaci\u00f3n de Ramos Padilla: \u00abEs una puesta en escena\u00bb<\/p>\n<ul>\n<li><strong>Sobre el fiscal Carlos Stornelli <\/strong><\/li>\n<\/ul>\n<p>\u00abNosotros pensamos que \u00edbamos por otro caso, por el caso de una esp\u00eda que estaba girando a un fiscal. Nos topamos con esta investigaci\u00f3n\u00bb.<\/p>\n<p>\u00abStornelli goza de la presunci\u00f3n de inocencia. En el marco de una indagatoria, como cualquier otro ciudadano, tiene derecho a presentar pruebas\u00bb.<\/p>\n<p>\u00c9l como cualquier otra ciudadano tiene derecho a presentar pruebas para demostrar que esa conversaci\u00f3n no<\/p>\n<ul>\n<li><strong>Carpetas<\/strong><\/li>\n<\/ul>\n<p>En el\u00a0allanamiento al domicilio de D&#8217;Alessio, se encontraron numerosas carpetas sobre diferentes actores de la escena pol\u00edtica argentina, entre ellas, una que conten\u00eda informaci\u00f3n sobre la l\u00edder de la Coalici\u00f3n C\u00edvica bajo el nombre \u00abConformaci\u00f3n de pensamiento y acciones de Elisa Carri\u00f3\u00bb.<\/p>\n<p>Tambi\u00e9n se hallaron otras contra ex funcionarios kirchneristas, bajo los nombres de \u00abCapacidad de orientar contenidos de la declaraci\u00f3n de Leonardo Fari\u00f1a en aras de procesar con prisi\u00f3n preventiva a Ricardo Etchegaray\u00bb y \u00abRelaci\u00f3n de ex asesores presidenciales de \u00e9poca K con el Puerto Quequ\u00e9n\u00bb.<\/p>\n<p>Ramos Padilla dio pistas sobre la llegada de la estructura de espionaje al exponer un mensaje que supone la llegada del falso abogado a las diputadas Elisa Carri\u00f3 y Paula Oliveto.<\/p>\n<p>\u00abYo hice cosas con ella (Carri\u00f3) y con Paula Oliveto. A disposici\u00f3n\u00bb, dice D\u00b4Alessio en un mensaje de voz dirigido a una tal \u00abRomina de la Aduana\u00bb.<\/p>\n<p>La revelaci\u00f3n sobre el v\u00ednculo con Carri\u00f3 y otro punto central de la causa: Por otro lado, mencion\u00f3 la \u00abOperaci\u00f3n Jaitt\u00bb, elaborada para frenar una presunta extradici\u00f3n de M\u00e9xico.<\/p>\n<p><strong>Fuente:<\/strong>\u00a0<a href=\"https:\/\/www.perfil.com\/noticias\/politica\/5-claves-exposicion-alejo-ramos-padilla-congreso.phtml\">www.perfil.com<\/a><\/p>\n","protected":false},"excerpt":{"rendered":"<p>Stornelli, D&#8217;Alessio y carpetas: las 5 claves de la exposici\u00f3n de Alejo Ramos Padilla en el Congreso.\u00a0El juez federal de Dolores dio detalles de la estructura de espionaje ilegal y paraestatal detr\u00e1s del esc\u00e1ndalo judicial que involucra al fiscal Stornelli. Un informe de Cecilia Di Lodovico para Perfil.com.<\/p>\n","protected":false},"author":5,"featured_media":22454,"comment_status":"closed","ping_status":"open","sticky":false,"template":"","format":"standard","meta":{"footnotes":""},"categories":[2],"tags":[335,1067,2504,2505],"class_list":{"0":"post-22453","1":"post","2":"type-post","3":"status-publish","4":"format-standard","5":"has-post-thumbnail","7":"category-actualidad","8":"tag-fiscal","9":"tag-investigacion","10":"tag-ramos-padilla","11":"tag-stornelli"},"yoast_head":"<!-- This site is optimized with the Yoast SEO plugin v27.4 - https:\/\/yoast.com\/product\/yoast-seo-wordpress\/ -->\n<title>Claves para entender la exposici\u00f3n del juez Ramos Padilla ante Diputados - El Diario de Tucuman<\/title>\n<meta name=\"robots\" content=\"index, follow, max-snippet:-1, max-image-preview:large, max-video-preview:-1\" \/>\n<link rel=\"canonical\" href=\"https:\/\/www.eldiariodetucuman.com\/web\/claves-para-entender-la-exposicion-del-juez-ramos-padilla-ante-diputados\/\" \/>\n<meta property=\"og:locale\" content=\"es_ES\" \/>\n<meta property=\"og:type\" content=\"article\" \/>\n<meta property=\"og:title\" content=\"Claves para entender la exposici\u00f3n del juez Ramos Padilla ante Diputados - El Diario de Tucuman\" \/>\n<meta property=\"og:description\" content=\"Stornelli, D&#8217;Alessio y carpetas: las 5 claves de la exposici\u00f3n de Alejo Ramos Padilla en el Congreso.\u00a0El juez federal de Dolores dio detalles de la estructura de espionaje ilegal y paraestatal detr\u00e1s del esc\u00e1ndalo judicial que involucra al fiscal Stornelli. Un informe de Cecilia Di Lodovico para Perfil.com.\" \/>\n<meta property=\"og:url\" content=\"https:\/\/www.eldiariodetucuman.com\/web\/claves-para-entender-la-exposicion-del-juez-ramos-padilla-ante-diputados\/\" \/>\n<meta property=\"og:site_name\" content=\"El Diario de Tucuman\" \/>\n<meta property=\"article:published_time\" content=\"2019-03-14T11:38:51+00:00\" \/>\n<meta property=\"og:image\" content=\"https:\/\/www.eldiariodetucuman.com\/web\/wp-content\/uploads\/2019\/03\/juezramospadilla.jpg\" \/>\n\t<meta property=\"og:image:width\" content=\"730\" \/>\n\t<meta property=\"og:image:height\" content=\"400\" \/>\n\t<meta property=\"og:image:type\" content=\"image\/jpeg\" \/>\n<meta name=\"author\" content=\"Redactor Uno\" \/>\n<meta name=\"twitter:card\" content=\"summary_large_image\" \/>\n<meta name=\"twitter:label1\" content=\"Escrito por\" \/>\n\t<meta name=\"twitter:data1\" content=\"Redactor Uno\" \/>\n\t<meta name=\"twitter:label2\" content=\"Tiempo de lectura\" \/>\n\t<meta name=\"twitter:data2\" content=\"6 minutos\" \/>\n<script type=\"application\/ld+json\" class=\"yoast-schema-graph\">{\"@context\":\"https:\\\/\\\/schema.org\",\"@graph\":[{\"@type\":\"Article\",\"@id\":\"https:\\\/\\\/www.eldiariodetucuman.com\\\/web\\\/claves-para-entender-la-exposicion-del-juez-ramos-padilla-ante-diputados\\\/#article\",\"isPartOf\":{\"@id\":\"https:\\\/\\\/www.eldiariodetucuman.com\\\/web\\\/claves-para-entender-la-exposicion-del-juez-ramos-padilla-ante-diputados\\\/\"},\"author\":{\"name\":\"Redactor Uno\",\"@id\":\"https:\\\/\\\/www.eldiariodetucuman.com\\\/web\\\/#\\\/schema\\\/person\\\/7e6644a46e60888f6b868594407e08dd\"},\"headline\":\"Claves para entender la exposici\u00f3n del juez Ramos Padilla ante Diputados\",\"datePublished\":\"2019-03-14T11:38:51+00:00\",\"mainEntityOfPage\":{\"@id\":\"https:\\\/\\\/www.eldiariodetucuman.com\\\/web\\\/claves-para-entender-la-exposicion-del-juez-ramos-padilla-ante-diputados\\\/\"},\"wordCount\":1184,\"publisher\":{\"@id\":\"https:\\\/\\\/www.eldiariodetucuman.com\\\/web\\\/#organization\"},\"image\":{\"@id\":\"https:\\\/\\\/www.eldiariodetucuman.com\\\/web\\\/claves-para-entender-la-exposicion-del-juez-ramos-padilla-ante-diputados\\\/#primaryimage\"},\"thumbnailUrl\":\"https:\\\/\\\/www.eldiariodetucuman.com\\\/web\\\/wp-content\\\/uploads\\\/2019\\\/03\\\/juezramospadilla.jpg\",\"keywords\":[\"fiscal\",\"investigaci\u00f3n\",\"Ramos Padilla\",\"Stornelli\"],\"articleSection\":[\"Actualidad\"],\"inLanguage\":\"es\"},{\"@type\":\"WebPage\",\"@id\":\"https:\\\/\\\/www.eldiariodetucuman.com\\\/web\\\/claves-para-entender-la-exposicion-del-juez-ramos-padilla-ante-diputados\\\/\",\"url\":\"https:\\\/\\\/www.eldiariodetucuman.com\\\/web\\\/claves-para-entender-la-exposicion-del-juez-ramos-padilla-ante-diputados\\\/\",\"name\":\"Claves para entender la exposici\u00f3n del juez Ramos Padilla ante Diputados - El Diario de Tucuman\",\"isPartOf\":{\"@id\":\"https:\\\/\\\/www.eldiariodetucuman.com\\\/web\\\/#website\"},\"primaryImageOfPage\":{\"@id\":\"https:\\\/\\\/www.eldiariodetucuman.com\\\/web\\\/claves-para-entender-la-exposicion-del-juez-ramos-padilla-ante-diputados\\\/#primaryimage\"},\"image\":{\"@id\":\"https:\\\/\\\/www.eldiariodetucuman.com\\\/web\\\/claves-para-entender-la-exposicion-del-juez-ramos-padilla-ante-diputados\\\/#primaryimage\"},\"thumbnailUrl\":\"https:\\\/\\\/www.eldiariodetucuman.com\\\/web\\\/wp-content\\\/uploads\\\/2019\\\/03\\\/juezramospadilla.jpg\",\"datePublished\":\"2019-03-14T11:38:51+00:00\",\"breadcrumb\":{\"@id\":\"https:\\\/\\\/www.eldiariodetucuman.com\\\/web\\\/claves-para-entender-la-exposicion-del-juez-ramos-padilla-ante-diputados\\\/#breadcrumb\"},\"inLanguage\":\"es\",\"potentialAction\":[{\"@type\":\"ReadAction\",\"target\":[\"https:\\\/\\\/www.eldiariodetucuman.com\\\/web\\\/claves-para-entender-la-exposicion-del-juez-ramos-padilla-ante-diputados\\\/\"]}]},{\"@type\":\"ImageObject\",\"inLanguage\":\"es\",\"@id\":\"https:\\\/\\\/www.eldiariodetucuman.com\\\/web\\\/claves-para-entender-la-exposicion-del-juez-ramos-padilla-ante-diputados\\\/#primaryimage\",\"url\":\"https:\\\/\\\/www.eldiariodetucuman.com\\\/web\\\/wp-content\\\/uploads\\\/2019\\\/03\\\/juezramospadilla.jpg\",\"contentUrl\":\"https:\\\/\\\/www.eldiariodetucuman.com\\\/web\\\/wp-content\\\/uploads\\\/2019\\\/03\\\/juezramospadilla.jpg\",\"width\":730,\"height\":400},{\"@type\":\"BreadcrumbList\",\"@id\":\"https:\\\/\\\/www.eldiariodetucuman.com\\\/web\\\/claves-para-entender-la-exposicion-del-juez-ramos-padilla-ante-diputados\\\/#breadcrumb\",\"itemListElement\":[{\"@type\":\"ListItem\",\"position\":1,\"name\":\"Portada\",\"item\":\"https:\\\/\\\/www.eldiariodetucuman.com\\\/web\\\/\"},{\"@type\":\"ListItem\",\"position\":2,\"name\":\"Claves para entender la exposici\u00f3n del juez Ramos Padilla ante Diputados\"}]},{\"@type\":\"WebSite\",\"@id\":\"https:\\\/\\\/www.eldiariodetucuman.com\\\/web\\\/#website\",\"url\":\"https:\\\/\\\/www.eldiariodetucuman.com\\\/web\\\/\",\"name\":\"El Diario de Tucuman\",\"description\":\"Diario Tucuman - Informaci\u00f3n y noticias\",\"publisher\":{\"@id\":\"https:\\\/\\\/www.eldiariodetucuman.com\\\/web\\\/#organization\"},\"potentialAction\":[{\"@type\":\"SearchAction\",\"target\":{\"@type\":\"EntryPoint\",\"urlTemplate\":\"https:\\\/\\\/www.eldiariodetucuman.com\\\/web\\\/?s={search_term_string}\"},\"query-input\":{\"@type\":\"PropertyValueSpecification\",\"valueRequired\":true,\"valueName\":\"search_term_string\"}}],\"inLanguage\":\"es\"},{\"@type\":\"Organization\",\"@id\":\"https:\\\/\\\/www.eldiariodetucuman.com\\\/web\\\/#organization\",\"name\":\"El Diario de Tucuman\",\"url\":\"https:\\\/\\\/www.eldiariodetucuman.com\\\/web\\\/\",\"logo\":{\"@type\":\"ImageObject\",\"inLanguage\":\"es\",\"@id\":\"https:\\\/\\\/www.eldiariodetucuman.com\\\/web\\\/#\\\/schema\\\/logo\\\/image\\\/\",\"url\":\"http:\\\/\\\/www.eldiariodetucuman.com\\\/web\\\/wp-content\\\/uploads\\\/2017\\\/12\\\/el-diario-de-tucuman.jpg\",\"contentUrl\":\"http:\\\/\\\/www.eldiariodetucuman.com\\\/web\\\/wp-content\\\/uploads\\\/2017\\\/12\\\/el-diario-de-tucuman.jpg\",\"width\":272,\"height\":92,\"caption\":\"El Diario de Tucuman\"},\"image\":{\"@id\":\"https:\\\/\\\/www.eldiariodetucuman.com\\\/web\\\/#\\\/schema\\\/logo\\\/image\\\/\"}},{\"@type\":\"Person\",\"@id\":\"https:\\\/\\\/www.eldiariodetucuman.com\\\/web\\\/#\\\/schema\\\/person\\\/7e6644a46e60888f6b868594407e08dd\",\"name\":\"Redactor Uno\",\"image\":{\"@type\":\"ImageObject\",\"inLanguage\":\"es\",\"@id\":\"https:\\\/\\\/secure.gravatar.com\\\/avatar\\\/0049b1bdf1bd548385c9ea6b9356431717930913089febd2ba904f0187d7d074?s=96&d=mm&r=g\",\"url\":\"https:\\\/\\\/secure.gravatar.com\\\/avatar\\\/0049b1bdf1bd548385c9ea6b9356431717930913089febd2ba904f0187d7d074?s=96&d=mm&r=g\",\"contentUrl\":\"https:\\\/\\\/secure.gravatar.com\\\/avatar\\\/0049b1bdf1bd548385c9ea6b9356431717930913089febd2ba904f0187d7d074?s=96&d=mm&r=g\",\"caption\":\"Redactor Uno\"},\"url\":\"https:\\\/\\\/www.eldiariodetucuman.com\\\/web\\\/author\\\/mramasco\\\/\"}]}<\/script>\n<!-- \/ Yoast SEO plugin. -->","yoast_head_json":{"title":"Claves para entender la exposici\u00f3n del juez Ramos Padilla ante Diputados - El Diario de Tucuman","robots":{"index":"index","follow":"follow","max-snippet":"max-snippet:-1","max-image-preview":"max-image-preview:large","max-video-preview":"max-video-preview:-1"},"canonical":"https:\/\/www.eldiariodetucuman.com\/web\/claves-para-entender-la-exposicion-del-juez-ramos-padilla-ante-diputados\/","og_locale":"es_ES","og_type":"article","og_title":"Claves para entender la exposici\u00f3n del juez Ramos Padilla ante Diputados - El Diario de Tucuman","og_description":"Stornelli, D&#8217;Alessio y carpetas: las 5 claves de la exposici\u00f3n de Alejo Ramos Padilla en el Congreso.\u00a0El juez federal de Dolores dio detalles de la estructura de espionaje ilegal y paraestatal detr\u00e1s del esc\u00e1ndalo judicial que involucra al fiscal Stornelli. Un informe de Cecilia Di Lodovico para Perfil.com.","og_url":"https:\/\/www.eldiariodetucuman.com\/web\/claves-para-entender-la-exposicion-del-juez-ramos-padilla-ante-diputados\/","og_site_name":"El Diario de Tucuman","article_published_time":"2019-03-14T11:38:51+00:00","og_image":[{"width":730,"height":400,"url":"https:\/\/www.eldiariodetucuman.com\/web\/wp-content\/uploads\/2019\/03\/juezramospadilla.jpg","type":"image\/jpeg"}],"author":"Redactor Uno","twitter_card":"summary_large_image","twitter_misc":{"Escrito por":"Redactor Uno","Tiempo de lectura":"6 minutos"},"schema":{"@context":"https:\/\/schema.org","@graph":[{"@type":"Article","@id":"https:\/\/www.eldiariodetucuman.com\/web\/claves-para-entender-la-exposicion-del-juez-ramos-padilla-ante-diputados\/#article","isPartOf":{"@id":"https:\/\/www.eldiariodetucuman.com\/web\/claves-para-entender-la-exposicion-del-juez-ramos-padilla-ante-diputados\/"},"author":{"name":"Redactor Uno","@id":"https:\/\/www.eldiariodetucuman.com\/web\/#\/schema\/person\/7e6644a46e60888f6b868594407e08dd"},"headline":"Claves para entender la exposici\u00f3n del juez Ramos Padilla ante Diputados","datePublished":"2019-03-14T11:38:51+00:00","mainEntityOfPage":{"@id":"https:\/\/www.eldiariodetucuman.com\/web\/claves-para-entender-la-exposicion-del-juez-ramos-padilla-ante-diputados\/"},"wordCount":1184,"publisher":{"@id":"https:\/\/www.eldiariodetucuman.com\/web\/#organization"},"image":{"@id":"https:\/\/www.eldiariodetucuman.com\/web\/claves-para-entender-la-exposicion-del-juez-ramos-padilla-ante-diputados\/#primaryimage"},"thumbnailUrl":"https:\/\/www.eldiariodetucuman.com\/web\/wp-content\/uploads\/2019\/03\/juezramospadilla.jpg","keywords":["fiscal","investigaci\u00f3n","Ramos Padilla","Stornelli"],"articleSection":["Actualidad"],"inLanguage":"es"},{"@type":"WebPage","@id":"https:\/\/www.eldiariodetucuman.com\/web\/claves-para-entender-la-exposicion-del-juez-ramos-padilla-ante-diputados\/","url":"https:\/\/www.eldiariodetucuman.com\/web\/claves-para-entender-la-exposicion-del-juez-ramos-padilla-ante-diputados\/","name":"Claves para entender la exposici\u00f3n del juez Ramos Padilla ante Diputados - El Diario de Tucuman","isPartOf":{"@id":"https:\/\/www.eldiariodetucuman.com\/web\/#website"},"primaryImageOfPage":{"@id":"https:\/\/www.eldiariodetucuman.com\/web\/claves-para-entender-la-exposicion-del-juez-ramos-padilla-ante-diputados\/#primaryimage"},"image":{"@id":"https:\/\/www.eldiariodetucuman.com\/web\/claves-para-entender-la-exposicion-del-juez-ramos-padilla-ante-diputados\/#primaryimage"},"thumbnailUrl":"https:\/\/www.eldiariodetucuman.com\/web\/wp-content\/uploads\/2019\/03\/juezramospadilla.jpg","datePublished":"2019-03-14T11:38:51+00:00","breadcrumb":{"@id":"https:\/\/www.eldiariodetucuman.com\/web\/claves-para-entender-la-exposicion-del-juez-ramos-padilla-ante-diputados\/#breadcrumb"},"inLanguage":"es","potentialAction":[{"@type":"ReadAction","target":["https:\/\/www.eldiariodetucuman.com\/web\/claves-para-entender-la-exposicion-del-juez-ramos-padilla-ante-diputados\/"]}]},{"@type":"ImageObject","inLanguage":"es","@id":"https:\/\/www.eldiariodetucuman.com\/web\/claves-para-entender-la-exposicion-del-juez-ramos-padilla-ante-diputados\/#primaryimage","url":"https:\/\/www.eldiariodetucuman.com\/web\/wp-content\/uploads\/2019\/03\/juezramospadilla.jpg","contentUrl":"https:\/\/www.eldiariodetucuman.com\/web\/wp-content\/uploads\/2019\/03\/juezramospadilla.jpg","width":730,"height":400},{"@type":"BreadcrumbList","@id":"https:\/\/www.eldiariodetucuman.com\/web\/claves-para-entender-la-exposicion-del-juez-ramos-padilla-ante-diputados\/#breadcrumb","itemListElement":[{"@type":"ListItem","position":1,"name":"Portada","item":"https:\/\/www.eldiariodetucuman.com\/web\/"},{"@type":"ListItem","position":2,"name":"Claves para entender la exposici\u00f3n del juez Ramos Padilla ante Diputados"}]},{"@type":"WebSite","@id":"https:\/\/www.eldiariodetucuman.com\/web\/#website","url":"https:\/\/www.eldiariodetucuman.com\/web\/","name":"El Diario de Tucuman","description":"Diario Tucuman - Informaci\u00f3n y noticias","publisher":{"@id":"https:\/\/www.eldiariodetucuman.com\/web\/#organization"},"potentialAction":[{"@type":"SearchAction","target":{"@type":"EntryPoint","urlTemplate":"https:\/\/www.eldiariodetucuman.com\/web\/?s={search_term_string}"},"query-input":{"@type":"PropertyValueSpecification","valueRequired":true,"valueName":"search_term_string"}}],"inLanguage":"es"},{"@type":"Organization","@id":"https:\/\/www.eldiariodetucuman.com\/web\/#organization","name":"El Diario de Tucuman","url":"https:\/\/www.eldiariodetucuman.com\/web\/","logo":{"@type":"ImageObject","inLanguage":"es","@id":"https:\/\/www.eldiariodetucuman.com\/web\/#\/schema\/logo\/image\/","url":"http:\/\/www.eldiariodetucuman.com\/web\/wp-content\/uploads\/2017\/12\/el-diario-de-tucuman.jpg","contentUrl":"http:\/\/www.eldiariodetucuman.com\/web\/wp-content\/uploads\/2017\/12\/el-diario-de-tucuman.jpg","width":272,"height":92,"caption":"El Diario de Tucuman"},"image":{"@id":"https:\/\/www.eldiariodetucuman.com\/web\/#\/schema\/logo\/image\/"}},{"@type":"Person","@id":"https:\/\/www.eldiariodetucuman.com\/web\/#\/schema\/person\/7e6644a46e60888f6b868594407e08dd","name":"Redactor Uno","image":{"@type":"ImageObject","inLanguage":"es","@id":"https:\/\/secure.gravatar.com\/avatar\/0049b1bdf1bd548385c9ea6b9356431717930913089febd2ba904f0187d7d074?s=96&d=mm&r=g","url":"https:\/\/secure.gravatar.com\/avatar\/0049b1bdf1bd548385c9ea6b9356431717930913089febd2ba904f0187d7d074?s=96&d=mm&r=g","contentUrl":"https:\/\/secure.gravatar.com\/avatar\/0049b1bdf1bd548385c9ea6b9356431717930913089febd2ba904f0187d7d074?s=96&d=mm&r=g","caption":"Redactor Uno"},"url":"https:\/\/www.eldiariodetucuman.com\/web\/author\/mramasco\/"}]}},"_links":{"self":[{"href":"https:\/\/www.eldiariodetucuman.com\/web\/wp-json\/wp\/v2\/posts\/22453","targetHints":{"allow":["GET"]}}],"collection":[{"href":"https:\/\/www.eldiariodetucuman.com\/web\/wp-json\/wp\/v2\/posts"}],"about":[{"href":"https:\/\/www.eldiariodetucuman.com\/web\/wp-json\/wp\/v2\/types\/post"}],"author":[{"embeddable":true,"href":"https:\/\/www.eldiariodetucuman.com\/web\/wp-json\/wp\/v2\/users\/5"}],"replies":[{"embeddable":true,"href":"https:\/\/www.eldiariodetucuman.com\/web\/wp-json\/wp\/v2\/comments?post=22453"}],"version-history":[{"count":1,"href":"https:\/\/www.eldiariodetucuman.com\/web\/wp-json\/wp\/v2\/posts\/22453\/revisions"}],"predecessor-version":[{"id":22455,"href":"https:\/\/www.eldiariodetucuman.com\/web\/wp-json\/wp\/v2\/posts\/22453\/revisions\/22455"}],"wp:featuredmedia":[{"embeddable":true,"href":"https:\/\/www.eldiariodetucuman.com\/web\/wp-json\/wp\/v2\/media\/22454"}],"wp:attachment":[{"href":"https:\/\/www.eldiariodetucuman.com\/web\/wp-json\/wp\/v2\/media?parent=22453"}],"wp:term":[{"taxonomy":"category","embeddable":true,"href":"https:\/\/www.eldiariodetucuman.com\/web\/wp-json\/wp\/v2\/categories?post=22453"},{"taxonomy":"post_tag","embeddable":true,"href":"https:\/\/www.eldiariodetucuman.com\/web\/wp-json\/wp\/v2\/tags?post=22453"}],"curies":[{"name":"wp","href":"https:\/\/api.w.org\/{rel}","templated":true}]}}