{"id":22447,"date":"2019-03-13T09:14:22","date_gmt":"2019-03-13T12:14:22","guid":{"rendered":"http:\/\/www.eldiariodetucuman.com\/web\/?p=22447"},"modified":"2019-03-13T09:14:22","modified_gmt":"2019-03-13T12:14:22","slug":"ofrecen-un-aumento-base-del-25-en-dos-partes-a-los-empleados-estatales","status":"publish","type":"post","link":"https:\/\/www.eldiariodetucuman.com\/web\/ofrecen-un-aumento-base-del-25-en-dos-partes-a-los-empleados-estatales\/","title":{"rendered":"Ofrecen un aumento base del 25% en dos partes a los empleados estatales"},"content":{"rendered":"<div class=\"ntbaj entry-summary\">El Ejecutivo encabez\u00f3 este martes una reuni\u00f3n con los gremios estatales, en el marco de las negociaciones salariales para el sector. Programaron un nuevo encuentro para la pr\u00f3xima semana.<\/div>\n<p><!--more--><\/p>\n<div class=\"nttxt entry-content\">\n<p>Este martes fue el turno del Frente de Gremios Estatales y la Uni\u00f3n de Gremios Estatales. \u201cEstamos transitando un camino donde pronto llegaremos a un consenso que favorezca a los trabajadores\u201d, remarc\u00f3 el ministro de Gobierno y Justicia, Regino Amado, que estuvo acompa\u00f1ado por su par de Econom\u00eda, Eduardo Garvich, y la secretaria de Gobierno y Justicia, Carolina Vargas Aignasse.<\/p>\n<p>El ministro Amado explic\u00f3 que con los gremios estatales tendr\u00e1n un nuevo encuentro la semana que viene. \u201cCon las boletas testigos ya armadas los trabajadores podr\u00e1n ver c\u00f3mo impacta el aumento que propusimos, que va sobre las cifras remunerativas y no remunarativas, con una base del 25% -para ser abonado en dos partes-\u201c. Y agreg\u00f3: \u201cla base ser\u00e1 el 25% y al techo lo dar\u00eda la inflaci\u00f3n, que si aumenta, activar\u00eda la cl\u00e1usula gatillo que iguala a lo que establezca el Instituto Nacional de Estad\u00edstica y Censos(INDEC) para el NOA\u201d, explic\u00f3.<\/p>\n<p>\u201cEs momento para que los gremios soliciten los puntos que quedaron inconclusos de actas anteriores. Por eso vamos a movilizar los expedientes para cumplir\u201d, sostuvo.<\/p>\n<p>Considerando a la reuni\u00f3n exitosa, Julio Parra, del Frente de Gremios Estatales, detall\u00f3 que vio buena predisposici\u00f3n en el Ejecutivo para analizar el petitorio que entregaron. \u201cEstamos en di\u00e1logo. Creemos que ser\u00e1 positivo\u201d.<\/p>\n<p>Con la misma mirada, Gustavo Salas Correa (ATE), remarc\u00f3: \u201cestamos aqu\u00ed para defender los derechos de los trabajadores\u201d. Por su parte, Andr\u00e9s Jaime, de Uni\u00f3n de Gremios Estatales revel\u00f3 que los equipos t\u00e9cnicos del sindicato trabajar\u00e1n con el Ministerio de Econom\u00eda para analizar cada punto. \u201cHemos agradecido lo que hizo el Gobernador del a\u00f1o pasado, haber sacado el mayor aumento estatal del pa\u00eds, cerca del 48%, y no permitir que la inflaci\u00f3n gane al bolsillo de los trabajadores\u201d, cerr\u00f3.<\/p>\n<p><strong>Fuente<\/strong>:\u00a0comunicaciontucuman.gob.ar<\/p>\n<\/div>\n","protected":false},"excerpt":{"rendered":"<p>El Ejecutivo encabez\u00f3 este martes una reuni\u00f3n con los gremios estatales, en el marco de las negociaciones salariales para el sector. Programaron un nuevo encuentro para la pr\u00f3xima semana.<\/p>\n","protected":false},"author":5,"featured_media":22448,"comment_status":"closed","ping_status":"open","sticky":false,"template":"","format":"standard","meta":{"footnotes":""},"categories":[2],"tags":[455,1386],"class_list":{"0":"post-22447","1":"post","2":"type-post","3":"status-publish","4":"format-standard","5":"has-post-thumbnail","7":"category-actualidad","8":"tag-empleados","9":"tag-estatales"},"yoast_head":"<!-- This site is optimized with the Yoast SEO plugin v27.4 - https:\/\/yoast.com\/product\/yoast-seo-wordpress\/ -->\n<title>Ofrecen un aumento base del 25% en dos partes a los empleados estatales - El Diario de Tucuman<\/title>\n<meta name=\"robots\" content=\"index, follow, max-snippet:-1, max-image-preview:large, max-video-preview:-1\" \/>\n<link rel=\"canonical\" href=\"https:\/\/www.eldiariodetucuman.com\/web\/ofrecen-un-aumento-base-del-25-en-dos-partes-a-los-empleados-estatales\/\" \/>\n<meta property=\"og:locale\" content=\"es_ES\" \/>\n<meta property=\"og:type\" content=\"article\" \/>\n<meta property=\"og:title\" content=\"Ofrecen un aumento base del 25% en dos partes a los empleados estatales - El Diario de Tucuman\" \/>\n<meta property=\"og:description\" content=\"El Ejecutivo encabez\u00f3 este martes una reuni\u00f3n con los gremios estatales, en el marco de las negociaciones salariales para el sector. Programaron un nuevo encuentro para la pr\u00f3xima semana.\" \/>\n<meta property=\"og:url\" content=\"https:\/\/www.eldiariodetucuman.com\/web\/ofrecen-un-aumento-base-del-25-en-dos-partes-a-los-empleados-estatales\/\" \/>\n<meta property=\"og:site_name\" content=\"El Diario de Tucuman\" \/>\n<meta property=\"article:published_time\" content=\"2019-03-13T12:14:22+00:00\" \/>\n<meta property=\"og:image\" content=\"https:\/\/www.eldiariodetucuman.com\/web\/wp-content\/uploads\/2019\/03\/empleadosestatales.jpg\" \/>\n\t<meta property=\"og:image:width\" content=\"800\" \/>\n\t<meta property=\"og:image:height\" content=\"450\" \/>\n\t<meta property=\"og:image:type\" content=\"image\/jpeg\" \/>\n<meta name=\"author\" content=\"Redactor Uno\" \/>\n<meta name=\"twitter:card\" content=\"summary_large_image\" \/>\n<meta name=\"twitter:label1\" content=\"Escrito por\" \/>\n\t<meta name=\"twitter:data1\" content=\"Redactor Uno\" \/>\n\t<meta name=\"twitter:label2\" content=\"Tiempo de lectura\" \/>\n\t<meta name=\"twitter:data2\" content=\"2 minutos\" \/>\n<script type=\"application\/ld+json\" class=\"yoast-schema-graph\">{\"@context\":\"https:\\\/\\\/schema.org\",\"@graph\":[{\"@type\":\"Article\",\"@id\":\"https:\\\/\\\/www.eldiariodetucuman.com\\\/web\\\/ofrecen-un-aumento-base-del-25-en-dos-partes-a-los-empleados-estatales\\\/#article\",\"isPartOf\":{\"@id\":\"https:\\\/\\\/www.eldiariodetucuman.com\\\/web\\\/ofrecen-un-aumento-base-del-25-en-dos-partes-a-los-empleados-estatales\\\/\"},\"author\":{\"name\":\"Redactor Uno\",\"@id\":\"https:\\\/\\\/www.eldiariodetucuman.com\\\/web\\\/#\\\/schema\\\/person\\\/7e6644a46e60888f6b868594407e08dd\"},\"headline\":\"Ofrecen un aumento base del 25% en dos partes a los empleados estatales\",\"datePublished\":\"2019-03-13T12:14:22+00:00\",\"mainEntityOfPage\":{\"@id\":\"https:\\\/\\\/www.eldiariodetucuman.com\\\/web\\\/ofrecen-un-aumento-base-del-25-en-dos-partes-a-los-empleados-estatales\\\/\"},\"wordCount\":355,\"publisher\":{\"@id\":\"https:\\\/\\\/www.eldiariodetucuman.com\\\/web\\\/#organization\"},\"image\":{\"@id\":\"https:\\\/\\\/www.eldiariodetucuman.com\\\/web\\\/ofrecen-un-aumento-base-del-25-en-dos-partes-a-los-empleados-estatales\\\/#primaryimage\"},\"thumbnailUrl\":\"https:\\\/\\\/www.eldiariodetucuman.com\\\/web\\\/wp-content\\\/uploads\\\/2019\\\/03\\\/empleadosestatales.jpg\",\"keywords\":[\"Empleados\",\"Estatales\"],\"articleSection\":[\"Actualidad\"],\"inLanguage\":\"es\"},{\"@type\":\"WebPage\",\"@id\":\"https:\\\/\\\/www.eldiariodetucuman.com\\\/web\\\/ofrecen-un-aumento-base-del-25-en-dos-partes-a-los-empleados-estatales\\\/\",\"url\":\"https:\\\/\\\/www.eldiariodetucuman.com\\\/web\\\/ofrecen-un-aumento-base-del-25-en-dos-partes-a-los-empleados-estatales\\\/\",\"name\":\"Ofrecen un aumento base del 25% en dos partes a los empleados estatales - El Diario de Tucuman\",\"isPartOf\":{\"@id\":\"https:\\\/\\\/www.eldiariodetucuman.com\\\/web\\\/#website\"},\"primaryImageOfPage\":{\"@id\":\"https:\\\/\\\/www.eldiariodetucuman.com\\\/web\\\/ofrecen-un-aumento-base-del-25-en-dos-partes-a-los-empleados-estatales\\\/#primaryimage\"},\"image\":{\"@id\":\"https:\\\/\\\/www.eldiariodetucuman.com\\\/web\\\/ofrecen-un-aumento-base-del-25-en-dos-partes-a-los-empleados-estatales\\\/#primaryimage\"},\"thumbnailUrl\":\"https:\\\/\\\/www.eldiariodetucuman.com\\\/web\\\/wp-content\\\/uploads\\\/2019\\\/03\\\/empleadosestatales.jpg\",\"datePublished\":\"2019-03-13T12:14:22+00:00\",\"breadcrumb\":{\"@id\":\"https:\\\/\\\/www.eldiariodetucuman.com\\\/web\\\/ofrecen-un-aumento-base-del-25-en-dos-partes-a-los-empleados-estatales\\\/#breadcrumb\"},\"inLanguage\":\"es\",\"potentialAction\":[{\"@type\":\"ReadAction\",\"target\":[\"https:\\\/\\\/www.eldiariodetucuman.com\\\/web\\\/ofrecen-un-aumento-base-del-25-en-dos-partes-a-los-empleados-estatales\\\/\"]}]},{\"@type\":\"ImageObject\",\"inLanguage\":\"es\",\"@id\":\"https:\\\/\\\/www.eldiariodetucuman.com\\\/web\\\/ofrecen-un-aumento-base-del-25-en-dos-partes-a-los-empleados-estatales\\\/#primaryimage\",\"url\":\"https:\\\/\\\/www.eldiariodetucuman.com\\\/web\\\/wp-content\\\/uploads\\\/2019\\\/03\\\/empleadosestatales.jpg\",\"contentUrl\":\"https:\\\/\\\/www.eldiariodetucuman.com\\\/web\\\/wp-content\\\/uploads\\\/2019\\\/03\\\/empleadosestatales.jpg\",\"width\":800,\"height\":450},{\"@type\":\"BreadcrumbList\",\"@id\":\"https:\\\/\\\/www.eldiariodetucuman.com\\\/web\\\/ofrecen-un-aumento-base-del-25-en-dos-partes-a-los-empleados-estatales\\\/#breadcrumb\",\"itemListElement\":[{\"@type\":\"ListItem\",\"position\":1,\"name\":\"Portada\",\"item\":\"https:\\\/\\\/www.eldiariodetucuman.com\\\/web\\\/\"},{\"@type\":\"ListItem\",\"position\":2,\"name\":\"Ofrecen un aumento base del 25% en dos partes a los empleados estatales\"}]},{\"@type\":\"WebSite\",\"@id\":\"https:\\\/\\\/www.eldiariodetucuman.com\\\/web\\\/#website\",\"url\":\"https:\\\/\\\/www.eldiariodetucuman.com\\\/web\\\/\",\"name\":\"El Diario de Tucuman\",\"description\":\"Diario Tucuman - Informaci\u00f3n y noticias\",\"publisher\":{\"@id\":\"https:\\\/\\\/www.eldiariodetucuman.com\\\/web\\\/#organization\"},\"potentialAction\":[{\"@type\":\"SearchAction\",\"target\":{\"@type\":\"EntryPoint\",\"urlTemplate\":\"https:\\\/\\\/www.eldiariodetucuman.com\\\/web\\\/?s={search_term_string}\"},\"query-input\":{\"@type\":\"PropertyValueSpecification\",\"valueRequired\":true,\"valueName\":\"search_term_string\"}}],\"inLanguage\":\"es\"},{\"@type\":\"Organization\",\"@id\":\"https:\\\/\\\/www.eldiariodetucuman.com\\\/web\\\/#organization\",\"name\":\"El Diario de Tucuman\",\"url\":\"https:\\\/\\\/www.eldiariodetucuman.com\\\/web\\\/\",\"logo\":{\"@type\":\"ImageObject\",\"inLanguage\":\"es\",\"@id\":\"https:\\\/\\\/www.eldiariodetucuman.com\\\/web\\\/#\\\/schema\\\/logo\\\/image\\\/\",\"url\":\"http:\\\/\\\/www.eldiariodetucuman.com\\\/web\\\/wp-content\\\/uploads\\\/2017\\\/12\\\/el-diario-de-tucuman.jpg\",\"contentUrl\":\"http:\\\/\\\/www.eldiariodetucuman.com\\\/web\\\/wp-content\\\/uploads\\\/2017\\\/12\\\/el-diario-de-tucuman.jpg\",\"width\":272,\"height\":92,\"caption\":\"El Diario de Tucuman\"},\"image\":{\"@id\":\"https:\\\/\\\/www.eldiariodetucuman.com\\\/web\\\/#\\\/schema\\\/logo\\\/image\\\/\"}},{\"@type\":\"Person\",\"@id\":\"https:\\\/\\\/www.eldiariodetucuman.com\\\/web\\\/#\\\/schema\\\/person\\\/7e6644a46e60888f6b868594407e08dd\",\"name\":\"Redactor Uno\",\"image\":{\"@type\":\"ImageObject\",\"inLanguage\":\"es\",\"@id\":\"https:\\\/\\\/secure.gravatar.com\\\/avatar\\\/0049b1bdf1bd548385c9ea6b9356431717930913089febd2ba904f0187d7d074?s=96&d=mm&r=g\",\"url\":\"https:\\\/\\\/secure.gravatar.com\\\/avatar\\\/0049b1bdf1bd548385c9ea6b9356431717930913089febd2ba904f0187d7d074?s=96&d=mm&r=g\",\"contentUrl\":\"https:\\\/\\\/secure.gravatar.com\\\/avatar\\\/0049b1bdf1bd548385c9ea6b9356431717930913089febd2ba904f0187d7d074?s=96&d=mm&r=g\",\"caption\":\"Redactor Uno\"},\"url\":\"https:\\\/\\\/www.eldiariodetucuman.com\\\/web\\\/author\\\/mramasco\\\/\"}]}<\/script>\n<!-- \/ Yoast SEO plugin. -->","yoast_head_json":{"title":"Ofrecen un aumento base del 25% en dos partes a los empleados estatales - El Diario de Tucuman","robots":{"index":"index","follow":"follow","max-snippet":"max-snippet:-1","max-image-preview":"max-image-preview:large","max-video-preview":"max-video-preview:-1"},"canonical":"https:\/\/www.eldiariodetucuman.com\/web\/ofrecen-un-aumento-base-del-25-en-dos-partes-a-los-empleados-estatales\/","og_locale":"es_ES","og_type":"article","og_title":"Ofrecen un aumento base del 25% en dos partes a los empleados estatales - El Diario de Tucuman","og_description":"El Ejecutivo encabez\u00f3 este martes una reuni\u00f3n con los gremios estatales, en el marco de las negociaciones salariales para el sector. Programaron un nuevo encuentro para la pr\u00f3xima semana.","og_url":"https:\/\/www.eldiariodetucuman.com\/web\/ofrecen-un-aumento-base-del-25-en-dos-partes-a-los-empleados-estatales\/","og_site_name":"El Diario de Tucuman","article_published_time":"2019-03-13T12:14:22+00:00","og_image":[{"width":800,"height":450,"url":"https:\/\/www.eldiariodetucuman.com\/web\/wp-content\/uploads\/2019\/03\/empleadosestatales.jpg","type":"image\/jpeg"}],"author":"Redactor Uno","twitter_card":"summary_large_image","twitter_misc":{"Escrito por":"Redactor Uno","Tiempo de lectura":"2 minutos"},"schema":{"@context":"https:\/\/schema.org","@graph":[{"@type":"Article","@id":"https:\/\/www.eldiariodetucuman.com\/web\/ofrecen-un-aumento-base-del-25-en-dos-partes-a-los-empleados-estatales\/#article","isPartOf":{"@id":"https:\/\/www.eldiariodetucuman.com\/web\/ofrecen-un-aumento-base-del-25-en-dos-partes-a-los-empleados-estatales\/"},"author":{"name":"Redactor Uno","@id":"https:\/\/www.eldiariodetucuman.com\/web\/#\/schema\/person\/7e6644a46e60888f6b868594407e08dd"},"headline":"Ofrecen un aumento base del 25% en dos partes a los empleados estatales","datePublished":"2019-03-13T12:14:22+00:00","mainEntityOfPage":{"@id":"https:\/\/www.eldiariodetucuman.com\/web\/ofrecen-un-aumento-base-del-25-en-dos-partes-a-los-empleados-estatales\/"},"wordCount":355,"publisher":{"@id":"https:\/\/www.eldiariodetucuman.com\/web\/#organization"},"image":{"@id":"https:\/\/www.eldiariodetucuman.com\/web\/ofrecen-un-aumento-base-del-25-en-dos-partes-a-los-empleados-estatales\/#primaryimage"},"thumbnailUrl":"https:\/\/www.eldiariodetucuman.com\/web\/wp-content\/uploads\/2019\/03\/empleadosestatales.jpg","keywords":["Empleados","Estatales"],"articleSection":["Actualidad"],"inLanguage":"es"},{"@type":"WebPage","@id":"https:\/\/www.eldiariodetucuman.com\/web\/ofrecen-un-aumento-base-del-25-en-dos-partes-a-los-empleados-estatales\/","url":"https:\/\/www.eldiariodetucuman.com\/web\/ofrecen-un-aumento-base-del-25-en-dos-partes-a-los-empleados-estatales\/","name":"Ofrecen un aumento base del 25% en dos partes a los empleados estatales - El Diario de Tucuman","isPartOf":{"@id":"https:\/\/www.eldiariodetucuman.com\/web\/#website"},"primaryImageOfPage":{"@id":"https:\/\/www.eldiariodetucuman.com\/web\/ofrecen-un-aumento-base-del-25-en-dos-partes-a-los-empleados-estatales\/#primaryimage"},"image":{"@id":"https:\/\/www.eldiariodetucuman.com\/web\/ofrecen-un-aumento-base-del-25-en-dos-partes-a-los-empleados-estatales\/#primaryimage"},"thumbnailUrl":"https:\/\/www.eldiariodetucuman.com\/web\/wp-content\/uploads\/2019\/03\/empleadosestatales.jpg","datePublished":"2019-03-13T12:14:22+00:00","breadcrumb":{"@id":"https:\/\/www.eldiariodetucuman.com\/web\/ofrecen-un-aumento-base-del-25-en-dos-partes-a-los-empleados-estatales\/#breadcrumb"},"inLanguage":"es","potentialAction":[{"@type":"ReadAction","target":["https:\/\/www.eldiariodetucuman.com\/web\/ofrecen-un-aumento-base-del-25-en-dos-partes-a-los-empleados-estatales\/"]}]},{"@type":"ImageObject","inLanguage":"es","@id":"https:\/\/www.eldiariodetucuman.com\/web\/ofrecen-un-aumento-base-del-25-en-dos-partes-a-los-empleados-estatales\/#primaryimage","url":"https:\/\/www.eldiariodetucuman.com\/web\/wp-content\/uploads\/2019\/03\/empleadosestatales.jpg","contentUrl":"https:\/\/www.eldiariodetucuman.com\/web\/wp-content\/uploads\/2019\/03\/empleadosestatales.jpg","width":800,"height":450},{"@type":"BreadcrumbList","@id":"https:\/\/www.eldiariodetucuman.com\/web\/ofrecen-un-aumento-base-del-25-en-dos-partes-a-los-empleados-estatales\/#breadcrumb","itemListElement":[{"@type":"ListItem","position":1,"name":"Portada","item":"https:\/\/www.eldiariodetucuman.com\/web\/"},{"@type":"ListItem","position":2,"name":"Ofrecen un aumento base del 25% en dos partes a los empleados estatales"}]},{"@type":"WebSite","@id":"https:\/\/www.eldiariodetucuman.com\/web\/#website","url":"https:\/\/www.eldiariodetucuman.com\/web\/","name":"El Diario de Tucuman","description":"Diario Tucuman - Informaci\u00f3n y noticias","publisher":{"@id":"https:\/\/www.eldiariodetucuman.com\/web\/#organization"},"potentialAction":[{"@type":"SearchAction","target":{"@type":"EntryPoint","urlTemplate":"https:\/\/www.eldiariodetucuman.com\/web\/?s={search_term_string}"},"query-input":{"@type":"PropertyValueSpecification","valueRequired":true,"valueName":"search_term_string"}}],"inLanguage":"es"},{"@type":"Organization","@id":"https:\/\/www.eldiariodetucuman.com\/web\/#organization","name":"El Diario de Tucuman","url":"https:\/\/www.eldiariodetucuman.com\/web\/","logo":{"@type":"ImageObject","inLanguage":"es","@id":"https:\/\/www.eldiariodetucuman.com\/web\/#\/schema\/logo\/image\/","url":"http:\/\/www.eldiariodetucuman.com\/web\/wp-content\/uploads\/2017\/12\/el-diario-de-tucuman.jpg","contentUrl":"http:\/\/www.eldiariodetucuman.com\/web\/wp-content\/uploads\/2017\/12\/el-diario-de-tucuman.jpg","width":272,"height":92,"caption":"El Diario de Tucuman"},"image":{"@id":"https:\/\/www.eldiariodetucuman.com\/web\/#\/schema\/logo\/image\/"}},{"@type":"Person","@id":"https:\/\/www.eldiariodetucuman.com\/web\/#\/schema\/person\/7e6644a46e60888f6b868594407e08dd","name":"Redactor Uno","image":{"@type":"ImageObject","inLanguage":"es","@id":"https:\/\/secure.gravatar.com\/avatar\/0049b1bdf1bd548385c9ea6b9356431717930913089febd2ba904f0187d7d074?s=96&d=mm&r=g","url":"https:\/\/secure.gravatar.com\/avatar\/0049b1bdf1bd548385c9ea6b9356431717930913089febd2ba904f0187d7d074?s=96&d=mm&r=g","contentUrl":"https:\/\/secure.gravatar.com\/avatar\/0049b1bdf1bd548385c9ea6b9356431717930913089febd2ba904f0187d7d074?s=96&d=mm&r=g","caption":"Redactor Uno"},"url":"https:\/\/www.eldiariodetucuman.com\/web\/author\/mramasco\/"}]}},"_links":{"self":[{"href":"https:\/\/www.eldiariodetucuman.com\/web\/wp-json\/wp\/v2\/posts\/22447","targetHints":{"allow":["GET"]}}],"collection":[{"href":"https:\/\/www.eldiariodetucuman.com\/web\/wp-json\/wp\/v2\/posts"}],"about":[{"href":"https:\/\/www.eldiariodetucuman.com\/web\/wp-json\/wp\/v2\/types\/post"}],"author":[{"embeddable":true,"href":"https:\/\/www.eldiariodetucuman.com\/web\/wp-json\/wp\/v2\/users\/5"}],"replies":[{"embeddable":true,"href":"https:\/\/www.eldiariodetucuman.com\/web\/wp-json\/wp\/v2\/comments?post=22447"}],"version-history":[{"count":1,"href":"https:\/\/www.eldiariodetucuman.com\/web\/wp-json\/wp\/v2\/posts\/22447\/revisions"}],"predecessor-version":[{"id":22449,"href":"https:\/\/www.eldiariodetucuman.com\/web\/wp-json\/wp\/v2\/posts\/22447\/revisions\/22449"}],"wp:featuredmedia":[{"embeddable":true,"href":"https:\/\/www.eldiariodetucuman.com\/web\/wp-json\/wp\/v2\/media\/22448"}],"wp:attachment":[{"href":"https:\/\/www.eldiariodetucuman.com\/web\/wp-json\/wp\/v2\/media?parent=22447"}],"wp:term":[{"taxonomy":"category","embeddable":true,"href":"https:\/\/www.eldiariodetucuman.com\/web\/wp-json\/wp\/v2\/categories?post=22447"},{"taxonomy":"post_tag","embeddable":true,"href":"https:\/\/www.eldiariodetucuman.com\/web\/wp-json\/wp\/v2\/tags?post=22447"}],"curies":[{"name":"wp","href":"https:\/\/api.w.org\/{rel}","templated":true}]}}