{"id":22377,"date":"2019-03-07T14:12:15","date_gmt":"2019-03-07T17:12:15","guid":{"rendered":"http:\/\/www.eldiariodetucuman.com\/web\/?p=22377"},"modified":"2019-03-07T14:12:15","modified_gmt":"2019-03-07T17:12:15","slug":"el-dolar-se-escapa-y-el-gobierno-nacional-no-puede-frenarlo","status":"publish","type":"post","link":"https:\/\/www.eldiariodetucuman.com\/web\/el-dolar-se-escapa-y-el-gobierno-nacional-no-puede-frenarlo\/","title":{"rendered":"El dolar se escapa y el gobierno nacional no puede frenarlo"},"content":{"rendered":"<div class=\"node-header is-margin-tb\">\n<div class=\"node-content teaser is-four-fifths-desktop is-margin-t\"><\/div>\n<\/div>\n<div class=\"node-main columns\">\n<div class=\"column main-content is-three-quarters-desktop is-three-fifths-tablet\">\n<div class=\"is-relative\">\n<p>Dos horas despu\u00e9s de la apertura de los mercados, el d\u00f3lar volvi\u00f3 a escalar\u00a0en el Banco Naci\u00f3n\u00a0y super\u00f3 los 42 pesos. En bancos privados y casas de cambio se lleg\u00f3 a vender por encima de los 42,60 pesos en promedio. Por caso, el Banco Galicia lo ofrece a 42,80 pesos y 42,65 pesos en el ICBC.<\/p>\n<\/div>\n<\/div>\n<\/div>\n<p><!--more--><\/p>\n<p>En medio de la nueva suba del d\u00f3lar, el ministro de Trabajo y Producci\u00f3n, Dante Sica, afirm\u00f3 que el Gobierno \u00abno encuentra todav\u00eda causas de preocupaci\u00f3n con respecto al tipo de cambio\u00bb y subray\u00f3 en ese sentido que hay \u00abuna pol\u00edtica de cambio definida\u00bb desde la administraci\u00f3n nacional.<\/p>\n<p>\u00abTuvimos dos d\u00edas feriados, algunos movimientos externos. No encontramos causa de preocupaci\u00f3n respecto al tipo de cambio\u00bb, asegur\u00f3 el funcionario, mientras la moneda estadounidense cotizaba al mediod\u00eda a\u00a042,60 pesos para la venta.<\/p>\n<p>El d\u00f3lar minorista comenz\u00f3 a operar esta ma\u00f1ana en el Banco Naci\u00f3n a 39,80 pesos para la compra y 41,60 pesos para la venta, aunque al poco tiempo pic\u00f3 alto hasta los 41,90. Al mediod\u00eda, se empez\u00f3 a vender a los 42,60. Luego retrocedi\u00f3 levemente hasta 42,40.<\/p>\n<p>El pico de hoy super\u00f3 inclusive la suba de 41,94 alcanzada\u00a0el 28 de septiembre del a\u00f1o pasado.<\/p>\n","protected":false},"excerpt":{"rendered":"<p>Dos horas despu\u00e9s de la apertura de los mercados, el d\u00f3lar volvi\u00f3 a escalar\u00a0en el Banco Naci\u00f3n\u00a0y super\u00f3 los 42 pesos. En bancos privados y casas de cambio se lleg\u00f3 a vender por encima de los 42,60 pesos en promedio. Por caso, el Banco Galicia lo ofrece a 42,80 pesos y 42,65 pesos en el [&hellip;]<\/p>\n","protected":false},"author":3,"featured_media":22378,"comment_status":"closed","ping_status":"open","sticky":false,"template":"","format":"standard","meta":{"footnotes":""},"categories":[3],"tags":[],"class_list":{"0":"post-22377","1":"post","2":"type-post","3":"status-publish","4":"format-standard","5":"has-post-thumbnail","7":"category-politica"},"yoast_head":"<!-- This site is optimized with the Yoast SEO plugin v27.4 - https:\/\/yoast.com\/product\/yoast-seo-wordpress\/ -->\n<title>El dolar se escapa y el gobierno nacional no puede frenarlo - El Diario de Tucuman<\/title>\n<meta name=\"robots\" content=\"index, follow, max-snippet:-1, max-image-preview:large, max-video-preview:-1\" \/>\n<link rel=\"canonical\" href=\"https:\/\/www.eldiariodetucuman.com\/web\/el-dolar-se-escapa-y-el-gobierno-nacional-no-puede-frenarlo\/\" \/>\n<meta property=\"og:locale\" content=\"es_ES\" \/>\n<meta property=\"og:type\" content=\"article\" \/>\n<meta property=\"og:title\" content=\"El dolar se escapa y el gobierno nacional no puede frenarlo - El Diario de Tucuman\" \/>\n<meta property=\"og:description\" content=\"Dos horas despu\u00e9s de la apertura de los mercados, el d\u00f3lar volvi\u00f3 a escalar\u00a0en el Banco Naci\u00f3n\u00a0y super\u00f3 los 42 pesos. En bancos privados y casas de cambio se lleg\u00f3 a vender por encima de los 42,60 pesos en promedio. Por caso, el Banco Galicia lo ofrece a 42,80 pesos y 42,65 pesos en el [&hellip;]\" \/>\n<meta property=\"og:url\" content=\"https:\/\/www.eldiariodetucuman.com\/web\/el-dolar-se-escapa-y-el-gobierno-nacional-no-puede-frenarlo\/\" \/>\n<meta property=\"og:site_name\" content=\"El Diario de Tucuman\" \/>\n<meta property=\"article:published_time\" content=\"2019-03-07T17:12:15+00:00\" \/>\n<meta property=\"og:image\" content=\"https:\/\/www.eldiariodetucuman.com\/web\/wp-content\/uploads\/2019\/03\/Macri-dolar.jpg\" \/>\n\t<meta property=\"og:image:width\" content=\"611\" \/>\n\t<meta property=\"og:image:height\" content=\"308\" \/>\n\t<meta property=\"og:image:type\" content=\"image\/jpeg\" \/>\n<meta name=\"author\" content=\"El diario de Tucuman\" \/>\n<meta name=\"twitter:card\" content=\"summary_large_image\" \/>\n<meta name=\"twitter:label1\" content=\"Escrito por\" \/>\n\t<meta name=\"twitter:data1\" content=\"El diario de Tucuman\" \/>\n\t<meta name=\"twitter:label2\" content=\"Tiempo de lectura\" \/>\n\t<meta name=\"twitter:data2\" content=\"1 minuto\" \/>\n<script type=\"application\/ld+json\" class=\"yoast-schema-graph\">{\"@context\":\"https:\\\/\\\/schema.org\",\"@graph\":[{\"@type\":\"Article\",\"@id\":\"https:\\\/\\\/www.eldiariodetucuman.com\\\/web\\\/el-dolar-se-escapa-y-el-gobierno-nacional-no-puede-frenarlo\\\/#article\",\"isPartOf\":{\"@id\":\"https:\\\/\\\/www.eldiariodetucuman.com\\\/web\\\/el-dolar-se-escapa-y-el-gobierno-nacional-no-puede-frenarlo\\\/\"},\"author\":{\"name\":\"El diario de Tucuman\",\"@id\":\"https:\\\/\\\/www.eldiariodetucuman.com\\\/web\\\/#\\\/schema\\\/person\\\/3adbe300ecd6242af93c97dab1dc3ba1\"},\"headline\":\"El dolar se escapa y el gobierno nacional no puede frenarlo\",\"datePublished\":\"2019-03-07T17:12:15+00:00\",\"mainEntityOfPage\":{\"@id\":\"https:\\\/\\\/www.eldiariodetucuman.com\\\/web\\\/el-dolar-se-escapa-y-el-gobierno-nacional-no-puede-frenarlo\\\/\"},\"wordCount\":220,\"publisher\":{\"@id\":\"https:\\\/\\\/www.eldiariodetucuman.com\\\/web\\\/#organization\"},\"image\":{\"@id\":\"https:\\\/\\\/www.eldiariodetucuman.com\\\/web\\\/el-dolar-se-escapa-y-el-gobierno-nacional-no-puede-frenarlo\\\/#primaryimage\"},\"thumbnailUrl\":\"https:\\\/\\\/www.eldiariodetucuman.com\\\/web\\\/wp-content\\\/uploads\\\/2019\\\/03\\\/Macri-dolar.jpg\",\"articleSection\":[\"Politica\"],\"inLanguage\":\"es\"},{\"@type\":\"WebPage\",\"@id\":\"https:\\\/\\\/www.eldiariodetucuman.com\\\/web\\\/el-dolar-se-escapa-y-el-gobierno-nacional-no-puede-frenarlo\\\/\",\"url\":\"https:\\\/\\\/www.eldiariodetucuman.com\\\/web\\\/el-dolar-se-escapa-y-el-gobierno-nacional-no-puede-frenarlo\\\/\",\"name\":\"El dolar se escapa y el gobierno nacional no puede frenarlo - El Diario de Tucuman\",\"isPartOf\":{\"@id\":\"https:\\\/\\\/www.eldiariodetucuman.com\\\/web\\\/#website\"},\"primaryImageOfPage\":{\"@id\":\"https:\\\/\\\/www.eldiariodetucuman.com\\\/web\\\/el-dolar-se-escapa-y-el-gobierno-nacional-no-puede-frenarlo\\\/#primaryimage\"},\"image\":{\"@id\":\"https:\\\/\\\/www.eldiariodetucuman.com\\\/web\\\/el-dolar-se-escapa-y-el-gobierno-nacional-no-puede-frenarlo\\\/#primaryimage\"},\"thumbnailUrl\":\"https:\\\/\\\/www.eldiariodetucuman.com\\\/web\\\/wp-content\\\/uploads\\\/2019\\\/03\\\/Macri-dolar.jpg\",\"datePublished\":\"2019-03-07T17:12:15+00:00\",\"breadcrumb\":{\"@id\":\"https:\\\/\\\/www.eldiariodetucuman.com\\\/web\\\/el-dolar-se-escapa-y-el-gobierno-nacional-no-puede-frenarlo\\\/#breadcrumb\"},\"inLanguage\":\"es\",\"potentialAction\":[{\"@type\":\"ReadAction\",\"target\":[\"https:\\\/\\\/www.eldiariodetucuman.com\\\/web\\\/el-dolar-se-escapa-y-el-gobierno-nacional-no-puede-frenarlo\\\/\"]}]},{\"@type\":\"ImageObject\",\"inLanguage\":\"es\",\"@id\":\"https:\\\/\\\/www.eldiariodetucuman.com\\\/web\\\/el-dolar-se-escapa-y-el-gobierno-nacional-no-puede-frenarlo\\\/#primaryimage\",\"url\":\"https:\\\/\\\/www.eldiariodetucuman.com\\\/web\\\/wp-content\\\/uploads\\\/2019\\\/03\\\/Macri-dolar.jpg\",\"contentUrl\":\"https:\\\/\\\/www.eldiariodetucuman.com\\\/web\\\/wp-content\\\/uploads\\\/2019\\\/03\\\/Macri-dolar.jpg\",\"width\":611,\"height\":308},{\"@type\":\"BreadcrumbList\",\"@id\":\"https:\\\/\\\/www.eldiariodetucuman.com\\\/web\\\/el-dolar-se-escapa-y-el-gobierno-nacional-no-puede-frenarlo\\\/#breadcrumb\",\"itemListElement\":[{\"@type\":\"ListItem\",\"position\":1,\"name\":\"Portada\",\"item\":\"https:\\\/\\\/www.eldiariodetucuman.com\\\/web\\\/\"},{\"@type\":\"ListItem\",\"position\":2,\"name\":\"El dolar se escapa y el gobierno nacional no puede frenarlo\"}]},{\"@type\":\"WebSite\",\"@id\":\"https:\\\/\\\/www.eldiariodetucuman.com\\\/web\\\/#website\",\"url\":\"https:\\\/\\\/www.eldiariodetucuman.com\\\/web\\\/\",\"name\":\"El Diario de Tucuman\",\"description\":\"Diario Tucuman - Informaci\u00f3n y noticias\",\"publisher\":{\"@id\":\"https:\\\/\\\/www.eldiariodetucuman.com\\\/web\\\/#organization\"},\"potentialAction\":[{\"@type\":\"SearchAction\",\"target\":{\"@type\":\"EntryPoint\",\"urlTemplate\":\"https:\\\/\\\/www.eldiariodetucuman.com\\\/web\\\/?s={search_term_string}\"},\"query-input\":{\"@type\":\"PropertyValueSpecification\",\"valueRequired\":true,\"valueName\":\"search_term_string\"}}],\"inLanguage\":\"es\"},{\"@type\":\"Organization\",\"@id\":\"https:\\\/\\\/www.eldiariodetucuman.com\\\/web\\\/#organization\",\"name\":\"El Diario de Tucuman\",\"url\":\"https:\\\/\\\/www.eldiariodetucuman.com\\\/web\\\/\",\"logo\":{\"@type\":\"ImageObject\",\"inLanguage\":\"es\",\"@id\":\"https:\\\/\\\/www.eldiariodetucuman.com\\\/web\\\/#\\\/schema\\\/logo\\\/image\\\/\",\"url\":\"http:\\\/\\\/www.eldiariodetucuman.com\\\/web\\\/wp-content\\\/uploads\\\/2017\\\/12\\\/el-diario-de-tucuman.jpg\",\"contentUrl\":\"http:\\\/\\\/www.eldiariodetucuman.com\\\/web\\\/wp-content\\\/uploads\\\/2017\\\/12\\\/el-diario-de-tucuman.jpg\",\"width\":272,\"height\":92,\"caption\":\"El Diario de Tucuman\"},\"image\":{\"@id\":\"https:\\\/\\\/www.eldiariodetucuman.com\\\/web\\\/#\\\/schema\\\/logo\\\/image\\\/\"}},{\"@type\":\"Person\",\"@id\":\"https:\\\/\\\/www.eldiariodetucuman.com\\\/web\\\/#\\\/schema\\\/person\\\/3adbe300ecd6242af93c97dab1dc3ba1\",\"name\":\"El diario de Tucuman\",\"image\":{\"@type\":\"ImageObject\",\"inLanguage\":\"es\",\"@id\":\"https:\\\/\\\/secure.gravatar.com\\\/avatar\\\/b7214de193b24d0bd708ac5516aa13d0f20c6560795bfbee06857d5c8ac2f0b2?s=96&d=mm&r=g\",\"url\":\"https:\\\/\\\/secure.gravatar.com\\\/avatar\\\/b7214de193b24d0bd708ac5516aa13d0f20c6560795bfbee06857d5c8ac2f0b2?s=96&d=mm&r=g\",\"contentUrl\":\"https:\\\/\\\/secure.gravatar.com\\\/avatar\\\/b7214de193b24d0bd708ac5516aa13d0f20c6560795bfbee06857d5c8ac2f0b2?s=96&d=mm&r=g\",\"caption\":\"El diario de Tucuman\"},\"url\":\"https:\\\/\\\/www.eldiariodetucuman.com\\\/web\\\/author\\\/mgiobellina\\\/\"}]}<\/script>\n<!-- \/ Yoast SEO plugin. -->","yoast_head_json":{"title":"El dolar se escapa y el gobierno nacional no puede frenarlo - El Diario de Tucuman","robots":{"index":"index","follow":"follow","max-snippet":"max-snippet:-1","max-image-preview":"max-image-preview:large","max-video-preview":"max-video-preview:-1"},"canonical":"https:\/\/www.eldiariodetucuman.com\/web\/el-dolar-se-escapa-y-el-gobierno-nacional-no-puede-frenarlo\/","og_locale":"es_ES","og_type":"article","og_title":"El dolar se escapa y el gobierno nacional no puede frenarlo - El Diario de Tucuman","og_description":"Dos horas despu\u00e9s de la apertura de los mercados, el d\u00f3lar volvi\u00f3 a escalar\u00a0en el Banco Naci\u00f3n\u00a0y super\u00f3 los 42 pesos. En bancos privados y casas de cambio se lleg\u00f3 a vender por encima de los 42,60 pesos en promedio. Por caso, el Banco Galicia lo ofrece a 42,80 pesos y 42,65 pesos en el [&hellip;]","og_url":"https:\/\/www.eldiariodetucuman.com\/web\/el-dolar-se-escapa-y-el-gobierno-nacional-no-puede-frenarlo\/","og_site_name":"El Diario de Tucuman","article_published_time":"2019-03-07T17:12:15+00:00","og_image":[{"width":611,"height":308,"url":"https:\/\/www.eldiariodetucuman.com\/web\/wp-content\/uploads\/2019\/03\/Macri-dolar.jpg","type":"image\/jpeg"}],"author":"El diario de Tucuman","twitter_card":"summary_large_image","twitter_misc":{"Escrito por":"El diario de Tucuman","Tiempo de lectura":"1 minuto"},"schema":{"@context":"https:\/\/schema.org","@graph":[{"@type":"Article","@id":"https:\/\/www.eldiariodetucuman.com\/web\/el-dolar-se-escapa-y-el-gobierno-nacional-no-puede-frenarlo\/#article","isPartOf":{"@id":"https:\/\/www.eldiariodetucuman.com\/web\/el-dolar-se-escapa-y-el-gobierno-nacional-no-puede-frenarlo\/"},"author":{"name":"El diario de Tucuman","@id":"https:\/\/www.eldiariodetucuman.com\/web\/#\/schema\/person\/3adbe300ecd6242af93c97dab1dc3ba1"},"headline":"El dolar se escapa y el gobierno nacional no puede frenarlo","datePublished":"2019-03-07T17:12:15+00:00","mainEntityOfPage":{"@id":"https:\/\/www.eldiariodetucuman.com\/web\/el-dolar-se-escapa-y-el-gobierno-nacional-no-puede-frenarlo\/"},"wordCount":220,"publisher":{"@id":"https:\/\/www.eldiariodetucuman.com\/web\/#organization"},"image":{"@id":"https:\/\/www.eldiariodetucuman.com\/web\/el-dolar-se-escapa-y-el-gobierno-nacional-no-puede-frenarlo\/#primaryimage"},"thumbnailUrl":"https:\/\/www.eldiariodetucuman.com\/web\/wp-content\/uploads\/2019\/03\/Macri-dolar.jpg","articleSection":["Politica"],"inLanguage":"es"},{"@type":"WebPage","@id":"https:\/\/www.eldiariodetucuman.com\/web\/el-dolar-se-escapa-y-el-gobierno-nacional-no-puede-frenarlo\/","url":"https:\/\/www.eldiariodetucuman.com\/web\/el-dolar-se-escapa-y-el-gobierno-nacional-no-puede-frenarlo\/","name":"El dolar se escapa y el gobierno nacional no puede frenarlo - El Diario de Tucuman","isPartOf":{"@id":"https:\/\/www.eldiariodetucuman.com\/web\/#website"},"primaryImageOfPage":{"@id":"https:\/\/www.eldiariodetucuman.com\/web\/el-dolar-se-escapa-y-el-gobierno-nacional-no-puede-frenarlo\/#primaryimage"},"image":{"@id":"https:\/\/www.eldiariodetucuman.com\/web\/el-dolar-se-escapa-y-el-gobierno-nacional-no-puede-frenarlo\/#primaryimage"},"thumbnailUrl":"https:\/\/www.eldiariodetucuman.com\/web\/wp-content\/uploads\/2019\/03\/Macri-dolar.jpg","datePublished":"2019-03-07T17:12:15+00:00","breadcrumb":{"@id":"https:\/\/www.eldiariodetucuman.com\/web\/el-dolar-se-escapa-y-el-gobierno-nacional-no-puede-frenarlo\/#breadcrumb"},"inLanguage":"es","potentialAction":[{"@type":"ReadAction","target":["https:\/\/www.eldiariodetucuman.com\/web\/el-dolar-se-escapa-y-el-gobierno-nacional-no-puede-frenarlo\/"]}]},{"@type":"ImageObject","inLanguage":"es","@id":"https:\/\/www.eldiariodetucuman.com\/web\/el-dolar-se-escapa-y-el-gobierno-nacional-no-puede-frenarlo\/#primaryimage","url":"https:\/\/www.eldiariodetucuman.com\/web\/wp-content\/uploads\/2019\/03\/Macri-dolar.jpg","contentUrl":"https:\/\/www.eldiariodetucuman.com\/web\/wp-content\/uploads\/2019\/03\/Macri-dolar.jpg","width":611,"height":308},{"@type":"BreadcrumbList","@id":"https:\/\/www.eldiariodetucuman.com\/web\/el-dolar-se-escapa-y-el-gobierno-nacional-no-puede-frenarlo\/#breadcrumb","itemListElement":[{"@type":"ListItem","position":1,"name":"Portada","item":"https:\/\/www.eldiariodetucuman.com\/web\/"},{"@type":"ListItem","position":2,"name":"El dolar se escapa y el gobierno nacional no puede frenarlo"}]},{"@type":"WebSite","@id":"https:\/\/www.eldiariodetucuman.com\/web\/#website","url":"https:\/\/www.eldiariodetucuman.com\/web\/","name":"El Diario de Tucuman","description":"Diario Tucuman - Informaci\u00f3n y noticias","publisher":{"@id":"https:\/\/www.eldiariodetucuman.com\/web\/#organization"},"potentialAction":[{"@type":"SearchAction","target":{"@type":"EntryPoint","urlTemplate":"https:\/\/www.eldiariodetucuman.com\/web\/?s={search_term_string}"},"query-input":{"@type":"PropertyValueSpecification","valueRequired":true,"valueName":"search_term_string"}}],"inLanguage":"es"},{"@type":"Organization","@id":"https:\/\/www.eldiariodetucuman.com\/web\/#organization","name":"El Diario de Tucuman","url":"https:\/\/www.eldiariodetucuman.com\/web\/","logo":{"@type":"ImageObject","inLanguage":"es","@id":"https:\/\/www.eldiariodetucuman.com\/web\/#\/schema\/logo\/image\/","url":"http:\/\/www.eldiariodetucuman.com\/web\/wp-content\/uploads\/2017\/12\/el-diario-de-tucuman.jpg","contentUrl":"http:\/\/www.eldiariodetucuman.com\/web\/wp-content\/uploads\/2017\/12\/el-diario-de-tucuman.jpg","width":272,"height":92,"caption":"El Diario de Tucuman"},"image":{"@id":"https:\/\/www.eldiariodetucuman.com\/web\/#\/schema\/logo\/image\/"}},{"@type":"Person","@id":"https:\/\/www.eldiariodetucuman.com\/web\/#\/schema\/person\/3adbe300ecd6242af93c97dab1dc3ba1","name":"El diario de Tucuman","image":{"@type":"ImageObject","inLanguage":"es","@id":"https:\/\/secure.gravatar.com\/avatar\/b7214de193b24d0bd708ac5516aa13d0f20c6560795bfbee06857d5c8ac2f0b2?s=96&d=mm&r=g","url":"https:\/\/secure.gravatar.com\/avatar\/b7214de193b24d0bd708ac5516aa13d0f20c6560795bfbee06857d5c8ac2f0b2?s=96&d=mm&r=g","contentUrl":"https:\/\/secure.gravatar.com\/avatar\/b7214de193b24d0bd708ac5516aa13d0f20c6560795bfbee06857d5c8ac2f0b2?s=96&d=mm&r=g","caption":"El diario de Tucuman"},"url":"https:\/\/www.eldiariodetucuman.com\/web\/author\/mgiobellina\/"}]}},"_links":{"self":[{"href":"https:\/\/www.eldiariodetucuman.com\/web\/wp-json\/wp\/v2\/posts\/22377","targetHints":{"allow":["GET"]}}],"collection":[{"href":"https:\/\/www.eldiariodetucuman.com\/web\/wp-json\/wp\/v2\/posts"}],"about":[{"href":"https:\/\/www.eldiariodetucuman.com\/web\/wp-json\/wp\/v2\/types\/post"}],"author":[{"embeddable":true,"href":"https:\/\/www.eldiariodetucuman.com\/web\/wp-json\/wp\/v2\/users\/3"}],"replies":[{"embeddable":true,"href":"https:\/\/www.eldiariodetucuman.com\/web\/wp-json\/wp\/v2\/comments?post=22377"}],"version-history":[{"count":1,"href":"https:\/\/www.eldiariodetucuman.com\/web\/wp-json\/wp\/v2\/posts\/22377\/revisions"}],"predecessor-version":[{"id":22379,"href":"https:\/\/www.eldiariodetucuman.com\/web\/wp-json\/wp\/v2\/posts\/22377\/revisions\/22379"}],"wp:featuredmedia":[{"embeddable":true,"href":"https:\/\/www.eldiariodetucuman.com\/web\/wp-json\/wp\/v2\/media\/22378"}],"wp:attachment":[{"href":"https:\/\/www.eldiariodetucuman.com\/web\/wp-json\/wp\/v2\/media?parent=22377"}],"wp:term":[{"taxonomy":"category","embeddable":true,"href":"https:\/\/www.eldiariodetucuman.com\/web\/wp-json\/wp\/v2\/categories?post=22377"},{"taxonomy":"post_tag","embeddable":true,"href":"https:\/\/www.eldiariodetucuman.com\/web\/wp-json\/wp\/v2\/tags?post=22377"}],"curies":[{"name":"wp","href":"https:\/\/api.w.org\/{rel}","templated":true}]}}