{"id":22371,"date":"2019-03-07T13:49:05","date_gmt":"2019-03-07T16:49:05","guid":{"rendered":"http:\/\/www.eldiariodetucuman.com\/web\/?p=22371"},"modified":"2019-03-07T13:49:05","modified_gmt":"2019-03-07T16:49:05","slug":"en-el-barrio-24-de-septiembre-optimizan-los-servicios-de-cloacas","status":"publish","type":"post","link":"https:\/\/www.eldiariodetucuman.com\/web\/en-el-barrio-24-de-septiembre-optimizan-los-servicios-de-cloacas\/","title":{"rendered":"En el barrio 24 de Septiembre optimizan los servicios de cloacas"},"content":{"rendered":"<p class=\"selectionShareable\">El gobernador,\u00a0<strong>Juan Manzur<\/strong>, supervis\u00f3 este jueves las obras que ejecuta la Sociedad Aguas del Tucum\u00e1n (SAT) en el barrio 24 de Septiembre, para renovar la red colectora cloacal.<!--more--><\/p>\n<blockquote>\n<p class=\"selectionShareable\">Con mi equipo de trabajo y la SAT todos los d\u00edas estamos dando respuestas. Es una obra que finaliza en 10 d\u00edas y ser\u00e1 una tarea cumplida para los vecinos del barrio 24 de Septiembre. Estos son ca\u00f1os con m\u00e1s de 50 a\u00f1os de uso y hoy estamos dando soluciones concretas\u201d, se\u00f1al\u00f3 Manzur luego de recorrer las obras y dialogar con los vecinos.<\/p>\n<\/blockquote>\n<p class=\"selectionShareable\">El Primer Mandatario afirm\u00f3 el compromiso del Gobierno en la <a href=\"http:\/\/comunicaciontucuman.gob.ar\/2019\/03\/en-el-barrio-24-de-septiembre-optimizan-los-servicios-de-cloacas\/\">renovaci\u00f3n de ca\u00f1er\u00edas<\/a> en todos los barrios de la capital. \u201cTodos los d\u00edas se trabaja para que todo San Miguel de <a href=\"http:\/\/www.eldiariodetucuman.com\">Tucum\u00e1n<\/a> tenga el servicio de agua potable y red de cloacas como corresponde\u201d, expres\u00f3.<\/p>\n<div id=\"gallery-1\" class=\"gallery galleryid-195172 gallery-columns-3 gallery-size-medium\">\n<dl class=\"gallery-item\">\n<dt class=\"gallery-icon landscape\"><a href=\"http:\/\/comunicaciontucuman.gob.ar\/wp-content\/uploads\/2019\/03\/Manzur-vecinos-LS-2.jpg\" rel=\"prettyPhoto[pp_gal]\"><img loading=\"lazy\" decoding=\"async\" class=\"attachment-medium disappear appear\" src=\"http:\/\/comunicaciontucuman.gob.ar\/wp-content\/uploads\/2019\/03\/Manzur-vecinos-LS-2-300x166.jpg\" alt=\"Manzur-vecinos-LS-2\" width=\"300\" height=\"166\" \/><\/a><\/dt>\n<\/dl>\n<dl class=\"gallery-item\">\n<dt class=\"gallery-icon landscape\"><a href=\"http:\/\/comunicaciontucuman.gob.ar\/wp-content\/uploads\/2019\/03\/Manzur-obra-SAT-LS-6.jpg\" rel=\"prettyPhoto[pp_gal]\"><img loading=\"lazy\" decoding=\"async\" class=\"attachment-medium disappear appear\" src=\"http:\/\/comunicaciontucuman.gob.ar\/wp-content\/uploads\/2019\/03\/Manzur-obra-SAT-LS-6-300x166.jpg\" alt=\"Manzur-obra-SAT-LS-6\" width=\"300\" height=\"166\" \/><\/a><\/dt>\n<\/dl>\n<dl class=\"gallery-item\">\n<dt class=\"gallery-icon landscape\"><a href=\"http:\/\/comunicaciontucuman.gob.ar\/wp-content\/uploads\/2019\/03\/Manzur-obra-SAT-LS-2.jpg\" rel=\"prettyPhoto[pp_gal]\"><img loading=\"lazy\" decoding=\"async\" class=\"attachment-medium disappear appear\" src=\"http:\/\/comunicaciontucuman.gob.ar\/wp-content\/uploads\/2019\/03\/Manzur-obra-SAT-LS-2-300x166.jpg\" alt=\"Manzur-obra-SAT-LS-2\" width=\"300\" height=\"166\" \/><\/a><\/dt>\n<\/dl>\n<\/div>\n<blockquote class=\"mom_quote \"><p>Los trabajos se iniciaron\u00a0hace dos semanas y se ejecutan sobre la calle Alsina 2.300 en la capital tucumana y tienen como objetivo reemplazar la antigua red que funcionaba en la zona, ya que presentaba fallas debido a su antig\u00fcedad.<\/p>\n<p class=\"selectionShareable\">Las obras se realizan con fondos provinciales con una inversi\u00f3n de $1.150.379,62 y benefician a un total de 1.500 vecinos de la zona. Se contempla la renovaci\u00f3n de 300 metros de ca\u00f1er\u00eda cloacal, cuatro empalmes a la red cloacal, la instalaci\u00f3n de nuevas redes y 50 interconexiones al sistema.<\/p>\n<\/blockquote>\n<div id=\"gallery-2\" class=\"gallery galleryid-195172 gallery-columns-4 gallery-size-medium\">\n<dl class=\"gallery-item\">\n<dt class=\"gallery-icon landscape\"><a href=\"http:\/\/comunicaciontucuman.gob.ar\/wp-content\/uploads\/2019\/03\/Obra-SAT-LS-3.jpg\" rel=\"prettyPhoto[pp_gal]\"><img loading=\"lazy\" decoding=\"async\" class=\"attachment-medium disappear appear\" src=\"http:\/\/comunicaciontucuman.gob.ar\/wp-content\/uploads\/2019\/03\/Obra-SAT-LS-3-300x166.jpg\" alt=\"Obra-SAT-LS-3\" width=\"300\" height=\"166\" \/><\/a><\/dt>\n<\/dl>\n<dl class=\"gallery-item\">\n<dt class=\"gallery-icon landscape\"><a href=\"http:\/\/comunicaciontucuman.gob.ar\/wp-content\/uploads\/2019\/03\/Obra-SAT-LS.jpg\" rel=\"prettyPhoto[pp_gal]\"><img loading=\"lazy\" decoding=\"async\" class=\"attachment-medium disappear appear\" src=\"http:\/\/comunicaciontucuman.gob.ar\/wp-content\/uploads\/2019\/03\/Obra-SAT-LS-300x166.jpg\" alt=\"Obra-SAT-LS\" width=\"300\" height=\"166\" \/><\/a><\/dt>\n<\/dl>\n<dl class=\"gallery-item\">\n<dt class=\"gallery-icon landscape\"><a href=\"http:\/\/comunicaciontucuman.gob.ar\/wp-content\/uploads\/2019\/03\/Manzur-obra-SAT-LS-6.jpg\" rel=\"prettyPhoto[pp_gal]\"><img loading=\"lazy\" decoding=\"async\" class=\"attachment-medium disappear appear\" src=\"http:\/\/comunicaciontucuman.gob.ar\/wp-content\/uploads\/2019\/03\/Manzur-obra-SAT-LS-6-300x166.jpg\" alt=\"Manzur-obra-SAT-LS-6\" width=\"300\" height=\"166\" \/><\/a><\/dt>\n<\/dl>\n<dl class=\"gallery-item\">\n<dt class=\"gallery-icon landscape\"><a href=\"http:\/\/comunicaciontucuman.gob.ar\/wp-content\/uploads\/2019\/03\/Manzur-obra-SAT-LS-3.jpg\" rel=\"prettyPhoto[pp_gal]\"><img loading=\"lazy\" decoding=\"async\" class=\"attachment-medium disappear appear\" src=\"http:\/\/comunicaciontucuman.gob.ar\/wp-content\/uploads\/2019\/03\/Manzur-obra-SAT-LS-3-300x166.jpg\" alt=\"Manzur-obra-SAT-LS-3\" width=\"300\" height=\"166\" \/><\/a><\/dt>\n<\/dl>\n<\/div>\n<p class=\"selectionShareable\">El Gobernador estuvo acompa\u00f1ado por\u00a0el titular de la SAT,\u00a0<strong>Fernanado Baratelli\u00a0<\/strong>y\u00a0la legisladora<strong>\u00a0Elena Cortalezzi.<\/strong><\/p>\n<p class=\"selectionShareable\">Por su parte, Cortalezzi dijo que \u201ceste era un deseo de los vecinos y como bien dijo nuestro Gobernador estas obras benefician a muchas familias. Nuestro compromiso es que el vecino se sienta conforme porque es un deber de nosotros y un derecho de los ciudadanos vivir mejor cada d\u00eda\u201d.<\/p>\n","protected":false},"excerpt":{"rendered":"<p>El gobernador,\u00a0Juan Manzur, supervis\u00f3 este jueves las obras que ejecuta la Sociedad Aguas del Tucum\u00e1n (SAT) en el barrio 24 de Septiembre, para renovar la red colectora cloacal.<\/p>\n","protected":false},"author":3,"featured_media":22372,"comment_status":"closed","ping_status":"open","sticky":false,"template":"","format":"standard","meta":{"footnotes":""},"categories":[3],"tags":[],"class_list":{"0":"post-22371","1":"post","2":"type-post","3":"status-publish","4":"format-standard","5":"has-post-thumbnail","7":"category-politica"},"yoast_head":"<!-- This site is optimized with the Yoast SEO plugin v27.4 - https:\/\/yoast.com\/product\/yoast-seo-wordpress\/ -->\n<title>En el barrio 24 de Septiembre optimizan los servicios de cloacas - El Diario de Tucuman<\/title>\n<meta name=\"robots\" content=\"index, follow, max-snippet:-1, max-image-preview:large, max-video-preview:-1\" \/>\n<link rel=\"canonical\" href=\"https:\/\/www.eldiariodetucuman.com\/web\/en-el-barrio-24-de-septiembre-optimizan-los-servicios-de-cloacas\/\" \/>\n<meta property=\"og:locale\" content=\"es_ES\" \/>\n<meta property=\"og:type\" content=\"article\" \/>\n<meta property=\"og:title\" content=\"En el barrio 24 de Septiembre optimizan los servicios de cloacas - El Diario de Tucuman\" \/>\n<meta property=\"og:description\" content=\"El gobernador,\u00a0Juan Manzur, supervis\u00f3 este jueves las obras que ejecuta la Sociedad Aguas del Tucum\u00e1n (SAT) en el barrio 24 de Septiembre, para renovar la red colectora cloacal.\" \/>\n<meta property=\"og:url\" content=\"https:\/\/www.eldiariodetucuman.com\/web\/en-el-barrio-24-de-septiembre-optimizan-los-servicios-de-cloacas\/\" \/>\n<meta property=\"og:site_name\" content=\"El Diario de Tucuman\" \/>\n<meta property=\"article:published_time\" content=\"2019-03-07T16:49:05+00:00\" \/>\n<meta property=\"og:image\" content=\"https:\/\/www.eldiariodetucuman.com\/web\/wp-content\/uploads\/2019\/03\/Manzur-vecinos-LS.jpg\" \/>\n\t<meta property=\"og:image:width\" content=\"750\" \/>\n\t<meta property=\"og:image:height\" content=\"416\" \/>\n\t<meta property=\"og:image:type\" content=\"image\/jpeg\" \/>\n<meta name=\"author\" content=\"El diario de Tucuman\" \/>\n<meta name=\"twitter:card\" content=\"summary_large_image\" \/>\n<meta name=\"twitter:label1\" content=\"Escrito por\" \/>\n\t<meta name=\"twitter:data1\" content=\"El diario de Tucuman\" \/>\n\t<meta name=\"twitter:label2\" content=\"Tiempo de lectura\" \/>\n\t<meta name=\"twitter:data2\" content=\"2 minutos\" \/>\n<script type=\"application\/ld+json\" class=\"yoast-schema-graph\">{\"@context\":\"https:\\\/\\\/schema.org\",\"@graph\":[{\"@type\":\"Article\",\"@id\":\"https:\\\/\\\/www.eldiariodetucuman.com\\\/web\\\/en-el-barrio-24-de-septiembre-optimizan-los-servicios-de-cloacas\\\/#article\",\"isPartOf\":{\"@id\":\"https:\\\/\\\/www.eldiariodetucuman.com\\\/web\\\/en-el-barrio-24-de-septiembre-optimizan-los-servicios-de-cloacas\\\/\"},\"author\":{\"name\":\"El diario de Tucuman\",\"@id\":\"https:\\\/\\\/www.eldiariodetucuman.com\\\/web\\\/#\\\/schema\\\/person\\\/3adbe300ecd6242af93c97dab1dc3ba1\"},\"headline\":\"En el barrio 24 de Septiembre optimizan los servicios de cloacas\",\"datePublished\":\"2019-03-07T16:49:05+00:00\",\"mainEntityOfPage\":{\"@id\":\"https:\\\/\\\/www.eldiariodetucuman.com\\\/web\\\/en-el-barrio-24-de-septiembre-optimizan-los-servicios-de-cloacas\\\/\"},\"wordCount\":314,\"publisher\":{\"@id\":\"https:\\\/\\\/www.eldiariodetucuman.com\\\/web\\\/#organization\"},\"image\":{\"@id\":\"https:\\\/\\\/www.eldiariodetucuman.com\\\/web\\\/en-el-barrio-24-de-septiembre-optimizan-los-servicios-de-cloacas\\\/#primaryimage\"},\"thumbnailUrl\":\"https:\\\/\\\/www.eldiariodetucuman.com\\\/web\\\/wp-content\\\/uploads\\\/2019\\\/03\\\/Manzur-vecinos-LS.jpg\",\"articleSection\":[\"Politica\"],\"inLanguage\":\"es\"},{\"@type\":\"WebPage\",\"@id\":\"https:\\\/\\\/www.eldiariodetucuman.com\\\/web\\\/en-el-barrio-24-de-septiembre-optimizan-los-servicios-de-cloacas\\\/\",\"url\":\"https:\\\/\\\/www.eldiariodetucuman.com\\\/web\\\/en-el-barrio-24-de-septiembre-optimizan-los-servicios-de-cloacas\\\/\",\"name\":\"En el barrio 24 de Septiembre optimizan los servicios de cloacas - El Diario de Tucuman\",\"isPartOf\":{\"@id\":\"https:\\\/\\\/www.eldiariodetucuman.com\\\/web\\\/#website\"},\"primaryImageOfPage\":{\"@id\":\"https:\\\/\\\/www.eldiariodetucuman.com\\\/web\\\/en-el-barrio-24-de-septiembre-optimizan-los-servicios-de-cloacas\\\/#primaryimage\"},\"image\":{\"@id\":\"https:\\\/\\\/www.eldiariodetucuman.com\\\/web\\\/en-el-barrio-24-de-septiembre-optimizan-los-servicios-de-cloacas\\\/#primaryimage\"},\"thumbnailUrl\":\"https:\\\/\\\/www.eldiariodetucuman.com\\\/web\\\/wp-content\\\/uploads\\\/2019\\\/03\\\/Manzur-vecinos-LS.jpg\",\"datePublished\":\"2019-03-07T16:49:05+00:00\",\"breadcrumb\":{\"@id\":\"https:\\\/\\\/www.eldiariodetucuman.com\\\/web\\\/en-el-barrio-24-de-septiembre-optimizan-los-servicios-de-cloacas\\\/#breadcrumb\"},\"inLanguage\":\"es\",\"potentialAction\":[{\"@type\":\"ReadAction\",\"target\":[\"https:\\\/\\\/www.eldiariodetucuman.com\\\/web\\\/en-el-barrio-24-de-septiembre-optimizan-los-servicios-de-cloacas\\\/\"]}]},{\"@type\":\"ImageObject\",\"inLanguage\":\"es\",\"@id\":\"https:\\\/\\\/www.eldiariodetucuman.com\\\/web\\\/en-el-barrio-24-de-septiembre-optimizan-los-servicios-de-cloacas\\\/#primaryimage\",\"url\":\"https:\\\/\\\/www.eldiariodetucuman.com\\\/web\\\/wp-content\\\/uploads\\\/2019\\\/03\\\/Manzur-vecinos-LS.jpg\",\"contentUrl\":\"https:\\\/\\\/www.eldiariodetucuman.com\\\/web\\\/wp-content\\\/uploads\\\/2019\\\/03\\\/Manzur-vecinos-LS.jpg\",\"width\":750,\"height\":416},{\"@type\":\"BreadcrumbList\",\"@id\":\"https:\\\/\\\/www.eldiariodetucuman.com\\\/web\\\/en-el-barrio-24-de-septiembre-optimizan-los-servicios-de-cloacas\\\/#breadcrumb\",\"itemListElement\":[{\"@type\":\"ListItem\",\"position\":1,\"name\":\"Portada\",\"item\":\"https:\\\/\\\/www.eldiariodetucuman.com\\\/web\\\/\"},{\"@type\":\"ListItem\",\"position\":2,\"name\":\"En el barrio 24 de Septiembre optimizan los servicios de cloacas\"}]},{\"@type\":\"WebSite\",\"@id\":\"https:\\\/\\\/www.eldiariodetucuman.com\\\/web\\\/#website\",\"url\":\"https:\\\/\\\/www.eldiariodetucuman.com\\\/web\\\/\",\"name\":\"El Diario de Tucuman\",\"description\":\"Diario Tucuman - Informaci\u00f3n y noticias\",\"publisher\":{\"@id\":\"https:\\\/\\\/www.eldiariodetucuman.com\\\/web\\\/#organization\"},\"potentialAction\":[{\"@type\":\"SearchAction\",\"target\":{\"@type\":\"EntryPoint\",\"urlTemplate\":\"https:\\\/\\\/www.eldiariodetucuman.com\\\/web\\\/?s={search_term_string}\"},\"query-input\":{\"@type\":\"PropertyValueSpecification\",\"valueRequired\":true,\"valueName\":\"search_term_string\"}}],\"inLanguage\":\"es\"},{\"@type\":\"Organization\",\"@id\":\"https:\\\/\\\/www.eldiariodetucuman.com\\\/web\\\/#organization\",\"name\":\"El Diario de Tucuman\",\"url\":\"https:\\\/\\\/www.eldiariodetucuman.com\\\/web\\\/\",\"logo\":{\"@type\":\"ImageObject\",\"inLanguage\":\"es\",\"@id\":\"https:\\\/\\\/www.eldiariodetucuman.com\\\/web\\\/#\\\/schema\\\/logo\\\/image\\\/\",\"url\":\"http:\\\/\\\/www.eldiariodetucuman.com\\\/web\\\/wp-content\\\/uploads\\\/2017\\\/12\\\/el-diario-de-tucuman.jpg\",\"contentUrl\":\"http:\\\/\\\/www.eldiariodetucuman.com\\\/web\\\/wp-content\\\/uploads\\\/2017\\\/12\\\/el-diario-de-tucuman.jpg\",\"width\":272,\"height\":92,\"caption\":\"El Diario de Tucuman\"},\"image\":{\"@id\":\"https:\\\/\\\/www.eldiariodetucuman.com\\\/web\\\/#\\\/schema\\\/logo\\\/image\\\/\"}},{\"@type\":\"Person\",\"@id\":\"https:\\\/\\\/www.eldiariodetucuman.com\\\/web\\\/#\\\/schema\\\/person\\\/3adbe300ecd6242af93c97dab1dc3ba1\",\"name\":\"El diario de Tucuman\",\"image\":{\"@type\":\"ImageObject\",\"inLanguage\":\"es\",\"@id\":\"https:\\\/\\\/secure.gravatar.com\\\/avatar\\\/b7214de193b24d0bd708ac5516aa13d0f20c6560795bfbee06857d5c8ac2f0b2?s=96&d=mm&r=g\",\"url\":\"https:\\\/\\\/secure.gravatar.com\\\/avatar\\\/b7214de193b24d0bd708ac5516aa13d0f20c6560795bfbee06857d5c8ac2f0b2?s=96&d=mm&r=g\",\"contentUrl\":\"https:\\\/\\\/secure.gravatar.com\\\/avatar\\\/b7214de193b24d0bd708ac5516aa13d0f20c6560795bfbee06857d5c8ac2f0b2?s=96&d=mm&r=g\",\"caption\":\"El diario de Tucuman\"},\"url\":\"https:\\\/\\\/www.eldiariodetucuman.com\\\/web\\\/author\\\/mgiobellina\\\/\"}]}<\/script>\n<!-- \/ Yoast SEO plugin. -->","yoast_head_json":{"title":"En el barrio 24 de Septiembre optimizan los servicios de cloacas - El Diario de Tucuman","robots":{"index":"index","follow":"follow","max-snippet":"max-snippet:-1","max-image-preview":"max-image-preview:large","max-video-preview":"max-video-preview:-1"},"canonical":"https:\/\/www.eldiariodetucuman.com\/web\/en-el-barrio-24-de-septiembre-optimizan-los-servicios-de-cloacas\/","og_locale":"es_ES","og_type":"article","og_title":"En el barrio 24 de Septiembre optimizan los servicios de cloacas - El Diario de Tucuman","og_description":"El gobernador,\u00a0Juan Manzur, supervis\u00f3 este jueves las obras que ejecuta la Sociedad Aguas del Tucum\u00e1n (SAT) en el barrio 24 de Septiembre, para renovar la red colectora cloacal.","og_url":"https:\/\/www.eldiariodetucuman.com\/web\/en-el-barrio-24-de-septiembre-optimizan-los-servicios-de-cloacas\/","og_site_name":"El Diario de Tucuman","article_published_time":"2019-03-07T16:49:05+00:00","og_image":[{"width":750,"height":416,"url":"https:\/\/www.eldiariodetucuman.com\/web\/wp-content\/uploads\/2019\/03\/Manzur-vecinos-LS.jpg","type":"image\/jpeg"}],"author":"El diario de Tucuman","twitter_card":"summary_large_image","twitter_misc":{"Escrito por":"El diario de Tucuman","Tiempo de lectura":"2 minutos"},"schema":{"@context":"https:\/\/schema.org","@graph":[{"@type":"Article","@id":"https:\/\/www.eldiariodetucuman.com\/web\/en-el-barrio-24-de-septiembre-optimizan-los-servicios-de-cloacas\/#article","isPartOf":{"@id":"https:\/\/www.eldiariodetucuman.com\/web\/en-el-barrio-24-de-septiembre-optimizan-los-servicios-de-cloacas\/"},"author":{"name":"El diario de Tucuman","@id":"https:\/\/www.eldiariodetucuman.com\/web\/#\/schema\/person\/3adbe300ecd6242af93c97dab1dc3ba1"},"headline":"En el barrio 24 de Septiembre optimizan los servicios de cloacas","datePublished":"2019-03-07T16:49:05+00:00","mainEntityOfPage":{"@id":"https:\/\/www.eldiariodetucuman.com\/web\/en-el-barrio-24-de-septiembre-optimizan-los-servicios-de-cloacas\/"},"wordCount":314,"publisher":{"@id":"https:\/\/www.eldiariodetucuman.com\/web\/#organization"},"image":{"@id":"https:\/\/www.eldiariodetucuman.com\/web\/en-el-barrio-24-de-septiembre-optimizan-los-servicios-de-cloacas\/#primaryimage"},"thumbnailUrl":"https:\/\/www.eldiariodetucuman.com\/web\/wp-content\/uploads\/2019\/03\/Manzur-vecinos-LS.jpg","articleSection":["Politica"],"inLanguage":"es"},{"@type":"WebPage","@id":"https:\/\/www.eldiariodetucuman.com\/web\/en-el-barrio-24-de-septiembre-optimizan-los-servicios-de-cloacas\/","url":"https:\/\/www.eldiariodetucuman.com\/web\/en-el-barrio-24-de-septiembre-optimizan-los-servicios-de-cloacas\/","name":"En el barrio 24 de Septiembre optimizan los servicios de cloacas - El Diario de Tucuman","isPartOf":{"@id":"https:\/\/www.eldiariodetucuman.com\/web\/#website"},"primaryImageOfPage":{"@id":"https:\/\/www.eldiariodetucuman.com\/web\/en-el-barrio-24-de-septiembre-optimizan-los-servicios-de-cloacas\/#primaryimage"},"image":{"@id":"https:\/\/www.eldiariodetucuman.com\/web\/en-el-barrio-24-de-septiembre-optimizan-los-servicios-de-cloacas\/#primaryimage"},"thumbnailUrl":"https:\/\/www.eldiariodetucuman.com\/web\/wp-content\/uploads\/2019\/03\/Manzur-vecinos-LS.jpg","datePublished":"2019-03-07T16:49:05+00:00","breadcrumb":{"@id":"https:\/\/www.eldiariodetucuman.com\/web\/en-el-barrio-24-de-septiembre-optimizan-los-servicios-de-cloacas\/#breadcrumb"},"inLanguage":"es","potentialAction":[{"@type":"ReadAction","target":["https:\/\/www.eldiariodetucuman.com\/web\/en-el-barrio-24-de-septiembre-optimizan-los-servicios-de-cloacas\/"]}]},{"@type":"ImageObject","inLanguage":"es","@id":"https:\/\/www.eldiariodetucuman.com\/web\/en-el-barrio-24-de-septiembre-optimizan-los-servicios-de-cloacas\/#primaryimage","url":"https:\/\/www.eldiariodetucuman.com\/web\/wp-content\/uploads\/2019\/03\/Manzur-vecinos-LS.jpg","contentUrl":"https:\/\/www.eldiariodetucuman.com\/web\/wp-content\/uploads\/2019\/03\/Manzur-vecinos-LS.jpg","width":750,"height":416},{"@type":"BreadcrumbList","@id":"https:\/\/www.eldiariodetucuman.com\/web\/en-el-barrio-24-de-septiembre-optimizan-los-servicios-de-cloacas\/#breadcrumb","itemListElement":[{"@type":"ListItem","position":1,"name":"Portada","item":"https:\/\/www.eldiariodetucuman.com\/web\/"},{"@type":"ListItem","position":2,"name":"En el barrio 24 de Septiembre optimizan los servicios de cloacas"}]},{"@type":"WebSite","@id":"https:\/\/www.eldiariodetucuman.com\/web\/#website","url":"https:\/\/www.eldiariodetucuman.com\/web\/","name":"El Diario de Tucuman","description":"Diario Tucuman - Informaci\u00f3n y noticias","publisher":{"@id":"https:\/\/www.eldiariodetucuman.com\/web\/#organization"},"potentialAction":[{"@type":"SearchAction","target":{"@type":"EntryPoint","urlTemplate":"https:\/\/www.eldiariodetucuman.com\/web\/?s={search_term_string}"},"query-input":{"@type":"PropertyValueSpecification","valueRequired":true,"valueName":"search_term_string"}}],"inLanguage":"es"},{"@type":"Organization","@id":"https:\/\/www.eldiariodetucuman.com\/web\/#organization","name":"El Diario de Tucuman","url":"https:\/\/www.eldiariodetucuman.com\/web\/","logo":{"@type":"ImageObject","inLanguage":"es","@id":"https:\/\/www.eldiariodetucuman.com\/web\/#\/schema\/logo\/image\/","url":"http:\/\/www.eldiariodetucuman.com\/web\/wp-content\/uploads\/2017\/12\/el-diario-de-tucuman.jpg","contentUrl":"http:\/\/www.eldiariodetucuman.com\/web\/wp-content\/uploads\/2017\/12\/el-diario-de-tucuman.jpg","width":272,"height":92,"caption":"El Diario de Tucuman"},"image":{"@id":"https:\/\/www.eldiariodetucuman.com\/web\/#\/schema\/logo\/image\/"}},{"@type":"Person","@id":"https:\/\/www.eldiariodetucuman.com\/web\/#\/schema\/person\/3adbe300ecd6242af93c97dab1dc3ba1","name":"El diario de Tucuman","image":{"@type":"ImageObject","inLanguage":"es","@id":"https:\/\/secure.gravatar.com\/avatar\/b7214de193b24d0bd708ac5516aa13d0f20c6560795bfbee06857d5c8ac2f0b2?s=96&d=mm&r=g","url":"https:\/\/secure.gravatar.com\/avatar\/b7214de193b24d0bd708ac5516aa13d0f20c6560795bfbee06857d5c8ac2f0b2?s=96&d=mm&r=g","contentUrl":"https:\/\/secure.gravatar.com\/avatar\/b7214de193b24d0bd708ac5516aa13d0f20c6560795bfbee06857d5c8ac2f0b2?s=96&d=mm&r=g","caption":"El diario de Tucuman"},"url":"https:\/\/www.eldiariodetucuman.com\/web\/author\/mgiobellina\/"}]}},"_links":{"self":[{"href":"https:\/\/www.eldiariodetucuman.com\/web\/wp-json\/wp\/v2\/posts\/22371","targetHints":{"allow":["GET"]}}],"collection":[{"href":"https:\/\/www.eldiariodetucuman.com\/web\/wp-json\/wp\/v2\/posts"}],"about":[{"href":"https:\/\/www.eldiariodetucuman.com\/web\/wp-json\/wp\/v2\/types\/post"}],"author":[{"embeddable":true,"href":"https:\/\/www.eldiariodetucuman.com\/web\/wp-json\/wp\/v2\/users\/3"}],"replies":[{"embeddable":true,"href":"https:\/\/www.eldiariodetucuman.com\/web\/wp-json\/wp\/v2\/comments?post=22371"}],"version-history":[{"count":1,"href":"https:\/\/www.eldiariodetucuman.com\/web\/wp-json\/wp\/v2\/posts\/22371\/revisions"}],"predecessor-version":[{"id":22373,"href":"https:\/\/www.eldiariodetucuman.com\/web\/wp-json\/wp\/v2\/posts\/22371\/revisions\/22373"}],"wp:featuredmedia":[{"embeddable":true,"href":"https:\/\/www.eldiariodetucuman.com\/web\/wp-json\/wp\/v2\/media\/22372"}],"wp:attachment":[{"href":"https:\/\/www.eldiariodetucuman.com\/web\/wp-json\/wp\/v2\/media?parent=22371"}],"wp:term":[{"taxonomy":"category","embeddable":true,"href":"https:\/\/www.eldiariodetucuman.com\/web\/wp-json\/wp\/v2\/categories?post=22371"},{"taxonomy":"post_tag","embeddable":true,"href":"https:\/\/www.eldiariodetucuman.com\/web\/wp-json\/wp\/v2\/tags?post=22371"}],"curies":[{"name":"wp","href":"https:\/\/api.w.org\/{rel}","templated":true}]}}