{"id":22044,"date":"2019-02-11T08:41:08","date_gmt":"2019-02-11T11:41:08","guid":{"rendered":"http:\/\/www.eldiariodetucuman.com\/web\/?p=22044"},"modified":"2019-02-11T08:41:08","modified_gmt":"2019-02-11T11:41:08","slug":"el-fmi-anticipa-otra-tormenta-para-el-pais","status":"publish","type":"post","link":"https:\/\/www.eldiariodetucuman.com\/web\/el-fmi-anticipa-otra-tormenta-para-el-pais\/","title":{"rendered":"El FMI anticipa \u00abotra tormenta\u00bb para el pa\u00eds"},"content":{"rendered":"<hgroup class=\"zona-titulo\"><\/hgroup>\n<div class=\"row\">\n<div class=\"col-md-11\">\n<div class=\"fecha-y-seccion\">\n<div>\n<p class=\"titular\">Una misi\u00f3n t\u00e9cnica llegar\u00e1 hoy a Buenos Aires y mantendr\u00e1 reuniones con Hacienda y el Banco Central.<\/p>\n<\/div>\n<\/div>\n<\/div>\n<\/div>\n<p><!--more--><\/p>\n<div class=\"row\">\n<div class=\"col-md-11\">\n<div class=\"fecha-y-seccion\">\n<div>\n<p class=\"titular\">El Fondo Monetario Internacional llegar\u00e1 por tercera vez al pa\u00eds este lunes para realizar su revisi\u00f3n trimestral del estado de la econom\u00eda argentina. La misi\u00f3n t\u00e9cnica tendr\u00e1 reuniones con funcionarios del Ministerio de Hacienda y el Banco Central, y una vez que eleven su informe al directorio del organismo,\u00a0<strong>el Gobierno recibir\u00e1 unos u$s11.000 millones<\/strong>\u00a0m\u00e1s del programa de asistencia financiera.<\/p>\n<p class=\"titular\">La comitiva del FMI, como en las ocasiones anteriores, estar\u00e1 encabezada por el economista italiano Roberto Cardarelli. Seg\u00fan confirmaron fuentes oficiales, mantendr\u00e1 encuentros con el ministro de Hacienda, Nicol\u00e1s Dujovne, el presidente del Banco Central, Guido Sandleris y con economistas y empresarios del sector privado mientras que\u00a0<strong>no se descartan encuentros con la oposici\u00f3n<\/strong>.<\/p>\n<p class=\"titular\">El Gobierno acord\u00f3 un programa de 36 meses con el FMI, por un auxilio financiero de u$s56.000 millones hasta 2020, de los cuales Argentina ya recibi\u00f3 u$s28.000 millones a cambio de eliminaci\u00f3n total del d\u00e9ficit fiscal en un a\u00f1o.<\/p>\n<p class=\"titular\">La misi\u00f3n deber\u00e1 confirmar que se cumplieron las metas fiscales y monetarias durante el a\u00f1o pasado para que el directorio del FMI autorice el desembolso en marzo por u$s11.000 millones, el monto m\u00e1s importante para el Tesoro desde el acuerdo inicial anunciado en junio del a\u00f1o pasado. De acuerdo a lo que ya adelant\u00f3 Hacienda, parte de esas divisas\u00a0<strong>podr\u00edan ser vendidas en el mercado cambiario<\/strong>.<\/p>\n<p class=\"titular\">Fuentes del Banco Central dejaron trascender que se analizar\u00e1 con el FMI cu\u00e1les ser\u00e1n los nuevos l\u00edmites de la zona de no intervenci\u00f3n de pol\u00edtica cambiaria y la monetizaci\u00f3n m\u00e1xima que se permitir\u00e1 en la compra de d\u00f3lares. El Gobierno espera confiado la aprobaci\u00f3n de las cuentas p\u00fablicas ya que el Ministerio de Hacienda cumpli\u00f3 la meta de d\u00e9ficit fiscal primario que fue del 2,4% del PBI en el a\u00f1o anterior, lo que represent\u00f3 una baja de 1,4 puntos frente a los 3,8% del a\u00f1o anterior, en consonancia con el objetivo comprometido ante el FMI.<\/p>\n<p class=\"titular\">Por su parte, el Banco Central tambi\u00e9n cumpli\u00f3 las metas de base monetaria con el organismo, incluyendo la de enero, pese a que liber\u00f3 pesos al mercado para comprar u$s560 millones.<\/p>\n<\/div>\n<\/div>\n<div id=\"cuerpo-nota\" class=\"cuerpo-nota\">\n<p>M\u00e1s all\u00e1 de las evaluaciones trimestrales que realizar\u00e1 el organismo mientras dure el acuerdo de asistencia, el FMI ya tiene a un delegado\u00a0<em>full time<\/em>\u00a0trabajando en Buenos Aires, el economista jamaiquino Trevor Alleyne, que recientemente\u00a0abandon\u00f3 su oficina temporal\u00a0que ten\u00eda en la sede del Banco Central.<\/p>\n<p><strong>Lagarde cree que podr\u00eda llegar otra tormenta<\/strong><\/p>\n<p>La directora ejecutiva del organismo, Christine Lagarde, advirti\u00f3 que el crecimiento de la econom\u00eda mundial<strong>\u00a0\u00abes m\u00e1s lento\u00bb de lo previsto<\/strong>\u00a0y que, combinado con otros factores,\u00a0<strong>podr\u00edan generar una nueva \u00abtormenta\u00bb<\/strong>\u00a0financiera internacional. Esa hab\u00eda sido, casualmente, la met\u00e1fora que eligieron usar los funcionarios del Poder Ejecutivo para explicar la crisis cambiaria que duplic\u00f3 el valor del d\u00f3lar e hizo escalar la inflaci\u00f3n durante 2018.<\/p>\n<p>\u00abEn una palabra: estamos presenciando una econom\u00eda (mundial) que est\u00e1 creciendo m\u00e1s lentamente de lo esperado\u00bb, dijo Christine Lagarde en una cumbre anual sobre la gobernanza mundial que re\u00fane a los responsables pol\u00edticos y econ\u00f3micos de todo el mundo en Dubai. El mes pasado, el FMI rebaj\u00f3 su pron\u00f3stico de crecimiento econ\u00f3mico global para este a\u00f1o de 3,7% a 3,5%, debido a las tensiones comerciales, particularmente entre Estados Unidos y China.<\/p>\n<p>Lagarde habl\u00f3 sobre lo que llam\u00f3 las<strong>\u00a0\u00abcuatro nubes\u00bb\u00a0<\/strong>que se ciernen sobre la econom\u00eda global y advirti\u00f3 sobre una posible \u00abtormenta\u00bb. Se refiri\u00f3 a las tensiones comerciales, particularmente entre China y Estados Unidos, el ajuste de las tasas, las incertidumbres relacionadas con el Brexit y la desaceleraci\u00f3n de la econom\u00eda china.<\/p>\n<p>Seg\u00fan Lagarde, las tensiones comerciales entre China y Estados Unidos comenzaron a afectar la econom\u00eda global. \u00abNo tenemos ninguna idea de lo que va a pasar y lo que sabemos es que\u00a0<strong>ya est\u00e1 comenzando a tener un efecto<\/strong>\u00a0en el comercio, en las tasas de inter\u00e9s y en los mercados\u00bb, a\u00f1adi\u00f3.<\/p>\n<p>Se\u00f1al\u00f3 que el ajuste de las tasas se produce en un momento en que los gobiernos, las empresas y los hogares han acumulado \u00abdeudas muy pesadas\u00bb. \u00abCuando hay demasiadas nubes,\u00a0<strong>se necesita un rayo para desencadenar la tormenta<\/strong>\u00ab, advirti\u00f3 Lagarde, quien pidi\u00f3 a los gobiernos que se preparen para evitar el proteccionismo.<\/p>\n<p><strong>Fuente:<\/strong>\u00a0<a href=\"https:\/\/www.tucumanalas7.com.ar\/nacional\/2019\/2\/11\/el-fmi-vuelve-al-pais-para-auditar-la-economia-anticipa-otra-tormenta-181022.html\">https:\/\/www.tucumanalas7.com.ar\/nacional\/2019\/2\/11\/el-fmi-vuelve-al-pais-para-auditar-la-economia-anticipa-otra-tormenta-181022.html<\/a><\/p>\n<\/div>\n<\/div>\n<\/div>\n<p>&nbsp;<\/p>\n","protected":false},"excerpt":{"rendered":"<p>Una misi\u00f3n t\u00e9cnica llegar\u00e1 hoy a Buenos Aires y mantendr\u00e1 reuniones con Hacienda y el Banco Central.<\/p>\n","protected":false},"author":5,"featured_media":18073,"comment_status":"closed","ping_status":"open","sticky":false,"template":"","format":"standard","meta":{"footnotes":""},"categories":[2],"tags":[2424,847,1612],"class_list":{"0":"post-22044","1":"post","2":"type-post","3":"status-publish","4":"format-standard","5":"has-post-thumbnail","7":"category-actualidad","8":"tag-argentia","9":"tag-economia","10":"tag-fmi"},"yoast_head":"<!-- This site is optimized with the Yoast SEO plugin v27.4 - https:\/\/yoast.com\/product\/yoast-seo-wordpress\/ -->\n<title>El FMI anticipa &quot;otra tormenta&quot; para el pa\u00eds - El Diario de Tucuman<\/title>\n<meta name=\"robots\" content=\"index, follow, max-snippet:-1, max-image-preview:large, max-video-preview:-1\" \/>\n<link rel=\"canonical\" href=\"https:\/\/www.eldiariodetucuman.com\/web\/el-fmi-anticipa-otra-tormenta-para-el-pais\/\" \/>\n<meta property=\"og:locale\" content=\"es_ES\" \/>\n<meta property=\"og:type\" content=\"article\" \/>\n<meta property=\"og:title\" content=\"El FMI anticipa &quot;otra tormenta&quot; para el pa\u00eds - El Diario de Tucuman\" \/>\n<meta property=\"og:description\" content=\"Una misi\u00f3n t\u00e9cnica llegar\u00e1 hoy a Buenos Aires y mantendr\u00e1 reuniones con Hacienda y el Banco Central.\" \/>\n<meta property=\"og:url\" content=\"https:\/\/www.eldiariodetucuman.com\/web\/el-fmi-anticipa-otra-tormenta-para-el-pais\/\" \/>\n<meta property=\"og:site_name\" content=\"El Diario de Tucuman\" \/>\n<meta property=\"article:published_time\" content=\"2019-02-11T11:41:08+00:00\" \/>\n<meta property=\"og:image\" content=\"https:\/\/www.eldiariodetucuman.com\/web\/wp-content\/uploads\/2018\/10\/fmiargentina.jpg\" \/>\n\t<meta property=\"og:image:width\" content=\"660\" \/>\n\t<meta property=\"og:image:height\" content=\"371\" \/>\n\t<meta property=\"og:image:type\" content=\"image\/jpeg\" \/>\n<meta name=\"author\" content=\"Redactor Uno\" \/>\n<meta name=\"twitter:card\" content=\"summary_large_image\" \/>\n<meta name=\"twitter:label1\" content=\"Escrito por\" \/>\n\t<meta name=\"twitter:data1\" content=\"Redactor Uno\" \/>\n\t<meta name=\"twitter:label2\" content=\"Tiempo de lectura\" \/>\n\t<meta name=\"twitter:data2\" content=\"4 minutos\" \/>\n<script type=\"application\/ld+json\" class=\"yoast-schema-graph\">{\"@context\":\"https:\\\/\\\/schema.org\",\"@graph\":[{\"@type\":\"Article\",\"@id\":\"https:\\\/\\\/www.eldiariodetucuman.com\\\/web\\\/el-fmi-anticipa-otra-tormenta-para-el-pais\\\/#article\",\"isPartOf\":{\"@id\":\"https:\\\/\\\/www.eldiariodetucuman.com\\\/web\\\/el-fmi-anticipa-otra-tormenta-para-el-pais\\\/\"},\"author\":{\"name\":\"Redactor Uno\",\"@id\":\"https:\\\/\\\/www.eldiariodetucuman.com\\\/web\\\/#\\\/schema\\\/person\\\/7e6644a46e60888f6b868594407e08dd\"},\"headline\":\"El FMI anticipa \u00abotra tormenta\u00bb para el pa\u00eds\",\"datePublished\":\"2019-02-11T11:41:08+00:00\",\"mainEntityOfPage\":{\"@id\":\"https:\\\/\\\/www.eldiariodetucuman.com\\\/web\\\/el-fmi-anticipa-otra-tormenta-para-el-pais\\\/\"},\"wordCount\":786,\"publisher\":{\"@id\":\"https:\\\/\\\/www.eldiariodetucuman.com\\\/web\\\/#organization\"},\"image\":{\"@id\":\"https:\\\/\\\/www.eldiariodetucuman.com\\\/web\\\/el-fmi-anticipa-otra-tormenta-para-el-pais\\\/#primaryimage\"},\"thumbnailUrl\":\"https:\\\/\\\/www.eldiariodetucuman.com\\\/web\\\/wp-content\\\/uploads\\\/2018\\\/10\\\/fmiargentina.jpg\",\"keywords\":[\"Argentia\",\"economia\",\"FMI\"],\"articleSection\":[\"Actualidad\"],\"inLanguage\":\"es\"},{\"@type\":\"WebPage\",\"@id\":\"https:\\\/\\\/www.eldiariodetucuman.com\\\/web\\\/el-fmi-anticipa-otra-tormenta-para-el-pais\\\/\",\"url\":\"https:\\\/\\\/www.eldiariodetucuman.com\\\/web\\\/el-fmi-anticipa-otra-tormenta-para-el-pais\\\/\",\"name\":\"El FMI anticipa \\\"otra tormenta\\\" para el pa\u00eds - El Diario de Tucuman\",\"isPartOf\":{\"@id\":\"https:\\\/\\\/www.eldiariodetucuman.com\\\/web\\\/#website\"},\"primaryImageOfPage\":{\"@id\":\"https:\\\/\\\/www.eldiariodetucuman.com\\\/web\\\/el-fmi-anticipa-otra-tormenta-para-el-pais\\\/#primaryimage\"},\"image\":{\"@id\":\"https:\\\/\\\/www.eldiariodetucuman.com\\\/web\\\/el-fmi-anticipa-otra-tormenta-para-el-pais\\\/#primaryimage\"},\"thumbnailUrl\":\"https:\\\/\\\/www.eldiariodetucuman.com\\\/web\\\/wp-content\\\/uploads\\\/2018\\\/10\\\/fmiargentina.jpg\",\"datePublished\":\"2019-02-11T11:41:08+00:00\",\"breadcrumb\":{\"@id\":\"https:\\\/\\\/www.eldiariodetucuman.com\\\/web\\\/el-fmi-anticipa-otra-tormenta-para-el-pais\\\/#breadcrumb\"},\"inLanguage\":\"es\",\"potentialAction\":[{\"@type\":\"ReadAction\",\"target\":[\"https:\\\/\\\/www.eldiariodetucuman.com\\\/web\\\/el-fmi-anticipa-otra-tormenta-para-el-pais\\\/\"]}]},{\"@type\":\"ImageObject\",\"inLanguage\":\"es\",\"@id\":\"https:\\\/\\\/www.eldiariodetucuman.com\\\/web\\\/el-fmi-anticipa-otra-tormenta-para-el-pais\\\/#primaryimage\",\"url\":\"https:\\\/\\\/www.eldiariodetucuman.com\\\/web\\\/wp-content\\\/uploads\\\/2018\\\/10\\\/fmiargentina.jpg\",\"contentUrl\":\"https:\\\/\\\/www.eldiariodetucuman.com\\\/web\\\/wp-content\\\/uploads\\\/2018\\\/10\\\/fmiargentina.jpg\",\"width\":660,\"height\":371},{\"@type\":\"BreadcrumbList\",\"@id\":\"https:\\\/\\\/www.eldiariodetucuman.com\\\/web\\\/el-fmi-anticipa-otra-tormenta-para-el-pais\\\/#breadcrumb\",\"itemListElement\":[{\"@type\":\"ListItem\",\"position\":1,\"name\":\"Portada\",\"item\":\"https:\\\/\\\/www.eldiariodetucuman.com\\\/web\\\/\"},{\"@type\":\"ListItem\",\"position\":2,\"name\":\"El FMI anticipa \u00abotra tormenta\u00bb para el pa\u00eds\"}]},{\"@type\":\"WebSite\",\"@id\":\"https:\\\/\\\/www.eldiariodetucuman.com\\\/web\\\/#website\",\"url\":\"https:\\\/\\\/www.eldiariodetucuman.com\\\/web\\\/\",\"name\":\"El Diario de Tucuman\",\"description\":\"Diario Tucuman - Informaci\u00f3n y noticias\",\"publisher\":{\"@id\":\"https:\\\/\\\/www.eldiariodetucuman.com\\\/web\\\/#organization\"},\"potentialAction\":[{\"@type\":\"SearchAction\",\"target\":{\"@type\":\"EntryPoint\",\"urlTemplate\":\"https:\\\/\\\/www.eldiariodetucuman.com\\\/web\\\/?s={search_term_string}\"},\"query-input\":{\"@type\":\"PropertyValueSpecification\",\"valueRequired\":true,\"valueName\":\"search_term_string\"}}],\"inLanguage\":\"es\"},{\"@type\":\"Organization\",\"@id\":\"https:\\\/\\\/www.eldiariodetucuman.com\\\/web\\\/#organization\",\"name\":\"El Diario de Tucuman\",\"url\":\"https:\\\/\\\/www.eldiariodetucuman.com\\\/web\\\/\",\"logo\":{\"@type\":\"ImageObject\",\"inLanguage\":\"es\",\"@id\":\"https:\\\/\\\/www.eldiariodetucuman.com\\\/web\\\/#\\\/schema\\\/logo\\\/image\\\/\",\"url\":\"http:\\\/\\\/www.eldiariodetucuman.com\\\/web\\\/wp-content\\\/uploads\\\/2017\\\/12\\\/el-diario-de-tucuman.jpg\",\"contentUrl\":\"http:\\\/\\\/www.eldiariodetucuman.com\\\/web\\\/wp-content\\\/uploads\\\/2017\\\/12\\\/el-diario-de-tucuman.jpg\",\"width\":272,\"height\":92,\"caption\":\"El Diario de Tucuman\"},\"image\":{\"@id\":\"https:\\\/\\\/www.eldiariodetucuman.com\\\/web\\\/#\\\/schema\\\/logo\\\/image\\\/\"}},{\"@type\":\"Person\",\"@id\":\"https:\\\/\\\/www.eldiariodetucuman.com\\\/web\\\/#\\\/schema\\\/person\\\/7e6644a46e60888f6b868594407e08dd\",\"name\":\"Redactor Uno\",\"image\":{\"@type\":\"ImageObject\",\"inLanguage\":\"es\",\"@id\":\"https:\\\/\\\/secure.gravatar.com\\\/avatar\\\/0049b1bdf1bd548385c9ea6b9356431717930913089febd2ba904f0187d7d074?s=96&d=mm&r=g\",\"url\":\"https:\\\/\\\/secure.gravatar.com\\\/avatar\\\/0049b1bdf1bd548385c9ea6b9356431717930913089febd2ba904f0187d7d074?s=96&d=mm&r=g\",\"contentUrl\":\"https:\\\/\\\/secure.gravatar.com\\\/avatar\\\/0049b1bdf1bd548385c9ea6b9356431717930913089febd2ba904f0187d7d074?s=96&d=mm&r=g\",\"caption\":\"Redactor Uno\"},\"url\":\"https:\\\/\\\/www.eldiariodetucuman.com\\\/web\\\/author\\\/mramasco\\\/\"}]}<\/script>\n<!-- \/ Yoast SEO plugin. -->","yoast_head_json":{"title":"El FMI anticipa \"otra tormenta\" para el pa\u00eds - El Diario de Tucuman","robots":{"index":"index","follow":"follow","max-snippet":"max-snippet:-1","max-image-preview":"max-image-preview:large","max-video-preview":"max-video-preview:-1"},"canonical":"https:\/\/www.eldiariodetucuman.com\/web\/el-fmi-anticipa-otra-tormenta-para-el-pais\/","og_locale":"es_ES","og_type":"article","og_title":"El FMI anticipa \"otra tormenta\" para el pa\u00eds - El Diario de Tucuman","og_description":"Una misi\u00f3n t\u00e9cnica llegar\u00e1 hoy a Buenos Aires y mantendr\u00e1 reuniones con Hacienda y el Banco Central.","og_url":"https:\/\/www.eldiariodetucuman.com\/web\/el-fmi-anticipa-otra-tormenta-para-el-pais\/","og_site_name":"El Diario de Tucuman","article_published_time":"2019-02-11T11:41:08+00:00","og_image":[{"width":660,"height":371,"url":"https:\/\/www.eldiariodetucuman.com\/web\/wp-content\/uploads\/2018\/10\/fmiargentina.jpg","type":"image\/jpeg"}],"author":"Redactor Uno","twitter_card":"summary_large_image","twitter_misc":{"Escrito por":"Redactor Uno","Tiempo de lectura":"4 minutos"},"schema":{"@context":"https:\/\/schema.org","@graph":[{"@type":"Article","@id":"https:\/\/www.eldiariodetucuman.com\/web\/el-fmi-anticipa-otra-tormenta-para-el-pais\/#article","isPartOf":{"@id":"https:\/\/www.eldiariodetucuman.com\/web\/el-fmi-anticipa-otra-tormenta-para-el-pais\/"},"author":{"name":"Redactor Uno","@id":"https:\/\/www.eldiariodetucuman.com\/web\/#\/schema\/person\/7e6644a46e60888f6b868594407e08dd"},"headline":"El FMI anticipa \u00abotra tormenta\u00bb para el pa\u00eds","datePublished":"2019-02-11T11:41:08+00:00","mainEntityOfPage":{"@id":"https:\/\/www.eldiariodetucuman.com\/web\/el-fmi-anticipa-otra-tormenta-para-el-pais\/"},"wordCount":786,"publisher":{"@id":"https:\/\/www.eldiariodetucuman.com\/web\/#organization"},"image":{"@id":"https:\/\/www.eldiariodetucuman.com\/web\/el-fmi-anticipa-otra-tormenta-para-el-pais\/#primaryimage"},"thumbnailUrl":"https:\/\/www.eldiariodetucuman.com\/web\/wp-content\/uploads\/2018\/10\/fmiargentina.jpg","keywords":["Argentia","economia","FMI"],"articleSection":["Actualidad"],"inLanguage":"es"},{"@type":"WebPage","@id":"https:\/\/www.eldiariodetucuman.com\/web\/el-fmi-anticipa-otra-tormenta-para-el-pais\/","url":"https:\/\/www.eldiariodetucuman.com\/web\/el-fmi-anticipa-otra-tormenta-para-el-pais\/","name":"El FMI anticipa \"otra tormenta\" para el pa\u00eds - El Diario de Tucuman","isPartOf":{"@id":"https:\/\/www.eldiariodetucuman.com\/web\/#website"},"primaryImageOfPage":{"@id":"https:\/\/www.eldiariodetucuman.com\/web\/el-fmi-anticipa-otra-tormenta-para-el-pais\/#primaryimage"},"image":{"@id":"https:\/\/www.eldiariodetucuman.com\/web\/el-fmi-anticipa-otra-tormenta-para-el-pais\/#primaryimage"},"thumbnailUrl":"https:\/\/www.eldiariodetucuman.com\/web\/wp-content\/uploads\/2018\/10\/fmiargentina.jpg","datePublished":"2019-02-11T11:41:08+00:00","breadcrumb":{"@id":"https:\/\/www.eldiariodetucuman.com\/web\/el-fmi-anticipa-otra-tormenta-para-el-pais\/#breadcrumb"},"inLanguage":"es","potentialAction":[{"@type":"ReadAction","target":["https:\/\/www.eldiariodetucuman.com\/web\/el-fmi-anticipa-otra-tormenta-para-el-pais\/"]}]},{"@type":"ImageObject","inLanguage":"es","@id":"https:\/\/www.eldiariodetucuman.com\/web\/el-fmi-anticipa-otra-tormenta-para-el-pais\/#primaryimage","url":"https:\/\/www.eldiariodetucuman.com\/web\/wp-content\/uploads\/2018\/10\/fmiargentina.jpg","contentUrl":"https:\/\/www.eldiariodetucuman.com\/web\/wp-content\/uploads\/2018\/10\/fmiargentina.jpg","width":660,"height":371},{"@type":"BreadcrumbList","@id":"https:\/\/www.eldiariodetucuman.com\/web\/el-fmi-anticipa-otra-tormenta-para-el-pais\/#breadcrumb","itemListElement":[{"@type":"ListItem","position":1,"name":"Portada","item":"https:\/\/www.eldiariodetucuman.com\/web\/"},{"@type":"ListItem","position":2,"name":"El FMI anticipa \u00abotra tormenta\u00bb para el pa\u00eds"}]},{"@type":"WebSite","@id":"https:\/\/www.eldiariodetucuman.com\/web\/#website","url":"https:\/\/www.eldiariodetucuman.com\/web\/","name":"El Diario de Tucuman","description":"Diario Tucuman - Informaci\u00f3n y noticias","publisher":{"@id":"https:\/\/www.eldiariodetucuman.com\/web\/#organization"},"potentialAction":[{"@type":"SearchAction","target":{"@type":"EntryPoint","urlTemplate":"https:\/\/www.eldiariodetucuman.com\/web\/?s={search_term_string}"},"query-input":{"@type":"PropertyValueSpecification","valueRequired":true,"valueName":"search_term_string"}}],"inLanguage":"es"},{"@type":"Organization","@id":"https:\/\/www.eldiariodetucuman.com\/web\/#organization","name":"El Diario de Tucuman","url":"https:\/\/www.eldiariodetucuman.com\/web\/","logo":{"@type":"ImageObject","inLanguage":"es","@id":"https:\/\/www.eldiariodetucuman.com\/web\/#\/schema\/logo\/image\/","url":"http:\/\/www.eldiariodetucuman.com\/web\/wp-content\/uploads\/2017\/12\/el-diario-de-tucuman.jpg","contentUrl":"http:\/\/www.eldiariodetucuman.com\/web\/wp-content\/uploads\/2017\/12\/el-diario-de-tucuman.jpg","width":272,"height":92,"caption":"El Diario de Tucuman"},"image":{"@id":"https:\/\/www.eldiariodetucuman.com\/web\/#\/schema\/logo\/image\/"}},{"@type":"Person","@id":"https:\/\/www.eldiariodetucuman.com\/web\/#\/schema\/person\/7e6644a46e60888f6b868594407e08dd","name":"Redactor Uno","image":{"@type":"ImageObject","inLanguage":"es","@id":"https:\/\/secure.gravatar.com\/avatar\/0049b1bdf1bd548385c9ea6b9356431717930913089febd2ba904f0187d7d074?s=96&d=mm&r=g","url":"https:\/\/secure.gravatar.com\/avatar\/0049b1bdf1bd548385c9ea6b9356431717930913089febd2ba904f0187d7d074?s=96&d=mm&r=g","contentUrl":"https:\/\/secure.gravatar.com\/avatar\/0049b1bdf1bd548385c9ea6b9356431717930913089febd2ba904f0187d7d074?s=96&d=mm&r=g","caption":"Redactor Uno"},"url":"https:\/\/www.eldiariodetucuman.com\/web\/author\/mramasco\/"}]}},"_links":{"self":[{"href":"https:\/\/www.eldiariodetucuman.com\/web\/wp-json\/wp\/v2\/posts\/22044","targetHints":{"allow":["GET"]}}],"collection":[{"href":"https:\/\/www.eldiariodetucuman.com\/web\/wp-json\/wp\/v2\/posts"}],"about":[{"href":"https:\/\/www.eldiariodetucuman.com\/web\/wp-json\/wp\/v2\/types\/post"}],"author":[{"embeddable":true,"href":"https:\/\/www.eldiariodetucuman.com\/web\/wp-json\/wp\/v2\/users\/5"}],"replies":[{"embeddable":true,"href":"https:\/\/www.eldiariodetucuman.com\/web\/wp-json\/wp\/v2\/comments?post=22044"}],"version-history":[{"count":1,"href":"https:\/\/www.eldiariodetucuman.com\/web\/wp-json\/wp\/v2\/posts\/22044\/revisions"}],"predecessor-version":[{"id":22045,"href":"https:\/\/www.eldiariodetucuman.com\/web\/wp-json\/wp\/v2\/posts\/22044\/revisions\/22045"}],"wp:featuredmedia":[{"embeddable":true,"href":"https:\/\/www.eldiariodetucuman.com\/web\/wp-json\/wp\/v2\/media\/18073"}],"wp:attachment":[{"href":"https:\/\/www.eldiariodetucuman.com\/web\/wp-json\/wp\/v2\/media?parent=22044"}],"wp:term":[{"taxonomy":"category","embeddable":true,"href":"https:\/\/www.eldiariodetucuman.com\/web\/wp-json\/wp\/v2\/categories?post=22044"},{"taxonomy":"post_tag","embeddable":true,"href":"https:\/\/www.eldiariodetucuman.com\/web\/wp-json\/wp\/v2\/tags?post=22044"}],"curies":[{"name":"wp","href":"https:\/\/api.w.org\/{rel}","templated":true}]}}