{"id":22039,"date":"2019-02-08T11:26:23","date_gmt":"2019-02-08T14:26:23","guid":{"rendered":"http:\/\/www.eldiariodetucuman.com\/web\/?p=22039"},"modified":"2019-02-08T11:26:23","modified_gmt":"2019-02-08T14:26:23","slug":"otra-abuela-tucumana-victima-de-estafadores","status":"publish","type":"post","link":"https:\/\/www.eldiariodetucuman.com\/web\/otra-abuela-tucumana-victima-de-estafadores\/","title":{"rendered":"Otra abuela tucumana v\u00edctima de estafadores"},"content":{"rendered":"<div class=\"f-right\">\n<p>Se buscan las im\u00e1genes de las c\u00e1maras de seguridad de los edificios ubicados por avenida Avellaneda.<\/p>\n<p><!--more--><\/p>\n<p>La abuela tiene 82 a\u00f1os de edad. El martes recibi\u00f3 un llamado telef\u00f3nico de una mujer, quien le ped\u00eda esa suma de dinero para el pago de rescate.<\/p>\n<p>El martes a la tarde la anciana recibi\u00f3 el llamado a su casa de calle\u00a0<strong>Guatemala primera cuadra<\/strong>. Una mujer se identific\u00f3 como empleada del banco, ah\u00ed ten\u00edan retenido a uno de sus nietos le avisa mientras que de fondo se escuchaba a una persona decir:<strong>\u00a0\u201cabuela dale la plata porque aqu\u00ed lo tienen y no lo dejan salir\u201d<\/strong>.<\/p>\n<p>La anciana se alarm\u00f3 y fue ah\u00ed que la mujer le dijo que un contador, llamado\u00a0<strong>Pablo Guti\u00e9rrez<\/strong>, iba a pasar por su casa a retirar el dinero antes que el banco cierre. Le pidi\u00f3 antes saber cu\u00e1nto dinero iba a darles.<\/p>\n<p>La abuela, desesperada, corta el tel\u00e9fono y sale a la calle gritando por ayuda para bajar el dinero. Un joven, de un bar de la esquina de su casa, la ayuda a bajar la maleta de arriba del ropero donde ten\u00eda los ahorros de su vida.<\/p>\n<\/div>\n<div class=\"caja\">\n<div id=\"noticiaint\">\n<div id=\"txtcontenido\">\n<p>Vuelve a sonar el tel\u00e9fono. El chico que ayudaba a la abuela atiende. La mujer, que hab\u00eda llamado la primera vez, pregunta cu\u00e1nto hab\u00eda de dinero, a lo que el joven le pregunta si por qu\u00e9 quer\u00eda saberlo, la abuela, muy alterada, grita desde atr\u00e1s que ten\u00eda\u00a0<strong>$250 mil.<\/strong><\/p>\n<p>El joven que la ayudaba le dice que hable a su hija y vuelve a su trabajo. Pero la anciana, muy preocupada por sus nietos sale a la calle a gritar el nombre de Pablo Guti\u00e9rrez, ah\u00ed fue que un hombre vestido como\u00a0<strong>personal de seguridad de un banco<\/strong>\u00a0se acerca y se identifica. La mujer lo lleva adentro de su casa y le entrega el dinero.<\/p>\n<p>Justo en ese momento llega a la casa la hija de crianza de la mujer y pregunta qu\u00e9 era lo que pasaba, pero la anciana le pide que no pregunte nada porque ten\u00edan a sus nietos secuestrados.<\/p>\n<p>El sujeto agarr\u00f3 la maleta con el dinero y se fue de la casa. En la esquina de Guatemala y Avellaneda, un auto blanco con dos hombres adentro lo esperaba.<\/p>\n<p>Una de sus hijas fue la que llam\u00f3 a la Polic\u00eda y cont\u00f3 lo que hab\u00eda pasado. Se brindaron detalles espec\u00edficos del hombre llamado Pablo Guti\u00e9rrez, ya que muchas personas lograron verlo, esperando con esto poder identificarlo.<\/p>\n<p>Adem\u00e1s se buscan las im\u00e1genes de las c\u00e1maras de seguridad de los edificios ubicados por avenida Avellaneda, por donde escap\u00f3 el sospechoso en un auto blanco.<\/p>\n<\/div>\n<\/div>\n<\/div>\n","protected":false},"excerpt":{"rendered":"<p>Se buscan las im\u00e1genes de las c\u00e1maras de seguridad de los edificios ubicados por avenida Avellaneda.<\/p>\n","protected":false},"author":5,"featured_media":22040,"comment_status":"closed","ping_status":"open","sticky":false,"template":"","format":"standard","meta":{"footnotes":""},"categories":[2],"tags":[2423,2109,2315,61],"class_list":{"0":"post-22039","1":"post","2":"type-post","3":"status-publish","4":"format-standard","5":"has-post-thumbnail","7":"category-actualidad","8":"tag-abuela","9":"tag-cuento-del-tio","10":"tag-estafa","11":"tag-tucuman"},"yoast_head":"<!-- This site is optimized with the Yoast SEO plugin v27.4 - https:\/\/yoast.com\/product\/yoast-seo-wordpress\/ -->\n<title>Otra abuela tucumana v\u00edctima de estafadores - El Diario de Tucuman<\/title>\n<meta name=\"robots\" content=\"index, follow, max-snippet:-1, max-image-preview:large, max-video-preview:-1\" \/>\n<link rel=\"canonical\" href=\"https:\/\/www.eldiariodetucuman.com\/web\/otra-abuela-tucumana-victima-de-estafadores\/\" \/>\n<meta property=\"og:locale\" content=\"es_ES\" \/>\n<meta property=\"og:type\" content=\"article\" \/>\n<meta property=\"og:title\" content=\"Otra abuela tucumana v\u00edctima de estafadores - El Diario de Tucuman\" \/>\n<meta property=\"og:description\" content=\"Se buscan las im\u00e1genes de las c\u00e1maras de seguridad de los edificios ubicados por avenida Avellaneda.\" \/>\n<meta property=\"og:url\" content=\"https:\/\/www.eldiariodetucuman.com\/web\/otra-abuela-tucumana-victima-de-estafadores\/\" \/>\n<meta property=\"og:site_name\" content=\"El Diario de Tucuman\" \/>\n<meta property=\"article:published_time\" content=\"2019-02-08T14:26:23+00:00\" \/>\n<meta property=\"og:image\" content=\"https:\/\/www.eldiariodetucuman.com\/web\/wp-content\/uploads\/2019\/02\/avenidaavellaneda.jpg\" \/>\n\t<meta property=\"og:image:width\" content=\"900\" \/>\n\t<meta property=\"og:image:height\" content=\"450\" \/>\n\t<meta property=\"og:image:type\" content=\"image\/jpeg\" \/>\n<meta name=\"author\" content=\"Redactor Uno\" \/>\n<meta name=\"twitter:card\" content=\"summary_large_image\" \/>\n<meta name=\"twitter:label1\" content=\"Escrito por\" \/>\n\t<meta name=\"twitter:data1\" content=\"Redactor Uno\" \/>\n\t<meta name=\"twitter:label2\" content=\"Tiempo de lectura\" \/>\n\t<meta name=\"twitter:data2\" content=\"2 minutos\" \/>\n<script type=\"application\/ld+json\" class=\"yoast-schema-graph\">{\"@context\":\"https:\\\/\\\/schema.org\",\"@graph\":[{\"@type\":\"Article\",\"@id\":\"https:\\\/\\\/www.eldiariodetucuman.com\\\/web\\\/otra-abuela-tucumana-victima-de-estafadores\\\/#article\",\"isPartOf\":{\"@id\":\"https:\\\/\\\/www.eldiariodetucuman.com\\\/web\\\/otra-abuela-tucumana-victima-de-estafadores\\\/\"},\"author\":{\"name\":\"Redactor Uno\",\"@id\":\"https:\\\/\\\/www.eldiariodetucuman.com\\\/web\\\/#\\\/schema\\\/person\\\/7e6644a46e60888f6b868594407e08dd\"},\"headline\":\"Otra abuela tucumana v\u00edctima de estafadores\",\"datePublished\":\"2019-02-08T14:26:23+00:00\",\"mainEntityOfPage\":{\"@id\":\"https:\\\/\\\/www.eldiariodetucuman.com\\\/web\\\/otra-abuela-tucumana-victima-de-estafadores\\\/\"},\"wordCount\":468,\"publisher\":{\"@id\":\"https:\\\/\\\/www.eldiariodetucuman.com\\\/web\\\/#organization\"},\"image\":{\"@id\":\"https:\\\/\\\/www.eldiariodetucuman.com\\\/web\\\/otra-abuela-tucumana-victima-de-estafadores\\\/#primaryimage\"},\"thumbnailUrl\":\"https:\\\/\\\/www.eldiariodetucuman.com\\\/web\\\/wp-content\\\/uploads\\\/2019\\\/02\\\/avenidaavellaneda.jpg\",\"keywords\":[\"abuela\",\"cuento del tio\",\"estafa\",\"Tucuman\"],\"articleSection\":[\"Actualidad\"],\"inLanguage\":\"es\"},{\"@type\":\"WebPage\",\"@id\":\"https:\\\/\\\/www.eldiariodetucuman.com\\\/web\\\/otra-abuela-tucumana-victima-de-estafadores\\\/\",\"url\":\"https:\\\/\\\/www.eldiariodetucuman.com\\\/web\\\/otra-abuela-tucumana-victima-de-estafadores\\\/\",\"name\":\"Otra abuela tucumana v\u00edctima de estafadores - El Diario de Tucuman\",\"isPartOf\":{\"@id\":\"https:\\\/\\\/www.eldiariodetucuman.com\\\/web\\\/#website\"},\"primaryImageOfPage\":{\"@id\":\"https:\\\/\\\/www.eldiariodetucuman.com\\\/web\\\/otra-abuela-tucumana-victima-de-estafadores\\\/#primaryimage\"},\"image\":{\"@id\":\"https:\\\/\\\/www.eldiariodetucuman.com\\\/web\\\/otra-abuela-tucumana-victima-de-estafadores\\\/#primaryimage\"},\"thumbnailUrl\":\"https:\\\/\\\/www.eldiariodetucuman.com\\\/web\\\/wp-content\\\/uploads\\\/2019\\\/02\\\/avenidaavellaneda.jpg\",\"datePublished\":\"2019-02-08T14:26:23+00:00\",\"breadcrumb\":{\"@id\":\"https:\\\/\\\/www.eldiariodetucuman.com\\\/web\\\/otra-abuela-tucumana-victima-de-estafadores\\\/#breadcrumb\"},\"inLanguage\":\"es\",\"potentialAction\":[{\"@type\":\"ReadAction\",\"target\":[\"https:\\\/\\\/www.eldiariodetucuman.com\\\/web\\\/otra-abuela-tucumana-victima-de-estafadores\\\/\"]}]},{\"@type\":\"ImageObject\",\"inLanguage\":\"es\",\"@id\":\"https:\\\/\\\/www.eldiariodetucuman.com\\\/web\\\/otra-abuela-tucumana-victima-de-estafadores\\\/#primaryimage\",\"url\":\"https:\\\/\\\/www.eldiariodetucuman.com\\\/web\\\/wp-content\\\/uploads\\\/2019\\\/02\\\/avenidaavellaneda.jpg\",\"contentUrl\":\"https:\\\/\\\/www.eldiariodetucuman.com\\\/web\\\/wp-content\\\/uploads\\\/2019\\\/02\\\/avenidaavellaneda.jpg\",\"width\":900,\"height\":450},{\"@type\":\"BreadcrumbList\",\"@id\":\"https:\\\/\\\/www.eldiariodetucuman.com\\\/web\\\/otra-abuela-tucumana-victima-de-estafadores\\\/#breadcrumb\",\"itemListElement\":[{\"@type\":\"ListItem\",\"position\":1,\"name\":\"Portada\",\"item\":\"https:\\\/\\\/www.eldiariodetucuman.com\\\/web\\\/\"},{\"@type\":\"ListItem\",\"position\":2,\"name\":\"Otra abuela tucumana v\u00edctima de estafadores\"}]},{\"@type\":\"WebSite\",\"@id\":\"https:\\\/\\\/www.eldiariodetucuman.com\\\/web\\\/#website\",\"url\":\"https:\\\/\\\/www.eldiariodetucuman.com\\\/web\\\/\",\"name\":\"El Diario de Tucuman\",\"description\":\"Diario Tucuman - Informaci\u00f3n y noticias\",\"publisher\":{\"@id\":\"https:\\\/\\\/www.eldiariodetucuman.com\\\/web\\\/#organization\"},\"potentialAction\":[{\"@type\":\"SearchAction\",\"target\":{\"@type\":\"EntryPoint\",\"urlTemplate\":\"https:\\\/\\\/www.eldiariodetucuman.com\\\/web\\\/?s={search_term_string}\"},\"query-input\":{\"@type\":\"PropertyValueSpecification\",\"valueRequired\":true,\"valueName\":\"search_term_string\"}}],\"inLanguage\":\"es\"},{\"@type\":\"Organization\",\"@id\":\"https:\\\/\\\/www.eldiariodetucuman.com\\\/web\\\/#organization\",\"name\":\"El Diario de Tucuman\",\"url\":\"https:\\\/\\\/www.eldiariodetucuman.com\\\/web\\\/\",\"logo\":{\"@type\":\"ImageObject\",\"inLanguage\":\"es\",\"@id\":\"https:\\\/\\\/www.eldiariodetucuman.com\\\/web\\\/#\\\/schema\\\/logo\\\/image\\\/\",\"url\":\"http:\\\/\\\/www.eldiariodetucuman.com\\\/web\\\/wp-content\\\/uploads\\\/2017\\\/12\\\/el-diario-de-tucuman.jpg\",\"contentUrl\":\"http:\\\/\\\/www.eldiariodetucuman.com\\\/web\\\/wp-content\\\/uploads\\\/2017\\\/12\\\/el-diario-de-tucuman.jpg\",\"width\":272,\"height\":92,\"caption\":\"El Diario de Tucuman\"},\"image\":{\"@id\":\"https:\\\/\\\/www.eldiariodetucuman.com\\\/web\\\/#\\\/schema\\\/logo\\\/image\\\/\"}},{\"@type\":\"Person\",\"@id\":\"https:\\\/\\\/www.eldiariodetucuman.com\\\/web\\\/#\\\/schema\\\/person\\\/7e6644a46e60888f6b868594407e08dd\",\"name\":\"Redactor Uno\",\"image\":{\"@type\":\"ImageObject\",\"inLanguage\":\"es\",\"@id\":\"https:\\\/\\\/secure.gravatar.com\\\/avatar\\\/0049b1bdf1bd548385c9ea6b9356431717930913089febd2ba904f0187d7d074?s=96&d=mm&r=g\",\"url\":\"https:\\\/\\\/secure.gravatar.com\\\/avatar\\\/0049b1bdf1bd548385c9ea6b9356431717930913089febd2ba904f0187d7d074?s=96&d=mm&r=g\",\"contentUrl\":\"https:\\\/\\\/secure.gravatar.com\\\/avatar\\\/0049b1bdf1bd548385c9ea6b9356431717930913089febd2ba904f0187d7d074?s=96&d=mm&r=g\",\"caption\":\"Redactor Uno\"},\"url\":\"https:\\\/\\\/www.eldiariodetucuman.com\\\/web\\\/author\\\/mramasco\\\/\"}]}<\/script>\n<!-- \/ Yoast SEO plugin. -->","yoast_head_json":{"title":"Otra abuela tucumana v\u00edctima de estafadores - El Diario de Tucuman","robots":{"index":"index","follow":"follow","max-snippet":"max-snippet:-1","max-image-preview":"max-image-preview:large","max-video-preview":"max-video-preview:-1"},"canonical":"https:\/\/www.eldiariodetucuman.com\/web\/otra-abuela-tucumana-victima-de-estafadores\/","og_locale":"es_ES","og_type":"article","og_title":"Otra abuela tucumana v\u00edctima de estafadores - El Diario de Tucuman","og_description":"Se buscan las im\u00e1genes de las c\u00e1maras de seguridad de los edificios ubicados por avenida Avellaneda.","og_url":"https:\/\/www.eldiariodetucuman.com\/web\/otra-abuela-tucumana-victima-de-estafadores\/","og_site_name":"El Diario de Tucuman","article_published_time":"2019-02-08T14:26:23+00:00","og_image":[{"width":900,"height":450,"url":"https:\/\/www.eldiariodetucuman.com\/web\/wp-content\/uploads\/2019\/02\/avenidaavellaneda.jpg","type":"image\/jpeg"}],"author":"Redactor Uno","twitter_card":"summary_large_image","twitter_misc":{"Escrito por":"Redactor Uno","Tiempo de lectura":"2 minutos"},"schema":{"@context":"https:\/\/schema.org","@graph":[{"@type":"Article","@id":"https:\/\/www.eldiariodetucuman.com\/web\/otra-abuela-tucumana-victima-de-estafadores\/#article","isPartOf":{"@id":"https:\/\/www.eldiariodetucuman.com\/web\/otra-abuela-tucumana-victima-de-estafadores\/"},"author":{"name":"Redactor Uno","@id":"https:\/\/www.eldiariodetucuman.com\/web\/#\/schema\/person\/7e6644a46e60888f6b868594407e08dd"},"headline":"Otra abuela tucumana v\u00edctima de estafadores","datePublished":"2019-02-08T14:26:23+00:00","mainEntityOfPage":{"@id":"https:\/\/www.eldiariodetucuman.com\/web\/otra-abuela-tucumana-victima-de-estafadores\/"},"wordCount":468,"publisher":{"@id":"https:\/\/www.eldiariodetucuman.com\/web\/#organization"},"image":{"@id":"https:\/\/www.eldiariodetucuman.com\/web\/otra-abuela-tucumana-victima-de-estafadores\/#primaryimage"},"thumbnailUrl":"https:\/\/www.eldiariodetucuman.com\/web\/wp-content\/uploads\/2019\/02\/avenidaavellaneda.jpg","keywords":["abuela","cuento del tio","estafa","Tucuman"],"articleSection":["Actualidad"],"inLanguage":"es"},{"@type":"WebPage","@id":"https:\/\/www.eldiariodetucuman.com\/web\/otra-abuela-tucumana-victima-de-estafadores\/","url":"https:\/\/www.eldiariodetucuman.com\/web\/otra-abuela-tucumana-victima-de-estafadores\/","name":"Otra abuela tucumana v\u00edctima de estafadores - El Diario de Tucuman","isPartOf":{"@id":"https:\/\/www.eldiariodetucuman.com\/web\/#website"},"primaryImageOfPage":{"@id":"https:\/\/www.eldiariodetucuman.com\/web\/otra-abuela-tucumana-victima-de-estafadores\/#primaryimage"},"image":{"@id":"https:\/\/www.eldiariodetucuman.com\/web\/otra-abuela-tucumana-victima-de-estafadores\/#primaryimage"},"thumbnailUrl":"https:\/\/www.eldiariodetucuman.com\/web\/wp-content\/uploads\/2019\/02\/avenidaavellaneda.jpg","datePublished":"2019-02-08T14:26:23+00:00","breadcrumb":{"@id":"https:\/\/www.eldiariodetucuman.com\/web\/otra-abuela-tucumana-victima-de-estafadores\/#breadcrumb"},"inLanguage":"es","potentialAction":[{"@type":"ReadAction","target":["https:\/\/www.eldiariodetucuman.com\/web\/otra-abuela-tucumana-victima-de-estafadores\/"]}]},{"@type":"ImageObject","inLanguage":"es","@id":"https:\/\/www.eldiariodetucuman.com\/web\/otra-abuela-tucumana-victima-de-estafadores\/#primaryimage","url":"https:\/\/www.eldiariodetucuman.com\/web\/wp-content\/uploads\/2019\/02\/avenidaavellaneda.jpg","contentUrl":"https:\/\/www.eldiariodetucuman.com\/web\/wp-content\/uploads\/2019\/02\/avenidaavellaneda.jpg","width":900,"height":450},{"@type":"BreadcrumbList","@id":"https:\/\/www.eldiariodetucuman.com\/web\/otra-abuela-tucumana-victima-de-estafadores\/#breadcrumb","itemListElement":[{"@type":"ListItem","position":1,"name":"Portada","item":"https:\/\/www.eldiariodetucuman.com\/web\/"},{"@type":"ListItem","position":2,"name":"Otra abuela tucumana v\u00edctima de estafadores"}]},{"@type":"WebSite","@id":"https:\/\/www.eldiariodetucuman.com\/web\/#website","url":"https:\/\/www.eldiariodetucuman.com\/web\/","name":"El Diario de Tucuman","description":"Diario Tucuman - Informaci\u00f3n y noticias","publisher":{"@id":"https:\/\/www.eldiariodetucuman.com\/web\/#organization"},"potentialAction":[{"@type":"SearchAction","target":{"@type":"EntryPoint","urlTemplate":"https:\/\/www.eldiariodetucuman.com\/web\/?s={search_term_string}"},"query-input":{"@type":"PropertyValueSpecification","valueRequired":true,"valueName":"search_term_string"}}],"inLanguage":"es"},{"@type":"Organization","@id":"https:\/\/www.eldiariodetucuman.com\/web\/#organization","name":"El Diario de Tucuman","url":"https:\/\/www.eldiariodetucuman.com\/web\/","logo":{"@type":"ImageObject","inLanguage":"es","@id":"https:\/\/www.eldiariodetucuman.com\/web\/#\/schema\/logo\/image\/","url":"http:\/\/www.eldiariodetucuman.com\/web\/wp-content\/uploads\/2017\/12\/el-diario-de-tucuman.jpg","contentUrl":"http:\/\/www.eldiariodetucuman.com\/web\/wp-content\/uploads\/2017\/12\/el-diario-de-tucuman.jpg","width":272,"height":92,"caption":"El Diario de Tucuman"},"image":{"@id":"https:\/\/www.eldiariodetucuman.com\/web\/#\/schema\/logo\/image\/"}},{"@type":"Person","@id":"https:\/\/www.eldiariodetucuman.com\/web\/#\/schema\/person\/7e6644a46e60888f6b868594407e08dd","name":"Redactor Uno","image":{"@type":"ImageObject","inLanguage":"es","@id":"https:\/\/secure.gravatar.com\/avatar\/0049b1bdf1bd548385c9ea6b9356431717930913089febd2ba904f0187d7d074?s=96&d=mm&r=g","url":"https:\/\/secure.gravatar.com\/avatar\/0049b1bdf1bd548385c9ea6b9356431717930913089febd2ba904f0187d7d074?s=96&d=mm&r=g","contentUrl":"https:\/\/secure.gravatar.com\/avatar\/0049b1bdf1bd548385c9ea6b9356431717930913089febd2ba904f0187d7d074?s=96&d=mm&r=g","caption":"Redactor Uno"},"url":"https:\/\/www.eldiariodetucuman.com\/web\/author\/mramasco\/"}]}},"_links":{"self":[{"href":"https:\/\/www.eldiariodetucuman.com\/web\/wp-json\/wp\/v2\/posts\/22039","targetHints":{"allow":["GET"]}}],"collection":[{"href":"https:\/\/www.eldiariodetucuman.com\/web\/wp-json\/wp\/v2\/posts"}],"about":[{"href":"https:\/\/www.eldiariodetucuman.com\/web\/wp-json\/wp\/v2\/types\/post"}],"author":[{"embeddable":true,"href":"https:\/\/www.eldiariodetucuman.com\/web\/wp-json\/wp\/v2\/users\/5"}],"replies":[{"embeddable":true,"href":"https:\/\/www.eldiariodetucuman.com\/web\/wp-json\/wp\/v2\/comments?post=22039"}],"version-history":[{"count":1,"href":"https:\/\/www.eldiariodetucuman.com\/web\/wp-json\/wp\/v2\/posts\/22039\/revisions"}],"predecessor-version":[{"id":22041,"href":"https:\/\/www.eldiariodetucuman.com\/web\/wp-json\/wp\/v2\/posts\/22039\/revisions\/22041"}],"wp:featuredmedia":[{"embeddable":true,"href":"https:\/\/www.eldiariodetucuman.com\/web\/wp-json\/wp\/v2\/media\/22040"}],"wp:attachment":[{"href":"https:\/\/www.eldiariodetucuman.com\/web\/wp-json\/wp\/v2\/media?parent=22039"}],"wp:term":[{"taxonomy":"category","embeddable":true,"href":"https:\/\/www.eldiariodetucuman.com\/web\/wp-json\/wp\/v2\/categories?post=22039"},{"taxonomy":"post_tag","embeddable":true,"href":"https:\/\/www.eldiariodetucuman.com\/web\/wp-json\/wp\/v2\/tags?post=22039"}],"curies":[{"name":"wp","href":"https:\/\/api.w.org\/{rel}","templated":true}]}}