{"id":22035,"date":"2019-02-08T10:49:14","date_gmt":"2019-02-08T13:49:14","guid":{"rendered":"http:\/\/www.eldiariodetucuman.com\/web\/?p=22035"},"modified":"2019-02-08T10:49:14","modified_gmt":"2019-02-08T13:49:14","slug":"la-provincia-insiste-que-no-debe-indemnizar-a-la-hija-de-paulina-lebbos","status":"publish","type":"post","link":"https:\/\/www.eldiariodetucuman.com\/web\/la-provincia-insiste-que-no-debe-indemnizar-a-la-hija-de-paulina-lebbos\/","title":{"rendered":"La Provincia insiste que no debe indemnizar a la hija de Paulina Lebbos"},"content":{"rendered":"<header class=\"entry-header\"><\/header>\n<div class=\"herald-post-thumbnail herald-post-thumbnail-single\">Los abogados que representan a la Provincia de Tucum\u00e1n ratificaron que el Poder Ejecutivo no deber\u00eda pagar la demanda de $ 10,6 millones planteada por\u00a0<strong>Alberto Lebbos<\/strong>\u00a0en beneficio su nieta, la hija de\u00a0<strong>Paulina Lebbos<\/strong>, por el asesinato de la joven y el posterior encubrimiento del hecho.<\/div>\n<p><!--more--><\/p>\n<p class=\"herald-post-thumbnail herald-post-thumbnail-single\">\u201cHemos rechazado (los pedidos) conforme a las pruebas de la causa y a lo que se encuentra tarifado dentro del c\u00f3digo civil aplicable al caso\u201d, explic\u00f3\u00a0<strong>Carlos Paraj\u00f3n Ferullo<\/strong>, quien concluy\u00f3 ayer con la exposici\u00f3n que hab\u00eda iniciado el martes pasado junto con\u00a0<strong>Cecilia Vaccaro<\/strong>.<\/p>\n<p class=\"herald-post-thumbnail herald-post-thumbnail-single\">El alegato de los abogados, que tom\u00f3 dos sesiones en total, se centr\u00f3 en el grado de imputaci\u00f3n de responsabilidad que le corresponder\u00eda al Estado en la demanda civil. En esta ocasi\u00f3n, Paraj\u00f3n Ferullo sostuvo que no se ha probado en ning\u00fan momento que el Estado fuera directamente responsable del encubrimiento por el que se lo acusa; y que tampoco est\u00e1 enunciado el tipo de ocultaci\u00f3n. \u201cEl nexo causal debe ser claramente establecido, tanto en su inmediatez como en su relaci\u00f3n directa con el hecho original; no pudiendo quedar sujeto a subjetividades o meras conjeturas\u201d, expres\u00f3, citando la doctrina de la causalidad.<\/p>\n<p class=\"herald-post-thumbnail herald-post-thumbnail-single\">El abogado se refiri\u00f3 tambi\u00e9n a los puntos en los que, a su criterio, \u201cflaquea\u201d el planteo de resarcimiento de Lebbos.<\/p>\n<div class=\"entry-content herald-entry-content\">\n<p><strong>Reclamos y respuestas<\/strong><\/p>\n<p>El \u201cda\u00f1o emergente\u201d se entiende como la p\u00e9rdida de patrimonio ya existente de la v\u00edctima, aleg\u00f3 el letrado. Uno de los par\u00e1metros sobre los que se funda el pedido de resarcimiento es la proyecci\u00f3n del salario m\u00ednimo vital y m\u00f3vil que Paulina hubiera recibido si hubiese trabajado hasta cumplir la edad de jubilaci\u00f3n (60). Sobre esto, Paraj\u00f3n Ferullo expuso que este ser\u00eda un error conceptual. Hasta el momento de su desaparici\u00f3n, \u201cella no cobraba un salario\u201d, manifest\u00f3, por lo que no se puede percibir con claridad cu\u00e1nto dinero habr\u00eda ganado hasta jubilarse. \u201cNo puede tratarse el da\u00f1o emergente como un da\u00f1o eventual, hipot\u00e9tico o una simple suposici\u00f3n\u201d, sentenci\u00f3.<\/p>\n<p>Otro punto es el de \u201clucro cesante\u201d. El alegato inicial postulaba que, siendo Paulina madre de\u00a0<strong>Leticia Victoria Lebbos<\/strong>, su desaparici\u00f3n y muerte habr\u00edan cortado el \u00fanico sost\u00e9n de manutenci\u00f3n que habr\u00eda tenido la entonces ni\u00f1a de cinco a\u00f1os, y se habr\u00eda proyectado 37 a\u00f1os de ese gasto. Paraj\u00f3n Ferullo dijo que \u201cen realidad se reducir\u00edan a 12, que es lo que le faltar\u00eda a Victoria para llegar a la mayor\u00eda de edad cuando se produjo la muerte de Paulina\u201d. Adem\u00e1s, asegur\u00f3 que las audiencias y testimonios dieron cuenta de que \u201c(Victoria) hab\u00eda sido siempre mantenida econ\u00f3micamente por el se\u00f1or Alberto Lebbos\u201d. Reiter\u00f3 que Paulina no participaba de una actividad rentada que le hubiera permitido mantener a su hija, adem\u00e1s de que viv\u00edan en la casa del padre de Paulina.<\/p>\n<p>As\u00ed, sigui\u00f3 por la \u201cp\u00e9rdida de chance\u201d, considerando que en el caso de Paulina \u201cera todo potencialidad\u201d, pero que el an\u00e1lisis ten\u00eda que ser mucho m\u00e1s exhaustivo que en la demanda original.<\/p>\n<p>El abogado concluy\u00f3 refiri\u00e9ndose al concepto de da\u00f1o moral. Se acusa a la Provincia de falta en el servicio de seguridad, pero el profesional remarc\u00f3 \u201cla nula inexistencia de pruebas de dolo. Podemos criticar lo que se ha hecho, pero, \u00bfeso es prueba de dolo?\u201d.<\/p>\n<p>\u201cLa acci\u00f3n civil se basa en el argumento de que, si no se obtuvo un culpable del dantesco homicidio, todos debemos pagarlo\u201d, afirm\u00f3.<\/p>\n<p>Paraj\u00f3n Ferullo concluy\u00f3 con la aseveraci\u00f3n de que la causa civil estar\u00eda diluyendo \u201cel \u00fanico y verdadero hecho da\u00f1oso en esta causa no es otro que la desaparici\u00f3n y muerte de Paulina\u201d.<\/p>\n<p><strong>El diario del juicio<br \/>\n<\/strong><em>La recta final<\/em><\/p>\n<p>Con la exposici\u00f3n de\u00a0<strong>Carlos Paraj\u00f3n Ferullo<\/strong>\u00a0y de\u00a0<strong>Cecilia Vaccaro\u00a0<\/strong>concluy\u00f3 el alegato de los abogados defensores de la Provincia de Tucum\u00e1n. Esta fue la \u00faltima de las sesiones de esta naturaleza.<\/p>\n<p>Hoy, desde las 8.30, tendr\u00e1 lugar en Tribunales (Pasaje V\u00e9lez S\u00e1rsfield 450) la r\u00e9plica del fiscal\u00a0<strong>Carlos Sale<\/strong>\u00a0a los alegatos presentados por todas las partes.<\/p>\n<p>Para el jueves 14 y viernes 15, est\u00e1n programadas las d\u00faplicas: respuestas que se presentar\u00e1n ante el Tribunal.<\/p>\n<p>Lo \u00fanico que restar\u00eda confirmar son las fechas en que tendr\u00e1n lugar las palabras finales y la sentencia del juicio.<\/p>\n<p>Sin embargo, se estima que si los pasos previos se dan con normalidad, el fallo podr\u00eda ser dictado antes de que finalice el mes.<\/p>\n<p>Fuente\u00a0<a href=\"https:\/\/www.lagaceta.com.ar\/nota\/797447\/actualidad\/provincia-ratifica-no-debe-indemnizar-hija-paulina-lebbos.html\">La Gaceta<\/a><\/p>\n<\/div>\n","protected":false},"excerpt":{"rendered":"<p>Los abogados que representan a la Provincia de Tucum\u00e1n ratificaron que el Poder Ejecutivo no deber\u00eda pagar la demanda de $ 10,6 millones planteada por\u00a0Alberto Lebbos\u00a0en beneficio su nieta, la hija de\u00a0Paulina Lebbos, por el asesinato de la joven y el posterior encubrimiento del hecho.<\/p>\n","protected":false},"author":5,"featured_media":22036,"comment_status":"closed","ping_status":"open","sticky":false,"template":"","format":"standard","meta":{"footnotes":""},"categories":[1],"tags":[2006,2421,2422],"class_list":{"0":"post-22035","1":"post","2":"type-post","3":"status-publish","4":"format-standard","5":"has-post-thumbnail","7":"category-portada","8":"tag-juicio","9":"tag-lebbos","10":"tag-paulina"},"yoast_head":"<!-- This site is optimized with the Yoast SEO plugin v27.4 - https:\/\/yoast.com\/product\/yoast-seo-wordpress\/ -->\n<title>La Provincia insiste que no debe indemnizar a la hija de Paulina Lebbos - El Diario de Tucuman<\/title>\n<meta name=\"robots\" content=\"index, follow, max-snippet:-1, max-image-preview:large, max-video-preview:-1\" \/>\n<link rel=\"canonical\" href=\"https:\/\/www.eldiariodetucuman.com\/web\/la-provincia-insiste-que-no-debe-indemnizar-a-la-hija-de-paulina-lebbos\/\" \/>\n<meta property=\"og:locale\" content=\"es_ES\" \/>\n<meta property=\"og:type\" content=\"article\" \/>\n<meta property=\"og:title\" content=\"La Provincia insiste que no debe indemnizar a la hija de Paulina Lebbos - El Diario de Tucuman\" \/>\n<meta property=\"og:description\" content=\"Los abogados que representan a la Provincia de Tucum\u00e1n ratificaron que el Poder Ejecutivo no deber\u00eda pagar la demanda de $ 10,6 millones planteada por\u00a0Alberto Lebbos\u00a0en beneficio su nieta, la hija de\u00a0Paulina Lebbos, por el asesinato de la joven y el posterior encubrimiento del hecho.\" \/>\n<meta property=\"og:url\" content=\"https:\/\/www.eldiariodetucuman.com\/web\/la-provincia-insiste-que-no-debe-indemnizar-a-la-hija-de-paulina-lebbos\/\" \/>\n<meta property=\"og:site_name\" content=\"El Diario de Tucuman\" \/>\n<meta property=\"article:published_time\" content=\"2019-02-08T13:49:14+00:00\" \/>\n<meta property=\"og:image\" content=\"https:\/\/www.eldiariodetucuman.com\/web\/wp-content\/uploads\/2019\/02\/lebbos.jpg\" \/>\n\t<meta property=\"og:image:width\" content=\"641\" \/>\n\t<meta property=\"og:image:height\" content=\"427\" \/>\n\t<meta property=\"og:image:type\" content=\"image\/jpeg\" \/>\n<meta name=\"author\" content=\"Redactor Uno\" \/>\n<meta name=\"twitter:card\" content=\"summary_large_image\" \/>\n<meta name=\"twitter:label1\" content=\"Escrito por\" \/>\n\t<meta name=\"twitter:data1\" content=\"Redactor Uno\" \/>\n\t<meta name=\"twitter:label2\" content=\"Tiempo de lectura\" \/>\n\t<meta name=\"twitter:data2\" content=\"4 minutos\" \/>\n<script type=\"application\/ld+json\" class=\"yoast-schema-graph\">{\"@context\":\"https:\\\/\\\/schema.org\",\"@graph\":[{\"@type\":\"Article\",\"@id\":\"https:\\\/\\\/www.eldiariodetucuman.com\\\/web\\\/la-provincia-insiste-que-no-debe-indemnizar-a-la-hija-de-paulina-lebbos\\\/#article\",\"isPartOf\":{\"@id\":\"https:\\\/\\\/www.eldiariodetucuman.com\\\/web\\\/la-provincia-insiste-que-no-debe-indemnizar-a-la-hija-de-paulina-lebbos\\\/\"},\"author\":{\"name\":\"Redactor Uno\",\"@id\":\"https:\\\/\\\/www.eldiariodetucuman.com\\\/web\\\/#\\\/schema\\\/person\\\/7e6644a46e60888f6b868594407e08dd\"},\"headline\":\"La Provincia insiste que no debe indemnizar a la hija de Paulina Lebbos\",\"datePublished\":\"2019-02-08T13:49:14+00:00\",\"mainEntityOfPage\":{\"@id\":\"https:\\\/\\\/www.eldiariodetucuman.com\\\/web\\\/la-provincia-insiste-que-no-debe-indemnizar-a-la-hija-de-paulina-lebbos\\\/\"},\"wordCount\":798,\"publisher\":{\"@id\":\"https:\\\/\\\/www.eldiariodetucuman.com\\\/web\\\/#organization\"},\"image\":{\"@id\":\"https:\\\/\\\/www.eldiariodetucuman.com\\\/web\\\/la-provincia-insiste-que-no-debe-indemnizar-a-la-hija-de-paulina-lebbos\\\/#primaryimage\"},\"thumbnailUrl\":\"https:\\\/\\\/www.eldiariodetucuman.com\\\/web\\\/wp-content\\\/uploads\\\/2019\\\/02\\\/lebbos.jpg\",\"keywords\":[\"juicio\",\"Lebbos\",\"Paulina\"],\"articleSection\":[\"Portada\"],\"inLanguage\":\"es\"},{\"@type\":\"WebPage\",\"@id\":\"https:\\\/\\\/www.eldiariodetucuman.com\\\/web\\\/la-provincia-insiste-que-no-debe-indemnizar-a-la-hija-de-paulina-lebbos\\\/\",\"url\":\"https:\\\/\\\/www.eldiariodetucuman.com\\\/web\\\/la-provincia-insiste-que-no-debe-indemnizar-a-la-hija-de-paulina-lebbos\\\/\",\"name\":\"La Provincia insiste que no debe indemnizar a la hija de Paulina Lebbos - El Diario de Tucuman\",\"isPartOf\":{\"@id\":\"https:\\\/\\\/www.eldiariodetucuman.com\\\/web\\\/#website\"},\"primaryImageOfPage\":{\"@id\":\"https:\\\/\\\/www.eldiariodetucuman.com\\\/web\\\/la-provincia-insiste-que-no-debe-indemnizar-a-la-hija-de-paulina-lebbos\\\/#primaryimage\"},\"image\":{\"@id\":\"https:\\\/\\\/www.eldiariodetucuman.com\\\/web\\\/la-provincia-insiste-que-no-debe-indemnizar-a-la-hija-de-paulina-lebbos\\\/#primaryimage\"},\"thumbnailUrl\":\"https:\\\/\\\/www.eldiariodetucuman.com\\\/web\\\/wp-content\\\/uploads\\\/2019\\\/02\\\/lebbos.jpg\",\"datePublished\":\"2019-02-08T13:49:14+00:00\",\"breadcrumb\":{\"@id\":\"https:\\\/\\\/www.eldiariodetucuman.com\\\/web\\\/la-provincia-insiste-que-no-debe-indemnizar-a-la-hija-de-paulina-lebbos\\\/#breadcrumb\"},\"inLanguage\":\"es\",\"potentialAction\":[{\"@type\":\"ReadAction\",\"target\":[\"https:\\\/\\\/www.eldiariodetucuman.com\\\/web\\\/la-provincia-insiste-que-no-debe-indemnizar-a-la-hija-de-paulina-lebbos\\\/\"]}]},{\"@type\":\"ImageObject\",\"inLanguage\":\"es\",\"@id\":\"https:\\\/\\\/www.eldiariodetucuman.com\\\/web\\\/la-provincia-insiste-que-no-debe-indemnizar-a-la-hija-de-paulina-lebbos\\\/#primaryimage\",\"url\":\"https:\\\/\\\/www.eldiariodetucuman.com\\\/web\\\/wp-content\\\/uploads\\\/2019\\\/02\\\/lebbos.jpg\",\"contentUrl\":\"https:\\\/\\\/www.eldiariodetucuman.com\\\/web\\\/wp-content\\\/uploads\\\/2019\\\/02\\\/lebbos.jpg\",\"width\":641,\"height\":427},{\"@type\":\"BreadcrumbList\",\"@id\":\"https:\\\/\\\/www.eldiariodetucuman.com\\\/web\\\/la-provincia-insiste-que-no-debe-indemnizar-a-la-hija-de-paulina-lebbos\\\/#breadcrumb\",\"itemListElement\":[{\"@type\":\"ListItem\",\"position\":1,\"name\":\"Portada\",\"item\":\"https:\\\/\\\/www.eldiariodetucuman.com\\\/web\\\/\"},{\"@type\":\"ListItem\",\"position\":2,\"name\":\"La Provincia insiste que no debe indemnizar a la hija de Paulina Lebbos\"}]},{\"@type\":\"WebSite\",\"@id\":\"https:\\\/\\\/www.eldiariodetucuman.com\\\/web\\\/#website\",\"url\":\"https:\\\/\\\/www.eldiariodetucuman.com\\\/web\\\/\",\"name\":\"El Diario de Tucuman\",\"description\":\"Diario Tucuman - Informaci\u00f3n y noticias\",\"publisher\":{\"@id\":\"https:\\\/\\\/www.eldiariodetucuman.com\\\/web\\\/#organization\"},\"potentialAction\":[{\"@type\":\"SearchAction\",\"target\":{\"@type\":\"EntryPoint\",\"urlTemplate\":\"https:\\\/\\\/www.eldiariodetucuman.com\\\/web\\\/?s={search_term_string}\"},\"query-input\":{\"@type\":\"PropertyValueSpecification\",\"valueRequired\":true,\"valueName\":\"search_term_string\"}}],\"inLanguage\":\"es\"},{\"@type\":\"Organization\",\"@id\":\"https:\\\/\\\/www.eldiariodetucuman.com\\\/web\\\/#organization\",\"name\":\"El Diario de Tucuman\",\"url\":\"https:\\\/\\\/www.eldiariodetucuman.com\\\/web\\\/\",\"logo\":{\"@type\":\"ImageObject\",\"inLanguage\":\"es\",\"@id\":\"https:\\\/\\\/www.eldiariodetucuman.com\\\/web\\\/#\\\/schema\\\/logo\\\/image\\\/\",\"url\":\"http:\\\/\\\/www.eldiariodetucuman.com\\\/web\\\/wp-content\\\/uploads\\\/2017\\\/12\\\/el-diario-de-tucuman.jpg\",\"contentUrl\":\"http:\\\/\\\/www.eldiariodetucuman.com\\\/web\\\/wp-content\\\/uploads\\\/2017\\\/12\\\/el-diario-de-tucuman.jpg\",\"width\":272,\"height\":92,\"caption\":\"El Diario de Tucuman\"},\"image\":{\"@id\":\"https:\\\/\\\/www.eldiariodetucuman.com\\\/web\\\/#\\\/schema\\\/logo\\\/image\\\/\"}},{\"@type\":\"Person\",\"@id\":\"https:\\\/\\\/www.eldiariodetucuman.com\\\/web\\\/#\\\/schema\\\/person\\\/7e6644a46e60888f6b868594407e08dd\",\"name\":\"Redactor Uno\",\"image\":{\"@type\":\"ImageObject\",\"inLanguage\":\"es\",\"@id\":\"https:\\\/\\\/secure.gravatar.com\\\/avatar\\\/0049b1bdf1bd548385c9ea6b9356431717930913089febd2ba904f0187d7d074?s=96&d=mm&r=g\",\"url\":\"https:\\\/\\\/secure.gravatar.com\\\/avatar\\\/0049b1bdf1bd548385c9ea6b9356431717930913089febd2ba904f0187d7d074?s=96&d=mm&r=g\",\"contentUrl\":\"https:\\\/\\\/secure.gravatar.com\\\/avatar\\\/0049b1bdf1bd548385c9ea6b9356431717930913089febd2ba904f0187d7d074?s=96&d=mm&r=g\",\"caption\":\"Redactor Uno\"},\"url\":\"https:\\\/\\\/www.eldiariodetucuman.com\\\/web\\\/author\\\/mramasco\\\/\"}]}<\/script>\n<!-- \/ Yoast SEO plugin. -->","yoast_head_json":{"title":"La Provincia insiste que no debe indemnizar a la hija de Paulina Lebbos - El Diario de Tucuman","robots":{"index":"index","follow":"follow","max-snippet":"max-snippet:-1","max-image-preview":"max-image-preview:large","max-video-preview":"max-video-preview:-1"},"canonical":"https:\/\/www.eldiariodetucuman.com\/web\/la-provincia-insiste-que-no-debe-indemnizar-a-la-hija-de-paulina-lebbos\/","og_locale":"es_ES","og_type":"article","og_title":"La Provincia insiste que no debe indemnizar a la hija de Paulina Lebbos - El Diario de Tucuman","og_description":"Los abogados que representan a la Provincia de Tucum\u00e1n ratificaron que el Poder Ejecutivo no deber\u00eda pagar la demanda de $ 10,6 millones planteada por\u00a0Alberto Lebbos\u00a0en beneficio su nieta, la hija de\u00a0Paulina Lebbos, por el asesinato de la joven y el posterior encubrimiento del hecho.","og_url":"https:\/\/www.eldiariodetucuman.com\/web\/la-provincia-insiste-que-no-debe-indemnizar-a-la-hija-de-paulina-lebbos\/","og_site_name":"El Diario de Tucuman","article_published_time":"2019-02-08T13:49:14+00:00","og_image":[{"width":641,"height":427,"url":"https:\/\/www.eldiariodetucuman.com\/web\/wp-content\/uploads\/2019\/02\/lebbos.jpg","type":"image\/jpeg"}],"author":"Redactor Uno","twitter_card":"summary_large_image","twitter_misc":{"Escrito por":"Redactor Uno","Tiempo de lectura":"4 minutos"},"schema":{"@context":"https:\/\/schema.org","@graph":[{"@type":"Article","@id":"https:\/\/www.eldiariodetucuman.com\/web\/la-provincia-insiste-que-no-debe-indemnizar-a-la-hija-de-paulina-lebbos\/#article","isPartOf":{"@id":"https:\/\/www.eldiariodetucuman.com\/web\/la-provincia-insiste-que-no-debe-indemnizar-a-la-hija-de-paulina-lebbos\/"},"author":{"name":"Redactor Uno","@id":"https:\/\/www.eldiariodetucuman.com\/web\/#\/schema\/person\/7e6644a46e60888f6b868594407e08dd"},"headline":"La Provincia insiste que no debe indemnizar a la hija de Paulina Lebbos","datePublished":"2019-02-08T13:49:14+00:00","mainEntityOfPage":{"@id":"https:\/\/www.eldiariodetucuman.com\/web\/la-provincia-insiste-que-no-debe-indemnizar-a-la-hija-de-paulina-lebbos\/"},"wordCount":798,"publisher":{"@id":"https:\/\/www.eldiariodetucuman.com\/web\/#organization"},"image":{"@id":"https:\/\/www.eldiariodetucuman.com\/web\/la-provincia-insiste-que-no-debe-indemnizar-a-la-hija-de-paulina-lebbos\/#primaryimage"},"thumbnailUrl":"https:\/\/www.eldiariodetucuman.com\/web\/wp-content\/uploads\/2019\/02\/lebbos.jpg","keywords":["juicio","Lebbos","Paulina"],"articleSection":["Portada"],"inLanguage":"es"},{"@type":"WebPage","@id":"https:\/\/www.eldiariodetucuman.com\/web\/la-provincia-insiste-que-no-debe-indemnizar-a-la-hija-de-paulina-lebbos\/","url":"https:\/\/www.eldiariodetucuman.com\/web\/la-provincia-insiste-que-no-debe-indemnizar-a-la-hija-de-paulina-lebbos\/","name":"La Provincia insiste que no debe indemnizar a la hija de Paulina Lebbos - El Diario de Tucuman","isPartOf":{"@id":"https:\/\/www.eldiariodetucuman.com\/web\/#website"},"primaryImageOfPage":{"@id":"https:\/\/www.eldiariodetucuman.com\/web\/la-provincia-insiste-que-no-debe-indemnizar-a-la-hija-de-paulina-lebbos\/#primaryimage"},"image":{"@id":"https:\/\/www.eldiariodetucuman.com\/web\/la-provincia-insiste-que-no-debe-indemnizar-a-la-hija-de-paulina-lebbos\/#primaryimage"},"thumbnailUrl":"https:\/\/www.eldiariodetucuman.com\/web\/wp-content\/uploads\/2019\/02\/lebbos.jpg","datePublished":"2019-02-08T13:49:14+00:00","breadcrumb":{"@id":"https:\/\/www.eldiariodetucuman.com\/web\/la-provincia-insiste-que-no-debe-indemnizar-a-la-hija-de-paulina-lebbos\/#breadcrumb"},"inLanguage":"es","potentialAction":[{"@type":"ReadAction","target":["https:\/\/www.eldiariodetucuman.com\/web\/la-provincia-insiste-que-no-debe-indemnizar-a-la-hija-de-paulina-lebbos\/"]}]},{"@type":"ImageObject","inLanguage":"es","@id":"https:\/\/www.eldiariodetucuman.com\/web\/la-provincia-insiste-que-no-debe-indemnizar-a-la-hija-de-paulina-lebbos\/#primaryimage","url":"https:\/\/www.eldiariodetucuman.com\/web\/wp-content\/uploads\/2019\/02\/lebbos.jpg","contentUrl":"https:\/\/www.eldiariodetucuman.com\/web\/wp-content\/uploads\/2019\/02\/lebbos.jpg","width":641,"height":427},{"@type":"BreadcrumbList","@id":"https:\/\/www.eldiariodetucuman.com\/web\/la-provincia-insiste-que-no-debe-indemnizar-a-la-hija-de-paulina-lebbos\/#breadcrumb","itemListElement":[{"@type":"ListItem","position":1,"name":"Portada","item":"https:\/\/www.eldiariodetucuman.com\/web\/"},{"@type":"ListItem","position":2,"name":"La Provincia insiste que no debe indemnizar a la hija de Paulina Lebbos"}]},{"@type":"WebSite","@id":"https:\/\/www.eldiariodetucuman.com\/web\/#website","url":"https:\/\/www.eldiariodetucuman.com\/web\/","name":"El Diario de Tucuman","description":"Diario Tucuman - Informaci\u00f3n y noticias","publisher":{"@id":"https:\/\/www.eldiariodetucuman.com\/web\/#organization"},"potentialAction":[{"@type":"SearchAction","target":{"@type":"EntryPoint","urlTemplate":"https:\/\/www.eldiariodetucuman.com\/web\/?s={search_term_string}"},"query-input":{"@type":"PropertyValueSpecification","valueRequired":true,"valueName":"search_term_string"}}],"inLanguage":"es"},{"@type":"Organization","@id":"https:\/\/www.eldiariodetucuman.com\/web\/#organization","name":"El Diario de Tucuman","url":"https:\/\/www.eldiariodetucuman.com\/web\/","logo":{"@type":"ImageObject","inLanguage":"es","@id":"https:\/\/www.eldiariodetucuman.com\/web\/#\/schema\/logo\/image\/","url":"http:\/\/www.eldiariodetucuman.com\/web\/wp-content\/uploads\/2017\/12\/el-diario-de-tucuman.jpg","contentUrl":"http:\/\/www.eldiariodetucuman.com\/web\/wp-content\/uploads\/2017\/12\/el-diario-de-tucuman.jpg","width":272,"height":92,"caption":"El Diario de Tucuman"},"image":{"@id":"https:\/\/www.eldiariodetucuman.com\/web\/#\/schema\/logo\/image\/"}},{"@type":"Person","@id":"https:\/\/www.eldiariodetucuman.com\/web\/#\/schema\/person\/7e6644a46e60888f6b868594407e08dd","name":"Redactor Uno","image":{"@type":"ImageObject","inLanguage":"es","@id":"https:\/\/secure.gravatar.com\/avatar\/0049b1bdf1bd548385c9ea6b9356431717930913089febd2ba904f0187d7d074?s=96&d=mm&r=g","url":"https:\/\/secure.gravatar.com\/avatar\/0049b1bdf1bd548385c9ea6b9356431717930913089febd2ba904f0187d7d074?s=96&d=mm&r=g","contentUrl":"https:\/\/secure.gravatar.com\/avatar\/0049b1bdf1bd548385c9ea6b9356431717930913089febd2ba904f0187d7d074?s=96&d=mm&r=g","caption":"Redactor Uno"},"url":"https:\/\/www.eldiariodetucuman.com\/web\/author\/mramasco\/"}]}},"_links":{"self":[{"href":"https:\/\/www.eldiariodetucuman.com\/web\/wp-json\/wp\/v2\/posts\/22035","targetHints":{"allow":["GET"]}}],"collection":[{"href":"https:\/\/www.eldiariodetucuman.com\/web\/wp-json\/wp\/v2\/posts"}],"about":[{"href":"https:\/\/www.eldiariodetucuman.com\/web\/wp-json\/wp\/v2\/types\/post"}],"author":[{"embeddable":true,"href":"https:\/\/www.eldiariodetucuman.com\/web\/wp-json\/wp\/v2\/users\/5"}],"replies":[{"embeddable":true,"href":"https:\/\/www.eldiariodetucuman.com\/web\/wp-json\/wp\/v2\/comments?post=22035"}],"version-history":[{"count":2,"href":"https:\/\/www.eldiariodetucuman.com\/web\/wp-json\/wp\/v2\/posts\/22035\/revisions"}],"predecessor-version":[{"id":22038,"href":"https:\/\/www.eldiariodetucuman.com\/web\/wp-json\/wp\/v2\/posts\/22035\/revisions\/22038"}],"wp:featuredmedia":[{"embeddable":true,"href":"https:\/\/www.eldiariodetucuman.com\/web\/wp-json\/wp\/v2\/media\/22036"}],"wp:attachment":[{"href":"https:\/\/www.eldiariodetucuman.com\/web\/wp-json\/wp\/v2\/media?parent=22035"}],"wp:term":[{"taxonomy":"category","embeddable":true,"href":"https:\/\/www.eldiariodetucuman.com\/web\/wp-json\/wp\/v2\/categories?post=22035"},{"taxonomy":"post_tag","embeddable":true,"href":"https:\/\/www.eldiariodetucuman.com\/web\/wp-json\/wp\/v2\/tags?post=22035"}],"curies":[{"name":"wp","href":"https:\/\/api.w.org\/{rel}","templated":true}]}}