{"id":21827,"date":"2019-01-26T00:07:36","date_gmt":"2019-01-26T03:07:36","guid":{"rendered":"http:\/\/www.eldiariodetucuman.com\/web\/alberdi-estreno-una-nueva-pista-de-salud-red-de-agua-e-iluminacion\/"},"modified":"2019-01-26T00:07:37","modified_gmt":"2019-01-26T03:07:37","slug":"alberdi-estreno-una-nueva-pista-de-salud-red-de-agua-e-iluminacion","status":"publish","type":"post","link":"https:\/\/www.eldiariodetucuman.com\/web\/alberdi-estreno-una-nueva-pista-de-salud-red-de-agua-e-iluminacion\/","title":{"rendered":"Alberdi estren\u00f3 una nueva pista de salud, red de agua e iluminaci\u00f3n"},"content":{"rendered":"<div>\n<div readability=\"62\">\n<p>Los vecinos del Barrio El Peral en Alberdi ya cuentan con un nuevo espacio p\u00fablico para actividades de esparcimiento y del cuidado de la salud. El gobernador, <strong>Juan Manzur<\/strong>, dej\u00f3 inaugurada una pista de salud, cerca perimetral e iluminaci\u00f3n de una cancha de f\u00fatbol este viernes en medio de una multitud que celebr\u00f3 la concreci\u00f3n de las obras.<\/p>\n<blockquote readability=\"10\">\n<p>En Alberdi junto a los vecinos inauguramos este espacio que ser\u00e1 utilizado por todo el pueblo y en poco tiempo se va a transformar en un gran polideportivo. El Municipio con recursos propios est\u00e1 invirtiendo en beneficios para la zona\u201d, afirm\u00f3 el Primer Mandatario, que adem\u00e1s dijo que \u201cel gran desaf\u00edo es redoblar los esfuerzos\u00a0fundamentalmente en los pueblos del interior\u201d.<\/p>\n<\/blockquote>\n<p>Manzur asegur\u00f3 que \u201chay que destacar el trabajo de la intendenta <strong>Sandra Figueroa<\/strong> que con plata del pueblo de Alberdi se vuelca en obras para mejorar la calidad de vida de los vecinos\u201d.<\/p>\n<blockquote class=\"mom_quote \" readability=\"14\">\n<p>En la oportunidad, el Gobernador habilit\u00f3 una nueva red de extensi\u00f3n de agua en El Bajo de Marapa. Son 6000 litros de agua por hora que beneficia a m\u00e1s de 100 vecinos. \u201cEstos trabajos viene a dar respuesta a las familias del sur de la provincia. Como Gobierno recorremos todos los rincones y donde haya una familia tucumana ah\u00ed vamos a llegar\u201d, afirm\u00f3.<\/p>\n<p>Asimismo, sostuvo que:\u201dVamos a estar a la par de la gente para que podamos salir adelante y mejorar la calidad de vida\u201d.<\/p>\n<\/blockquote>\n<p>Por su parte, la intendenta sostuvo que \u201choy recuperamos un espacio que estaba perdido y se planific\u00f3 para realizar un lugar recreativo. Se cumpli\u00f3 un sue\u00f1o muy esperado por los vecinos y siempre con el apoyo del Gobernador, Alberdi progresa\u201d.<\/p>\n<p>\u201cCumplimos con obras para que\u00a0todos puedan tener acceso al agua potable. Estamos todos los d\u00edas a la par de los vecinos, escuchamos sus inquietudes y nos ocupamos de las necesidades que nos plantean\u201d, dijo Figueroa.<\/p>\n<p>\u00a0<\/p>\n<p>\u00a0<\/p>\n<\/div>\n<\/div>\n<p>Fuente: http:\/\/comunicaciontucuman.gob.ar\/2019\/01\/alberdi-estreno-una-nueva-pista-de-salud-red-de-agua-e-iluminacion\/<\/p>\n","protected":false},"excerpt":{"rendered":"<p>Los vecinos del Barrio El Peral en Alberdi ya cuentan con un nuevo espacio p\u00fablico para actividades de esparcimiento y del cuidado de la salud. El gobernador, Juan Manzur, dej\u00f3 inaugurada una pista de salud, cerca perimetral e iluminaci\u00f3n de una cancha de f\u00fatbol este viernes en medio de una multitud que celebr\u00f3 la concreci\u00f3n [&hellip;]<\/p>\n","protected":false},"author":1,"featured_media":21828,"comment_status":"open","ping_status":"closed","sticky":false,"template":"","format":"standard","meta":{"footnotes":""},"categories":[3],"tags":[],"class_list":{"0":"post-21827","1":"post","2":"type-post","3":"status-publish","4":"format-standard","5":"has-post-thumbnail","7":"category-politica"},"yoast_head":"<!-- This site is optimized with the Yoast SEO plugin v27.4 - https:\/\/yoast.com\/product\/yoast-seo-wordpress\/ -->\n<title>Alberdi estren\u00f3 una nueva pista de salud, red de agua e iluminaci\u00f3n - El Diario de Tucuman<\/title>\n<meta name=\"robots\" content=\"index, follow, max-snippet:-1, max-image-preview:large, max-video-preview:-1\" \/>\n<link rel=\"canonical\" href=\"https:\/\/www.eldiariodetucuman.com\/web\/alberdi-estreno-una-nueva-pista-de-salud-red-de-agua-e-iluminacion\/\" \/>\n<meta property=\"og:locale\" content=\"es_ES\" \/>\n<meta property=\"og:type\" content=\"article\" \/>\n<meta property=\"og:title\" content=\"Alberdi estren\u00f3 una nueva pista de salud, red de agua e iluminaci\u00f3n - El Diario de Tucuman\" \/>\n<meta property=\"og:description\" content=\"Los vecinos del Barrio El Peral en Alberdi ya cuentan con un nuevo espacio p\u00fablico para actividades de esparcimiento y del cuidado de la salud. El gobernador, Juan Manzur, dej\u00f3 inaugurada una pista de salud, cerca perimetral e iluminaci\u00f3n de una cancha de f\u00fatbol este viernes en medio de una multitud que celebr\u00f3 la concreci\u00f3n [&hellip;]\" \/>\n<meta property=\"og:url\" content=\"https:\/\/www.eldiariodetucuman.com\/web\/alberdi-estreno-una-nueva-pista-de-salud-red-de-agua-e-iluminacion\/\" \/>\n<meta property=\"og:site_name\" content=\"El Diario de Tucuman\" \/>\n<meta property=\"article:published_time\" content=\"2019-01-26T03:07:36+00:00\" \/>\n<meta property=\"article:modified_time\" content=\"2019-01-26T03:07:37+00:00\" \/>\n<meta property=\"og:image\" content=\"https:\/\/www.eldiariodetucuman.com\/web\/wp-content\/uploads\/2019\/01\/1c29233eec648ed1877623916d1cc4ea.jpeg\" \/>\n\t<meta property=\"og:image:width\" content=\"300\" \/>\n\t<meta property=\"og:image:height\" content=\"166\" \/>\n\t<meta property=\"og:image:type\" content=\"image\/jpeg\" \/>\n<meta name=\"author\" content=\"admin\" \/>\n<meta name=\"twitter:card\" content=\"summary_large_image\" \/>\n<meta name=\"twitter:label1\" content=\"Escrito por\" \/>\n\t<meta name=\"twitter:data1\" content=\"admin\" \/>\n\t<meta name=\"twitter:label2\" content=\"Tiempo de lectura\" \/>\n\t<meta name=\"twitter:data2\" content=\"2 minutos\" \/>\n<script type=\"application\/ld+json\" class=\"yoast-schema-graph\">{\"@context\":\"https:\\\/\\\/schema.org\",\"@graph\":[{\"@type\":\"Article\",\"@id\":\"https:\\\/\\\/www.eldiariodetucuman.com\\\/web\\\/alberdi-estreno-una-nueva-pista-de-salud-red-de-agua-e-iluminacion\\\/#article\",\"isPartOf\":{\"@id\":\"https:\\\/\\\/www.eldiariodetucuman.com\\\/web\\\/alberdi-estreno-una-nueva-pista-de-salud-red-de-agua-e-iluminacion\\\/\"},\"author\":{\"name\":\"admin\",\"@id\":\"https:\\\/\\\/www.eldiariodetucuman.com\\\/web\\\/#\\\/schema\\\/person\\\/9250197d75ab5483412e19678b121caa\"},\"headline\":\"Alberdi estren\u00f3 una nueva pista de salud, red de agua e iluminaci\u00f3n\",\"datePublished\":\"2019-01-26T03:07:36+00:00\",\"dateModified\":\"2019-01-26T03:07:37+00:00\",\"mainEntityOfPage\":{\"@id\":\"https:\\\/\\\/www.eldiariodetucuman.com\\\/web\\\/alberdi-estreno-una-nueva-pista-de-salud-red-de-agua-e-iluminacion\\\/\"},\"wordCount\":341,\"commentCount\":0,\"publisher\":{\"@id\":\"https:\\\/\\\/www.eldiariodetucuman.com\\\/web\\\/#organization\"},\"image\":{\"@id\":\"https:\\\/\\\/www.eldiariodetucuman.com\\\/web\\\/alberdi-estreno-una-nueva-pista-de-salud-red-de-agua-e-iluminacion\\\/#primaryimage\"},\"thumbnailUrl\":\"https:\\\/\\\/www.eldiariodetucuman.com\\\/web\\\/wp-content\\\/uploads\\\/2019\\\/01\\\/1c29233eec648ed1877623916d1cc4ea.jpeg\",\"articleSection\":[\"Politica\"],\"inLanguage\":\"es\",\"potentialAction\":[{\"@type\":\"CommentAction\",\"name\":\"Comment\",\"target\":[\"https:\\\/\\\/www.eldiariodetucuman.com\\\/web\\\/alberdi-estreno-una-nueva-pista-de-salud-red-de-agua-e-iluminacion\\\/#respond\"]}]},{\"@type\":\"WebPage\",\"@id\":\"https:\\\/\\\/www.eldiariodetucuman.com\\\/web\\\/alberdi-estreno-una-nueva-pista-de-salud-red-de-agua-e-iluminacion\\\/\",\"url\":\"https:\\\/\\\/www.eldiariodetucuman.com\\\/web\\\/alberdi-estreno-una-nueva-pista-de-salud-red-de-agua-e-iluminacion\\\/\",\"name\":\"Alberdi estren\u00f3 una nueva pista de salud, red de agua e iluminaci\u00f3n - El Diario de Tucuman\",\"isPartOf\":{\"@id\":\"https:\\\/\\\/www.eldiariodetucuman.com\\\/web\\\/#website\"},\"primaryImageOfPage\":{\"@id\":\"https:\\\/\\\/www.eldiariodetucuman.com\\\/web\\\/alberdi-estreno-una-nueva-pista-de-salud-red-de-agua-e-iluminacion\\\/#primaryimage\"},\"image\":{\"@id\":\"https:\\\/\\\/www.eldiariodetucuman.com\\\/web\\\/alberdi-estreno-una-nueva-pista-de-salud-red-de-agua-e-iluminacion\\\/#primaryimage\"},\"thumbnailUrl\":\"https:\\\/\\\/www.eldiariodetucuman.com\\\/web\\\/wp-content\\\/uploads\\\/2019\\\/01\\\/1c29233eec648ed1877623916d1cc4ea.jpeg\",\"datePublished\":\"2019-01-26T03:07:36+00:00\",\"dateModified\":\"2019-01-26T03:07:37+00:00\",\"breadcrumb\":{\"@id\":\"https:\\\/\\\/www.eldiariodetucuman.com\\\/web\\\/alberdi-estreno-una-nueva-pista-de-salud-red-de-agua-e-iluminacion\\\/#breadcrumb\"},\"inLanguage\":\"es\",\"potentialAction\":[{\"@type\":\"ReadAction\",\"target\":[\"https:\\\/\\\/www.eldiariodetucuman.com\\\/web\\\/alberdi-estreno-una-nueva-pista-de-salud-red-de-agua-e-iluminacion\\\/\"]}]},{\"@type\":\"ImageObject\",\"inLanguage\":\"es\",\"@id\":\"https:\\\/\\\/www.eldiariodetucuman.com\\\/web\\\/alberdi-estreno-una-nueva-pista-de-salud-red-de-agua-e-iluminacion\\\/#primaryimage\",\"url\":\"https:\\\/\\\/www.eldiariodetucuman.com\\\/web\\\/wp-content\\\/uploads\\\/2019\\\/01\\\/1c29233eec648ed1877623916d1cc4ea.jpeg\",\"contentUrl\":\"https:\\\/\\\/www.eldiariodetucuman.com\\\/web\\\/wp-content\\\/uploads\\\/2019\\\/01\\\/1c29233eec648ed1877623916d1cc4ea.jpeg\",\"width\":300,\"height\":166},{\"@type\":\"BreadcrumbList\",\"@id\":\"https:\\\/\\\/www.eldiariodetucuman.com\\\/web\\\/alberdi-estreno-una-nueva-pista-de-salud-red-de-agua-e-iluminacion\\\/#breadcrumb\",\"itemListElement\":[{\"@type\":\"ListItem\",\"position\":1,\"name\":\"Portada\",\"item\":\"https:\\\/\\\/www.eldiariodetucuman.com\\\/web\\\/\"},{\"@type\":\"ListItem\",\"position\":2,\"name\":\"Alberdi estren\u00f3 una nueva pista de salud, red de agua e iluminaci\u00f3n\"}]},{\"@type\":\"WebSite\",\"@id\":\"https:\\\/\\\/www.eldiariodetucuman.com\\\/web\\\/#website\",\"url\":\"https:\\\/\\\/www.eldiariodetucuman.com\\\/web\\\/\",\"name\":\"El Diario de Tucuman\",\"description\":\"Diario Tucuman - Informaci\u00f3n y noticias\",\"publisher\":{\"@id\":\"https:\\\/\\\/www.eldiariodetucuman.com\\\/web\\\/#organization\"},\"potentialAction\":[{\"@type\":\"SearchAction\",\"target\":{\"@type\":\"EntryPoint\",\"urlTemplate\":\"https:\\\/\\\/www.eldiariodetucuman.com\\\/web\\\/?s={search_term_string}\"},\"query-input\":{\"@type\":\"PropertyValueSpecification\",\"valueRequired\":true,\"valueName\":\"search_term_string\"}}],\"inLanguage\":\"es\"},{\"@type\":\"Organization\",\"@id\":\"https:\\\/\\\/www.eldiariodetucuman.com\\\/web\\\/#organization\",\"name\":\"El Diario de Tucuman\",\"url\":\"https:\\\/\\\/www.eldiariodetucuman.com\\\/web\\\/\",\"logo\":{\"@type\":\"ImageObject\",\"inLanguage\":\"es\",\"@id\":\"https:\\\/\\\/www.eldiariodetucuman.com\\\/web\\\/#\\\/schema\\\/logo\\\/image\\\/\",\"url\":\"http:\\\/\\\/www.eldiariodetucuman.com\\\/web\\\/wp-content\\\/uploads\\\/2017\\\/12\\\/el-diario-de-tucuman.jpg\",\"contentUrl\":\"http:\\\/\\\/www.eldiariodetucuman.com\\\/web\\\/wp-content\\\/uploads\\\/2017\\\/12\\\/el-diario-de-tucuman.jpg\",\"width\":272,\"height\":92,\"caption\":\"El Diario de Tucuman\"},\"image\":{\"@id\":\"https:\\\/\\\/www.eldiariodetucuman.com\\\/web\\\/#\\\/schema\\\/logo\\\/image\\\/\"}},{\"@type\":\"Person\",\"@id\":\"https:\\\/\\\/www.eldiariodetucuman.com\\\/web\\\/#\\\/schema\\\/person\\\/9250197d75ab5483412e19678b121caa\",\"name\":\"admin\",\"image\":{\"@type\":\"ImageObject\",\"inLanguage\":\"es\",\"@id\":\"https:\\\/\\\/secure.gravatar.com\\\/avatar\\\/c44d117c2be811212c22cb481f6b8384b6873de103fbc49e7a03cc58d7dea4ac?s=96&d=mm&r=g\",\"url\":\"https:\\\/\\\/secure.gravatar.com\\\/avatar\\\/c44d117c2be811212c22cb481f6b8384b6873de103fbc49e7a03cc58d7dea4ac?s=96&d=mm&r=g\",\"contentUrl\":\"https:\\\/\\\/secure.gravatar.com\\\/avatar\\\/c44d117c2be811212c22cb481f6b8384b6873de103fbc49e7a03cc58d7dea4ac?s=96&d=mm&r=g\",\"caption\":\"admin\"},\"url\":\"https:\\\/\\\/www.eldiariodetucuman.com\\\/web\\\/author\\\/admin\\\/\"}]}<\/script>\n<!-- \/ Yoast SEO plugin. -->","yoast_head_json":{"title":"Alberdi estren\u00f3 una nueva pista de salud, red de agua e iluminaci\u00f3n - El Diario de Tucuman","robots":{"index":"index","follow":"follow","max-snippet":"max-snippet:-1","max-image-preview":"max-image-preview:large","max-video-preview":"max-video-preview:-1"},"canonical":"https:\/\/www.eldiariodetucuman.com\/web\/alberdi-estreno-una-nueva-pista-de-salud-red-de-agua-e-iluminacion\/","og_locale":"es_ES","og_type":"article","og_title":"Alberdi estren\u00f3 una nueva pista de salud, red de agua e iluminaci\u00f3n - El Diario de Tucuman","og_description":"Los vecinos del Barrio El Peral en Alberdi ya cuentan con un nuevo espacio p\u00fablico para actividades de esparcimiento y del cuidado de la salud. El gobernador, Juan Manzur, dej\u00f3 inaugurada una pista de salud, cerca perimetral e iluminaci\u00f3n de una cancha de f\u00fatbol este viernes en medio de una multitud que celebr\u00f3 la concreci\u00f3n [&hellip;]","og_url":"https:\/\/www.eldiariodetucuman.com\/web\/alberdi-estreno-una-nueva-pista-de-salud-red-de-agua-e-iluminacion\/","og_site_name":"El Diario de Tucuman","article_published_time":"2019-01-26T03:07:36+00:00","article_modified_time":"2019-01-26T03:07:37+00:00","og_image":[{"width":300,"height":166,"url":"https:\/\/www.eldiariodetucuman.com\/web\/wp-content\/uploads\/2019\/01\/1c29233eec648ed1877623916d1cc4ea.jpeg","type":"image\/jpeg"}],"author":"admin","twitter_card":"summary_large_image","twitter_misc":{"Escrito por":"admin","Tiempo de lectura":"2 minutos"},"schema":{"@context":"https:\/\/schema.org","@graph":[{"@type":"Article","@id":"https:\/\/www.eldiariodetucuman.com\/web\/alberdi-estreno-una-nueva-pista-de-salud-red-de-agua-e-iluminacion\/#article","isPartOf":{"@id":"https:\/\/www.eldiariodetucuman.com\/web\/alberdi-estreno-una-nueva-pista-de-salud-red-de-agua-e-iluminacion\/"},"author":{"name":"admin","@id":"https:\/\/www.eldiariodetucuman.com\/web\/#\/schema\/person\/9250197d75ab5483412e19678b121caa"},"headline":"Alberdi estren\u00f3 una nueva pista de salud, red de agua e iluminaci\u00f3n","datePublished":"2019-01-26T03:07:36+00:00","dateModified":"2019-01-26T03:07:37+00:00","mainEntityOfPage":{"@id":"https:\/\/www.eldiariodetucuman.com\/web\/alberdi-estreno-una-nueva-pista-de-salud-red-de-agua-e-iluminacion\/"},"wordCount":341,"commentCount":0,"publisher":{"@id":"https:\/\/www.eldiariodetucuman.com\/web\/#organization"},"image":{"@id":"https:\/\/www.eldiariodetucuman.com\/web\/alberdi-estreno-una-nueva-pista-de-salud-red-de-agua-e-iluminacion\/#primaryimage"},"thumbnailUrl":"https:\/\/www.eldiariodetucuman.com\/web\/wp-content\/uploads\/2019\/01\/1c29233eec648ed1877623916d1cc4ea.jpeg","articleSection":["Politica"],"inLanguage":"es","potentialAction":[{"@type":"CommentAction","name":"Comment","target":["https:\/\/www.eldiariodetucuman.com\/web\/alberdi-estreno-una-nueva-pista-de-salud-red-de-agua-e-iluminacion\/#respond"]}]},{"@type":"WebPage","@id":"https:\/\/www.eldiariodetucuman.com\/web\/alberdi-estreno-una-nueva-pista-de-salud-red-de-agua-e-iluminacion\/","url":"https:\/\/www.eldiariodetucuman.com\/web\/alberdi-estreno-una-nueva-pista-de-salud-red-de-agua-e-iluminacion\/","name":"Alberdi estren\u00f3 una nueva pista de salud, red de agua e iluminaci\u00f3n - El Diario de Tucuman","isPartOf":{"@id":"https:\/\/www.eldiariodetucuman.com\/web\/#website"},"primaryImageOfPage":{"@id":"https:\/\/www.eldiariodetucuman.com\/web\/alberdi-estreno-una-nueva-pista-de-salud-red-de-agua-e-iluminacion\/#primaryimage"},"image":{"@id":"https:\/\/www.eldiariodetucuman.com\/web\/alberdi-estreno-una-nueva-pista-de-salud-red-de-agua-e-iluminacion\/#primaryimage"},"thumbnailUrl":"https:\/\/www.eldiariodetucuman.com\/web\/wp-content\/uploads\/2019\/01\/1c29233eec648ed1877623916d1cc4ea.jpeg","datePublished":"2019-01-26T03:07:36+00:00","dateModified":"2019-01-26T03:07:37+00:00","breadcrumb":{"@id":"https:\/\/www.eldiariodetucuman.com\/web\/alberdi-estreno-una-nueva-pista-de-salud-red-de-agua-e-iluminacion\/#breadcrumb"},"inLanguage":"es","potentialAction":[{"@type":"ReadAction","target":["https:\/\/www.eldiariodetucuman.com\/web\/alberdi-estreno-una-nueva-pista-de-salud-red-de-agua-e-iluminacion\/"]}]},{"@type":"ImageObject","inLanguage":"es","@id":"https:\/\/www.eldiariodetucuman.com\/web\/alberdi-estreno-una-nueva-pista-de-salud-red-de-agua-e-iluminacion\/#primaryimage","url":"https:\/\/www.eldiariodetucuman.com\/web\/wp-content\/uploads\/2019\/01\/1c29233eec648ed1877623916d1cc4ea.jpeg","contentUrl":"https:\/\/www.eldiariodetucuman.com\/web\/wp-content\/uploads\/2019\/01\/1c29233eec648ed1877623916d1cc4ea.jpeg","width":300,"height":166},{"@type":"BreadcrumbList","@id":"https:\/\/www.eldiariodetucuman.com\/web\/alberdi-estreno-una-nueva-pista-de-salud-red-de-agua-e-iluminacion\/#breadcrumb","itemListElement":[{"@type":"ListItem","position":1,"name":"Portada","item":"https:\/\/www.eldiariodetucuman.com\/web\/"},{"@type":"ListItem","position":2,"name":"Alberdi estren\u00f3 una nueva pista de salud, red de agua e iluminaci\u00f3n"}]},{"@type":"WebSite","@id":"https:\/\/www.eldiariodetucuman.com\/web\/#website","url":"https:\/\/www.eldiariodetucuman.com\/web\/","name":"El Diario de Tucuman","description":"Diario Tucuman - Informaci\u00f3n y noticias","publisher":{"@id":"https:\/\/www.eldiariodetucuman.com\/web\/#organization"},"potentialAction":[{"@type":"SearchAction","target":{"@type":"EntryPoint","urlTemplate":"https:\/\/www.eldiariodetucuman.com\/web\/?s={search_term_string}"},"query-input":{"@type":"PropertyValueSpecification","valueRequired":true,"valueName":"search_term_string"}}],"inLanguage":"es"},{"@type":"Organization","@id":"https:\/\/www.eldiariodetucuman.com\/web\/#organization","name":"El Diario de Tucuman","url":"https:\/\/www.eldiariodetucuman.com\/web\/","logo":{"@type":"ImageObject","inLanguage":"es","@id":"https:\/\/www.eldiariodetucuman.com\/web\/#\/schema\/logo\/image\/","url":"http:\/\/www.eldiariodetucuman.com\/web\/wp-content\/uploads\/2017\/12\/el-diario-de-tucuman.jpg","contentUrl":"http:\/\/www.eldiariodetucuman.com\/web\/wp-content\/uploads\/2017\/12\/el-diario-de-tucuman.jpg","width":272,"height":92,"caption":"El Diario de Tucuman"},"image":{"@id":"https:\/\/www.eldiariodetucuman.com\/web\/#\/schema\/logo\/image\/"}},{"@type":"Person","@id":"https:\/\/www.eldiariodetucuman.com\/web\/#\/schema\/person\/9250197d75ab5483412e19678b121caa","name":"admin","image":{"@type":"ImageObject","inLanguage":"es","@id":"https:\/\/secure.gravatar.com\/avatar\/c44d117c2be811212c22cb481f6b8384b6873de103fbc49e7a03cc58d7dea4ac?s=96&d=mm&r=g","url":"https:\/\/secure.gravatar.com\/avatar\/c44d117c2be811212c22cb481f6b8384b6873de103fbc49e7a03cc58d7dea4ac?s=96&d=mm&r=g","contentUrl":"https:\/\/secure.gravatar.com\/avatar\/c44d117c2be811212c22cb481f6b8384b6873de103fbc49e7a03cc58d7dea4ac?s=96&d=mm&r=g","caption":"admin"},"url":"https:\/\/www.eldiariodetucuman.com\/web\/author\/admin\/"}]}},"_links":{"self":[{"href":"https:\/\/www.eldiariodetucuman.com\/web\/wp-json\/wp\/v2\/posts\/21827","targetHints":{"allow":["GET"]}}],"collection":[{"href":"https:\/\/www.eldiariodetucuman.com\/web\/wp-json\/wp\/v2\/posts"}],"about":[{"href":"https:\/\/www.eldiariodetucuman.com\/web\/wp-json\/wp\/v2\/types\/post"}],"author":[{"embeddable":true,"href":"https:\/\/www.eldiariodetucuman.com\/web\/wp-json\/wp\/v2\/users\/1"}],"replies":[{"embeddable":true,"href":"https:\/\/www.eldiariodetucuman.com\/web\/wp-json\/wp\/v2\/comments?post=21827"}],"version-history":[{"count":1,"href":"https:\/\/www.eldiariodetucuman.com\/web\/wp-json\/wp\/v2\/posts\/21827\/revisions"}],"predecessor-version":[{"id":21829,"href":"https:\/\/www.eldiariodetucuman.com\/web\/wp-json\/wp\/v2\/posts\/21827\/revisions\/21829"}],"wp:featuredmedia":[{"embeddable":true,"href":"https:\/\/www.eldiariodetucuman.com\/web\/wp-json\/wp\/v2\/media\/21828"}],"wp:attachment":[{"href":"https:\/\/www.eldiariodetucuman.com\/web\/wp-json\/wp\/v2\/media?parent=21827"}],"wp:term":[{"taxonomy":"category","embeddable":true,"href":"https:\/\/www.eldiariodetucuman.com\/web\/wp-json\/wp\/v2\/categories?post=21827"},{"taxonomy":"post_tag","embeddable":true,"href":"https:\/\/www.eldiariodetucuman.com\/web\/wp-json\/wp\/v2\/tags?post=21827"}],"curies":[{"name":"wp","href":"https:\/\/api.w.org\/{rel}","templated":true}]}}