{"id":21825,"date":"2019-01-25T12:50:19","date_gmt":"2019-01-25T15:50:19","guid":{"rendered":"http:\/\/www.eldiariodetucuman.com\/web\/francisco-castigo-a-los-gobiernos-corruptos\/"},"modified":"2019-01-25T12:50:19","modified_gmt":"2019-01-25T15:50:19","slug":"francisco-castigo-a-los-gobiernos-corruptos","status":"publish","type":"post","link":"https:\/\/www.eldiariodetucuman.com\/web\/francisco-castigo-a-los-gobiernos-corruptos\/","title":{"rendered":"Francisco castig\u00f3 a los gobiernos corruptos"},"content":{"rendered":"<div>\n<div itemprop=\"articleBody\" readability=\"86.007410456978\">\n<p>El papa<strong>   <a href=\"https:\/\/www.cronica.com.ar\/tags\/Francisco\">Francisco<\/a><\/strong> reclam\u00f3 por la cultura de la transparencia en los gobiernos y a huir de la corrupci\u00f3n, en el primer discurso en   <a href=\"https:\/\/www.cronica.com.ar\/tags\/Panam%C3%A1\">Panam\u00e1<\/a>, en el marco de la Jornada Mundial de la Juventud (JMJ). En un pa\u00eds considerado como uno de los para\u00edsos fiscales, motiv\u00f3 a los cristianos a<em> \u00abtener la osad\u00eda<\/em>\u00bb de crear \u00ab<em>una cultura de mayor transparencia entre los gobiernos, el sector privado y la poblaci\u00f3n\u00bb<\/em>. Luego, habl\u00f3 ante unas 200.000 personas.<\/p>\n<p>Despu\u00e9s del discurso del presidente paname\u00f1o, <strong>Juan Carlos Varela<\/strong>, en el Palacio de Bol\u00edvar, sede de la Canciller\u00eda, el Papa se dirigi\u00f3 a los representantes del cuerpo diplom\u00e1tico y del mundo de la empresa y la cultura de ese pa\u00eds y les asegur\u00f3 que las nuevas generaciones pretenden que los que <em>\u00abtienen una funci\u00f3n de liderazgo en la vida p\u00fablica, lleven una vida conforme a la dignidad y autoridad que revisten y que les ha sido confiada\u00bb.<\/em><\/p>\n<p><em>\u00abEs una invitaci\u00f3n a vivir con austeridad y transparencia, en la responsabilidad concreta por los dem\u00e1s y por el mundo; llevar una vida que demuestre que el servicio p\u00fablico es sin\u00f3nimo de honestidad y justicia, y ant\u00f3nimo de cualquier forma de corrupci\u00f3n<\/em>\u00ab, asever\u00f3.   <a href=\"https:\/\/www.cronica.com.ar\/tags\/Francisco\">Francisco<\/a> comenz\u00f3 su discurso recordando que en la ahora Canciller\u00eda de   <a href=\"https:\/\/www.cronica.com.ar\/tags\/Panam%C3%A1\">Panam\u00e1<\/a>, el libertador Sim\u00f3n Bol\u00edvar \u00ab<em>convoc\u00f3 a los l\u00edderes de su tiempo para forjar el sue\u00f1o de la unificaci\u00f3n de la Patria Grande\u00bb.<\/em><\/p>\n<p>Adem\u00e1s, habl\u00f3 de   <a href=\"https:\/\/www.cronica.com.ar\/tags\/Panam%C3%A1\">Panam\u00e1<\/a> como tierra de convocatoria, <em>\u00abcomo demuestra el desembarco de todos a estos j\u00f3venes\u00bb<\/em>, e inst\u00f3 a todos trabajar para conseguir <em>\u00abeducaci\u00f3n de calidad<\/em>\u00bb y \u00ab<em>en la promoci\u00f3n de trabajos dignos\u00bb.<\/em><\/p>\n<p><u><strong>Una multitud<\/strong><\/u><\/p>\n<p>Por la tarde,   <a href=\"https:\/\/www.cronica.com.ar\/tags\/Francisco\">Francisco<\/a> particip\u00f3 de la ceremonia de bienvenida de la JMJ ante unos 200.000 j\u00f3venes de la toda la regi\u00f3n y les pidi\u00f3 que cultiven la \u00ab<em>cultura del encuentro\u00bb.<\/em> Adem\u00e1s, les dijo: <em>\u00abCon sus gestos y actitudes, con sus miradas, sus deseos y especialmente con su sensibilidad, desmienten y desautorizan todos esos discursos que se concentran y se empe\u00f1an en sembrar divisi\u00f3n, en excluir o expulsar a los que no son como nosotros\u00bb.<\/em><\/p>\n<p>Luego, le record\u00f3 a la multitud que se congreg\u00f3 en   <a href=\"https:\/\/www.cronica.com.ar\/tags\/Panam%C3%A1\">Panam\u00e1<\/a> que viene de culturas y pueblos diferentes, hablan lenguas distintas, pero que nada de eso les impidi\u00f3 encontrarse, sentirse felices y estar juntos. <em>\u00abEsto porque tienen ese olfato que sabe intuir que el amor verdadero no anula las leg\u00edtimas diferencias, sino que las armoniza en una unidad<\/em>\u00ab, expres\u00f3.<\/p>\n<\/div>\n<\/div>\n","protected":false},"excerpt":{"rendered":"<p>El papa Francisco reclam\u00f3 por la cultura de la transparencia en los gobiernos y a huir de la corrupci\u00f3n, en el primer discurso en Panam\u00e1, en el marco de la Jornada Mundial de la Juventud (JMJ). En un pa\u00eds considerado como uno de los para\u00edsos fiscales, motiv\u00f3 a los cristianos a \u00abtener la osad\u00eda\u00bb de [&hellip;]<\/p>\n","protected":false},"author":4,"featured_media":21826,"comment_status":"open","ping_status":"closed","sticky":false,"template":"","format":"standard","meta":{"footnotes":""},"categories":[194],"tags":[],"class_list":{"0":"post-21825","1":"post","2":"type-post","3":"status-publish","4":"format-standard","5":"has-post-thumbnail","7":"category-internacionales"},"yoast_head":"<!-- This site is optimized with the Yoast SEO plugin v27.4 - https:\/\/yoast.com\/product\/yoast-seo-wordpress\/ -->\n<title>Francisco castig\u00f3 a los gobiernos corruptos - El Diario de Tucuman<\/title>\n<meta name=\"robots\" content=\"index, follow, max-snippet:-1, max-image-preview:large, max-video-preview:-1\" \/>\n<link rel=\"canonical\" href=\"https:\/\/www.eldiariodetucuman.com\/web\/francisco-castigo-a-los-gobiernos-corruptos\/\" \/>\n<meta property=\"og:locale\" content=\"es_ES\" \/>\n<meta property=\"og:type\" content=\"article\" \/>\n<meta property=\"og:title\" content=\"Francisco castig\u00f3 a los gobiernos corruptos - El Diario de Tucuman\" \/>\n<meta property=\"og:description\" content=\"El papa Francisco reclam\u00f3 por la cultura de la transparencia en los gobiernos y a huir de la corrupci\u00f3n, en el primer discurso en Panam\u00e1, en el marco de la Jornada Mundial de la Juventud (JMJ). En un pa\u00eds considerado como uno de los para\u00edsos fiscales, motiv\u00f3 a los cristianos a \u00abtener la osad\u00eda\u00bb de [&hellip;]\" \/>\n<meta property=\"og:url\" content=\"https:\/\/www.eldiariodetucuman.com\/web\/francisco-castigo-a-los-gobiernos-corruptos\/\" \/>\n<meta property=\"og:site_name\" content=\"El Diario de Tucuman\" \/>\n<meta property=\"article:published_time\" content=\"2019-01-25T15:50:19+00:00\" \/>\n<meta property=\"og:image\" content=\"https:\/\/www.eldiariodetucuman.com\/web\/wp-content\/uploads\/2019\/01\/8f9cf8a4c521ed0cb850f7efc068fa05.jpeg\" \/>\n\t<meta property=\"og:image:width\" content=\"970\" \/>\n\t<meta property=\"og:image:height\" content=\"546\" \/>\n\t<meta property=\"og:image:type\" content=\"image\/jpeg\" \/>\n<meta name=\"author\" content=\"eldiario detucuman\" \/>\n<meta name=\"twitter:card\" content=\"summary_large_image\" \/>\n<meta name=\"twitter:label1\" content=\"Escrito por\" \/>\n\t<meta name=\"twitter:data1\" content=\"eldiario detucuman\" \/>\n\t<meta name=\"twitter:label2\" content=\"Tiempo de lectura\" \/>\n\t<meta name=\"twitter:data2\" content=\"2 minutos\" \/>\n<script type=\"application\/ld+json\" class=\"yoast-schema-graph\">{\"@context\":\"https:\\\/\\\/schema.org\",\"@graph\":[{\"@type\":\"Article\",\"@id\":\"https:\\\/\\\/www.eldiariodetucuman.com\\\/web\\\/francisco-castigo-a-los-gobiernos-corruptos\\\/#article\",\"isPartOf\":{\"@id\":\"https:\\\/\\\/www.eldiariodetucuman.com\\\/web\\\/francisco-castigo-a-los-gobiernos-corruptos\\\/\"},\"author\":{\"name\":\"eldiario detucuman\",\"@id\":\"https:\\\/\\\/www.eldiariodetucuman.com\\\/web\\\/#\\\/schema\\\/person\\\/6f95946e54fde848b878ffa4928071d5\"},\"headline\":\"Francisco castig\u00f3 a los gobiernos corruptos\",\"datePublished\":\"2019-01-25T15:50:19+00:00\",\"mainEntityOfPage\":{\"@id\":\"https:\\\/\\\/www.eldiariodetucuman.com\\\/web\\\/francisco-castigo-a-los-gobiernos-corruptos\\\/\"},\"wordCount\":439,\"commentCount\":0,\"publisher\":{\"@id\":\"https:\\\/\\\/www.eldiariodetucuman.com\\\/web\\\/#organization\"},\"image\":{\"@id\":\"https:\\\/\\\/www.eldiariodetucuman.com\\\/web\\\/francisco-castigo-a-los-gobiernos-corruptos\\\/#primaryimage\"},\"thumbnailUrl\":\"https:\\\/\\\/www.eldiariodetucuman.com\\\/web\\\/wp-content\\\/uploads\\\/2019\\\/01\\\/8f9cf8a4c521ed0cb850f7efc068fa05.jpeg\",\"articleSection\":[\"Internacionales\"],\"inLanguage\":\"es\",\"potentialAction\":[{\"@type\":\"CommentAction\",\"name\":\"Comment\",\"target\":[\"https:\\\/\\\/www.eldiariodetucuman.com\\\/web\\\/francisco-castigo-a-los-gobiernos-corruptos\\\/#respond\"]}]},{\"@type\":\"WebPage\",\"@id\":\"https:\\\/\\\/www.eldiariodetucuman.com\\\/web\\\/francisco-castigo-a-los-gobiernos-corruptos\\\/\",\"url\":\"https:\\\/\\\/www.eldiariodetucuman.com\\\/web\\\/francisco-castigo-a-los-gobiernos-corruptos\\\/\",\"name\":\"Francisco castig\u00f3 a los gobiernos corruptos - El Diario de Tucuman\",\"isPartOf\":{\"@id\":\"https:\\\/\\\/www.eldiariodetucuman.com\\\/web\\\/#website\"},\"primaryImageOfPage\":{\"@id\":\"https:\\\/\\\/www.eldiariodetucuman.com\\\/web\\\/francisco-castigo-a-los-gobiernos-corruptos\\\/#primaryimage\"},\"image\":{\"@id\":\"https:\\\/\\\/www.eldiariodetucuman.com\\\/web\\\/francisco-castigo-a-los-gobiernos-corruptos\\\/#primaryimage\"},\"thumbnailUrl\":\"https:\\\/\\\/www.eldiariodetucuman.com\\\/web\\\/wp-content\\\/uploads\\\/2019\\\/01\\\/8f9cf8a4c521ed0cb850f7efc068fa05.jpeg\",\"datePublished\":\"2019-01-25T15:50:19+00:00\",\"breadcrumb\":{\"@id\":\"https:\\\/\\\/www.eldiariodetucuman.com\\\/web\\\/francisco-castigo-a-los-gobiernos-corruptos\\\/#breadcrumb\"},\"inLanguage\":\"es\",\"potentialAction\":[{\"@type\":\"ReadAction\",\"target\":[\"https:\\\/\\\/www.eldiariodetucuman.com\\\/web\\\/francisco-castigo-a-los-gobiernos-corruptos\\\/\"]}]},{\"@type\":\"ImageObject\",\"inLanguage\":\"es\",\"@id\":\"https:\\\/\\\/www.eldiariodetucuman.com\\\/web\\\/francisco-castigo-a-los-gobiernos-corruptos\\\/#primaryimage\",\"url\":\"https:\\\/\\\/www.eldiariodetucuman.com\\\/web\\\/wp-content\\\/uploads\\\/2019\\\/01\\\/8f9cf8a4c521ed0cb850f7efc068fa05.jpeg\",\"contentUrl\":\"https:\\\/\\\/www.eldiariodetucuman.com\\\/web\\\/wp-content\\\/uploads\\\/2019\\\/01\\\/8f9cf8a4c521ed0cb850f7efc068fa05.jpeg\",\"width\":970,\"height\":546},{\"@type\":\"BreadcrumbList\",\"@id\":\"https:\\\/\\\/www.eldiariodetucuman.com\\\/web\\\/francisco-castigo-a-los-gobiernos-corruptos\\\/#breadcrumb\",\"itemListElement\":[{\"@type\":\"ListItem\",\"position\":1,\"name\":\"Portada\",\"item\":\"https:\\\/\\\/www.eldiariodetucuman.com\\\/web\\\/\"},{\"@type\":\"ListItem\",\"position\":2,\"name\":\"Francisco castig\u00f3 a los gobiernos corruptos\"}]},{\"@type\":\"WebSite\",\"@id\":\"https:\\\/\\\/www.eldiariodetucuman.com\\\/web\\\/#website\",\"url\":\"https:\\\/\\\/www.eldiariodetucuman.com\\\/web\\\/\",\"name\":\"El Diario de Tucuman\",\"description\":\"Diario Tucuman - Informaci\u00f3n y noticias\",\"publisher\":{\"@id\":\"https:\\\/\\\/www.eldiariodetucuman.com\\\/web\\\/#organization\"},\"potentialAction\":[{\"@type\":\"SearchAction\",\"target\":{\"@type\":\"EntryPoint\",\"urlTemplate\":\"https:\\\/\\\/www.eldiariodetucuman.com\\\/web\\\/?s={search_term_string}\"},\"query-input\":{\"@type\":\"PropertyValueSpecification\",\"valueRequired\":true,\"valueName\":\"search_term_string\"}}],\"inLanguage\":\"es\"},{\"@type\":\"Organization\",\"@id\":\"https:\\\/\\\/www.eldiariodetucuman.com\\\/web\\\/#organization\",\"name\":\"El Diario de Tucuman\",\"url\":\"https:\\\/\\\/www.eldiariodetucuman.com\\\/web\\\/\",\"logo\":{\"@type\":\"ImageObject\",\"inLanguage\":\"es\",\"@id\":\"https:\\\/\\\/www.eldiariodetucuman.com\\\/web\\\/#\\\/schema\\\/logo\\\/image\\\/\",\"url\":\"http:\\\/\\\/www.eldiariodetucuman.com\\\/web\\\/wp-content\\\/uploads\\\/2017\\\/12\\\/el-diario-de-tucuman.jpg\",\"contentUrl\":\"http:\\\/\\\/www.eldiariodetucuman.com\\\/web\\\/wp-content\\\/uploads\\\/2017\\\/12\\\/el-diario-de-tucuman.jpg\",\"width\":272,\"height\":92,\"caption\":\"El Diario de Tucuman\"},\"image\":{\"@id\":\"https:\\\/\\\/www.eldiariodetucuman.com\\\/web\\\/#\\\/schema\\\/logo\\\/image\\\/\"}},{\"@type\":\"Person\",\"@id\":\"https:\\\/\\\/www.eldiariodetucuman.com\\\/web\\\/#\\\/schema\\\/person\\\/6f95946e54fde848b878ffa4928071d5\",\"name\":\"eldiario detucuman\",\"image\":{\"@type\":\"ImageObject\",\"inLanguage\":\"es\",\"@id\":\"https:\\\/\\\/secure.gravatar.com\\\/avatar\\\/b6e1f89c5c4044c4962c8e6c20b1ca2cc99f549c965908afd4ec5308b3f51bfe?s=96&d=mm&r=g\",\"url\":\"https:\\\/\\\/secure.gravatar.com\\\/avatar\\\/b6e1f89c5c4044c4962c8e6c20b1ca2cc99f549c965908afd4ec5308b3f51bfe?s=96&d=mm&r=g\",\"contentUrl\":\"https:\\\/\\\/secure.gravatar.com\\\/avatar\\\/b6e1f89c5c4044c4962c8e6c20b1ca2cc99f549c965908afd4ec5308b3f51bfe?s=96&d=mm&r=g\",\"caption\":\"eldiario detucuman\"},\"url\":\"https:\\\/\\\/www.eldiariodetucuman.com\\\/web\\\/author\\\/eldiariodetucuman\\\/\"}]}<\/script>\n<!-- \/ Yoast SEO plugin. -->","yoast_head_json":{"title":"Francisco castig\u00f3 a los gobiernos corruptos - El Diario de Tucuman","robots":{"index":"index","follow":"follow","max-snippet":"max-snippet:-1","max-image-preview":"max-image-preview:large","max-video-preview":"max-video-preview:-1"},"canonical":"https:\/\/www.eldiariodetucuman.com\/web\/francisco-castigo-a-los-gobiernos-corruptos\/","og_locale":"es_ES","og_type":"article","og_title":"Francisco castig\u00f3 a los gobiernos corruptos - El Diario de Tucuman","og_description":"El papa Francisco reclam\u00f3 por la cultura de la transparencia en los gobiernos y a huir de la corrupci\u00f3n, en el primer discurso en Panam\u00e1, en el marco de la Jornada Mundial de la Juventud (JMJ). En un pa\u00eds considerado como uno de los para\u00edsos fiscales, motiv\u00f3 a los cristianos a \u00abtener la osad\u00eda\u00bb de [&hellip;]","og_url":"https:\/\/www.eldiariodetucuman.com\/web\/francisco-castigo-a-los-gobiernos-corruptos\/","og_site_name":"El Diario de Tucuman","article_published_time":"2019-01-25T15:50:19+00:00","og_image":[{"width":970,"height":546,"url":"https:\/\/www.eldiariodetucuman.com\/web\/wp-content\/uploads\/2019\/01\/8f9cf8a4c521ed0cb850f7efc068fa05.jpeg","type":"image\/jpeg"}],"author":"eldiario detucuman","twitter_card":"summary_large_image","twitter_misc":{"Escrito por":"eldiario detucuman","Tiempo de lectura":"2 minutos"},"schema":{"@context":"https:\/\/schema.org","@graph":[{"@type":"Article","@id":"https:\/\/www.eldiariodetucuman.com\/web\/francisco-castigo-a-los-gobiernos-corruptos\/#article","isPartOf":{"@id":"https:\/\/www.eldiariodetucuman.com\/web\/francisco-castigo-a-los-gobiernos-corruptos\/"},"author":{"name":"eldiario detucuman","@id":"https:\/\/www.eldiariodetucuman.com\/web\/#\/schema\/person\/6f95946e54fde848b878ffa4928071d5"},"headline":"Francisco castig\u00f3 a los gobiernos corruptos","datePublished":"2019-01-25T15:50:19+00:00","mainEntityOfPage":{"@id":"https:\/\/www.eldiariodetucuman.com\/web\/francisco-castigo-a-los-gobiernos-corruptos\/"},"wordCount":439,"commentCount":0,"publisher":{"@id":"https:\/\/www.eldiariodetucuman.com\/web\/#organization"},"image":{"@id":"https:\/\/www.eldiariodetucuman.com\/web\/francisco-castigo-a-los-gobiernos-corruptos\/#primaryimage"},"thumbnailUrl":"https:\/\/www.eldiariodetucuman.com\/web\/wp-content\/uploads\/2019\/01\/8f9cf8a4c521ed0cb850f7efc068fa05.jpeg","articleSection":["Internacionales"],"inLanguage":"es","potentialAction":[{"@type":"CommentAction","name":"Comment","target":["https:\/\/www.eldiariodetucuman.com\/web\/francisco-castigo-a-los-gobiernos-corruptos\/#respond"]}]},{"@type":"WebPage","@id":"https:\/\/www.eldiariodetucuman.com\/web\/francisco-castigo-a-los-gobiernos-corruptos\/","url":"https:\/\/www.eldiariodetucuman.com\/web\/francisco-castigo-a-los-gobiernos-corruptos\/","name":"Francisco castig\u00f3 a los gobiernos corruptos - El Diario de Tucuman","isPartOf":{"@id":"https:\/\/www.eldiariodetucuman.com\/web\/#website"},"primaryImageOfPage":{"@id":"https:\/\/www.eldiariodetucuman.com\/web\/francisco-castigo-a-los-gobiernos-corruptos\/#primaryimage"},"image":{"@id":"https:\/\/www.eldiariodetucuman.com\/web\/francisco-castigo-a-los-gobiernos-corruptos\/#primaryimage"},"thumbnailUrl":"https:\/\/www.eldiariodetucuman.com\/web\/wp-content\/uploads\/2019\/01\/8f9cf8a4c521ed0cb850f7efc068fa05.jpeg","datePublished":"2019-01-25T15:50:19+00:00","breadcrumb":{"@id":"https:\/\/www.eldiariodetucuman.com\/web\/francisco-castigo-a-los-gobiernos-corruptos\/#breadcrumb"},"inLanguage":"es","potentialAction":[{"@type":"ReadAction","target":["https:\/\/www.eldiariodetucuman.com\/web\/francisco-castigo-a-los-gobiernos-corruptos\/"]}]},{"@type":"ImageObject","inLanguage":"es","@id":"https:\/\/www.eldiariodetucuman.com\/web\/francisco-castigo-a-los-gobiernos-corruptos\/#primaryimage","url":"https:\/\/www.eldiariodetucuman.com\/web\/wp-content\/uploads\/2019\/01\/8f9cf8a4c521ed0cb850f7efc068fa05.jpeg","contentUrl":"https:\/\/www.eldiariodetucuman.com\/web\/wp-content\/uploads\/2019\/01\/8f9cf8a4c521ed0cb850f7efc068fa05.jpeg","width":970,"height":546},{"@type":"BreadcrumbList","@id":"https:\/\/www.eldiariodetucuman.com\/web\/francisco-castigo-a-los-gobiernos-corruptos\/#breadcrumb","itemListElement":[{"@type":"ListItem","position":1,"name":"Portada","item":"https:\/\/www.eldiariodetucuman.com\/web\/"},{"@type":"ListItem","position":2,"name":"Francisco castig\u00f3 a los gobiernos corruptos"}]},{"@type":"WebSite","@id":"https:\/\/www.eldiariodetucuman.com\/web\/#website","url":"https:\/\/www.eldiariodetucuman.com\/web\/","name":"El Diario de Tucuman","description":"Diario Tucuman - Informaci\u00f3n y noticias","publisher":{"@id":"https:\/\/www.eldiariodetucuman.com\/web\/#organization"},"potentialAction":[{"@type":"SearchAction","target":{"@type":"EntryPoint","urlTemplate":"https:\/\/www.eldiariodetucuman.com\/web\/?s={search_term_string}"},"query-input":{"@type":"PropertyValueSpecification","valueRequired":true,"valueName":"search_term_string"}}],"inLanguage":"es"},{"@type":"Organization","@id":"https:\/\/www.eldiariodetucuman.com\/web\/#organization","name":"El Diario de Tucuman","url":"https:\/\/www.eldiariodetucuman.com\/web\/","logo":{"@type":"ImageObject","inLanguage":"es","@id":"https:\/\/www.eldiariodetucuman.com\/web\/#\/schema\/logo\/image\/","url":"http:\/\/www.eldiariodetucuman.com\/web\/wp-content\/uploads\/2017\/12\/el-diario-de-tucuman.jpg","contentUrl":"http:\/\/www.eldiariodetucuman.com\/web\/wp-content\/uploads\/2017\/12\/el-diario-de-tucuman.jpg","width":272,"height":92,"caption":"El Diario de Tucuman"},"image":{"@id":"https:\/\/www.eldiariodetucuman.com\/web\/#\/schema\/logo\/image\/"}},{"@type":"Person","@id":"https:\/\/www.eldiariodetucuman.com\/web\/#\/schema\/person\/6f95946e54fde848b878ffa4928071d5","name":"eldiario detucuman","image":{"@type":"ImageObject","inLanguage":"es","@id":"https:\/\/secure.gravatar.com\/avatar\/b6e1f89c5c4044c4962c8e6c20b1ca2cc99f549c965908afd4ec5308b3f51bfe?s=96&d=mm&r=g","url":"https:\/\/secure.gravatar.com\/avatar\/b6e1f89c5c4044c4962c8e6c20b1ca2cc99f549c965908afd4ec5308b3f51bfe?s=96&d=mm&r=g","contentUrl":"https:\/\/secure.gravatar.com\/avatar\/b6e1f89c5c4044c4962c8e6c20b1ca2cc99f549c965908afd4ec5308b3f51bfe?s=96&d=mm&r=g","caption":"eldiario detucuman"},"url":"https:\/\/www.eldiariodetucuman.com\/web\/author\/eldiariodetucuman\/"}]}},"_links":{"self":[{"href":"https:\/\/www.eldiariodetucuman.com\/web\/wp-json\/wp\/v2\/posts\/21825","targetHints":{"allow":["GET"]}}],"collection":[{"href":"https:\/\/www.eldiariodetucuman.com\/web\/wp-json\/wp\/v2\/posts"}],"about":[{"href":"https:\/\/www.eldiariodetucuman.com\/web\/wp-json\/wp\/v2\/types\/post"}],"author":[{"embeddable":true,"href":"https:\/\/www.eldiariodetucuman.com\/web\/wp-json\/wp\/v2\/users\/4"}],"replies":[{"embeddable":true,"href":"https:\/\/www.eldiariodetucuman.com\/web\/wp-json\/wp\/v2\/comments?post=21825"}],"version-history":[{"count":0,"href":"https:\/\/www.eldiariodetucuman.com\/web\/wp-json\/wp\/v2\/posts\/21825\/revisions"}],"wp:featuredmedia":[{"embeddable":true,"href":"https:\/\/www.eldiariodetucuman.com\/web\/wp-json\/wp\/v2\/media\/21826"}],"wp:attachment":[{"href":"https:\/\/www.eldiariodetucuman.com\/web\/wp-json\/wp\/v2\/media?parent=21825"}],"wp:term":[{"taxonomy":"category","embeddable":true,"href":"https:\/\/www.eldiariodetucuman.com\/web\/wp-json\/wp\/v2\/categories?post=21825"},{"taxonomy":"post_tag","embeddable":true,"href":"https:\/\/www.eldiariodetucuman.com\/web\/wp-json\/wp\/v2\/tags?post=21825"}],"curies":[{"name":"wp","href":"https:\/\/api.w.org\/{rel}","templated":true}]}}