{"id":21611,"date":"2019-01-18T09:44:30","date_gmt":"2019-01-18T12:44:30","guid":{"rendered":"http:\/\/www.eldiariodetucuman.com\/web\/?p=21611"},"modified":"2019-01-18T09:44:30","modified_gmt":"2019-01-18T12:44:30","slug":"presentan-un-proyecto-para-multar-a-padres-de-menores-alcoholizados","status":"publish","type":"post","link":"https:\/\/www.eldiariodetucuman.com\/web\/presentan-un-proyecto-para-multar-a-padres-de-menores-alcoholizados\/","title":{"rendered":"Presentan un proyecto para multar a padres de menores alcoholizados"},"content":{"rendered":"<div class=\"col-lg-12 col-md-12 col-sm-12\">\n<p>Un legislador plante\u00f3 sanciones para evitar que los chicos asistan a boliches de mayores. Los infractores pueden ser obligados a hacer tareas comunitarias o terapia. La pena m\u00e1xima equivale al sueldo de un magistrado.<\/p>\n<\/div>\n<p><!--more--><\/p>\n<div id=\"parent_1\" class=\"col-lg-8 col-md-12 col-sm-12\">\n<div class=\"image\">\n<div class=\"imgFoot\">\n<p>En medio de la pol\u00e9mica sobre la posibilidad de que el Congreso de la Naci\u00f3n baje la edad de inimputabilidad a 15 a\u00f1os, un legislador provincial propuso que se ponga la mira en los padres de los menores en conflicto.<\/p>\n<p>El proyecto de ley, firmado por el opositor\u00a0<strong>Alfredo Toscano<\/strong>\u00a0(PJS Cambiemos), establece la incorporaci\u00f3n a la Ley de Contravenciones Policiales (5.140 de 1982) de nuevas figuras, en las que los progenitores o tutores son considerados tambi\u00e9n responsables de que ni\u00f1os y adolescentes permanezcan en bares o boliches para mayores de 18 a\u00f1os, y tambi\u00e9n de que consuman bebidas alcoh\u00f3licas. En la actualidad, la norma prev\u00e9 sanciones s\u00f3lo contra los due\u00f1os de esos locales.<\/p>\n<\/div>\n<\/div>\n<div class=\"newsBody\">\n<p>El texto contempla la obligaci\u00f3n de realizar trabajos comunitarios o de participar en terapias espec\u00edficas, pero tambi\u00e9n incluye multas cuyo monto m\u00e1ximo es el doble del sueldo de un juez de primera instancia del Poder Judicial de Tucum\u00e1n; es decir, m\u00e1s de $ 150.000.<\/p>\n<p>\u201cEntiendo que la sanci\u00f3n a los padres no debiera ser la soluci\u00f3n a esta problem\u00e1tica, pero entiendo tambi\u00e9n que es el mecanismo que hoy necesitamos para que de una vez por todas nos hagamos cargo cada uno de la responsabilidad que tenemos dentro de la sociedad\u201d, argument\u00f3 el legislador Toscano.<\/p>\n<p>El primer objetivo del opositor, que responde al intendente\u00a0<strong>Germ\u00e1n Alfaro<\/strong>, es lograr el tratamiento de la propuesta, algo que no le ser\u00e1 sencillo: en la actualidad, 36 de los 49 esca\u00f1os responden a la Casa de Gobierno.<\/p>\n<p>Si el tr\u00e1mite parlamentario avanza a las comisiones internas, el abordaje ser\u00e1 en el marco del C\u00f3digo de Contravenciones Policiales.<\/p>\n<p><strong>Sistema en vigencia<\/strong><\/p>\n<p>El sistema contravencional vigente, que genera controversias en los tribunales, fija multas para quienes \u201cde alguna manera faciliten o propicien el consumo de bebidas alcoh\u00f3licas, a t\u00edtulo gratuito u oneroso, a menores\u201d. La propuesta de Toscano es incorporar como responsables de esa situaci\u00f3n \u201ca los padres y\/o representantes legales\u201d. La conducta reprochable prevista es \u201cla falta de vigilancia y\/o deber de cuidado\u201d. Y propone que, al momento de resolverse la sanci\u00f3n, se apliquen multas a los progenitores cuando el \u201cmenor se encontrare alcoholizado\u201d. \u201cSi se tratase de menores de 14 a\u00f1os, la sanci\u00f3n ser\u00e1 doble\u201d, advierte el texto elevado por Toscano.<\/p>\n<p><strong>Normativa de fondo<\/strong><\/p>\n<p>\u201cEsta responsabilidad contravencional surge de la protecci\u00f3n del inter\u00e9s superior del ni\u00f1o, que es uno de los pilares fundamentales de nuestro sistema normativo\u201d, expresa el proyecto de ley. Sostiene que tambi\u00e9n surgen obligaciones \u201cderivadas directamente de la responsabilidad parental\u201d. \u201cEl C\u00f3digo Civil y Comercial de la Naci\u00f3n las define como el conjunto de deberes y derechos que corresponden a los progenitores sobre la persona y bienes del hijo, para su protecci\u00f3n, desarrollo y formaci\u00f3n integral mientras sea menor\u201d, indican los argumentos. Seg\u00fan esa interpretaci\u00f3n, la normativa vigente \u201cpretende que los padres no se desentiendan de sus hijos\u201d. \u201cLas noticias que recibimos a diario nos muestran que nuestros ni\u00f1os, adolescentes y j\u00f3venes se encuentran en constante peligro. Por ello, debemos preguntarnos qu\u00e9 nos pasa que no reaccionamos ante esta realidad que pone en riesgo la vida de nuestros hijos. Resulta imperioso que tomemos conciencia del peligro que corren y nos hagamos responsables\u201d, insisti\u00f3 Toscano.<\/p>\n<p><strong>Fuente:\u00a0<\/strong><a href=\"https:\/\/www.lagaceta.com.ar\/nota\/795639\/actualidad\/proyecto-preve-multas-para-padres-menores-alcoholizados.html\">https:\/\/www.lagaceta.com.ar\/nota\/795639\/actualidad\/proyecto-preve-multas-para-padres-menores-alcoholizados.html<\/a><\/p>\n<\/div>\n<\/div>\n","protected":false},"excerpt":{"rendered":"<p>Un legislador plante\u00f3 sanciones para evitar que los chicos asistan a boliches de mayores. Los infractores pueden ser obligados a hacer tareas comunitarias o terapia. La pena m\u00e1xima equivale al sueldo de un magistrado.<\/p>\n","protected":false},"author":5,"featured_media":21612,"comment_status":"closed","ping_status":"open","sticky":false,"template":"","format":"standard","meta":{"footnotes":""},"categories":[2],"tags":[2348,812,61],"class_list":{"0":"post-21611","1":"post","2":"type-post","3":"status-publish","4":"format-standard","5":"has-post-thumbnail","7":"category-actualidad","8":"tag-alcohol","9":"tag-legislatura","10":"tag-tucuman"},"yoast_head":"<!-- This site is optimized with the Yoast SEO plugin v27.4 - https:\/\/yoast.com\/product\/yoast-seo-wordpress\/ -->\n<title>Presentan un proyecto para multar a padres de menores alcoholizados - El Diario de Tucuman<\/title>\n<meta name=\"robots\" content=\"index, follow, max-snippet:-1, max-image-preview:large, max-video-preview:-1\" \/>\n<link rel=\"canonical\" href=\"https:\/\/www.eldiariodetucuman.com\/web\/presentan-un-proyecto-para-multar-a-padres-de-menores-alcoholizados\/\" \/>\n<meta property=\"og:locale\" content=\"es_ES\" \/>\n<meta property=\"og:type\" content=\"article\" \/>\n<meta property=\"og:title\" content=\"Presentan un proyecto para multar a padres de menores alcoholizados - El Diario de Tucuman\" \/>\n<meta property=\"og:description\" content=\"Un legislador plante\u00f3 sanciones para evitar que los chicos asistan a boliches de mayores. Los infractores pueden ser obligados a hacer tareas comunitarias o terapia. La pena m\u00e1xima equivale al sueldo de un magistrado.\" \/>\n<meta property=\"og:url\" content=\"https:\/\/www.eldiariodetucuman.com\/web\/presentan-un-proyecto-para-multar-a-padres-de-menores-alcoholizados\/\" \/>\n<meta property=\"og:site_name\" content=\"El Diario de Tucuman\" \/>\n<meta property=\"article:published_time\" content=\"2019-01-18T12:44:30+00:00\" \/>\n<meta property=\"og:image\" content=\"https:\/\/www.eldiariodetucuman.com\/web\/wp-content\/uploads\/2019\/01\/alcohol.jpg\" \/>\n\t<meta property=\"og:image:width\" content=\"800\" \/>\n\t<meta property=\"og:image:height\" content=\"450\" \/>\n\t<meta property=\"og:image:type\" content=\"image\/jpeg\" \/>\n<meta name=\"author\" content=\"Redactor Uno\" \/>\n<meta name=\"twitter:card\" content=\"summary_large_image\" \/>\n<meta name=\"twitter:label1\" content=\"Escrito por\" \/>\n\t<meta name=\"twitter:data1\" content=\"Redactor Uno\" \/>\n\t<meta name=\"twitter:label2\" content=\"Tiempo de lectura\" \/>\n\t<meta name=\"twitter:data2\" content=\"3 minutos\" \/>\n<script type=\"application\/ld+json\" class=\"yoast-schema-graph\">{\"@context\":\"https:\\\/\\\/schema.org\",\"@graph\":[{\"@type\":\"Article\",\"@id\":\"https:\\\/\\\/www.eldiariodetucuman.com\\\/web\\\/presentan-un-proyecto-para-multar-a-padres-de-menores-alcoholizados\\\/#article\",\"isPartOf\":{\"@id\":\"https:\\\/\\\/www.eldiariodetucuman.com\\\/web\\\/presentan-un-proyecto-para-multar-a-padres-de-menores-alcoholizados\\\/\"},\"author\":{\"name\":\"Redactor Uno\",\"@id\":\"https:\\\/\\\/www.eldiariodetucuman.com\\\/web\\\/#\\\/schema\\\/person\\\/7e6644a46e60888f6b868594407e08dd\"},\"headline\":\"Presentan un proyecto para multar a padres de menores alcoholizados\",\"datePublished\":\"2019-01-18T12:44:30+00:00\",\"mainEntityOfPage\":{\"@id\":\"https:\\\/\\\/www.eldiariodetucuman.com\\\/web\\\/presentan-un-proyecto-para-multar-a-padres-de-menores-alcoholizados\\\/\"},\"wordCount\":617,\"publisher\":{\"@id\":\"https:\\\/\\\/www.eldiariodetucuman.com\\\/web\\\/#organization\"},\"image\":{\"@id\":\"https:\\\/\\\/www.eldiariodetucuman.com\\\/web\\\/presentan-un-proyecto-para-multar-a-padres-de-menores-alcoholizados\\\/#primaryimage\"},\"thumbnailUrl\":\"https:\\\/\\\/www.eldiariodetucuman.com\\\/web\\\/wp-content\\\/uploads\\\/2019\\\/01\\\/alcohol.jpg\",\"keywords\":[\"alcohol\",\"Legislatura\",\"Tucuman\"],\"articleSection\":[\"Actualidad\"],\"inLanguage\":\"es\"},{\"@type\":\"WebPage\",\"@id\":\"https:\\\/\\\/www.eldiariodetucuman.com\\\/web\\\/presentan-un-proyecto-para-multar-a-padres-de-menores-alcoholizados\\\/\",\"url\":\"https:\\\/\\\/www.eldiariodetucuman.com\\\/web\\\/presentan-un-proyecto-para-multar-a-padres-de-menores-alcoholizados\\\/\",\"name\":\"Presentan un proyecto para multar a padres de menores alcoholizados - El Diario de Tucuman\",\"isPartOf\":{\"@id\":\"https:\\\/\\\/www.eldiariodetucuman.com\\\/web\\\/#website\"},\"primaryImageOfPage\":{\"@id\":\"https:\\\/\\\/www.eldiariodetucuman.com\\\/web\\\/presentan-un-proyecto-para-multar-a-padres-de-menores-alcoholizados\\\/#primaryimage\"},\"image\":{\"@id\":\"https:\\\/\\\/www.eldiariodetucuman.com\\\/web\\\/presentan-un-proyecto-para-multar-a-padres-de-menores-alcoholizados\\\/#primaryimage\"},\"thumbnailUrl\":\"https:\\\/\\\/www.eldiariodetucuman.com\\\/web\\\/wp-content\\\/uploads\\\/2019\\\/01\\\/alcohol.jpg\",\"datePublished\":\"2019-01-18T12:44:30+00:00\",\"breadcrumb\":{\"@id\":\"https:\\\/\\\/www.eldiariodetucuman.com\\\/web\\\/presentan-un-proyecto-para-multar-a-padres-de-menores-alcoholizados\\\/#breadcrumb\"},\"inLanguage\":\"es\",\"potentialAction\":[{\"@type\":\"ReadAction\",\"target\":[\"https:\\\/\\\/www.eldiariodetucuman.com\\\/web\\\/presentan-un-proyecto-para-multar-a-padres-de-menores-alcoholizados\\\/\"]}]},{\"@type\":\"ImageObject\",\"inLanguage\":\"es\",\"@id\":\"https:\\\/\\\/www.eldiariodetucuman.com\\\/web\\\/presentan-un-proyecto-para-multar-a-padres-de-menores-alcoholizados\\\/#primaryimage\",\"url\":\"https:\\\/\\\/www.eldiariodetucuman.com\\\/web\\\/wp-content\\\/uploads\\\/2019\\\/01\\\/alcohol.jpg\",\"contentUrl\":\"https:\\\/\\\/www.eldiariodetucuman.com\\\/web\\\/wp-content\\\/uploads\\\/2019\\\/01\\\/alcohol.jpg\",\"width\":800,\"height\":450},{\"@type\":\"BreadcrumbList\",\"@id\":\"https:\\\/\\\/www.eldiariodetucuman.com\\\/web\\\/presentan-un-proyecto-para-multar-a-padres-de-menores-alcoholizados\\\/#breadcrumb\",\"itemListElement\":[{\"@type\":\"ListItem\",\"position\":1,\"name\":\"Portada\",\"item\":\"https:\\\/\\\/www.eldiariodetucuman.com\\\/web\\\/\"},{\"@type\":\"ListItem\",\"position\":2,\"name\":\"Presentan un proyecto para multar a padres de menores alcoholizados\"}]},{\"@type\":\"WebSite\",\"@id\":\"https:\\\/\\\/www.eldiariodetucuman.com\\\/web\\\/#website\",\"url\":\"https:\\\/\\\/www.eldiariodetucuman.com\\\/web\\\/\",\"name\":\"El Diario de Tucuman\",\"description\":\"Diario Tucuman - Informaci\u00f3n y noticias\",\"publisher\":{\"@id\":\"https:\\\/\\\/www.eldiariodetucuman.com\\\/web\\\/#organization\"},\"potentialAction\":[{\"@type\":\"SearchAction\",\"target\":{\"@type\":\"EntryPoint\",\"urlTemplate\":\"https:\\\/\\\/www.eldiariodetucuman.com\\\/web\\\/?s={search_term_string}\"},\"query-input\":{\"@type\":\"PropertyValueSpecification\",\"valueRequired\":true,\"valueName\":\"search_term_string\"}}],\"inLanguage\":\"es\"},{\"@type\":\"Organization\",\"@id\":\"https:\\\/\\\/www.eldiariodetucuman.com\\\/web\\\/#organization\",\"name\":\"El Diario de Tucuman\",\"url\":\"https:\\\/\\\/www.eldiariodetucuman.com\\\/web\\\/\",\"logo\":{\"@type\":\"ImageObject\",\"inLanguage\":\"es\",\"@id\":\"https:\\\/\\\/www.eldiariodetucuman.com\\\/web\\\/#\\\/schema\\\/logo\\\/image\\\/\",\"url\":\"http:\\\/\\\/www.eldiariodetucuman.com\\\/web\\\/wp-content\\\/uploads\\\/2017\\\/12\\\/el-diario-de-tucuman.jpg\",\"contentUrl\":\"http:\\\/\\\/www.eldiariodetucuman.com\\\/web\\\/wp-content\\\/uploads\\\/2017\\\/12\\\/el-diario-de-tucuman.jpg\",\"width\":272,\"height\":92,\"caption\":\"El Diario de Tucuman\"},\"image\":{\"@id\":\"https:\\\/\\\/www.eldiariodetucuman.com\\\/web\\\/#\\\/schema\\\/logo\\\/image\\\/\"}},{\"@type\":\"Person\",\"@id\":\"https:\\\/\\\/www.eldiariodetucuman.com\\\/web\\\/#\\\/schema\\\/person\\\/7e6644a46e60888f6b868594407e08dd\",\"name\":\"Redactor Uno\",\"image\":{\"@type\":\"ImageObject\",\"inLanguage\":\"es\",\"@id\":\"https:\\\/\\\/secure.gravatar.com\\\/avatar\\\/0049b1bdf1bd548385c9ea6b9356431717930913089febd2ba904f0187d7d074?s=96&d=mm&r=g\",\"url\":\"https:\\\/\\\/secure.gravatar.com\\\/avatar\\\/0049b1bdf1bd548385c9ea6b9356431717930913089febd2ba904f0187d7d074?s=96&d=mm&r=g\",\"contentUrl\":\"https:\\\/\\\/secure.gravatar.com\\\/avatar\\\/0049b1bdf1bd548385c9ea6b9356431717930913089febd2ba904f0187d7d074?s=96&d=mm&r=g\",\"caption\":\"Redactor Uno\"},\"url\":\"https:\\\/\\\/www.eldiariodetucuman.com\\\/web\\\/author\\\/mramasco\\\/\"}]}<\/script>\n<!-- \/ Yoast SEO plugin. -->","yoast_head_json":{"title":"Presentan un proyecto para multar a padres de menores alcoholizados - El Diario de Tucuman","robots":{"index":"index","follow":"follow","max-snippet":"max-snippet:-1","max-image-preview":"max-image-preview:large","max-video-preview":"max-video-preview:-1"},"canonical":"https:\/\/www.eldiariodetucuman.com\/web\/presentan-un-proyecto-para-multar-a-padres-de-menores-alcoholizados\/","og_locale":"es_ES","og_type":"article","og_title":"Presentan un proyecto para multar a padres de menores alcoholizados - El Diario de Tucuman","og_description":"Un legislador plante\u00f3 sanciones para evitar que los chicos asistan a boliches de mayores. Los infractores pueden ser obligados a hacer tareas comunitarias o terapia. La pena m\u00e1xima equivale al sueldo de un magistrado.","og_url":"https:\/\/www.eldiariodetucuman.com\/web\/presentan-un-proyecto-para-multar-a-padres-de-menores-alcoholizados\/","og_site_name":"El Diario de Tucuman","article_published_time":"2019-01-18T12:44:30+00:00","og_image":[{"width":800,"height":450,"url":"https:\/\/www.eldiariodetucuman.com\/web\/wp-content\/uploads\/2019\/01\/alcohol.jpg","type":"image\/jpeg"}],"author":"Redactor Uno","twitter_card":"summary_large_image","twitter_misc":{"Escrito por":"Redactor Uno","Tiempo de lectura":"3 minutos"},"schema":{"@context":"https:\/\/schema.org","@graph":[{"@type":"Article","@id":"https:\/\/www.eldiariodetucuman.com\/web\/presentan-un-proyecto-para-multar-a-padres-de-menores-alcoholizados\/#article","isPartOf":{"@id":"https:\/\/www.eldiariodetucuman.com\/web\/presentan-un-proyecto-para-multar-a-padres-de-menores-alcoholizados\/"},"author":{"name":"Redactor Uno","@id":"https:\/\/www.eldiariodetucuman.com\/web\/#\/schema\/person\/7e6644a46e60888f6b868594407e08dd"},"headline":"Presentan un proyecto para multar a padres de menores alcoholizados","datePublished":"2019-01-18T12:44:30+00:00","mainEntityOfPage":{"@id":"https:\/\/www.eldiariodetucuman.com\/web\/presentan-un-proyecto-para-multar-a-padres-de-menores-alcoholizados\/"},"wordCount":617,"publisher":{"@id":"https:\/\/www.eldiariodetucuman.com\/web\/#organization"},"image":{"@id":"https:\/\/www.eldiariodetucuman.com\/web\/presentan-un-proyecto-para-multar-a-padres-de-menores-alcoholizados\/#primaryimage"},"thumbnailUrl":"https:\/\/www.eldiariodetucuman.com\/web\/wp-content\/uploads\/2019\/01\/alcohol.jpg","keywords":["alcohol","Legislatura","Tucuman"],"articleSection":["Actualidad"],"inLanguage":"es"},{"@type":"WebPage","@id":"https:\/\/www.eldiariodetucuman.com\/web\/presentan-un-proyecto-para-multar-a-padres-de-menores-alcoholizados\/","url":"https:\/\/www.eldiariodetucuman.com\/web\/presentan-un-proyecto-para-multar-a-padres-de-menores-alcoholizados\/","name":"Presentan un proyecto para multar a padres de menores alcoholizados - El Diario de Tucuman","isPartOf":{"@id":"https:\/\/www.eldiariodetucuman.com\/web\/#website"},"primaryImageOfPage":{"@id":"https:\/\/www.eldiariodetucuman.com\/web\/presentan-un-proyecto-para-multar-a-padres-de-menores-alcoholizados\/#primaryimage"},"image":{"@id":"https:\/\/www.eldiariodetucuman.com\/web\/presentan-un-proyecto-para-multar-a-padres-de-menores-alcoholizados\/#primaryimage"},"thumbnailUrl":"https:\/\/www.eldiariodetucuman.com\/web\/wp-content\/uploads\/2019\/01\/alcohol.jpg","datePublished":"2019-01-18T12:44:30+00:00","breadcrumb":{"@id":"https:\/\/www.eldiariodetucuman.com\/web\/presentan-un-proyecto-para-multar-a-padres-de-menores-alcoholizados\/#breadcrumb"},"inLanguage":"es","potentialAction":[{"@type":"ReadAction","target":["https:\/\/www.eldiariodetucuman.com\/web\/presentan-un-proyecto-para-multar-a-padres-de-menores-alcoholizados\/"]}]},{"@type":"ImageObject","inLanguage":"es","@id":"https:\/\/www.eldiariodetucuman.com\/web\/presentan-un-proyecto-para-multar-a-padres-de-menores-alcoholizados\/#primaryimage","url":"https:\/\/www.eldiariodetucuman.com\/web\/wp-content\/uploads\/2019\/01\/alcohol.jpg","contentUrl":"https:\/\/www.eldiariodetucuman.com\/web\/wp-content\/uploads\/2019\/01\/alcohol.jpg","width":800,"height":450},{"@type":"BreadcrumbList","@id":"https:\/\/www.eldiariodetucuman.com\/web\/presentan-un-proyecto-para-multar-a-padres-de-menores-alcoholizados\/#breadcrumb","itemListElement":[{"@type":"ListItem","position":1,"name":"Portada","item":"https:\/\/www.eldiariodetucuman.com\/web\/"},{"@type":"ListItem","position":2,"name":"Presentan un proyecto para multar a padres de menores alcoholizados"}]},{"@type":"WebSite","@id":"https:\/\/www.eldiariodetucuman.com\/web\/#website","url":"https:\/\/www.eldiariodetucuman.com\/web\/","name":"El Diario de Tucuman","description":"Diario Tucuman - Informaci\u00f3n y noticias","publisher":{"@id":"https:\/\/www.eldiariodetucuman.com\/web\/#organization"},"potentialAction":[{"@type":"SearchAction","target":{"@type":"EntryPoint","urlTemplate":"https:\/\/www.eldiariodetucuman.com\/web\/?s={search_term_string}"},"query-input":{"@type":"PropertyValueSpecification","valueRequired":true,"valueName":"search_term_string"}}],"inLanguage":"es"},{"@type":"Organization","@id":"https:\/\/www.eldiariodetucuman.com\/web\/#organization","name":"El Diario de Tucuman","url":"https:\/\/www.eldiariodetucuman.com\/web\/","logo":{"@type":"ImageObject","inLanguage":"es","@id":"https:\/\/www.eldiariodetucuman.com\/web\/#\/schema\/logo\/image\/","url":"http:\/\/www.eldiariodetucuman.com\/web\/wp-content\/uploads\/2017\/12\/el-diario-de-tucuman.jpg","contentUrl":"http:\/\/www.eldiariodetucuman.com\/web\/wp-content\/uploads\/2017\/12\/el-diario-de-tucuman.jpg","width":272,"height":92,"caption":"El Diario de Tucuman"},"image":{"@id":"https:\/\/www.eldiariodetucuman.com\/web\/#\/schema\/logo\/image\/"}},{"@type":"Person","@id":"https:\/\/www.eldiariodetucuman.com\/web\/#\/schema\/person\/7e6644a46e60888f6b868594407e08dd","name":"Redactor Uno","image":{"@type":"ImageObject","inLanguage":"es","@id":"https:\/\/secure.gravatar.com\/avatar\/0049b1bdf1bd548385c9ea6b9356431717930913089febd2ba904f0187d7d074?s=96&d=mm&r=g","url":"https:\/\/secure.gravatar.com\/avatar\/0049b1bdf1bd548385c9ea6b9356431717930913089febd2ba904f0187d7d074?s=96&d=mm&r=g","contentUrl":"https:\/\/secure.gravatar.com\/avatar\/0049b1bdf1bd548385c9ea6b9356431717930913089febd2ba904f0187d7d074?s=96&d=mm&r=g","caption":"Redactor Uno"},"url":"https:\/\/www.eldiariodetucuman.com\/web\/author\/mramasco\/"}]}},"_links":{"self":[{"href":"https:\/\/www.eldiariodetucuman.com\/web\/wp-json\/wp\/v2\/posts\/21611","targetHints":{"allow":["GET"]}}],"collection":[{"href":"https:\/\/www.eldiariodetucuman.com\/web\/wp-json\/wp\/v2\/posts"}],"about":[{"href":"https:\/\/www.eldiariodetucuman.com\/web\/wp-json\/wp\/v2\/types\/post"}],"author":[{"embeddable":true,"href":"https:\/\/www.eldiariodetucuman.com\/web\/wp-json\/wp\/v2\/users\/5"}],"replies":[{"embeddable":true,"href":"https:\/\/www.eldiariodetucuman.com\/web\/wp-json\/wp\/v2\/comments?post=21611"}],"version-history":[{"count":1,"href":"https:\/\/www.eldiariodetucuman.com\/web\/wp-json\/wp\/v2\/posts\/21611\/revisions"}],"predecessor-version":[{"id":21613,"href":"https:\/\/www.eldiariodetucuman.com\/web\/wp-json\/wp\/v2\/posts\/21611\/revisions\/21613"}],"wp:featuredmedia":[{"embeddable":true,"href":"https:\/\/www.eldiariodetucuman.com\/web\/wp-json\/wp\/v2\/media\/21612"}],"wp:attachment":[{"href":"https:\/\/www.eldiariodetucuman.com\/web\/wp-json\/wp\/v2\/media?parent=21611"}],"wp:term":[{"taxonomy":"category","embeddable":true,"href":"https:\/\/www.eldiariodetucuman.com\/web\/wp-json\/wp\/v2\/categories?post=21611"},{"taxonomy":"post_tag","embeddable":true,"href":"https:\/\/www.eldiariodetucuman.com\/web\/wp-json\/wp\/v2\/tags?post=21611"}],"curies":[{"name":"wp","href":"https:\/\/api.w.org\/{rel}","templated":true}]}}