{"id":21608,"date":"2019-01-18T09:41:19","date_gmt":"2019-01-18T12:41:19","guid":{"rendered":"http:\/\/www.eldiariodetucuman.com\/web\/?p=21608"},"modified":"2019-01-18T09:41:19","modified_gmt":"2019-01-18T12:41:19","slug":"fin-de-semana-conoce-la-agenda-de-espectaculos-libres-y-gratuitos","status":"publish","type":"post","link":"https:\/\/www.eldiariodetucuman.com\/web\/fin-de-semana-conoce-la-agenda-de-espectaculos-libres-y-gratuitos\/","title":{"rendered":"Fin de semana: Conoc\u00e9 la agenda de espect\u00e1culos libres y gratuitos"},"content":{"rendered":"<div class=\"td-post-header\">\n<header class=\"td-post-title\">\n<p class=\"entry-title\">Desde el Ente Cultural dieron a conocer la agenda de espect\u00e1culos libres y gratuitos que habr\u00e1 este fin de semana en los distintos puntos de la provincia. Algunos se suspenden por lluvia as\u00ed que prest\u00e1 atenci\u00f3n.<\/p>\n<\/header>\n<\/div>\n<p><!--more--><\/p>\n<div class=\"td-post-content\">\n<p>Viernes 18 de enero:\u00a0MUSEO CASA PADILLA. 25 de Mayo 36. A las 21, Verano con Cultura 2019. \u201cCuentos y Mitos del Noroeste Argentino 2019\u201d. Leyendas populares como El Basilisco, La Viuda, La Telesita, El familiar, entre otras. Con\u00a0Ayelen Ormaechea, Ruth Plaate, Joel Alonso, Ignacio Hael y Marcos Zerda, bajo la coordinaci\u00f3n de Mariano Juri y Jessica Carrizo, todos actores del Teatro Estable de la Provincia. Entrada libre y gratuita.<\/p>\n<p>\u2013\u00a0MUSEO FOLKL\u00d3RICO PROVINCIAL \u201cGRAL. MANUEL BELGRANO\u201d. 24 de Septiembre 565. A las 21, Verano con Cultura presenta Ciclo de M\u00fasica. Con la actuaci\u00f3n del reconocido folklorista Hugo Rodr\u00edguez. Lo acompa\u00f1an Marta Lafuente (vientos) y Ramiro Rodr\u00edguez (percusi\u00f3n). Entrada libre y gratuita.<\/p>\n<p>S\u00e1bado 19 de enero:\u00a0MUSEO A CIELO ABIERTO \u201cLOS MENHIRES\u201d (El Mollar). A las 17, Verano con Cultura. Taller de Expresi\u00f3n Corporal. Libre y gratuito. Se suspende por lluvia.<\/p>\n<p>Domingo 20 de enero:\u00a0ANFITEATRO CELESTINO GELSI. El Cadillal. A las 18, Verano con Cultura 2019: Ciclo de M\u00fasica con la actuaci\u00f3n del grupo Purij. M\u00fasica del altiplano. Entrada libre y gratuita. Se suspende por lluvia.<\/p>\n<p>-PLAZA BELGRANO. Bernab\u00e9 Ar\u00e1oz y Lavalle. Desde las 19, Taller de Origami y Shows de T\u00edteres y Marionetas. A las 20, Ven\u00ed Cant\u00e1, con una gran variedad de pistas para que el p\u00fablico cante. Se suspende por lluvia.<\/p>\n<p>-PLAZA SAN MART\u00cdN. Lavalle y Ayacucho. Desde las 19, Susurradores en Acci\u00f3n. A las 20hs. Ven\u00ed Bail\u00e1. Salsa y bachata a cargo de la profesora Karina Navarro Kairuz. Se suspende por lluvia.<\/p>\n<p><strong>Fuente:<\/strong>\u00a0<a href=\"http:\/\/www.0381.com.ar\/fin-de-semana-conoce-la-agenda-de-espectaculos-libres-y-gratuitos\/\">http:\/\/www.0381.com.ar\/fin-de-semana-conoce-la-agenda-de-espectaculos-libres-y-gratuitos\/<\/a><\/p>\n<\/div>\n","protected":false},"excerpt":{"rendered":"<p>Desde el Ente Cultural dieron a conocer la agenda de espect\u00e1culos libres y gratuitos que habr\u00e1 este fin de semana en los distintos puntos de la provincia. Algunos se suspenden por lluvia as\u00ed que prest\u00e1 atenci\u00f3n.<\/p>\n","protected":false},"author":5,"featured_media":21609,"comment_status":"closed","ping_status":"open","sticky":false,"template":"","format":"standard","meta":{"footnotes":""},"categories":[5],"tags":[1490,304,81,61],"class_list":{"0":"post-21608","1":"post","2":"type-post","3":"status-publish","4":"format-standard","5":"has-post-thumbnail","7":"category-cultura","8":"tag-agenda","9":"tag-cultura","10":"tag-espectaculos","11":"tag-tucuman"},"yoast_head":"<!-- This site is optimized with the Yoast SEO plugin v27.4 - https:\/\/yoast.com\/product\/yoast-seo-wordpress\/ -->\n<title>Fin de semana: Conoc\u00e9 la agenda de espect\u00e1culos libres y gratuitos - El Diario de Tucuman<\/title>\n<meta name=\"robots\" content=\"index, follow, max-snippet:-1, max-image-preview:large, max-video-preview:-1\" \/>\n<link rel=\"canonical\" href=\"https:\/\/www.eldiariodetucuman.com\/web\/fin-de-semana-conoce-la-agenda-de-espectaculos-libres-y-gratuitos\/\" \/>\n<meta property=\"og:locale\" content=\"es_ES\" \/>\n<meta property=\"og:type\" content=\"article\" \/>\n<meta property=\"og:title\" content=\"Fin de semana: Conoc\u00e9 la agenda de espect\u00e1culos libres y gratuitos - El Diario de Tucuman\" \/>\n<meta property=\"og:description\" content=\"Desde el Ente Cultural dieron a conocer la agenda de espect\u00e1culos libres y gratuitos que habr\u00e1 este fin de semana en los distintos puntos de la provincia. Algunos se suspenden por lluvia as\u00ed que prest\u00e1 atenci\u00f3n.\" \/>\n<meta property=\"og:url\" content=\"https:\/\/www.eldiariodetucuman.com\/web\/fin-de-semana-conoce-la-agenda-de-espectaculos-libres-y-gratuitos\/\" \/>\n<meta property=\"og:site_name\" content=\"El Diario de Tucuman\" \/>\n<meta property=\"article:published_time\" content=\"2019-01-18T12:41:19+00:00\" \/>\n<meta property=\"og:image\" content=\"https:\/\/www.eldiariodetucuman.com\/web\/wp-content\/uploads\/2019\/01\/especaculos.jpg\" \/>\n\t<meta property=\"og:image:width\" content=\"1280\" \/>\n\t<meta property=\"og:image:height\" content=\"719\" \/>\n\t<meta property=\"og:image:type\" content=\"image\/jpeg\" \/>\n<meta name=\"author\" content=\"Redactor Uno\" \/>\n<meta name=\"twitter:card\" content=\"summary_large_image\" \/>\n<meta name=\"twitter:label1\" content=\"Escrito por\" \/>\n\t<meta name=\"twitter:data1\" content=\"Redactor Uno\" \/>\n\t<meta name=\"twitter:label2\" content=\"Tiempo de lectura\" \/>\n\t<meta name=\"twitter:data2\" content=\"1 minuto\" \/>\n<script type=\"application\/ld+json\" class=\"yoast-schema-graph\">{\"@context\":\"https:\\\/\\\/schema.org\",\"@graph\":[{\"@type\":\"Article\",\"@id\":\"https:\\\/\\\/www.eldiariodetucuman.com\\\/web\\\/fin-de-semana-conoce-la-agenda-de-espectaculos-libres-y-gratuitos\\\/#article\",\"isPartOf\":{\"@id\":\"https:\\\/\\\/www.eldiariodetucuman.com\\\/web\\\/fin-de-semana-conoce-la-agenda-de-espectaculos-libres-y-gratuitos\\\/\"},\"author\":{\"name\":\"Redactor Uno\",\"@id\":\"https:\\\/\\\/www.eldiariodetucuman.com\\\/web\\\/#\\\/schema\\\/person\\\/7e6644a46e60888f6b868594407e08dd\"},\"headline\":\"Fin de semana: Conoc\u00e9 la agenda de espect\u00e1culos libres y gratuitos\",\"datePublished\":\"2019-01-18T12:41:19+00:00\",\"mainEntityOfPage\":{\"@id\":\"https:\\\/\\\/www.eldiariodetucuman.com\\\/web\\\/fin-de-semana-conoce-la-agenda-de-espectaculos-libres-y-gratuitos\\\/\"},\"wordCount\":304,\"publisher\":{\"@id\":\"https:\\\/\\\/www.eldiariodetucuman.com\\\/web\\\/#organization\"},\"image\":{\"@id\":\"https:\\\/\\\/www.eldiariodetucuman.com\\\/web\\\/fin-de-semana-conoce-la-agenda-de-espectaculos-libres-y-gratuitos\\\/#primaryimage\"},\"thumbnailUrl\":\"https:\\\/\\\/www.eldiariodetucuman.com\\\/web\\\/wp-content\\\/uploads\\\/2019\\\/01\\\/especaculos.jpg\",\"keywords\":[\"agenda\",\"cultura\",\"espectaculos\",\"Tucuman\"],\"articleSection\":[\"Cultura\"],\"inLanguage\":\"es\"},{\"@type\":\"WebPage\",\"@id\":\"https:\\\/\\\/www.eldiariodetucuman.com\\\/web\\\/fin-de-semana-conoce-la-agenda-de-espectaculos-libres-y-gratuitos\\\/\",\"url\":\"https:\\\/\\\/www.eldiariodetucuman.com\\\/web\\\/fin-de-semana-conoce-la-agenda-de-espectaculos-libres-y-gratuitos\\\/\",\"name\":\"Fin de semana: Conoc\u00e9 la agenda de espect\u00e1culos libres y gratuitos - El Diario de Tucuman\",\"isPartOf\":{\"@id\":\"https:\\\/\\\/www.eldiariodetucuman.com\\\/web\\\/#website\"},\"primaryImageOfPage\":{\"@id\":\"https:\\\/\\\/www.eldiariodetucuman.com\\\/web\\\/fin-de-semana-conoce-la-agenda-de-espectaculos-libres-y-gratuitos\\\/#primaryimage\"},\"image\":{\"@id\":\"https:\\\/\\\/www.eldiariodetucuman.com\\\/web\\\/fin-de-semana-conoce-la-agenda-de-espectaculos-libres-y-gratuitos\\\/#primaryimage\"},\"thumbnailUrl\":\"https:\\\/\\\/www.eldiariodetucuman.com\\\/web\\\/wp-content\\\/uploads\\\/2019\\\/01\\\/especaculos.jpg\",\"datePublished\":\"2019-01-18T12:41:19+00:00\",\"breadcrumb\":{\"@id\":\"https:\\\/\\\/www.eldiariodetucuman.com\\\/web\\\/fin-de-semana-conoce-la-agenda-de-espectaculos-libres-y-gratuitos\\\/#breadcrumb\"},\"inLanguage\":\"es\",\"potentialAction\":[{\"@type\":\"ReadAction\",\"target\":[\"https:\\\/\\\/www.eldiariodetucuman.com\\\/web\\\/fin-de-semana-conoce-la-agenda-de-espectaculos-libres-y-gratuitos\\\/\"]}]},{\"@type\":\"ImageObject\",\"inLanguage\":\"es\",\"@id\":\"https:\\\/\\\/www.eldiariodetucuman.com\\\/web\\\/fin-de-semana-conoce-la-agenda-de-espectaculos-libres-y-gratuitos\\\/#primaryimage\",\"url\":\"https:\\\/\\\/www.eldiariodetucuman.com\\\/web\\\/wp-content\\\/uploads\\\/2019\\\/01\\\/especaculos.jpg\",\"contentUrl\":\"https:\\\/\\\/www.eldiariodetucuman.com\\\/web\\\/wp-content\\\/uploads\\\/2019\\\/01\\\/especaculos.jpg\",\"width\":1280,\"height\":719},{\"@type\":\"BreadcrumbList\",\"@id\":\"https:\\\/\\\/www.eldiariodetucuman.com\\\/web\\\/fin-de-semana-conoce-la-agenda-de-espectaculos-libres-y-gratuitos\\\/#breadcrumb\",\"itemListElement\":[{\"@type\":\"ListItem\",\"position\":1,\"name\":\"Portada\",\"item\":\"https:\\\/\\\/www.eldiariodetucuman.com\\\/web\\\/\"},{\"@type\":\"ListItem\",\"position\":2,\"name\":\"Fin de semana: Conoc\u00e9 la agenda de espect\u00e1culos libres y gratuitos\"}]},{\"@type\":\"WebSite\",\"@id\":\"https:\\\/\\\/www.eldiariodetucuman.com\\\/web\\\/#website\",\"url\":\"https:\\\/\\\/www.eldiariodetucuman.com\\\/web\\\/\",\"name\":\"El Diario de Tucuman\",\"description\":\"Diario Tucuman - Informaci\u00f3n y noticias\",\"publisher\":{\"@id\":\"https:\\\/\\\/www.eldiariodetucuman.com\\\/web\\\/#organization\"},\"potentialAction\":[{\"@type\":\"SearchAction\",\"target\":{\"@type\":\"EntryPoint\",\"urlTemplate\":\"https:\\\/\\\/www.eldiariodetucuman.com\\\/web\\\/?s={search_term_string}\"},\"query-input\":{\"@type\":\"PropertyValueSpecification\",\"valueRequired\":true,\"valueName\":\"search_term_string\"}}],\"inLanguage\":\"es\"},{\"@type\":\"Organization\",\"@id\":\"https:\\\/\\\/www.eldiariodetucuman.com\\\/web\\\/#organization\",\"name\":\"El Diario de Tucuman\",\"url\":\"https:\\\/\\\/www.eldiariodetucuman.com\\\/web\\\/\",\"logo\":{\"@type\":\"ImageObject\",\"inLanguage\":\"es\",\"@id\":\"https:\\\/\\\/www.eldiariodetucuman.com\\\/web\\\/#\\\/schema\\\/logo\\\/image\\\/\",\"url\":\"http:\\\/\\\/www.eldiariodetucuman.com\\\/web\\\/wp-content\\\/uploads\\\/2017\\\/12\\\/el-diario-de-tucuman.jpg\",\"contentUrl\":\"http:\\\/\\\/www.eldiariodetucuman.com\\\/web\\\/wp-content\\\/uploads\\\/2017\\\/12\\\/el-diario-de-tucuman.jpg\",\"width\":272,\"height\":92,\"caption\":\"El Diario de Tucuman\"},\"image\":{\"@id\":\"https:\\\/\\\/www.eldiariodetucuman.com\\\/web\\\/#\\\/schema\\\/logo\\\/image\\\/\"}},{\"@type\":\"Person\",\"@id\":\"https:\\\/\\\/www.eldiariodetucuman.com\\\/web\\\/#\\\/schema\\\/person\\\/7e6644a46e60888f6b868594407e08dd\",\"name\":\"Redactor Uno\",\"image\":{\"@type\":\"ImageObject\",\"inLanguage\":\"es\",\"@id\":\"https:\\\/\\\/secure.gravatar.com\\\/avatar\\\/0049b1bdf1bd548385c9ea6b9356431717930913089febd2ba904f0187d7d074?s=96&d=mm&r=g\",\"url\":\"https:\\\/\\\/secure.gravatar.com\\\/avatar\\\/0049b1bdf1bd548385c9ea6b9356431717930913089febd2ba904f0187d7d074?s=96&d=mm&r=g\",\"contentUrl\":\"https:\\\/\\\/secure.gravatar.com\\\/avatar\\\/0049b1bdf1bd548385c9ea6b9356431717930913089febd2ba904f0187d7d074?s=96&d=mm&r=g\",\"caption\":\"Redactor Uno\"},\"url\":\"https:\\\/\\\/www.eldiariodetucuman.com\\\/web\\\/author\\\/mramasco\\\/\"}]}<\/script>\n<!-- \/ Yoast SEO plugin. -->","yoast_head_json":{"title":"Fin de semana: Conoc\u00e9 la agenda de espect\u00e1culos libres y gratuitos - El Diario de Tucuman","robots":{"index":"index","follow":"follow","max-snippet":"max-snippet:-1","max-image-preview":"max-image-preview:large","max-video-preview":"max-video-preview:-1"},"canonical":"https:\/\/www.eldiariodetucuman.com\/web\/fin-de-semana-conoce-la-agenda-de-espectaculos-libres-y-gratuitos\/","og_locale":"es_ES","og_type":"article","og_title":"Fin de semana: Conoc\u00e9 la agenda de espect\u00e1culos libres y gratuitos - El Diario de Tucuman","og_description":"Desde el Ente Cultural dieron a conocer la agenda de espect\u00e1culos libres y gratuitos que habr\u00e1 este fin de semana en los distintos puntos de la provincia. Algunos se suspenden por lluvia as\u00ed que prest\u00e1 atenci\u00f3n.","og_url":"https:\/\/www.eldiariodetucuman.com\/web\/fin-de-semana-conoce-la-agenda-de-espectaculos-libres-y-gratuitos\/","og_site_name":"El Diario de Tucuman","article_published_time":"2019-01-18T12:41:19+00:00","og_image":[{"width":1280,"height":719,"url":"https:\/\/www.eldiariodetucuman.com\/web\/wp-content\/uploads\/2019\/01\/especaculos.jpg","type":"image\/jpeg"}],"author":"Redactor Uno","twitter_card":"summary_large_image","twitter_misc":{"Escrito por":"Redactor Uno","Tiempo de lectura":"1 minuto"},"schema":{"@context":"https:\/\/schema.org","@graph":[{"@type":"Article","@id":"https:\/\/www.eldiariodetucuman.com\/web\/fin-de-semana-conoce-la-agenda-de-espectaculos-libres-y-gratuitos\/#article","isPartOf":{"@id":"https:\/\/www.eldiariodetucuman.com\/web\/fin-de-semana-conoce-la-agenda-de-espectaculos-libres-y-gratuitos\/"},"author":{"name":"Redactor Uno","@id":"https:\/\/www.eldiariodetucuman.com\/web\/#\/schema\/person\/7e6644a46e60888f6b868594407e08dd"},"headline":"Fin de semana: Conoc\u00e9 la agenda de espect\u00e1culos libres y gratuitos","datePublished":"2019-01-18T12:41:19+00:00","mainEntityOfPage":{"@id":"https:\/\/www.eldiariodetucuman.com\/web\/fin-de-semana-conoce-la-agenda-de-espectaculos-libres-y-gratuitos\/"},"wordCount":304,"publisher":{"@id":"https:\/\/www.eldiariodetucuman.com\/web\/#organization"},"image":{"@id":"https:\/\/www.eldiariodetucuman.com\/web\/fin-de-semana-conoce-la-agenda-de-espectaculos-libres-y-gratuitos\/#primaryimage"},"thumbnailUrl":"https:\/\/www.eldiariodetucuman.com\/web\/wp-content\/uploads\/2019\/01\/especaculos.jpg","keywords":["agenda","cultura","espectaculos","Tucuman"],"articleSection":["Cultura"],"inLanguage":"es"},{"@type":"WebPage","@id":"https:\/\/www.eldiariodetucuman.com\/web\/fin-de-semana-conoce-la-agenda-de-espectaculos-libres-y-gratuitos\/","url":"https:\/\/www.eldiariodetucuman.com\/web\/fin-de-semana-conoce-la-agenda-de-espectaculos-libres-y-gratuitos\/","name":"Fin de semana: Conoc\u00e9 la agenda de espect\u00e1culos libres y gratuitos - El Diario de Tucuman","isPartOf":{"@id":"https:\/\/www.eldiariodetucuman.com\/web\/#website"},"primaryImageOfPage":{"@id":"https:\/\/www.eldiariodetucuman.com\/web\/fin-de-semana-conoce-la-agenda-de-espectaculos-libres-y-gratuitos\/#primaryimage"},"image":{"@id":"https:\/\/www.eldiariodetucuman.com\/web\/fin-de-semana-conoce-la-agenda-de-espectaculos-libres-y-gratuitos\/#primaryimage"},"thumbnailUrl":"https:\/\/www.eldiariodetucuman.com\/web\/wp-content\/uploads\/2019\/01\/especaculos.jpg","datePublished":"2019-01-18T12:41:19+00:00","breadcrumb":{"@id":"https:\/\/www.eldiariodetucuman.com\/web\/fin-de-semana-conoce-la-agenda-de-espectaculos-libres-y-gratuitos\/#breadcrumb"},"inLanguage":"es","potentialAction":[{"@type":"ReadAction","target":["https:\/\/www.eldiariodetucuman.com\/web\/fin-de-semana-conoce-la-agenda-de-espectaculos-libres-y-gratuitos\/"]}]},{"@type":"ImageObject","inLanguage":"es","@id":"https:\/\/www.eldiariodetucuman.com\/web\/fin-de-semana-conoce-la-agenda-de-espectaculos-libres-y-gratuitos\/#primaryimage","url":"https:\/\/www.eldiariodetucuman.com\/web\/wp-content\/uploads\/2019\/01\/especaculos.jpg","contentUrl":"https:\/\/www.eldiariodetucuman.com\/web\/wp-content\/uploads\/2019\/01\/especaculos.jpg","width":1280,"height":719},{"@type":"BreadcrumbList","@id":"https:\/\/www.eldiariodetucuman.com\/web\/fin-de-semana-conoce-la-agenda-de-espectaculos-libres-y-gratuitos\/#breadcrumb","itemListElement":[{"@type":"ListItem","position":1,"name":"Portada","item":"https:\/\/www.eldiariodetucuman.com\/web\/"},{"@type":"ListItem","position":2,"name":"Fin de semana: Conoc\u00e9 la agenda de espect\u00e1culos libres y gratuitos"}]},{"@type":"WebSite","@id":"https:\/\/www.eldiariodetucuman.com\/web\/#website","url":"https:\/\/www.eldiariodetucuman.com\/web\/","name":"El Diario de Tucuman","description":"Diario Tucuman - Informaci\u00f3n y noticias","publisher":{"@id":"https:\/\/www.eldiariodetucuman.com\/web\/#organization"},"potentialAction":[{"@type":"SearchAction","target":{"@type":"EntryPoint","urlTemplate":"https:\/\/www.eldiariodetucuman.com\/web\/?s={search_term_string}"},"query-input":{"@type":"PropertyValueSpecification","valueRequired":true,"valueName":"search_term_string"}}],"inLanguage":"es"},{"@type":"Organization","@id":"https:\/\/www.eldiariodetucuman.com\/web\/#organization","name":"El Diario de Tucuman","url":"https:\/\/www.eldiariodetucuman.com\/web\/","logo":{"@type":"ImageObject","inLanguage":"es","@id":"https:\/\/www.eldiariodetucuman.com\/web\/#\/schema\/logo\/image\/","url":"http:\/\/www.eldiariodetucuman.com\/web\/wp-content\/uploads\/2017\/12\/el-diario-de-tucuman.jpg","contentUrl":"http:\/\/www.eldiariodetucuman.com\/web\/wp-content\/uploads\/2017\/12\/el-diario-de-tucuman.jpg","width":272,"height":92,"caption":"El Diario de Tucuman"},"image":{"@id":"https:\/\/www.eldiariodetucuman.com\/web\/#\/schema\/logo\/image\/"}},{"@type":"Person","@id":"https:\/\/www.eldiariodetucuman.com\/web\/#\/schema\/person\/7e6644a46e60888f6b868594407e08dd","name":"Redactor Uno","image":{"@type":"ImageObject","inLanguage":"es","@id":"https:\/\/secure.gravatar.com\/avatar\/0049b1bdf1bd548385c9ea6b9356431717930913089febd2ba904f0187d7d074?s=96&d=mm&r=g","url":"https:\/\/secure.gravatar.com\/avatar\/0049b1bdf1bd548385c9ea6b9356431717930913089febd2ba904f0187d7d074?s=96&d=mm&r=g","contentUrl":"https:\/\/secure.gravatar.com\/avatar\/0049b1bdf1bd548385c9ea6b9356431717930913089febd2ba904f0187d7d074?s=96&d=mm&r=g","caption":"Redactor Uno"},"url":"https:\/\/www.eldiariodetucuman.com\/web\/author\/mramasco\/"}]}},"_links":{"self":[{"href":"https:\/\/www.eldiariodetucuman.com\/web\/wp-json\/wp\/v2\/posts\/21608","targetHints":{"allow":["GET"]}}],"collection":[{"href":"https:\/\/www.eldiariodetucuman.com\/web\/wp-json\/wp\/v2\/posts"}],"about":[{"href":"https:\/\/www.eldiariodetucuman.com\/web\/wp-json\/wp\/v2\/types\/post"}],"author":[{"embeddable":true,"href":"https:\/\/www.eldiariodetucuman.com\/web\/wp-json\/wp\/v2\/users\/5"}],"replies":[{"embeddable":true,"href":"https:\/\/www.eldiariodetucuman.com\/web\/wp-json\/wp\/v2\/comments?post=21608"}],"version-history":[{"count":1,"href":"https:\/\/www.eldiariodetucuman.com\/web\/wp-json\/wp\/v2\/posts\/21608\/revisions"}],"predecessor-version":[{"id":21610,"href":"https:\/\/www.eldiariodetucuman.com\/web\/wp-json\/wp\/v2\/posts\/21608\/revisions\/21610"}],"wp:featuredmedia":[{"embeddable":true,"href":"https:\/\/www.eldiariodetucuman.com\/web\/wp-json\/wp\/v2\/media\/21609"}],"wp:attachment":[{"href":"https:\/\/www.eldiariodetucuman.com\/web\/wp-json\/wp\/v2\/media?parent=21608"}],"wp:term":[{"taxonomy":"category","embeddable":true,"href":"https:\/\/www.eldiariodetucuman.com\/web\/wp-json\/wp\/v2\/categories?post=21608"},{"taxonomy":"post_tag","embeddable":true,"href":"https:\/\/www.eldiariodetucuman.com\/web\/wp-json\/wp\/v2\/tags?post=21608"}],"curies":[{"name":"wp","href":"https:\/\/api.w.org\/{rel}","templated":true}]}}