{"id":21599,"date":"2019-01-18T00:08:17","date_gmt":"2019-01-18T03:08:17","guid":{"rendered":"http:\/\/www.eldiariodetucuman.com\/web\/manzur-distinguio-a-comisarios-generales-de-la-policia\/"},"modified":"2019-01-18T00:08:18","modified_gmt":"2019-01-18T03:08:18","slug":"manzur-distinguio-a-comisarios-generales-de-la-policia","status":"publish","type":"post","link":"https:\/\/www.eldiariodetucuman.com\/web\/manzur-distinguio-a-comisarios-generales-de-la-policia\/","title":{"rendered":"Manzur distingui\u00f3 a comisarios generales de la Polic\u00eda"},"content":{"rendered":"<div>\n<div readability=\"57\">\n<p>El gobernador,\u00a0<strong>Juan Manzur<\/strong>, presidi\u00f3 el acto de imposici\u00f3n de insignias por el que fueron\u00a0distinguidos\u00a0nuevos comisarios generales de la Polic\u00eda de Tucum\u00e1n, quienes prestaron juramento.<\/p>\n<blockquote readability=\"9\">\n<p>Hoy\u00a0distinguimos a todos aquellos efectivos que por m\u00e9rito y a lo largo de toda su carrera han logrado llegar al grado m\u00e1ximo en la Polic\u00eda de Tucum\u00e1n. Son 17 hombres que con una foja de servicio impecable se han capacitado y hoy han accedido a ser comisario general\u201d,\u00a0dijo el Primer Mandatario.<\/p>\n<\/blockquote>\n<p>Ademas agreg\u00f3 que \u201cel mensaje del Gobernador fue claro: cuidar a los tucumanos, trabajar para todos los d\u00edas estemos un poco m\u00e1s seguro, combatir con todos aquellos que hacen cosas que no corresponde y con los que venden droga\u201d.<\/p>\n<blockquote class=\"mom_quote \"><p>En el Sal\u00f3n Blanco de la Casa de Gobierno acompa\u00f1aron a Manzur, el ministro de Seguridad, <strong>Claudio Maley<\/strong>; el ministro P\u00fablico de la Defensa,\u00a0<strong>Washington Navarro D\u00e1vila; <\/strong>la<strong>\u00a0<\/strong>secretaria general de la Gobernaci\u00f3n<strong>,\u00a0<strong>Silvia P\u00e9rez<\/strong>;\u00a0<\/strong>autoridades de la Justicia Federal; legisladores; intendentes;\u00a0secretarios y subsecretarios de Estado; jefes y subjefes de la Polic\u00eda de la provincia, adem\u00e1s de la plana mayor de la fuerza y familiares de los promocionados.<\/p><\/blockquote>\n<p>\u201cManzur nos recalca constantemente en trabajar en la prevenci\u00f3n para desarticular organizaciones o hechos que\u00a0 afecten a la seguridad de los tucumanos\u201d, explic\u00f3 el ministro Maley. \u201cQuiero destacar el gesto del Gobernador en la relevancia que le otorga a la instituci\u00f3n policial. Este acto fue algo hist\u00f3rico ya que esto genera motivar a los agentes en su trabajo y en los resultados\u201d, afirm\u00f3.<\/p>\n<blockquote class=\"mom_quote \" readability=\"5\">\n<p>Los nuevos comisarios generales son:<\/p>\n<p><strong>Castro, Carlos<\/strong><\/p>\n<p><strong>G\u00f3mez, Jos\u00e9<\/strong><\/p>\n<p><strong>Concha, F\u00e9lix<\/strong><\/p>\n<p><strong>Salvatore, H\u00e9ctor<\/strong><\/p>\n<p><strong>Bernachi, Manuel<\/strong><\/p>\n<p><strong>Danielsen, Carlos<\/strong><\/p>\n<p><strong>Ocaranza, Andr\u00e9s<\/strong><\/p>\n<p><strong>Soria, Jos\u00e9<\/strong><\/p>\n<p><strong>Iba\u00f1ez, Cesar<\/strong><\/p>\n<p><strong>Palacios, Victor<\/strong><\/p>\n<p><strong>Alderete, Julio<\/strong><\/p>\n<p><strong>\u00c1lvarez, Walter<\/strong><\/p>\n<p><strong>Soria, Rene<\/strong><\/p>\n<p><strong>Cruz Nasser, Edin<\/strong><\/p>\n<p><strong>Galv\u00e1n, Julio<\/strong><\/p>\n<p><strong>Sosa, Manuel<\/strong><\/p>\n<p><strong>L\u00f3pez, Hugo<\/strong><\/p>\n<\/blockquote>\n<p>La reorganizaci\u00f3n\u00a0 de la Polic\u00eda potencia los tres ejes del Programa Integral de Seguridad: prevenci\u00f3n, investigaci\u00f3n y profesionalizaci\u00f3n de la fuerza.<\/p>\n<\/div>\n<\/div>\n<p>Fuente: http:\/\/comunicaciontucuman.gob.ar\/2019\/01\/manzur-puso-en-funciones-a-nuevos-comisarios-generales-de-la-policia\/<\/p>\n","protected":false},"excerpt":{"rendered":"<p>El gobernador,\u00a0Juan Manzur, presidi\u00f3 el acto de imposici\u00f3n de insignias por el que fueron\u00a0distinguidos\u00a0nuevos comisarios generales de la Polic\u00eda de Tucum\u00e1n, quienes prestaron juramento. Hoy\u00a0distinguimos a todos aquellos efectivos que por m\u00e9rito y a lo largo de toda su carrera han logrado llegar al grado m\u00e1ximo en la Polic\u00eda de Tucum\u00e1n. Son 17 hombres que [&hellip;]<\/p>\n","protected":false},"author":1,"featured_media":21600,"comment_status":"open","ping_status":"closed","sticky":false,"template":"","format":"standard","meta":{"footnotes":""},"categories":[3],"tags":[],"class_list":{"0":"post-21599","1":"post","2":"type-post","3":"status-publish","4":"format-standard","5":"has-post-thumbnail","7":"category-politica"},"yoast_head":"<!-- This site is optimized with the Yoast SEO plugin v27.4 - https:\/\/yoast.com\/product\/yoast-seo-wordpress\/ -->\n<title>Manzur distingui\u00f3 a comisarios generales de la Polic\u00eda - El Diario de Tucuman<\/title>\n<meta name=\"robots\" content=\"index, follow, max-snippet:-1, max-image-preview:large, max-video-preview:-1\" \/>\n<link rel=\"canonical\" href=\"https:\/\/www.eldiariodetucuman.com\/web\/manzur-distinguio-a-comisarios-generales-de-la-policia\/\" \/>\n<meta property=\"og:locale\" content=\"es_ES\" \/>\n<meta property=\"og:type\" content=\"article\" \/>\n<meta property=\"og:title\" content=\"Manzur distingui\u00f3 a comisarios generales de la Polic\u00eda - El Diario de Tucuman\" \/>\n<meta property=\"og:description\" content=\"El gobernador,\u00a0Juan Manzur, presidi\u00f3 el acto de imposici\u00f3n de insignias por el que fueron\u00a0distinguidos\u00a0nuevos comisarios generales de la Polic\u00eda de Tucum\u00e1n, quienes prestaron juramento. Hoy\u00a0distinguimos a todos aquellos efectivos que por m\u00e9rito y a lo largo de toda su carrera han logrado llegar al grado m\u00e1ximo en la Polic\u00eda de Tucum\u00e1n. Son 17 hombres que [&hellip;]\" \/>\n<meta property=\"og:url\" content=\"https:\/\/www.eldiariodetucuman.com\/web\/manzur-distinguio-a-comisarios-generales-de-la-policia\/\" \/>\n<meta property=\"og:site_name\" content=\"El Diario de Tucuman\" \/>\n<meta property=\"article:published_time\" content=\"2019-01-18T03:08:17+00:00\" \/>\n<meta property=\"article:modified_time\" content=\"2019-01-18T03:08:18+00:00\" \/>\n<meta property=\"og:image\" content=\"https:\/\/www.eldiariodetucuman.com\/web\/wp-content\/uploads\/2019\/01\/04eb079aec20ea6f3105abc6d2e6e558.jpeg\" \/>\n\t<meta property=\"og:image:width\" content=\"300\" \/>\n\t<meta property=\"og:image:height\" content=\"166\" \/>\n\t<meta property=\"og:image:type\" content=\"image\/jpeg\" \/>\n<meta name=\"author\" content=\"admin\" \/>\n<meta name=\"twitter:card\" content=\"summary_large_image\" \/>\n<meta name=\"twitter:label1\" content=\"Escrito por\" \/>\n\t<meta name=\"twitter:data1\" content=\"admin\" \/>\n\t<meta name=\"twitter:label2\" content=\"Tiempo de lectura\" \/>\n\t<meta name=\"twitter:data2\" content=\"2 minutos\" \/>\n<script type=\"application\/ld+json\" class=\"yoast-schema-graph\">{\"@context\":\"https:\\\/\\\/schema.org\",\"@graph\":[{\"@type\":\"Article\",\"@id\":\"https:\\\/\\\/www.eldiariodetucuman.com\\\/web\\\/manzur-distinguio-a-comisarios-generales-de-la-policia\\\/#article\",\"isPartOf\":{\"@id\":\"https:\\\/\\\/www.eldiariodetucuman.com\\\/web\\\/manzur-distinguio-a-comisarios-generales-de-la-policia\\\/\"},\"author\":{\"name\":\"admin\",\"@id\":\"https:\\\/\\\/www.eldiariodetucuman.com\\\/web\\\/#\\\/schema\\\/person\\\/9250197d75ab5483412e19678b121caa\"},\"headline\":\"Manzur distingui\u00f3 a comisarios generales de la Polic\u00eda\",\"datePublished\":\"2019-01-18T03:08:17+00:00\",\"dateModified\":\"2019-01-18T03:08:18+00:00\",\"mainEntityOfPage\":{\"@id\":\"https:\\\/\\\/www.eldiariodetucuman.com\\\/web\\\/manzur-distinguio-a-comisarios-generales-de-la-policia\\\/\"},\"wordCount\":358,\"commentCount\":0,\"publisher\":{\"@id\":\"https:\\\/\\\/www.eldiariodetucuman.com\\\/web\\\/#organization\"},\"image\":{\"@id\":\"https:\\\/\\\/www.eldiariodetucuman.com\\\/web\\\/manzur-distinguio-a-comisarios-generales-de-la-policia\\\/#primaryimage\"},\"thumbnailUrl\":\"https:\\\/\\\/www.eldiariodetucuman.com\\\/web\\\/wp-content\\\/uploads\\\/2019\\\/01\\\/04eb079aec20ea6f3105abc6d2e6e558.jpeg\",\"articleSection\":[\"Politica\"],\"inLanguage\":\"es\",\"potentialAction\":[{\"@type\":\"CommentAction\",\"name\":\"Comment\",\"target\":[\"https:\\\/\\\/www.eldiariodetucuman.com\\\/web\\\/manzur-distinguio-a-comisarios-generales-de-la-policia\\\/#respond\"]}]},{\"@type\":\"WebPage\",\"@id\":\"https:\\\/\\\/www.eldiariodetucuman.com\\\/web\\\/manzur-distinguio-a-comisarios-generales-de-la-policia\\\/\",\"url\":\"https:\\\/\\\/www.eldiariodetucuman.com\\\/web\\\/manzur-distinguio-a-comisarios-generales-de-la-policia\\\/\",\"name\":\"Manzur distingui\u00f3 a comisarios generales de la Polic\u00eda - El Diario de Tucuman\",\"isPartOf\":{\"@id\":\"https:\\\/\\\/www.eldiariodetucuman.com\\\/web\\\/#website\"},\"primaryImageOfPage\":{\"@id\":\"https:\\\/\\\/www.eldiariodetucuman.com\\\/web\\\/manzur-distinguio-a-comisarios-generales-de-la-policia\\\/#primaryimage\"},\"image\":{\"@id\":\"https:\\\/\\\/www.eldiariodetucuman.com\\\/web\\\/manzur-distinguio-a-comisarios-generales-de-la-policia\\\/#primaryimage\"},\"thumbnailUrl\":\"https:\\\/\\\/www.eldiariodetucuman.com\\\/web\\\/wp-content\\\/uploads\\\/2019\\\/01\\\/04eb079aec20ea6f3105abc6d2e6e558.jpeg\",\"datePublished\":\"2019-01-18T03:08:17+00:00\",\"dateModified\":\"2019-01-18T03:08:18+00:00\",\"breadcrumb\":{\"@id\":\"https:\\\/\\\/www.eldiariodetucuman.com\\\/web\\\/manzur-distinguio-a-comisarios-generales-de-la-policia\\\/#breadcrumb\"},\"inLanguage\":\"es\",\"potentialAction\":[{\"@type\":\"ReadAction\",\"target\":[\"https:\\\/\\\/www.eldiariodetucuman.com\\\/web\\\/manzur-distinguio-a-comisarios-generales-de-la-policia\\\/\"]}]},{\"@type\":\"ImageObject\",\"inLanguage\":\"es\",\"@id\":\"https:\\\/\\\/www.eldiariodetucuman.com\\\/web\\\/manzur-distinguio-a-comisarios-generales-de-la-policia\\\/#primaryimage\",\"url\":\"https:\\\/\\\/www.eldiariodetucuman.com\\\/web\\\/wp-content\\\/uploads\\\/2019\\\/01\\\/04eb079aec20ea6f3105abc6d2e6e558.jpeg\",\"contentUrl\":\"https:\\\/\\\/www.eldiariodetucuman.com\\\/web\\\/wp-content\\\/uploads\\\/2019\\\/01\\\/04eb079aec20ea6f3105abc6d2e6e558.jpeg\",\"width\":300,\"height\":166},{\"@type\":\"BreadcrumbList\",\"@id\":\"https:\\\/\\\/www.eldiariodetucuman.com\\\/web\\\/manzur-distinguio-a-comisarios-generales-de-la-policia\\\/#breadcrumb\",\"itemListElement\":[{\"@type\":\"ListItem\",\"position\":1,\"name\":\"Portada\",\"item\":\"https:\\\/\\\/www.eldiariodetucuman.com\\\/web\\\/\"},{\"@type\":\"ListItem\",\"position\":2,\"name\":\"Manzur distingui\u00f3 a comisarios generales de la Polic\u00eda\"}]},{\"@type\":\"WebSite\",\"@id\":\"https:\\\/\\\/www.eldiariodetucuman.com\\\/web\\\/#website\",\"url\":\"https:\\\/\\\/www.eldiariodetucuman.com\\\/web\\\/\",\"name\":\"El Diario de Tucuman\",\"description\":\"Diario Tucuman - Informaci\u00f3n y noticias\",\"publisher\":{\"@id\":\"https:\\\/\\\/www.eldiariodetucuman.com\\\/web\\\/#organization\"},\"potentialAction\":[{\"@type\":\"SearchAction\",\"target\":{\"@type\":\"EntryPoint\",\"urlTemplate\":\"https:\\\/\\\/www.eldiariodetucuman.com\\\/web\\\/?s={search_term_string}\"},\"query-input\":{\"@type\":\"PropertyValueSpecification\",\"valueRequired\":true,\"valueName\":\"search_term_string\"}}],\"inLanguage\":\"es\"},{\"@type\":\"Organization\",\"@id\":\"https:\\\/\\\/www.eldiariodetucuman.com\\\/web\\\/#organization\",\"name\":\"El Diario de Tucuman\",\"url\":\"https:\\\/\\\/www.eldiariodetucuman.com\\\/web\\\/\",\"logo\":{\"@type\":\"ImageObject\",\"inLanguage\":\"es\",\"@id\":\"https:\\\/\\\/www.eldiariodetucuman.com\\\/web\\\/#\\\/schema\\\/logo\\\/image\\\/\",\"url\":\"http:\\\/\\\/www.eldiariodetucuman.com\\\/web\\\/wp-content\\\/uploads\\\/2017\\\/12\\\/el-diario-de-tucuman.jpg\",\"contentUrl\":\"http:\\\/\\\/www.eldiariodetucuman.com\\\/web\\\/wp-content\\\/uploads\\\/2017\\\/12\\\/el-diario-de-tucuman.jpg\",\"width\":272,\"height\":92,\"caption\":\"El Diario de Tucuman\"},\"image\":{\"@id\":\"https:\\\/\\\/www.eldiariodetucuman.com\\\/web\\\/#\\\/schema\\\/logo\\\/image\\\/\"}},{\"@type\":\"Person\",\"@id\":\"https:\\\/\\\/www.eldiariodetucuman.com\\\/web\\\/#\\\/schema\\\/person\\\/9250197d75ab5483412e19678b121caa\",\"name\":\"admin\",\"image\":{\"@type\":\"ImageObject\",\"inLanguage\":\"es\",\"@id\":\"https:\\\/\\\/secure.gravatar.com\\\/avatar\\\/c44d117c2be811212c22cb481f6b8384b6873de103fbc49e7a03cc58d7dea4ac?s=96&d=mm&r=g\",\"url\":\"https:\\\/\\\/secure.gravatar.com\\\/avatar\\\/c44d117c2be811212c22cb481f6b8384b6873de103fbc49e7a03cc58d7dea4ac?s=96&d=mm&r=g\",\"contentUrl\":\"https:\\\/\\\/secure.gravatar.com\\\/avatar\\\/c44d117c2be811212c22cb481f6b8384b6873de103fbc49e7a03cc58d7dea4ac?s=96&d=mm&r=g\",\"caption\":\"admin\"},\"url\":\"https:\\\/\\\/www.eldiariodetucuman.com\\\/web\\\/author\\\/admin\\\/\"}]}<\/script>\n<!-- \/ Yoast SEO plugin. -->","yoast_head_json":{"title":"Manzur distingui\u00f3 a comisarios generales de la Polic\u00eda - El Diario de Tucuman","robots":{"index":"index","follow":"follow","max-snippet":"max-snippet:-1","max-image-preview":"max-image-preview:large","max-video-preview":"max-video-preview:-1"},"canonical":"https:\/\/www.eldiariodetucuman.com\/web\/manzur-distinguio-a-comisarios-generales-de-la-policia\/","og_locale":"es_ES","og_type":"article","og_title":"Manzur distingui\u00f3 a comisarios generales de la Polic\u00eda - El Diario de Tucuman","og_description":"El gobernador,\u00a0Juan Manzur, presidi\u00f3 el acto de imposici\u00f3n de insignias por el que fueron\u00a0distinguidos\u00a0nuevos comisarios generales de la Polic\u00eda de Tucum\u00e1n, quienes prestaron juramento. Hoy\u00a0distinguimos a todos aquellos efectivos que por m\u00e9rito y a lo largo de toda su carrera han logrado llegar al grado m\u00e1ximo en la Polic\u00eda de Tucum\u00e1n. Son 17 hombres que [&hellip;]","og_url":"https:\/\/www.eldiariodetucuman.com\/web\/manzur-distinguio-a-comisarios-generales-de-la-policia\/","og_site_name":"El Diario de Tucuman","article_published_time":"2019-01-18T03:08:17+00:00","article_modified_time":"2019-01-18T03:08:18+00:00","og_image":[{"width":300,"height":166,"url":"https:\/\/www.eldiariodetucuman.com\/web\/wp-content\/uploads\/2019\/01\/04eb079aec20ea6f3105abc6d2e6e558.jpeg","type":"image\/jpeg"}],"author":"admin","twitter_card":"summary_large_image","twitter_misc":{"Escrito por":"admin","Tiempo de lectura":"2 minutos"},"schema":{"@context":"https:\/\/schema.org","@graph":[{"@type":"Article","@id":"https:\/\/www.eldiariodetucuman.com\/web\/manzur-distinguio-a-comisarios-generales-de-la-policia\/#article","isPartOf":{"@id":"https:\/\/www.eldiariodetucuman.com\/web\/manzur-distinguio-a-comisarios-generales-de-la-policia\/"},"author":{"name":"admin","@id":"https:\/\/www.eldiariodetucuman.com\/web\/#\/schema\/person\/9250197d75ab5483412e19678b121caa"},"headline":"Manzur distingui\u00f3 a comisarios generales de la Polic\u00eda","datePublished":"2019-01-18T03:08:17+00:00","dateModified":"2019-01-18T03:08:18+00:00","mainEntityOfPage":{"@id":"https:\/\/www.eldiariodetucuman.com\/web\/manzur-distinguio-a-comisarios-generales-de-la-policia\/"},"wordCount":358,"commentCount":0,"publisher":{"@id":"https:\/\/www.eldiariodetucuman.com\/web\/#organization"},"image":{"@id":"https:\/\/www.eldiariodetucuman.com\/web\/manzur-distinguio-a-comisarios-generales-de-la-policia\/#primaryimage"},"thumbnailUrl":"https:\/\/www.eldiariodetucuman.com\/web\/wp-content\/uploads\/2019\/01\/04eb079aec20ea6f3105abc6d2e6e558.jpeg","articleSection":["Politica"],"inLanguage":"es","potentialAction":[{"@type":"CommentAction","name":"Comment","target":["https:\/\/www.eldiariodetucuman.com\/web\/manzur-distinguio-a-comisarios-generales-de-la-policia\/#respond"]}]},{"@type":"WebPage","@id":"https:\/\/www.eldiariodetucuman.com\/web\/manzur-distinguio-a-comisarios-generales-de-la-policia\/","url":"https:\/\/www.eldiariodetucuman.com\/web\/manzur-distinguio-a-comisarios-generales-de-la-policia\/","name":"Manzur distingui\u00f3 a comisarios generales de la Polic\u00eda - El Diario de Tucuman","isPartOf":{"@id":"https:\/\/www.eldiariodetucuman.com\/web\/#website"},"primaryImageOfPage":{"@id":"https:\/\/www.eldiariodetucuman.com\/web\/manzur-distinguio-a-comisarios-generales-de-la-policia\/#primaryimage"},"image":{"@id":"https:\/\/www.eldiariodetucuman.com\/web\/manzur-distinguio-a-comisarios-generales-de-la-policia\/#primaryimage"},"thumbnailUrl":"https:\/\/www.eldiariodetucuman.com\/web\/wp-content\/uploads\/2019\/01\/04eb079aec20ea6f3105abc6d2e6e558.jpeg","datePublished":"2019-01-18T03:08:17+00:00","dateModified":"2019-01-18T03:08:18+00:00","breadcrumb":{"@id":"https:\/\/www.eldiariodetucuman.com\/web\/manzur-distinguio-a-comisarios-generales-de-la-policia\/#breadcrumb"},"inLanguage":"es","potentialAction":[{"@type":"ReadAction","target":["https:\/\/www.eldiariodetucuman.com\/web\/manzur-distinguio-a-comisarios-generales-de-la-policia\/"]}]},{"@type":"ImageObject","inLanguage":"es","@id":"https:\/\/www.eldiariodetucuman.com\/web\/manzur-distinguio-a-comisarios-generales-de-la-policia\/#primaryimage","url":"https:\/\/www.eldiariodetucuman.com\/web\/wp-content\/uploads\/2019\/01\/04eb079aec20ea6f3105abc6d2e6e558.jpeg","contentUrl":"https:\/\/www.eldiariodetucuman.com\/web\/wp-content\/uploads\/2019\/01\/04eb079aec20ea6f3105abc6d2e6e558.jpeg","width":300,"height":166},{"@type":"BreadcrumbList","@id":"https:\/\/www.eldiariodetucuman.com\/web\/manzur-distinguio-a-comisarios-generales-de-la-policia\/#breadcrumb","itemListElement":[{"@type":"ListItem","position":1,"name":"Portada","item":"https:\/\/www.eldiariodetucuman.com\/web\/"},{"@type":"ListItem","position":2,"name":"Manzur distingui\u00f3 a comisarios generales de la Polic\u00eda"}]},{"@type":"WebSite","@id":"https:\/\/www.eldiariodetucuman.com\/web\/#website","url":"https:\/\/www.eldiariodetucuman.com\/web\/","name":"El Diario de Tucuman","description":"Diario Tucuman - Informaci\u00f3n y noticias","publisher":{"@id":"https:\/\/www.eldiariodetucuman.com\/web\/#organization"},"potentialAction":[{"@type":"SearchAction","target":{"@type":"EntryPoint","urlTemplate":"https:\/\/www.eldiariodetucuman.com\/web\/?s={search_term_string}"},"query-input":{"@type":"PropertyValueSpecification","valueRequired":true,"valueName":"search_term_string"}}],"inLanguage":"es"},{"@type":"Organization","@id":"https:\/\/www.eldiariodetucuman.com\/web\/#organization","name":"El Diario de Tucuman","url":"https:\/\/www.eldiariodetucuman.com\/web\/","logo":{"@type":"ImageObject","inLanguage":"es","@id":"https:\/\/www.eldiariodetucuman.com\/web\/#\/schema\/logo\/image\/","url":"http:\/\/www.eldiariodetucuman.com\/web\/wp-content\/uploads\/2017\/12\/el-diario-de-tucuman.jpg","contentUrl":"http:\/\/www.eldiariodetucuman.com\/web\/wp-content\/uploads\/2017\/12\/el-diario-de-tucuman.jpg","width":272,"height":92,"caption":"El Diario de Tucuman"},"image":{"@id":"https:\/\/www.eldiariodetucuman.com\/web\/#\/schema\/logo\/image\/"}},{"@type":"Person","@id":"https:\/\/www.eldiariodetucuman.com\/web\/#\/schema\/person\/9250197d75ab5483412e19678b121caa","name":"admin","image":{"@type":"ImageObject","inLanguage":"es","@id":"https:\/\/secure.gravatar.com\/avatar\/c44d117c2be811212c22cb481f6b8384b6873de103fbc49e7a03cc58d7dea4ac?s=96&d=mm&r=g","url":"https:\/\/secure.gravatar.com\/avatar\/c44d117c2be811212c22cb481f6b8384b6873de103fbc49e7a03cc58d7dea4ac?s=96&d=mm&r=g","contentUrl":"https:\/\/secure.gravatar.com\/avatar\/c44d117c2be811212c22cb481f6b8384b6873de103fbc49e7a03cc58d7dea4ac?s=96&d=mm&r=g","caption":"admin"},"url":"https:\/\/www.eldiariodetucuman.com\/web\/author\/admin\/"}]}},"_links":{"self":[{"href":"https:\/\/www.eldiariodetucuman.com\/web\/wp-json\/wp\/v2\/posts\/21599","targetHints":{"allow":["GET"]}}],"collection":[{"href":"https:\/\/www.eldiariodetucuman.com\/web\/wp-json\/wp\/v2\/posts"}],"about":[{"href":"https:\/\/www.eldiariodetucuman.com\/web\/wp-json\/wp\/v2\/types\/post"}],"author":[{"embeddable":true,"href":"https:\/\/www.eldiariodetucuman.com\/web\/wp-json\/wp\/v2\/users\/1"}],"replies":[{"embeddable":true,"href":"https:\/\/www.eldiariodetucuman.com\/web\/wp-json\/wp\/v2\/comments?post=21599"}],"version-history":[{"count":1,"href":"https:\/\/www.eldiariodetucuman.com\/web\/wp-json\/wp\/v2\/posts\/21599\/revisions"}],"predecessor-version":[{"id":21601,"href":"https:\/\/www.eldiariodetucuman.com\/web\/wp-json\/wp\/v2\/posts\/21599\/revisions\/21601"}],"wp:featuredmedia":[{"embeddable":true,"href":"https:\/\/www.eldiariodetucuman.com\/web\/wp-json\/wp\/v2\/media\/21600"}],"wp:attachment":[{"href":"https:\/\/www.eldiariodetucuman.com\/web\/wp-json\/wp\/v2\/media?parent=21599"}],"wp:term":[{"taxonomy":"category","embeddable":true,"href":"https:\/\/www.eldiariodetucuman.com\/web\/wp-json\/wp\/v2\/categories?post=21599"},{"taxonomy":"post_tag","embeddable":true,"href":"https:\/\/www.eldiariodetucuman.com\/web\/wp-json\/wp\/v2\/tags?post=21599"}],"curies":[{"name":"wp","href":"https:\/\/api.w.org\/{rel}","templated":true}]}}