{"id":21596,"date":"2019-01-18T00:08:09","date_gmt":"2019-01-18T03:08:09","guid":{"rendered":"http:\/\/www.eldiariodetucuman.com\/web\/ante-las-lluvias-trabajamos-en-el-cuidado-de-las-familias\/"},"modified":"2019-01-18T00:08:10","modified_gmt":"2019-01-18T03:08:10","slug":"ante-las-lluvias-trabajamos-en-el-cuidado-de-las-familias","status":"publish","type":"post","link":"https:\/\/www.eldiariodetucuman.com\/web\/ante-las-lluvias-trabajamos-en-el-cuidado-de-las-familias\/","title":{"rendered":"\u201cAnte las lluvias, trabajamos en el cuidado de las familias\u201d"},"content":{"rendered":"<div>\n<div readability=\"73.181498240322\">\n<p>Las intensas lluvias de enero alcanzaron en dos semanas la cuota de precipitaciones normal para enero. Por este motivo el gobernador,<strong>\u00a0Juan Manzur,<\/strong>\u00a0reuni\u00f3 ayer a los miembros del Comit\u00e9 de Emergencia con el reconocido meteor\u00f3logo,\u00a0<strong>Juan Minetti,<\/strong>\u00a0que explic\u00f3 las previsiones y \u00e1reas m\u00e1s complicadas\u00a0por las lluvias\u00a0en la Tucum\u00e1n.<\/p>\n<p>\u201cMinetti nos inform\u00f3 sobre los alertas y marc\u00f3 algunas \u00e1reas puntuales de la provincia y estamos tomando todos los recaudos en base a estos pron\u00f3sticos tentativos\u201d, expres\u00f3 Manzur este jueves en di\u00e1logo con la prensa.<\/p>\n<p>En este sentido, el Gobernador asegur\u00f3 que las \u00e1reas del Estado trabajan\u00a0en la prevenci\u00f3n y cuidando\u00a0de las familias m\u00e1s vulnerables, que viven en el interior. Y agreg\u00f3 que se tiene por objetivo proteger la producci\u00f3n de los tucumanos. \u201cLa producci\u00f3n representa trabajo y por eso tenemos que estar muy atentos a que estas inclemencias clim\u00e1ticas\u201d, sostuvo.<\/p>\n<p>Consultado por la limpieza de canales, Manzur confirm\u00f3 que se est\u00e1n llevando a cabo y explic\u00f3 que \u201cel inconveniente es que hay un aumento del volumen de las lluvias en un corto tiempo. Esto lleva a saturar r\u00e1pidamente los suelos\u201d. \u201cHay que trabajar fundamentalmente en el escurrimiento del agua y es lo que estamos llevando adelante a lo largo y ancho de la provincia\u201d, cerr\u00f3 Manzur.<\/p>\n<p>Del encuentro de ayer participaron la secretaria General de la Gobernador y coordinadora del Comit\u00e9 de Emergencia,\u00a0<strong>Silvia P\u00e9rez<\/strong>; el ministro del Interior,\u00a0<strong>Miguel Acevedo<\/strong>; el ministro de Seguridad,\u00a0<strong>Claudio Maley<\/strong>; el ministro de Desarrollo Productivo,<strong>\u00a0Luis Fern\u00e1ndez;\u00a0<\/strong>el titular de Defensa Civil,<strong>\u00a0Fernando Torres<\/strong>; el secretario Ejecutivo M\u00e9dico del Siprosa, G<strong>ustavo\u00a0Vigliocco;\u00a0<\/strong>la secretaria de Obras P\u00fablicas,<strong>\u00a0Cristina Boscarino;\u00a0<\/strong>el titular de Vialidad Provincial<strong>,\u00a0Ricardo Abad;\u00a0<\/strong>la subsecretaria de Atenci\u00f3n de Familias en Riesgo Social,<strong>\u00a0Lorena M\u00e1laga y\u00a0<\/strong>el titular de la SAT,<strong>\u00a0Fernando Baratelli.<\/strong><\/p>\n<p>\u00a0<\/p>\n<p>\u00a0<\/p>\n<p>\u00a0<\/p>\n<p>\u00a0<\/p>\n<\/div>\n<\/div>\n<p>Fuente: http:\/\/comunicaciontucuman.gob.ar\/2019\/01\/trabajamos-en-la-prevencion-y-cuidado-de-las-familias-del-interior\/<\/p>\n","protected":false},"excerpt":{"rendered":"<p>Las intensas lluvias de enero alcanzaron en dos semanas la cuota de precipitaciones normal para enero. Por este motivo el gobernador,\u00a0Juan Manzur,\u00a0reuni\u00f3 ayer a los miembros del Comit\u00e9 de Emergencia con el reconocido meteor\u00f3logo,\u00a0Juan Minetti,\u00a0que explic\u00f3 las previsiones y \u00e1reas m\u00e1s complicadas\u00a0por las lluvias\u00a0en la Tucum\u00e1n. \u201cMinetti nos inform\u00f3 sobre los alertas y marc\u00f3 algunas [&hellip;]<\/p>\n","protected":false},"author":1,"featured_media":21597,"comment_status":"open","ping_status":"closed","sticky":false,"template":"","format":"standard","meta":{"footnotes":""},"categories":[3],"tags":[],"class_list":{"0":"post-21596","1":"post","2":"type-post","3":"status-publish","4":"format-standard","5":"has-post-thumbnail","7":"category-politica"},"yoast_head":"<!-- This site is optimized with the Yoast SEO plugin v27.4 - https:\/\/yoast.com\/product\/yoast-seo-wordpress\/ -->\n<title>\u201cAnte las lluvias, trabajamos en el cuidado de las familias\u201d - El Diario de Tucuman<\/title>\n<meta name=\"robots\" content=\"index, follow, max-snippet:-1, max-image-preview:large, max-video-preview:-1\" \/>\n<link rel=\"canonical\" href=\"https:\/\/www.eldiariodetucuman.com\/web\/ante-las-lluvias-trabajamos-en-el-cuidado-de-las-familias\/\" \/>\n<meta property=\"og:locale\" content=\"es_ES\" \/>\n<meta property=\"og:type\" content=\"article\" \/>\n<meta property=\"og:title\" content=\"\u201cAnte las lluvias, trabajamos en el cuidado de las familias\u201d - El Diario de Tucuman\" \/>\n<meta property=\"og:description\" content=\"Las intensas lluvias de enero alcanzaron en dos semanas la cuota de precipitaciones normal para enero. Por este motivo el gobernador,\u00a0Juan Manzur,\u00a0reuni\u00f3 ayer a los miembros del Comit\u00e9 de Emergencia con el reconocido meteor\u00f3logo,\u00a0Juan Minetti,\u00a0que explic\u00f3 las previsiones y \u00e1reas m\u00e1s complicadas\u00a0por las lluvias\u00a0en la Tucum\u00e1n. \u201cMinetti nos inform\u00f3 sobre los alertas y marc\u00f3 algunas [&hellip;]\" \/>\n<meta property=\"og:url\" content=\"https:\/\/www.eldiariodetucuman.com\/web\/ante-las-lluvias-trabajamos-en-el-cuidado-de-las-familias\/\" \/>\n<meta property=\"og:site_name\" content=\"El Diario de Tucuman\" \/>\n<meta property=\"article:published_time\" content=\"2019-01-18T03:08:09+00:00\" \/>\n<meta property=\"article:modified_time\" content=\"2019-01-18T03:08:10+00:00\" \/>\n<meta property=\"og:image\" content=\"https:\/\/www.eldiariodetucuman.com\/web\/wp-content\/uploads\/2019\/01\/ac5d3c4ca6b7fa1877cd23e7f1376de3.jpeg\" \/>\n\t<meta property=\"og:image:width\" content=\"300\" \/>\n\t<meta property=\"og:image:height\" content=\"166\" \/>\n\t<meta property=\"og:image:type\" content=\"image\/jpeg\" \/>\n<meta name=\"author\" content=\"admin\" \/>\n<meta name=\"twitter:card\" content=\"summary_large_image\" \/>\n<meta name=\"twitter:label1\" content=\"Escrito por\" \/>\n\t<meta name=\"twitter:data1\" content=\"admin\" \/>\n\t<meta name=\"twitter:label2\" content=\"Tiempo de lectura\" \/>\n\t<meta name=\"twitter:data2\" content=\"2 minutos\" \/>\n<script type=\"application\/ld+json\" class=\"yoast-schema-graph\">{\"@context\":\"https:\\\/\\\/schema.org\",\"@graph\":[{\"@type\":\"Article\",\"@id\":\"https:\\\/\\\/www.eldiariodetucuman.com\\\/web\\\/ante-las-lluvias-trabajamos-en-el-cuidado-de-las-familias\\\/#article\",\"isPartOf\":{\"@id\":\"https:\\\/\\\/www.eldiariodetucuman.com\\\/web\\\/ante-las-lluvias-trabajamos-en-el-cuidado-de-las-familias\\\/\"},\"author\":{\"name\":\"admin\",\"@id\":\"https:\\\/\\\/www.eldiariodetucuman.com\\\/web\\\/#\\\/schema\\\/person\\\/9250197d75ab5483412e19678b121caa\"},\"headline\":\"\u201cAnte las lluvias, trabajamos en el cuidado de las familias\u201d\",\"datePublished\":\"2019-01-18T03:08:09+00:00\",\"dateModified\":\"2019-01-18T03:08:10+00:00\",\"mainEntityOfPage\":{\"@id\":\"https:\\\/\\\/www.eldiariodetucuman.com\\\/web\\\/ante-las-lluvias-trabajamos-en-el-cuidado-de-las-familias\\\/\"},\"wordCount\":331,\"commentCount\":0,\"publisher\":{\"@id\":\"https:\\\/\\\/www.eldiariodetucuman.com\\\/web\\\/#organization\"},\"image\":{\"@id\":\"https:\\\/\\\/www.eldiariodetucuman.com\\\/web\\\/ante-las-lluvias-trabajamos-en-el-cuidado-de-las-familias\\\/#primaryimage\"},\"thumbnailUrl\":\"https:\\\/\\\/www.eldiariodetucuman.com\\\/web\\\/wp-content\\\/uploads\\\/2019\\\/01\\\/ac5d3c4ca6b7fa1877cd23e7f1376de3.jpeg\",\"articleSection\":[\"Politica\"],\"inLanguage\":\"es\",\"potentialAction\":[{\"@type\":\"CommentAction\",\"name\":\"Comment\",\"target\":[\"https:\\\/\\\/www.eldiariodetucuman.com\\\/web\\\/ante-las-lluvias-trabajamos-en-el-cuidado-de-las-familias\\\/#respond\"]}]},{\"@type\":\"WebPage\",\"@id\":\"https:\\\/\\\/www.eldiariodetucuman.com\\\/web\\\/ante-las-lluvias-trabajamos-en-el-cuidado-de-las-familias\\\/\",\"url\":\"https:\\\/\\\/www.eldiariodetucuman.com\\\/web\\\/ante-las-lluvias-trabajamos-en-el-cuidado-de-las-familias\\\/\",\"name\":\"\u201cAnte las lluvias, trabajamos en el cuidado de las familias\u201d - El Diario de Tucuman\",\"isPartOf\":{\"@id\":\"https:\\\/\\\/www.eldiariodetucuman.com\\\/web\\\/#website\"},\"primaryImageOfPage\":{\"@id\":\"https:\\\/\\\/www.eldiariodetucuman.com\\\/web\\\/ante-las-lluvias-trabajamos-en-el-cuidado-de-las-familias\\\/#primaryimage\"},\"image\":{\"@id\":\"https:\\\/\\\/www.eldiariodetucuman.com\\\/web\\\/ante-las-lluvias-trabajamos-en-el-cuidado-de-las-familias\\\/#primaryimage\"},\"thumbnailUrl\":\"https:\\\/\\\/www.eldiariodetucuman.com\\\/web\\\/wp-content\\\/uploads\\\/2019\\\/01\\\/ac5d3c4ca6b7fa1877cd23e7f1376de3.jpeg\",\"datePublished\":\"2019-01-18T03:08:09+00:00\",\"dateModified\":\"2019-01-18T03:08:10+00:00\",\"breadcrumb\":{\"@id\":\"https:\\\/\\\/www.eldiariodetucuman.com\\\/web\\\/ante-las-lluvias-trabajamos-en-el-cuidado-de-las-familias\\\/#breadcrumb\"},\"inLanguage\":\"es\",\"potentialAction\":[{\"@type\":\"ReadAction\",\"target\":[\"https:\\\/\\\/www.eldiariodetucuman.com\\\/web\\\/ante-las-lluvias-trabajamos-en-el-cuidado-de-las-familias\\\/\"]}]},{\"@type\":\"ImageObject\",\"inLanguage\":\"es\",\"@id\":\"https:\\\/\\\/www.eldiariodetucuman.com\\\/web\\\/ante-las-lluvias-trabajamos-en-el-cuidado-de-las-familias\\\/#primaryimage\",\"url\":\"https:\\\/\\\/www.eldiariodetucuman.com\\\/web\\\/wp-content\\\/uploads\\\/2019\\\/01\\\/ac5d3c4ca6b7fa1877cd23e7f1376de3.jpeg\",\"contentUrl\":\"https:\\\/\\\/www.eldiariodetucuman.com\\\/web\\\/wp-content\\\/uploads\\\/2019\\\/01\\\/ac5d3c4ca6b7fa1877cd23e7f1376de3.jpeg\",\"width\":300,\"height\":166},{\"@type\":\"BreadcrumbList\",\"@id\":\"https:\\\/\\\/www.eldiariodetucuman.com\\\/web\\\/ante-las-lluvias-trabajamos-en-el-cuidado-de-las-familias\\\/#breadcrumb\",\"itemListElement\":[{\"@type\":\"ListItem\",\"position\":1,\"name\":\"Portada\",\"item\":\"https:\\\/\\\/www.eldiariodetucuman.com\\\/web\\\/\"},{\"@type\":\"ListItem\",\"position\":2,\"name\":\"\u201cAnte las lluvias, trabajamos en el cuidado de las familias\u201d\"}]},{\"@type\":\"WebSite\",\"@id\":\"https:\\\/\\\/www.eldiariodetucuman.com\\\/web\\\/#website\",\"url\":\"https:\\\/\\\/www.eldiariodetucuman.com\\\/web\\\/\",\"name\":\"El Diario de Tucuman\",\"description\":\"Diario Tucuman - Informaci\u00f3n y noticias\",\"publisher\":{\"@id\":\"https:\\\/\\\/www.eldiariodetucuman.com\\\/web\\\/#organization\"},\"potentialAction\":[{\"@type\":\"SearchAction\",\"target\":{\"@type\":\"EntryPoint\",\"urlTemplate\":\"https:\\\/\\\/www.eldiariodetucuman.com\\\/web\\\/?s={search_term_string}\"},\"query-input\":{\"@type\":\"PropertyValueSpecification\",\"valueRequired\":true,\"valueName\":\"search_term_string\"}}],\"inLanguage\":\"es\"},{\"@type\":\"Organization\",\"@id\":\"https:\\\/\\\/www.eldiariodetucuman.com\\\/web\\\/#organization\",\"name\":\"El Diario de Tucuman\",\"url\":\"https:\\\/\\\/www.eldiariodetucuman.com\\\/web\\\/\",\"logo\":{\"@type\":\"ImageObject\",\"inLanguage\":\"es\",\"@id\":\"https:\\\/\\\/www.eldiariodetucuman.com\\\/web\\\/#\\\/schema\\\/logo\\\/image\\\/\",\"url\":\"http:\\\/\\\/www.eldiariodetucuman.com\\\/web\\\/wp-content\\\/uploads\\\/2017\\\/12\\\/el-diario-de-tucuman.jpg\",\"contentUrl\":\"http:\\\/\\\/www.eldiariodetucuman.com\\\/web\\\/wp-content\\\/uploads\\\/2017\\\/12\\\/el-diario-de-tucuman.jpg\",\"width\":272,\"height\":92,\"caption\":\"El Diario de Tucuman\"},\"image\":{\"@id\":\"https:\\\/\\\/www.eldiariodetucuman.com\\\/web\\\/#\\\/schema\\\/logo\\\/image\\\/\"}},{\"@type\":\"Person\",\"@id\":\"https:\\\/\\\/www.eldiariodetucuman.com\\\/web\\\/#\\\/schema\\\/person\\\/9250197d75ab5483412e19678b121caa\",\"name\":\"admin\",\"image\":{\"@type\":\"ImageObject\",\"inLanguage\":\"es\",\"@id\":\"https:\\\/\\\/secure.gravatar.com\\\/avatar\\\/c44d117c2be811212c22cb481f6b8384b6873de103fbc49e7a03cc58d7dea4ac?s=96&d=mm&r=g\",\"url\":\"https:\\\/\\\/secure.gravatar.com\\\/avatar\\\/c44d117c2be811212c22cb481f6b8384b6873de103fbc49e7a03cc58d7dea4ac?s=96&d=mm&r=g\",\"contentUrl\":\"https:\\\/\\\/secure.gravatar.com\\\/avatar\\\/c44d117c2be811212c22cb481f6b8384b6873de103fbc49e7a03cc58d7dea4ac?s=96&d=mm&r=g\",\"caption\":\"admin\"},\"url\":\"https:\\\/\\\/www.eldiariodetucuman.com\\\/web\\\/author\\\/admin\\\/\"}]}<\/script>\n<!-- \/ Yoast SEO plugin. -->","yoast_head_json":{"title":"\u201cAnte las lluvias, trabajamos en el cuidado de las familias\u201d - El Diario de Tucuman","robots":{"index":"index","follow":"follow","max-snippet":"max-snippet:-1","max-image-preview":"max-image-preview:large","max-video-preview":"max-video-preview:-1"},"canonical":"https:\/\/www.eldiariodetucuman.com\/web\/ante-las-lluvias-trabajamos-en-el-cuidado-de-las-familias\/","og_locale":"es_ES","og_type":"article","og_title":"\u201cAnte las lluvias, trabajamos en el cuidado de las familias\u201d - El Diario de Tucuman","og_description":"Las intensas lluvias de enero alcanzaron en dos semanas la cuota de precipitaciones normal para enero. Por este motivo el gobernador,\u00a0Juan Manzur,\u00a0reuni\u00f3 ayer a los miembros del Comit\u00e9 de Emergencia con el reconocido meteor\u00f3logo,\u00a0Juan Minetti,\u00a0que explic\u00f3 las previsiones y \u00e1reas m\u00e1s complicadas\u00a0por las lluvias\u00a0en la Tucum\u00e1n. \u201cMinetti nos inform\u00f3 sobre los alertas y marc\u00f3 algunas [&hellip;]","og_url":"https:\/\/www.eldiariodetucuman.com\/web\/ante-las-lluvias-trabajamos-en-el-cuidado-de-las-familias\/","og_site_name":"El Diario de Tucuman","article_published_time":"2019-01-18T03:08:09+00:00","article_modified_time":"2019-01-18T03:08:10+00:00","og_image":[{"width":300,"height":166,"url":"https:\/\/www.eldiariodetucuman.com\/web\/wp-content\/uploads\/2019\/01\/ac5d3c4ca6b7fa1877cd23e7f1376de3.jpeg","type":"image\/jpeg"}],"author":"admin","twitter_card":"summary_large_image","twitter_misc":{"Escrito por":"admin","Tiempo de lectura":"2 minutos"},"schema":{"@context":"https:\/\/schema.org","@graph":[{"@type":"Article","@id":"https:\/\/www.eldiariodetucuman.com\/web\/ante-las-lluvias-trabajamos-en-el-cuidado-de-las-familias\/#article","isPartOf":{"@id":"https:\/\/www.eldiariodetucuman.com\/web\/ante-las-lluvias-trabajamos-en-el-cuidado-de-las-familias\/"},"author":{"name":"admin","@id":"https:\/\/www.eldiariodetucuman.com\/web\/#\/schema\/person\/9250197d75ab5483412e19678b121caa"},"headline":"\u201cAnte las lluvias, trabajamos en el cuidado de las familias\u201d","datePublished":"2019-01-18T03:08:09+00:00","dateModified":"2019-01-18T03:08:10+00:00","mainEntityOfPage":{"@id":"https:\/\/www.eldiariodetucuman.com\/web\/ante-las-lluvias-trabajamos-en-el-cuidado-de-las-familias\/"},"wordCount":331,"commentCount":0,"publisher":{"@id":"https:\/\/www.eldiariodetucuman.com\/web\/#organization"},"image":{"@id":"https:\/\/www.eldiariodetucuman.com\/web\/ante-las-lluvias-trabajamos-en-el-cuidado-de-las-familias\/#primaryimage"},"thumbnailUrl":"https:\/\/www.eldiariodetucuman.com\/web\/wp-content\/uploads\/2019\/01\/ac5d3c4ca6b7fa1877cd23e7f1376de3.jpeg","articleSection":["Politica"],"inLanguage":"es","potentialAction":[{"@type":"CommentAction","name":"Comment","target":["https:\/\/www.eldiariodetucuman.com\/web\/ante-las-lluvias-trabajamos-en-el-cuidado-de-las-familias\/#respond"]}]},{"@type":"WebPage","@id":"https:\/\/www.eldiariodetucuman.com\/web\/ante-las-lluvias-trabajamos-en-el-cuidado-de-las-familias\/","url":"https:\/\/www.eldiariodetucuman.com\/web\/ante-las-lluvias-trabajamos-en-el-cuidado-de-las-familias\/","name":"\u201cAnte las lluvias, trabajamos en el cuidado de las familias\u201d - El Diario de Tucuman","isPartOf":{"@id":"https:\/\/www.eldiariodetucuman.com\/web\/#website"},"primaryImageOfPage":{"@id":"https:\/\/www.eldiariodetucuman.com\/web\/ante-las-lluvias-trabajamos-en-el-cuidado-de-las-familias\/#primaryimage"},"image":{"@id":"https:\/\/www.eldiariodetucuman.com\/web\/ante-las-lluvias-trabajamos-en-el-cuidado-de-las-familias\/#primaryimage"},"thumbnailUrl":"https:\/\/www.eldiariodetucuman.com\/web\/wp-content\/uploads\/2019\/01\/ac5d3c4ca6b7fa1877cd23e7f1376de3.jpeg","datePublished":"2019-01-18T03:08:09+00:00","dateModified":"2019-01-18T03:08:10+00:00","breadcrumb":{"@id":"https:\/\/www.eldiariodetucuman.com\/web\/ante-las-lluvias-trabajamos-en-el-cuidado-de-las-familias\/#breadcrumb"},"inLanguage":"es","potentialAction":[{"@type":"ReadAction","target":["https:\/\/www.eldiariodetucuman.com\/web\/ante-las-lluvias-trabajamos-en-el-cuidado-de-las-familias\/"]}]},{"@type":"ImageObject","inLanguage":"es","@id":"https:\/\/www.eldiariodetucuman.com\/web\/ante-las-lluvias-trabajamos-en-el-cuidado-de-las-familias\/#primaryimage","url":"https:\/\/www.eldiariodetucuman.com\/web\/wp-content\/uploads\/2019\/01\/ac5d3c4ca6b7fa1877cd23e7f1376de3.jpeg","contentUrl":"https:\/\/www.eldiariodetucuman.com\/web\/wp-content\/uploads\/2019\/01\/ac5d3c4ca6b7fa1877cd23e7f1376de3.jpeg","width":300,"height":166},{"@type":"BreadcrumbList","@id":"https:\/\/www.eldiariodetucuman.com\/web\/ante-las-lluvias-trabajamos-en-el-cuidado-de-las-familias\/#breadcrumb","itemListElement":[{"@type":"ListItem","position":1,"name":"Portada","item":"https:\/\/www.eldiariodetucuman.com\/web\/"},{"@type":"ListItem","position":2,"name":"\u201cAnte las lluvias, trabajamos en el cuidado de las familias\u201d"}]},{"@type":"WebSite","@id":"https:\/\/www.eldiariodetucuman.com\/web\/#website","url":"https:\/\/www.eldiariodetucuman.com\/web\/","name":"El Diario de Tucuman","description":"Diario Tucuman - Informaci\u00f3n y noticias","publisher":{"@id":"https:\/\/www.eldiariodetucuman.com\/web\/#organization"},"potentialAction":[{"@type":"SearchAction","target":{"@type":"EntryPoint","urlTemplate":"https:\/\/www.eldiariodetucuman.com\/web\/?s={search_term_string}"},"query-input":{"@type":"PropertyValueSpecification","valueRequired":true,"valueName":"search_term_string"}}],"inLanguage":"es"},{"@type":"Organization","@id":"https:\/\/www.eldiariodetucuman.com\/web\/#organization","name":"El Diario de Tucuman","url":"https:\/\/www.eldiariodetucuman.com\/web\/","logo":{"@type":"ImageObject","inLanguage":"es","@id":"https:\/\/www.eldiariodetucuman.com\/web\/#\/schema\/logo\/image\/","url":"http:\/\/www.eldiariodetucuman.com\/web\/wp-content\/uploads\/2017\/12\/el-diario-de-tucuman.jpg","contentUrl":"http:\/\/www.eldiariodetucuman.com\/web\/wp-content\/uploads\/2017\/12\/el-diario-de-tucuman.jpg","width":272,"height":92,"caption":"El Diario de Tucuman"},"image":{"@id":"https:\/\/www.eldiariodetucuman.com\/web\/#\/schema\/logo\/image\/"}},{"@type":"Person","@id":"https:\/\/www.eldiariodetucuman.com\/web\/#\/schema\/person\/9250197d75ab5483412e19678b121caa","name":"admin","image":{"@type":"ImageObject","inLanguage":"es","@id":"https:\/\/secure.gravatar.com\/avatar\/c44d117c2be811212c22cb481f6b8384b6873de103fbc49e7a03cc58d7dea4ac?s=96&d=mm&r=g","url":"https:\/\/secure.gravatar.com\/avatar\/c44d117c2be811212c22cb481f6b8384b6873de103fbc49e7a03cc58d7dea4ac?s=96&d=mm&r=g","contentUrl":"https:\/\/secure.gravatar.com\/avatar\/c44d117c2be811212c22cb481f6b8384b6873de103fbc49e7a03cc58d7dea4ac?s=96&d=mm&r=g","caption":"admin"},"url":"https:\/\/www.eldiariodetucuman.com\/web\/author\/admin\/"}]}},"_links":{"self":[{"href":"https:\/\/www.eldiariodetucuman.com\/web\/wp-json\/wp\/v2\/posts\/21596","targetHints":{"allow":["GET"]}}],"collection":[{"href":"https:\/\/www.eldiariodetucuman.com\/web\/wp-json\/wp\/v2\/posts"}],"about":[{"href":"https:\/\/www.eldiariodetucuman.com\/web\/wp-json\/wp\/v2\/types\/post"}],"author":[{"embeddable":true,"href":"https:\/\/www.eldiariodetucuman.com\/web\/wp-json\/wp\/v2\/users\/1"}],"replies":[{"embeddable":true,"href":"https:\/\/www.eldiariodetucuman.com\/web\/wp-json\/wp\/v2\/comments?post=21596"}],"version-history":[{"count":1,"href":"https:\/\/www.eldiariodetucuman.com\/web\/wp-json\/wp\/v2\/posts\/21596\/revisions"}],"predecessor-version":[{"id":21598,"href":"https:\/\/www.eldiariodetucuman.com\/web\/wp-json\/wp\/v2\/posts\/21596\/revisions\/21598"}],"wp:featuredmedia":[{"embeddable":true,"href":"https:\/\/www.eldiariodetucuman.com\/web\/wp-json\/wp\/v2\/media\/21597"}],"wp:attachment":[{"href":"https:\/\/www.eldiariodetucuman.com\/web\/wp-json\/wp\/v2\/media?parent=21596"}],"wp:term":[{"taxonomy":"category","embeddable":true,"href":"https:\/\/www.eldiariodetucuman.com\/web\/wp-json\/wp\/v2\/categories?post=21596"},{"taxonomy":"post_tag","embeddable":true,"href":"https:\/\/www.eldiariodetucuman.com\/web\/wp-json\/wp\/v2\/tags?post=21596"}],"curies":[{"name":"wp","href":"https:\/\/api.w.org\/{rel}","templated":true}]}}