{"id":21594,"date":"2019-01-17T12:50:16","date_gmt":"2019-01-17T15:50:16","guid":{"rendered":"http:\/\/www.eldiariodetucuman.com\/web\/francisco-que-ningun-caso-de-abuso-sea-encubierto-o-enterrado\/"},"modified":"2019-01-17T12:50:16","modified_gmt":"2019-01-17T15:50:16","slug":"francisco-que-ningun-caso-de-abuso-sea-encubierto-o-enterrado","status":"publish","type":"post","link":"https:\/\/www.eldiariodetucuman.com\/web\/francisco-que-ningun-caso-de-abuso-sea-encubierto-o-enterrado\/","title":{"rendered":"Francisco: \u00abQue ning\u00fan caso de abuso sea encubierto o enterrado\u00bb"},"content":{"rendered":"<div>\n<div itemprop=\"articleBody\" readability=\"71.694591728526\">\n<p>El papa Francisco pedir\u00e1 a los obispos de todo el mundo que participar\u00e1n de la cumbre anti-pedofilia que se har\u00e1 del 21 al 24 de febrero pr\u00f3ximo en   <a href=\"https:\/\/www.cronica.com.ar\/tags\/Roma\">Roma<\/a> que \u00abning\u00fan caso\u00bb de abusos de sacerdotes \u00absea encubierto o enterrado\u00bb en sus pa\u00edses.<\/p>\n<p><em>\u00abPara el Papa es fundamental que al volver a sus pa\u00edses los obispos que vengan a   <a href=\"https:\/\/www.cronica.com.ar\/tags\/Roma\">Roma<\/a> sean conscientes de las reglas a aplicar y cumplan los pasos necesarios para prevenir los abusos, tutelar a las v\u00edctimas y que ning\u00fan caso sea encubierto o enterrado\u00bb<\/em>, expres\u00f3 el vocero papal interino, <strong>Alessandro Gisotti<\/strong>.<\/p>\n<p><em>\u00abEl papa Francisco estar\u00e1 presente durante todo el encuentro\u00bb<\/em>, adelant\u00f3 Gisotti al confirmar la participaci\u00f3n de <strong>Jorge Bergoglio<\/strong>.<em>\u00a0\u00abEl encuentro busca que todos los obispos tengan absolutamente claro qu\u00e9 hace falta hacer para prevenir el drama mundial de los abusos a menores. El Papa sabe que un problema global solo se puede afrontar con una respuesta global\u00bb<\/em>, continu\u00f3 explicando.<\/p>\n<p>La cumbre sobre <em>\u00abLa protecci\u00f3n de los menores en la Iglesia\u00bb<\/em> reunir\u00e1 a los presidentes de todas las conferencias episcopales del mundo, incluida la argentina, para trazar l\u00edneas de prevenci\u00f3n y castigo a la pedofilia de sacerdotes. La misma\u00a0terminar\u00e1 con una misa el domingo 24 y que habr\u00e1 encuentros cotidianos con la prensa para informar los avances de los grupos de trabajo.\u00a0<\/p>\n<p>La reuni\u00f3n se centrar\u00e1 en tres temas principales: responsabilidad, asunci\u00f3n de responsabilidades y transparencia, y los participantes trabajar\u00e1n juntos para responder a este grave desaf\u00edo.<\/p>\n<p>En la in\u00e9dita reuni\u00f3n, participar\u00e1n representantes de las 130 Conferencias Episcopales, v\u00edctimas de abusos por parte del clero, jefes de las Iglesias cat\u00f3licas orientales, responsables de dicasterios, representantes de las Uniones de Superiores Generales tanto femenina como masculina y miembros de la Comisi\u00f3n de la Protecci\u00f3n de menores, entre otros.<\/p>\n<\/div>\n<\/div>\n","protected":false},"excerpt":{"rendered":"<p>El papa Francisco pedir\u00e1 a los obispos de todo el mundo que participar\u00e1n de la cumbre anti-pedofilia que se har\u00e1 del 21 al 24 de febrero pr\u00f3ximo en Roma que \u00abning\u00fan caso\u00bb de abusos de sacerdotes \u00absea encubierto o enterrado\u00bb en sus pa\u00edses. \u00abPara el Papa es fundamental que al volver a sus pa\u00edses los [&hellip;]<\/p>\n","protected":false},"author":4,"featured_media":21595,"comment_status":"open","ping_status":"closed","sticky":false,"template":"","format":"standard","meta":{"footnotes":""},"categories":[194],"tags":[],"class_list":{"0":"post-21594","1":"post","2":"type-post","3":"status-publish","4":"format-standard","5":"has-post-thumbnail","7":"category-internacionales"},"yoast_head":"<!-- This site is optimized with the Yoast SEO plugin v27.4 - https:\/\/yoast.com\/product\/yoast-seo-wordpress\/ -->\n<title>Francisco: &quot;Que ning\u00fan caso de abuso sea encubierto o enterrado&quot; - El Diario de Tucuman<\/title>\n<meta name=\"robots\" content=\"index, follow, max-snippet:-1, max-image-preview:large, max-video-preview:-1\" \/>\n<link rel=\"canonical\" href=\"https:\/\/www.eldiariodetucuman.com\/web\/francisco-que-ningun-caso-de-abuso-sea-encubierto-o-enterrado\/\" \/>\n<meta property=\"og:locale\" content=\"es_ES\" \/>\n<meta property=\"og:type\" content=\"article\" \/>\n<meta property=\"og:title\" content=\"Francisco: &quot;Que ning\u00fan caso de abuso sea encubierto o enterrado&quot; - El Diario de Tucuman\" \/>\n<meta property=\"og:description\" content=\"El papa Francisco pedir\u00e1 a los obispos de todo el mundo que participar\u00e1n de la cumbre anti-pedofilia que se har\u00e1 del 21 al 24 de febrero pr\u00f3ximo en Roma que \u00abning\u00fan caso\u00bb de abusos de sacerdotes \u00absea encubierto o enterrado\u00bb en sus pa\u00edses. \u00abPara el Papa es fundamental que al volver a sus pa\u00edses los [&hellip;]\" \/>\n<meta property=\"og:url\" content=\"https:\/\/www.eldiariodetucuman.com\/web\/francisco-que-ningun-caso-de-abuso-sea-encubierto-o-enterrado\/\" \/>\n<meta property=\"og:site_name\" content=\"El Diario de Tucuman\" \/>\n<meta property=\"article:published_time\" content=\"2019-01-17T15:50:16+00:00\" \/>\n<meta property=\"og:image\" content=\"https:\/\/www.eldiariodetucuman.com\/web\/wp-content\/uploads\/2019\/01\/39cc48d15933c48991c623af5202449e.jpeg\" \/>\n\t<meta property=\"og:image:width\" content=\"970\" \/>\n\t<meta property=\"og:image:height\" content=\"546\" \/>\n\t<meta property=\"og:image:type\" content=\"image\/jpeg\" \/>\n<meta name=\"author\" content=\"eldiario detucuman\" \/>\n<meta name=\"twitter:card\" content=\"summary_large_image\" \/>\n<meta name=\"twitter:label1\" content=\"Escrito por\" \/>\n\t<meta name=\"twitter:data1\" content=\"eldiario detucuman\" \/>\n\t<meta name=\"twitter:label2\" content=\"Tiempo de lectura\" \/>\n\t<meta name=\"twitter:data2\" content=\"2 minutos\" \/>\n<script type=\"application\/ld+json\" class=\"yoast-schema-graph\">{\"@context\":\"https:\\\/\\\/schema.org\",\"@graph\":[{\"@type\":\"Article\",\"@id\":\"https:\\\/\\\/www.eldiariodetucuman.com\\\/web\\\/francisco-que-ningun-caso-de-abuso-sea-encubierto-o-enterrado\\\/#article\",\"isPartOf\":{\"@id\":\"https:\\\/\\\/www.eldiariodetucuman.com\\\/web\\\/francisco-que-ningun-caso-de-abuso-sea-encubierto-o-enterrado\\\/\"},\"author\":{\"name\":\"eldiario detucuman\",\"@id\":\"https:\\\/\\\/www.eldiariodetucuman.com\\\/web\\\/#\\\/schema\\\/person\\\/6f95946e54fde848b878ffa4928071d5\"},\"headline\":\"Francisco: \u00abQue ning\u00fan caso de abuso sea encubierto o enterrado\u00bb\",\"datePublished\":\"2019-01-17T15:50:16+00:00\",\"mainEntityOfPage\":{\"@id\":\"https:\\\/\\\/www.eldiariodetucuman.com\\\/web\\\/francisco-que-ningun-caso-de-abuso-sea-encubierto-o-enterrado\\\/\"},\"wordCount\":321,\"commentCount\":0,\"publisher\":{\"@id\":\"https:\\\/\\\/www.eldiariodetucuman.com\\\/web\\\/#organization\"},\"image\":{\"@id\":\"https:\\\/\\\/www.eldiariodetucuman.com\\\/web\\\/francisco-que-ningun-caso-de-abuso-sea-encubierto-o-enterrado\\\/#primaryimage\"},\"thumbnailUrl\":\"https:\\\/\\\/www.eldiariodetucuman.com\\\/web\\\/wp-content\\\/uploads\\\/2019\\\/01\\\/39cc48d15933c48991c623af5202449e.jpeg\",\"articleSection\":[\"Internacionales\"],\"inLanguage\":\"es\",\"potentialAction\":[{\"@type\":\"CommentAction\",\"name\":\"Comment\",\"target\":[\"https:\\\/\\\/www.eldiariodetucuman.com\\\/web\\\/francisco-que-ningun-caso-de-abuso-sea-encubierto-o-enterrado\\\/#respond\"]}]},{\"@type\":\"WebPage\",\"@id\":\"https:\\\/\\\/www.eldiariodetucuman.com\\\/web\\\/francisco-que-ningun-caso-de-abuso-sea-encubierto-o-enterrado\\\/\",\"url\":\"https:\\\/\\\/www.eldiariodetucuman.com\\\/web\\\/francisco-que-ningun-caso-de-abuso-sea-encubierto-o-enterrado\\\/\",\"name\":\"Francisco: \\\"Que ning\u00fan caso de abuso sea encubierto o enterrado\\\" - El Diario de Tucuman\",\"isPartOf\":{\"@id\":\"https:\\\/\\\/www.eldiariodetucuman.com\\\/web\\\/#website\"},\"primaryImageOfPage\":{\"@id\":\"https:\\\/\\\/www.eldiariodetucuman.com\\\/web\\\/francisco-que-ningun-caso-de-abuso-sea-encubierto-o-enterrado\\\/#primaryimage\"},\"image\":{\"@id\":\"https:\\\/\\\/www.eldiariodetucuman.com\\\/web\\\/francisco-que-ningun-caso-de-abuso-sea-encubierto-o-enterrado\\\/#primaryimage\"},\"thumbnailUrl\":\"https:\\\/\\\/www.eldiariodetucuman.com\\\/web\\\/wp-content\\\/uploads\\\/2019\\\/01\\\/39cc48d15933c48991c623af5202449e.jpeg\",\"datePublished\":\"2019-01-17T15:50:16+00:00\",\"breadcrumb\":{\"@id\":\"https:\\\/\\\/www.eldiariodetucuman.com\\\/web\\\/francisco-que-ningun-caso-de-abuso-sea-encubierto-o-enterrado\\\/#breadcrumb\"},\"inLanguage\":\"es\",\"potentialAction\":[{\"@type\":\"ReadAction\",\"target\":[\"https:\\\/\\\/www.eldiariodetucuman.com\\\/web\\\/francisco-que-ningun-caso-de-abuso-sea-encubierto-o-enterrado\\\/\"]}]},{\"@type\":\"ImageObject\",\"inLanguage\":\"es\",\"@id\":\"https:\\\/\\\/www.eldiariodetucuman.com\\\/web\\\/francisco-que-ningun-caso-de-abuso-sea-encubierto-o-enterrado\\\/#primaryimage\",\"url\":\"https:\\\/\\\/www.eldiariodetucuman.com\\\/web\\\/wp-content\\\/uploads\\\/2019\\\/01\\\/39cc48d15933c48991c623af5202449e.jpeg\",\"contentUrl\":\"https:\\\/\\\/www.eldiariodetucuman.com\\\/web\\\/wp-content\\\/uploads\\\/2019\\\/01\\\/39cc48d15933c48991c623af5202449e.jpeg\",\"width\":970,\"height\":546},{\"@type\":\"BreadcrumbList\",\"@id\":\"https:\\\/\\\/www.eldiariodetucuman.com\\\/web\\\/francisco-que-ningun-caso-de-abuso-sea-encubierto-o-enterrado\\\/#breadcrumb\",\"itemListElement\":[{\"@type\":\"ListItem\",\"position\":1,\"name\":\"Portada\",\"item\":\"https:\\\/\\\/www.eldiariodetucuman.com\\\/web\\\/\"},{\"@type\":\"ListItem\",\"position\":2,\"name\":\"Francisco: \u00abQue ning\u00fan caso de abuso sea encubierto o enterrado\u00bb\"}]},{\"@type\":\"WebSite\",\"@id\":\"https:\\\/\\\/www.eldiariodetucuman.com\\\/web\\\/#website\",\"url\":\"https:\\\/\\\/www.eldiariodetucuman.com\\\/web\\\/\",\"name\":\"El Diario de Tucuman\",\"description\":\"Diario Tucuman - Informaci\u00f3n y noticias\",\"publisher\":{\"@id\":\"https:\\\/\\\/www.eldiariodetucuman.com\\\/web\\\/#organization\"},\"potentialAction\":[{\"@type\":\"SearchAction\",\"target\":{\"@type\":\"EntryPoint\",\"urlTemplate\":\"https:\\\/\\\/www.eldiariodetucuman.com\\\/web\\\/?s={search_term_string}\"},\"query-input\":{\"@type\":\"PropertyValueSpecification\",\"valueRequired\":true,\"valueName\":\"search_term_string\"}}],\"inLanguage\":\"es\"},{\"@type\":\"Organization\",\"@id\":\"https:\\\/\\\/www.eldiariodetucuman.com\\\/web\\\/#organization\",\"name\":\"El Diario de Tucuman\",\"url\":\"https:\\\/\\\/www.eldiariodetucuman.com\\\/web\\\/\",\"logo\":{\"@type\":\"ImageObject\",\"inLanguage\":\"es\",\"@id\":\"https:\\\/\\\/www.eldiariodetucuman.com\\\/web\\\/#\\\/schema\\\/logo\\\/image\\\/\",\"url\":\"http:\\\/\\\/www.eldiariodetucuman.com\\\/web\\\/wp-content\\\/uploads\\\/2017\\\/12\\\/el-diario-de-tucuman.jpg\",\"contentUrl\":\"http:\\\/\\\/www.eldiariodetucuman.com\\\/web\\\/wp-content\\\/uploads\\\/2017\\\/12\\\/el-diario-de-tucuman.jpg\",\"width\":272,\"height\":92,\"caption\":\"El Diario de Tucuman\"},\"image\":{\"@id\":\"https:\\\/\\\/www.eldiariodetucuman.com\\\/web\\\/#\\\/schema\\\/logo\\\/image\\\/\"}},{\"@type\":\"Person\",\"@id\":\"https:\\\/\\\/www.eldiariodetucuman.com\\\/web\\\/#\\\/schema\\\/person\\\/6f95946e54fde848b878ffa4928071d5\",\"name\":\"eldiario detucuman\",\"image\":{\"@type\":\"ImageObject\",\"inLanguage\":\"es\",\"@id\":\"https:\\\/\\\/secure.gravatar.com\\\/avatar\\\/b6e1f89c5c4044c4962c8e6c20b1ca2cc99f549c965908afd4ec5308b3f51bfe?s=96&d=mm&r=g\",\"url\":\"https:\\\/\\\/secure.gravatar.com\\\/avatar\\\/b6e1f89c5c4044c4962c8e6c20b1ca2cc99f549c965908afd4ec5308b3f51bfe?s=96&d=mm&r=g\",\"contentUrl\":\"https:\\\/\\\/secure.gravatar.com\\\/avatar\\\/b6e1f89c5c4044c4962c8e6c20b1ca2cc99f549c965908afd4ec5308b3f51bfe?s=96&d=mm&r=g\",\"caption\":\"eldiario detucuman\"},\"url\":\"https:\\\/\\\/www.eldiariodetucuman.com\\\/web\\\/author\\\/eldiariodetucuman\\\/\"}]}<\/script>\n<!-- \/ Yoast SEO plugin. -->","yoast_head_json":{"title":"Francisco: \"Que ning\u00fan caso de abuso sea encubierto o enterrado\" - El Diario de Tucuman","robots":{"index":"index","follow":"follow","max-snippet":"max-snippet:-1","max-image-preview":"max-image-preview:large","max-video-preview":"max-video-preview:-1"},"canonical":"https:\/\/www.eldiariodetucuman.com\/web\/francisco-que-ningun-caso-de-abuso-sea-encubierto-o-enterrado\/","og_locale":"es_ES","og_type":"article","og_title":"Francisco: \"Que ning\u00fan caso de abuso sea encubierto o enterrado\" - El Diario de Tucuman","og_description":"El papa Francisco pedir\u00e1 a los obispos de todo el mundo que participar\u00e1n de la cumbre anti-pedofilia que se har\u00e1 del 21 al 24 de febrero pr\u00f3ximo en Roma que \u00abning\u00fan caso\u00bb de abusos de sacerdotes \u00absea encubierto o enterrado\u00bb en sus pa\u00edses. \u00abPara el Papa es fundamental que al volver a sus pa\u00edses los [&hellip;]","og_url":"https:\/\/www.eldiariodetucuman.com\/web\/francisco-que-ningun-caso-de-abuso-sea-encubierto-o-enterrado\/","og_site_name":"El Diario de Tucuman","article_published_time":"2019-01-17T15:50:16+00:00","og_image":[{"width":970,"height":546,"url":"https:\/\/www.eldiariodetucuman.com\/web\/wp-content\/uploads\/2019\/01\/39cc48d15933c48991c623af5202449e.jpeg","type":"image\/jpeg"}],"author":"eldiario detucuman","twitter_card":"summary_large_image","twitter_misc":{"Escrito por":"eldiario detucuman","Tiempo de lectura":"2 minutos"},"schema":{"@context":"https:\/\/schema.org","@graph":[{"@type":"Article","@id":"https:\/\/www.eldiariodetucuman.com\/web\/francisco-que-ningun-caso-de-abuso-sea-encubierto-o-enterrado\/#article","isPartOf":{"@id":"https:\/\/www.eldiariodetucuman.com\/web\/francisco-que-ningun-caso-de-abuso-sea-encubierto-o-enterrado\/"},"author":{"name":"eldiario detucuman","@id":"https:\/\/www.eldiariodetucuman.com\/web\/#\/schema\/person\/6f95946e54fde848b878ffa4928071d5"},"headline":"Francisco: \u00abQue ning\u00fan caso de abuso sea encubierto o enterrado\u00bb","datePublished":"2019-01-17T15:50:16+00:00","mainEntityOfPage":{"@id":"https:\/\/www.eldiariodetucuman.com\/web\/francisco-que-ningun-caso-de-abuso-sea-encubierto-o-enterrado\/"},"wordCount":321,"commentCount":0,"publisher":{"@id":"https:\/\/www.eldiariodetucuman.com\/web\/#organization"},"image":{"@id":"https:\/\/www.eldiariodetucuman.com\/web\/francisco-que-ningun-caso-de-abuso-sea-encubierto-o-enterrado\/#primaryimage"},"thumbnailUrl":"https:\/\/www.eldiariodetucuman.com\/web\/wp-content\/uploads\/2019\/01\/39cc48d15933c48991c623af5202449e.jpeg","articleSection":["Internacionales"],"inLanguage":"es","potentialAction":[{"@type":"CommentAction","name":"Comment","target":["https:\/\/www.eldiariodetucuman.com\/web\/francisco-que-ningun-caso-de-abuso-sea-encubierto-o-enterrado\/#respond"]}]},{"@type":"WebPage","@id":"https:\/\/www.eldiariodetucuman.com\/web\/francisco-que-ningun-caso-de-abuso-sea-encubierto-o-enterrado\/","url":"https:\/\/www.eldiariodetucuman.com\/web\/francisco-que-ningun-caso-de-abuso-sea-encubierto-o-enterrado\/","name":"Francisco: \"Que ning\u00fan caso de abuso sea encubierto o enterrado\" - El Diario de Tucuman","isPartOf":{"@id":"https:\/\/www.eldiariodetucuman.com\/web\/#website"},"primaryImageOfPage":{"@id":"https:\/\/www.eldiariodetucuman.com\/web\/francisco-que-ningun-caso-de-abuso-sea-encubierto-o-enterrado\/#primaryimage"},"image":{"@id":"https:\/\/www.eldiariodetucuman.com\/web\/francisco-que-ningun-caso-de-abuso-sea-encubierto-o-enterrado\/#primaryimage"},"thumbnailUrl":"https:\/\/www.eldiariodetucuman.com\/web\/wp-content\/uploads\/2019\/01\/39cc48d15933c48991c623af5202449e.jpeg","datePublished":"2019-01-17T15:50:16+00:00","breadcrumb":{"@id":"https:\/\/www.eldiariodetucuman.com\/web\/francisco-que-ningun-caso-de-abuso-sea-encubierto-o-enterrado\/#breadcrumb"},"inLanguage":"es","potentialAction":[{"@type":"ReadAction","target":["https:\/\/www.eldiariodetucuman.com\/web\/francisco-que-ningun-caso-de-abuso-sea-encubierto-o-enterrado\/"]}]},{"@type":"ImageObject","inLanguage":"es","@id":"https:\/\/www.eldiariodetucuman.com\/web\/francisco-que-ningun-caso-de-abuso-sea-encubierto-o-enterrado\/#primaryimage","url":"https:\/\/www.eldiariodetucuman.com\/web\/wp-content\/uploads\/2019\/01\/39cc48d15933c48991c623af5202449e.jpeg","contentUrl":"https:\/\/www.eldiariodetucuman.com\/web\/wp-content\/uploads\/2019\/01\/39cc48d15933c48991c623af5202449e.jpeg","width":970,"height":546},{"@type":"BreadcrumbList","@id":"https:\/\/www.eldiariodetucuman.com\/web\/francisco-que-ningun-caso-de-abuso-sea-encubierto-o-enterrado\/#breadcrumb","itemListElement":[{"@type":"ListItem","position":1,"name":"Portada","item":"https:\/\/www.eldiariodetucuman.com\/web\/"},{"@type":"ListItem","position":2,"name":"Francisco: \u00abQue ning\u00fan caso de abuso sea encubierto o enterrado\u00bb"}]},{"@type":"WebSite","@id":"https:\/\/www.eldiariodetucuman.com\/web\/#website","url":"https:\/\/www.eldiariodetucuman.com\/web\/","name":"El Diario de Tucuman","description":"Diario Tucuman - Informaci\u00f3n y noticias","publisher":{"@id":"https:\/\/www.eldiariodetucuman.com\/web\/#organization"},"potentialAction":[{"@type":"SearchAction","target":{"@type":"EntryPoint","urlTemplate":"https:\/\/www.eldiariodetucuman.com\/web\/?s={search_term_string}"},"query-input":{"@type":"PropertyValueSpecification","valueRequired":true,"valueName":"search_term_string"}}],"inLanguage":"es"},{"@type":"Organization","@id":"https:\/\/www.eldiariodetucuman.com\/web\/#organization","name":"El Diario de Tucuman","url":"https:\/\/www.eldiariodetucuman.com\/web\/","logo":{"@type":"ImageObject","inLanguage":"es","@id":"https:\/\/www.eldiariodetucuman.com\/web\/#\/schema\/logo\/image\/","url":"http:\/\/www.eldiariodetucuman.com\/web\/wp-content\/uploads\/2017\/12\/el-diario-de-tucuman.jpg","contentUrl":"http:\/\/www.eldiariodetucuman.com\/web\/wp-content\/uploads\/2017\/12\/el-diario-de-tucuman.jpg","width":272,"height":92,"caption":"El Diario de Tucuman"},"image":{"@id":"https:\/\/www.eldiariodetucuman.com\/web\/#\/schema\/logo\/image\/"}},{"@type":"Person","@id":"https:\/\/www.eldiariodetucuman.com\/web\/#\/schema\/person\/6f95946e54fde848b878ffa4928071d5","name":"eldiario detucuman","image":{"@type":"ImageObject","inLanguage":"es","@id":"https:\/\/secure.gravatar.com\/avatar\/b6e1f89c5c4044c4962c8e6c20b1ca2cc99f549c965908afd4ec5308b3f51bfe?s=96&d=mm&r=g","url":"https:\/\/secure.gravatar.com\/avatar\/b6e1f89c5c4044c4962c8e6c20b1ca2cc99f549c965908afd4ec5308b3f51bfe?s=96&d=mm&r=g","contentUrl":"https:\/\/secure.gravatar.com\/avatar\/b6e1f89c5c4044c4962c8e6c20b1ca2cc99f549c965908afd4ec5308b3f51bfe?s=96&d=mm&r=g","caption":"eldiario detucuman"},"url":"https:\/\/www.eldiariodetucuman.com\/web\/author\/eldiariodetucuman\/"}]}},"_links":{"self":[{"href":"https:\/\/www.eldiariodetucuman.com\/web\/wp-json\/wp\/v2\/posts\/21594","targetHints":{"allow":["GET"]}}],"collection":[{"href":"https:\/\/www.eldiariodetucuman.com\/web\/wp-json\/wp\/v2\/posts"}],"about":[{"href":"https:\/\/www.eldiariodetucuman.com\/web\/wp-json\/wp\/v2\/types\/post"}],"author":[{"embeddable":true,"href":"https:\/\/www.eldiariodetucuman.com\/web\/wp-json\/wp\/v2\/users\/4"}],"replies":[{"embeddable":true,"href":"https:\/\/www.eldiariodetucuman.com\/web\/wp-json\/wp\/v2\/comments?post=21594"}],"version-history":[{"count":0,"href":"https:\/\/www.eldiariodetucuman.com\/web\/wp-json\/wp\/v2\/posts\/21594\/revisions"}],"wp:featuredmedia":[{"embeddable":true,"href":"https:\/\/www.eldiariodetucuman.com\/web\/wp-json\/wp\/v2\/media\/21595"}],"wp:attachment":[{"href":"https:\/\/www.eldiariodetucuman.com\/web\/wp-json\/wp\/v2\/media?parent=21594"}],"wp:term":[{"taxonomy":"category","embeddable":true,"href":"https:\/\/www.eldiariodetucuman.com\/web\/wp-json\/wp\/v2\/categories?post=21594"},{"taxonomy":"post_tag","embeddable":true,"href":"https:\/\/www.eldiariodetucuman.com\/web\/wp-json\/wp\/v2\/tags?post=21594"}],"curies":[{"name":"wp","href":"https:\/\/api.w.org\/{rel}","templated":true}]}}