{"id":21590,"date":"2019-01-17T12:50:01","date_gmt":"2019-01-17T15:50:01","guid":{"rendered":"http:\/\/www.eldiariodetucuman.com\/web\/haran-dos-tuneles-para-llegar-a-julen\/"},"modified":"2019-01-17T12:50:01","modified_gmt":"2019-01-17T15:50:01","slug":"haran-dos-tuneles-para-llegar-a-julen","status":"publish","type":"post","link":"https:\/\/www.eldiariodetucuman.com\/web\/haran-dos-tuneles-para-llegar-a-julen\/","title":{"rendered":"Har\u00e1n dos t\u00faneles para llegar a Julen"},"content":{"rendered":"<div>\n<div itemprop=\"articleBody\" readability=\"92\">\n<p>Sin descanso, pero sin \u00e9xito. Y cada vez con menos esperanzas. Ese es el panorama con el que los rescatistas trabajan en la localidad malague\u00f1a de Total\u00e1n para tratar de llegar al lugar en que se cree que est\u00e1 el peque\u00f1o <strong>Julen<\/strong>, de dos a\u00f1os, enterrado vivo en un pozo de 107 metros de profundidad. All\u00ed hallaron pelos que pertenecen al chiquito. Su pap\u00e1, a\u00fan ilusionado, expres\u00f3: \u201c<em>Un \u00e1ngel ayudar\u00e1 a que salga vivo<\/em>\u201d.<\/p>\n<p>\u201c<em>Se encontr\u00f3 un poco de pelo en el t\u00fanel y las pruebas de ADN que se realizaron por parte de la Guardia Civil certifican que es del ni\u00f1o. Nos da cierta certeza de que est\u00e1 ah\u00ed, en ese pozo<\/em>\u201d, explic\u00f3 el delegado del gobierno espa\u00f1ol en Andaluc\u00eda, <strong>Alfonso Rodr\u00edguez G\u00f3mez de Celis<\/strong>.<\/p>\n<p>En tanto, la posibilidad de extraer el tap\u00f3n de tierra que fren\u00f3 el avance de las c\u00e1maras a unos 78 metros de profundidad fue descartada por los especialistas, por lo que decidieron \u201cencamisar\u201d el t\u00fanel para asegurarlo, antes de comenzar a hacer otro pozo y una galer\u00eda horizontal, para lo que anoche se ultimaban los detalles.<\/p>\n<p>Respecto del tiempo que les llevar\u00e1 llegar hasta el lugar, las autoridades no dieron precisiones, ya que se trata de un terreno \u201c<em>muy complejo tanto orogr\u00e1fica como geol\u00f3gicamente, en el que se pueden encontrar rocas m\u00e1s o menos duras que favorezcan ir m\u00e1s deprisa o m\u00e1s lento<\/em>\u201d. Por lo tanto, expresaron que la realizaci\u00f3n de las galer\u00edas por las que pasar\u00e1n los equipos de rescate se debe hacer con \u201c<em>total seguridad<\/em>\u201d.<br \/>\u00a0<\/p>\n<p><u><strong>Una esperanza<\/strong><\/u><\/p>\n<p>Cada minuto que pasa es vital para Julen. Desde el domingo est\u00e1 enterrado y nadie sabe si tiene ox\u00edgeno. <strong>Jos\u00e9 Antonio Berrocal<\/strong>, presidente de la Federaci\u00f3n Andaluza de Espeleolog\u00eda (ciencia dedicada a estudiar el origen y la formaci\u00f3n de las cavernas y las cavidades subterr\u00e1neas naturales), expres\u00f3 que para que el nene est\u00e9 con vida se necesita \u201c<em>un peque\u00f1o milagro<\/em>\u201d.<\/p>\n<p>Un tema clave es cu\u00e1nto puede resistir. En ese sentido, el especialista record\u00f3 que \u201c<em>en otros rescates<\/em>\u201d las v\u00edctimas llegaron a \u201c<em>aguantar hasta 10 d\u00edas<\/em>\u201d y asegur\u00f3 que Julen puede tener \u201c<em>el mismo ox\u00edgeno que en el exterior<\/em>\u201d. Aunque esto depender\u00e1 del material con el que est\u00e9 hecho el tap\u00f3n que hay en el pozo. Si es de piedra, que \u201c<em>forman cantos angulosos<\/em>\u201d, puede \u201c<em>circular aire con mucha facilidad<\/em>\u201d, pero si es de barro y agua \u201c<em>puede ser herm\u00e9tico<\/em>\u201d y no haber aire. Ser\u00eda una muerte segura.<\/p>\n<p>Mientras las tareas avanzan, el padre de Julen, <strong>Jos\u00e9 Roc\u00edo<\/strong>, a quien se le muri\u00f3 otro hijo de tres a\u00f1os en 2017, asegur\u00f3: \u201c<em>Un \u00e1ngel ayudar\u00e1 a que salga vivo<\/em>\u201d. \u201c<em>Lo \u00fanico que me da fuerzas es que voy a ver a mi hijo con vida. Que esto no decaiga hasta que podamos sacarlo con vida de ah\u00ed<\/em>\u201d, concluy\u00f3, con sus \u00faltimas esperanzas.<\/p>\n<\/div>\n<\/div>\n","protected":false},"excerpt":{"rendered":"<p>Sin descanso, pero sin \u00e9xito. Y cada vez con menos esperanzas. Ese es el panorama con el que los rescatistas trabajan en la localidad malague\u00f1a de Total\u00e1n para tratar de llegar al lugar en que se cree que est\u00e1 el peque\u00f1o Julen, de dos a\u00f1os, enterrado vivo en un pozo de 107 metros de profundidad. [&hellip;]<\/p>\n","protected":false},"author":4,"featured_media":21591,"comment_status":"open","ping_status":"closed","sticky":false,"template":"","format":"standard","meta":{"footnotes":""},"categories":[194],"tags":[],"class_list":{"0":"post-21590","1":"post","2":"type-post","3":"status-publish","4":"format-standard","5":"has-post-thumbnail","7":"category-internacionales"},"yoast_head":"<!-- This site is optimized with the Yoast SEO plugin v27.4 - https:\/\/yoast.com\/product\/yoast-seo-wordpress\/ -->\n<title>Har\u00e1n dos t\u00faneles para llegar a Julen - El Diario de Tucuman<\/title>\n<meta name=\"robots\" content=\"index, follow, max-snippet:-1, max-image-preview:large, max-video-preview:-1\" \/>\n<link rel=\"canonical\" href=\"https:\/\/www.eldiariodetucuman.com\/web\/haran-dos-tuneles-para-llegar-a-julen\/\" \/>\n<meta property=\"og:locale\" content=\"es_ES\" \/>\n<meta property=\"og:type\" content=\"article\" \/>\n<meta property=\"og:title\" content=\"Har\u00e1n dos t\u00faneles para llegar a Julen - El Diario de Tucuman\" \/>\n<meta property=\"og:description\" content=\"Sin descanso, pero sin \u00e9xito. Y cada vez con menos esperanzas. Ese es el panorama con el que los rescatistas trabajan en la localidad malague\u00f1a de Total\u00e1n para tratar de llegar al lugar en que se cree que est\u00e1 el peque\u00f1o Julen, de dos a\u00f1os, enterrado vivo en un pozo de 107 metros de profundidad. [&hellip;]\" \/>\n<meta property=\"og:url\" content=\"https:\/\/www.eldiariodetucuman.com\/web\/haran-dos-tuneles-para-llegar-a-julen\/\" \/>\n<meta property=\"og:site_name\" content=\"El Diario de Tucuman\" \/>\n<meta property=\"article:published_time\" content=\"2019-01-17T15:50:01+00:00\" \/>\n<meta property=\"og:image\" content=\"https:\/\/www.eldiariodetucuman.com\/web\/wp-content\/uploads\/2019\/01\/a09d4d04d22f592d2e0be051c77c9519.jpeg\" \/>\n\t<meta property=\"og:image:width\" content=\"970\" \/>\n\t<meta property=\"og:image:height\" content=\"546\" \/>\n\t<meta property=\"og:image:type\" content=\"image\/jpeg\" \/>\n<meta name=\"author\" content=\"eldiario detucuman\" \/>\n<meta name=\"twitter:card\" content=\"summary_large_image\" \/>\n<meta name=\"twitter:label1\" content=\"Escrito por\" \/>\n\t<meta name=\"twitter:data1\" content=\"eldiario detucuman\" \/>\n\t<meta name=\"twitter:label2\" content=\"Tiempo de lectura\" \/>\n\t<meta name=\"twitter:data2\" content=\"2 minutos\" \/>\n<script type=\"application\/ld+json\" class=\"yoast-schema-graph\">{\"@context\":\"https:\\\/\\\/schema.org\",\"@graph\":[{\"@type\":\"Article\",\"@id\":\"https:\\\/\\\/www.eldiariodetucuman.com\\\/web\\\/haran-dos-tuneles-para-llegar-a-julen\\\/#article\",\"isPartOf\":{\"@id\":\"https:\\\/\\\/www.eldiariodetucuman.com\\\/web\\\/haran-dos-tuneles-para-llegar-a-julen\\\/\"},\"author\":{\"name\":\"eldiario detucuman\",\"@id\":\"https:\\\/\\\/www.eldiariodetucuman.com\\\/web\\\/#\\\/schema\\\/person\\\/6f95946e54fde848b878ffa4928071d5\"},\"headline\":\"Har\u00e1n dos t\u00faneles para llegar a Julen\",\"datePublished\":\"2019-01-17T15:50:01+00:00\",\"mainEntityOfPage\":{\"@id\":\"https:\\\/\\\/www.eldiariodetucuman.com\\\/web\\\/haran-dos-tuneles-para-llegar-a-julen\\\/\"},\"wordCount\":508,\"commentCount\":0,\"publisher\":{\"@id\":\"https:\\\/\\\/www.eldiariodetucuman.com\\\/web\\\/#organization\"},\"image\":{\"@id\":\"https:\\\/\\\/www.eldiariodetucuman.com\\\/web\\\/haran-dos-tuneles-para-llegar-a-julen\\\/#primaryimage\"},\"thumbnailUrl\":\"https:\\\/\\\/www.eldiariodetucuman.com\\\/web\\\/wp-content\\\/uploads\\\/2019\\\/01\\\/a09d4d04d22f592d2e0be051c77c9519.jpeg\",\"articleSection\":[\"Internacionales\"],\"inLanguage\":\"es\",\"potentialAction\":[{\"@type\":\"CommentAction\",\"name\":\"Comment\",\"target\":[\"https:\\\/\\\/www.eldiariodetucuman.com\\\/web\\\/haran-dos-tuneles-para-llegar-a-julen\\\/#respond\"]}]},{\"@type\":\"WebPage\",\"@id\":\"https:\\\/\\\/www.eldiariodetucuman.com\\\/web\\\/haran-dos-tuneles-para-llegar-a-julen\\\/\",\"url\":\"https:\\\/\\\/www.eldiariodetucuman.com\\\/web\\\/haran-dos-tuneles-para-llegar-a-julen\\\/\",\"name\":\"Har\u00e1n dos t\u00faneles para llegar a Julen - El Diario de Tucuman\",\"isPartOf\":{\"@id\":\"https:\\\/\\\/www.eldiariodetucuman.com\\\/web\\\/#website\"},\"primaryImageOfPage\":{\"@id\":\"https:\\\/\\\/www.eldiariodetucuman.com\\\/web\\\/haran-dos-tuneles-para-llegar-a-julen\\\/#primaryimage\"},\"image\":{\"@id\":\"https:\\\/\\\/www.eldiariodetucuman.com\\\/web\\\/haran-dos-tuneles-para-llegar-a-julen\\\/#primaryimage\"},\"thumbnailUrl\":\"https:\\\/\\\/www.eldiariodetucuman.com\\\/web\\\/wp-content\\\/uploads\\\/2019\\\/01\\\/a09d4d04d22f592d2e0be051c77c9519.jpeg\",\"datePublished\":\"2019-01-17T15:50:01+00:00\",\"breadcrumb\":{\"@id\":\"https:\\\/\\\/www.eldiariodetucuman.com\\\/web\\\/haran-dos-tuneles-para-llegar-a-julen\\\/#breadcrumb\"},\"inLanguage\":\"es\",\"potentialAction\":[{\"@type\":\"ReadAction\",\"target\":[\"https:\\\/\\\/www.eldiariodetucuman.com\\\/web\\\/haran-dos-tuneles-para-llegar-a-julen\\\/\"]}]},{\"@type\":\"ImageObject\",\"inLanguage\":\"es\",\"@id\":\"https:\\\/\\\/www.eldiariodetucuman.com\\\/web\\\/haran-dos-tuneles-para-llegar-a-julen\\\/#primaryimage\",\"url\":\"https:\\\/\\\/www.eldiariodetucuman.com\\\/web\\\/wp-content\\\/uploads\\\/2019\\\/01\\\/a09d4d04d22f592d2e0be051c77c9519.jpeg\",\"contentUrl\":\"https:\\\/\\\/www.eldiariodetucuman.com\\\/web\\\/wp-content\\\/uploads\\\/2019\\\/01\\\/a09d4d04d22f592d2e0be051c77c9519.jpeg\",\"width\":970,\"height\":546},{\"@type\":\"BreadcrumbList\",\"@id\":\"https:\\\/\\\/www.eldiariodetucuman.com\\\/web\\\/haran-dos-tuneles-para-llegar-a-julen\\\/#breadcrumb\",\"itemListElement\":[{\"@type\":\"ListItem\",\"position\":1,\"name\":\"Portada\",\"item\":\"https:\\\/\\\/www.eldiariodetucuman.com\\\/web\\\/\"},{\"@type\":\"ListItem\",\"position\":2,\"name\":\"Har\u00e1n dos t\u00faneles para llegar a Julen\"}]},{\"@type\":\"WebSite\",\"@id\":\"https:\\\/\\\/www.eldiariodetucuman.com\\\/web\\\/#website\",\"url\":\"https:\\\/\\\/www.eldiariodetucuman.com\\\/web\\\/\",\"name\":\"El Diario de Tucuman\",\"description\":\"Diario Tucuman - Informaci\u00f3n y noticias\",\"publisher\":{\"@id\":\"https:\\\/\\\/www.eldiariodetucuman.com\\\/web\\\/#organization\"},\"potentialAction\":[{\"@type\":\"SearchAction\",\"target\":{\"@type\":\"EntryPoint\",\"urlTemplate\":\"https:\\\/\\\/www.eldiariodetucuman.com\\\/web\\\/?s={search_term_string}\"},\"query-input\":{\"@type\":\"PropertyValueSpecification\",\"valueRequired\":true,\"valueName\":\"search_term_string\"}}],\"inLanguage\":\"es\"},{\"@type\":\"Organization\",\"@id\":\"https:\\\/\\\/www.eldiariodetucuman.com\\\/web\\\/#organization\",\"name\":\"El Diario de Tucuman\",\"url\":\"https:\\\/\\\/www.eldiariodetucuman.com\\\/web\\\/\",\"logo\":{\"@type\":\"ImageObject\",\"inLanguage\":\"es\",\"@id\":\"https:\\\/\\\/www.eldiariodetucuman.com\\\/web\\\/#\\\/schema\\\/logo\\\/image\\\/\",\"url\":\"http:\\\/\\\/www.eldiariodetucuman.com\\\/web\\\/wp-content\\\/uploads\\\/2017\\\/12\\\/el-diario-de-tucuman.jpg\",\"contentUrl\":\"http:\\\/\\\/www.eldiariodetucuman.com\\\/web\\\/wp-content\\\/uploads\\\/2017\\\/12\\\/el-diario-de-tucuman.jpg\",\"width\":272,\"height\":92,\"caption\":\"El Diario de Tucuman\"},\"image\":{\"@id\":\"https:\\\/\\\/www.eldiariodetucuman.com\\\/web\\\/#\\\/schema\\\/logo\\\/image\\\/\"}},{\"@type\":\"Person\",\"@id\":\"https:\\\/\\\/www.eldiariodetucuman.com\\\/web\\\/#\\\/schema\\\/person\\\/6f95946e54fde848b878ffa4928071d5\",\"name\":\"eldiario detucuman\",\"image\":{\"@type\":\"ImageObject\",\"inLanguage\":\"es\",\"@id\":\"https:\\\/\\\/secure.gravatar.com\\\/avatar\\\/b6e1f89c5c4044c4962c8e6c20b1ca2cc99f549c965908afd4ec5308b3f51bfe?s=96&d=mm&r=g\",\"url\":\"https:\\\/\\\/secure.gravatar.com\\\/avatar\\\/b6e1f89c5c4044c4962c8e6c20b1ca2cc99f549c965908afd4ec5308b3f51bfe?s=96&d=mm&r=g\",\"contentUrl\":\"https:\\\/\\\/secure.gravatar.com\\\/avatar\\\/b6e1f89c5c4044c4962c8e6c20b1ca2cc99f549c965908afd4ec5308b3f51bfe?s=96&d=mm&r=g\",\"caption\":\"eldiario detucuman\"},\"url\":\"https:\\\/\\\/www.eldiariodetucuman.com\\\/web\\\/author\\\/eldiariodetucuman\\\/\"}]}<\/script>\n<!-- \/ Yoast SEO plugin. -->","yoast_head_json":{"title":"Har\u00e1n dos t\u00faneles para llegar a Julen - El Diario de Tucuman","robots":{"index":"index","follow":"follow","max-snippet":"max-snippet:-1","max-image-preview":"max-image-preview:large","max-video-preview":"max-video-preview:-1"},"canonical":"https:\/\/www.eldiariodetucuman.com\/web\/haran-dos-tuneles-para-llegar-a-julen\/","og_locale":"es_ES","og_type":"article","og_title":"Har\u00e1n dos t\u00faneles para llegar a Julen - El Diario de Tucuman","og_description":"Sin descanso, pero sin \u00e9xito. Y cada vez con menos esperanzas. Ese es el panorama con el que los rescatistas trabajan en la localidad malague\u00f1a de Total\u00e1n para tratar de llegar al lugar en que se cree que est\u00e1 el peque\u00f1o Julen, de dos a\u00f1os, enterrado vivo en un pozo de 107 metros de profundidad. [&hellip;]","og_url":"https:\/\/www.eldiariodetucuman.com\/web\/haran-dos-tuneles-para-llegar-a-julen\/","og_site_name":"El Diario de Tucuman","article_published_time":"2019-01-17T15:50:01+00:00","og_image":[{"width":970,"height":546,"url":"https:\/\/www.eldiariodetucuman.com\/web\/wp-content\/uploads\/2019\/01\/a09d4d04d22f592d2e0be051c77c9519.jpeg","type":"image\/jpeg"}],"author":"eldiario detucuman","twitter_card":"summary_large_image","twitter_misc":{"Escrito por":"eldiario detucuman","Tiempo de lectura":"2 minutos"},"schema":{"@context":"https:\/\/schema.org","@graph":[{"@type":"Article","@id":"https:\/\/www.eldiariodetucuman.com\/web\/haran-dos-tuneles-para-llegar-a-julen\/#article","isPartOf":{"@id":"https:\/\/www.eldiariodetucuman.com\/web\/haran-dos-tuneles-para-llegar-a-julen\/"},"author":{"name":"eldiario detucuman","@id":"https:\/\/www.eldiariodetucuman.com\/web\/#\/schema\/person\/6f95946e54fde848b878ffa4928071d5"},"headline":"Har\u00e1n dos t\u00faneles para llegar a Julen","datePublished":"2019-01-17T15:50:01+00:00","mainEntityOfPage":{"@id":"https:\/\/www.eldiariodetucuman.com\/web\/haran-dos-tuneles-para-llegar-a-julen\/"},"wordCount":508,"commentCount":0,"publisher":{"@id":"https:\/\/www.eldiariodetucuman.com\/web\/#organization"},"image":{"@id":"https:\/\/www.eldiariodetucuman.com\/web\/haran-dos-tuneles-para-llegar-a-julen\/#primaryimage"},"thumbnailUrl":"https:\/\/www.eldiariodetucuman.com\/web\/wp-content\/uploads\/2019\/01\/a09d4d04d22f592d2e0be051c77c9519.jpeg","articleSection":["Internacionales"],"inLanguage":"es","potentialAction":[{"@type":"CommentAction","name":"Comment","target":["https:\/\/www.eldiariodetucuman.com\/web\/haran-dos-tuneles-para-llegar-a-julen\/#respond"]}]},{"@type":"WebPage","@id":"https:\/\/www.eldiariodetucuman.com\/web\/haran-dos-tuneles-para-llegar-a-julen\/","url":"https:\/\/www.eldiariodetucuman.com\/web\/haran-dos-tuneles-para-llegar-a-julen\/","name":"Har\u00e1n dos t\u00faneles para llegar a Julen - El Diario de Tucuman","isPartOf":{"@id":"https:\/\/www.eldiariodetucuman.com\/web\/#website"},"primaryImageOfPage":{"@id":"https:\/\/www.eldiariodetucuman.com\/web\/haran-dos-tuneles-para-llegar-a-julen\/#primaryimage"},"image":{"@id":"https:\/\/www.eldiariodetucuman.com\/web\/haran-dos-tuneles-para-llegar-a-julen\/#primaryimage"},"thumbnailUrl":"https:\/\/www.eldiariodetucuman.com\/web\/wp-content\/uploads\/2019\/01\/a09d4d04d22f592d2e0be051c77c9519.jpeg","datePublished":"2019-01-17T15:50:01+00:00","breadcrumb":{"@id":"https:\/\/www.eldiariodetucuman.com\/web\/haran-dos-tuneles-para-llegar-a-julen\/#breadcrumb"},"inLanguage":"es","potentialAction":[{"@type":"ReadAction","target":["https:\/\/www.eldiariodetucuman.com\/web\/haran-dos-tuneles-para-llegar-a-julen\/"]}]},{"@type":"ImageObject","inLanguage":"es","@id":"https:\/\/www.eldiariodetucuman.com\/web\/haran-dos-tuneles-para-llegar-a-julen\/#primaryimage","url":"https:\/\/www.eldiariodetucuman.com\/web\/wp-content\/uploads\/2019\/01\/a09d4d04d22f592d2e0be051c77c9519.jpeg","contentUrl":"https:\/\/www.eldiariodetucuman.com\/web\/wp-content\/uploads\/2019\/01\/a09d4d04d22f592d2e0be051c77c9519.jpeg","width":970,"height":546},{"@type":"BreadcrumbList","@id":"https:\/\/www.eldiariodetucuman.com\/web\/haran-dos-tuneles-para-llegar-a-julen\/#breadcrumb","itemListElement":[{"@type":"ListItem","position":1,"name":"Portada","item":"https:\/\/www.eldiariodetucuman.com\/web\/"},{"@type":"ListItem","position":2,"name":"Har\u00e1n dos t\u00faneles para llegar a Julen"}]},{"@type":"WebSite","@id":"https:\/\/www.eldiariodetucuman.com\/web\/#website","url":"https:\/\/www.eldiariodetucuman.com\/web\/","name":"El Diario de Tucuman","description":"Diario Tucuman - Informaci\u00f3n y noticias","publisher":{"@id":"https:\/\/www.eldiariodetucuman.com\/web\/#organization"},"potentialAction":[{"@type":"SearchAction","target":{"@type":"EntryPoint","urlTemplate":"https:\/\/www.eldiariodetucuman.com\/web\/?s={search_term_string}"},"query-input":{"@type":"PropertyValueSpecification","valueRequired":true,"valueName":"search_term_string"}}],"inLanguage":"es"},{"@type":"Organization","@id":"https:\/\/www.eldiariodetucuman.com\/web\/#organization","name":"El Diario de Tucuman","url":"https:\/\/www.eldiariodetucuman.com\/web\/","logo":{"@type":"ImageObject","inLanguage":"es","@id":"https:\/\/www.eldiariodetucuman.com\/web\/#\/schema\/logo\/image\/","url":"http:\/\/www.eldiariodetucuman.com\/web\/wp-content\/uploads\/2017\/12\/el-diario-de-tucuman.jpg","contentUrl":"http:\/\/www.eldiariodetucuman.com\/web\/wp-content\/uploads\/2017\/12\/el-diario-de-tucuman.jpg","width":272,"height":92,"caption":"El Diario de Tucuman"},"image":{"@id":"https:\/\/www.eldiariodetucuman.com\/web\/#\/schema\/logo\/image\/"}},{"@type":"Person","@id":"https:\/\/www.eldiariodetucuman.com\/web\/#\/schema\/person\/6f95946e54fde848b878ffa4928071d5","name":"eldiario detucuman","image":{"@type":"ImageObject","inLanguage":"es","@id":"https:\/\/secure.gravatar.com\/avatar\/b6e1f89c5c4044c4962c8e6c20b1ca2cc99f549c965908afd4ec5308b3f51bfe?s=96&d=mm&r=g","url":"https:\/\/secure.gravatar.com\/avatar\/b6e1f89c5c4044c4962c8e6c20b1ca2cc99f549c965908afd4ec5308b3f51bfe?s=96&d=mm&r=g","contentUrl":"https:\/\/secure.gravatar.com\/avatar\/b6e1f89c5c4044c4962c8e6c20b1ca2cc99f549c965908afd4ec5308b3f51bfe?s=96&d=mm&r=g","caption":"eldiario detucuman"},"url":"https:\/\/www.eldiariodetucuman.com\/web\/author\/eldiariodetucuman\/"}]}},"_links":{"self":[{"href":"https:\/\/www.eldiariodetucuman.com\/web\/wp-json\/wp\/v2\/posts\/21590","targetHints":{"allow":["GET"]}}],"collection":[{"href":"https:\/\/www.eldiariodetucuman.com\/web\/wp-json\/wp\/v2\/posts"}],"about":[{"href":"https:\/\/www.eldiariodetucuman.com\/web\/wp-json\/wp\/v2\/types\/post"}],"author":[{"embeddable":true,"href":"https:\/\/www.eldiariodetucuman.com\/web\/wp-json\/wp\/v2\/users\/4"}],"replies":[{"embeddable":true,"href":"https:\/\/www.eldiariodetucuman.com\/web\/wp-json\/wp\/v2\/comments?post=21590"}],"version-history":[{"count":0,"href":"https:\/\/www.eldiariodetucuman.com\/web\/wp-json\/wp\/v2\/posts\/21590\/revisions"}],"wp:featuredmedia":[{"embeddable":true,"href":"https:\/\/www.eldiariodetucuman.com\/web\/wp-json\/wp\/v2\/media\/21591"}],"wp:attachment":[{"href":"https:\/\/www.eldiariodetucuman.com\/web\/wp-json\/wp\/v2\/media?parent=21590"}],"wp:term":[{"taxonomy":"category","embeddable":true,"href":"https:\/\/www.eldiariodetucuman.com\/web\/wp-json\/wp\/v2\/categories?post=21590"},{"taxonomy":"post_tag","embeddable":true,"href":"https:\/\/www.eldiariodetucuman.com\/web\/wp-json\/wp\/v2\/tags?post=21590"}],"curies":[{"name":"wp","href":"https:\/\/api.w.org\/{rel}","templated":true}]}}