{"id":20903,"date":"2018-12-19T11:41:59","date_gmt":"2018-12-19T14:41:59","guid":{"rendered":"http:\/\/www.eldiariodetucuman.com\/web\/prorrogan-por-15-anos-las-concesiones-de-rutas-aereas-a-aerolineas-y-austral\/"},"modified":"2018-12-19T11:42:01","modified_gmt":"2018-12-19T14:42:01","slug":"prorrogan-por-15-anos-las-concesiones-de-rutas-aereas-a-aerolineas-y-austral","status":"publish","type":"post","link":"https:\/\/www.eldiariodetucuman.com\/web\/prorrogan-por-15-anos-las-concesiones-de-rutas-aereas-a-aerolineas-y-austral\/","title":{"rendered":"Prorrogan por 15 a\u00f1os las concesiones de rutas a\u00e9reas a Aerol\u00edneas y Austral"},"content":{"rendered":"<div>\n<div readability=\"64.551724137931\">\n<p>El <strong>Gobierno Nacional<\/strong> autoriz\u00f3 la pr\u00f3rroga\u00a0<strong>por quince a\u00f1os<\/strong> las concesiones para volar determinadas rutas en el pa\u00eds a las empresas estatales <strong>Aerol\u00edneas Argentinas y Austral.<\/strong> La medida fue oficializada este mi\u00e9rcoles en el Bolet\u00edn Oficial, a trav\u00e9s de las resoluciones 1102 y 1103 del <a href=\"https:\/\/www.elintransigente.com\/sociedad\/2018\/12\/18\/devuelven-las-ofertas-para-la-concesion-de-la-terminal-de-retiro-530293.html\">Ministerio de Transporte<\/a>.<\/p>\n<aside class=\"htmlinline \"><!-- reposive cuadrado IN --><ins class=\"adsbygoogle\" data-ad-client=\"ca-pub-7781556717282971\" data-ad-slot=\"2950183585\" data-ad-format=\"auto\" data-full-width-responsive=\"true\"><\/ins><br \/>\n<\/aside>\n<p>De esta manera, la cartera que dirige <a href=\"https:\/\/www.elintransigente.com\/sociedad\/2018\/12\/14\/el-libre-de-deuda-sera-requisito-previo-para-otorgar-permisos-de-transito-529595.html\">Guillermo Dietrich<\/a>, prorrog\u00f3 a partir del 17 de mayo de 2019 y por el t\u00e9rmino de quince a\u00f1os la concesi\u00f3n otorgada a la empresa Aerol\u00edneas Argentinas Sociedad An\u00f3nima.<\/p>\n<p>En este sentido, la firma est\u00e1 autorizada a explotar servicios regulares internos de transporte a\u00e9reo de pasajeros, correo y carga con aeronaves de gran porte y con facultad de omitir escalas en las rutas Salta, San Miguel de Tucum\u00e1n, C\u00f3rdoba, Mendoza, Neuqu\u00e9n, San Carlos de Bariloche y Esquel.<\/p>\n<aside class=\"htmlinline \"><!-- reposive cuadrado IN --><ins class=\"adsbygoogle\" data-ad-client=\"ca-pub-7781556717282971\" data-ad-slot=\"2950183585\" data-ad-format=\"auto\" data-full-width-responsive=\"true\"><\/ins><br \/>\n<\/aside>\n<p>Asimismo, la medida prev\u00e9 que la compa\u00f1\u00eda siga volando con destino\u00a0a Trelew, Comodoro Rivadavia, R\u00edo Gallegos, R\u00edo Grande, Ushuaia, Rosario, Bah\u00eda Blanca, Viedma, R\u00edo Gallegos, Puerto Iguaz\u00fa, Posadas, Buenos Aires, y San Fernando del Valle de Catamarca, entre otros lugares.<\/p>\n<p>Adem\u00e1s, entre las normativas publicadas hoy, Transporte prorrog\u00f3 a partir del 5 de febrero de 2019 y por el t\u00e9rmino de quince a\u00f1os la concesi\u00f3n otorgada a la empresa <strong>Austral L\u00edneas A\u00e9reas &#8211; Cielos del Sur Sociedad An\u00f3nima, <\/strong>para que contin\u00faa realizando vuelos a Buenos Aires, La Rioja, San Fernando del Valle de Catamarca, San Luis y San Juan.\u00a0<\/p>\n<p>&#8220;De acuerdo con lo dispuesto por el Art\u00edculo 103 de la Ley N\u00b0 17.285 (C\u00f3digo Aeron\u00e1utico), las concesiones pueden ser prorrogadas por lapsos no mayores a 15 a\u00f1os si subsistiesen las razones de inter\u00e9s p\u00fablico que motivaron su otorgamiento, indic\u00e1ndose asimismo que la solicitud en tal sentido deber\u00e1 ser presentada con una anticipaci\u00f3n no menor a un a\u00f1o antes del vencimiento de la concesi\u00f3n en vigor&#8221;, explica el texto oficial.<br \/>\n\u00a0<\/p>\n<\/div>\n<\/div>\n<p>Fuente: https:\/\/www.elintransigente.com\/politica\/2018\/12\/19\/prorrogan-por-15-anos-las-concesiones-de-rutas-aereas-aerolineas-austral-530513.html<\/p>\n","protected":false},"excerpt":{"rendered":"<p>El Gobierno Nacional autoriz\u00f3 la pr\u00f3rroga\u00a0por quince a\u00f1os las concesiones para volar determinadas rutas en el pa\u00eds a las empresas estatales Aerol\u00edneas Argentinas y Austral. La medida fue oficializada este mi\u00e9rcoles en el Bolet\u00edn Oficial, a trav\u00e9s de las resoluciones 1102 y 1103 del Ministerio de Transporte. De esta manera, la cartera que dirige Guillermo [&hellip;]<\/p>\n","protected":false},"author":1,"featured_media":20904,"comment_status":"open","ping_status":"closed","sticky":false,"template":"","format":"standard","meta":{"footnotes":""},"categories":[1],"tags":[],"class_list":{"0":"post-20903","1":"post","2":"type-post","3":"status-publish","4":"format-standard","5":"has-post-thumbnail","7":"category-portada"},"yoast_head":"<!-- This site is optimized with the Yoast SEO plugin v27.4 - https:\/\/yoast.com\/product\/yoast-seo-wordpress\/ -->\n<title>Prorrogan por 15 a\u00f1os las concesiones de rutas a\u00e9reas a Aerol\u00edneas y Austral - El Diario de Tucuman<\/title>\n<meta name=\"robots\" content=\"index, follow, max-snippet:-1, max-image-preview:large, max-video-preview:-1\" \/>\n<link rel=\"canonical\" href=\"https:\/\/www.eldiariodetucuman.com\/web\/prorrogan-por-15-anos-las-concesiones-de-rutas-aereas-a-aerolineas-y-austral\/\" \/>\n<meta property=\"og:locale\" content=\"es_ES\" \/>\n<meta property=\"og:type\" content=\"article\" \/>\n<meta property=\"og:title\" content=\"Prorrogan por 15 a\u00f1os las concesiones de rutas a\u00e9reas a Aerol\u00edneas y Austral - El Diario de Tucuman\" \/>\n<meta property=\"og:description\" content=\"El Gobierno Nacional autoriz\u00f3 la pr\u00f3rroga\u00a0por quince a\u00f1os las concesiones para volar determinadas rutas en el pa\u00eds a las empresas estatales Aerol\u00edneas Argentinas y Austral. La medida fue oficializada este mi\u00e9rcoles en el Bolet\u00edn Oficial, a trav\u00e9s de las resoluciones 1102 y 1103 del Ministerio de Transporte. De esta manera, la cartera que dirige Guillermo [&hellip;]\" \/>\n<meta property=\"og:url\" content=\"https:\/\/www.eldiariodetucuman.com\/web\/prorrogan-por-15-anos-las-concesiones-de-rutas-aereas-a-aerolineas-y-austral\/\" \/>\n<meta property=\"og:site_name\" content=\"El Diario de Tucuman\" \/>\n<meta property=\"article:published_time\" content=\"2018-12-19T14:41:59+00:00\" \/>\n<meta property=\"article:modified_time\" content=\"2018-12-19T14:42:01+00:00\" \/>\n<meta property=\"og:image\" content=\"https:\/\/www.eldiariodetucuman.com\/web\/wp-content\/uploads\/2018\/12\/7cbee1bdfa6eb02a237cca3482ccce20.jpeg\" \/>\n\t<meta property=\"og:image:width\" content=\"960\" \/>\n\t<meta property=\"og:image:height\" content=\"635\" \/>\n\t<meta property=\"og:image:type\" content=\"image\/jpeg\" \/>\n<meta name=\"author\" content=\"admin\" \/>\n<meta name=\"twitter:card\" content=\"summary_large_image\" \/>\n<meta name=\"twitter:label1\" content=\"Escrito por\" \/>\n\t<meta name=\"twitter:data1\" content=\"admin\" \/>\n\t<meta name=\"twitter:label2\" content=\"Tiempo de lectura\" \/>\n\t<meta name=\"twitter:data2\" content=\"2 minutos\" \/>\n<script type=\"application\/ld+json\" class=\"yoast-schema-graph\">{\"@context\":\"https:\\\/\\\/schema.org\",\"@graph\":[{\"@type\":\"Article\",\"@id\":\"https:\\\/\\\/www.eldiariodetucuman.com\\\/web\\\/prorrogan-por-15-anos-las-concesiones-de-rutas-aereas-a-aerolineas-y-austral\\\/#article\",\"isPartOf\":{\"@id\":\"https:\\\/\\\/www.eldiariodetucuman.com\\\/web\\\/prorrogan-por-15-anos-las-concesiones-de-rutas-aereas-a-aerolineas-y-austral\\\/\"},\"author\":{\"name\":\"admin\",\"@id\":\"https:\\\/\\\/www.eldiariodetucuman.com\\\/web\\\/#\\\/schema\\\/person\\\/9250197d75ab5483412e19678b121caa\"},\"headline\":\"Prorrogan por 15 a\u00f1os las concesiones de rutas a\u00e9reas a Aerol\u00edneas y Austral\",\"datePublished\":\"2018-12-19T14:41:59+00:00\",\"dateModified\":\"2018-12-19T14:42:01+00:00\",\"mainEntityOfPage\":{\"@id\":\"https:\\\/\\\/www.eldiariodetucuman.com\\\/web\\\/prorrogan-por-15-anos-las-concesiones-de-rutas-aereas-a-aerolineas-y-austral\\\/\"},\"wordCount\":355,\"commentCount\":0,\"publisher\":{\"@id\":\"https:\\\/\\\/www.eldiariodetucuman.com\\\/web\\\/#organization\"},\"image\":{\"@id\":\"https:\\\/\\\/www.eldiariodetucuman.com\\\/web\\\/prorrogan-por-15-anos-las-concesiones-de-rutas-aereas-a-aerolineas-y-austral\\\/#primaryimage\"},\"thumbnailUrl\":\"https:\\\/\\\/www.eldiariodetucuman.com\\\/web\\\/wp-content\\\/uploads\\\/2018\\\/12\\\/7cbee1bdfa6eb02a237cca3482ccce20.jpeg\",\"articleSection\":[\"Portada\"],\"inLanguage\":\"es\",\"potentialAction\":[{\"@type\":\"CommentAction\",\"name\":\"Comment\",\"target\":[\"https:\\\/\\\/www.eldiariodetucuman.com\\\/web\\\/prorrogan-por-15-anos-las-concesiones-de-rutas-aereas-a-aerolineas-y-austral\\\/#respond\"]}]},{\"@type\":\"WebPage\",\"@id\":\"https:\\\/\\\/www.eldiariodetucuman.com\\\/web\\\/prorrogan-por-15-anos-las-concesiones-de-rutas-aereas-a-aerolineas-y-austral\\\/\",\"url\":\"https:\\\/\\\/www.eldiariodetucuman.com\\\/web\\\/prorrogan-por-15-anos-las-concesiones-de-rutas-aereas-a-aerolineas-y-austral\\\/\",\"name\":\"Prorrogan por 15 a\u00f1os las concesiones de rutas a\u00e9reas a Aerol\u00edneas y Austral - El Diario de Tucuman\",\"isPartOf\":{\"@id\":\"https:\\\/\\\/www.eldiariodetucuman.com\\\/web\\\/#website\"},\"primaryImageOfPage\":{\"@id\":\"https:\\\/\\\/www.eldiariodetucuman.com\\\/web\\\/prorrogan-por-15-anos-las-concesiones-de-rutas-aereas-a-aerolineas-y-austral\\\/#primaryimage\"},\"image\":{\"@id\":\"https:\\\/\\\/www.eldiariodetucuman.com\\\/web\\\/prorrogan-por-15-anos-las-concesiones-de-rutas-aereas-a-aerolineas-y-austral\\\/#primaryimage\"},\"thumbnailUrl\":\"https:\\\/\\\/www.eldiariodetucuman.com\\\/web\\\/wp-content\\\/uploads\\\/2018\\\/12\\\/7cbee1bdfa6eb02a237cca3482ccce20.jpeg\",\"datePublished\":\"2018-12-19T14:41:59+00:00\",\"dateModified\":\"2018-12-19T14:42:01+00:00\",\"breadcrumb\":{\"@id\":\"https:\\\/\\\/www.eldiariodetucuman.com\\\/web\\\/prorrogan-por-15-anos-las-concesiones-de-rutas-aereas-a-aerolineas-y-austral\\\/#breadcrumb\"},\"inLanguage\":\"es\",\"potentialAction\":[{\"@type\":\"ReadAction\",\"target\":[\"https:\\\/\\\/www.eldiariodetucuman.com\\\/web\\\/prorrogan-por-15-anos-las-concesiones-de-rutas-aereas-a-aerolineas-y-austral\\\/\"]}]},{\"@type\":\"ImageObject\",\"inLanguage\":\"es\",\"@id\":\"https:\\\/\\\/www.eldiariodetucuman.com\\\/web\\\/prorrogan-por-15-anos-las-concesiones-de-rutas-aereas-a-aerolineas-y-austral\\\/#primaryimage\",\"url\":\"https:\\\/\\\/www.eldiariodetucuman.com\\\/web\\\/wp-content\\\/uploads\\\/2018\\\/12\\\/7cbee1bdfa6eb02a237cca3482ccce20.jpeg\",\"contentUrl\":\"https:\\\/\\\/www.eldiariodetucuman.com\\\/web\\\/wp-content\\\/uploads\\\/2018\\\/12\\\/7cbee1bdfa6eb02a237cca3482ccce20.jpeg\",\"width\":960,\"height\":635},{\"@type\":\"BreadcrumbList\",\"@id\":\"https:\\\/\\\/www.eldiariodetucuman.com\\\/web\\\/prorrogan-por-15-anos-las-concesiones-de-rutas-aereas-a-aerolineas-y-austral\\\/#breadcrumb\",\"itemListElement\":[{\"@type\":\"ListItem\",\"position\":1,\"name\":\"Portada\",\"item\":\"https:\\\/\\\/www.eldiariodetucuman.com\\\/web\\\/\"},{\"@type\":\"ListItem\",\"position\":2,\"name\":\"Prorrogan por 15 a\u00f1os las concesiones de rutas a\u00e9reas a Aerol\u00edneas y Austral\"}]},{\"@type\":\"WebSite\",\"@id\":\"https:\\\/\\\/www.eldiariodetucuman.com\\\/web\\\/#website\",\"url\":\"https:\\\/\\\/www.eldiariodetucuman.com\\\/web\\\/\",\"name\":\"El Diario de Tucuman\",\"description\":\"Diario Tucuman - Informaci\u00f3n y noticias\",\"publisher\":{\"@id\":\"https:\\\/\\\/www.eldiariodetucuman.com\\\/web\\\/#organization\"},\"potentialAction\":[{\"@type\":\"SearchAction\",\"target\":{\"@type\":\"EntryPoint\",\"urlTemplate\":\"https:\\\/\\\/www.eldiariodetucuman.com\\\/web\\\/?s={search_term_string}\"},\"query-input\":{\"@type\":\"PropertyValueSpecification\",\"valueRequired\":true,\"valueName\":\"search_term_string\"}}],\"inLanguage\":\"es\"},{\"@type\":\"Organization\",\"@id\":\"https:\\\/\\\/www.eldiariodetucuman.com\\\/web\\\/#organization\",\"name\":\"El Diario de Tucuman\",\"url\":\"https:\\\/\\\/www.eldiariodetucuman.com\\\/web\\\/\",\"logo\":{\"@type\":\"ImageObject\",\"inLanguage\":\"es\",\"@id\":\"https:\\\/\\\/www.eldiariodetucuman.com\\\/web\\\/#\\\/schema\\\/logo\\\/image\\\/\",\"url\":\"http:\\\/\\\/www.eldiariodetucuman.com\\\/web\\\/wp-content\\\/uploads\\\/2017\\\/12\\\/el-diario-de-tucuman.jpg\",\"contentUrl\":\"http:\\\/\\\/www.eldiariodetucuman.com\\\/web\\\/wp-content\\\/uploads\\\/2017\\\/12\\\/el-diario-de-tucuman.jpg\",\"width\":272,\"height\":92,\"caption\":\"El Diario de Tucuman\"},\"image\":{\"@id\":\"https:\\\/\\\/www.eldiariodetucuman.com\\\/web\\\/#\\\/schema\\\/logo\\\/image\\\/\"}},{\"@type\":\"Person\",\"@id\":\"https:\\\/\\\/www.eldiariodetucuman.com\\\/web\\\/#\\\/schema\\\/person\\\/9250197d75ab5483412e19678b121caa\",\"name\":\"admin\",\"image\":{\"@type\":\"ImageObject\",\"inLanguage\":\"es\",\"@id\":\"https:\\\/\\\/secure.gravatar.com\\\/avatar\\\/c44d117c2be811212c22cb481f6b8384b6873de103fbc49e7a03cc58d7dea4ac?s=96&d=mm&r=g\",\"url\":\"https:\\\/\\\/secure.gravatar.com\\\/avatar\\\/c44d117c2be811212c22cb481f6b8384b6873de103fbc49e7a03cc58d7dea4ac?s=96&d=mm&r=g\",\"contentUrl\":\"https:\\\/\\\/secure.gravatar.com\\\/avatar\\\/c44d117c2be811212c22cb481f6b8384b6873de103fbc49e7a03cc58d7dea4ac?s=96&d=mm&r=g\",\"caption\":\"admin\"},\"url\":\"https:\\\/\\\/www.eldiariodetucuman.com\\\/web\\\/author\\\/admin\\\/\"}]}<\/script>\n<!-- \/ Yoast SEO plugin. -->","yoast_head_json":{"title":"Prorrogan por 15 a\u00f1os las concesiones de rutas a\u00e9reas a Aerol\u00edneas y Austral - El Diario de Tucuman","robots":{"index":"index","follow":"follow","max-snippet":"max-snippet:-1","max-image-preview":"max-image-preview:large","max-video-preview":"max-video-preview:-1"},"canonical":"https:\/\/www.eldiariodetucuman.com\/web\/prorrogan-por-15-anos-las-concesiones-de-rutas-aereas-a-aerolineas-y-austral\/","og_locale":"es_ES","og_type":"article","og_title":"Prorrogan por 15 a\u00f1os las concesiones de rutas a\u00e9reas a Aerol\u00edneas y Austral - El Diario de Tucuman","og_description":"El Gobierno Nacional autoriz\u00f3 la pr\u00f3rroga\u00a0por quince a\u00f1os las concesiones para volar determinadas rutas en el pa\u00eds a las empresas estatales Aerol\u00edneas Argentinas y Austral. La medida fue oficializada este mi\u00e9rcoles en el Bolet\u00edn Oficial, a trav\u00e9s de las resoluciones 1102 y 1103 del Ministerio de Transporte. De esta manera, la cartera que dirige Guillermo [&hellip;]","og_url":"https:\/\/www.eldiariodetucuman.com\/web\/prorrogan-por-15-anos-las-concesiones-de-rutas-aereas-a-aerolineas-y-austral\/","og_site_name":"El Diario de Tucuman","article_published_time":"2018-12-19T14:41:59+00:00","article_modified_time":"2018-12-19T14:42:01+00:00","og_image":[{"width":960,"height":635,"url":"https:\/\/www.eldiariodetucuman.com\/web\/wp-content\/uploads\/2018\/12\/7cbee1bdfa6eb02a237cca3482ccce20.jpeg","type":"image\/jpeg"}],"author":"admin","twitter_card":"summary_large_image","twitter_misc":{"Escrito por":"admin","Tiempo de lectura":"2 minutos"},"schema":{"@context":"https:\/\/schema.org","@graph":[{"@type":"Article","@id":"https:\/\/www.eldiariodetucuman.com\/web\/prorrogan-por-15-anos-las-concesiones-de-rutas-aereas-a-aerolineas-y-austral\/#article","isPartOf":{"@id":"https:\/\/www.eldiariodetucuman.com\/web\/prorrogan-por-15-anos-las-concesiones-de-rutas-aereas-a-aerolineas-y-austral\/"},"author":{"name":"admin","@id":"https:\/\/www.eldiariodetucuman.com\/web\/#\/schema\/person\/9250197d75ab5483412e19678b121caa"},"headline":"Prorrogan por 15 a\u00f1os las concesiones de rutas a\u00e9reas a Aerol\u00edneas y Austral","datePublished":"2018-12-19T14:41:59+00:00","dateModified":"2018-12-19T14:42:01+00:00","mainEntityOfPage":{"@id":"https:\/\/www.eldiariodetucuman.com\/web\/prorrogan-por-15-anos-las-concesiones-de-rutas-aereas-a-aerolineas-y-austral\/"},"wordCount":355,"commentCount":0,"publisher":{"@id":"https:\/\/www.eldiariodetucuman.com\/web\/#organization"},"image":{"@id":"https:\/\/www.eldiariodetucuman.com\/web\/prorrogan-por-15-anos-las-concesiones-de-rutas-aereas-a-aerolineas-y-austral\/#primaryimage"},"thumbnailUrl":"https:\/\/www.eldiariodetucuman.com\/web\/wp-content\/uploads\/2018\/12\/7cbee1bdfa6eb02a237cca3482ccce20.jpeg","articleSection":["Portada"],"inLanguage":"es","potentialAction":[{"@type":"CommentAction","name":"Comment","target":["https:\/\/www.eldiariodetucuman.com\/web\/prorrogan-por-15-anos-las-concesiones-de-rutas-aereas-a-aerolineas-y-austral\/#respond"]}]},{"@type":"WebPage","@id":"https:\/\/www.eldiariodetucuman.com\/web\/prorrogan-por-15-anos-las-concesiones-de-rutas-aereas-a-aerolineas-y-austral\/","url":"https:\/\/www.eldiariodetucuman.com\/web\/prorrogan-por-15-anos-las-concesiones-de-rutas-aereas-a-aerolineas-y-austral\/","name":"Prorrogan por 15 a\u00f1os las concesiones de rutas a\u00e9reas a Aerol\u00edneas y Austral - El Diario de Tucuman","isPartOf":{"@id":"https:\/\/www.eldiariodetucuman.com\/web\/#website"},"primaryImageOfPage":{"@id":"https:\/\/www.eldiariodetucuman.com\/web\/prorrogan-por-15-anos-las-concesiones-de-rutas-aereas-a-aerolineas-y-austral\/#primaryimage"},"image":{"@id":"https:\/\/www.eldiariodetucuman.com\/web\/prorrogan-por-15-anos-las-concesiones-de-rutas-aereas-a-aerolineas-y-austral\/#primaryimage"},"thumbnailUrl":"https:\/\/www.eldiariodetucuman.com\/web\/wp-content\/uploads\/2018\/12\/7cbee1bdfa6eb02a237cca3482ccce20.jpeg","datePublished":"2018-12-19T14:41:59+00:00","dateModified":"2018-12-19T14:42:01+00:00","breadcrumb":{"@id":"https:\/\/www.eldiariodetucuman.com\/web\/prorrogan-por-15-anos-las-concesiones-de-rutas-aereas-a-aerolineas-y-austral\/#breadcrumb"},"inLanguage":"es","potentialAction":[{"@type":"ReadAction","target":["https:\/\/www.eldiariodetucuman.com\/web\/prorrogan-por-15-anos-las-concesiones-de-rutas-aereas-a-aerolineas-y-austral\/"]}]},{"@type":"ImageObject","inLanguage":"es","@id":"https:\/\/www.eldiariodetucuman.com\/web\/prorrogan-por-15-anos-las-concesiones-de-rutas-aereas-a-aerolineas-y-austral\/#primaryimage","url":"https:\/\/www.eldiariodetucuman.com\/web\/wp-content\/uploads\/2018\/12\/7cbee1bdfa6eb02a237cca3482ccce20.jpeg","contentUrl":"https:\/\/www.eldiariodetucuman.com\/web\/wp-content\/uploads\/2018\/12\/7cbee1bdfa6eb02a237cca3482ccce20.jpeg","width":960,"height":635},{"@type":"BreadcrumbList","@id":"https:\/\/www.eldiariodetucuman.com\/web\/prorrogan-por-15-anos-las-concesiones-de-rutas-aereas-a-aerolineas-y-austral\/#breadcrumb","itemListElement":[{"@type":"ListItem","position":1,"name":"Portada","item":"https:\/\/www.eldiariodetucuman.com\/web\/"},{"@type":"ListItem","position":2,"name":"Prorrogan por 15 a\u00f1os las concesiones de rutas a\u00e9reas a Aerol\u00edneas y Austral"}]},{"@type":"WebSite","@id":"https:\/\/www.eldiariodetucuman.com\/web\/#website","url":"https:\/\/www.eldiariodetucuman.com\/web\/","name":"El Diario de Tucuman","description":"Diario Tucuman - Informaci\u00f3n y noticias","publisher":{"@id":"https:\/\/www.eldiariodetucuman.com\/web\/#organization"},"potentialAction":[{"@type":"SearchAction","target":{"@type":"EntryPoint","urlTemplate":"https:\/\/www.eldiariodetucuman.com\/web\/?s={search_term_string}"},"query-input":{"@type":"PropertyValueSpecification","valueRequired":true,"valueName":"search_term_string"}}],"inLanguage":"es"},{"@type":"Organization","@id":"https:\/\/www.eldiariodetucuman.com\/web\/#organization","name":"El Diario de Tucuman","url":"https:\/\/www.eldiariodetucuman.com\/web\/","logo":{"@type":"ImageObject","inLanguage":"es","@id":"https:\/\/www.eldiariodetucuman.com\/web\/#\/schema\/logo\/image\/","url":"http:\/\/www.eldiariodetucuman.com\/web\/wp-content\/uploads\/2017\/12\/el-diario-de-tucuman.jpg","contentUrl":"http:\/\/www.eldiariodetucuman.com\/web\/wp-content\/uploads\/2017\/12\/el-diario-de-tucuman.jpg","width":272,"height":92,"caption":"El Diario de Tucuman"},"image":{"@id":"https:\/\/www.eldiariodetucuman.com\/web\/#\/schema\/logo\/image\/"}},{"@type":"Person","@id":"https:\/\/www.eldiariodetucuman.com\/web\/#\/schema\/person\/9250197d75ab5483412e19678b121caa","name":"admin","image":{"@type":"ImageObject","inLanguage":"es","@id":"https:\/\/secure.gravatar.com\/avatar\/c44d117c2be811212c22cb481f6b8384b6873de103fbc49e7a03cc58d7dea4ac?s=96&d=mm&r=g","url":"https:\/\/secure.gravatar.com\/avatar\/c44d117c2be811212c22cb481f6b8384b6873de103fbc49e7a03cc58d7dea4ac?s=96&d=mm&r=g","contentUrl":"https:\/\/secure.gravatar.com\/avatar\/c44d117c2be811212c22cb481f6b8384b6873de103fbc49e7a03cc58d7dea4ac?s=96&d=mm&r=g","caption":"admin"},"url":"https:\/\/www.eldiariodetucuman.com\/web\/author\/admin\/"}]}},"_links":{"self":[{"href":"https:\/\/www.eldiariodetucuman.com\/web\/wp-json\/wp\/v2\/posts\/20903","targetHints":{"allow":["GET"]}}],"collection":[{"href":"https:\/\/www.eldiariodetucuman.com\/web\/wp-json\/wp\/v2\/posts"}],"about":[{"href":"https:\/\/www.eldiariodetucuman.com\/web\/wp-json\/wp\/v2\/types\/post"}],"author":[{"embeddable":true,"href":"https:\/\/www.eldiariodetucuman.com\/web\/wp-json\/wp\/v2\/users\/1"}],"replies":[{"embeddable":true,"href":"https:\/\/www.eldiariodetucuman.com\/web\/wp-json\/wp\/v2\/comments?post=20903"}],"version-history":[{"count":1,"href":"https:\/\/www.eldiariodetucuman.com\/web\/wp-json\/wp\/v2\/posts\/20903\/revisions"}],"predecessor-version":[{"id":20905,"href":"https:\/\/www.eldiariodetucuman.com\/web\/wp-json\/wp\/v2\/posts\/20903\/revisions\/20905"}],"wp:featuredmedia":[{"embeddable":true,"href":"https:\/\/www.eldiariodetucuman.com\/web\/wp-json\/wp\/v2\/media\/20904"}],"wp:attachment":[{"href":"https:\/\/www.eldiariodetucuman.com\/web\/wp-json\/wp\/v2\/media?parent=20903"}],"wp:term":[{"taxonomy":"category","embeddable":true,"href":"https:\/\/www.eldiariodetucuman.com\/web\/wp-json\/wp\/v2\/categories?post=20903"},{"taxonomy":"post_tag","embeddable":true,"href":"https:\/\/www.eldiariodetucuman.com\/web\/wp-json\/wp\/v2\/tags?post=20903"}],"curies":[{"name":"wp","href":"https:\/\/api.w.org\/{rel}","templated":true}]}}