{"id":20898,"date":"2018-12-19T08:22:28","date_gmt":"2018-12-19T11:22:28","guid":{"rendered":"http:\/\/www.eldiariodetucuman.com\/web\/?p=20898"},"modified":"2018-12-19T08:30:36","modified_gmt":"2018-12-19T11:30:36","slug":"tafi-del-valle-buscan-reglamentar-el-uso-de-cuatriciclos","status":"publish","type":"post","link":"https:\/\/www.eldiariodetucuman.com\/web\/tafi-del-valle-buscan-reglamentar-el-uso-de-cuatriciclos\/","title":{"rendered":"Taf\u00ed del Valle: con sanciones controlar\u00e1n el uso de cuatriciclos"},"content":{"rendered":"<header class=\"entry-header\">\n<p class=\"entry-title h1\">Es la misma historia que se repite casi todos los veranos en los Valles. A pesar de la prohibici\u00f3n de circular en cuatriciclos, cada tanto aparece alg\u00fan imprudente infractor.<\/p>\n<p><!--more--><\/p>\n<p class=\"entry-title h1\">Para esta temporada, la Municipalidad de Taf\u00ed del Valle pretende frenar este tipo de maniobras con la puesta en vigencia del Tribunal de Faltas Municipal. El intendente,\u00a0<strong>Manuel Yapura Astorga<\/strong>, envi\u00f3 al Concejo Deliberante el proyecto de ordenanza con el c\u00f3digo de faltas, que establece el tipo de infracciones en cada caso y las multas a pagar.<\/p>\n<\/header>\n<div class=\"entry-content herald-entry-content\">\n<p>\u201cHasta ahora si alguien comet\u00eda una infracci\u00f3n de Tr\u00e1nsito en Taf\u00ed del Valle no pasaba nada, porque no hab\u00eda un \u00f3rgano encargado de aplicar la sanci\u00f3n -explic\u00f3 Yapura Astorga-; pero ahora con el c\u00f3digo en la mano vamos a avanzar con las multas\u201d.<\/p>\n<p>Esta semana, los concejales tafinistos volver\u00e1n a sesionar para completar el tr\u00e1mite y comunicar la aprobaci\u00f3n de la ordenanza con el c\u00f3digo de faltas. \u201cLa idea es aplicar multas severas, porque esa es la \u00fanica manera de terminar con estas infracciones -remarc\u00f3 el jefe municipal-; estamos viendo con el asesor jur\u00eddico cu\u00e1l ser\u00e1 el monto a pagar por quienes se pasean en cuatriciclos\u201d, afirm\u00f3.<\/p>\n<p><strong>Piruetas peligrosas<\/strong><\/p>\n<p>En la villa se sabe cu\u00e1les son los sectores por los que proliferan los \u201ccuatris\u201d. En las calles adyacentes al Club de Veraneantes, en especial las que llevan a la terminal, los aceleradores suelen funcionar a fondo. Tambi\u00e9n El Churqui es campo f\u00e9rtil para las maniobras arriesgadas, aunque la pavimentaci\u00f3n de algunas calles \u201ccorri\u00f3\u201d a los pilotos.<\/p>\n<p>Est\u00e1 comprobado que las piruetas a bordo de los \u201ccuatris\u201d son una invitaci\u00f3n al peligro. Las muertes por accidentes en cuatriciclos se suceden en la mayor\u00eda de los sitios de veraneo como el caso de Taf\u00ed del Valle, pero muy en especial a lo largo de la Costa Atl\u00e1ntica.<\/p>\n<p>\u201cEn Taf\u00ed del Valle est\u00e1n prohibidos los cuatriciclos\u201d, dijo Yapura Astorga. Sin embargo, hay quienes se animan a circular en distintos horarios y con menores a bordo. Con el flamante c\u00f3digo de faltas, el municipio buscar\u00e1 aplicar las sanciones como una manera de contrarrestar a los conductores de este tipo de veh\u00edculos. La concejala\u00a0<strong>Beatriz Centeno<\/strong>, presidenta del Concejo Deliberante, asegur\u00f3 que la propuesta del Departamento Ejecutivo tendr\u00e1 el aval del cuerpo.<\/p>\n<p>Luego de la comunicaci\u00f3n oficial, el intendente deber\u00e1 designar al juez de faltas a cargo del \u00f3rgano de contralor.<\/p>\n<p>\u201cEl Tribunal de Faltas estar\u00e1 a cargo de un juez unipersonal -explic\u00f3\u00a0<strong>Sergio Yapura Astorga<\/strong>, director de Asuntos Jur\u00eddicos del municipio-, pero faltaba el c\u00f3digo (en manos del Concejo Deliberante) y luego el intendente elegir\u00e1 al juez unipersonal\u201d, remarc\u00f3.<\/p>\n<p><strong>\u201cNo se puede usar en la v\u00eda p\u00fablica\u201d<\/strong><\/p>\n<p><img loading=\"lazy\" decoding=\"async\" class=\"wp-image-76742\" src=\"http:\/\/www.losprimeros.tv\/wp-content\/uploads\/2018\/12\/cuatriciclo.jpg\" sizes=\"auto, (max-width: 432px) 100vw, 432px\" srcset=\"http:\/\/www.losprimeros.tv\/wp-content\/uploads\/2018\/12\/cuatriciclo.jpg 1500w, http:\/\/www.losprimeros.tv\/wp-content\/uploads\/2018\/12\/cuatriciclo-300x230.jpg 300w, http:\/\/www.losprimeros.tv\/wp-content\/uploads\/2018\/12\/cuatriciclo-768x589.jpg 768w, http:\/\/www.losprimeros.tv\/wp-content\/uploads\/2018\/12\/cuatriciclo-1024x786.jpg 1024w, http:\/\/www.losprimeros.tv\/wp-content\/uploads\/2018\/12\/cuatriciclo-990x760.jpg 990w, http:\/\/www.losprimeros.tv\/wp-content\/uploads\/2018\/12\/cuatriciclo-1320x1013.jpg 1320w\" alt=\"\" width=\"432\" height=\"332\" \/>\u201cEs un veh\u00edculo que no se puede utilizar en la v\u00eda p\u00fablica, sino en \u00e1mbito m\u00e1s reducido. No tiene existencia jur\u00eddica en el espacio p\u00fablico -dijo el abogado\u00a0<strong>Jorge Rodr\u00edguez Robledo<\/strong>-; el cuatriciclo fue pensado para moverse en un \u00e1mbito privado, por ejemplo, para recorrer una finca o propiedades de grandes dimensiones\u201d, precis\u00f3.<\/p>\n<p>El experto en leyes de tr\u00e1nsito explic\u00f3 que este tipo de veh\u00edculos no cuenta con las medidas de seguridad necesarias. \u201cNo tiene espejo retrovisor, no tiene gui\u00f1os, las personas que lo utilizan no llevan casco protector; los padres no toman conciencia de que el cuatriciclo es un arma para el chico\u201d, advirti\u00f3.<\/p>\n<p>Rodr\u00edguez Robledo insisti\u00f3 en que, al detectar este tipo de unidad en la v\u00eda p\u00fablica, la autoridad de control debe retener el cuatriciclo, de manera inmediata, sin m\u00e1s tr\u00e1mite, en el corral\u00f3n correspondiente, porque es un veh\u00edculo prohibido por la ley 24.449 modificada por la 26.373 (Ley Nacional de Tr\u00e1nsito). \u201cNo hace falta ninguna ordenanza municipal, porque para eso est\u00e1 la ley madre\u201d, remarc\u00f3<\/p>\n<p>El letrado record\u00f3 que hasta hace poco tiempo, la Polic\u00eda de Tucum\u00e1n implement\u00f3 los cuatriciclos para que los efectivos pudieran recorrer el parque 9 de Julio. \u201cDespu\u00e9s se terminaron dando cuenta de que no se puede circular en esos veh\u00edculos que no est\u00e1n habilitados por ley. Estaban yendo contra los principios generales del derecho y, por eso, despu\u00e9s los sacaron de circulaci\u00f3n\u201d, destac\u00f3.<\/p>\n<p><strong>El cuatriciclo no tiene una placa de dominio; al no tener identificaci\u00f3n no puede ser expuesto en la v\u00eda p\u00fablica.<\/strong>\u201cCuando compr\u00e1s un cuatriciclo, lo que ten\u00e9s es una factura de compra -explic\u00f3 Rodr\u00edguez Robledo-, despu\u00e9s no hay otro papel, porque no es un rodado que se inscriba en ning\u00fan lugar. Eso es un problema, porque cuando ocurre un accidente el propietario no asume su responsabilidad legal\u201d.<\/p>\n<p><strong>C\u00f3mo y d\u00f3nde usar este tipo de veh\u00edculos<\/strong><\/p>\n<p>Los expertos en mec\u00e1nica aseguran que un cuatriciclo no es un veh\u00edculo pensado para desarrollar altas velocidades. Sin embargo, advierten que la potencia del motor depende de la fuerza del veh\u00edculo. \u201cNo es lo mismo un m\u00e9dano que una serran\u00eda o la ruta y en ese caso, los cuatriciclo no se los puede usar en la v\u00eda p\u00fablica y est\u00e1n concebidos para el entretenimiento, lugares de terreno dificultosos, zonas con caminos complicados o deportes\u201d, explic\u00f3\u00a0<strong>Claudio Salinas<\/strong>, un mec\u00e1nico de motos y cuatriciclos.<\/p>\n<p>\u201cEn ning\u00fan momento se producen este tipo de veh\u00edculos para desarrollar velocidad, sino para tener la mayor prestaci\u00f3n de fuerza, arrastre o \u201ctorque\u201d (Momento de una fuerza) con el mejor par de peso-potencia y sobre todo la posibilidad de maniobra dado que son muy inestables y tienden a volcar en los giros exigidos\u201d, advirti\u00f3.<\/p>\n<p>Un motor de 250 cent\u00edmetros c\u00fabicos puede alcanzar entre 140 y 160 kil\u00f3metros por hora. \u201cLos motores tienen muy buena prestaci\u00f3n a muy altas revoluciones, por eso es mejor adquirir experiencia antes de conducir un cuatriciclo\u201d, resalt\u00f3.<\/p>\n<p><strong>\u00a0Tragedias que no se olvidan<\/strong><\/p>\n<p><strong>\u2013 24 de marzo de 2014.<\/strong><\/p>\n<p>San Pedro de Colalao qued\u00f3 conmocionada con una tragedia. Tres adolescentes, todas de 14 a\u00f1os, perdieron el control del rodado cuando pasaron por un lomo de burro y se estrellaron contra una pared. Muri\u00f3 Camila Pablete.<\/p>\n<p><strong>\u2013 28 de junio de 2009.<\/strong><\/p>\n<p>En Concepci\u00f3n, un tr\u00e1gico accidente fue protagonizado por dos jovencitas que circulaban en un cuatriciclo y chocaron contra un carro ca\u00f1ero. Muri\u00f3 Florencia Agustina Palavecino.<\/p>\n<p><strong>\u2013 11 de febrero de 2017.<\/strong><\/p>\n<p>Un cuatriciclo volc\u00f3 en la zona del dique La Angostura y hay dos heridos. Un hombre y una mujer sufrieron distintas heridas, pero ninguna de gravedad.<\/p>\n<p><strong>\u2013 22 de octubre de 2008.<\/strong><\/p>\n<p>Una joven de 22 a\u00f1os fue embestida por una camioneta cuando conduc\u00eda un cuatriciclos en Yerba Buena.<\/p>\n<p>Fuente\u00a0<a href=\"http:\/\/www.losprimeros.tv\/nota\/76741\/tafi-del-valle-buscan-frenar-sanciones-uso-cuatriciclos.html\">La Gaceta<\/a><\/p>\n<\/div>\n","protected":false},"excerpt":{"rendered":"<p>Es la misma historia que se repite casi todos los veranos en los Valles. A pesar de la prohibici\u00f3n de circular en cuatriciclos, cada tanto aparece alg\u00fan imprudente infractor.<\/p>\n","protected":false},"author":5,"featured_media":20899,"comment_status":"closed","ping_status":"open","sticky":false,"template":"","format":"standard","meta":{"footnotes":""},"categories":[2],"tags":[2310,2311,234,61],"class_list":{"0":"post-20898","1":"post","2":"type-post","3":"status-publish","4":"format-standard","5":"has-post-thumbnail","7":"category-actualidad","8":"tag-cuatriciclos","9":"tag-sancion","10":"tag-tafi-del-valle","11":"tag-tucuman"},"yoast_head":"<!-- This site is optimized with the Yoast SEO plugin v27.4 - https:\/\/yoast.com\/product\/yoast-seo-wordpress\/ -->\n<title>Taf\u00ed del Valle: con sanciones controlar\u00e1n el uso de cuatriciclos - El Diario de Tucuman<\/title>\n<meta name=\"robots\" content=\"index, follow, max-snippet:-1, max-image-preview:large, max-video-preview:-1\" \/>\n<link rel=\"canonical\" href=\"https:\/\/www.eldiariodetucuman.com\/web\/tafi-del-valle-buscan-reglamentar-el-uso-de-cuatriciclos\/\" \/>\n<meta property=\"og:locale\" content=\"es_ES\" \/>\n<meta property=\"og:type\" content=\"article\" \/>\n<meta property=\"og:title\" content=\"Taf\u00ed del Valle: con sanciones controlar\u00e1n el uso de cuatriciclos - El Diario de Tucuman\" \/>\n<meta property=\"og:description\" content=\"Es la misma historia que se repite casi todos los veranos en los Valles. A pesar de la prohibici\u00f3n de circular en cuatriciclos, cada tanto aparece alg\u00fan imprudente infractor.\" \/>\n<meta property=\"og:url\" content=\"https:\/\/www.eldiariodetucuman.com\/web\/tafi-del-valle-buscan-reglamentar-el-uso-de-cuatriciclos\/\" \/>\n<meta property=\"og:site_name\" content=\"El Diario de Tucuman\" \/>\n<meta property=\"article:published_time\" content=\"2018-12-19T11:22:28+00:00\" \/>\n<meta property=\"article:modified_time\" content=\"2018-12-19T11:30:36+00:00\" \/>\n<meta property=\"og:image\" content=\"https:\/\/www.eldiariodetucuman.com\/web\/wp-content\/uploads\/2018\/12\/cuatriciclos.jpg\" \/>\n\t<meta property=\"og:image:width\" content=\"641\" \/>\n\t<meta property=\"og:image:height\" content=\"363\" \/>\n\t<meta property=\"og:image:type\" content=\"image\/jpeg\" \/>\n<meta name=\"author\" content=\"Redactor Uno\" \/>\n<meta name=\"twitter:card\" content=\"summary_large_image\" \/>\n<meta name=\"twitter:label1\" content=\"Escrito por\" \/>\n\t<meta name=\"twitter:data1\" content=\"Redactor Uno\" \/>\n\t<meta name=\"twitter:label2\" content=\"Tiempo de lectura\" \/>\n\t<meta name=\"twitter:data2\" content=\"6 minutos\" \/>\n<script type=\"application\/ld+json\" class=\"yoast-schema-graph\">{\"@context\":\"https:\\\/\\\/schema.org\",\"@graph\":[{\"@type\":\"Article\",\"@id\":\"https:\\\/\\\/www.eldiariodetucuman.com\\\/web\\\/tafi-del-valle-buscan-reglamentar-el-uso-de-cuatriciclos\\\/#article\",\"isPartOf\":{\"@id\":\"https:\\\/\\\/www.eldiariodetucuman.com\\\/web\\\/tafi-del-valle-buscan-reglamentar-el-uso-de-cuatriciclos\\\/\"},\"author\":{\"name\":\"Redactor Uno\",\"@id\":\"https:\\\/\\\/www.eldiariodetucuman.com\\\/web\\\/#\\\/schema\\\/person\\\/7e6644a46e60888f6b868594407e08dd\"},\"headline\":\"Taf\u00ed del Valle: con sanciones controlar\u00e1n el uso de cuatriciclos\",\"datePublished\":\"2018-12-19T11:22:28+00:00\",\"dateModified\":\"2018-12-19T11:30:36+00:00\",\"mainEntityOfPage\":{\"@id\":\"https:\\\/\\\/www.eldiariodetucuman.com\\\/web\\\/tafi-del-valle-buscan-reglamentar-el-uso-de-cuatriciclos\\\/\"},\"wordCount\":1135,\"publisher\":{\"@id\":\"https:\\\/\\\/www.eldiariodetucuman.com\\\/web\\\/#organization\"},\"image\":{\"@id\":\"https:\\\/\\\/www.eldiariodetucuman.com\\\/web\\\/tafi-del-valle-buscan-reglamentar-el-uso-de-cuatriciclos\\\/#primaryimage\"},\"thumbnailUrl\":\"https:\\\/\\\/www.eldiariodetucuman.com\\\/web\\\/wp-content\\\/uploads\\\/2018\\\/12\\\/cuatriciclos.jpg\",\"keywords\":[\"cuatriciclos\",\"sancion\",\"tafi del valle\",\"Tucuman\"],\"articleSection\":[\"Actualidad\"],\"inLanguage\":\"es\"},{\"@type\":\"WebPage\",\"@id\":\"https:\\\/\\\/www.eldiariodetucuman.com\\\/web\\\/tafi-del-valle-buscan-reglamentar-el-uso-de-cuatriciclos\\\/\",\"url\":\"https:\\\/\\\/www.eldiariodetucuman.com\\\/web\\\/tafi-del-valle-buscan-reglamentar-el-uso-de-cuatriciclos\\\/\",\"name\":\"Taf\u00ed del Valle: con sanciones controlar\u00e1n el uso de cuatriciclos - El Diario de Tucuman\",\"isPartOf\":{\"@id\":\"https:\\\/\\\/www.eldiariodetucuman.com\\\/web\\\/#website\"},\"primaryImageOfPage\":{\"@id\":\"https:\\\/\\\/www.eldiariodetucuman.com\\\/web\\\/tafi-del-valle-buscan-reglamentar-el-uso-de-cuatriciclos\\\/#primaryimage\"},\"image\":{\"@id\":\"https:\\\/\\\/www.eldiariodetucuman.com\\\/web\\\/tafi-del-valle-buscan-reglamentar-el-uso-de-cuatriciclos\\\/#primaryimage\"},\"thumbnailUrl\":\"https:\\\/\\\/www.eldiariodetucuman.com\\\/web\\\/wp-content\\\/uploads\\\/2018\\\/12\\\/cuatriciclos.jpg\",\"datePublished\":\"2018-12-19T11:22:28+00:00\",\"dateModified\":\"2018-12-19T11:30:36+00:00\",\"breadcrumb\":{\"@id\":\"https:\\\/\\\/www.eldiariodetucuman.com\\\/web\\\/tafi-del-valle-buscan-reglamentar-el-uso-de-cuatriciclos\\\/#breadcrumb\"},\"inLanguage\":\"es\",\"potentialAction\":[{\"@type\":\"ReadAction\",\"target\":[\"https:\\\/\\\/www.eldiariodetucuman.com\\\/web\\\/tafi-del-valle-buscan-reglamentar-el-uso-de-cuatriciclos\\\/\"]}]},{\"@type\":\"ImageObject\",\"inLanguage\":\"es\",\"@id\":\"https:\\\/\\\/www.eldiariodetucuman.com\\\/web\\\/tafi-del-valle-buscan-reglamentar-el-uso-de-cuatriciclos\\\/#primaryimage\",\"url\":\"https:\\\/\\\/www.eldiariodetucuman.com\\\/web\\\/wp-content\\\/uploads\\\/2018\\\/12\\\/cuatriciclos.jpg\",\"contentUrl\":\"https:\\\/\\\/www.eldiariodetucuman.com\\\/web\\\/wp-content\\\/uploads\\\/2018\\\/12\\\/cuatriciclos.jpg\",\"width\":641,\"height\":363},{\"@type\":\"BreadcrumbList\",\"@id\":\"https:\\\/\\\/www.eldiariodetucuman.com\\\/web\\\/tafi-del-valle-buscan-reglamentar-el-uso-de-cuatriciclos\\\/#breadcrumb\",\"itemListElement\":[{\"@type\":\"ListItem\",\"position\":1,\"name\":\"Portada\",\"item\":\"https:\\\/\\\/www.eldiariodetucuman.com\\\/web\\\/\"},{\"@type\":\"ListItem\",\"position\":2,\"name\":\"Taf\u00ed del Valle: con sanciones controlar\u00e1n el uso de cuatriciclos\"}]},{\"@type\":\"WebSite\",\"@id\":\"https:\\\/\\\/www.eldiariodetucuman.com\\\/web\\\/#website\",\"url\":\"https:\\\/\\\/www.eldiariodetucuman.com\\\/web\\\/\",\"name\":\"El Diario de Tucuman\",\"description\":\"Diario Tucuman - Informaci\u00f3n y noticias\",\"publisher\":{\"@id\":\"https:\\\/\\\/www.eldiariodetucuman.com\\\/web\\\/#organization\"},\"potentialAction\":[{\"@type\":\"SearchAction\",\"target\":{\"@type\":\"EntryPoint\",\"urlTemplate\":\"https:\\\/\\\/www.eldiariodetucuman.com\\\/web\\\/?s={search_term_string}\"},\"query-input\":{\"@type\":\"PropertyValueSpecification\",\"valueRequired\":true,\"valueName\":\"search_term_string\"}}],\"inLanguage\":\"es\"},{\"@type\":\"Organization\",\"@id\":\"https:\\\/\\\/www.eldiariodetucuman.com\\\/web\\\/#organization\",\"name\":\"El Diario de Tucuman\",\"url\":\"https:\\\/\\\/www.eldiariodetucuman.com\\\/web\\\/\",\"logo\":{\"@type\":\"ImageObject\",\"inLanguage\":\"es\",\"@id\":\"https:\\\/\\\/www.eldiariodetucuman.com\\\/web\\\/#\\\/schema\\\/logo\\\/image\\\/\",\"url\":\"http:\\\/\\\/www.eldiariodetucuman.com\\\/web\\\/wp-content\\\/uploads\\\/2017\\\/12\\\/el-diario-de-tucuman.jpg\",\"contentUrl\":\"http:\\\/\\\/www.eldiariodetucuman.com\\\/web\\\/wp-content\\\/uploads\\\/2017\\\/12\\\/el-diario-de-tucuman.jpg\",\"width\":272,\"height\":92,\"caption\":\"El Diario de Tucuman\"},\"image\":{\"@id\":\"https:\\\/\\\/www.eldiariodetucuman.com\\\/web\\\/#\\\/schema\\\/logo\\\/image\\\/\"}},{\"@type\":\"Person\",\"@id\":\"https:\\\/\\\/www.eldiariodetucuman.com\\\/web\\\/#\\\/schema\\\/person\\\/7e6644a46e60888f6b868594407e08dd\",\"name\":\"Redactor Uno\",\"image\":{\"@type\":\"ImageObject\",\"inLanguage\":\"es\",\"@id\":\"https:\\\/\\\/secure.gravatar.com\\\/avatar\\\/0049b1bdf1bd548385c9ea6b9356431717930913089febd2ba904f0187d7d074?s=96&d=mm&r=g\",\"url\":\"https:\\\/\\\/secure.gravatar.com\\\/avatar\\\/0049b1bdf1bd548385c9ea6b9356431717930913089febd2ba904f0187d7d074?s=96&d=mm&r=g\",\"contentUrl\":\"https:\\\/\\\/secure.gravatar.com\\\/avatar\\\/0049b1bdf1bd548385c9ea6b9356431717930913089febd2ba904f0187d7d074?s=96&d=mm&r=g\",\"caption\":\"Redactor Uno\"},\"url\":\"https:\\\/\\\/www.eldiariodetucuman.com\\\/web\\\/author\\\/mramasco\\\/\"}]}<\/script>\n<!-- \/ Yoast SEO plugin. -->","yoast_head_json":{"title":"Taf\u00ed del Valle: con sanciones controlar\u00e1n el uso de cuatriciclos - El Diario de Tucuman","robots":{"index":"index","follow":"follow","max-snippet":"max-snippet:-1","max-image-preview":"max-image-preview:large","max-video-preview":"max-video-preview:-1"},"canonical":"https:\/\/www.eldiariodetucuman.com\/web\/tafi-del-valle-buscan-reglamentar-el-uso-de-cuatriciclos\/","og_locale":"es_ES","og_type":"article","og_title":"Taf\u00ed del Valle: con sanciones controlar\u00e1n el uso de cuatriciclos - El Diario de Tucuman","og_description":"Es la misma historia que se repite casi todos los veranos en los Valles. A pesar de la prohibici\u00f3n de circular en cuatriciclos, cada tanto aparece alg\u00fan imprudente infractor.","og_url":"https:\/\/www.eldiariodetucuman.com\/web\/tafi-del-valle-buscan-reglamentar-el-uso-de-cuatriciclos\/","og_site_name":"El Diario de Tucuman","article_published_time":"2018-12-19T11:22:28+00:00","article_modified_time":"2018-12-19T11:30:36+00:00","og_image":[{"width":641,"height":363,"url":"https:\/\/www.eldiariodetucuman.com\/web\/wp-content\/uploads\/2018\/12\/cuatriciclos.jpg","type":"image\/jpeg"}],"author":"Redactor Uno","twitter_card":"summary_large_image","twitter_misc":{"Escrito por":"Redactor Uno","Tiempo de lectura":"6 minutos"},"schema":{"@context":"https:\/\/schema.org","@graph":[{"@type":"Article","@id":"https:\/\/www.eldiariodetucuman.com\/web\/tafi-del-valle-buscan-reglamentar-el-uso-de-cuatriciclos\/#article","isPartOf":{"@id":"https:\/\/www.eldiariodetucuman.com\/web\/tafi-del-valle-buscan-reglamentar-el-uso-de-cuatriciclos\/"},"author":{"name":"Redactor Uno","@id":"https:\/\/www.eldiariodetucuman.com\/web\/#\/schema\/person\/7e6644a46e60888f6b868594407e08dd"},"headline":"Taf\u00ed del Valle: con sanciones controlar\u00e1n el uso de cuatriciclos","datePublished":"2018-12-19T11:22:28+00:00","dateModified":"2018-12-19T11:30:36+00:00","mainEntityOfPage":{"@id":"https:\/\/www.eldiariodetucuman.com\/web\/tafi-del-valle-buscan-reglamentar-el-uso-de-cuatriciclos\/"},"wordCount":1135,"publisher":{"@id":"https:\/\/www.eldiariodetucuman.com\/web\/#organization"},"image":{"@id":"https:\/\/www.eldiariodetucuman.com\/web\/tafi-del-valle-buscan-reglamentar-el-uso-de-cuatriciclos\/#primaryimage"},"thumbnailUrl":"https:\/\/www.eldiariodetucuman.com\/web\/wp-content\/uploads\/2018\/12\/cuatriciclos.jpg","keywords":["cuatriciclos","sancion","tafi del valle","Tucuman"],"articleSection":["Actualidad"],"inLanguage":"es"},{"@type":"WebPage","@id":"https:\/\/www.eldiariodetucuman.com\/web\/tafi-del-valle-buscan-reglamentar-el-uso-de-cuatriciclos\/","url":"https:\/\/www.eldiariodetucuman.com\/web\/tafi-del-valle-buscan-reglamentar-el-uso-de-cuatriciclos\/","name":"Taf\u00ed del Valle: con sanciones controlar\u00e1n el uso de cuatriciclos - El Diario de Tucuman","isPartOf":{"@id":"https:\/\/www.eldiariodetucuman.com\/web\/#website"},"primaryImageOfPage":{"@id":"https:\/\/www.eldiariodetucuman.com\/web\/tafi-del-valle-buscan-reglamentar-el-uso-de-cuatriciclos\/#primaryimage"},"image":{"@id":"https:\/\/www.eldiariodetucuman.com\/web\/tafi-del-valle-buscan-reglamentar-el-uso-de-cuatriciclos\/#primaryimage"},"thumbnailUrl":"https:\/\/www.eldiariodetucuman.com\/web\/wp-content\/uploads\/2018\/12\/cuatriciclos.jpg","datePublished":"2018-12-19T11:22:28+00:00","dateModified":"2018-12-19T11:30:36+00:00","breadcrumb":{"@id":"https:\/\/www.eldiariodetucuman.com\/web\/tafi-del-valle-buscan-reglamentar-el-uso-de-cuatriciclos\/#breadcrumb"},"inLanguage":"es","potentialAction":[{"@type":"ReadAction","target":["https:\/\/www.eldiariodetucuman.com\/web\/tafi-del-valle-buscan-reglamentar-el-uso-de-cuatriciclos\/"]}]},{"@type":"ImageObject","inLanguage":"es","@id":"https:\/\/www.eldiariodetucuman.com\/web\/tafi-del-valle-buscan-reglamentar-el-uso-de-cuatriciclos\/#primaryimage","url":"https:\/\/www.eldiariodetucuman.com\/web\/wp-content\/uploads\/2018\/12\/cuatriciclos.jpg","contentUrl":"https:\/\/www.eldiariodetucuman.com\/web\/wp-content\/uploads\/2018\/12\/cuatriciclos.jpg","width":641,"height":363},{"@type":"BreadcrumbList","@id":"https:\/\/www.eldiariodetucuman.com\/web\/tafi-del-valle-buscan-reglamentar-el-uso-de-cuatriciclos\/#breadcrumb","itemListElement":[{"@type":"ListItem","position":1,"name":"Portada","item":"https:\/\/www.eldiariodetucuman.com\/web\/"},{"@type":"ListItem","position":2,"name":"Taf\u00ed del Valle: con sanciones controlar\u00e1n el uso de cuatriciclos"}]},{"@type":"WebSite","@id":"https:\/\/www.eldiariodetucuman.com\/web\/#website","url":"https:\/\/www.eldiariodetucuman.com\/web\/","name":"El Diario de Tucuman","description":"Diario Tucuman - Informaci\u00f3n y noticias","publisher":{"@id":"https:\/\/www.eldiariodetucuman.com\/web\/#organization"},"potentialAction":[{"@type":"SearchAction","target":{"@type":"EntryPoint","urlTemplate":"https:\/\/www.eldiariodetucuman.com\/web\/?s={search_term_string}"},"query-input":{"@type":"PropertyValueSpecification","valueRequired":true,"valueName":"search_term_string"}}],"inLanguage":"es"},{"@type":"Organization","@id":"https:\/\/www.eldiariodetucuman.com\/web\/#organization","name":"El Diario de Tucuman","url":"https:\/\/www.eldiariodetucuman.com\/web\/","logo":{"@type":"ImageObject","inLanguage":"es","@id":"https:\/\/www.eldiariodetucuman.com\/web\/#\/schema\/logo\/image\/","url":"http:\/\/www.eldiariodetucuman.com\/web\/wp-content\/uploads\/2017\/12\/el-diario-de-tucuman.jpg","contentUrl":"http:\/\/www.eldiariodetucuman.com\/web\/wp-content\/uploads\/2017\/12\/el-diario-de-tucuman.jpg","width":272,"height":92,"caption":"El Diario de Tucuman"},"image":{"@id":"https:\/\/www.eldiariodetucuman.com\/web\/#\/schema\/logo\/image\/"}},{"@type":"Person","@id":"https:\/\/www.eldiariodetucuman.com\/web\/#\/schema\/person\/7e6644a46e60888f6b868594407e08dd","name":"Redactor Uno","image":{"@type":"ImageObject","inLanguage":"es","@id":"https:\/\/secure.gravatar.com\/avatar\/0049b1bdf1bd548385c9ea6b9356431717930913089febd2ba904f0187d7d074?s=96&d=mm&r=g","url":"https:\/\/secure.gravatar.com\/avatar\/0049b1bdf1bd548385c9ea6b9356431717930913089febd2ba904f0187d7d074?s=96&d=mm&r=g","contentUrl":"https:\/\/secure.gravatar.com\/avatar\/0049b1bdf1bd548385c9ea6b9356431717930913089febd2ba904f0187d7d074?s=96&d=mm&r=g","caption":"Redactor Uno"},"url":"https:\/\/www.eldiariodetucuman.com\/web\/author\/mramasco\/"}]}},"_links":{"self":[{"href":"https:\/\/www.eldiariodetucuman.com\/web\/wp-json\/wp\/v2\/posts\/20898","targetHints":{"allow":["GET"]}}],"collection":[{"href":"https:\/\/www.eldiariodetucuman.com\/web\/wp-json\/wp\/v2\/posts"}],"about":[{"href":"https:\/\/www.eldiariodetucuman.com\/web\/wp-json\/wp\/v2\/types\/post"}],"author":[{"embeddable":true,"href":"https:\/\/www.eldiariodetucuman.com\/web\/wp-json\/wp\/v2\/users\/5"}],"replies":[{"embeddable":true,"href":"https:\/\/www.eldiariodetucuman.com\/web\/wp-json\/wp\/v2\/comments?post=20898"}],"version-history":[{"count":3,"href":"https:\/\/www.eldiariodetucuman.com\/web\/wp-json\/wp\/v2\/posts\/20898\/revisions"}],"predecessor-version":[{"id":20902,"href":"https:\/\/www.eldiariodetucuman.com\/web\/wp-json\/wp\/v2\/posts\/20898\/revisions\/20902"}],"wp:featuredmedia":[{"embeddable":true,"href":"https:\/\/www.eldiariodetucuman.com\/web\/wp-json\/wp\/v2\/media\/20899"}],"wp:attachment":[{"href":"https:\/\/www.eldiariodetucuman.com\/web\/wp-json\/wp\/v2\/media?parent=20898"}],"wp:term":[{"taxonomy":"category","embeddable":true,"href":"https:\/\/www.eldiariodetucuman.com\/web\/wp-json\/wp\/v2\/categories?post=20898"},{"taxonomy":"post_tag","embeddable":true,"href":"https:\/\/www.eldiariodetucuman.com\/web\/wp-json\/wp\/v2\/tags?post=20898"}],"curies":[{"name":"wp","href":"https:\/\/api.w.org\/{rel}","templated":true}]}}