{"id":20884,"date":"2018-12-19T08:03:36","date_gmt":"2018-12-19T11:03:36","guid":{"rendered":"http:\/\/www.eldiariodetucuman.com\/web\/?p=20884"},"modified":"2018-12-19T08:04:36","modified_gmt":"2018-12-19T11:04:36","slug":"alfredo-olmedo-el-unico-diputado-que-se-opuso-a-la-ley-micaela","status":"publish","type":"post","link":"https:\/\/www.eldiariodetucuman.com\/web\/alfredo-olmedo-el-unico-diputado-que-se-opuso-a-la-ley-micaela\/","title":{"rendered":"Alfredo Olmedo: el \u00fanico diputado que se opuso a la Ley Micaela"},"content":{"rendered":"<div id=\"f0JdY0JJsj4Rbr\" class=\"wrapper clearfix col-lg-12 pb-feature pb-layout-item pb-f-article-header col-md-12 col-sm-12 col-xs-12 no-align\">\n<div class=\"row\">La C\u00e1mara de Diputados aprob\u00f3 el proyecto que propone la creaci\u00f3n de un \u00abPrograma Nacional Permanente de Capacitaci\u00f3n Institucional en G\u00e9nero y Violencia contra las Mujeres\u00bb, luego de que el gobierno decidiera incluir la iniciativa en el temario de sesiones extraordinarias. Se prev\u00e9 que el Senado le dar\u00e1 su sanci\u00f3n definitiva este mi\u00e9rcoles.<\/div>\n<\/div>\n<p><!--more--><\/p>\n<div id=\"cPHn8G1Jsj4Rbr\" class=\"col-md-8 col-sm-12 col-xs-12 pb-layout-item pb-chain pb-c-list-chain left-align\">\n<div id=\"fABs8B1Jsj4Rbr\" class=\"wrapper clearfix full pb-feature pb-layout-item pb-f-article-body no-align\">\n<div id=\"article-body\" class=\"article-body article-body-elements\">\n<div id=\"article-content\">\n<div class=\"row pb-content-type-text\">\n<div class=\"col-xs-12 col-print-12\">\n<p class=\"element element-paragraph\">La norma, denominada Ley Micaela, se aprob\u00f3 con 171 votos a favor y uno en contra, el de Alfredo Olmedo, del espacio Salta Somos Todos. Hubo adem\u00e1s 84 ausentes.<\/p>\n<p class=\"element element-paragraph\"><strong>\u00abHe sido el \u00fanico diputado nacional que he votado en contra de la Ideolog\u00eda de G\u00e9nero, voy a seguir sosteniendo que Dios cre\u00f3 al hombre y a la Mujer\u00bb<\/strong>, explic\u00f3 el diputado en sus redes sociales.<\/p>\n<p class=\"element element-paragraph\">Esta semana Olmedo fue noticia tras haber logrado una foto junto al presidente de Brasil,<strong>\u00a0Jair Bolsonaro<\/strong>. El salte\u00f1o tom\u00f3 las principales banderas del mandatario\u00a0como pilares de su propia campa\u00f1a y tiene el objetivo de competir en las elecciones del pr\u00f3ximo a\u00f1o.<\/p>\n<p class=\"element element-paragraph\">\u00abConversamos sobre temas que me preocupan, como que el presidente Mauricio Macri dijo que va a tratar la ideolog\u00eda de g\u00e9nero, cosa en que tanto Bolsonaro como yo no estamos de acuerdo; nos pusimos de acuerdo en que la familia es la base de la sociedad, el orden a Dios y el respeto\u00bb, explic\u00f3 el legislador tras el breve encuentro con Bolsonaro.<\/p>\n<\/div>\n<\/div>\n<div class=\"row pb-content-type-image\">\n<figure class=\"element element-image col-xs-12\">\n<div class=\"single-image\">\n<div class=\"shares\">\n<div class=\"share-button facebook\" data-url=\"https:\/\/www.infobae.com\/politica\/2018\/12\/19\/alfredo-olmedo-el-unico-diputado-que-voto-en-contra-de-la-ley-micaela\/%23EVCZNA5HORCYVDUFVOJIBK7FNQ\" data-original=\"https:\/\/s3.amazonaws.com\/arc-wordpress-client-uploads\/infobae-wp\/wp-content\/uploads\/2018\/12\/17122812\/Olmedo-Bolsonaro-1920..jpg\"><\/div>\n<\/div>\n<p><img decoding=\"async\" id=\"EVCZNA5HORCYVDUFVOJIBK7FNQ\" class=\"image-lazy\" src=\"https:\/\/www.infobae.com\/new-resizer\/zh1x-HxDP2wUgT1zzu4PxBvaYMU=\/750x0\/filters:quality(100)\/s3.amazonaws.com\/arc-wordpress-client-uploads\/infobae-wp\/wp-content\/uploads\/2018\/12\/17122812\/Olmedo-Bolsonaro-1920..jpg\" alt=\"\" width=\"750\" height=\"422.32142857142856\" data-url=\"https:\/\/www.infobae.com\/politica\/2018\/12\/19\/alfredo-olmedo-el-unico-diputado-que-voto-en-contra-de-la-ley-micaela\/%23EVCZNA5HORCYVDUFVOJIBK7FNQ\" data-original=\"https:\/\/www.infobae.com\/new-resizer\/zh1x-HxDP2wUgT1zzu4PxBvaYMU=\/750x0\/filters:quality(100)\/s3.amazonaws.com\/arc-wordpress-client-uploads\/infobae-wp\/wp-content\/uploads\/2018\/12\/17122812\/Olmedo-Bolsonaro-1920..jpg\" \/><\/p>\n<\/div>\n<\/figure>\n<\/div>\n<div class=\"row pb-content-type-text\">\n<div class=\"col-xs-12 col-print-12\">\n<p class=\"element element-paragraph\"><strong>QU\u00c9 DICE LA LEY<\/strong><\/p>\n<\/div>\n<\/div>\n<div class=\"row pb-content-type-text\">\n<div class=\"col-xs-12 col-print-12\">\n<p class=\"element element-paragraph\"><strong>La iniciativa establece la capacitaci\u00f3n obligatoria en g\u00e9nero para todas las personas que integran los tres poderes del Estado.<\/strong>\u00a0El programa fue bautizado \u00abley Micaela Garc\u00eda\u00bb, en homenaje a la joven de 21 a\u00f1os asesinada en Gueleguay en abril de 2017.<\/p>\n<\/div>\n<\/div>\n<div class=\"row pb-content-type-text\">\n<div class=\"col-xs-12 col-print-12\">\n<p class=\"element element-paragraph\">Es necesario recordar que uno de los dos hombres que participaron del crimen de Micaela deb\u00eda haber estado en prisi\u00f3n al momento del asesinato, sin embargo un un juez lo hab\u00eda beneficiado con la libertad condicional, a pesar de que el agresor ya hab\u00eda violado a otras dos chicas. De esta manera, como consecuencia de esa decisi\u00f3n de la justicia, pudo atacar por tercera vez.<\/p>\n<\/div>\n<\/div>\n<div class=\"row pb-content-type-text\">\n<div class=\"col-xs-12 col-print-12\">\n<p class=\"element element-paragraph\">La respuesta para intentar que estas situaciones no se repitan es el \u00abPrograma Nacional Permanente de Capacitaci\u00f3n Institucional en G\u00e9nero y Violencia contra las Mujeres\u00bb.<\/p>\n<\/div>\n<\/div>\n<div class=\"row pb-content-type-text\">\n<div class=\"col-xs-12 col-print-12\">\n<p class=\"element element-paragraph\">El proyecto establece la capacitaci\u00f3n obligatoria en la tem\u00e1tica de g\u00e9nero y violencia contra las mujeres para todas las personas que se desempe\u00f1en en la funci\u00f3n p\u00fablica en todos sus niveles y jerarqu\u00edas en los poderes Ejecutivo, Legislativo y Judicial de la Naci\u00f3n.<\/p>\n<\/div>\n<\/div>\n<div class=\"row pb-content-type-text\">\n<div class=\"col-xs-12 col-print-12\">\n<p class=\"element element-paragraph\">La capacitaci\u00f3n de las m\u00e1ximas autoridades de los tres poderes estar\u00e1 a cargo del\u00a0<strong>Instituto Nacional de las Mujeres<\/strong>, que en su p\u00e1gina web,\u00a0<strong>deber\u00e1 brindar acceso p\u00fablico y difundir el grado de cumplimiento de las disposiciones de la ley en cada uno de los organismos.<\/strong><\/p>\n<\/div>\n<\/div>\n<\/div>\n<\/div>\n<\/div>\n<\/div>\n<p><!--more--><\/p>\n","protected":false},"excerpt":{"rendered":"<p>La C\u00e1mara de Diputados aprob\u00f3 el proyecto que propone la creaci\u00f3n de un \u00abPrograma Nacional Permanente de Capacitaci\u00f3n Institucional en G\u00e9nero y Violencia contra las Mujeres\u00bb, luego de que el gobierno decidiera incluir la iniciativa en el temario de sesiones extraordinarias. Se prev\u00e9 que el Senado le dar\u00e1 su sanci\u00f3n definitiva este mi\u00e9rcoles.<\/p>\n","protected":false},"author":5,"featured_media":20885,"comment_status":"closed","ping_status":"open","sticky":false,"template":"","format":"standard","meta":{"footnotes":""},"categories":[2],"tags":[],"class_list":{"0":"post-20884","1":"post","2":"type-post","3":"status-publish","4":"format-standard","5":"has-post-thumbnail","7":"category-actualidad"},"yoast_head":"<!-- This site is optimized with the Yoast SEO plugin v27.4 - https:\/\/yoast.com\/product\/yoast-seo-wordpress\/ -->\n<title>Alfredo Olmedo: el \u00fanico diputado que se opuso a la Ley Micaela - El Diario de Tucuman<\/title>\n<meta name=\"robots\" content=\"index, follow, max-snippet:-1, max-image-preview:large, max-video-preview:-1\" \/>\n<link rel=\"canonical\" href=\"https:\/\/www.eldiariodetucuman.com\/web\/alfredo-olmedo-el-unico-diputado-que-se-opuso-a-la-ley-micaela\/\" \/>\n<meta property=\"og:locale\" content=\"es_ES\" \/>\n<meta property=\"og:type\" content=\"article\" \/>\n<meta property=\"og:title\" content=\"Alfredo Olmedo: el \u00fanico diputado que se opuso a la Ley Micaela - El Diario de Tucuman\" \/>\n<meta property=\"og:description\" content=\"La C\u00e1mara de Diputados aprob\u00f3 el proyecto que propone la creaci\u00f3n de un \u00abPrograma Nacional Permanente de Capacitaci\u00f3n Institucional en G\u00e9nero y Violencia contra las Mujeres\u00bb, luego de que el gobierno decidiera incluir la iniciativa en el temario de sesiones extraordinarias. Se prev\u00e9 que el Senado le dar\u00e1 su sanci\u00f3n definitiva este mi\u00e9rcoles.\" \/>\n<meta property=\"og:url\" content=\"https:\/\/www.eldiariodetucuman.com\/web\/alfredo-olmedo-el-unico-diputado-que-se-opuso-a-la-ley-micaela\/\" \/>\n<meta property=\"og:site_name\" content=\"El Diario de Tucuman\" \/>\n<meta property=\"article:published_time\" content=\"2018-12-19T11:03:36+00:00\" \/>\n<meta property=\"article:modified_time\" content=\"2018-12-19T11:04:36+00:00\" \/>\n<meta property=\"og:image\" content=\"https:\/\/www.eldiariodetucuman.com\/web\/wp-content\/uploads\/2018\/12\/alfredoolmedo.jpg\" \/>\n\t<meta property=\"og:image:width\" content=\"1256\" \/>\n\t<meta property=\"og:image:height\" content=\"620\" \/>\n\t<meta property=\"og:image:type\" content=\"image\/jpeg\" \/>\n<meta name=\"author\" content=\"Redactor Uno\" \/>\n<meta name=\"twitter:card\" content=\"summary_large_image\" \/>\n<meta name=\"twitter:label1\" content=\"Escrito por\" \/>\n\t<meta name=\"twitter:data1\" content=\"Redactor Uno\" \/>\n\t<meta name=\"twitter:label2\" content=\"Tiempo de lectura\" \/>\n\t<meta name=\"twitter:data2\" content=\"2 minutos\" \/>\n<script type=\"application\/ld+json\" class=\"yoast-schema-graph\">{\"@context\":\"https:\\\/\\\/schema.org\",\"@graph\":[{\"@type\":\"Article\",\"@id\":\"https:\\\/\\\/www.eldiariodetucuman.com\\\/web\\\/alfredo-olmedo-el-unico-diputado-que-se-opuso-a-la-ley-micaela\\\/#article\",\"isPartOf\":{\"@id\":\"https:\\\/\\\/www.eldiariodetucuman.com\\\/web\\\/alfredo-olmedo-el-unico-diputado-que-se-opuso-a-la-ley-micaela\\\/\"},\"author\":{\"name\":\"Redactor Uno\",\"@id\":\"https:\\\/\\\/www.eldiariodetucuman.com\\\/web\\\/#\\\/schema\\\/person\\\/7e6644a46e60888f6b868594407e08dd\"},\"headline\":\"Alfredo Olmedo: el \u00fanico diputado que se opuso a la Ley Micaela\",\"datePublished\":\"2018-12-19T11:03:36+00:00\",\"dateModified\":\"2018-12-19T11:04:36+00:00\",\"mainEntityOfPage\":{\"@id\":\"https:\\\/\\\/www.eldiariodetucuman.com\\\/web\\\/alfredo-olmedo-el-unico-diputado-que-se-opuso-a-la-ley-micaela\\\/\"},\"wordCount\":493,\"publisher\":{\"@id\":\"https:\\\/\\\/www.eldiariodetucuman.com\\\/web\\\/#organization\"},\"image\":{\"@id\":\"https:\\\/\\\/www.eldiariodetucuman.com\\\/web\\\/alfredo-olmedo-el-unico-diputado-que-se-opuso-a-la-ley-micaela\\\/#primaryimage\"},\"thumbnailUrl\":\"https:\\\/\\\/www.eldiariodetucuman.com\\\/web\\\/wp-content\\\/uploads\\\/2018\\\/12\\\/alfredoolmedo.jpg\",\"articleSection\":[\"Actualidad\"],\"inLanguage\":\"es\"},{\"@type\":\"WebPage\",\"@id\":\"https:\\\/\\\/www.eldiariodetucuman.com\\\/web\\\/alfredo-olmedo-el-unico-diputado-que-se-opuso-a-la-ley-micaela\\\/\",\"url\":\"https:\\\/\\\/www.eldiariodetucuman.com\\\/web\\\/alfredo-olmedo-el-unico-diputado-que-se-opuso-a-la-ley-micaela\\\/\",\"name\":\"Alfredo Olmedo: el \u00fanico diputado que se opuso a la Ley Micaela - El Diario de Tucuman\",\"isPartOf\":{\"@id\":\"https:\\\/\\\/www.eldiariodetucuman.com\\\/web\\\/#website\"},\"primaryImageOfPage\":{\"@id\":\"https:\\\/\\\/www.eldiariodetucuman.com\\\/web\\\/alfredo-olmedo-el-unico-diputado-que-se-opuso-a-la-ley-micaela\\\/#primaryimage\"},\"image\":{\"@id\":\"https:\\\/\\\/www.eldiariodetucuman.com\\\/web\\\/alfredo-olmedo-el-unico-diputado-que-se-opuso-a-la-ley-micaela\\\/#primaryimage\"},\"thumbnailUrl\":\"https:\\\/\\\/www.eldiariodetucuman.com\\\/web\\\/wp-content\\\/uploads\\\/2018\\\/12\\\/alfredoolmedo.jpg\",\"datePublished\":\"2018-12-19T11:03:36+00:00\",\"dateModified\":\"2018-12-19T11:04:36+00:00\",\"breadcrumb\":{\"@id\":\"https:\\\/\\\/www.eldiariodetucuman.com\\\/web\\\/alfredo-olmedo-el-unico-diputado-que-se-opuso-a-la-ley-micaela\\\/#breadcrumb\"},\"inLanguage\":\"es\",\"potentialAction\":[{\"@type\":\"ReadAction\",\"target\":[\"https:\\\/\\\/www.eldiariodetucuman.com\\\/web\\\/alfredo-olmedo-el-unico-diputado-que-se-opuso-a-la-ley-micaela\\\/\"]}]},{\"@type\":\"ImageObject\",\"inLanguage\":\"es\",\"@id\":\"https:\\\/\\\/www.eldiariodetucuman.com\\\/web\\\/alfredo-olmedo-el-unico-diputado-que-se-opuso-a-la-ley-micaela\\\/#primaryimage\",\"url\":\"https:\\\/\\\/www.eldiariodetucuman.com\\\/web\\\/wp-content\\\/uploads\\\/2018\\\/12\\\/alfredoolmedo.jpg\",\"contentUrl\":\"https:\\\/\\\/www.eldiariodetucuman.com\\\/web\\\/wp-content\\\/uploads\\\/2018\\\/12\\\/alfredoolmedo.jpg\",\"width\":1256,\"height\":620},{\"@type\":\"BreadcrumbList\",\"@id\":\"https:\\\/\\\/www.eldiariodetucuman.com\\\/web\\\/alfredo-olmedo-el-unico-diputado-que-se-opuso-a-la-ley-micaela\\\/#breadcrumb\",\"itemListElement\":[{\"@type\":\"ListItem\",\"position\":1,\"name\":\"Portada\",\"item\":\"https:\\\/\\\/www.eldiariodetucuman.com\\\/web\\\/\"},{\"@type\":\"ListItem\",\"position\":2,\"name\":\"Alfredo Olmedo: el \u00fanico diputado que se opuso a la Ley Micaela\"}]},{\"@type\":\"WebSite\",\"@id\":\"https:\\\/\\\/www.eldiariodetucuman.com\\\/web\\\/#website\",\"url\":\"https:\\\/\\\/www.eldiariodetucuman.com\\\/web\\\/\",\"name\":\"El Diario de Tucuman\",\"description\":\"Diario Tucuman - Informaci\u00f3n y noticias\",\"publisher\":{\"@id\":\"https:\\\/\\\/www.eldiariodetucuman.com\\\/web\\\/#organization\"},\"potentialAction\":[{\"@type\":\"SearchAction\",\"target\":{\"@type\":\"EntryPoint\",\"urlTemplate\":\"https:\\\/\\\/www.eldiariodetucuman.com\\\/web\\\/?s={search_term_string}\"},\"query-input\":{\"@type\":\"PropertyValueSpecification\",\"valueRequired\":true,\"valueName\":\"search_term_string\"}}],\"inLanguage\":\"es\"},{\"@type\":\"Organization\",\"@id\":\"https:\\\/\\\/www.eldiariodetucuman.com\\\/web\\\/#organization\",\"name\":\"El Diario de Tucuman\",\"url\":\"https:\\\/\\\/www.eldiariodetucuman.com\\\/web\\\/\",\"logo\":{\"@type\":\"ImageObject\",\"inLanguage\":\"es\",\"@id\":\"https:\\\/\\\/www.eldiariodetucuman.com\\\/web\\\/#\\\/schema\\\/logo\\\/image\\\/\",\"url\":\"http:\\\/\\\/www.eldiariodetucuman.com\\\/web\\\/wp-content\\\/uploads\\\/2017\\\/12\\\/el-diario-de-tucuman.jpg\",\"contentUrl\":\"http:\\\/\\\/www.eldiariodetucuman.com\\\/web\\\/wp-content\\\/uploads\\\/2017\\\/12\\\/el-diario-de-tucuman.jpg\",\"width\":272,\"height\":92,\"caption\":\"El Diario de Tucuman\"},\"image\":{\"@id\":\"https:\\\/\\\/www.eldiariodetucuman.com\\\/web\\\/#\\\/schema\\\/logo\\\/image\\\/\"}},{\"@type\":\"Person\",\"@id\":\"https:\\\/\\\/www.eldiariodetucuman.com\\\/web\\\/#\\\/schema\\\/person\\\/7e6644a46e60888f6b868594407e08dd\",\"name\":\"Redactor Uno\",\"image\":{\"@type\":\"ImageObject\",\"inLanguage\":\"es\",\"@id\":\"https:\\\/\\\/secure.gravatar.com\\\/avatar\\\/0049b1bdf1bd548385c9ea6b9356431717930913089febd2ba904f0187d7d074?s=96&d=mm&r=g\",\"url\":\"https:\\\/\\\/secure.gravatar.com\\\/avatar\\\/0049b1bdf1bd548385c9ea6b9356431717930913089febd2ba904f0187d7d074?s=96&d=mm&r=g\",\"contentUrl\":\"https:\\\/\\\/secure.gravatar.com\\\/avatar\\\/0049b1bdf1bd548385c9ea6b9356431717930913089febd2ba904f0187d7d074?s=96&d=mm&r=g\",\"caption\":\"Redactor Uno\"},\"url\":\"https:\\\/\\\/www.eldiariodetucuman.com\\\/web\\\/author\\\/mramasco\\\/\"}]}<\/script>\n<!-- \/ Yoast SEO plugin. -->","yoast_head_json":{"title":"Alfredo Olmedo: el \u00fanico diputado que se opuso a la Ley Micaela - El Diario de Tucuman","robots":{"index":"index","follow":"follow","max-snippet":"max-snippet:-1","max-image-preview":"max-image-preview:large","max-video-preview":"max-video-preview:-1"},"canonical":"https:\/\/www.eldiariodetucuman.com\/web\/alfredo-olmedo-el-unico-diputado-que-se-opuso-a-la-ley-micaela\/","og_locale":"es_ES","og_type":"article","og_title":"Alfredo Olmedo: el \u00fanico diputado que se opuso a la Ley Micaela - El Diario de Tucuman","og_description":"La C\u00e1mara de Diputados aprob\u00f3 el proyecto que propone la creaci\u00f3n de un \u00abPrograma Nacional Permanente de Capacitaci\u00f3n Institucional en G\u00e9nero y Violencia contra las Mujeres\u00bb, luego de que el gobierno decidiera incluir la iniciativa en el temario de sesiones extraordinarias. Se prev\u00e9 que el Senado le dar\u00e1 su sanci\u00f3n definitiva este mi\u00e9rcoles.","og_url":"https:\/\/www.eldiariodetucuman.com\/web\/alfredo-olmedo-el-unico-diputado-que-se-opuso-a-la-ley-micaela\/","og_site_name":"El Diario de Tucuman","article_published_time":"2018-12-19T11:03:36+00:00","article_modified_time":"2018-12-19T11:04:36+00:00","og_image":[{"width":1256,"height":620,"url":"https:\/\/www.eldiariodetucuman.com\/web\/wp-content\/uploads\/2018\/12\/alfredoolmedo.jpg","type":"image\/jpeg"}],"author":"Redactor Uno","twitter_card":"summary_large_image","twitter_misc":{"Escrito por":"Redactor Uno","Tiempo de lectura":"2 minutos"},"schema":{"@context":"https:\/\/schema.org","@graph":[{"@type":"Article","@id":"https:\/\/www.eldiariodetucuman.com\/web\/alfredo-olmedo-el-unico-diputado-que-se-opuso-a-la-ley-micaela\/#article","isPartOf":{"@id":"https:\/\/www.eldiariodetucuman.com\/web\/alfredo-olmedo-el-unico-diputado-que-se-opuso-a-la-ley-micaela\/"},"author":{"name":"Redactor Uno","@id":"https:\/\/www.eldiariodetucuman.com\/web\/#\/schema\/person\/7e6644a46e60888f6b868594407e08dd"},"headline":"Alfredo Olmedo: el \u00fanico diputado que se opuso a la Ley Micaela","datePublished":"2018-12-19T11:03:36+00:00","dateModified":"2018-12-19T11:04:36+00:00","mainEntityOfPage":{"@id":"https:\/\/www.eldiariodetucuman.com\/web\/alfredo-olmedo-el-unico-diputado-que-se-opuso-a-la-ley-micaela\/"},"wordCount":493,"publisher":{"@id":"https:\/\/www.eldiariodetucuman.com\/web\/#organization"},"image":{"@id":"https:\/\/www.eldiariodetucuman.com\/web\/alfredo-olmedo-el-unico-diputado-que-se-opuso-a-la-ley-micaela\/#primaryimage"},"thumbnailUrl":"https:\/\/www.eldiariodetucuman.com\/web\/wp-content\/uploads\/2018\/12\/alfredoolmedo.jpg","articleSection":["Actualidad"],"inLanguage":"es"},{"@type":"WebPage","@id":"https:\/\/www.eldiariodetucuman.com\/web\/alfredo-olmedo-el-unico-diputado-que-se-opuso-a-la-ley-micaela\/","url":"https:\/\/www.eldiariodetucuman.com\/web\/alfredo-olmedo-el-unico-diputado-que-se-opuso-a-la-ley-micaela\/","name":"Alfredo Olmedo: el \u00fanico diputado que se opuso a la Ley Micaela - El Diario de Tucuman","isPartOf":{"@id":"https:\/\/www.eldiariodetucuman.com\/web\/#website"},"primaryImageOfPage":{"@id":"https:\/\/www.eldiariodetucuman.com\/web\/alfredo-olmedo-el-unico-diputado-que-se-opuso-a-la-ley-micaela\/#primaryimage"},"image":{"@id":"https:\/\/www.eldiariodetucuman.com\/web\/alfredo-olmedo-el-unico-diputado-que-se-opuso-a-la-ley-micaela\/#primaryimage"},"thumbnailUrl":"https:\/\/www.eldiariodetucuman.com\/web\/wp-content\/uploads\/2018\/12\/alfredoolmedo.jpg","datePublished":"2018-12-19T11:03:36+00:00","dateModified":"2018-12-19T11:04:36+00:00","breadcrumb":{"@id":"https:\/\/www.eldiariodetucuman.com\/web\/alfredo-olmedo-el-unico-diputado-que-se-opuso-a-la-ley-micaela\/#breadcrumb"},"inLanguage":"es","potentialAction":[{"@type":"ReadAction","target":["https:\/\/www.eldiariodetucuman.com\/web\/alfredo-olmedo-el-unico-diputado-que-se-opuso-a-la-ley-micaela\/"]}]},{"@type":"ImageObject","inLanguage":"es","@id":"https:\/\/www.eldiariodetucuman.com\/web\/alfredo-olmedo-el-unico-diputado-que-se-opuso-a-la-ley-micaela\/#primaryimage","url":"https:\/\/www.eldiariodetucuman.com\/web\/wp-content\/uploads\/2018\/12\/alfredoolmedo.jpg","contentUrl":"https:\/\/www.eldiariodetucuman.com\/web\/wp-content\/uploads\/2018\/12\/alfredoolmedo.jpg","width":1256,"height":620},{"@type":"BreadcrumbList","@id":"https:\/\/www.eldiariodetucuman.com\/web\/alfredo-olmedo-el-unico-diputado-que-se-opuso-a-la-ley-micaela\/#breadcrumb","itemListElement":[{"@type":"ListItem","position":1,"name":"Portada","item":"https:\/\/www.eldiariodetucuman.com\/web\/"},{"@type":"ListItem","position":2,"name":"Alfredo Olmedo: el \u00fanico diputado que se opuso a la Ley Micaela"}]},{"@type":"WebSite","@id":"https:\/\/www.eldiariodetucuman.com\/web\/#website","url":"https:\/\/www.eldiariodetucuman.com\/web\/","name":"El Diario de Tucuman","description":"Diario Tucuman - Informaci\u00f3n y noticias","publisher":{"@id":"https:\/\/www.eldiariodetucuman.com\/web\/#organization"},"potentialAction":[{"@type":"SearchAction","target":{"@type":"EntryPoint","urlTemplate":"https:\/\/www.eldiariodetucuman.com\/web\/?s={search_term_string}"},"query-input":{"@type":"PropertyValueSpecification","valueRequired":true,"valueName":"search_term_string"}}],"inLanguage":"es"},{"@type":"Organization","@id":"https:\/\/www.eldiariodetucuman.com\/web\/#organization","name":"El Diario de Tucuman","url":"https:\/\/www.eldiariodetucuman.com\/web\/","logo":{"@type":"ImageObject","inLanguage":"es","@id":"https:\/\/www.eldiariodetucuman.com\/web\/#\/schema\/logo\/image\/","url":"http:\/\/www.eldiariodetucuman.com\/web\/wp-content\/uploads\/2017\/12\/el-diario-de-tucuman.jpg","contentUrl":"http:\/\/www.eldiariodetucuman.com\/web\/wp-content\/uploads\/2017\/12\/el-diario-de-tucuman.jpg","width":272,"height":92,"caption":"El Diario de Tucuman"},"image":{"@id":"https:\/\/www.eldiariodetucuman.com\/web\/#\/schema\/logo\/image\/"}},{"@type":"Person","@id":"https:\/\/www.eldiariodetucuman.com\/web\/#\/schema\/person\/7e6644a46e60888f6b868594407e08dd","name":"Redactor Uno","image":{"@type":"ImageObject","inLanguage":"es","@id":"https:\/\/secure.gravatar.com\/avatar\/0049b1bdf1bd548385c9ea6b9356431717930913089febd2ba904f0187d7d074?s=96&d=mm&r=g","url":"https:\/\/secure.gravatar.com\/avatar\/0049b1bdf1bd548385c9ea6b9356431717930913089febd2ba904f0187d7d074?s=96&d=mm&r=g","contentUrl":"https:\/\/secure.gravatar.com\/avatar\/0049b1bdf1bd548385c9ea6b9356431717930913089febd2ba904f0187d7d074?s=96&d=mm&r=g","caption":"Redactor Uno"},"url":"https:\/\/www.eldiariodetucuman.com\/web\/author\/mramasco\/"}]}},"_links":{"self":[{"href":"https:\/\/www.eldiariodetucuman.com\/web\/wp-json\/wp\/v2\/posts\/20884","targetHints":{"allow":["GET"]}}],"collection":[{"href":"https:\/\/www.eldiariodetucuman.com\/web\/wp-json\/wp\/v2\/posts"}],"about":[{"href":"https:\/\/www.eldiariodetucuman.com\/web\/wp-json\/wp\/v2\/types\/post"}],"author":[{"embeddable":true,"href":"https:\/\/www.eldiariodetucuman.com\/web\/wp-json\/wp\/v2\/users\/5"}],"replies":[{"embeddable":true,"href":"https:\/\/www.eldiariodetucuman.com\/web\/wp-json\/wp\/v2\/comments?post=20884"}],"version-history":[{"count":2,"href":"https:\/\/www.eldiariodetucuman.com\/web\/wp-json\/wp\/v2\/posts\/20884\/revisions"}],"predecessor-version":[{"id":20887,"href":"https:\/\/www.eldiariodetucuman.com\/web\/wp-json\/wp\/v2\/posts\/20884\/revisions\/20887"}],"wp:featuredmedia":[{"embeddable":true,"href":"https:\/\/www.eldiariodetucuman.com\/web\/wp-json\/wp\/v2\/media\/20885"}],"wp:attachment":[{"href":"https:\/\/www.eldiariodetucuman.com\/web\/wp-json\/wp\/v2\/media?parent=20884"}],"wp:term":[{"taxonomy":"category","embeddable":true,"href":"https:\/\/www.eldiariodetucuman.com\/web\/wp-json\/wp\/v2\/categories?post=20884"},{"taxonomy":"post_tag","embeddable":true,"href":"https:\/\/www.eldiariodetucuman.com\/web\/wp-json\/wp\/v2\/tags?post=20884"}],"curies":[{"name":"wp","href":"https:\/\/api.w.org\/{rel}","templated":true}]}}