{"id":20313,"date":"2018-12-07T00:07:45","date_gmt":"2018-12-07T03:07:45","guid":{"rendered":"http:\/\/www.eldiariodetucuman.com\/web\/el-gobierno-presento-el-plan-verano-2019\/"},"modified":"2018-12-07T00:07:45","modified_gmt":"2018-12-07T03:07:45","slug":"el-gobierno-presento-el-plan-verano-2019","status":"publish","type":"post","link":"https:\/\/www.eldiariodetucuman.com\/web\/el-gobierno-presento-el-plan-verano-2019\/","title":{"rendered":"El Gobierno present\u00f3 el \u201cPlan Verano 2019\u201d"},"content":{"rendered":"<div>\n<div readability=\"122.47107438017\">\n<p>Por iniciativa del Gobierno de Tucum\u00e1n, <strong>desde el 14 de enero al 18 de febrero de 2019,<\/strong> se implementar\u00e1 una nueva edici\u00f3n del <strong>Plan Verano,<\/strong> dando continuidad a las actividades culturales, educativas, deportivas y de entretenimiento en los centros educativos, donde se mantendr\u00e1n abiertos los comedores escolares.<\/p>\n<p>Este jueves, en un acto desarrollado en el Sal\u00f3n Blanco de Casa de Gobierno, el gobernador,<strong> Juan Manzur,<\/strong> realiz\u00f3 la presentaci\u00f3n del plan que, a trav\u00e9s del trabajo conjunto entre distintos ministerios y gobiernos locales,\u00a0permitir\u00e1 la apertura de colonias de vacaciones y balnearios de toda la provincia.<\/p>\n<blockquote readability=\"14\">\n<p>En este plan permanecer\u00e1n abiertas muchas escuelas, clubes\u00a0en comunas y en municipios. Adem\u00e1s, los comedores seguir\u00e1n trabajando en el apoyo escolar y en la asistencia alimentaria\u201d, asegur\u00f3 Manzur, al tiempo que celebr\u00f3 el cumplimiento de los 180 d\u00edas de clases: \u201cEs un logro que la vivimos como un gran triunfo, porque esto representa un beneficio para Tucum\u00e1n, para las criaturas\u201d.<\/p>\n<\/blockquote>\n<p>El ministro de Desarrollo Social,<strong> Gabriel Yedlin<\/strong>, afirm\u00f3: \u201cEn un momento en el que cambia la cotidianidad de las familias,\u00a0cuando los chicos se quedan en la casa, hay que ocuparse de cuidarlos. Algunos grupos sociales pueden encarar viajes y colonias, y la idea\u00a0de\u00a0todas las \u00e1reas gubernamentales es darle esa misma oportunidad a todos\u201d.<\/p>\n<p>\u201cInvito a que conozcan los balnearios de la provincia, lugares que abrimos todos los a\u00f1os con recursos de la provincia y esperamos que Naci\u00f3n nos acompa\u00f1e. Por eso a la gente les digo que averig\u00fce en su municipio o comuna para que se informen de estas oportunidades para pasarla bien\u201d, agreg\u00f3 Yedlin.<\/p>\n<p>El ministro asegur\u00f3 que m\u00e1s de 700 escuelas seguir\u00e1n abiertas. Adem\u00e1s, destac\u00f3 que\u00a0los municipios de Simoca, Famaill\u00e1 y Trancas mantendr\u00e1n abiertos sus balnearios, as\u00ed como en otras ciudades los clubes y sus colonias de vacaciones estar\u00e1n disponibles para los vecinos.<\/p>\n<blockquote class=\"mom_quote \"><p>El \u201cPlan Verano 2019\u201d contempla adem\u00e1s espacios para la puesta en marcha de 83 Talleres recreativos para ni\u00f1os y ni\u00f1as de 5 a 12 a\u00f1os; 25 espacios de Talleres recreativos para ni\u00f1os y ni\u00f1as de 5 a 18 a\u00f1os y 12 lugares de contenci\u00f3n para ni\u00f1os y ni\u00f1as hasta 4 a\u00f1os. Se estima que m\u00e1s de 80 mil ni\u00f1os y jovenes participar\u00e1n de las actividades.<\/p><\/blockquote>\n<p>El ministro de Educaci\u00f3n,<strong> Juan Pablo Lichtmajer, <\/strong>a su turno,<strong>\u00a0<\/strong>remarc\u00f3: \u201cel Gobierno de la provincia no improvisa. Venimos trabajando de modo integral, para que en el verano est\u00e9 presente cuidando a la gente, atendiendo sus necesidades y brindando oportunidades recreativas, culturales, tecnol\u00f3gicas\u201d.<\/p>\n<p><a href=\"http:\/\/comunicaciontucuman.gob.ar\/wp-content\/uploads\/2018\/12\/manzur-lanzamiento-plan-verano-8.jpg\"><img loading=\"lazy\" decoding=\"async\" class=\"size-medium wp-image-186446 alignright\" src=\"http:\/\/comunicaciontucuman.gob.ar\/wp-content\/uploads\/2018\/12\/manzur-lanzamiento-plan-verano-8-300x166.jpg\" alt=\"manzur-lanzamiento-plan-verano (8)\" width=\"300\" height=\"166\"><\/a><\/p>\n<p>En esa misma linea, el titular de la cartera educativa agradeci\u00f3\u00a0a la docencia tucumana por las acciones de solidaridad y respeto. \u201cA estas actividades se suman las tecnolog\u00edas emergentes para que los chicos puedan tener otro tipo de aprendizajes. <strong>Porque tenemos 180 d\u00edas de clases y 365 d\u00edas de educaci\u00f3n<\/strong>\u201c, expres\u00f3.<\/p>\n<p>Por su parte, el titular de la cartera del Interior, <strong>Miguel Acevedo<\/strong>, se\u00f1al\u00f3 que las actividades son organizadas para que las familias disfruten el verano a pesar de la realidad econ\u00f3mica nacional. \u201cEsta es una decisi\u00f3n del Gobernador para que todos los ministerios trabajen en conjunto para llevar oportunidades a las familias\u201d, asegur\u00f3.<\/p>\n<p>La intendenta de Famaill\u00e1,\u00a0<strong>Patricia Liz\u00e1rraga,<\/strong> particip\u00f3 el acto lanzamiento y, en rueda de prensa, cont\u00f3 que\u00a0el balneario de su municipio cuenta con guardavidas, con profesores especializados al cuidado de lo m\u00e1s preciado de los padres.\u00a0\u201cTendremos\u00a0actividades completamente gratuitas distribuidas en diferentes lugares de nuestro municipio\u201d, cerr\u00f3.<\/p>\n<blockquote class=\"mom_quote \" readability=\"14\"><p><strong>\u00a0Cr\u00edticas a la pol\u00edtica econ\u00f3mica nacional<\/strong><\/p>\n<p>Un informe difundido por UNICEF afirma que el 48% de las ni\u00f1as, ni\u00f1os y adolescentes est\u00e1 bajo la l\u00ednea de pobreza. Para referirse a este tema, el Gobernador llam\u00f3 la atenci\u00f3n de la econom\u00eda a nivel nacional. \u201cCuando dicen que el 48% de las criaturas en Argentina son pobres, quiere decir que la pol\u00edtica econ\u00f3mica que lleva adelante el gobierno nacional est\u00e1 equivocada. Hay que salir de la \u2018timba financiera\u2019 y volver a la producci\u00f3n, al trabajo, a las industrias y a las f\u00e1bricas\u201d, expres\u00f3.\u00a0<\/p>\n<\/blockquote>\n<p>\u00a0<\/p>\n<\/div>\n<\/div>\n<p>Fuente: http:\/\/comunicaciontucuman.gob.ar\/2018\/12\/el-gobierno-presento-el-plan-verano-2019\/<\/p>\n","protected":false},"excerpt":{"rendered":"<p>Por iniciativa del Gobierno de Tucum\u00e1n, desde el 14 de enero al 18 de febrero de 2019, se implementar\u00e1 una nueva edici\u00f3n del Plan Verano, dando continuidad a las actividades culturales, educativas, deportivas y de entretenimiento en los centros educativos, donde se mantendr\u00e1n abiertos los comedores escolares. Este jueves, en un acto desarrollado en el [&hellip;]<\/p>\n","protected":false},"author":1,"featured_media":20314,"comment_status":"open","ping_status":"closed","sticky":false,"template":"","format":"standard","meta":{"footnotes":""},"categories":[3],"tags":[],"class_list":{"0":"post-20313","1":"post","2":"type-post","3":"status-publish","4":"format-standard","5":"has-post-thumbnail","7":"category-politica"},"yoast_head":"<!-- This site is optimized with the Yoast SEO plugin v27.4 - https:\/\/yoast.com\/product\/yoast-seo-wordpress\/ -->\n<title>El Gobierno present\u00f3 el \u201cPlan Verano 2019\u201d - El Diario de Tucuman<\/title>\n<meta name=\"robots\" content=\"index, follow, max-snippet:-1, max-image-preview:large, max-video-preview:-1\" \/>\n<link rel=\"canonical\" href=\"https:\/\/www.eldiariodetucuman.com\/web\/el-gobierno-presento-el-plan-verano-2019\/\" \/>\n<meta property=\"og:locale\" content=\"es_ES\" \/>\n<meta property=\"og:type\" content=\"article\" \/>\n<meta property=\"og:title\" content=\"El Gobierno present\u00f3 el \u201cPlan Verano 2019\u201d - El Diario de Tucuman\" \/>\n<meta property=\"og:description\" content=\"Por iniciativa del Gobierno de Tucum\u00e1n, desde el 14 de enero al 18 de febrero de 2019, se implementar\u00e1 una nueva edici\u00f3n del Plan Verano, dando continuidad a las actividades culturales, educativas, deportivas y de entretenimiento en los centros educativos, donde se mantendr\u00e1n abiertos los comedores escolares. Este jueves, en un acto desarrollado en el [&hellip;]\" \/>\n<meta property=\"og:url\" content=\"https:\/\/www.eldiariodetucuman.com\/web\/el-gobierno-presento-el-plan-verano-2019\/\" \/>\n<meta property=\"og:site_name\" content=\"El Diario de Tucuman\" \/>\n<meta property=\"article:published_time\" content=\"2018-12-07T03:07:45+00:00\" \/>\n<meta property=\"og:image\" content=\"https:\/\/www.eldiariodetucuman.com\/web\/wp-content\/uploads\/2018\/12\/eb05a7f33fddd2ea91722e253c872645.jpeg\" \/>\n\t<meta property=\"og:image:width\" content=\"300\" \/>\n\t<meta property=\"og:image:height\" content=\"166\" \/>\n\t<meta property=\"og:image:type\" content=\"image\/jpeg\" \/>\n<meta name=\"author\" content=\"admin\" \/>\n<meta name=\"twitter:card\" content=\"summary_large_image\" \/>\n<meta name=\"twitter:label1\" content=\"Escrito por\" \/>\n\t<meta name=\"twitter:data1\" content=\"admin\" \/>\n\t<meta name=\"twitter:label2\" content=\"Tiempo de lectura\" \/>\n\t<meta name=\"twitter:data2\" content=\"4 minutos\" \/>\n<script type=\"application\/ld+json\" class=\"yoast-schema-graph\">{\"@context\":\"https:\\\/\\\/schema.org\",\"@graph\":[{\"@type\":\"Article\",\"@id\":\"https:\\\/\\\/www.eldiariodetucuman.com\\\/web\\\/el-gobierno-presento-el-plan-verano-2019\\\/#article\",\"isPartOf\":{\"@id\":\"https:\\\/\\\/www.eldiariodetucuman.com\\\/web\\\/el-gobierno-presento-el-plan-verano-2019\\\/\"},\"author\":{\"name\":\"admin\",\"@id\":\"https:\\\/\\\/www.eldiariodetucuman.com\\\/web\\\/#\\\/schema\\\/person\\\/9250197d75ab5483412e19678b121caa\"},\"headline\":\"El Gobierno present\u00f3 el \u201cPlan Verano 2019\u201d\",\"datePublished\":\"2018-12-07T03:07:45+00:00\",\"mainEntityOfPage\":{\"@id\":\"https:\\\/\\\/www.eldiariodetucuman.com\\\/web\\\/el-gobierno-presento-el-plan-verano-2019\\\/\"},\"wordCount\":708,\"commentCount\":0,\"publisher\":{\"@id\":\"https:\\\/\\\/www.eldiariodetucuman.com\\\/web\\\/#organization\"},\"image\":{\"@id\":\"https:\\\/\\\/www.eldiariodetucuman.com\\\/web\\\/el-gobierno-presento-el-plan-verano-2019\\\/#primaryimage\"},\"thumbnailUrl\":\"https:\\\/\\\/www.eldiariodetucuman.com\\\/web\\\/wp-content\\\/uploads\\\/2018\\\/12\\\/eb05a7f33fddd2ea91722e253c872645.jpeg\",\"articleSection\":[\"Politica\"],\"inLanguage\":\"es\",\"potentialAction\":[{\"@type\":\"CommentAction\",\"name\":\"Comment\",\"target\":[\"https:\\\/\\\/www.eldiariodetucuman.com\\\/web\\\/el-gobierno-presento-el-plan-verano-2019\\\/#respond\"]}]},{\"@type\":\"WebPage\",\"@id\":\"https:\\\/\\\/www.eldiariodetucuman.com\\\/web\\\/el-gobierno-presento-el-plan-verano-2019\\\/\",\"url\":\"https:\\\/\\\/www.eldiariodetucuman.com\\\/web\\\/el-gobierno-presento-el-plan-verano-2019\\\/\",\"name\":\"El Gobierno present\u00f3 el \u201cPlan Verano 2019\u201d - El Diario de Tucuman\",\"isPartOf\":{\"@id\":\"https:\\\/\\\/www.eldiariodetucuman.com\\\/web\\\/#website\"},\"primaryImageOfPage\":{\"@id\":\"https:\\\/\\\/www.eldiariodetucuman.com\\\/web\\\/el-gobierno-presento-el-plan-verano-2019\\\/#primaryimage\"},\"image\":{\"@id\":\"https:\\\/\\\/www.eldiariodetucuman.com\\\/web\\\/el-gobierno-presento-el-plan-verano-2019\\\/#primaryimage\"},\"thumbnailUrl\":\"https:\\\/\\\/www.eldiariodetucuman.com\\\/web\\\/wp-content\\\/uploads\\\/2018\\\/12\\\/eb05a7f33fddd2ea91722e253c872645.jpeg\",\"datePublished\":\"2018-12-07T03:07:45+00:00\",\"breadcrumb\":{\"@id\":\"https:\\\/\\\/www.eldiariodetucuman.com\\\/web\\\/el-gobierno-presento-el-plan-verano-2019\\\/#breadcrumb\"},\"inLanguage\":\"es\",\"potentialAction\":[{\"@type\":\"ReadAction\",\"target\":[\"https:\\\/\\\/www.eldiariodetucuman.com\\\/web\\\/el-gobierno-presento-el-plan-verano-2019\\\/\"]}]},{\"@type\":\"ImageObject\",\"inLanguage\":\"es\",\"@id\":\"https:\\\/\\\/www.eldiariodetucuman.com\\\/web\\\/el-gobierno-presento-el-plan-verano-2019\\\/#primaryimage\",\"url\":\"https:\\\/\\\/www.eldiariodetucuman.com\\\/web\\\/wp-content\\\/uploads\\\/2018\\\/12\\\/eb05a7f33fddd2ea91722e253c872645.jpeg\",\"contentUrl\":\"https:\\\/\\\/www.eldiariodetucuman.com\\\/web\\\/wp-content\\\/uploads\\\/2018\\\/12\\\/eb05a7f33fddd2ea91722e253c872645.jpeg\",\"width\":300,\"height\":166},{\"@type\":\"BreadcrumbList\",\"@id\":\"https:\\\/\\\/www.eldiariodetucuman.com\\\/web\\\/el-gobierno-presento-el-plan-verano-2019\\\/#breadcrumb\",\"itemListElement\":[{\"@type\":\"ListItem\",\"position\":1,\"name\":\"Portada\",\"item\":\"https:\\\/\\\/www.eldiariodetucuman.com\\\/web\\\/\"},{\"@type\":\"ListItem\",\"position\":2,\"name\":\"El Gobierno present\u00f3 el \u201cPlan Verano 2019\u201d\"}]},{\"@type\":\"WebSite\",\"@id\":\"https:\\\/\\\/www.eldiariodetucuman.com\\\/web\\\/#website\",\"url\":\"https:\\\/\\\/www.eldiariodetucuman.com\\\/web\\\/\",\"name\":\"El Diario de Tucuman\",\"description\":\"Diario Tucuman - Informaci\u00f3n y noticias\",\"publisher\":{\"@id\":\"https:\\\/\\\/www.eldiariodetucuman.com\\\/web\\\/#organization\"},\"potentialAction\":[{\"@type\":\"SearchAction\",\"target\":{\"@type\":\"EntryPoint\",\"urlTemplate\":\"https:\\\/\\\/www.eldiariodetucuman.com\\\/web\\\/?s={search_term_string}\"},\"query-input\":{\"@type\":\"PropertyValueSpecification\",\"valueRequired\":true,\"valueName\":\"search_term_string\"}}],\"inLanguage\":\"es\"},{\"@type\":\"Organization\",\"@id\":\"https:\\\/\\\/www.eldiariodetucuman.com\\\/web\\\/#organization\",\"name\":\"El Diario de Tucuman\",\"url\":\"https:\\\/\\\/www.eldiariodetucuman.com\\\/web\\\/\",\"logo\":{\"@type\":\"ImageObject\",\"inLanguage\":\"es\",\"@id\":\"https:\\\/\\\/www.eldiariodetucuman.com\\\/web\\\/#\\\/schema\\\/logo\\\/image\\\/\",\"url\":\"http:\\\/\\\/www.eldiariodetucuman.com\\\/web\\\/wp-content\\\/uploads\\\/2017\\\/12\\\/el-diario-de-tucuman.jpg\",\"contentUrl\":\"http:\\\/\\\/www.eldiariodetucuman.com\\\/web\\\/wp-content\\\/uploads\\\/2017\\\/12\\\/el-diario-de-tucuman.jpg\",\"width\":272,\"height\":92,\"caption\":\"El Diario de Tucuman\"},\"image\":{\"@id\":\"https:\\\/\\\/www.eldiariodetucuman.com\\\/web\\\/#\\\/schema\\\/logo\\\/image\\\/\"}},{\"@type\":\"Person\",\"@id\":\"https:\\\/\\\/www.eldiariodetucuman.com\\\/web\\\/#\\\/schema\\\/person\\\/9250197d75ab5483412e19678b121caa\",\"name\":\"admin\",\"image\":{\"@type\":\"ImageObject\",\"inLanguage\":\"es\",\"@id\":\"https:\\\/\\\/secure.gravatar.com\\\/avatar\\\/c44d117c2be811212c22cb481f6b8384b6873de103fbc49e7a03cc58d7dea4ac?s=96&d=mm&r=g\",\"url\":\"https:\\\/\\\/secure.gravatar.com\\\/avatar\\\/c44d117c2be811212c22cb481f6b8384b6873de103fbc49e7a03cc58d7dea4ac?s=96&d=mm&r=g\",\"contentUrl\":\"https:\\\/\\\/secure.gravatar.com\\\/avatar\\\/c44d117c2be811212c22cb481f6b8384b6873de103fbc49e7a03cc58d7dea4ac?s=96&d=mm&r=g\",\"caption\":\"admin\"},\"url\":\"https:\\\/\\\/www.eldiariodetucuman.com\\\/web\\\/author\\\/admin\\\/\"}]}<\/script>\n<!-- \/ Yoast SEO plugin. -->","yoast_head_json":{"title":"El Gobierno present\u00f3 el \u201cPlan Verano 2019\u201d - El Diario de Tucuman","robots":{"index":"index","follow":"follow","max-snippet":"max-snippet:-1","max-image-preview":"max-image-preview:large","max-video-preview":"max-video-preview:-1"},"canonical":"https:\/\/www.eldiariodetucuman.com\/web\/el-gobierno-presento-el-plan-verano-2019\/","og_locale":"es_ES","og_type":"article","og_title":"El Gobierno present\u00f3 el \u201cPlan Verano 2019\u201d - El Diario de Tucuman","og_description":"Por iniciativa del Gobierno de Tucum\u00e1n, desde el 14 de enero al 18 de febrero de 2019, se implementar\u00e1 una nueva edici\u00f3n del Plan Verano, dando continuidad a las actividades culturales, educativas, deportivas y de entretenimiento en los centros educativos, donde se mantendr\u00e1n abiertos los comedores escolares. Este jueves, en un acto desarrollado en el [&hellip;]","og_url":"https:\/\/www.eldiariodetucuman.com\/web\/el-gobierno-presento-el-plan-verano-2019\/","og_site_name":"El Diario de Tucuman","article_published_time":"2018-12-07T03:07:45+00:00","og_image":[{"width":300,"height":166,"url":"https:\/\/www.eldiariodetucuman.com\/web\/wp-content\/uploads\/2018\/12\/eb05a7f33fddd2ea91722e253c872645.jpeg","type":"image\/jpeg"}],"author":"admin","twitter_card":"summary_large_image","twitter_misc":{"Escrito por":"admin","Tiempo de lectura":"4 minutos"},"schema":{"@context":"https:\/\/schema.org","@graph":[{"@type":"Article","@id":"https:\/\/www.eldiariodetucuman.com\/web\/el-gobierno-presento-el-plan-verano-2019\/#article","isPartOf":{"@id":"https:\/\/www.eldiariodetucuman.com\/web\/el-gobierno-presento-el-plan-verano-2019\/"},"author":{"name":"admin","@id":"https:\/\/www.eldiariodetucuman.com\/web\/#\/schema\/person\/9250197d75ab5483412e19678b121caa"},"headline":"El Gobierno present\u00f3 el \u201cPlan Verano 2019\u201d","datePublished":"2018-12-07T03:07:45+00:00","mainEntityOfPage":{"@id":"https:\/\/www.eldiariodetucuman.com\/web\/el-gobierno-presento-el-plan-verano-2019\/"},"wordCount":708,"commentCount":0,"publisher":{"@id":"https:\/\/www.eldiariodetucuman.com\/web\/#organization"},"image":{"@id":"https:\/\/www.eldiariodetucuman.com\/web\/el-gobierno-presento-el-plan-verano-2019\/#primaryimage"},"thumbnailUrl":"https:\/\/www.eldiariodetucuman.com\/web\/wp-content\/uploads\/2018\/12\/eb05a7f33fddd2ea91722e253c872645.jpeg","articleSection":["Politica"],"inLanguage":"es","potentialAction":[{"@type":"CommentAction","name":"Comment","target":["https:\/\/www.eldiariodetucuman.com\/web\/el-gobierno-presento-el-plan-verano-2019\/#respond"]}]},{"@type":"WebPage","@id":"https:\/\/www.eldiariodetucuman.com\/web\/el-gobierno-presento-el-plan-verano-2019\/","url":"https:\/\/www.eldiariodetucuman.com\/web\/el-gobierno-presento-el-plan-verano-2019\/","name":"El Gobierno present\u00f3 el \u201cPlan Verano 2019\u201d - El Diario de Tucuman","isPartOf":{"@id":"https:\/\/www.eldiariodetucuman.com\/web\/#website"},"primaryImageOfPage":{"@id":"https:\/\/www.eldiariodetucuman.com\/web\/el-gobierno-presento-el-plan-verano-2019\/#primaryimage"},"image":{"@id":"https:\/\/www.eldiariodetucuman.com\/web\/el-gobierno-presento-el-plan-verano-2019\/#primaryimage"},"thumbnailUrl":"https:\/\/www.eldiariodetucuman.com\/web\/wp-content\/uploads\/2018\/12\/eb05a7f33fddd2ea91722e253c872645.jpeg","datePublished":"2018-12-07T03:07:45+00:00","breadcrumb":{"@id":"https:\/\/www.eldiariodetucuman.com\/web\/el-gobierno-presento-el-plan-verano-2019\/#breadcrumb"},"inLanguage":"es","potentialAction":[{"@type":"ReadAction","target":["https:\/\/www.eldiariodetucuman.com\/web\/el-gobierno-presento-el-plan-verano-2019\/"]}]},{"@type":"ImageObject","inLanguage":"es","@id":"https:\/\/www.eldiariodetucuman.com\/web\/el-gobierno-presento-el-plan-verano-2019\/#primaryimage","url":"https:\/\/www.eldiariodetucuman.com\/web\/wp-content\/uploads\/2018\/12\/eb05a7f33fddd2ea91722e253c872645.jpeg","contentUrl":"https:\/\/www.eldiariodetucuman.com\/web\/wp-content\/uploads\/2018\/12\/eb05a7f33fddd2ea91722e253c872645.jpeg","width":300,"height":166},{"@type":"BreadcrumbList","@id":"https:\/\/www.eldiariodetucuman.com\/web\/el-gobierno-presento-el-plan-verano-2019\/#breadcrumb","itemListElement":[{"@type":"ListItem","position":1,"name":"Portada","item":"https:\/\/www.eldiariodetucuman.com\/web\/"},{"@type":"ListItem","position":2,"name":"El Gobierno present\u00f3 el \u201cPlan Verano 2019\u201d"}]},{"@type":"WebSite","@id":"https:\/\/www.eldiariodetucuman.com\/web\/#website","url":"https:\/\/www.eldiariodetucuman.com\/web\/","name":"El Diario de Tucuman","description":"Diario Tucuman - Informaci\u00f3n y noticias","publisher":{"@id":"https:\/\/www.eldiariodetucuman.com\/web\/#organization"},"potentialAction":[{"@type":"SearchAction","target":{"@type":"EntryPoint","urlTemplate":"https:\/\/www.eldiariodetucuman.com\/web\/?s={search_term_string}"},"query-input":{"@type":"PropertyValueSpecification","valueRequired":true,"valueName":"search_term_string"}}],"inLanguage":"es"},{"@type":"Organization","@id":"https:\/\/www.eldiariodetucuman.com\/web\/#organization","name":"El Diario de Tucuman","url":"https:\/\/www.eldiariodetucuman.com\/web\/","logo":{"@type":"ImageObject","inLanguage":"es","@id":"https:\/\/www.eldiariodetucuman.com\/web\/#\/schema\/logo\/image\/","url":"http:\/\/www.eldiariodetucuman.com\/web\/wp-content\/uploads\/2017\/12\/el-diario-de-tucuman.jpg","contentUrl":"http:\/\/www.eldiariodetucuman.com\/web\/wp-content\/uploads\/2017\/12\/el-diario-de-tucuman.jpg","width":272,"height":92,"caption":"El Diario de Tucuman"},"image":{"@id":"https:\/\/www.eldiariodetucuman.com\/web\/#\/schema\/logo\/image\/"}},{"@type":"Person","@id":"https:\/\/www.eldiariodetucuman.com\/web\/#\/schema\/person\/9250197d75ab5483412e19678b121caa","name":"admin","image":{"@type":"ImageObject","inLanguage":"es","@id":"https:\/\/secure.gravatar.com\/avatar\/c44d117c2be811212c22cb481f6b8384b6873de103fbc49e7a03cc58d7dea4ac?s=96&d=mm&r=g","url":"https:\/\/secure.gravatar.com\/avatar\/c44d117c2be811212c22cb481f6b8384b6873de103fbc49e7a03cc58d7dea4ac?s=96&d=mm&r=g","contentUrl":"https:\/\/secure.gravatar.com\/avatar\/c44d117c2be811212c22cb481f6b8384b6873de103fbc49e7a03cc58d7dea4ac?s=96&d=mm&r=g","caption":"admin"},"url":"https:\/\/www.eldiariodetucuman.com\/web\/author\/admin\/"}]}},"_links":{"self":[{"href":"https:\/\/www.eldiariodetucuman.com\/web\/wp-json\/wp\/v2\/posts\/20313","targetHints":{"allow":["GET"]}}],"collection":[{"href":"https:\/\/www.eldiariodetucuman.com\/web\/wp-json\/wp\/v2\/posts"}],"about":[{"href":"https:\/\/www.eldiariodetucuman.com\/web\/wp-json\/wp\/v2\/types\/post"}],"author":[{"embeddable":true,"href":"https:\/\/www.eldiariodetucuman.com\/web\/wp-json\/wp\/v2\/users\/1"}],"replies":[{"embeddable":true,"href":"https:\/\/www.eldiariodetucuman.com\/web\/wp-json\/wp\/v2\/comments?post=20313"}],"version-history":[{"count":1,"href":"https:\/\/www.eldiariodetucuman.com\/web\/wp-json\/wp\/v2\/posts\/20313\/revisions"}],"predecessor-version":[{"id":20315,"href":"https:\/\/www.eldiariodetucuman.com\/web\/wp-json\/wp\/v2\/posts\/20313\/revisions\/20315"}],"wp:featuredmedia":[{"embeddable":true,"href":"https:\/\/www.eldiariodetucuman.com\/web\/wp-json\/wp\/v2\/media\/20314"}],"wp:attachment":[{"href":"https:\/\/www.eldiariodetucuman.com\/web\/wp-json\/wp\/v2\/media?parent=20313"}],"wp:term":[{"taxonomy":"category","embeddable":true,"href":"https:\/\/www.eldiariodetucuman.com\/web\/wp-json\/wp\/v2\/categories?post=20313"},{"taxonomy":"post_tag","embeddable":true,"href":"https:\/\/www.eldiariodetucuman.com\/web\/wp-json\/wp\/v2\/tags?post=20313"}],"curies":[{"name":"wp","href":"https:\/\/api.w.org\/{rel}","templated":true}]}}