{"id":20307,"date":"2018-12-06T15:15:02","date_gmt":"2018-12-06T18:15:02","guid":{"rendered":"http:\/\/www.eldiariodetucuman.com\/web\/?p=20307"},"modified":"2018-12-06T15:15:02","modified_gmt":"2018-12-06T18:15:02","slug":"una-menos-cerro-una-de-las-cuatro-fabricas-de-telgopor-del-pais","status":"publish","type":"post","link":"https:\/\/www.eldiariodetucuman.com\/web\/una-menos-cerro-una-de-las-cuatro-fabricas-de-telgopor-del-pais\/","title":{"rendered":"Una menos: Cerr\u00f3 una de las cuatro f\u00e1bricas de telgopor del pa\u00eds"},"content":{"rendered":"<div class=\"ntimgcont\"><\/div>\n<div class=\"ntbaj entry-summary\">Los due\u00f1os informaron del \u00abcierre definitivo\u00bb a sus 37 trabajadores a trav\u00e9s de un cartel en la puerta de la planta.<\/div>\n<p><!--more--><\/p>\n<div class=\"nttxt entry-content\">\n<p>Los due\u00f1os de Induspol Aislaciones, radicada en la ciudad de bonaerense de Jun\u00edn, anunciaron del cierre definitivo a sus 37 trabajadores con un cartel en la puerta de la planta. La producci\u00f3n se destinaba al sector de la construcci\u00f3n, que s\u00f3lo en octubre, cay\u00f3 6,4% anual.<\/p>\n<p>Desde hace tres d\u00e9cadas, la empresa Induspol Aislaciones SRL era una de las cuatro productoras de telgopor de Argentina. Lo fue hasta este jueves cuando los due\u00f1os informaron del \u00abcierre definitivo\u00bb a sus 37 trabajadores a trav\u00e9s de un cartel en la puerta de la planta.<\/p>\n<p>Si bien la f\u00e1brica radicada en la ciudad bonaerense de Jun\u00edn hab\u00eda sido cerrada por la patronal el 30 de noviembre pasado, los obreros manten\u00edan las esperanzas de negociar su continuidad. Pero hoy ni siquiera pudieron ingresar a ocupar sus puestos a las instalaciones ubicadas en calle colectora de la Ruta Nacional 7 y Uruguay.<\/p>\n<p>\u00abEl cierre es definitivo. Los trabajadores encontraron una nota pegada en la puerta con la firma de los dos socios, Antonio Reg\u00e9s y Carlos Ravazzano\u00bb, inform\u00f3 el secretario general de la Uni\u00f3n Obreros y Empleados Pl\u00e1sticos de Chivilcoy, Rub\u00e9n Moyano, al diario La Verdad.<\/p>\n<p>La patronal argumenta que no puede seguir operando debido a la fuerte suba de las tarifas y al desplome de la demanda de telgopor, en medio de la retracci\u00f3n de la construcci\u00f3n, que solo en octubre cay\u00f3 6,4% anual.<\/p>\n<p>Los trabajadores expresaron en la puerta de la f\u00e1brica que \u00abno corresponde\u00bb enterarse de sus despidos por un cartel en una puerta y aguardaban que lleguen telegramas o cartas documento que oficialicen la decisi\u00f3n.<\/p>\n<p>Moyano indic\u00f3 que la empresa propone pagar sueldos adeudados e indemnizaciones menores a las que corresponden por ley y anticip\u00f3 que hay unanimidad entre los operarios para rechazar esta iniciativa. \u00abEs una situaci\u00f3n complicada, porque los due\u00f1os dicen que no tienen el dinero para saldar las deudas\u00bb, consider\u00f3 el gremialista.<\/p>\n<p>Induspol Aislaciones SA era desde hace tres d\u00e9cadas una de las cuatro \u00fanicas empresas productoras y transformadoras de materia prima para la elaboraci\u00f3n de poliestireno expandido en toda la Argentina. La planta de Jun\u00edn se dedicaba precisamente a la producci\u00f3n, procesamiento y transformaci\u00f3n de de un producto conocido en el mercado gen\u00e9ricamente con el nombre de \u00abtelgopor\u00bb, que es utilizado mayoritariamente por la industria de la construcci\u00f3n.<\/p>\n<div><strong>Fuente:<\/strong>\u00a0<a href=\"http:\/\/www.primerafuente.com.ar\/noticias\/77919\/cerro-cuatro-fabricas-telgopor-pais-despidio-sus-trabajadores\">http:\/\/www.primerafuente.com.ar\/noticias\/77919\/cerro-cuatro-fabricas-telgopor-pais-despidio-sus-trabajadores<\/a><\/div>\n<\/div>\n","protected":false},"excerpt":{"rendered":"<p>Los due\u00f1os informaron del \u00abcierre definitivo\u00bb a sus 37 trabajadores a trav\u00e9s de un cartel en la puerta de la planta.<\/p>\n","protected":false},"author":5,"featured_media":20308,"comment_status":"closed","ping_status":"open","sticky":false,"template":"","format":"standard","meta":{"footnotes":""},"categories":[2],"tags":[1615,1854,847],"class_list":{"0":"post-20307","1":"post","2":"type-post","3":"status-publish","4":"format-standard","5":"has-post-thumbnail","7":"category-actualidad","8":"tag-cierre","9":"tag-crisis","10":"tag-economia"},"yoast_head":"<!-- This site is optimized with the Yoast SEO plugin v27.4 - https:\/\/yoast.com\/product\/yoast-seo-wordpress\/ -->\n<title>Una menos: Cerr\u00f3 una de las cuatro f\u00e1bricas de telgopor del pa\u00eds - El Diario de Tucuman<\/title>\n<meta name=\"robots\" content=\"index, follow, max-snippet:-1, max-image-preview:large, max-video-preview:-1\" \/>\n<link rel=\"canonical\" href=\"https:\/\/www.eldiariodetucuman.com\/web\/una-menos-cerro-una-de-las-cuatro-fabricas-de-telgopor-del-pais\/\" \/>\n<meta property=\"og:locale\" content=\"es_ES\" \/>\n<meta property=\"og:type\" content=\"article\" \/>\n<meta property=\"og:title\" content=\"Una menos: Cerr\u00f3 una de las cuatro f\u00e1bricas de telgopor del pa\u00eds - El Diario de Tucuman\" \/>\n<meta property=\"og:description\" content=\"Los due\u00f1os informaron del \u00abcierre definitivo\u00bb a sus 37 trabajadores a trav\u00e9s de un cartel en la puerta de la planta.\" \/>\n<meta property=\"og:url\" content=\"https:\/\/www.eldiariodetucuman.com\/web\/una-menos-cerro-una-de-las-cuatro-fabricas-de-telgopor-del-pais\/\" \/>\n<meta property=\"og:site_name\" content=\"El Diario de Tucuman\" \/>\n<meta property=\"article:published_time\" content=\"2018-12-06T18:15:02+00:00\" \/>\n<meta property=\"og:image\" content=\"https:\/\/www.eldiariodetucuman.com\/web\/wp-content\/uploads\/2018\/12\/induspol.jpg\" \/>\n\t<meta property=\"og:image:width\" content=\"730\" \/>\n\t<meta property=\"og:image:height\" content=\"410\" \/>\n\t<meta property=\"og:image:type\" content=\"image\/jpeg\" \/>\n<meta name=\"author\" content=\"Redactor Uno\" \/>\n<meta name=\"twitter:card\" content=\"summary_large_image\" \/>\n<meta name=\"twitter:label1\" content=\"Escrito por\" \/>\n\t<meta name=\"twitter:data1\" content=\"Redactor Uno\" \/>\n\t<meta name=\"twitter:label2\" content=\"Tiempo de lectura\" \/>\n\t<meta name=\"twitter:data2\" content=\"2 minutos\" \/>\n<script type=\"application\/ld+json\" class=\"yoast-schema-graph\">{\"@context\":\"https:\\\/\\\/schema.org\",\"@graph\":[{\"@type\":\"Article\",\"@id\":\"https:\\\/\\\/www.eldiariodetucuman.com\\\/web\\\/una-menos-cerro-una-de-las-cuatro-fabricas-de-telgopor-del-pais\\\/#article\",\"isPartOf\":{\"@id\":\"https:\\\/\\\/www.eldiariodetucuman.com\\\/web\\\/una-menos-cerro-una-de-las-cuatro-fabricas-de-telgopor-del-pais\\\/\"},\"author\":{\"name\":\"Redactor Uno\",\"@id\":\"https:\\\/\\\/www.eldiariodetucuman.com\\\/web\\\/#\\\/schema\\\/person\\\/7e6644a46e60888f6b868594407e08dd\"},\"headline\":\"Una menos: Cerr\u00f3 una de las cuatro f\u00e1bricas de telgopor del pa\u00eds\",\"datePublished\":\"2018-12-06T18:15:02+00:00\",\"mainEntityOfPage\":{\"@id\":\"https:\\\/\\\/www.eldiariodetucuman.com\\\/web\\\/una-menos-cerro-una-de-las-cuatro-fabricas-de-telgopor-del-pais\\\/\"},\"wordCount\":448,\"publisher\":{\"@id\":\"https:\\\/\\\/www.eldiariodetucuman.com\\\/web\\\/#organization\"},\"image\":{\"@id\":\"https:\\\/\\\/www.eldiariodetucuman.com\\\/web\\\/una-menos-cerro-una-de-las-cuatro-fabricas-de-telgopor-del-pais\\\/#primaryimage\"},\"thumbnailUrl\":\"https:\\\/\\\/www.eldiariodetucuman.com\\\/web\\\/wp-content\\\/uploads\\\/2018\\\/12\\\/induspol.jpg\",\"keywords\":[\"cierre\",\"crisis\",\"economia\"],\"articleSection\":[\"Actualidad\"],\"inLanguage\":\"es\"},{\"@type\":\"WebPage\",\"@id\":\"https:\\\/\\\/www.eldiariodetucuman.com\\\/web\\\/una-menos-cerro-una-de-las-cuatro-fabricas-de-telgopor-del-pais\\\/\",\"url\":\"https:\\\/\\\/www.eldiariodetucuman.com\\\/web\\\/una-menos-cerro-una-de-las-cuatro-fabricas-de-telgopor-del-pais\\\/\",\"name\":\"Una menos: Cerr\u00f3 una de las cuatro f\u00e1bricas de telgopor del pa\u00eds - El Diario de Tucuman\",\"isPartOf\":{\"@id\":\"https:\\\/\\\/www.eldiariodetucuman.com\\\/web\\\/#website\"},\"primaryImageOfPage\":{\"@id\":\"https:\\\/\\\/www.eldiariodetucuman.com\\\/web\\\/una-menos-cerro-una-de-las-cuatro-fabricas-de-telgopor-del-pais\\\/#primaryimage\"},\"image\":{\"@id\":\"https:\\\/\\\/www.eldiariodetucuman.com\\\/web\\\/una-menos-cerro-una-de-las-cuatro-fabricas-de-telgopor-del-pais\\\/#primaryimage\"},\"thumbnailUrl\":\"https:\\\/\\\/www.eldiariodetucuman.com\\\/web\\\/wp-content\\\/uploads\\\/2018\\\/12\\\/induspol.jpg\",\"datePublished\":\"2018-12-06T18:15:02+00:00\",\"breadcrumb\":{\"@id\":\"https:\\\/\\\/www.eldiariodetucuman.com\\\/web\\\/una-menos-cerro-una-de-las-cuatro-fabricas-de-telgopor-del-pais\\\/#breadcrumb\"},\"inLanguage\":\"es\",\"potentialAction\":[{\"@type\":\"ReadAction\",\"target\":[\"https:\\\/\\\/www.eldiariodetucuman.com\\\/web\\\/una-menos-cerro-una-de-las-cuatro-fabricas-de-telgopor-del-pais\\\/\"]}]},{\"@type\":\"ImageObject\",\"inLanguage\":\"es\",\"@id\":\"https:\\\/\\\/www.eldiariodetucuman.com\\\/web\\\/una-menos-cerro-una-de-las-cuatro-fabricas-de-telgopor-del-pais\\\/#primaryimage\",\"url\":\"https:\\\/\\\/www.eldiariodetucuman.com\\\/web\\\/wp-content\\\/uploads\\\/2018\\\/12\\\/induspol.jpg\",\"contentUrl\":\"https:\\\/\\\/www.eldiariodetucuman.com\\\/web\\\/wp-content\\\/uploads\\\/2018\\\/12\\\/induspol.jpg\",\"width\":730,\"height\":410},{\"@type\":\"BreadcrumbList\",\"@id\":\"https:\\\/\\\/www.eldiariodetucuman.com\\\/web\\\/una-menos-cerro-una-de-las-cuatro-fabricas-de-telgopor-del-pais\\\/#breadcrumb\",\"itemListElement\":[{\"@type\":\"ListItem\",\"position\":1,\"name\":\"Portada\",\"item\":\"https:\\\/\\\/www.eldiariodetucuman.com\\\/web\\\/\"},{\"@type\":\"ListItem\",\"position\":2,\"name\":\"Una menos: Cerr\u00f3 una de las cuatro f\u00e1bricas de telgopor del pa\u00eds\"}]},{\"@type\":\"WebSite\",\"@id\":\"https:\\\/\\\/www.eldiariodetucuman.com\\\/web\\\/#website\",\"url\":\"https:\\\/\\\/www.eldiariodetucuman.com\\\/web\\\/\",\"name\":\"El Diario de Tucuman\",\"description\":\"Diario Tucuman - Informaci\u00f3n y noticias\",\"publisher\":{\"@id\":\"https:\\\/\\\/www.eldiariodetucuman.com\\\/web\\\/#organization\"},\"potentialAction\":[{\"@type\":\"SearchAction\",\"target\":{\"@type\":\"EntryPoint\",\"urlTemplate\":\"https:\\\/\\\/www.eldiariodetucuman.com\\\/web\\\/?s={search_term_string}\"},\"query-input\":{\"@type\":\"PropertyValueSpecification\",\"valueRequired\":true,\"valueName\":\"search_term_string\"}}],\"inLanguage\":\"es\"},{\"@type\":\"Organization\",\"@id\":\"https:\\\/\\\/www.eldiariodetucuman.com\\\/web\\\/#organization\",\"name\":\"El Diario de Tucuman\",\"url\":\"https:\\\/\\\/www.eldiariodetucuman.com\\\/web\\\/\",\"logo\":{\"@type\":\"ImageObject\",\"inLanguage\":\"es\",\"@id\":\"https:\\\/\\\/www.eldiariodetucuman.com\\\/web\\\/#\\\/schema\\\/logo\\\/image\\\/\",\"url\":\"http:\\\/\\\/www.eldiariodetucuman.com\\\/web\\\/wp-content\\\/uploads\\\/2017\\\/12\\\/el-diario-de-tucuman.jpg\",\"contentUrl\":\"http:\\\/\\\/www.eldiariodetucuman.com\\\/web\\\/wp-content\\\/uploads\\\/2017\\\/12\\\/el-diario-de-tucuman.jpg\",\"width\":272,\"height\":92,\"caption\":\"El Diario de Tucuman\"},\"image\":{\"@id\":\"https:\\\/\\\/www.eldiariodetucuman.com\\\/web\\\/#\\\/schema\\\/logo\\\/image\\\/\"}},{\"@type\":\"Person\",\"@id\":\"https:\\\/\\\/www.eldiariodetucuman.com\\\/web\\\/#\\\/schema\\\/person\\\/7e6644a46e60888f6b868594407e08dd\",\"name\":\"Redactor Uno\",\"image\":{\"@type\":\"ImageObject\",\"inLanguage\":\"es\",\"@id\":\"https:\\\/\\\/secure.gravatar.com\\\/avatar\\\/0049b1bdf1bd548385c9ea6b9356431717930913089febd2ba904f0187d7d074?s=96&d=mm&r=g\",\"url\":\"https:\\\/\\\/secure.gravatar.com\\\/avatar\\\/0049b1bdf1bd548385c9ea6b9356431717930913089febd2ba904f0187d7d074?s=96&d=mm&r=g\",\"contentUrl\":\"https:\\\/\\\/secure.gravatar.com\\\/avatar\\\/0049b1bdf1bd548385c9ea6b9356431717930913089febd2ba904f0187d7d074?s=96&d=mm&r=g\",\"caption\":\"Redactor Uno\"},\"url\":\"https:\\\/\\\/www.eldiariodetucuman.com\\\/web\\\/author\\\/mramasco\\\/\"}]}<\/script>\n<!-- \/ Yoast SEO plugin. -->","yoast_head_json":{"title":"Una menos: Cerr\u00f3 una de las cuatro f\u00e1bricas de telgopor del pa\u00eds - El Diario de Tucuman","robots":{"index":"index","follow":"follow","max-snippet":"max-snippet:-1","max-image-preview":"max-image-preview:large","max-video-preview":"max-video-preview:-1"},"canonical":"https:\/\/www.eldiariodetucuman.com\/web\/una-menos-cerro-una-de-las-cuatro-fabricas-de-telgopor-del-pais\/","og_locale":"es_ES","og_type":"article","og_title":"Una menos: Cerr\u00f3 una de las cuatro f\u00e1bricas de telgopor del pa\u00eds - El Diario de Tucuman","og_description":"Los due\u00f1os informaron del \u00abcierre definitivo\u00bb a sus 37 trabajadores a trav\u00e9s de un cartel en la puerta de la planta.","og_url":"https:\/\/www.eldiariodetucuman.com\/web\/una-menos-cerro-una-de-las-cuatro-fabricas-de-telgopor-del-pais\/","og_site_name":"El Diario de Tucuman","article_published_time":"2018-12-06T18:15:02+00:00","og_image":[{"width":730,"height":410,"url":"https:\/\/www.eldiariodetucuman.com\/web\/wp-content\/uploads\/2018\/12\/induspol.jpg","type":"image\/jpeg"}],"author":"Redactor Uno","twitter_card":"summary_large_image","twitter_misc":{"Escrito por":"Redactor Uno","Tiempo de lectura":"2 minutos"},"schema":{"@context":"https:\/\/schema.org","@graph":[{"@type":"Article","@id":"https:\/\/www.eldiariodetucuman.com\/web\/una-menos-cerro-una-de-las-cuatro-fabricas-de-telgopor-del-pais\/#article","isPartOf":{"@id":"https:\/\/www.eldiariodetucuman.com\/web\/una-menos-cerro-una-de-las-cuatro-fabricas-de-telgopor-del-pais\/"},"author":{"name":"Redactor Uno","@id":"https:\/\/www.eldiariodetucuman.com\/web\/#\/schema\/person\/7e6644a46e60888f6b868594407e08dd"},"headline":"Una menos: Cerr\u00f3 una de las cuatro f\u00e1bricas de telgopor del pa\u00eds","datePublished":"2018-12-06T18:15:02+00:00","mainEntityOfPage":{"@id":"https:\/\/www.eldiariodetucuman.com\/web\/una-menos-cerro-una-de-las-cuatro-fabricas-de-telgopor-del-pais\/"},"wordCount":448,"publisher":{"@id":"https:\/\/www.eldiariodetucuman.com\/web\/#organization"},"image":{"@id":"https:\/\/www.eldiariodetucuman.com\/web\/una-menos-cerro-una-de-las-cuatro-fabricas-de-telgopor-del-pais\/#primaryimage"},"thumbnailUrl":"https:\/\/www.eldiariodetucuman.com\/web\/wp-content\/uploads\/2018\/12\/induspol.jpg","keywords":["cierre","crisis","economia"],"articleSection":["Actualidad"],"inLanguage":"es"},{"@type":"WebPage","@id":"https:\/\/www.eldiariodetucuman.com\/web\/una-menos-cerro-una-de-las-cuatro-fabricas-de-telgopor-del-pais\/","url":"https:\/\/www.eldiariodetucuman.com\/web\/una-menos-cerro-una-de-las-cuatro-fabricas-de-telgopor-del-pais\/","name":"Una menos: Cerr\u00f3 una de las cuatro f\u00e1bricas de telgopor del pa\u00eds - El Diario de Tucuman","isPartOf":{"@id":"https:\/\/www.eldiariodetucuman.com\/web\/#website"},"primaryImageOfPage":{"@id":"https:\/\/www.eldiariodetucuman.com\/web\/una-menos-cerro-una-de-las-cuatro-fabricas-de-telgopor-del-pais\/#primaryimage"},"image":{"@id":"https:\/\/www.eldiariodetucuman.com\/web\/una-menos-cerro-una-de-las-cuatro-fabricas-de-telgopor-del-pais\/#primaryimage"},"thumbnailUrl":"https:\/\/www.eldiariodetucuman.com\/web\/wp-content\/uploads\/2018\/12\/induspol.jpg","datePublished":"2018-12-06T18:15:02+00:00","breadcrumb":{"@id":"https:\/\/www.eldiariodetucuman.com\/web\/una-menos-cerro-una-de-las-cuatro-fabricas-de-telgopor-del-pais\/#breadcrumb"},"inLanguage":"es","potentialAction":[{"@type":"ReadAction","target":["https:\/\/www.eldiariodetucuman.com\/web\/una-menos-cerro-una-de-las-cuatro-fabricas-de-telgopor-del-pais\/"]}]},{"@type":"ImageObject","inLanguage":"es","@id":"https:\/\/www.eldiariodetucuman.com\/web\/una-menos-cerro-una-de-las-cuatro-fabricas-de-telgopor-del-pais\/#primaryimage","url":"https:\/\/www.eldiariodetucuman.com\/web\/wp-content\/uploads\/2018\/12\/induspol.jpg","contentUrl":"https:\/\/www.eldiariodetucuman.com\/web\/wp-content\/uploads\/2018\/12\/induspol.jpg","width":730,"height":410},{"@type":"BreadcrumbList","@id":"https:\/\/www.eldiariodetucuman.com\/web\/una-menos-cerro-una-de-las-cuatro-fabricas-de-telgopor-del-pais\/#breadcrumb","itemListElement":[{"@type":"ListItem","position":1,"name":"Portada","item":"https:\/\/www.eldiariodetucuman.com\/web\/"},{"@type":"ListItem","position":2,"name":"Una menos: Cerr\u00f3 una de las cuatro f\u00e1bricas de telgopor del pa\u00eds"}]},{"@type":"WebSite","@id":"https:\/\/www.eldiariodetucuman.com\/web\/#website","url":"https:\/\/www.eldiariodetucuman.com\/web\/","name":"El Diario de Tucuman","description":"Diario Tucuman - Informaci\u00f3n y noticias","publisher":{"@id":"https:\/\/www.eldiariodetucuman.com\/web\/#organization"},"potentialAction":[{"@type":"SearchAction","target":{"@type":"EntryPoint","urlTemplate":"https:\/\/www.eldiariodetucuman.com\/web\/?s={search_term_string}"},"query-input":{"@type":"PropertyValueSpecification","valueRequired":true,"valueName":"search_term_string"}}],"inLanguage":"es"},{"@type":"Organization","@id":"https:\/\/www.eldiariodetucuman.com\/web\/#organization","name":"El Diario de Tucuman","url":"https:\/\/www.eldiariodetucuman.com\/web\/","logo":{"@type":"ImageObject","inLanguage":"es","@id":"https:\/\/www.eldiariodetucuman.com\/web\/#\/schema\/logo\/image\/","url":"http:\/\/www.eldiariodetucuman.com\/web\/wp-content\/uploads\/2017\/12\/el-diario-de-tucuman.jpg","contentUrl":"http:\/\/www.eldiariodetucuman.com\/web\/wp-content\/uploads\/2017\/12\/el-diario-de-tucuman.jpg","width":272,"height":92,"caption":"El Diario de Tucuman"},"image":{"@id":"https:\/\/www.eldiariodetucuman.com\/web\/#\/schema\/logo\/image\/"}},{"@type":"Person","@id":"https:\/\/www.eldiariodetucuman.com\/web\/#\/schema\/person\/7e6644a46e60888f6b868594407e08dd","name":"Redactor Uno","image":{"@type":"ImageObject","inLanguage":"es","@id":"https:\/\/secure.gravatar.com\/avatar\/0049b1bdf1bd548385c9ea6b9356431717930913089febd2ba904f0187d7d074?s=96&d=mm&r=g","url":"https:\/\/secure.gravatar.com\/avatar\/0049b1bdf1bd548385c9ea6b9356431717930913089febd2ba904f0187d7d074?s=96&d=mm&r=g","contentUrl":"https:\/\/secure.gravatar.com\/avatar\/0049b1bdf1bd548385c9ea6b9356431717930913089febd2ba904f0187d7d074?s=96&d=mm&r=g","caption":"Redactor Uno"},"url":"https:\/\/www.eldiariodetucuman.com\/web\/author\/mramasco\/"}]}},"_links":{"self":[{"href":"https:\/\/www.eldiariodetucuman.com\/web\/wp-json\/wp\/v2\/posts\/20307","targetHints":{"allow":["GET"]}}],"collection":[{"href":"https:\/\/www.eldiariodetucuman.com\/web\/wp-json\/wp\/v2\/posts"}],"about":[{"href":"https:\/\/www.eldiariodetucuman.com\/web\/wp-json\/wp\/v2\/types\/post"}],"author":[{"embeddable":true,"href":"https:\/\/www.eldiariodetucuman.com\/web\/wp-json\/wp\/v2\/users\/5"}],"replies":[{"embeddable":true,"href":"https:\/\/www.eldiariodetucuman.com\/web\/wp-json\/wp\/v2\/comments?post=20307"}],"version-history":[{"count":1,"href":"https:\/\/www.eldiariodetucuman.com\/web\/wp-json\/wp\/v2\/posts\/20307\/revisions"}],"predecessor-version":[{"id":20309,"href":"https:\/\/www.eldiariodetucuman.com\/web\/wp-json\/wp\/v2\/posts\/20307\/revisions\/20309"}],"wp:featuredmedia":[{"embeddable":true,"href":"https:\/\/www.eldiariodetucuman.com\/web\/wp-json\/wp\/v2\/media\/20308"}],"wp:attachment":[{"href":"https:\/\/www.eldiariodetucuman.com\/web\/wp-json\/wp\/v2\/media?parent=20307"}],"wp:term":[{"taxonomy":"category","embeddable":true,"href":"https:\/\/www.eldiariodetucuman.com\/web\/wp-json\/wp\/v2\/categories?post=20307"},{"taxonomy":"post_tag","embeddable":true,"href":"https:\/\/www.eldiariodetucuman.com\/web\/wp-json\/wp\/v2\/tags?post=20307"}],"curies":[{"name":"wp","href":"https:\/\/api.w.org\/{rel}","templated":true}]}}