{"id":20303,"date":"2018-12-06T14:51:38","date_gmt":"2018-12-06T17:51:38","guid":{"rendered":"http:\/\/www.eldiariodetucuman.com\/web\/?p=20303"},"modified":"2018-12-06T14:51:58","modified_gmt":"2018-12-06T17:51:58","slug":"empleados-de-la-caja-popular-se-formaran-en-la-universidad-austral","status":"publish","type":"post","link":"https:\/\/www.eldiariodetucuman.com\/web\/empleados-de-la-caja-popular-se-formaran-en-la-universidad-austral\/","title":{"rendered":"Empleados de la Caja Popular se formar\u00e1n en la Universidad Austral"},"content":{"rendered":"<div class=\"mom-post-meta single-post-meta\">Con el objetivo de mejorar el servicio que la Caja Popular de Ahorra brinda a la comunidad, la entidad firm\u00f3 un convenio con la Universidad Austral.<\/div>\n<p><!--more--><\/p>\n<div class=\"entry-content\">\n<p class=\"selectionShareable\"><a href=\"http:\/\/comunicaciontucuman.gob.ar\/wp-content\/uploads\/2018\/12\/Caja-Popular-Universidad-Austral-convenio-LS-2.jpg\"><img loading=\"lazy\" decoding=\"async\" class=\"size-medium wp-image-186339 alignright disappear appear\" src=\"http:\/\/comunicaciontucuman.gob.ar\/wp-content\/uploads\/2018\/12\/Caja-Popular-Universidad-Austral-convenio-LS-2-300x166.jpg\" alt=\"Caja-Popular-Universidad-Austral-convenio-LS-2\" width=\"300\" height=\"166\" \/><\/a><\/p>\n<p class=\"selectionShareable\">La vinculaci\u00f3n va a permitir generar mayor capacitaci\u00f3n en quienes integran la Caja. \u201cHay que tener funcionarios debidamente actualizados y para eso se recurri\u00f3 a la Universidad Nacional de Tucum\u00e1n (UNT) como a la Universidad Austral, dos de las mejores del pa\u00eds\u201d, expres\u00f3\u00a0<strong>Jos\u00e9 C\u00e9sar D\u00edaz<\/strong>, interventor de la entidad.<\/p>\n<p class=\"selectionShareable\">Seg\u00fan coment\u00f3 D\u00edaz, con la Casa de Altos Estudios tucumana, ya se est\u00e1 trabajando con la parte de asesoramiento y vinculaci\u00f3n en convenios marcos. Mientras que con la instituci\u00f3n universitaria radicada en Buenos Aires las capacitaciones rondar\u00e1n todo lo atinente a la actividad de la caja, desde el \u00e1rea de derecho, ciencias econ\u00f3micas, marketing, comunicaci\u00f3n y auditorias.<\/p>\n<p class=\"selectionShareable\"><strong>Carlos Vanney,<\/strong>\u00a0vicepresidente de la Asociacion de Graduados de la Universidad Austral, coment\u00f3 que la formaci\u00f3n se realizar\u00e1 en cursos de dos a cuatro meses, viniendo los profesores una vez por semana.<\/p>\n<p class=\"selectionShareable\">\u201cDe acuerdo a las necesidades de la Caja, la unidad acad\u00e9mica que corresponda va a brindar las capacitaciones. Se armar\u00e1 un programa a medida de la instituci\u00f3n y los profesores viajar\u00e1n a Tucuman para dictar las clases\u201d, cont\u00f3.<\/p>\n<\/div>\n<p><strong>Fuente:<\/strong>\u00a0<a href=\"http:\/\/comunicaciontucuman.gob.ar\/2018\/12\/la-universidad-austral-brindara-capacitaciones-a-personal-de-la-caja-popular\/\">http:\/\/comunicaciontucuman.gob.ar\/2018\/12\/la-universidad-austral-brindara-capacitaciones-a-personal-de-la-caja-popular\/<\/a><\/p>\n","protected":false},"excerpt":{"rendered":"<p>Con el objetivo de mejorar el servicio que la Caja Popular de Ahorra brinda a la comunidad, la entidad firm\u00f3 un convenio con la Universidad Austral.<\/p>\n","protected":false},"author":5,"featured_media":20304,"comment_status":"closed","ping_status":"open","sticky":false,"template":"","format":"standard","meta":{"footnotes":""},"categories":[2],"tags":[205,61,2268],"class_list":{"0":"post-20303","1":"post","2":"type-post","3":"status-publish","4":"format-standard","5":"has-post-thumbnail","7":"category-actualidad","8":"tag-caja-popular-de-ahorros","9":"tag-tucuman","10":"tag-universidad-austral"},"yoast_head":"<!-- This site is optimized with the Yoast SEO plugin v27.4 - https:\/\/yoast.com\/product\/yoast-seo-wordpress\/ -->\n<title>Empleados de la Caja Popular se formar\u00e1n en la Universidad Austral - El Diario de Tucuman<\/title>\n<meta name=\"robots\" content=\"index, follow, max-snippet:-1, max-image-preview:large, max-video-preview:-1\" \/>\n<link rel=\"canonical\" href=\"https:\/\/www.eldiariodetucuman.com\/web\/empleados-de-la-caja-popular-se-formaran-en-la-universidad-austral\/\" \/>\n<meta property=\"og:locale\" content=\"es_ES\" \/>\n<meta property=\"og:type\" content=\"article\" \/>\n<meta property=\"og:title\" content=\"Empleados de la Caja Popular se formar\u00e1n en la Universidad Austral - El Diario de Tucuman\" \/>\n<meta property=\"og:description\" content=\"Con el objetivo de mejorar el servicio que la Caja Popular de Ahorra brinda a la comunidad, la entidad firm\u00f3 un convenio con la Universidad Austral.\" \/>\n<meta property=\"og:url\" content=\"https:\/\/www.eldiariodetucuman.com\/web\/empleados-de-la-caja-popular-se-formaran-en-la-universidad-austral\/\" \/>\n<meta property=\"og:site_name\" content=\"El Diario de Tucuman\" \/>\n<meta property=\"article:published_time\" content=\"2018-12-06T17:51:38+00:00\" \/>\n<meta property=\"article:modified_time\" content=\"2018-12-06T17:51:58+00:00\" \/>\n<meta property=\"og:image\" content=\"https:\/\/www.eldiariodetucuman.com\/web\/wp-content\/uploads\/2018\/12\/convenio.jpg\" \/>\n\t<meta property=\"og:image:width\" content=\"750\" \/>\n\t<meta property=\"og:image:height\" content=\"416\" \/>\n\t<meta property=\"og:image:type\" content=\"image\/jpeg\" \/>\n<meta name=\"author\" content=\"Redactor Uno\" \/>\n<meta name=\"twitter:card\" content=\"summary_large_image\" \/>\n<meta name=\"twitter:label1\" content=\"Escrito por\" \/>\n\t<meta name=\"twitter:data1\" content=\"Redactor Uno\" \/>\n\t<meta name=\"twitter:label2\" content=\"Tiempo de lectura\" \/>\n\t<meta name=\"twitter:data2\" content=\"1 minuto\" \/>\n<script type=\"application\/ld+json\" class=\"yoast-schema-graph\">{\"@context\":\"https:\\\/\\\/schema.org\",\"@graph\":[{\"@type\":\"Article\",\"@id\":\"https:\\\/\\\/www.eldiariodetucuman.com\\\/web\\\/empleados-de-la-caja-popular-se-formaran-en-la-universidad-austral\\\/#article\",\"isPartOf\":{\"@id\":\"https:\\\/\\\/www.eldiariodetucuman.com\\\/web\\\/empleados-de-la-caja-popular-se-formaran-en-la-universidad-austral\\\/\"},\"author\":{\"name\":\"Redactor Uno\",\"@id\":\"https:\\\/\\\/www.eldiariodetucuman.com\\\/web\\\/#\\\/schema\\\/person\\\/7e6644a46e60888f6b868594407e08dd\"},\"headline\":\"Empleados de la Caja Popular se formar\u00e1n en la Universidad Austral\",\"datePublished\":\"2018-12-06T17:51:38+00:00\",\"dateModified\":\"2018-12-06T17:51:58+00:00\",\"mainEntityOfPage\":{\"@id\":\"https:\\\/\\\/www.eldiariodetucuman.com\\\/web\\\/empleados-de-la-caja-popular-se-formaran-en-la-universidad-austral\\\/\"},\"wordCount\":238,\"publisher\":{\"@id\":\"https:\\\/\\\/www.eldiariodetucuman.com\\\/web\\\/#organization\"},\"image\":{\"@id\":\"https:\\\/\\\/www.eldiariodetucuman.com\\\/web\\\/empleados-de-la-caja-popular-se-formaran-en-la-universidad-austral\\\/#primaryimage\"},\"thumbnailUrl\":\"https:\\\/\\\/www.eldiariodetucuman.com\\\/web\\\/wp-content\\\/uploads\\\/2018\\\/12\\\/convenio.jpg\",\"keywords\":[\"Caja Popular de Ahorros\",\"Tucuman\",\"Universidad Austral\"],\"articleSection\":[\"Actualidad\"],\"inLanguage\":\"es\"},{\"@type\":\"WebPage\",\"@id\":\"https:\\\/\\\/www.eldiariodetucuman.com\\\/web\\\/empleados-de-la-caja-popular-se-formaran-en-la-universidad-austral\\\/\",\"url\":\"https:\\\/\\\/www.eldiariodetucuman.com\\\/web\\\/empleados-de-la-caja-popular-se-formaran-en-la-universidad-austral\\\/\",\"name\":\"Empleados de la Caja Popular se formar\u00e1n en la Universidad Austral - El Diario de Tucuman\",\"isPartOf\":{\"@id\":\"https:\\\/\\\/www.eldiariodetucuman.com\\\/web\\\/#website\"},\"primaryImageOfPage\":{\"@id\":\"https:\\\/\\\/www.eldiariodetucuman.com\\\/web\\\/empleados-de-la-caja-popular-se-formaran-en-la-universidad-austral\\\/#primaryimage\"},\"image\":{\"@id\":\"https:\\\/\\\/www.eldiariodetucuman.com\\\/web\\\/empleados-de-la-caja-popular-se-formaran-en-la-universidad-austral\\\/#primaryimage\"},\"thumbnailUrl\":\"https:\\\/\\\/www.eldiariodetucuman.com\\\/web\\\/wp-content\\\/uploads\\\/2018\\\/12\\\/convenio.jpg\",\"datePublished\":\"2018-12-06T17:51:38+00:00\",\"dateModified\":\"2018-12-06T17:51:58+00:00\",\"breadcrumb\":{\"@id\":\"https:\\\/\\\/www.eldiariodetucuman.com\\\/web\\\/empleados-de-la-caja-popular-se-formaran-en-la-universidad-austral\\\/#breadcrumb\"},\"inLanguage\":\"es\",\"potentialAction\":[{\"@type\":\"ReadAction\",\"target\":[\"https:\\\/\\\/www.eldiariodetucuman.com\\\/web\\\/empleados-de-la-caja-popular-se-formaran-en-la-universidad-austral\\\/\"]}]},{\"@type\":\"ImageObject\",\"inLanguage\":\"es\",\"@id\":\"https:\\\/\\\/www.eldiariodetucuman.com\\\/web\\\/empleados-de-la-caja-popular-se-formaran-en-la-universidad-austral\\\/#primaryimage\",\"url\":\"https:\\\/\\\/www.eldiariodetucuman.com\\\/web\\\/wp-content\\\/uploads\\\/2018\\\/12\\\/convenio.jpg\",\"contentUrl\":\"https:\\\/\\\/www.eldiariodetucuman.com\\\/web\\\/wp-content\\\/uploads\\\/2018\\\/12\\\/convenio.jpg\",\"width\":750,\"height\":416},{\"@type\":\"BreadcrumbList\",\"@id\":\"https:\\\/\\\/www.eldiariodetucuman.com\\\/web\\\/empleados-de-la-caja-popular-se-formaran-en-la-universidad-austral\\\/#breadcrumb\",\"itemListElement\":[{\"@type\":\"ListItem\",\"position\":1,\"name\":\"Portada\",\"item\":\"https:\\\/\\\/www.eldiariodetucuman.com\\\/web\\\/\"},{\"@type\":\"ListItem\",\"position\":2,\"name\":\"Empleados de la Caja Popular se formar\u00e1n en la Universidad Austral\"}]},{\"@type\":\"WebSite\",\"@id\":\"https:\\\/\\\/www.eldiariodetucuman.com\\\/web\\\/#website\",\"url\":\"https:\\\/\\\/www.eldiariodetucuman.com\\\/web\\\/\",\"name\":\"El Diario de Tucuman\",\"description\":\"Diario Tucuman - Informaci\u00f3n y noticias\",\"publisher\":{\"@id\":\"https:\\\/\\\/www.eldiariodetucuman.com\\\/web\\\/#organization\"},\"potentialAction\":[{\"@type\":\"SearchAction\",\"target\":{\"@type\":\"EntryPoint\",\"urlTemplate\":\"https:\\\/\\\/www.eldiariodetucuman.com\\\/web\\\/?s={search_term_string}\"},\"query-input\":{\"@type\":\"PropertyValueSpecification\",\"valueRequired\":true,\"valueName\":\"search_term_string\"}}],\"inLanguage\":\"es\"},{\"@type\":\"Organization\",\"@id\":\"https:\\\/\\\/www.eldiariodetucuman.com\\\/web\\\/#organization\",\"name\":\"El Diario de Tucuman\",\"url\":\"https:\\\/\\\/www.eldiariodetucuman.com\\\/web\\\/\",\"logo\":{\"@type\":\"ImageObject\",\"inLanguage\":\"es\",\"@id\":\"https:\\\/\\\/www.eldiariodetucuman.com\\\/web\\\/#\\\/schema\\\/logo\\\/image\\\/\",\"url\":\"http:\\\/\\\/www.eldiariodetucuman.com\\\/web\\\/wp-content\\\/uploads\\\/2017\\\/12\\\/el-diario-de-tucuman.jpg\",\"contentUrl\":\"http:\\\/\\\/www.eldiariodetucuman.com\\\/web\\\/wp-content\\\/uploads\\\/2017\\\/12\\\/el-diario-de-tucuman.jpg\",\"width\":272,\"height\":92,\"caption\":\"El Diario de Tucuman\"},\"image\":{\"@id\":\"https:\\\/\\\/www.eldiariodetucuman.com\\\/web\\\/#\\\/schema\\\/logo\\\/image\\\/\"}},{\"@type\":\"Person\",\"@id\":\"https:\\\/\\\/www.eldiariodetucuman.com\\\/web\\\/#\\\/schema\\\/person\\\/7e6644a46e60888f6b868594407e08dd\",\"name\":\"Redactor Uno\",\"image\":{\"@type\":\"ImageObject\",\"inLanguage\":\"es\",\"@id\":\"https:\\\/\\\/secure.gravatar.com\\\/avatar\\\/0049b1bdf1bd548385c9ea6b9356431717930913089febd2ba904f0187d7d074?s=96&d=mm&r=g\",\"url\":\"https:\\\/\\\/secure.gravatar.com\\\/avatar\\\/0049b1bdf1bd548385c9ea6b9356431717930913089febd2ba904f0187d7d074?s=96&d=mm&r=g\",\"contentUrl\":\"https:\\\/\\\/secure.gravatar.com\\\/avatar\\\/0049b1bdf1bd548385c9ea6b9356431717930913089febd2ba904f0187d7d074?s=96&d=mm&r=g\",\"caption\":\"Redactor Uno\"},\"url\":\"https:\\\/\\\/www.eldiariodetucuman.com\\\/web\\\/author\\\/mramasco\\\/\"}]}<\/script>\n<!-- \/ Yoast SEO plugin. -->","yoast_head_json":{"title":"Empleados de la Caja Popular se formar\u00e1n en la Universidad Austral - El Diario de Tucuman","robots":{"index":"index","follow":"follow","max-snippet":"max-snippet:-1","max-image-preview":"max-image-preview:large","max-video-preview":"max-video-preview:-1"},"canonical":"https:\/\/www.eldiariodetucuman.com\/web\/empleados-de-la-caja-popular-se-formaran-en-la-universidad-austral\/","og_locale":"es_ES","og_type":"article","og_title":"Empleados de la Caja Popular se formar\u00e1n en la Universidad Austral - El Diario de Tucuman","og_description":"Con el objetivo de mejorar el servicio que la Caja Popular de Ahorra brinda a la comunidad, la entidad firm\u00f3 un convenio con la Universidad Austral.","og_url":"https:\/\/www.eldiariodetucuman.com\/web\/empleados-de-la-caja-popular-se-formaran-en-la-universidad-austral\/","og_site_name":"El Diario de Tucuman","article_published_time":"2018-12-06T17:51:38+00:00","article_modified_time":"2018-12-06T17:51:58+00:00","og_image":[{"width":750,"height":416,"url":"https:\/\/www.eldiariodetucuman.com\/web\/wp-content\/uploads\/2018\/12\/convenio.jpg","type":"image\/jpeg"}],"author":"Redactor Uno","twitter_card":"summary_large_image","twitter_misc":{"Escrito por":"Redactor Uno","Tiempo de lectura":"1 minuto"},"schema":{"@context":"https:\/\/schema.org","@graph":[{"@type":"Article","@id":"https:\/\/www.eldiariodetucuman.com\/web\/empleados-de-la-caja-popular-se-formaran-en-la-universidad-austral\/#article","isPartOf":{"@id":"https:\/\/www.eldiariodetucuman.com\/web\/empleados-de-la-caja-popular-se-formaran-en-la-universidad-austral\/"},"author":{"name":"Redactor Uno","@id":"https:\/\/www.eldiariodetucuman.com\/web\/#\/schema\/person\/7e6644a46e60888f6b868594407e08dd"},"headline":"Empleados de la Caja Popular se formar\u00e1n en la Universidad Austral","datePublished":"2018-12-06T17:51:38+00:00","dateModified":"2018-12-06T17:51:58+00:00","mainEntityOfPage":{"@id":"https:\/\/www.eldiariodetucuman.com\/web\/empleados-de-la-caja-popular-se-formaran-en-la-universidad-austral\/"},"wordCount":238,"publisher":{"@id":"https:\/\/www.eldiariodetucuman.com\/web\/#organization"},"image":{"@id":"https:\/\/www.eldiariodetucuman.com\/web\/empleados-de-la-caja-popular-se-formaran-en-la-universidad-austral\/#primaryimage"},"thumbnailUrl":"https:\/\/www.eldiariodetucuman.com\/web\/wp-content\/uploads\/2018\/12\/convenio.jpg","keywords":["Caja Popular de Ahorros","Tucuman","Universidad Austral"],"articleSection":["Actualidad"],"inLanguage":"es"},{"@type":"WebPage","@id":"https:\/\/www.eldiariodetucuman.com\/web\/empleados-de-la-caja-popular-se-formaran-en-la-universidad-austral\/","url":"https:\/\/www.eldiariodetucuman.com\/web\/empleados-de-la-caja-popular-se-formaran-en-la-universidad-austral\/","name":"Empleados de la Caja Popular se formar\u00e1n en la Universidad Austral - El Diario de Tucuman","isPartOf":{"@id":"https:\/\/www.eldiariodetucuman.com\/web\/#website"},"primaryImageOfPage":{"@id":"https:\/\/www.eldiariodetucuman.com\/web\/empleados-de-la-caja-popular-se-formaran-en-la-universidad-austral\/#primaryimage"},"image":{"@id":"https:\/\/www.eldiariodetucuman.com\/web\/empleados-de-la-caja-popular-se-formaran-en-la-universidad-austral\/#primaryimage"},"thumbnailUrl":"https:\/\/www.eldiariodetucuman.com\/web\/wp-content\/uploads\/2018\/12\/convenio.jpg","datePublished":"2018-12-06T17:51:38+00:00","dateModified":"2018-12-06T17:51:58+00:00","breadcrumb":{"@id":"https:\/\/www.eldiariodetucuman.com\/web\/empleados-de-la-caja-popular-se-formaran-en-la-universidad-austral\/#breadcrumb"},"inLanguage":"es","potentialAction":[{"@type":"ReadAction","target":["https:\/\/www.eldiariodetucuman.com\/web\/empleados-de-la-caja-popular-se-formaran-en-la-universidad-austral\/"]}]},{"@type":"ImageObject","inLanguage":"es","@id":"https:\/\/www.eldiariodetucuman.com\/web\/empleados-de-la-caja-popular-se-formaran-en-la-universidad-austral\/#primaryimage","url":"https:\/\/www.eldiariodetucuman.com\/web\/wp-content\/uploads\/2018\/12\/convenio.jpg","contentUrl":"https:\/\/www.eldiariodetucuman.com\/web\/wp-content\/uploads\/2018\/12\/convenio.jpg","width":750,"height":416},{"@type":"BreadcrumbList","@id":"https:\/\/www.eldiariodetucuman.com\/web\/empleados-de-la-caja-popular-se-formaran-en-la-universidad-austral\/#breadcrumb","itemListElement":[{"@type":"ListItem","position":1,"name":"Portada","item":"https:\/\/www.eldiariodetucuman.com\/web\/"},{"@type":"ListItem","position":2,"name":"Empleados de la Caja Popular se formar\u00e1n en la Universidad Austral"}]},{"@type":"WebSite","@id":"https:\/\/www.eldiariodetucuman.com\/web\/#website","url":"https:\/\/www.eldiariodetucuman.com\/web\/","name":"El Diario de Tucuman","description":"Diario Tucuman - Informaci\u00f3n y noticias","publisher":{"@id":"https:\/\/www.eldiariodetucuman.com\/web\/#organization"},"potentialAction":[{"@type":"SearchAction","target":{"@type":"EntryPoint","urlTemplate":"https:\/\/www.eldiariodetucuman.com\/web\/?s={search_term_string}"},"query-input":{"@type":"PropertyValueSpecification","valueRequired":true,"valueName":"search_term_string"}}],"inLanguage":"es"},{"@type":"Organization","@id":"https:\/\/www.eldiariodetucuman.com\/web\/#organization","name":"El Diario de Tucuman","url":"https:\/\/www.eldiariodetucuman.com\/web\/","logo":{"@type":"ImageObject","inLanguage":"es","@id":"https:\/\/www.eldiariodetucuman.com\/web\/#\/schema\/logo\/image\/","url":"http:\/\/www.eldiariodetucuman.com\/web\/wp-content\/uploads\/2017\/12\/el-diario-de-tucuman.jpg","contentUrl":"http:\/\/www.eldiariodetucuman.com\/web\/wp-content\/uploads\/2017\/12\/el-diario-de-tucuman.jpg","width":272,"height":92,"caption":"El Diario de Tucuman"},"image":{"@id":"https:\/\/www.eldiariodetucuman.com\/web\/#\/schema\/logo\/image\/"}},{"@type":"Person","@id":"https:\/\/www.eldiariodetucuman.com\/web\/#\/schema\/person\/7e6644a46e60888f6b868594407e08dd","name":"Redactor Uno","image":{"@type":"ImageObject","inLanguage":"es","@id":"https:\/\/secure.gravatar.com\/avatar\/0049b1bdf1bd548385c9ea6b9356431717930913089febd2ba904f0187d7d074?s=96&d=mm&r=g","url":"https:\/\/secure.gravatar.com\/avatar\/0049b1bdf1bd548385c9ea6b9356431717930913089febd2ba904f0187d7d074?s=96&d=mm&r=g","contentUrl":"https:\/\/secure.gravatar.com\/avatar\/0049b1bdf1bd548385c9ea6b9356431717930913089febd2ba904f0187d7d074?s=96&d=mm&r=g","caption":"Redactor Uno"},"url":"https:\/\/www.eldiariodetucuman.com\/web\/author\/mramasco\/"}]}},"_links":{"self":[{"href":"https:\/\/www.eldiariodetucuman.com\/web\/wp-json\/wp\/v2\/posts\/20303","targetHints":{"allow":["GET"]}}],"collection":[{"href":"https:\/\/www.eldiariodetucuman.com\/web\/wp-json\/wp\/v2\/posts"}],"about":[{"href":"https:\/\/www.eldiariodetucuman.com\/web\/wp-json\/wp\/v2\/types\/post"}],"author":[{"embeddable":true,"href":"https:\/\/www.eldiariodetucuman.com\/web\/wp-json\/wp\/v2\/users\/5"}],"replies":[{"embeddable":true,"href":"https:\/\/www.eldiariodetucuman.com\/web\/wp-json\/wp\/v2\/comments?post=20303"}],"version-history":[{"count":2,"href":"https:\/\/www.eldiariodetucuman.com\/web\/wp-json\/wp\/v2\/posts\/20303\/revisions"}],"predecessor-version":[{"id":20306,"href":"https:\/\/www.eldiariodetucuman.com\/web\/wp-json\/wp\/v2\/posts\/20303\/revisions\/20306"}],"wp:featuredmedia":[{"embeddable":true,"href":"https:\/\/www.eldiariodetucuman.com\/web\/wp-json\/wp\/v2\/media\/20304"}],"wp:attachment":[{"href":"https:\/\/www.eldiariodetucuman.com\/web\/wp-json\/wp\/v2\/media?parent=20303"}],"wp:term":[{"taxonomy":"category","embeddable":true,"href":"https:\/\/www.eldiariodetucuman.com\/web\/wp-json\/wp\/v2\/categories?post=20303"},{"taxonomy":"post_tag","embeddable":true,"href":"https:\/\/www.eldiariodetucuman.com\/web\/wp-json\/wp\/v2\/tags?post=20303"}],"curies":[{"name":"wp","href":"https:\/\/api.w.org\/{rel}","templated":true}]}}