{"id":20300,"date":"2018-12-06T13:57:22","date_gmt":"2018-12-06T16:57:22","guid":{"rendered":"http:\/\/www.eldiariodetucuman.com\/web\/?p=20300"},"modified":"2018-12-06T13:57:22","modified_gmt":"2018-12-06T16:57:22","slug":"arregui-se-va-de-san-martin","status":"publish","type":"post","link":"https:\/\/www.eldiariodetucuman.com\/web\/arregui-se-va-de-san-martin\/","title":{"rendered":"\u00bfArregui se va de San Mart\u00edn?"},"content":{"rendered":"<header class=\"entry-header\"><\/header>\n<div class=\"entry-content herald-entry-content\">\n<div class=\"addtoany_share_save_container addtoany_content addtoany_content_top\">\n<div class=\"a2a_kit a2a_kit_size_32 addtoany_list\" data-a2a-url=\"http:\/\/www.losprimeros.tv\/nota\/74091\/arregui-se-despide-de-san-martin.html\" data-a2a-title=\"Arregui se despide de San Mart\u00edn\">Durante los \u00faltimos d\u00edas, los rumores acercaron al volante de\u00a0<strong>San Mart\u00edn<\/strong>,\u00a0<strong>Adri\u00e1n Arregui<\/strong>\u00a0al\u00a0<strong>AEK de Atenas<\/strong>\u00a0pero el pasado mi\u00e9rcoles, desde la misma directiva del club lo negaron. \u201c<strong>Con nosotros no se comunic\u00f3 nadie. Hasta que no nos llamen y nos sentemos a conversar, son s\u00f3lo rumores<\/strong>\u201c, afirm\u00f3 en Radio Nacional el vicepresidente\u00a0<strong>Ricardo Seoane<\/strong>.<\/div>\n<\/div>\n<\/div>\n<p><!--more--><\/p>\n<div class=\"entry-content herald-entry-content\">\n<div class=\"addtoany_share_save_container addtoany_content addtoany_content_top\">\n<p data-a2a-url=\"http:\/\/www.losprimeros.tv\/nota\/74091\/arregui-se-despide-de-san-martin.html\" data-a2a-title=\"Arregui se despide de San Mart\u00edn\">Mientras tanto, el\u00a0<strong>Sergio Gianturco<\/strong>, vicepresidente de\u00a0<strong>Temperley<\/strong>, due\u00f1o del pase del jugador, dijo todo lo contrario, \u201c<strong>Ojal\u00e1 que se haga la operaci\u00f3n, porque va ser beneficioso para el jugador y para Temperley. Se escuchar\u00e1 al jugador y siempre se tendr\u00e1 en cuenta lo que \u00e9l pretenda<\/strong>\u201c.<\/p>\n<p data-a2a-url=\"http:\/\/www.losprimeros.tv\/nota\/74091\/arregui-se-despide-de-san-martin.html\" data-a2a-title=\"Arregui se despide de San Mart\u00edn\">Ante esta situaci\u00f3n, el mismo jugador dio declaraciones a\u00a0El Tucumano\u00a0y casi que termin\u00f3 con esta novela, \u201c<strong>Me voy a Buenos Aires y quiero creer que no vuelvo a\u00a0Tucum\u00e1n\u00a0despu\u00e9s del partido con\u00a0Newell\u2019s.\u00a0Ser\u00e1 el \u00faltimo.\u00a0Es una oferta que le hace bien a San Mart\u00edn (ten\u00eda la opci\u00f3n de compra) y a\u00a0Temperley\u00a0(due\u00f1o del pase).\u00a0Es una oportunidad linda que se me da y uno de los sue\u00f1os que es jugar en el f\u00fatbol de Europa<\/strong>\u201c.<\/p>\n<p data-a2a-url=\"http:\/\/www.losprimeros.tv\/nota\/74091\/arregui-se-despide-de-san-martin.html\" data-a2a-title=\"Arregui se despide de San Mart\u00edn\"><strong>Fuente:<\/strong>\u00a0<a href=\"http:\/\/www.losprimeros.tv\/nota\/74091\/arregui-se-despide-de-san-martin.html\">http:\/\/www.losprimeros.tv\/nota\/74091\/arregui-se-despide-de-san-martin.html<\/a><\/p>\n<\/div>\n<\/div>\n","protected":false},"excerpt":{"rendered":"<p>Durante los \u00faltimos d\u00edas, los rumores acercaron al volante de\u00a0San Mart\u00edn,\u00a0Adri\u00e1n Arregui\u00a0al\u00a0AEK de Atenas\u00a0pero el pasado mi\u00e9rcoles, desde la misma directiva del club lo negaron. \u201cCon nosotros no se comunic\u00f3 nadie. Hasta que no nos llamen y nos sentemos a conversar, son s\u00f3lo rumores\u201c, afirm\u00f3 en Radio Nacional el vicepresidente\u00a0Ricardo Seoane.<\/p>\n","protected":false},"author":5,"featured_media":20301,"comment_status":"closed","ping_status":"open","sticky":false,"template":"","format":"standard","meta":{"footnotes":""},"categories":[6],"tags":[2267,34,71,61],"class_list":{"0":"post-20300","1":"post","2":"type-post","3":"status-publish","4":"format-standard","5":"has-post-thumbnail","7":"category-deporte","8":"tag-arregui","9":"tag-futbol","10":"tag-san-martin","11":"tag-tucuman"},"yoast_head":"<!-- This site is optimized with the Yoast SEO plugin v27.4 - https:\/\/yoast.com\/product\/yoast-seo-wordpress\/ -->\n<title>\u00bfArregui se va de San Mart\u00edn? - El Diario de Tucuman<\/title>\n<meta name=\"robots\" content=\"index, follow, max-snippet:-1, max-image-preview:large, max-video-preview:-1\" \/>\n<link rel=\"canonical\" href=\"https:\/\/www.eldiariodetucuman.com\/web\/arregui-se-va-de-san-martin\/\" \/>\n<meta property=\"og:locale\" content=\"es_ES\" \/>\n<meta property=\"og:type\" content=\"article\" \/>\n<meta property=\"og:title\" content=\"\u00bfArregui se va de San Mart\u00edn? - El Diario de Tucuman\" \/>\n<meta property=\"og:description\" content=\"Durante los \u00faltimos d\u00edas, los rumores acercaron al volante de\u00a0San Mart\u00edn,\u00a0Adri\u00e1n Arregui\u00a0al\u00a0AEK de Atenas\u00a0pero el pasado mi\u00e9rcoles, desde la misma directiva del club lo negaron. \u201cCon nosotros no se comunic\u00f3 nadie. Hasta que no nos llamen y nos sentemos a conversar, son s\u00f3lo rumores\u201c, afirm\u00f3 en Radio Nacional el vicepresidente\u00a0Ricardo Seoane.\" \/>\n<meta property=\"og:url\" content=\"https:\/\/www.eldiariodetucuman.com\/web\/arregui-se-va-de-san-martin\/\" \/>\n<meta property=\"og:site_name\" content=\"El Diario de Tucuman\" \/>\n<meta property=\"article:published_time\" content=\"2018-12-06T16:57:22+00:00\" \/>\n<meta property=\"og:image\" content=\"https:\/\/www.eldiariodetucuman.com\/web\/wp-content\/uploads\/2018\/12\/sanmartin.jpg\" \/>\n\t<meta property=\"og:image:width\" content=\"1024\" \/>\n\t<meta property=\"og:image:height\" content=\"682\" \/>\n\t<meta property=\"og:image:type\" content=\"image\/jpeg\" \/>\n<meta name=\"author\" content=\"Redactor Uno\" \/>\n<meta name=\"twitter:card\" content=\"summary_large_image\" \/>\n<meta name=\"twitter:label1\" content=\"Escrito por\" \/>\n\t<meta name=\"twitter:data1\" content=\"Redactor Uno\" \/>\n\t<meta name=\"twitter:label2\" content=\"Tiempo de lectura\" \/>\n\t<meta name=\"twitter:data2\" content=\"1 minuto\" \/>\n<script type=\"application\/ld+json\" class=\"yoast-schema-graph\">{\"@context\":\"https:\\\/\\\/schema.org\",\"@graph\":[{\"@type\":\"Article\",\"@id\":\"https:\\\/\\\/www.eldiariodetucuman.com\\\/web\\\/arregui-se-va-de-san-martin\\\/#article\",\"isPartOf\":{\"@id\":\"https:\\\/\\\/www.eldiariodetucuman.com\\\/web\\\/arregui-se-va-de-san-martin\\\/\"},\"author\":{\"name\":\"Redactor Uno\",\"@id\":\"https:\\\/\\\/www.eldiariodetucuman.com\\\/web\\\/#\\\/schema\\\/person\\\/7e6644a46e60888f6b868594407e08dd\"},\"headline\":\"\u00bfArregui se va de San Mart\u00edn?\",\"datePublished\":\"2018-12-06T16:57:22+00:00\",\"mainEntityOfPage\":{\"@id\":\"https:\\\/\\\/www.eldiariodetucuman.com\\\/web\\\/arregui-se-va-de-san-martin\\\/\"},\"wordCount\":217,\"publisher\":{\"@id\":\"https:\\\/\\\/www.eldiariodetucuman.com\\\/web\\\/#organization\"},\"image\":{\"@id\":\"https:\\\/\\\/www.eldiariodetucuman.com\\\/web\\\/arregui-se-va-de-san-martin\\\/#primaryimage\"},\"thumbnailUrl\":\"https:\\\/\\\/www.eldiariodetucuman.com\\\/web\\\/wp-content\\\/uploads\\\/2018\\\/12\\\/sanmartin.jpg\",\"keywords\":[\"Arregui\",\"futbol\",\"san martin\",\"Tucuman\"],\"articleSection\":[\"Deporte\"],\"inLanguage\":\"es\"},{\"@type\":\"WebPage\",\"@id\":\"https:\\\/\\\/www.eldiariodetucuman.com\\\/web\\\/arregui-se-va-de-san-martin\\\/\",\"url\":\"https:\\\/\\\/www.eldiariodetucuman.com\\\/web\\\/arregui-se-va-de-san-martin\\\/\",\"name\":\"\u00bfArregui se va de San Mart\u00edn? - El Diario de Tucuman\",\"isPartOf\":{\"@id\":\"https:\\\/\\\/www.eldiariodetucuman.com\\\/web\\\/#website\"},\"primaryImageOfPage\":{\"@id\":\"https:\\\/\\\/www.eldiariodetucuman.com\\\/web\\\/arregui-se-va-de-san-martin\\\/#primaryimage\"},\"image\":{\"@id\":\"https:\\\/\\\/www.eldiariodetucuman.com\\\/web\\\/arregui-se-va-de-san-martin\\\/#primaryimage\"},\"thumbnailUrl\":\"https:\\\/\\\/www.eldiariodetucuman.com\\\/web\\\/wp-content\\\/uploads\\\/2018\\\/12\\\/sanmartin.jpg\",\"datePublished\":\"2018-12-06T16:57:22+00:00\",\"breadcrumb\":{\"@id\":\"https:\\\/\\\/www.eldiariodetucuman.com\\\/web\\\/arregui-se-va-de-san-martin\\\/#breadcrumb\"},\"inLanguage\":\"es\",\"potentialAction\":[{\"@type\":\"ReadAction\",\"target\":[\"https:\\\/\\\/www.eldiariodetucuman.com\\\/web\\\/arregui-se-va-de-san-martin\\\/\"]}]},{\"@type\":\"ImageObject\",\"inLanguage\":\"es\",\"@id\":\"https:\\\/\\\/www.eldiariodetucuman.com\\\/web\\\/arregui-se-va-de-san-martin\\\/#primaryimage\",\"url\":\"https:\\\/\\\/www.eldiariodetucuman.com\\\/web\\\/wp-content\\\/uploads\\\/2018\\\/12\\\/sanmartin.jpg\",\"contentUrl\":\"https:\\\/\\\/www.eldiariodetucuman.com\\\/web\\\/wp-content\\\/uploads\\\/2018\\\/12\\\/sanmartin.jpg\",\"width\":1024,\"height\":682},{\"@type\":\"BreadcrumbList\",\"@id\":\"https:\\\/\\\/www.eldiariodetucuman.com\\\/web\\\/arregui-se-va-de-san-martin\\\/#breadcrumb\",\"itemListElement\":[{\"@type\":\"ListItem\",\"position\":1,\"name\":\"Portada\",\"item\":\"https:\\\/\\\/www.eldiariodetucuman.com\\\/web\\\/\"},{\"@type\":\"ListItem\",\"position\":2,\"name\":\"\u00bfArregui se va de San Mart\u00edn?\"}]},{\"@type\":\"WebSite\",\"@id\":\"https:\\\/\\\/www.eldiariodetucuman.com\\\/web\\\/#website\",\"url\":\"https:\\\/\\\/www.eldiariodetucuman.com\\\/web\\\/\",\"name\":\"El Diario de Tucuman\",\"description\":\"Diario Tucuman - Informaci\u00f3n y noticias\",\"publisher\":{\"@id\":\"https:\\\/\\\/www.eldiariodetucuman.com\\\/web\\\/#organization\"},\"potentialAction\":[{\"@type\":\"SearchAction\",\"target\":{\"@type\":\"EntryPoint\",\"urlTemplate\":\"https:\\\/\\\/www.eldiariodetucuman.com\\\/web\\\/?s={search_term_string}\"},\"query-input\":{\"@type\":\"PropertyValueSpecification\",\"valueRequired\":true,\"valueName\":\"search_term_string\"}}],\"inLanguage\":\"es\"},{\"@type\":\"Organization\",\"@id\":\"https:\\\/\\\/www.eldiariodetucuman.com\\\/web\\\/#organization\",\"name\":\"El Diario de Tucuman\",\"url\":\"https:\\\/\\\/www.eldiariodetucuman.com\\\/web\\\/\",\"logo\":{\"@type\":\"ImageObject\",\"inLanguage\":\"es\",\"@id\":\"https:\\\/\\\/www.eldiariodetucuman.com\\\/web\\\/#\\\/schema\\\/logo\\\/image\\\/\",\"url\":\"http:\\\/\\\/www.eldiariodetucuman.com\\\/web\\\/wp-content\\\/uploads\\\/2017\\\/12\\\/el-diario-de-tucuman.jpg\",\"contentUrl\":\"http:\\\/\\\/www.eldiariodetucuman.com\\\/web\\\/wp-content\\\/uploads\\\/2017\\\/12\\\/el-diario-de-tucuman.jpg\",\"width\":272,\"height\":92,\"caption\":\"El Diario de Tucuman\"},\"image\":{\"@id\":\"https:\\\/\\\/www.eldiariodetucuman.com\\\/web\\\/#\\\/schema\\\/logo\\\/image\\\/\"}},{\"@type\":\"Person\",\"@id\":\"https:\\\/\\\/www.eldiariodetucuman.com\\\/web\\\/#\\\/schema\\\/person\\\/7e6644a46e60888f6b868594407e08dd\",\"name\":\"Redactor Uno\",\"image\":{\"@type\":\"ImageObject\",\"inLanguage\":\"es\",\"@id\":\"https:\\\/\\\/secure.gravatar.com\\\/avatar\\\/0049b1bdf1bd548385c9ea6b9356431717930913089febd2ba904f0187d7d074?s=96&d=mm&r=g\",\"url\":\"https:\\\/\\\/secure.gravatar.com\\\/avatar\\\/0049b1bdf1bd548385c9ea6b9356431717930913089febd2ba904f0187d7d074?s=96&d=mm&r=g\",\"contentUrl\":\"https:\\\/\\\/secure.gravatar.com\\\/avatar\\\/0049b1bdf1bd548385c9ea6b9356431717930913089febd2ba904f0187d7d074?s=96&d=mm&r=g\",\"caption\":\"Redactor Uno\"},\"url\":\"https:\\\/\\\/www.eldiariodetucuman.com\\\/web\\\/author\\\/mramasco\\\/\"}]}<\/script>\n<!-- \/ Yoast SEO plugin. -->","yoast_head_json":{"title":"\u00bfArregui se va de San Mart\u00edn? - El Diario de Tucuman","robots":{"index":"index","follow":"follow","max-snippet":"max-snippet:-1","max-image-preview":"max-image-preview:large","max-video-preview":"max-video-preview:-1"},"canonical":"https:\/\/www.eldiariodetucuman.com\/web\/arregui-se-va-de-san-martin\/","og_locale":"es_ES","og_type":"article","og_title":"\u00bfArregui se va de San Mart\u00edn? - El Diario de Tucuman","og_description":"Durante los \u00faltimos d\u00edas, los rumores acercaron al volante de\u00a0San Mart\u00edn,\u00a0Adri\u00e1n Arregui\u00a0al\u00a0AEK de Atenas\u00a0pero el pasado mi\u00e9rcoles, desde la misma directiva del club lo negaron. \u201cCon nosotros no se comunic\u00f3 nadie. Hasta que no nos llamen y nos sentemos a conversar, son s\u00f3lo rumores\u201c, afirm\u00f3 en Radio Nacional el vicepresidente\u00a0Ricardo Seoane.","og_url":"https:\/\/www.eldiariodetucuman.com\/web\/arregui-se-va-de-san-martin\/","og_site_name":"El Diario de Tucuman","article_published_time":"2018-12-06T16:57:22+00:00","og_image":[{"width":1024,"height":682,"url":"https:\/\/www.eldiariodetucuman.com\/web\/wp-content\/uploads\/2018\/12\/sanmartin.jpg","type":"image\/jpeg"}],"author":"Redactor Uno","twitter_card":"summary_large_image","twitter_misc":{"Escrito por":"Redactor Uno","Tiempo de lectura":"1 minuto"},"schema":{"@context":"https:\/\/schema.org","@graph":[{"@type":"Article","@id":"https:\/\/www.eldiariodetucuman.com\/web\/arregui-se-va-de-san-martin\/#article","isPartOf":{"@id":"https:\/\/www.eldiariodetucuman.com\/web\/arregui-se-va-de-san-martin\/"},"author":{"name":"Redactor Uno","@id":"https:\/\/www.eldiariodetucuman.com\/web\/#\/schema\/person\/7e6644a46e60888f6b868594407e08dd"},"headline":"\u00bfArregui se va de San Mart\u00edn?","datePublished":"2018-12-06T16:57:22+00:00","mainEntityOfPage":{"@id":"https:\/\/www.eldiariodetucuman.com\/web\/arregui-se-va-de-san-martin\/"},"wordCount":217,"publisher":{"@id":"https:\/\/www.eldiariodetucuman.com\/web\/#organization"},"image":{"@id":"https:\/\/www.eldiariodetucuman.com\/web\/arregui-se-va-de-san-martin\/#primaryimage"},"thumbnailUrl":"https:\/\/www.eldiariodetucuman.com\/web\/wp-content\/uploads\/2018\/12\/sanmartin.jpg","keywords":["Arregui","futbol","san martin","Tucuman"],"articleSection":["Deporte"],"inLanguage":"es"},{"@type":"WebPage","@id":"https:\/\/www.eldiariodetucuman.com\/web\/arregui-se-va-de-san-martin\/","url":"https:\/\/www.eldiariodetucuman.com\/web\/arregui-se-va-de-san-martin\/","name":"\u00bfArregui se va de San Mart\u00edn? - El Diario de Tucuman","isPartOf":{"@id":"https:\/\/www.eldiariodetucuman.com\/web\/#website"},"primaryImageOfPage":{"@id":"https:\/\/www.eldiariodetucuman.com\/web\/arregui-se-va-de-san-martin\/#primaryimage"},"image":{"@id":"https:\/\/www.eldiariodetucuman.com\/web\/arregui-se-va-de-san-martin\/#primaryimage"},"thumbnailUrl":"https:\/\/www.eldiariodetucuman.com\/web\/wp-content\/uploads\/2018\/12\/sanmartin.jpg","datePublished":"2018-12-06T16:57:22+00:00","breadcrumb":{"@id":"https:\/\/www.eldiariodetucuman.com\/web\/arregui-se-va-de-san-martin\/#breadcrumb"},"inLanguage":"es","potentialAction":[{"@type":"ReadAction","target":["https:\/\/www.eldiariodetucuman.com\/web\/arregui-se-va-de-san-martin\/"]}]},{"@type":"ImageObject","inLanguage":"es","@id":"https:\/\/www.eldiariodetucuman.com\/web\/arregui-se-va-de-san-martin\/#primaryimage","url":"https:\/\/www.eldiariodetucuman.com\/web\/wp-content\/uploads\/2018\/12\/sanmartin.jpg","contentUrl":"https:\/\/www.eldiariodetucuman.com\/web\/wp-content\/uploads\/2018\/12\/sanmartin.jpg","width":1024,"height":682},{"@type":"BreadcrumbList","@id":"https:\/\/www.eldiariodetucuman.com\/web\/arregui-se-va-de-san-martin\/#breadcrumb","itemListElement":[{"@type":"ListItem","position":1,"name":"Portada","item":"https:\/\/www.eldiariodetucuman.com\/web\/"},{"@type":"ListItem","position":2,"name":"\u00bfArregui se va de San Mart\u00edn?"}]},{"@type":"WebSite","@id":"https:\/\/www.eldiariodetucuman.com\/web\/#website","url":"https:\/\/www.eldiariodetucuman.com\/web\/","name":"El Diario de Tucuman","description":"Diario Tucuman - Informaci\u00f3n y noticias","publisher":{"@id":"https:\/\/www.eldiariodetucuman.com\/web\/#organization"},"potentialAction":[{"@type":"SearchAction","target":{"@type":"EntryPoint","urlTemplate":"https:\/\/www.eldiariodetucuman.com\/web\/?s={search_term_string}"},"query-input":{"@type":"PropertyValueSpecification","valueRequired":true,"valueName":"search_term_string"}}],"inLanguage":"es"},{"@type":"Organization","@id":"https:\/\/www.eldiariodetucuman.com\/web\/#organization","name":"El Diario de Tucuman","url":"https:\/\/www.eldiariodetucuman.com\/web\/","logo":{"@type":"ImageObject","inLanguage":"es","@id":"https:\/\/www.eldiariodetucuman.com\/web\/#\/schema\/logo\/image\/","url":"http:\/\/www.eldiariodetucuman.com\/web\/wp-content\/uploads\/2017\/12\/el-diario-de-tucuman.jpg","contentUrl":"http:\/\/www.eldiariodetucuman.com\/web\/wp-content\/uploads\/2017\/12\/el-diario-de-tucuman.jpg","width":272,"height":92,"caption":"El Diario de Tucuman"},"image":{"@id":"https:\/\/www.eldiariodetucuman.com\/web\/#\/schema\/logo\/image\/"}},{"@type":"Person","@id":"https:\/\/www.eldiariodetucuman.com\/web\/#\/schema\/person\/7e6644a46e60888f6b868594407e08dd","name":"Redactor Uno","image":{"@type":"ImageObject","inLanguage":"es","@id":"https:\/\/secure.gravatar.com\/avatar\/0049b1bdf1bd548385c9ea6b9356431717930913089febd2ba904f0187d7d074?s=96&d=mm&r=g","url":"https:\/\/secure.gravatar.com\/avatar\/0049b1bdf1bd548385c9ea6b9356431717930913089febd2ba904f0187d7d074?s=96&d=mm&r=g","contentUrl":"https:\/\/secure.gravatar.com\/avatar\/0049b1bdf1bd548385c9ea6b9356431717930913089febd2ba904f0187d7d074?s=96&d=mm&r=g","caption":"Redactor Uno"},"url":"https:\/\/www.eldiariodetucuman.com\/web\/author\/mramasco\/"}]}},"_links":{"self":[{"href":"https:\/\/www.eldiariodetucuman.com\/web\/wp-json\/wp\/v2\/posts\/20300","targetHints":{"allow":["GET"]}}],"collection":[{"href":"https:\/\/www.eldiariodetucuman.com\/web\/wp-json\/wp\/v2\/posts"}],"about":[{"href":"https:\/\/www.eldiariodetucuman.com\/web\/wp-json\/wp\/v2\/types\/post"}],"author":[{"embeddable":true,"href":"https:\/\/www.eldiariodetucuman.com\/web\/wp-json\/wp\/v2\/users\/5"}],"replies":[{"embeddable":true,"href":"https:\/\/www.eldiariodetucuman.com\/web\/wp-json\/wp\/v2\/comments?post=20300"}],"version-history":[{"count":1,"href":"https:\/\/www.eldiariodetucuman.com\/web\/wp-json\/wp\/v2\/posts\/20300\/revisions"}],"predecessor-version":[{"id":20302,"href":"https:\/\/www.eldiariodetucuman.com\/web\/wp-json\/wp\/v2\/posts\/20300\/revisions\/20302"}],"wp:featuredmedia":[{"embeddable":true,"href":"https:\/\/www.eldiariodetucuman.com\/web\/wp-json\/wp\/v2\/media\/20301"}],"wp:attachment":[{"href":"https:\/\/www.eldiariodetucuman.com\/web\/wp-json\/wp\/v2\/media?parent=20300"}],"wp:term":[{"taxonomy":"category","embeddable":true,"href":"https:\/\/www.eldiariodetucuman.com\/web\/wp-json\/wp\/v2\/categories?post=20300"},{"taxonomy":"post_tag","embeddable":true,"href":"https:\/\/www.eldiariodetucuman.com\/web\/wp-json\/wp\/v2\/tags?post=20300"}],"curies":[{"name":"wp","href":"https:\/\/api.w.org\/{rel}","templated":true}]}}