{"id":20296,"date":"2018-12-06T12:50:20","date_gmt":"2018-12-06T15:50:20","guid":{"rendered":"http:\/\/www.eldiariodetucuman.com\/web\/nenas-modelos-obligadas-a-adelgazar-tienen-anorexia-y-pueden-morir\/"},"modified":"2018-12-06T12:50:20","modified_gmt":"2018-12-06T15:50:20","slug":"nenas-modelos-obligadas-a-adelgazar-tienen-anorexia-y-pueden-morir","status":"publish","type":"post","link":"https:\/\/www.eldiariodetucuman.com\/web\/nenas-modelos-obligadas-a-adelgazar-tienen-anorexia-y-pueden-morir\/","title":{"rendered":"Nenas modelos obligadas a adelgazar tienen anorexia y pueden morir"},"content":{"rendered":"<div>\n<div itemprop=\"articleBody\" readability=\"73\">\n<p>Las gemelas rusas <strong>Masha<\/strong> y<strong> Dasha Ledeneva<\/strong>\u00a0tienen 14 a\u00f1os y si bien lograron concretar el sue\u00f1o\u00a0de salir en revistas y desfilar en las pasarelas, hoy en d\u00eda est\u00e1n peleando por su vida por su extrema delgadez.\u00a0<\/p>\n<p>Las j\u00f3venes rusas hab\u00edan logrado ingresar a una agencia que las representaban, pero sus familiares denunciaron que\u00a0las obligaron a bajar de peso de manera dr\u00e1stica\u00a0para cumplir con un canon de belleza irreal.<\/p>\n<p>Este mi\u00e9rcoles, se inform\u00f3 que ambas est\u00e1n internadas\u00a0en terapia intensiva, por un cuadro severo de\u00a0anorexia.<\/p>\n<div>\n<figure class=\"image\"><img decoding=\"async\" alt=\"\" data-height=\"459\" data-size=\"w:806,h:497\" data-width=\"745\" hspace=\"5\" src=\"https:\/\/www.cronica.com.ar\/export\/sites\/cronica\/img\/2018\/12\/05\/444.jpg_251771059.jpg\" title=\"\" vspace=\"5\"><figcaption>\n   Las hermanas en terapia intensiva.<br \/>\n  <\/figcaption><\/figure>\n<\/div>\n<p>El primer llamado de atenci\u00f3n lo hizo la activista<strong> Mar\u00eda Kokhno<\/strong>, quien se <em>\u00abasust\u00f3\u00bb<\/em> con las im\u00e1genes de las menores y realiz\u00f3 la denuncia correspondiente.<\/p>\n<p>Despu\u00e9s de eso, Kokhno, de 29 a\u00f1os, activista de v\u00edctimas de trastornos alimentarios, hizo p\u00fablica una desesperada llamada de ayuda m\u00e9dica porque las chicas\u00a0que corr\u00edan el riesgo de <em>\u00abmorir en casa\u00bb<\/em>\u00a0despu\u00e9s de que los m\u00e9dicos <em>\u00abse negaran\u00bb<\/em>\u00a0a intervenir.<\/p>\n<div>\n<figure class=\"image\"><img decoding=\"async\" alt=\"\" data-height=\"900\" data-size=\"w:720,h:900\" data-width=\"720\" hspace=\"5\" src=\"https:\/\/www.cronica.com.ar\/export\/sites\/cronica\/img\/2018\/12\/05\/hermanas.jpg_124020629.jpg\" title=\"\" vspace=\"5\"><figcaption>\n   Las modelos pelean por su vida.<br \/>\n  <\/figcaption><\/figure>\n<\/div>\n<p>Dasha lleg\u00f3 a pesar 36 kilogramos mientras su hermana Masha, 40\u00a0kilogramos, a las gemelas las hab\u00edan obligado a reducir su peso <em>\u00abhasta que sus huesos se hagan visibles y de esa manera conseguir m\u00e1s fotograf\u00edas\u00bb<\/em>.<\/p>\n<div>\n<figure class=\"image\"><img decoding=\"async\" alt=\"\" data-height=\"450\" data-size=\"w:650,h:450\" data-width=\"650\" hspace=\"5\" src=\"https:\/\/www.cronica.com.ar\/export\/sites\/cronica\/img\/2018\/12\/05\/gemela-anorexia-adentro.jpg_557225181.jpg\" title=\"\" vspace=\"5\"><figcaption>\n   Impactante imagen de la menor.<br \/>\n  <\/figcaption><\/figure>\n<\/div>\n<p>La madre de las j\u00f3venes revel\u00f3 que <em>\u00abLes dijeron que la forma del cuerpo de Dasha est\u00e1 bastante bien, pero Masha deber\u00eda deshacerse de un par de kilos. Las chicas lo oyeron\u00a0a su manera. Estas ni\u00f1as\u00a0siempre han sido perfectas en todo, as\u00ed que decidieron ser perfectas aqu\u00ed tambi\u00e9n. Todo sucedi\u00f3 muy r\u00e1pidamente . Al principio, empezaron a rechazar comida. Dijeron: no tendremos nada dulce esta noche o no tendremos ninguna fruta o solo tendremos ensalada\u00bb<\/em>.<\/p>\n<p>Lo que com\u00edan las gemelas era una chuleta y dos cucharadas de trigo sarraceno para la cena.<\/p>\n<\/div>\n<\/div>\n","protected":false},"excerpt":{"rendered":"<p>Las gemelas rusas Masha y Dasha Ledeneva\u00a0tienen 14 a\u00f1os y si bien lograron concretar el sue\u00f1o\u00a0de salir en revistas y desfilar en las pasarelas, hoy en d\u00eda est\u00e1n peleando por su vida por su extrema delgadez.\u00a0 Las j\u00f3venes rusas hab\u00edan logrado ingresar a una agencia que las representaban, pero sus familiares denunciaron que\u00a0las obligaron a [&hellip;]<\/p>\n","protected":false},"author":4,"featured_media":20297,"comment_status":"open","ping_status":"closed","sticky":false,"template":"","format":"standard","meta":{"footnotes":""},"categories":[194],"tags":[],"class_list":{"0":"post-20296","1":"post","2":"type-post","3":"status-publish","4":"format-standard","5":"has-post-thumbnail","7":"category-internacionales"},"yoast_head":"<!-- This site is optimized with the Yoast SEO plugin v27.4 - https:\/\/yoast.com\/product\/yoast-seo-wordpress\/ -->\n<title>Nenas modelos obligadas a adelgazar tienen anorexia y pueden morir - El Diario de Tucuman<\/title>\n<meta name=\"robots\" content=\"index, follow, max-snippet:-1, max-image-preview:large, max-video-preview:-1\" \/>\n<link rel=\"canonical\" href=\"https:\/\/www.eldiariodetucuman.com\/web\/nenas-modelos-obligadas-a-adelgazar-tienen-anorexia-y-pueden-morir\/\" \/>\n<meta property=\"og:locale\" content=\"es_ES\" \/>\n<meta property=\"og:type\" content=\"article\" \/>\n<meta property=\"og:title\" content=\"Nenas modelos obligadas a adelgazar tienen anorexia y pueden morir - El Diario de Tucuman\" \/>\n<meta property=\"og:description\" content=\"Las gemelas rusas Masha y Dasha Ledeneva\u00a0tienen 14 a\u00f1os y si bien lograron concretar el sue\u00f1o\u00a0de salir en revistas y desfilar en las pasarelas, hoy en d\u00eda est\u00e1n peleando por su vida por su extrema delgadez.\u00a0 Las j\u00f3venes rusas hab\u00edan logrado ingresar a una agencia que las representaban, pero sus familiares denunciaron que\u00a0las obligaron a [&hellip;]\" \/>\n<meta property=\"og:url\" content=\"https:\/\/www.eldiariodetucuman.com\/web\/nenas-modelos-obligadas-a-adelgazar-tienen-anorexia-y-pueden-morir\/\" \/>\n<meta property=\"og:site_name\" content=\"El Diario de Tucuman\" \/>\n<meta property=\"article:published_time\" content=\"2018-12-06T15:50:20+00:00\" \/>\n<meta property=\"og:image\" content=\"https:\/\/www.eldiariodetucuman.com\/web\/wp-content\/uploads\/2018\/12\/b93c06bea7d00e5d781c56b76affa143.jpeg\" \/>\n\t<meta property=\"og:image:width\" content=\"970\" \/>\n\t<meta property=\"og:image:height\" content=\"546\" \/>\n\t<meta property=\"og:image:type\" content=\"image\/jpeg\" \/>\n<meta name=\"author\" content=\"eldiario detucuman\" \/>\n<meta name=\"twitter:card\" content=\"summary_large_image\" \/>\n<meta name=\"twitter:label1\" content=\"Escrito por\" \/>\n\t<meta name=\"twitter:data1\" content=\"eldiario detucuman\" \/>\n\t<meta name=\"twitter:label2\" content=\"Tiempo de lectura\" \/>\n\t<meta name=\"twitter:data2\" content=\"2 minutos\" \/>\n<script type=\"application\/ld+json\" class=\"yoast-schema-graph\">{\"@context\":\"https:\\\/\\\/schema.org\",\"@graph\":[{\"@type\":\"Article\",\"@id\":\"https:\\\/\\\/www.eldiariodetucuman.com\\\/web\\\/nenas-modelos-obligadas-a-adelgazar-tienen-anorexia-y-pueden-morir\\\/#article\",\"isPartOf\":{\"@id\":\"https:\\\/\\\/www.eldiariodetucuman.com\\\/web\\\/nenas-modelos-obligadas-a-adelgazar-tienen-anorexia-y-pueden-morir\\\/\"},\"author\":{\"name\":\"eldiario detucuman\",\"@id\":\"https:\\\/\\\/www.eldiariodetucuman.com\\\/web\\\/#\\\/schema\\\/person\\\/6f95946e54fde848b878ffa4928071d5\"},\"headline\":\"Nenas modelos obligadas a adelgazar tienen anorexia y pueden morir\",\"datePublished\":\"2018-12-06T15:50:20+00:00\",\"mainEntityOfPage\":{\"@id\":\"https:\\\/\\\/www.eldiariodetucuman.com\\\/web\\\/nenas-modelos-obligadas-a-adelgazar-tienen-anorexia-y-pueden-morir\\\/\"},\"wordCount\":335,\"commentCount\":0,\"publisher\":{\"@id\":\"https:\\\/\\\/www.eldiariodetucuman.com\\\/web\\\/#organization\"},\"image\":{\"@id\":\"https:\\\/\\\/www.eldiariodetucuman.com\\\/web\\\/nenas-modelos-obligadas-a-adelgazar-tienen-anorexia-y-pueden-morir\\\/#primaryimage\"},\"thumbnailUrl\":\"https:\\\/\\\/www.eldiariodetucuman.com\\\/web\\\/wp-content\\\/uploads\\\/2018\\\/12\\\/b93c06bea7d00e5d781c56b76affa143.jpeg\",\"articleSection\":[\"Internacionales\"],\"inLanguage\":\"es\",\"potentialAction\":[{\"@type\":\"CommentAction\",\"name\":\"Comment\",\"target\":[\"https:\\\/\\\/www.eldiariodetucuman.com\\\/web\\\/nenas-modelos-obligadas-a-adelgazar-tienen-anorexia-y-pueden-morir\\\/#respond\"]}]},{\"@type\":\"WebPage\",\"@id\":\"https:\\\/\\\/www.eldiariodetucuman.com\\\/web\\\/nenas-modelos-obligadas-a-adelgazar-tienen-anorexia-y-pueden-morir\\\/\",\"url\":\"https:\\\/\\\/www.eldiariodetucuman.com\\\/web\\\/nenas-modelos-obligadas-a-adelgazar-tienen-anorexia-y-pueden-morir\\\/\",\"name\":\"Nenas modelos obligadas a adelgazar tienen anorexia y pueden morir - El Diario de Tucuman\",\"isPartOf\":{\"@id\":\"https:\\\/\\\/www.eldiariodetucuman.com\\\/web\\\/#website\"},\"primaryImageOfPage\":{\"@id\":\"https:\\\/\\\/www.eldiariodetucuman.com\\\/web\\\/nenas-modelos-obligadas-a-adelgazar-tienen-anorexia-y-pueden-morir\\\/#primaryimage\"},\"image\":{\"@id\":\"https:\\\/\\\/www.eldiariodetucuman.com\\\/web\\\/nenas-modelos-obligadas-a-adelgazar-tienen-anorexia-y-pueden-morir\\\/#primaryimage\"},\"thumbnailUrl\":\"https:\\\/\\\/www.eldiariodetucuman.com\\\/web\\\/wp-content\\\/uploads\\\/2018\\\/12\\\/b93c06bea7d00e5d781c56b76affa143.jpeg\",\"datePublished\":\"2018-12-06T15:50:20+00:00\",\"breadcrumb\":{\"@id\":\"https:\\\/\\\/www.eldiariodetucuman.com\\\/web\\\/nenas-modelos-obligadas-a-adelgazar-tienen-anorexia-y-pueden-morir\\\/#breadcrumb\"},\"inLanguage\":\"es\",\"potentialAction\":[{\"@type\":\"ReadAction\",\"target\":[\"https:\\\/\\\/www.eldiariodetucuman.com\\\/web\\\/nenas-modelos-obligadas-a-adelgazar-tienen-anorexia-y-pueden-morir\\\/\"]}]},{\"@type\":\"ImageObject\",\"inLanguage\":\"es\",\"@id\":\"https:\\\/\\\/www.eldiariodetucuman.com\\\/web\\\/nenas-modelos-obligadas-a-adelgazar-tienen-anorexia-y-pueden-morir\\\/#primaryimage\",\"url\":\"https:\\\/\\\/www.eldiariodetucuman.com\\\/web\\\/wp-content\\\/uploads\\\/2018\\\/12\\\/b93c06bea7d00e5d781c56b76affa143.jpeg\",\"contentUrl\":\"https:\\\/\\\/www.eldiariodetucuman.com\\\/web\\\/wp-content\\\/uploads\\\/2018\\\/12\\\/b93c06bea7d00e5d781c56b76affa143.jpeg\",\"width\":970,\"height\":546},{\"@type\":\"BreadcrumbList\",\"@id\":\"https:\\\/\\\/www.eldiariodetucuman.com\\\/web\\\/nenas-modelos-obligadas-a-adelgazar-tienen-anorexia-y-pueden-morir\\\/#breadcrumb\",\"itemListElement\":[{\"@type\":\"ListItem\",\"position\":1,\"name\":\"Portada\",\"item\":\"https:\\\/\\\/www.eldiariodetucuman.com\\\/web\\\/\"},{\"@type\":\"ListItem\",\"position\":2,\"name\":\"Nenas modelos obligadas a adelgazar tienen anorexia y pueden morir\"}]},{\"@type\":\"WebSite\",\"@id\":\"https:\\\/\\\/www.eldiariodetucuman.com\\\/web\\\/#website\",\"url\":\"https:\\\/\\\/www.eldiariodetucuman.com\\\/web\\\/\",\"name\":\"El Diario de Tucuman\",\"description\":\"Diario Tucuman - Informaci\u00f3n y noticias\",\"publisher\":{\"@id\":\"https:\\\/\\\/www.eldiariodetucuman.com\\\/web\\\/#organization\"},\"potentialAction\":[{\"@type\":\"SearchAction\",\"target\":{\"@type\":\"EntryPoint\",\"urlTemplate\":\"https:\\\/\\\/www.eldiariodetucuman.com\\\/web\\\/?s={search_term_string}\"},\"query-input\":{\"@type\":\"PropertyValueSpecification\",\"valueRequired\":true,\"valueName\":\"search_term_string\"}}],\"inLanguage\":\"es\"},{\"@type\":\"Organization\",\"@id\":\"https:\\\/\\\/www.eldiariodetucuman.com\\\/web\\\/#organization\",\"name\":\"El Diario de Tucuman\",\"url\":\"https:\\\/\\\/www.eldiariodetucuman.com\\\/web\\\/\",\"logo\":{\"@type\":\"ImageObject\",\"inLanguage\":\"es\",\"@id\":\"https:\\\/\\\/www.eldiariodetucuman.com\\\/web\\\/#\\\/schema\\\/logo\\\/image\\\/\",\"url\":\"http:\\\/\\\/www.eldiariodetucuman.com\\\/web\\\/wp-content\\\/uploads\\\/2017\\\/12\\\/el-diario-de-tucuman.jpg\",\"contentUrl\":\"http:\\\/\\\/www.eldiariodetucuman.com\\\/web\\\/wp-content\\\/uploads\\\/2017\\\/12\\\/el-diario-de-tucuman.jpg\",\"width\":272,\"height\":92,\"caption\":\"El Diario de Tucuman\"},\"image\":{\"@id\":\"https:\\\/\\\/www.eldiariodetucuman.com\\\/web\\\/#\\\/schema\\\/logo\\\/image\\\/\"}},{\"@type\":\"Person\",\"@id\":\"https:\\\/\\\/www.eldiariodetucuman.com\\\/web\\\/#\\\/schema\\\/person\\\/6f95946e54fde848b878ffa4928071d5\",\"name\":\"eldiario detucuman\",\"image\":{\"@type\":\"ImageObject\",\"inLanguage\":\"es\",\"@id\":\"https:\\\/\\\/secure.gravatar.com\\\/avatar\\\/b6e1f89c5c4044c4962c8e6c20b1ca2cc99f549c965908afd4ec5308b3f51bfe?s=96&d=mm&r=g\",\"url\":\"https:\\\/\\\/secure.gravatar.com\\\/avatar\\\/b6e1f89c5c4044c4962c8e6c20b1ca2cc99f549c965908afd4ec5308b3f51bfe?s=96&d=mm&r=g\",\"contentUrl\":\"https:\\\/\\\/secure.gravatar.com\\\/avatar\\\/b6e1f89c5c4044c4962c8e6c20b1ca2cc99f549c965908afd4ec5308b3f51bfe?s=96&d=mm&r=g\",\"caption\":\"eldiario detucuman\"},\"url\":\"https:\\\/\\\/www.eldiariodetucuman.com\\\/web\\\/author\\\/eldiariodetucuman\\\/\"}]}<\/script>\n<!-- \/ Yoast SEO plugin. -->","yoast_head_json":{"title":"Nenas modelos obligadas a adelgazar tienen anorexia y pueden morir - El Diario de Tucuman","robots":{"index":"index","follow":"follow","max-snippet":"max-snippet:-1","max-image-preview":"max-image-preview:large","max-video-preview":"max-video-preview:-1"},"canonical":"https:\/\/www.eldiariodetucuman.com\/web\/nenas-modelos-obligadas-a-adelgazar-tienen-anorexia-y-pueden-morir\/","og_locale":"es_ES","og_type":"article","og_title":"Nenas modelos obligadas a adelgazar tienen anorexia y pueden morir - El Diario de Tucuman","og_description":"Las gemelas rusas Masha y Dasha Ledeneva\u00a0tienen 14 a\u00f1os y si bien lograron concretar el sue\u00f1o\u00a0de salir en revistas y desfilar en las pasarelas, hoy en d\u00eda est\u00e1n peleando por su vida por su extrema delgadez.\u00a0 Las j\u00f3venes rusas hab\u00edan logrado ingresar a una agencia que las representaban, pero sus familiares denunciaron que\u00a0las obligaron a [&hellip;]","og_url":"https:\/\/www.eldiariodetucuman.com\/web\/nenas-modelos-obligadas-a-adelgazar-tienen-anorexia-y-pueden-morir\/","og_site_name":"El Diario de Tucuman","article_published_time":"2018-12-06T15:50:20+00:00","og_image":[{"width":970,"height":546,"url":"https:\/\/www.eldiariodetucuman.com\/web\/wp-content\/uploads\/2018\/12\/b93c06bea7d00e5d781c56b76affa143.jpeg","type":"image\/jpeg"}],"author":"eldiario detucuman","twitter_card":"summary_large_image","twitter_misc":{"Escrito por":"eldiario detucuman","Tiempo de lectura":"2 minutos"},"schema":{"@context":"https:\/\/schema.org","@graph":[{"@type":"Article","@id":"https:\/\/www.eldiariodetucuman.com\/web\/nenas-modelos-obligadas-a-adelgazar-tienen-anorexia-y-pueden-morir\/#article","isPartOf":{"@id":"https:\/\/www.eldiariodetucuman.com\/web\/nenas-modelos-obligadas-a-adelgazar-tienen-anorexia-y-pueden-morir\/"},"author":{"name":"eldiario detucuman","@id":"https:\/\/www.eldiariodetucuman.com\/web\/#\/schema\/person\/6f95946e54fde848b878ffa4928071d5"},"headline":"Nenas modelos obligadas a adelgazar tienen anorexia y pueden morir","datePublished":"2018-12-06T15:50:20+00:00","mainEntityOfPage":{"@id":"https:\/\/www.eldiariodetucuman.com\/web\/nenas-modelos-obligadas-a-adelgazar-tienen-anorexia-y-pueden-morir\/"},"wordCount":335,"commentCount":0,"publisher":{"@id":"https:\/\/www.eldiariodetucuman.com\/web\/#organization"},"image":{"@id":"https:\/\/www.eldiariodetucuman.com\/web\/nenas-modelos-obligadas-a-adelgazar-tienen-anorexia-y-pueden-morir\/#primaryimage"},"thumbnailUrl":"https:\/\/www.eldiariodetucuman.com\/web\/wp-content\/uploads\/2018\/12\/b93c06bea7d00e5d781c56b76affa143.jpeg","articleSection":["Internacionales"],"inLanguage":"es","potentialAction":[{"@type":"CommentAction","name":"Comment","target":["https:\/\/www.eldiariodetucuman.com\/web\/nenas-modelos-obligadas-a-adelgazar-tienen-anorexia-y-pueden-morir\/#respond"]}]},{"@type":"WebPage","@id":"https:\/\/www.eldiariodetucuman.com\/web\/nenas-modelos-obligadas-a-adelgazar-tienen-anorexia-y-pueden-morir\/","url":"https:\/\/www.eldiariodetucuman.com\/web\/nenas-modelos-obligadas-a-adelgazar-tienen-anorexia-y-pueden-morir\/","name":"Nenas modelos obligadas a adelgazar tienen anorexia y pueden morir - El Diario de Tucuman","isPartOf":{"@id":"https:\/\/www.eldiariodetucuman.com\/web\/#website"},"primaryImageOfPage":{"@id":"https:\/\/www.eldiariodetucuman.com\/web\/nenas-modelos-obligadas-a-adelgazar-tienen-anorexia-y-pueden-morir\/#primaryimage"},"image":{"@id":"https:\/\/www.eldiariodetucuman.com\/web\/nenas-modelos-obligadas-a-adelgazar-tienen-anorexia-y-pueden-morir\/#primaryimage"},"thumbnailUrl":"https:\/\/www.eldiariodetucuman.com\/web\/wp-content\/uploads\/2018\/12\/b93c06bea7d00e5d781c56b76affa143.jpeg","datePublished":"2018-12-06T15:50:20+00:00","breadcrumb":{"@id":"https:\/\/www.eldiariodetucuman.com\/web\/nenas-modelos-obligadas-a-adelgazar-tienen-anorexia-y-pueden-morir\/#breadcrumb"},"inLanguage":"es","potentialAction":[{"@type":"ReadAction","target":["https:\/\/www.eldiariodetucuman.com\/web\/nenas-modelos-obligadas-a-adelgazar-tienen-anorexia-y-pueden-morir\/"]}]},{"@type":"ImageObject","inLanguage":"es","@id":"https:\/\/www.eldiariodetucuman.com\/web\/nenas-modelos-obligadas-a-adelgazar-tienen-anorexia-y-pueden-morir\/#primaryimage","url":"https:\/\/www.eldiariodetucuman.com\/web\/wp-content\/uploads\/2018\/12\/b93c06bea7d00e5d781c56b76affa143.jpeg","contentUrl":"https:\/\/www.eldiariodetucuman.com\/web\/wp-content\/uploads\/2018\/12\/b93c06bea7d00e5d781c56b76affa143.jpeg","width":970,"height":546},{"@type":"BreadcrumbList","@id":"https:\/\/www.eldiariodetucuman.com\/web\/nenas-modelos-obligadas-a-adelgazar-tienen-anorexia-y-pueden-morir\/#breadcrumb","itemListElement":[{"@type":"ListItem","position":1,"name":"Portada","item":"https:\/\/www.eldiariodetucuman.com\/web\/"},{"@type":"ListItem","position":2,"name":"Nenas modelos obligadas a adelgazar tienen anorexia y pueden morir"}]},{"@type":"WebSite","@id":"https:\/\/www.eldiariodetucuman.com\/web\/#website","url":"https:\/\/www.eldiariodetucuman.com\/web\/","name":"El Diario de Tucuman","description":"Diario Tucuman - Informaci\u00f3n y noticias","publisher":{"@id":"https:\/\/www.eldiariodetucuman.com\/web\/#organization"},"potentialAction":[{"@type":"SearchAction","target":{"@type":"EntryPoint","urlTemplate":"https:\/\/www.eldiariodetucuman.com\/web\/?s={search_term_string}"},"query-input":{"@type":"PropertyValueSpecification","valueRequired":true,"valueName":"search_term_string"}}],"inLanguage":"es"},{"@type":"Organization","@id":"https:\/\/www.eldiariodetucuman.com\/web\/#organization","name":"El Diario de Tucuman","url":"https:\/\/www.eldiariodetucuman.com\/web\/","logo":{"@type":"ImageObject","inLanguage":"es","@id":"https:\/\/www.eldiariodetucuman.com\/web\/#\/schema\/logo\/image\/","url":"http:\/\/www.eldiariodetucuman.com\/web\/wp-content\/uploads\/2017\/12\/el-diario-de-tucuman.jpg","contentUrl":"http:\/\/www.eldiariodetucuman.com\/web\/wp-content\/uploads\/2017\/12\/el-diario-de-tucuman.jpg","width":272,"height":92,"caption":"El Diario de Tucuman"},"image":{"@id":"https:\/\/www.eldiariodetucuman.com\/web\/#\/schema\/logo\/image\/"}},{"@type":"Person","@id":"https:\/\/www.eldiariodetucuman.com\/web\/#\/schema\/person\/6f95946e54fde848b878ffa4928071d5","name":"eldiario detucuman","image":{"@type":"ImageObject","inLanguage":"es","@id":"https:\/\/secure.gravatar.com\/avatar\/b6e1f89c5c4044c4962c8e6c20b1ca2cc99f549c965908afd4ec5308b3f51bfe?s=96&d=mm&r=g","url":"https:\/\/secure.gravatar.com\/avatar\/b6e1f89c5c4044c4962c8e6c20b1ca2cc99f549c965908afd4ec5308b3f51bfe?s=96&d=mm&r=g","contentUrl":"https:\/\/secure.gravatar.com\/avatar\/b6e1f89c5c4044c4962c8e6c20b1ca2cc99f549c965908afd4ec5308b3f51bfe?s=96&d=mm&r=g","caption":"eldiario detucuman"},"url":"https:\/\/www.eldiariodetucuman.com\/web\/author\/eldiariodetucuman\/"}]}},"_links":{"self":[{"href":"https:\/\/www.eldiariodetucuman.com\/web\/wp-json\/wp\/v2\/posts\/20296","targetHints":{"allow":["GET"]}}],"collection":[{"href":"https:\/\/www.eldiariodetucuman.com\/web\/wp-json\/wp\/v2\/posts"}],"about":[{"href":"https:\/\/www.eldiariodetucuman.com\/web\/wp-json\/wp\/v2\/types\/post"}],"author":[{"embeddable":true,"href":"https:\/\/www.eldiariodetucuman.com\/web\/wp-json\/wp\/v2\/users\/4"}],"replies":[{"embeddable":true,"href":"https:\/\/www.eldiariodetucuman.com\/web\/wp-json\/wp\/v2\/comments?post=20296"}],"version-history":[{"count":0,"href":"https:\/\/www.eldiariodetucuman.com\/web\/wp-json\/wp\/v2\/posts\/20296\/revisions"}],"wp:featuredmedia":[{"embeddable":true,"href":"https:\/\/www.eldiariodetucuman.com\/web\/wp-json\/wp\/v2\/media\/20297"}],"wp:attachment":[{"href":"https:\/\/www.eldiariodetucuman.com\/web\/wp-json\/wp\/v2\/media?parent=20296"}],"wp:term":[{"taxonomy":"category","embeddable":true,"href":"https:\/\/www.eldiariodetucuman.com\/web\/wp-json\/wp\/v2\/categories?post=20296"},{"taxonomy":"post_tag","embeddable":true,"href":"https:\/\/www.eldiariodetucuman.com\/web\/wp-json\/wp\/v2\/tags?post=20296"}],"curies":[{"name":"wp","href":"https:\/\/api.w.org\/{rel}","templated":true}]}}