{"id":20294,"date":"2018-12-06T12:50:12","date_gmt":"2018-12-06T15:50:12","guid":{"rendered":"http:\/\/www.eldiariodetucuman.com\/web\/marchas-de-la-bronca-por-nueva-candidatura-de-evo\/"},"modified":"2018-12-06T12:50:12","modified_gmt":"2018-12-06T15:50:12","slug":"marchas-de-la-bronca-por-nueva-candidatura-de-evo","status":"publish","type":"post","link":"https:\/\/www.eldiariodetucuman.com\/web\/marchas-de-la-bronca-por-nueva-candidatura-de-evo\/","title":{"rendered":"Marchas de la bronca por nueva candidatura de Evo"},"content":{"rendered":"<div>\n<div itemprop=\"articleBody\" readability=\"82.490196078431\">\n<p>L a Justicia de   <a href=\"https:\/\/www.cronica.com.ar\/tags\/Bolivia\">Bolivia<\/a> habilit\u00f3 a <strong>  <a href=\"https:\/\/www.cronica.com.ar\/tags\/Evo%20Morales\">Evo Morales<\/a><\/strong> a buscar el a\u00f1o pr\u00f3ximo su cuarto mandato presidencial y estall\u00f3 la   <a href=\"https:\/\/www.cronica.com.ar\/tags\/bronca\">bronca<\/a>. \u00ab<em>Es un golpe mortal a la democracia<\/em>\u00ab, afirm\u00f3 la oposici\u00f3n. Este mi\u00e9rcoles\u00a0hubo manifestaciones a favor y en contra del gobierno y este jueves\u00a0habr\u00e1 paro de actividades.<\/p>\n<p>En febrero de 2016 hubo un referendo en el que el pueblo vot\u00f3 por el No. Con 51 por ciento de los sufragios, fue rechazada la intenci\u00f3n de Evo de reformar la Constituci\u00f3n para buscar su cuarto mandato. Sin embargo, el oficialismo recurri\u00f3 a la Justicia y logr\u00f3 que el Tribunal Supremo Electoral (TSE) diera vuelta las cosas y habilitara una nueva candidatura. Mientras una parte del pa\u00eds celebr\u00f3 esta medida, la oposici\u00f3n explot\u00f3.<\/p>\n<p><em>\u00abEste es un golpe mortal a nuestra democracia, porque se ha habilitado al hombre que tiene todos los poderes en su mano<\/em>\u00ab, denunci\u00f3<strong> Carlos Mesa<\/strong>, candidato presidencial por Comunidad Ciudadana. Por su parte, S<strong>amuel<\/strong><strong> Doria Medina<\/strong>, dirigente de Unidad Nacional, agreg\u00f3 que la decisi\u00f3n del TSE representa \u00ab<em>la m\u00e1s grave afrenta de la democracia desde su reconquista en 1982&#8243;<\/em>.<\/p>\n<p>Por eso, dispar\u00f3:<em> \u00abLa oposici\u00f3n debe rechazar de manera contundente esa decisi\u00f3n y, a la vez, debe unificarse en un solo proyecto para frenar la dictadura\u00bb<\/em>. En el mismo sentido, el ex presidente <strong>Jorge Quiroga <\/strong>denunci\u00f3 al TSE por<em> \u00abdesconocer la soberan\u00eda popular<\/em>\u00ab, por lo que pidi\u00f3 a la Comisi\u00f3n Interamericana de Derechos Humanos que act\u00fae para \u00ab<em>salvar la democracia en   <a href=\"https:\/\/www.cronica.com.ar\/tags\/Bolivia\">Bolivia<\/a>\u00ab.<\/em><\/p>\n<p><u><strong>A favor y en contra<\/strong><\/u><\/p>\n<p>La habilitaci\u00f3n a Evo (quien ejerce la Presidencia desde enero de 2006) para buscar su cuarto mandato, deriv\u00f3 en una serie de protestas en todo el pa\u00eds y en marchas a   <a href=\"https:\/\/www.cronica.com.ar\/tags\/La%20Paz\">La Paz<\/a>. Adem\u00e1s, para este jueves\u00a0fue convocado un paro de actividades. Por otra parte, centenares de personas tambi\u00e9n se concentraron en el centro de la capital para festejar el fallo.<\/p>\n<p><em>\u00abEstamos aqu\u00ed celebrando la habilitaci\u00f3n de nuestro binomio\u00bb<\/em>, cont\u00f3 la representante de la Confederaci\u00f3n Nacional de Mujeres Campesinas , <strong>Segundina Flores<\/strong>; mientras que O<strong>rlando Guti\u00e9rrez,<\/strong> de la Federaci\u00f3n Sindical de Trabajadores Mineros de   <a href=\"https:\/\/www.cronica.com.ar\/tags\/Bolivia\">Bolivia<\/a>, agreg\u00f3: \u00ab<em>No vamos a retroceder hasta llegar a la victoria final que es cumplir las elecciones 2020-2025 y nuestra agenda. Nuestro presidente goza de todo el respaldo necesario, de la confianza, para encarar las primarias y luego las elecciones nacionales que va a definir la victoria para el pueblo boliviano\u00bb.<\/em><\/p>\n<\/div>\n<\/div>\n","protected":false},"excerpt":{"rendered":"<p>L a Justicia de Bolivia habilit\u00f3 a Evo Morales a buscar el a\u00f1o pr\u00f3ximo su cuarto mandato presidencial y estall\u00f3 la bronca. \u00abEs un golpe mortal a la democracia\u00ab, afirm\u00f3 la oposici\u00f3n. Este mi\u00e9rcoles\u00a0hubo manifestaciones a favor y en contra del gobierno y este jueves\u00a0habr\u00e1 paro de actividades. En febrero de 2016 hubo un referendo [&hellip;]<\/p>\n","protected":false},"author":4,"featured_media":20295,"comment_status":"open","ping_status":"closed","sticky":false,"template":"","format":"standard","meta":{"footnotes":""},"categories":[194],"tags":[],"class_list":{"0":"post-20294","1":"post","2":"type-post","3":"status-publish","4":"format-standard","5":"has-post-thumbnail","7":"category-internacionales"},"yoast_head":"<!-- This site is optimized with the Yoast SEO plugin v27.4 - https:\/\/yoast.com\/product\/yoast-seo-wordpress\/ -->\n<title>Marchas de la bronca por nueva candidatura de Evo - El Diario de Tucuman<\/title>\n<meta name=\"robots\" content=\"index, follow, max-snippet:-1, max-image-preview:large, max-video-preview:-1\" \/>\n<link rel=\"canonical\" href=\"https:\/\/www.eldiariodetucuman.com\/web\/marchas-de-la-bronca-por-nueva-candidatura-de-evo\/\" \/>\n<meta property=\"og:locale\" content=\"es_ES\" \/>\n<meta property=\"og:type\" content=\"article\" \/>\n<meta property=\"og:title\" content=\"Marchas de la bronca por nueva candidatura de Evo - El Diario de Tucuman\" \/>\n<meta property=\"og:description\" content=\"L a Justicia de Bolivia habilit\u00f3 a Evo Morales a buscar el a\u00f1o pr\u00f3ximo su cuarto mandato presidencial y estall\u00f3 la bronca. \u00abEs un golpe mortal a la democracia\u00ab, afirm\u00f3 la oposici\u00f3n. Este mi\u00e9rcoles\u00a0hubo manifestaciones a favor y en contra del gobierno y este jueves\u00a0habr\u00e1 paro de actividades. En febrero de 2016 hubo un referendo [&hellip;]\" \/>\n<meta property=\"og:url\" content=\"https:\/\/www.eldiariodetucuman.com\/web\/marchas-de-la-bronca-por-nueva-candidatura-de-evo\/\" \/>\n<meta property=\"og:site_name\" content=\"El Diario de Tucuman\" \/>\n<meta property=\"article:published_time\" content=\"2018-12-06T15:50:12+00:00\" \/>\n<meta property=\"og:image\" content=\"https:\/\/www.eldiariodetucuman.com\/web\/wp-content\/uploads\/2018\/12\/e140aeadb7a2a9dc105f40b955967cca.jpeg\" \/>\n\t<meta property=\"og:image:width\" content=\"970\" \/>\n\t<meta property=\"og:image:height\" content=\"546\" \/>\n\t<meta property=\"og:image:type\" content=\"image\/jpeg\" \/>\n<meta name=\"author\" content=\"eldiario detucuman\" \/>\n<meta name=\"twitter:card\" content=\"summary_large_image\" \/>\n<meta name=\"twitter:label1\" content=\"Escrito por\" \/>\n\t<meta name=\"twitter:data1\" content=\"eldiario detucuman\" \/>\n\t<meta name=\"twitter:label2\" content=\"Tiempo de lectura\" \/>\n\t<meta name=\"twitter:data2\" content=\"2 minutos\" \/>\n<script type=\"application\/ld+json\" class=\"yoast-schema-graph\">{\"@context\":\"https:\\\/\\\/schema.org\",\"@graph\":[{\"@type\":\"Article\",\"@id\":\"https:\\\/\\\/www.eldiariodetucuman.com\\\/web\\\/marchas-de-la-bronca-por-nueva-candidatura-de-evo\\\/#article\",\"isPartOf\":{\"@id\":\"https:\\\/\\\/www.eldiariodetucuman.com\\\/web\\\/marchas-de-la-bronca-por-nueva-candidatura-de-evo\\\/\"},\"author\":{\"name\":\"eldiario detucuman\",\"@id\":\"https:\\\/\\\/www.eldiariodetucuman.com\\\/web\\\/#\\\/schema\\\/person\\\/6f95946e54fde848b878ffa4928071d5\"},\"headline\":\"Marchas de la bronca por nueva candidatura de Evo\",\"datePublished\":\"2018-12-06T15:50:12+00:00\",\"mainEntityOfPage\":{\"@id\":\"https:\\\/\\\/www.eldiariodetucuman.com\\\/web\\\/marchas-de-la-bronca-por-nueva-candidatura-de-evo\\\/\"},\"wordCount\":423,\"commentCount\":0,\"publisher\":{\"@id\":\"https:\\\/\\\/www.eldiariodetucuman.com\\\/web\\\/#organization\"},\"image\":{\"@id\":\"https:\\\/\\\/www.eldiariodetucuman.com\\\/web\\\/marchas-de-la-bronca-por-nueva-candidatura-de-evo\\\/#primaryimage\"},\"thumbnailUrl\":\"https:\\\/\\\/www.eldiariodetucuman.com\\\/web\\\/wp-content\\\/uploads\\\/2018\\\/12\\\/e140aeadb7a2a9dc105f40b955967cca.jpeg\",\"articleSection\":[\"Internacionales\"],\"inLanguage\":\"es\",\"potentialAction\":[{\"@type\":\"CommentAction\",\"name\":\"Comment\",\"target\":[\"https:\\\/\\\/www.eldiariodetucuman.com\\\/web\\\/marchas-de-la-bronca-por-nueva-candidatura-de-evo\\\/#respond\"]}]},{\"@type\":\"WebPage\",\"@id\":\"https:\\\/\\\/www.eldiariodetucuman.com\\\/web\\\/marchas-de-la-bronca-por-nueva-candidatura-de-evo\\\/\",\"url\":\"https:\\\/\\\/www.eldiariodetucuman.com\\\/web\\\/marchas-de-la-bronca-por-nueva-candidatura-de-evo\\\/\",\"name\":\"Marchas de la bronca por nueva candidatura de Evo - El Diario de Tucuman\",\"isPartOf\":{\"@id\":\"https:\\\/\\\/www.eldiariodetucuman.com\\\/web\\\/#website\"},\"primaryImageOfPage\":{\"@id\":\"https:\\\/\\\/www.eldiariodetucuman.com\\\/web\\\/marchas-de-la-bronca-por-nueva-candidatura-de-evo\\\/#primaryimage\"},\"image\":{\"@id\":\"https:\\\/\\\/www.eldiariodetucuman.com\\\/web\\\/marchas-de-la-bronca-por-nueva-candidatura-de-evo\\\/#primaryimage\"},\"thumbnailUrl\":\"https:\\\/\\\/www.eldiariodetucuman.com\\\/web\\\/wp-content\\\/uploads\\\/2018\\\/12\\\/e140aeadb7a2a9dc105f40b955967cca.jpeg\",\"datePublished\":\"2018-12-06T15:50:12+00:00\",\"breadcrumb\":{\"@id\":\"https:\\\/\\\/www.eldiariodetucuman.com\\\/web\\\/marchas-de-la-bronca-por-nueva-candidatura-de-evo\\\/#breadcrumb\"},\"inLanguage\":\"es\",\"potentialAction\":[{\"@type\":\"ReadAction\",\"target\":[\"https:\\\/\\\/www.eldiariodetucuman.com\\\/web\\\/marchas-de-la-bronca-por-nueva-candidatura-de-evo\\\/\"]}]},{\"@type\":\"ImageObject\",\"inLanguage\":\"es\",\"@id\":\"https:\\\/\\\/www.eldiariodetucuman.com\\\/web\\\/marchas-de-la-bronca-por-nueva-candidatura-de-evo\\\/#primaryimage\",\"url\":\"https:\\\/\\\/www.eldiariodetucuman.com\\\/web\\\/wp-content\\\/uploads\\\/2018\\\/12\\\/e140aeadb7a2a9dc105f40b955967cca.jpeg\",\"contentUrl\":\"https:\\\/\\\/www.eldiariodetucuman.com\\\/web\\\/wp-content\\\/uploads\\\/2018\\\/12\\\/e140aeadb7a2a9dc105f40b955967cca.jpeg\",\"width\":970,\"height\":546},{\"@type\":\"BreadcrumbList\",\"@id\":\"https:\\\/\\\/www.eldiariodetucuman.com\\\/web\\\/marchas-de-la-bronca-por-nueva-candidatura-de-evo\\\/#breadcrumb\",\"itemListElement\":[{\"@type\":\"ListItem\",\"position\":1,\"name\":\"Portada\",\"item\":\"https:\\\/\\\/www.eldiariodetucuman.com\\\/web\\\/\"},{\"@type\":\"ListItem\",\"position\":2,\"name\":\"Marchas de la bronca por nueva candidatura de Evo\"}]},{\"@type\":\"WebSite\",\"@id\":\"https:\\\/\\\/www.eldiariodetucuman.com\\\/web\\\/#website\",\"url\":\"https:\\\/\\\/www.eldiariodetucuman.com\\\/web\\\/\",\"name\":\"El Diario de Tucuman\",\"description\":\"Diario Tucuman - Informaci\u00f3n y noticias\",\"publisher\":{\"@id\":\"https:\\\/\\\/www.eldiariodetucuman.com\\\/web\\\/#organization\"},\"potentialAction\":[{\"@type\":\"SearchAction\",\"target\":{\"@type\":\"EntryPoint\",\"urlTemplate\":\"https:\\\/\\\/www.eldiariodetucuman.com\\\/web\\\/?s={search_term_string}\"},\"query-input\":{\"@type\":\"PropertyValueSpecification\",\"valueRequired\":true,\"valueName\":\"search_term_string\"}}],\"inLanguage\":\"es\"},{\"@type\":\"Organization\",\"@id\":\"https:\\\/\\\/www.eldiariodetucuman.com\\\/web\\\/#organization\",\"name\":\"El Diario de Tucuman\",\"url\":\"https:\\\/\\\/www.eldiariodetucuman.com\\\/web\\\/\",\"logo\":{\"@type\":\"ImageObject\",\"inLanguage\":\"es\",\"@id\":\"https:\\\/\\\/www.eldiariodetucuman.com\\\/web\\\/#\\\/schema\\\/logo\\\/image\\\/\",\"url\":\"http:\\\/\\\/www.eldiariodetucuman.com\\\/web\\\/wp-content\\\/uploads\\\/2017\\\/12\\\/el-diario-de-tucuman.jpg\",\"contentUrl\":\"http:\\\/\\\/www.eldiariodetucuman.com\\\/web\\\/wp-content\\\/uploads\\\/2017\\\/12\\\/el-diario-de-tucuman.jpg\",\"width\":272,\"height\":92,\"caption\":\"El Diario de Tucuman\"},\"image\":{\"@id\":\"https:\\\/\\\/www.eldiariodetucuman.com\\\/web\\\/#\\\/schema\\\/logo\\\/image\\\/\"}},{\"@type\":\"Person\",\"@id\":\"https:\\\/\\\/www.eldiariodetucuman.com\\\/web\\\/#\\\/schema\\\/person\\\/6f95946e54fde848b878ffa4928071d5\",\"name\":\"eldiario detucuman\",\"image\":{\"@type\":\"ImageObject\",\"inLanguage\":\"es\",\"@id\":\"https:\\\/\\\/secure.gravatar.com\\\/avatar\\\/b6e1f89c5c4044c4962c8e6c20b1ca2cc99f549c965908afd4ec5308b3f51bfe?s=96&d=mm&r=g\",\"url\":\"https:\\\/\\\/secure.gravatar.com\\\/avatar\\\/b6e1f89c5c4044c4962c8e6c20b1ca2cc99f549c965908afd4ec5308b3f51bfe?s=96&d=mm&r=g\",\"contentUrl\":\"https:\\\/\\\/secure.gravatar.com\\\/avatar\\\/b6e1f89c5c4044c4962c8e6c20b1ca2cc99f549c965908afd4ec5308b3f51bfe?s=96&d=mm&r=g\",\"caption\":\"eldiario detucuman\"},\"url\":\"https:\\\/\\\/www.eldiariodetucuman.com\\\/web\\\/author\\\/eldiariodetucuman\\\/\"}]}<\/script>\n<!-- \/ Yoast SEO plugin. -->","yoast_head_json":{"title":"Marchas de la bronca por nueva candidatura de Evo - El Diario de Tucuman","robots":{"index":"index","follow":"follow","max-snippet":"max-snippet:-1","max-image-preview":"max-image-preview:large","max-video-preview":"max-video-preview:-1"},"canonical":"https:\/\/www.eldiariodetucuman.com\/web\/marchas-de-la-bronca-por-nueva-candidatura-de-evo\/","og_locale":"es_ES","og_type":"article","og_title":"Marchas de la bronca por nueva candidatura de Evo - El Diario de Tucuman","og_description":"L a Justicia de Bolivia habilit\u00f3 a Evo Morales a buscar el a\u00f1o pr\u00f3ximo su cuarto mandato presidencial y estall\u00f3 la bronca. \u00abEs un golpe mortal a la democracia\u00ab, afirm\u00f3 la oposici\u00f3n. Este mi\u00e9rcoles\u00a0hubo manifestaciones a favor y en contra del gobierno y este jueves\u00a0habr\u00e1 paro de actividades. En febrero de 2016 hubo un referendo [&hellip;]","og_url":"https:\/\/www.eldiariodetucuman.com\/web\/marchas-de-la-bronca-por-nueva-candidatura-de-evo\/","og_site_name":"El Diario de Tucuman","article_published_time":"2018-12-06T15:50:12+00:00","og_image":[{"width":970,"height":546,"url":"https:\/\/www.eldiariodetucuman.com\/web\/wp-content\/uploads\/2018\/12\/e140aeadb7a2a9dc105f40b955967cca.jpeg","type":"image\/jpeg"}],"author":"eldiario detucuman","twitter_card":"summary_large_image","twitter_misc":{"Escrito por":"eldiario detucuman","Tiempo de lectura":"2 minutos"},"schema":{"@context":"https:\/\/schema.org","@graph":[{"@type":"Article","@id":"https:\/\/www.eldiariodetucuman.com\/web\/marchas-de-la-bronca-por-nueva-candidatura-de-evo\/#article","isPartOf":{"@id":"https:\/\/www.eldiariodetucuman.com\/web\/marchas-de-la-bronca-por-nueva-candidatura-de-evo\/"},"author":{"name":"eldiario detucuman","@id":"https:\/\/www.eldiariodetucuman.com\/web\/#\/schema\/person\/6f95946e54fde848b878ffa4928071d5"},"headline":"Marchas de la bronca por nueva candidatura de Evo","datePublished":"2018-12-06T15:50:12+00:00","mainEntityOfPage":{"@id":"https:\/\/www.eldiariodetucuman.com\/web\/marchas-de-la-bronca-por-nueva-candidatura-de-evo\/"},"wordCount":423,"commentCount":0,"publisher":{"@id":"https:\/\/www.eldiariodetucuman.com\/web\/#organization"},"image":{"@id":"https:\/\/www.eldiariodetucuman.com\/web\/marchas-de-la-bronca-por-nueva-candidatura-de-evo\/#primaryimage"},"thumbnailUrl":"https:\/\/www.eldiariodetucuman.com\/web\/wp-content\/uploads\/2018\/12\/e140aeadb7a2a9dc105f40b955967cca.jpeg","articleSection":["Internacionales"],"inLanguage":"es","potentialAction":[{"@type":"CommentAction","name":"Comment","target":["https:\/\/www.eldiariodetucuman.com\/web\/marchas-de-la-bronca-por-nueva-candidatura-de-evo\/#respond"]}]},{"@type":"WebPage","@id":"https:\/\/www.eldiariodetucuman.com\/web\/marchas-de-la-bronca-por-nueva-candidatura-de-evo\/","url":"https:\/\/www.eldiariodetucuman.com\/web\/marchas-de-la-bronca-por-nueva-candidatura-de-evo\/","name":"Marchas de la bronca por nueva candidatura de Evo - El Diario de Tucuman","isPartOf":{"@id":"https:\/\/www.eldiariodetucuman.com\/web\/#website"},"primaryImageOfPage":{"@id":"https:\/\/www.eldiariodetucuman.com\/web\/marchas-de-la-bronca-por-nueva-candidatura-de-evo\/#primaryimage"},"image":{"@id":"https:\/\/www.eldiariodetucuman.com\/web\/marchas-de-la-bronca-por-nueva-candidatura-de-evo\/#primaryimage"},"thumbnailUrl":"https:\/\/www.eldiariodetucuman.com\/web\/wp-content\/uploads\/2018\/12\/e140aeadb7a2a9dc105f40b955967cca.jpeg","datePublished":"2018-12-06T15:50:12+00:00","breadcrumb":{"@id":"https:\/\/www.eldiariodetucuman.com\/web\/marchas-de-la-bronca-por-nueva-candidatura-de-evo\/#breadcrumb"},"inLanguage":"es","potentialAction":[{"@type":"ReadAction","target":["https:\/\/www.eldiariodetucuman.com\/web\/marchas-de-la-bronca-por-nueva-candidatura-de-evo\/"]}]},{"@type":"ImageObject","inLanguage":"es","@id":"https:\/\/www.eldiariodetucuman.com\/web\/marchas-de-la-bronca-por-nueva-candidatura-de-evo\/#primaryimage","url":"https:\/\/www.eldiariodetucuman.com\/web\/wp-content\/uploads\/2018\/12\/e140aeadb7a2a9dc105f40b955967cca.jpeg","contentUrl":"https:\/\/www.eldiariodetucuman.com\/web\/wp-content\/uploads\/2018\/12\/e140aeadb7a2a9dc105f40b955967cca.jpeg","width":970,"height":546},{"@type":"BreadcrumbList","@id":"https:\/\/www.eldiariodetucuman.com\/web\/marchas-de-la-bronca-por-nueva-candidatura-de-evo\/#breadcrumb","itemListElement":[{"@type":"ListItem","position":1,"name":"Portada","item":"https:\/\/www.eldiariodetucuman.com\/web\/"},{"@type":"ListItem","position":2,"name":"Marchas de la bronca por nueva candidatura de Evo"}]},{"@type":"WebSite","@id":"https:\/\/www.eldiariodetucuman.com\/web\/#website","url":"https:\/\/www.eldiariodetucuman.com\/web\/","name":"El Diario de Tucuman","description":"Diario Tucuman - Informaci\u00f3n y noticias","publisher":{"@id":"https:\/\/www.eldiariodetucuman.com\/web\/#organization"},"potentialAction":[{"@type":"SearchAction","target":{"@type":"EntryPoint","urlTemplate":"https:\/\/www.eldiariodetucuman.com\/web\/?s={search_term_string}"},"query-input":{"@type":"PropertyValueSpecification","valueRequired":true,"valueName":"search_term_string"}}],"inLanguage":"es"},{"@type":"Organization","@id":"https:\/\/www.eldiariodetucuman.com\/web\/#organization","name":"El Diario de Tucuman","url":"https:\/\/www.eldiariodetucuman.com\/web\/","logo":{"@type":"ImageObject","inLanguage":"es","@id":"https:\/\/www.eldiariodetucuman.com\/web\/#\/schema\/logo\/image\/","url":"http:\/\/www.eldiariodetucuman.com\/web\/wp-content\/uploads\/2017\/12\/el-diario-de-tucuman.jpg","contentUrl":"http:\/\/www.eldiariodetucuman.com\/web\/wp-content\/uploads\/2017\/12\/el-diario-de-tucuman.jpg","width":272,"height":92,"caption":"El Diario de Tucuman"},"image":{"@id":"https:\/\/www.eldiariodetucuman.com\/web\/#\/schema\/logo\/image\/"}},{"@type":"Person","@id":"https:\/\/www.eldiariodetucuman.com\/web\/#\/schema\/person\/6f95946e54fde848b878ffa4928071d5","name":"eldiario detucuman","image":{"@type":"ImageObject","inLanguage":"es","@id":"https:\/\/secure.gravatar.com\/avatar\/b6e1f89c5c4044c4962c8e6c20b1ca2cc99f549c965908afd4ec5308b3f51bfe?s=96&d=mm&r=g","url":"https:\/\/secure.gravatar.com\/avatar\/b6e1f89c5c4044c4962c8e6c20b1ca2cc99f549c965908afd4ec5308b3f51bfe?s=96&d=mm&r=g","contentUrl":"https:\/\/secure.gravatar.com\/avatar\/b6e1f89c5c4044c4962c8e6c20b1ca2cc99f549c965908afd4ec5308b3f51bfe?s=96&d=mm&r=g","caption":"eldiario detucuman"},"url":"https:\/\/www.eldiariodetucuman.com\/web\/author\/eldiariodetucuman\/"}]}},"_links":{"self":[{"href":"https:\/\/www.eldiariodetucuman.com\/web\/wp-json\/wp\/v2\/posts\/20294","targetHints":{"allow":["GET"]}}],"collection":[{"href":"https:\/\/www.eldiariodetucuman.com\/web\/wp-json\/wp\/v2\/posts"}],"about":[{"href":"https:\/\/www.eldiariodetucuman.com\/web\/wp-json\/wp\/v2\/types\/post"}],"author":[{"embeddable":true,"href":"https:\/\/www.eldiariodetucuman.com\/web\/wp-json\/wp\/v2\/users\/4"}],"replies":[{"embeddable":true,"href":"https:\/\/www.eldiariodetucuman.com\/web\/wp-json\/wp\/v2\/comments?post=20294"}],"version-history":[{"count":0,"href":"https:\/\/www.eldiariodetucuman.com\/web\/wp-json\/wp\/v2\/posts\/20294\/revisions"}],"wp:featuredmedia":[{"embeddable":true,"href":"https:\/\/www.eldiariodetucuman.com\/web\/wp-json\/wp\/v2\/media\/20295"}],"wp:attachment":[{"href":"https:\/\/www.eldiariodetucuman.com\/web\/wp-json\/wp\/v2\/media?parent=20294"}],"wp:term":[{"taxonomy":"category","embeddable":true,"href":"https:\/\/www.eldiariodetucuman.com\/web\/wp-json\/wp\/v2\/categories?post=20294"},{"taxonomy":"post_tag","embeddable":true,"href":"https:\/\/www.eldiariodetucuman.com\/web\/wp-json\/wp\/v2\/tags?post=20294"}],"curies":[{"name":"wp","href":"https:\/\/api.w.org\/{rel}","templated":true}]}}