{"id":20288,"date":"2018-12-06T12:37:04","date_gmt":"2018-12-06T15:37:04","guid":{"rendered":"http:\/\/www.eldiariodetucuman.com\/web\/mauricio-macri-se-tomo-un-descanso-de-una-semana-a-donde-se-fue-de-viaje\/"},"modified":"2018-12-06T12:37:07","modified_gmt":"2018-12-06T15:37:07","slug":"mauricio-macri-se-tomo-un-descanso-de-una-semana-a-donde-se-fue-de-viaje","status":"publish","type":"post","link":"https:\/\/www.eldiariodetucuman.com\/web\/mauricio-macri-se-tomo-un-descanso-de-una-semana-a-donde-se-fue-de-viaje\/","title":{"rendered":"Mauricio Macri se tom\u00f3 un descanso de una semana: \u00bfa d\u00f3nde se fue de viaje?"},"content":{"rendered":"<div>\n<div readability=\"59.292225201072\">\n<p>Despu\u00e9s de la<strong> Cumbre del G20 <\/strong>y de los preparativos para recibir a los mandatarios internacionales,<strong> el presidente, <\/strong><a href=\"https:\/\/www.elintransigente.com\/noticias\/buscar\/?buscar=macri\">Mauricio Macri<\/a>, se traslad\u00f3 a <a href=\"https:\/\/www.elintransigente.com\/noticias\/buscar\/?buscar=neuquen\">Neuqu\u00e9n<\/a> junto con su esposa, Juliana Awada y su hija Antonia, para tomarse <strong>una semana de descanso<\/strong>. El pr\u00f3ximo lunes volver\u00e1 a retornar su agenda de actividades oficiales.<\/p>\n<p>Esta vez, Macri habr\u00eda optado por la villa tur\u00edstica de Chapelco, emplazada en la cordillera de los Andes ubicada a 19 km de la ciudad de San Mart\u00edn de los Andes, en reemplazo de Villa la Angostura, donde suele descansar, como lo hizo a principio de este a\u00f1o, seg\u00fan informaron fuentes gubernamentales a DN.<\/p>\n<aside class=\"htmlinline \"><!-- politica 2 300 x 250 imagen --><ins class=\"adsbygoogle\" data-ad-client=\"ca-pub-7781556717282971\" data-ad-slot=\"3120775563\"><\/ins><br \/>\n<\/aside>\n<p>\u00a0Si bien se encontrar\u00e1 alejado de la Casa Rosada y los problemas que lo esperan en Buenos Aires, estar\u00e1 atento al tratamiento de la ley de creaci\u00f3n de un r\u00e9gimen penal y procesal para la prevenci\u00f3n y represi\u00f3n de delitos en espect\u00e1culos futbol\u00edsticos, conocida como la normativa de los barrabravas.<\/p>\n<p>Como parte de su retiro, el Presidente encabez\u00f3 este mi\u00e9rcoles en la ciudad de Villa Carlos Paz, en C\u00f3rdoba, una reuni\u00f3n de la Mesa de Turismo, que tuvo como eje de trabajo las perspectivas ante el inicio de la temporada de verano, que evalu\u00f3 junto al gobernador de C\u00f3rdoba, Juan Schiaretti, y el secretario de Turismo, Gustavo Santos.<\/p>\n<aside class=\"htmlinline \"><!-- politica 5 300 x 250 texto mas imagen --><ins class=\"adsbygoogle\" data-ad-client=\"ca-pub-7781556717282971\" data-ad-slot=\"3033145653\"><\/ins><br \/>\n<\/aside>\n<p>Mientras tanto, la Secretar\u00eda General de Gobierno design\u00f3 a Leonardo Pablo Simoncini como el nuevo \u00a0Director de la Residencia Presidencial de Chapadmalal, utilizada por el Presidente durante sus vacaciones.<\/p>\n<p>Seg\u00fan el diario\u00a0<strong>Perfil<\/strong>, la residencia presidencial de Chapadmalal estuvo olvidada durante el Gobierno de Cristina Fern\u00e1ndez, pero con Cambiemos las instalaciones volvieron a utilizarse y, se reacondicionaron a gusto del mandatario para las reuniones de gesti\u00f3n de su gabinete. Este a\u00f1o la Casa Rosada planeaba invertir cerca de $ 100 millones en la propiedad.<\/p>\n<p>\u00a0<\/p>\n<p>\u00a0<\/p>\n<p>\u00a0<\/p>\n<\/div>\n<\/div>\n<p>Fuente: https:\/\/www.elintransigente.com\/politica\/2018\/12\/6\/mauricio-macri-se-tomo-un-descanso-de-una-semana-a-donde-se-fue-de-viaje-527880.html<\/p>\n","protected":false},"excerpt":{"rendered":"<p>Despu\u00e9s de la Cumbre del G20 y de los preparativos para recibir a los mandatarios internacionales, el presidente, Mauricio Macri, se traslad\u00f3 a Neuqu\u00e9n junto con su esposa, Juliana Awada y su hija Antonia, para tomarse una semana de descanso. El pr\u00f3ximo lunes volver\u00e1 a retornar su agenda de actividades oficiales. Esta vez, Macri habr\u00eda [&hellip;]<\/p>\n","protected":false},"author":1,"featured_media":20289,"comment_status":"open","ping_status":"closed","sticky":false,"template":"","format":"standard","meta":{"footnotes":""},"categories":[1],"tags":[],"class_list":{"0":"post-20288","1":"post","2":"type-post","3":"status-publish","4":"format-standard","5":"has-post-thumbnail","7":"category-portada"},"yoast_head":"<!-- This site is optimized with the Yoast SEO plugin v27.4 - https:\/\/yoast.com\/product\/yoast-seo-wordpress\/ -->\n<title>Mauricio Macri se tom\u00f3 un descanso de una semana: \u00bfa d\u00f3nde se fue de viaje? - El Diario de Tucuman<\/title>\n<meta name=\"robots\" content=\"index, follow, max-snippet:-1, max-image-preview:large, max-video-preview:-1\" \/>\n<link rel=\"canonical\" href=\"https:\/\/www.eldiariodetucuman.com\/web\/mauricio-macri-se-tomo-un-descanso-de-una-semana-a-donde-se-fue-de-viaje\/\" \/>\n<meta property=\"og:locale\" content=\"es_ES\" \/>\n<meta property=\"og:type\" content=\"article\" \/>\n<meta property=\"og:title\" content=\"Mauricio Macri se tom\u00f3 un descanso de una semana: \u00bfa d\u00f3nde se fue de viaje? - El Diario de Tucuman\" \/>\n<meta property=\"og:description\" content=\"Despu\u00e9s de la Cumbre del G20 y de los preparativos para recibir a los mandatarios internacionales, el presidente, Mauricio Macri, se traslad\u00f3 a Neuqu\u00e9n junto con su esposa, Juliana Awada y su hija Antonia, para tomarse una semana de descanso. El pr\u00f3ximo lunes volver\u00e1 a retornar su agenda de actividades oficiales. Esta vez, Macri habr\u00eda [&hellip;]\" \/>\n<meta property=\"og:url\" content=\"https:\/\/www.eldiariodetucuman.com\/web\/mauricio-macri-se-tomo-un-descanso-de-una-semana-a-donde-se-fue-de-viaje\/\" \/>\n<meta property=\"og:site_name\" content=\"El Diario de Tucuman\" \/>\n<meta property=\"article:published_time\" content=\"2018-12-06T15:37:04+00:00\" \/>\n<meta property=\"article:modified_time\" content=\"2018-12-06T15:37:07+00:00\" \/>\n<meta property=\"og:image\" content=\"https:\/\/www.eldiariodetucuman.com\/web\/wp-content\/uploads\/2018\/12\/c240049df70411236d90db3c47c4f2a9.jpeg\" \/>\n\t<meta property=\"og:image:width\" content=\"960\" \/>\n\t<meta property=\"og:image:height\" content=\"861\" \/>\n\t<meta property=\"og:image:type\" content=\"image\/jpeg\" \/>\n<meta name=\"author\" content=\"admin\" \/>\n<meta name=\"twitter:card\" content=\"summary_large_image\" \/>\n<meta name=\"twitter:label1\" content=\"Escrito por\" \/>\n\t<meta name=\"twitter:data1\" content=\"admin\" \/>\n\t<meta name=\"twitter:label2\" content=\"Tiempo de lectura\" \/>\n\t<meta name=\"twitter:data2\" content=\"2 minutos\" \/>\n<script type=\"application\/ld+json\" class=\"yoast-schema-graph\">{\"@context\":\"https:\\\/\\\/schema.org\",\"@graph\":[{\"@type\":\"Article\",\"@id\":\"https:\\\/\\\/www.eldiariodetucuman.com\\\/web\\\/mauricio-macri-se-tomo-un-descanso-de-una-semana-a-donde-se-fue-de-viaje\\\/#article\",\"isPartOf\":{\"@id\":\"https:\\\/\\\/www.eldiariodetucuman.com\\\/web\\\/mauricio-macri-se-tomo-un-descanso-de-una-semana-a-donde-se-fue-de-viaje\\\/\"},\"author\":{\"name\":\"admin\",\"@id\":\"https:\\\/\\\/www.eldiariodetucuman.com\\\/web\\\/#\\\/schema\\\/person\\\/9250197d75ab5483412e19678b121caa\"},\"headline\":\"Mauricio Macri se tom\u00f3 un descanso de una semana: \u00bfa d\u00f3nde se fue de viaje?\",\"datePublished\":\"2018-12-06T15:37:04+00:00\",\"dateModified\":\"2018-12-06T15:37:07+00:00\",\"mainEntityOfPage\":{\"@id\":\"https:\\\/\\\/www.eldiariodetucuman.com\\\/web\\\/mauricio-macri-se-tomo-un-descanso-de-una-semana-a-donde-se-fue-de-viaje\\\/\"},\"wordCount\":341,\"commentCount\":0,\"publisher\":{\"@id\":\"https:\\\/\\\/www.eldiariodetucuman.com\\\/web\\\/#organization\"},\"image\":{\"@id\":\"https:\\\/\\\/www.eldiariodetucuman.com\\\/web\\\/mauricio-macri-se-tomo-un-descanso-de-una-semana-a-donde-se-fue-de-viaje\\\/#primaryimage\"},\"thumbnailUrl\":\"https:\\\/\\\/www.eldiariodetucuman.com\\\/web\\\/wp-content\\\/uploads\\\/2018\\\/12\\\/c240049df70411236d90db3c47c4f2a9.jpeg\",\"articleSection\":[\"Portada\"],\"inLanguage\":\"es\",\"potentialAction\":[{\"@type\":\"CommentAction\",\"name\":\"Comment\",\"target\":[\"https:\\\/\\\/www.eldiariodetucuman.com\\\/web\\\/mauricio-macri-se-tomo-un-descanso-de-una-semana-a-donde-se-fue-de-viaje\\\/#respond\"]}]},{\"@type\":\"WebPage\",\"@id\":\"https:\\\/\\\/www.eldiariodetucuman.com\\\/web\\\/mauricio-macri-se-tomo-un-descanso-de-una-semana-a-donde-se-fue-de-viaje\\\/\",\"url\":\"https:\\\/\\\/www.eldiariodetucuman.com\\\/web\\\/mauricio-macri-se-tomo-un-descanso-de-una-semana-a-donde-se-fue-de-viaje\\\/\",\"name\":\"Mauricio Macri se tom\u00f3 un descanso de una semana: \u00bfa d\u00f3nde se fue de viaje? - El Diario de Tucuman\",\"isPartOf\":{\"@id\":\"https:\\\/\\\/www.eldiariodetucuman.com\\\/web\\\/#website\"},\"primaryImageOfPage\":{\"@id\":\"https:\\\/\\\/www.eldiariodetucuman.com\\\/web\\\/mauricio-macri-se-tomo-un-descanso-de-una-semana-a-donde-se-fue-de-viaje\\\/#primaryimage\"},\"image\":{\"@id\":\"https:\\\/\\\/www.eldiariodetucuman.com\\\/web\\\/mauricio-macri-se-tomo-un-descanso-de-una-semana-a-donde-se-fue-de-viaje\\\/#primaryimage\"},\"thumbnailUrl\":\"https:\\\/\\\/www.eldiariodetucuman.com\\\/web\\\/wp-content\\\/uploads\\\/2018\\\/12\\\/c240049df70411236d90db3c47c4f2a9.jpeg\",\"datePublished\":\"2018-12-06T15:37:04+00:00\",\"dateModified\":\"2018-12-06T15:37:07+00:00\",\"breadcrumb\":{\"@id\":\"https:\\\/\\\/www.eldiariodetucuman.com\\\/web\\\/mauricio-macri-se-tomo-un-descanso-de-una-semana-a-donde-se-fue-de-viaje\\\/#breadcrumb\"},\"inLanguage\":\"es\",\"potentialAction\":[{\"@type\":\"ReadAction\",\"target\":[\"https:\\\/\\\/www.eldiariodetucuman.com\\\/web\\\/mauricio-macri-se-tomo-un-descanso-de-una-semana-a-donde-se-fue-de-viaje\\\/\"]}]},{\"@type\":\"ImageObject\",\"inLanguage\":\"es\",\"@id\":\"https:\\\/\\\/www.eldiariodetucuman.com\\\/web\\\/mauricio-macri-se-tomo-un-descanso-de-una-semana-a-donde-se-fue-de-viaje\\\/#primaryimage\",\"url\":\"https:\\\/\\\/www.eldiariodetucuman.com\\\/web\\\/wp-content\\\/uploads\\\/2018\\\/12\\\/c240049df70411236d90db3c47c4f2a9.jpeg\",\"contentUrl\":\"https:\\\/\\\/www.eldiariodetucuman.com\\\/web\\\/wp-content\\\/uploads\\\/2018\\\/12\\\/c240049df70411236d90db3c47c4f2a9.jpeg\",\"width\":960,\"height\":861},{\"@type\":\"BreadcrumbList\",\"@id\":\"https:\\\/\\\/www.eldiariodetucuman.com\\\/web\\\/mauricio-macri-se-tomo-un-descanso-de-una-semana-a-donde-se-fue-de-viaje\\\/#breadcrumb\",\"itemListElement\":[{\"@type\":\"ListItem\",\"position\":1,\"name\":\"Portada\",\"item\":\"https:\\\/\\\/www.eldiariodetucuman.com\\\/web\\\/\"},{\"@type\":\"ListItem\",\"position\":2,\"name\":\"Mauricio Macri se tom\u00f3 un descanso de una semana: \u00bfa d\u00f3nde se fue de viaje?\"}]},{\"@type\":\"WebSite\",\"@id\":\"https:\\\/\\\/www.eldiariodetucuman.com\\\/web\\\/#website\",\"url\":\"https:\\\/\\\/www.eldiariodetucuman.com\\\/web\\\/\",\"name\":\"El Diario de Tucuman\",\"description\":\"Diario Tucuman - Informaci\u00f3n y noticias\",\"publisher\":{\"@id\":\"https:\\\/\\\/www.eldiariodetucuman.com\\\/web\\\/#organization\"},\"potentialAction\":[{\"@type\":\"SearchAction\",\"target\":{\"@type\":\"EntryPoint\",\"urlTemplate\":\"https:\\\/\\\/www.eldiariodetucuman.com\\\/web\\\/?s={search_term_string}\"},\"query-input\":{\"@type\":\"PropertyValueSpecification\",\"valueRequired\":true,\"valueName\":\"search_term_string\"}}],\"inLanguage\":\"es\"},{\"@type\":\"Organization\",\"@id\":\"https:\\\/\\\/www.eldiariodetucuman.com\\\/web\\\/#organization\",\"name\":\"El Diario de Tucuman\",\"url\":\"https:\\\/\\\/www.eldiariodetucuman.com\\\/web\\\/\",\"logo\":{\"@type\":\"ImageObject\",\"inLanguage\":\"es\",\"@id\":\"https:\\\/\\\/www.eldiariodetucuman.com\\\/web\\\/#\\\/schema\\\/logo\\\/image\\\/\",\"url\":\"http:\\\/\\\/www.eldiariodetucuman.com\\\/web\\\/wp-content\\\/uploads\\\/2017\\\/12\\\/el-diario-de-tucuman.jpg\",\"contentUrl\":\"http:\\\/\\\/www.eldiariodetucuman.com\\\/web\\\/wp-content\\\/uploads\\\/2017\\\/12\\\/el-diario-de-tucuman.jpg\",\"width\":272,\"height\":92,\"caption\":\"El Diario de Tucuman\"},\"image\":{\"@id\":\"https:\\\/\\\/www.eldiariodetucuman.com\\\/web\\\/#\\\/schema\\\/logo\\\/image\\\/\"}},{\"@type\":\"Person\",\"@id\":\"https:\\\/\\\/www.eldiariodetucuman.com\\\/web\\\/#\\\/schema\\\/person\\\/9250197d75ab5483412e19678b121caa\",\"name\":\"admin\",\"image\":{\"@type\":\"ImageObject\",\"inLanguage\":\"es\",\"@id\":\"https:\\\/\\\/secure.gravatar.com\\\/avatar\\\/c44d117c2be811212c22cb481f6b8384b6873de103fbc49e7a03cc58d7dea4ac?s=96&d=mm&r=g\",\"url\":\"https:\\\/\\\/secure.gravatar.com\\\/avatar\\\/c44d117c2be811212c22cb481f6b8384b6873de103fbc49e7a03cc58d7dea4ac?s=96&d=mm&r=g\",\"contentUrl\":\"https:\\\/\\\/secure.gravatar.com\\\/avatar\\\/c44d117c2be811212c22cb481f6b8384b6873de103fbc49e7a03cc58d7dea4ac?s=96&d=mm&r=g\",\"caption\":\"admin\"},\"url\":\"https:\\\/\\\/www.eldiariodetucuman.com\\\/web\\\/author\\\/admin\\\/\"}]}<\/script>\n<!-- \/ Yoast SEO plugin. -->","yoast_head_json":{"title":"Mauricio Macri se tom\u00f3 un descanso de una semana: \u00bfa d\u00f3nde se fue de viaje? - El Diario de Tucuman","robots":{"index":"index","follow":"follow","max-snippet":"max-snippet:-1","max-image-preview":"max-image-preview:large","max-video-preview":"max-video-preview:-1"},"canonical":"https:\/\/www.eldiariodetucuman.com\/web\/mauricio-macri-se-tomo-un-descanso-de-una-semana-a-donde-se-fue-de-viaje\/","og_locale":"es_ES","og_type":"article","og_title":"Mauricio Macri se tom\u00f3 un descanso de una semana: \u00bfa d\u00f3nde se fue de viaje? - El Diario de Tucuman","og_description":"Despu\u00e9s de la Cumbre del G20 y de los preparativos para recibir a los mandatarios internacionales, el presidente, Mauricio Macri, se traslad\u00f3 a Neuqu\u00e9n junto con su esposa, Juliana Awada y su hija Antonia, para tomarse una semana de descanso. El pr\u00f3ximo lunes volver\u00e1 a retornar su agenda de actividades oficiales. Esta vez, Macri habr\u00eda [&hellip;]","og_url":"https:\/\/www.eldiariodetucuman.com\/web\/mauricio-macri-se-tomo-un-descanso-de-una-semana-a-donde-se-fue-de-viaje\/","og_site_name":"El Diario de Tucuman","article_published_time":"2018-12-06T15:37:04+00:00","article_modified_time":"2018-12-06T15:37:07+00:00","og_image":[{"width":960,"height":861,"url":"https:\/\/www.eldiariodetucuman.com\/web\/wp-content\/uploads\/2018\/12\/c240049df70411236d90db3c47c4f2a9.jpeg","type":"image\/jpeg"}],"author":"admin","twitter_card":"summary_large_image","twitter_misc":{"Escrito por":"admin","Tiempo de lectura":"2 minutos"},"schema":{"@context":"https:\/\/schema.org","@graph":[{"@type":"Article","@id":"https:\/\/www.eldiariodetucuman.com\/web\/mauricio-macri-se-tomo-un-descanso-de-una-semana-a-donde-se-fue-de-viaje\/#article","isPartOf":{"@id":"https:\/\/www.eldiariodetucuman.com\/web\/mauricio-macri-se-tomo-un-descanso-de-una-semana-a-donde-se-fue-de-viaje\/"},"author":{"name":"admin","@id":"https:\/\/www.eldiariodetucuman.com\/web\/#\/schema\/person\/9250197d75ab5483412e19678b121caa"},"headline":"Mauricio Macri se tom\u00f3 un descanso de una semana: \u00bfa d\u00f3nde se fue de viaje?","datePublished":"2018-12-06T15:37:04+00:00","dateModified":"2018-12-06T15:37:07+00:00","mainEntityOfPage":{"@id":"https:\/\/www.eldiariodetucuman.com\/web\/mauricio-macri-se-tomo-un-descanso-de-una-semana-a-donde-se-fue-de-viaje\/"},"wordCount":341,"commentCount":0,"publisher":{"@id":"https:\/\/www.eldiariodetucuman.com\/web\/#organization"},"image":{"@id":"https:\/\/www.eldiariodetucuman.com\/web\/mauricio-macri-se-tomo-un-descanso-de-una-semana-a-donde-se-fue-de-viaje\/#primaryimage"},"thumbnailUrl":"https:\/\/www.eldiariodetucuman.com\/web\/wp-content\/uploads\/2018\/12\/c240049df70411236d90db3c47c4f2a9.jpeg","articleSection":["Portada"],"inLanguage":"es","potentialAction":[{"@type":"CommentAction","name":"Comment","target":["https:\/\/www.eldiariodetucuman.com\/web\/mauricio-macri-se-tomo-un-descanso-de-una-semana-a-donde-se-fue-de-viaje\/#respond"]}]},{"@type":"WebPage","@id":"https:\/\/www.eldiariodetucuman.com\/web\/mauricio-macri-se-tomo-un-descanso-de-una-semana-a-donde-se-fue-de-viaje\/","url":"https:\/\/www.eldiariodetucuman.com\/web\/mauricio-macri-se-tomo-un-descanso-de-una-semana-a-donde-se-fue-de-viaje\/","name":"Mauricio Macri se tom\u00f3 un descanso de una semana: \u00bfa d\u00f3nde se fue de viaje? - El Diario de Tucuman","isPartOf":{"@id":"https:\/\/www.eldiariodetucuman.com\/web\/#website"},"primaryImageOfPage":{"@id":"https:\/\/www.eldiariodetucuman.com\/web\/mauricio-macri-se-tomo-un-descanso-de-una-semana-a-donde-se-fue-de-viaje\/#primaryimage"},"image":{"@id":"https:\/\/www.eldiariodetucuman.com\/web\/mauricio-macri-se-tomo-un-descanso-de-una-semana-a-donde-se-fue-de-viaje\/#primaryimage"},"thumbnailUrl":"https:\/\/www.eldiariodetucuman.com\/web\/wp-content\/uploads\/2018\/12\/c240049df70411236d90db3c47c4f2a9.jpeg","datePublished":"2018-12-06T15:37:04+00:00","dateModified":"2018-12-06T15:37:07+00:00","breadcrumb":{"@id":"https:\/\/www.eldiariodetucuman.com\/web\/mauricio-macri-se-tomo-un-descanso-de-una-semana-a-donde-se-fue-de-viaje\/#breadcrumb"},"inLanguage":"es","potentialAction":[{"@type":"ReadAction","target":["https:\/\/www.eldiariodetucuman.com\/web\/mauricio-macri-se-tomo-un-descanso-de-una-semana-a-donde-se-fue-de-viaje\/"]}]},{"@type":"ImageObject","inLanguage":"es","@id":"https:\/\/www.eldiariodetucuman.com\/web\/mauricio-macri-se-tomo-un-descanso-de-una-semana-a-donde-se-fue-de-viaje\/#primaryimage","url":"https:\/\/www.eldiariodetucuman.com\/web\/wp-content\/uploads\/2018\/12\/c240049df70411236d90db3c47c4f2a9.jpeg","contentUrl":"https:\/\/www.eldiariodetucuman.com\/web\/wp-content\/uploads\/2018\/12\/c240049df70411236d90db3c47c4f2a9.jpeg","width":960,"height":861},{"@type":"BreadcrumbList","@id":"https:\/\/www.eldiariodetucuman.com\/web\/mauricio-macri-se-tomo-un-descanso-de-una-semana-a-donde-se-fue-de-viaje\/#breadcrumb","itemListElement":[{"@type":"ListItem","position":1,"name":"Portada","item":"https:\/\/www.eldiariodetucuman.com\/web\/"},{"@type":"ListItem","position":2,"name":"Mauricio Macri se tom\u00f3 un descanso de una semana: \u00bfa d\u00f3nde se fue de viaje?"}]},{"@type":"WebSite","@id":"https:\/\/www.eldiariodetucuman.com\/web\/#website","url":"https:\/\/www.eldiariodetucuman.com\/web\/","name":"El Diario de Tucuman","description":"Diario Tucuman - Informaci\u00f3n y noticias","publisher":{"@id":"https:\/\/www.eldiariodetucuman.com\/web\/#organization"},"potentialAction":[{"@type":"SearchAction","target":{"@type":"EntryPoint","urlTemplate":"https:\/\/www.eldiariodetucuman.com\/web\/?s={search_term_string}"},"query-input":{"@type":"PropertyValueSpecification","valueRequired":true,"valueName":"search_term_string"}}],"inLanguage":"es"},{"@type":"Organization","@id":"https:\/\/www.eldiariodetucuman.com\/web\/#organization","name":"El Diario de Tucuman","url":"https:\/\/www.eldiariodetucuman.com\/web\/","logo":{"@type":"ImageObject","inLanguage":"es","@id":"https:\/\/www.eldiariodetucuman.com\/web\/#\/schema\/logo\/image\/","url":"http:\/\/www.eldiariodetucuman.com\/web\/wp-content\/uploads\/2017\/12\/el-diario-de-tucuman.jpg","contentUrl":"http:\/\/www.eldiariodetucuman.com\/web\/wp-content\/uploads\/2017\/12\/el-diario-de-tucuman.jpg","width":272,"height":92,"caption":"El Diario de Tucuman"},"image":{"@id":"https:\/\/www.eldiariodetucuman.com\/web\/#\/schema\/logo\/image\/"}},{"@type":"Person","@id":"https:\/\/www.eldiariodetucuman.com\/web\/#\/schema\/person\/9250197d75ab5483412e19678b121caa","name":"admin","image":{"@type":"ImageObject","inLanguage":"es","@id":"https:\/\/secure.gravatar.com\/avatar\/c44d117c2be811212c22cb481f6b8384b6873de103fbc49e7a03cc58d7dea4ac?s=96&d=mm&r=g","url":"https:\/\/secure.gravatar.com\/avatar\/c44d117c2be811212c22cb481f6b8384b6873de103fbc49e7a03cc58d7dea4ac?s=96&d=mm&r=g","contentUrl":"https:\/\/secure.gravatar.com\/avatar\/c44d117c2be811212c22cb481f6b8384b6873de103fbc49e7a03cc58d7dea4ac?s=96&d=mm&r=g","caption":"admin"},"url":"https:\/\/www.eldiariodetucuman.com\/web\/author\/admin\/"}]}},"_links":{"self":[{"href":"https:\/\/www.eldiariodetucuman.com\/web\/wp-json\/wp\/v2\/posts\/20288","targetHints":{"allow":["GET"]}}],"collection":[{"href":"https:\/\/www.eldiariodetucuman.com\/web\/wp-json\/wp\/v2\/posts"}],"about":[{"href":"https:\/\/www.eldiariodetucuman.com\/web\/wp-json\/wp\/v2\/types\/post"}],"author":[{"embeddable":true,"href":"https:\/\/www.eldiariodetucuman.com\/web\/wp-json\/wp\/v2\/users\/1"}],"replies":[{"embeddable":true,"href":"https:\/\/www.eldiariodetucuman.com\/web\/wp-json\/wp\/v2\/comments?post=20288"}],"version-history":[{"count":1,"href":"https:\/\/www.eldiariodetucuman.com\/web\/wp-json\/wp\/v2\/posts\/20288\/revisions"}],"predecessor-version":[{"id":20290,"href":"https:\/\/www.eldiariodetucuman.com\/web\/wp-json\/wp\/v2\/posts\/20288\/revisions\/20290"}],"wp:featuredmedia":[{"embeddable":true,"href":"https:\/\/www.eldiariodetucuman.com\/web\/wp-json\/wp\/v2\/media\/20289"}],"wp:attachment":[{"href":"https:\/\/www.eldiariodetucuman.com\/web\/wp-json\/wp\/v2\/media?parent=20288"}],"wp:term":[{"taxonomy":"category","embeddable":true,"href":"https:\/\/www.eldiariodetucuman.com\/web\/wp-json\/wp\/v2\/categories?post=20288"},{"taxonomy":"post_tag","embeddable":true,"href":"https:\/\/www.eldiariodetucuman.com\/web\/wp-json\/wp\/v2\/tags?post=20288"}],"curies":[{"name":"wp","href":"https:\/\/api.w.org\/{rel}","templated":true}]}}