{"id":20285,"date":"2018-12-06T12:36:53","date_gmt":"2018-12-06T15:36:53","guid":{"rendered":"http:\/\/www.eldiariodetucuman.com\/web\/detuvieron-a-fabian-hermoso-titular-del-sindicato-de-los-trabajadores-quimicos\/"},"modified":"2018-12-06T12:36:55","modified_gmt":"2018-12-06T15:36:55","slug":"detuvieron-a-fabian-hermoso-titular-del-sindicato-de-los-trabajadores-quimicos","status":"publish","type":"post","link":"https:\/\/www.eldiariodetucuman.com\/web\/detuvieron-a-fabian-hermoso-titular-del-sindicato-de-los-trabajadores-quimicos\/","title":{"rendered":"Detuvieron a Fabi\u00e1n Hermoso, titular del sindicato de los trabajadores qu\u00edmicos"},"content":{"rendered":"<div>\n<div readability=\"41.336250575772\">\n<p><strong>Detuvieron<\/strong> a <strong>Fabi\u00e1n Hermoso<\/strong>, presidente de la Federaci\u00f3n Argentina de Trabajadores de <a href=\"https:\/\/www.elintransigente.com\/noticias\/buscar\/?buscar=industrias+qu%EDmicas\">Industrias Qu\u00edmicas<\/a> y Petroqu\u00edmicas (FATIQYP). Ocurri\u00f3 hace instantes y el operativo estuvo a cargo de\u00a0personal policial al mando del jefe distrital de Berazategui, Juan Cardozo, a ra\u00edz de una investigaci\u00f3n judicial que involucra a los m\u00e1ximos referentes de ese <strong>sindicato<\/strong>.<\/p>\n<p>Fue detenido en el marco de una investigaci\u00f3n judicial a cargo del juez Gustavo Mora. En este expediente se investiga a los jefes del gremio de trabajadores de industrias qu\u00edmicas por los delitos de supuesta <a href=\"https:\/\/www.elintransigente.com\/noticias\/buscar\/?buscar=extorsi%F3n\">extorsi\u00f3n<\/a> y asociaci\u00f3n il\u00edcita.\u00a0Hasta el momento son cinco los detenidos, se espera encontrar a otros dos\u00a0y los investigadores se encuentran realizando allanamientos.<\/p>\n<aside class=\"htmlinline \"><!-- politica 2 300 x 250 imagen --><ins class=\"adsbygoogle\" data-ad-client=\"ca-pub-7781556717282971\" data-ad-slot=\"3120775563\"><\/ins><br \/>\n<\/aside>\n<p>Hermoso es un hombre cercano a Cambiemos, de excelente relaci\u00f3n con el ahora ex secretario de Trabajo Jorge Triaca, que forma parte del armado sindical del oficialismo, indica InfoSur. La causa es conexa a la que mantiene detenido a Miguel Souto, secretario general del sector qu\u00edmico en Florencio Varela y ex concejal del massismo.<\/p>\n<p>En octubre de este a\u00f1o, detuvieron a la c\u00fapula<strong>\u00a0<\/strong>del sindicato de Qu\u00edmicos, Petroqu\u00edmicos y Explosivos de Florencio Varela por<strong>\u00a0<\/strong>extorsionar y amenazar\u00a0a empresarios y trabajadores del sur del conurbano bonaerense. La denuncia la hicieron los mismos\u00a0empresarios a quienes los acusados les exig\u00edan plata para no generarles conflictos en sus compa\u00f1\u00edas.<\/p>\n<aside class=\"htmlinline \"><!-- politica 5 300 x 250 texto mas imagen --><ins class=\"adsbygoogle\" data-ad-client=\"ca-pub-7781556717282971\" data-ad-slot=\"3033145653\"><\/ins><br \/>\n<\/aside>\n<p>Encabezados por el jefe de la seccional Miguel \u00c1ngel Souto, los dirigentes ped\u00edan un pago promedio de $ 25 mil semanales<strong> <\/strong>para no generar conflictos. Para intimidar usaban a barrabravas del club Defensa y Justicia. Adem\u00e1s de Souto, que fue concejal del Frente Renovador, arrestaron en ese momento a su segundo F\u00e9lix Rol\u00f3n y al secretario del gremio Diego Uriel Flores.\u00a0<\/p>\n<div readability=\"6.3526912181303\">\n<blockquote class=\"twitter-tweet\" data-lang=\"es\" readability=\"6.7762039660057\">\n<p lang=\"es\" dir=\"ltr\"><a href=\"https:\/\/twitter.com\/hashtag\/Ahora?src=hash&#038;ref_src=twsrc%5Etfw\">#Ahora<\/a> detuvieron a Fabian Hermoso, lider del sindicato de Quimicos. Una investigaci\u00f3n de la Distrital Berazategui. Junto al lider gremialista cayeron otros representantes del gremio. Estan acusados de amenazas a empresarios y hasta de quedarse con una empresa en Varela <a href=\"https:\/\/t.co\/XRFbWveVQP\">pic.twitter.com\/XRFbWveVQP<\/a><\/p>\n<p>&#8212; German Monaco (@GermanMonaco) <a href=\"https:\/\/twitter.com\/GermanMonaco\/status\/1070676488075268097?ref_src=twsrc%5Etfw\">6 de diciembre de 2018<\/a><\/p><\/blockquote>\n<\/div>\n<\/div>\n<\/div>\n<p>Fuente: https:\/\/www.elintransigente.com\/politica\/2018\/12\/6\/detuvieron-fabian-hermoso-titular-del-sindicato-de-los-trabajadores-quimicos-527882.html<\/p>\n","protected":false},"excerpt":{"rendered":"<p>Detuvieron a Fabi\u00e1n Hermoso, presidente de la Federaci\u00f3n Argentina de Trabajadores de Industrias Qu\u00edmicas y Petroqu\u00edmicas (FATIQYP). Ocurri\u00f3 hace instantes y el operativo estuvo a cargo de\u00a0personal policial al mando del jefe distrital de Berazategui, Juan Cardozo, a ra\u00edz de una investigaci\u00f3n judicial que involucra a los m\u00e1ximos referentes de ese sindicato. Fue detenido en [&hellip;]<\/p>\n","protected":false},"author":1,"featured_media":20286,"comment_status":"open","ping_status":"closed","sticky":false,"template":"","format":"standard","meta":{"footnotes":""},"categories":[1],"tags":[],"class_list":{"0":"post-20285","1":"post","2":"type-post","3":"status-publish","4":"format-standard","5":"has-post-thumbnail","7":"category-portada"},"yoast_head":"<!-- This site is optimized with the Yoast SEO plugin v27.4 - https:\/\/yoast.com\/product\/yoast-seo-wordpress\/ -->\n<title>Detuvieron a Fabi\u00e1n Hermoso, titular del sindicato de los trabajadores qu\u00edmicos - El Diario de Tucuman<\/title>\n<meta name=\"robots\" content=\"index, follow, max-snippet:-1, max-image-preview:large, max-video-preview:-1\" \/>\n<link rel=\"canonical\" href=\"https:\/\/www.eldiariodetucuman.com\/web\/detuvieron-a-fabian-hermoso-titular-del-sindicato-de-los-trabajadores-quimicos\/\" \/>\n<meta property=\"og:locale\" content=\"es_ES\" \/>\n<meta property=\"og:type\" content=\"article\" \/>\n<meta property=\"og:title\" content=\"Detuvieron a Fabi\u00e1n Hermoso, titular del sindicato de los trabajadores qu\u00edmicos - El Diario de Tucuman\" \/>\n<meta property=\"og:description\" content=\"Detuvieron a Fabi\u00e1n Hermoso, presidente de la Federaci\u00f3n Argentina de Trabajadores de Industrias Qu\u00edmicas y Petroqu\u00edmicas (FATIQYP). Ocurri\u00f3 hace instantes y el operativo estuvo a cargo de\u00a0personal policial al mando del jefe distrital de Berazategui, Juan Cardozo, a ra\u00edz de una investigaci\u00f3n judicial que involucra a los m\u00e1ximos referentes de ese sindicato. Fue detenido en [&hellip;]\" \/>\n<meta property=\"og:url\" content=\"https:\/\/www.eldiariodetucuman.com\/web\/detuvieron-a-fabian-hermoso-titular-del-sindicato-de-los-trabajadores-quimicos\/\" \/>\n<meta property=\"og:site_name\" content=\"El Diario de Tucuman\" \/>\n<meta property=\"article:published_time\" content=\"2018-12-06T15:36:53+00:00\" \/>\n<meta property=\"article:modified_time\" content=\"2018-12-06T15:36:55+00:00\" \/>\n<meta property=\"og:image\" content=\"https:\/\/www.eldiariodetucuman.com\/web\/wp-content\/uploads\/2018\/12\/5070151b4a902ba021c8e6ca92e09e2b.jpeg\" \/>\n\t<meta property=\"og:image:width\" content=\"960\" \/>\n\t<meta property=\"og:image:height\" content=\"638\" \/>\n\t<meta property=\"og:image:type\" content=\"image\/jpeg\" \/>\n<meta name=\"author\" content=\"admin\" \/>\n<meta name=\"twitter:card\" content=\"summary_large_image\" \/>\n<meta name=\"twitter:label1\" content=\"Escrito por\" \/>\n\t<meta name=\"twitter:data1\" content=\"admin\" \/>\n\t<meta name=\"twitter:label2\" content=\"Tiempo de lectura\" \/>\n\t<meta name=\"twitter:data2\" content=\"2 minutos\" \/>\n<script type=\"application\/ld+json\" class=\"yoast-schema-graph\">{\"@context\":\"https:\\\/\\\/schema.org\",\"@graph\":[{\"@type\":\"Article\",\"@id\":\"https:\\\/\\\/www.eldiariodetucuman.com\\\/web\\\/detuvieron-a-fabian-hermoso-titular-del-sindicato-de-los-trabajadores-quimicos\\\/#article\",\"isPartOf\":{\"@id\":\"https:\\\/\\\/www.eldiariodetucuman.com\\\/web\\\/detuvieron-a-fabian-hermoso-titular-del-sindicato-de-los-trabajadores-quimicos\\\/\"},\"author\":{\"name\":\"admin\",\"@id\":\"https:\\\/\\\/www.eldiariodetucuman.com\\\/web\\\/#\\\/schema\\\/person\\\/9250197d75ab5483412e19678b121caa\"},\"headline\":\"Detuvieron a Fabi\u00e1n Hermoso, titular del sindicato de los trabajadores qu\u00edmicos\",\"datePublished\":\"2018-12-06T15:36:53+00:00\",\"dateModified\":\"2018-12-06T15:36:55+00:00\",\"mainEntityOfPage\":{\"@id\":\"https:\\\/\\\/www.eldiariodetucuman.com\\\/web\\\/detuvieron-a-fabian-hermoso-titular-del-sindicato-de-los-trabajadores-quimicos\\\/\"},\"wordCount\":374,\"commentCount\":0,\"publisher\":{\"@id\":\"https:\\\/\\\/www.eldiariodetucuman.com\\\/web\\\/#organization\"},\"image\":{\"@id\":\"https:\\\/\\\/www.eldiariodetucuman.com\\\/web\\\/detuvieron-a-fabian-hermoso-titular-del-sindicato-de-los-trabajadores-quimicos\\\/#primaryimage\"},\"thumbnailUrl\":\"https:\\\/\\\/www.eldiariodetucuman.com\\\/web\\\/wp-content\\\/uploads\\\/2018\\\/12\\\/5070151b4a902ba021c8e6ca92e09e2b.jpeg\",\"articleSection\":[\"Portada\"],\"inLanguage\":\"es\",\"potentialAction\":[{\"@type\":\"CommentAction\",\"name\":\"Comment\",\"target\":[\"https:\\\/\\\/www.eldiariodetucuman.com\\\/web\\\/detuvieron-a-fabian-hermoso-titular-del-sindicato-de-los-trabajadores-quimicos\\\/#respond\"]}]},{\"@type\":\"WebPage\",\"@id\":\"https:\\\/\\\/www.eldiariodetucuman.com\\\/web\\\/detuvieron-a-fabian-hermoso-titular-del-sindicato-de-los-trabajadores-quimicos\\\/\",\"url\":\"https:\\\/\\\/www.eldiariodetucuman.com\\\/web\\\/detuvieron-a-fabian-hermoso-titular-del-sindicato-de-los-trabajadores-quimicos\\\/\",\"name\":\"Detuvieron a Fabi\u00e1n Hermoso, titular del sindicato de los trabajadores qu\u00edmicos - El Diario de Tucuman\",\"isPartOf\":{\"@id\":\"https:\\\/\\\/www.eldiariodetucuman.com\\\/web\\\/#website\"},\"primaryImageOfPage\":{\"@id\":\"https:\\\/\\\/www.eldiariodetucuman.com\\\/web\\\/detuvieron-a-fabian-hermoso-titular-del-sindicato-de-los-trabajadores-quimicos\\\/#primaryimage\"},\"image\":{\"@id\":\"https:\\\/\\\/www.eldiariodetucuman.com\\\/web\\\/detuvieron-a-fabian-hermoso-titular-del-sindicato-de-los-trabajadores-quimicos\\\/#primaryimage\"},\"thumbnailUrl\":\"https:\\\/\\\/www.eldiariodetucuman.com\\\/web\\\/wp-content\\\/uploads\\\/2018\\\/12\\\/5070151b4a902ba021c8e6ca92e09e2b.jpeg\",\"datePublished\":\"2018-12-06T15:36:53+00:00\",\"dateModified\":\"2018-12-06T15:36:55+00:00\",\"breadcrumb\":{\"@id\":\"https:\\\/\\\/www.eldiariodetucuman.com\\\/web\\\/detuvieron-a-fabian-hermoso-titular-del-sindicato-de-los-trabajadores-quimicos\\\/#breadcrumb\"},\"inLanguage\":\"es\",\"potentialAction\":[{\"@type\":\"ReadAction\",\"target\":[\"https:\\\/\\\/www.eldiariodetucuman.com\\\/web\\\/detuvieron-a-fabian-hermoso-titular-del-sindicato-de-los-trabajadores-quimicos\\\/\"]}]},{\"@type\":\"ImageObject\",\"inLanguage\":\"es\",\"@id\":\"https:\\\/\\\/www.eldiariodetucuman.com\\\/web\\\/detuvieron-a-fabian-hermoso-titular-del-sindicato-de-los-trabajadores-quimicos\\\/#primaryimage\",\"url\":\"https:\\\/\\\/www.eldiariodetucuman.com\\\/web\\\/wp-content\\\/uploads\\\/2018\\\/12\\\/5070151b4a902ba021c8e6ca92e09e2b.jpeg\",\"contentUrl\":\"https:\\\/\\\/www.eldiariodetucuman.com\\\/web\\\/wp-content\\\/uploads\\\/2018\\\/12\\\/5070151b4a902ba021c8e6ca92e09e2b.jpeg\",\"width\":960,\"height\":638},{\"@type\":\"BreadcrumbList\",\"@id\":\"https:\\\/\\\/www.eldiariodetucuman.com\\\/web\\\/detuvieron-a-fabian-hermoso-titular-del-sindicato-de-los-trabajadores-quimicos\\\/#breadcrumb\",\"itemListElement\":[{\"@type\":\"ListItem\",\"position\":1,\"name\":\"Portada\",\"item\":\"https:\\\/\\\/www.eldiariodetucuman.com\\\/web\\\/\"},{\"@type\":\"ListItem\",\"position\":2,\"name\":\"Detuvieron a Fabi\u00e1n Hermoso, titular del sindicato de los trabajadores qu\u00edmicos\"}]},{\"@type\":\"WebSite\",\"@id\":\"https:\\\/\\\/www.eldiariodetucuman.com\\\/web\\\/#website\",\"url\":\"https:\\\/\\\/www.eldiariodetucuman.com\\\/web\\\/\",\"name\":\"El Diario de Tucuman\",\"description\":\"Diario Tucuman - Informaci\u00f3n y noticias\",\"publisher\":{\"@id\":\"https:\\\/\\\/www.eldiariodetucuman.com\\\/web\\\/#organization\"},\"potentialAction\":[{\"@type\":\"SearchAction\",\"target\":{\"@type\":\"EntryPoint\",\"urlTemplate\":\"https:\\\/\\\/www.eldiariodetucuman.com\\\/web\\\/?s={search_term_string}\"},\"query-input\":{\"@type\":\"PropertyValueSpecification\",\"valueRequired\":true,\"valueName\":\"search_term_string\"}}],\"inLanguage\":\"es\"},{\"@type\":\"Organization\",\"@id\":\"https:\\\/\\\/www.eldiariodetucuman.com\\\/web\\\/#organization\",\"name\":\"El Diario de Tucuman\",\"url\":\"https:\\\/\\\/www.eldiariodetucuman.com\\\/web\\\/\",\"logo\":{\"@type\":\"ImageObject\",\"inLanguage\":\"es\",\"@id\":\"https:\\\/\\\/www.eldiariodetucuman.com\\\/web\\\/#\\\/schema\\\/logo\\\/image\\\/\",\"url\":\"http:\\\/\\\/www.eldiariodetucuman.com\\\/web\\\/wp-content\\\/uploads\\\/2017\\\/12\\\/el-diario-de-tucuman.jpg\",\"contentUrl\":\"http:\\\/\\\/www.eldiariodetucuman.com\\\/web\\\/wp-content\\\/uploads\\\/2017\\\/12\\\/el-diario-de-tucuman.jpg\",\"width\":272,\"height\":92,\"caption\":\"El Diario de Tucuman\"},\"image\":{\"@id\":\"https:\\\/\\\/www.eldiariodetucuman.com\\\/web\\\/#\\\/schema\\\/logo\\\/image\\\/\"}},{\"@type\":\"Person\",\"@id\":\"https:\\\/\\\/www.eldiariodetucuman.com\\\/web\\\/#\\\/schema\\\/person\\\/9250197d75ab5483412e19678b121caa\",\"name\":\"admin\",\"image\":{\"@type\":\"ImageObject\",\"inLanguage\":\"es\",\"@id\":\"https:\\\/\\\/secure.gravatar.com\\\/avatar\\\/c44d117c2be811212c22cb481f6b8384b6873de103fbc49e7a03cc58d7dea4ac?s=96&d=mm&r=g\",\"url\":\"https:\\\/\\\/secure.gravatar.com\\\/avatar\\\/c44d117c2be811212c22cb481f6b8384b6873de103fbc49e7a03cc58d7dea4ac?s=96&d=mm&r=g\",\"contentUrl\":\"https:\\\/\\\/secure.gravatar.com\\\/avatar\\\/c44d117c2be811212c22cb481f6b8384b6873de103fbc49e7a03cc58d7dea4ac?s=96&d=mm&r=g\",\"caption\":\"admin\"},\"url\":\"https:\\\/\\\/www.eldiariodetucuman.com\\\/web\\\/author\\\/admin\\\/\"}]}<\/script>\n<!-- \/ Yoast SEO plugin. -->","yoast_head_json":{"title":"Detuvieron a Fabi\u00e1n Hermoso, titular del sindicato de los trabajadores qu\u00edmicos - El Diario de Tucuman","robots":{"index":"index","follow":"follow","max-snippet":"max-snippet:-1","max-image-preview":"max-image-preview:large","max-video-preview":"max-video-preview:-1"},"canonical":"https:\/\/www.eldiariodetucuman.com\/web\/detuvieron-a-fabian-hermoso-titular-del-sindicato-de-los-trabajadores-quimicos\/","og_locale":"es_ES","og_type":"article","og_title":"Detuvieron a Fabi\u00e1n Hermoso, titular del sindicato de los trabajadores qu\u00edmicos - El Diario de Tucuman","og_description":"Detuvieron a Fabi\u00e1n Hermoso, presidente de la Federaci\u00f3n Argentina de Trabajadores de Industrias Qu\u00edmicas y Petroqu\u00edmicas (FATIQYP). Ocurri\u00f3 hace instantes y el operativo estuvo a cargo de\u00a0personal policial al mando del jefe distrital de Berazategui, Juan Cardozo, a ra\u00edz de una investigaci\u00f3n judicial que involucra a los m\u00e1ximos referentes de ese sindicato. Fue detenido en [&hellip;]","og_url":"https:\/\/www.eldiariodetucuman.com\/web\/detuvieron-a-fabian-hermoso-titular-del-sindicato-de-los-trabajadores-quimicos\/","og_site_name":"El Diario de Tucuman","article_published_time":"2018-12-06T15:36:53+00:00","article_modified_time":"2018-12-06T15:36:55+00:00","og_image":[{"width":960,"height":638,"url":"https:\/\/www.eldiariodetucuman.com\/web\/wp-content\/uploads\/2018\/12\/5070151b4a902ba021c8e6ca92e09e2b.jpeg","type":"image\/jpeg"}],"author":"admin","twitter_card":"summary_large_image","twitter_misc":{"Escrito por":"admin","Tiempo de lectura":"2 minutos"},"schema":{"@context":"https:\/\/schema.org","@graph":[{"@type":"Article","@id":"https:\/\/www.eldiariodetucuman.com\/web\/detuvieron-a-fabian-hermoso-titular-del-sindicato-de-los-trabajadores-quimicos\/#article","isPartOf":{"@id":"https:\/\/www.eldiariodetucuman.com\/web\/detuvieron-a-fabian-hermoso-titular-del-sindicato-de-los-trabajadores-quimicos\/"},"author":{"name":"admin","@id":"https:\/\/www.eldiariodetucuman.com\/web\/#\/schema\/person\/9250197d75ab5483412e19678b121caa"},"headline":"Detuvieron a Fabi\u00e1n Hermoso, titular del sindicato de los trabajadores qu\u00edmicos","datePublished":"2018-12-06T15:36:53+00:00","dateModified":"2018-12-06T15:36:55+00:00","mainEntityOfPage":{"@id":"https:\/\/www.eldiariodetucuman.com\/web\/detuvieron-a-fabian-hermoso-titular-del-sindicato-de-los-trabajadores-quimicos\/"},"wordCount":374,"commentCount":0,"publisher":{"@id":"https:\/\/www.eldiariodetucuman.com\/web\/#organization"},"image":{"@id":"https:\/\/www.eldiariodetucuman.com\/web\/detuvieron-a-fabian-hermoso-titular-del-sindicato-de-los-trabajadores-quimicos\/#primaryimage"},"thumbnailUrl":"https:\/\/www.eldiariodetucuman.com\/web\/wp-content\/uploads\/2018\/12\/5070151b4a902ba021c8e6ca92e09e2b.jpeg","articleSection":["Portada"],"inLanguage":"es","potentialAction":[{"@type":"CommentAction","name":"Comment","target":["https:\/\/www.eldiariodetucuman.com\/web\/detuvieron-a-fabian-hermoso-titular-del-sindicato-de-los-trabajadores-quimicos\/#respond"]}]},{"@type":"WebPage","@id":"https:\/\/www.eldiariodetucuman.com\/web\/detuvieron-a-fabian-hermoso-titular-del-sindicato-de-los-trabajadores-quimicos\/","url":"https:\/\/www.eldiariodetucuman.com\/web\/detuvieron-a-fabian-hermoso-titular-del-sindicato-de-los-trabajadores-quimicos\/","name":"Detuvieron a Fabi\u00e1n Hermoso, titular del sindicato de los trabajadores qu\u00edmicos - El Diario de Tucuman","isPartOf":{"@id":"https:\/\/www.eldiariodetucuman.com\/web\/#website"},"primaryImageOfPage":{"@id":"https:\/\/www.eldiariodetucuman.com\/web\/detuvieron-a-fabian-hermoso-titular-del-sindicato-de-los-trabajadores-quimicos\/#primaryimage"},"image":{"@id":"https:\/\/www.eldiariodetucuman.com\/web\/detuvieron-a-fabian-hermoso-titular-del-sindicato-de-los-trabajadores-quimicos\/#primaryimage"},"thumbnailUrl":"https:\/\/www.eldiariodetucuman.com\/web\/wp-content\/uploads\/2018\/12\/5070151b4a902ba021c8e6ca92e09e2b.jpeg","datePublished":"2018-12-06T15:36:53+00:00","dateModified":"2018-12-06T15:36:55+00:00","breadcrumb":{"@id":"https:\/\/www.eldiariodetucuman.com\/web\/detuvieron-a-fabian-hermoso-titular-del-sindicato-de-los-trabajadores-quimicos\/#breadcrumb"},"inLanguage":"es","potentialAction":[{"@type":"ReadAction","target":["https:\/\/www.eldiariodetucuman.com\/web\/detuvieron-a-fabian-hermoso-titular-del-sindicato-de-los-trabajadores-quimicos\/"]}]},{"@type":"ImageObject","inLanguage":"es","@id":"https:\/\/www.eldiariodetucuman.com\/web\/detuvieron-a-fabian-hermoso-titular-del-sindicato-de-los-trabajadores-quimicos\/#primaryimage","url":"https:\/\/www.eldiariodetucuman.com\/web\/wp-content\/uploads\/2018\/12\/5070151b4a902ba021c8e6ca92e09e2b.jpeg","contentUrl":"https:\/\/www.eldiariodetucuman.com\/web\/wp-content\/uploads\/2018\/12\/5070151b4a902ba021c8e6ca92e09e2b.jpeg","width":960,"height":638},{"@type":"BreadcrumbList","@id":"https:\/\/www.eldiariodetucuman.com\/web\/detuvieron-a-fabian-hermoso-titular-del-sindicato-de-los-trabajadores-quimicos\/#breadcrumb","itemListElement":[{"@type":"ListItem","position":1,"name":"Portada","item":"https:\/\/www.eldiariodetucuman.com\/web\/"},{"@type":"ListItem","position":2,"name":"Detuvieron a Fabi\u00e1n Hermoso, titular del sindicato de los trabajadores qu\u00edmicos"}]},{"@type":"WebSite","@id":"https:\/\/www.eldiariodetucuman.com\/web\/#website","url":"https:\/\/www.eldiariodetucuman.com\/web\/","name":"El Diario de Tucuman","description":"Diario Tucuman - Informaci\u00f3n y noticias","publisher":{"@id":"https:\/\/www.eldiariodetucuman.com\/web\/#organization"},"potentialAction":[{"@type":"SearchAction","target":{"@type":"EntryPoint","urlTemplate":"https:\/\/www.eldiariodetucuman.com\/web\/?s={search_term_string}"},"query-input":{"@type":"PropertyValueSpecification","valueRequired":true,"valueName":"search_term_string"}}],"inLanguage":"es"},{"@type":"Organization","@id":"https:\/\/www.eldiariodetucuman.com\/web\/#organization","name":"El Diario de Tucuman","url":"https:\/\/www.eldiariodetucuman.com\/web\/","logo":{"@type":"ImageObject","inLanguage":"es","@id":"https:\/\/www.eldiariodetucuman.com\/web\/#\/schema\/logo\/image\/","url":"http:\/\/www.eldiariodetucuman.com\/web\/wp-content\/uploads\/2017\/12\/el-diario-de-tucuman.jpg","contentUrl":"http:\/\/www.eldiariodetucuman.com\/web\/wp-content\/uploads\/2017\/12\/el-diario-de-tucuman.jpg","width":272,"height":92,"caption":"El Diario de Tucuman"},"image":{"@id":"https:\/\/www.eldiariodetucuman.com\/web\/#\/schema\/logo\/image\/"}},{"@type":"Person","@id":"https:\/\/www.eldiariodetucuman.com\/web\/#\/schema\/person\/9250197d75ab5483412e19678b121caa","name":"admin","image":{"@type":"ImageObject","inLanguage":"es","@id":"https:\/\/secure.gravatar.com\/avatar\/c44d117c2be811212c22cb481f6b8384b6873de103fbc49e7a03cc58d7dea4ac?s=96&d=mm&r=g","url":"https:\/\/secure.gravatar.com\/avatar\/c44d117c2be811212c22cb481f6b8384b6873de103fbc49e7a03cc58d7dea4ac?s=96&d=mm&r=g","contentUrl":"https:\/\/secure.gravatar.com\/avatar\/c44d117c2be811212c22cb481f6b8384b6873de103fbc49e7a03cc58d7dea4ac?s=96&d=mm&r=g","caption":"admin"},"url":"https:\/\/www.eldiariodetucuman.com\/web\/author\/admin\/"}]}},"_links":{"self":[{"href":"https:\/\/www.eldiariodetucuman.com\/web\/wp-json\/wp\/v2\/posts\/20285","targetHints":{"allow":["GET"]}}],"collection":[{"href":"https:\/\/www.eldiariodetucuman.com\/web\/wp-json\/wp\/v2\/posts"}],"about":[{"href":"https:\/\/www.eldiariodetucuman.com\/web\/wp-json\/wp\/v2\/types\/post"}],"author":[{"embeddable":true,"href":"https:\/\/www.eldiariodetucuman.com\/web\/wp-json\/wp\/v2\/users\/1"}],"replies":[{"embeddable":true,"href":"https:\/\/www.eldiariodetucuman.com\/web\/wp-json\/wp\/v2\/comments?post=20285"}],"version-history":[{"count":1,"href":"https:\/\/www.eldiariodetucuman.com\/web\/wp-json\/wp\/v2\/posts\/20285\/revisions"}],"predecessor-version":[{"id":20287,"href":"https:\/\/www.eldiariodetucuman.com\/web\/wp-json\/wp\/v2\/posts\/20285\/revisions\/20287"}],"wp:featuredmedia":[{"embeddable":true,"href":"https:\/\/www.eldiariodetucuman.com\/web\/wp-json\/wp\/v2\/media\/20286"}],"wp:attachment":[{"href":"https:\/\/www.eldiariodetucuman.com\/web\/wp-json\/wp\/v2\/media?parent=20285"}],"wp:term":[{"taxonomy":"category","embeddable":true,"href":"https:\/\/www.eldiariodetucuman.com\/web\/wp-json\/wp\/v2\/categories?post=20285"},{"taxonomy":"post_tag","embeddable":true,"href":"https:\/\/www.eldiariodetucuman.com\/web\/wp-json\/wp\/v2\/tags?post=20285"}],"curies":[{"name":"wp","href":"https:\/\/api.w.org\/{rel}","templated":true}]}}