{"id":20282,"date":"2018-12-06T12:36:46","date_gmt":"2018-12-06T15:36:46","guid":{"rendered":"http:\/\/www.eldiariodetucuman.com\/web\/elevaron-a-juicio-oral-a-los-tres-hijos-de-luis-delia\/"},"modified":"2018-12-06T12:36:47","modified_gmt":"2018-12-06T15:36:47","slug":"elevaron-a-juicio-oral-a-los-tres-hijos-de-luis-delia","status":"publish","type":"post","link":"https:\/\/www.eldiariodetucuman.com\/web\/elevaron-a-juicio-oral-a-los-tres-hijos-de-luis-delia\/","title":{"rendered":"Elevaron a juicio oral a los tres hijos de Luis D&#8217;El\u00eda"},"content":{"rendered":"<div>\n<div readability=\"51.370126304228\">\n<p>Los hijos del dirigente social<strong>,\u00a0<a href=\"https:\/\/www.elintransigente.com\/noticias\/buscar\/?buscar=luis+delia\">Luis D&#8217;El\u00eda<\/a>,<\/strong> ir\u00e1n a<strong> juicio oral <\/strong>por haber ocupado<strong> cargos p\u00fablicos<\/strong> en la <a href=\"https:\/\/www.elintransigente.com\/noticias\/buscar\/?buscar=anses\">Administraci\u00f3n Nacional de Seguridad Social<\/a>\u00a0<strong>(ANSES)<\/strong> durante el 2008, sin contar con los requisitos m\u00ednimos exigidos, el t\u00edtulo del secundario completo.<\/p>\n<p>Se trata de Luis Ignacio, Facundo y Pablo D&#8217;El\u00eda, quienes ya hab\u00edan sido procesados en esta mismas causa, a ra\u00edz de una investigaci\u00f3n llevada adelante en el 2012 por el diario Perfil. En esta ocasi\u00f3n, la jueza a cargo, Mar\u00eda Servini de Cubr\u00eda, decidi\u00f3 elevar el caso al siguiente pelda\u00f1o.<\/p>\n<aside class=\"htmlinline \"><!-- politica 2 300 x 250 imagen --><ins class=\"adsbygoogle\" data-ad-client=\"ca-pub-7781556717282971\" data-ad-slot=\"3120775563\"><\/ins><br \/>\n<\/aside>\n<p>Junto con los hijos del sindicalistas tambi\u00e9n se encuentran procesados en el caso los\u00a0exfuncionarios del organismo,\u00a0Julio C\u00e9sar Casavelos\u00a0y Paula Torres, por suscribir &#8220;tales nombramientos con conocimientos de que los antes nombrados no cumpl\u00edan con los requisitos exigidos para los cargos&#8221;.<\/p>\n<p>Seg\u00fan establece la Justicia, tal infracci\u00f3n se castiga con una pena de pago de una multa de hasta 12.500 pesos e inhabilitaci\u00f3n especial de seis meses a dos a\u00f1os para la aceptaci\u00f3n de un cargo p\u00fablico sin cumplir requisitos legales. Ahora, el juez Sergio Torres se har\u00e1 cargo de la instancia oral.<\/p>\n<aside class=\"htmlinline \"><!-- politica 5 300 x 250 texto mas imagen --><ins class=\"adsbygoogle\" data-ad-client=\"ca-pub-7781556717282971\" data-ad-slot=\"3033145653\"><\/ins><br \/>\n<\/aside>\n<p>En mayo del 2018, la C\u00e1mara Federal porte\u00f1a confirm\u00f3 el procesamiento de los tres hombres, sin prisi\u00f3n preventiva, al considerar que, al momento de ingresar al ente p\u00fablico ninguno de ellos contaba con el \u00a0\u00abt\u00edtulo de educaci\u00f3n secundaria\u00bb tal cual lo pon\u00eda como condici\u00f3n de ingreso el organismo.\u00a0\u00a0<\/p>\n<p>\u00abLos tres hijos de D&#8217;Elia aceptaron sus cargos en la ANSES, pese a que no reun\u00edan los requisitos legalmente exigidos para acceder a esa funci\u00f3n p\u00fablica, al no contar aquellos con un t\u00edtulo de educaci\u00f3n secundaria exigido&#8221;, se\u00f1alaron en el fallo y pidieron que se investigara a los funcionarios que hab\u00edan posibilitado tal nombramiento.<\/p>\n<\/div>\n<\/div>\n<p>Fuente: https:\/\/www.elintransigente.com\/politica\/2018\/12\/6\/elevaron-juicio-oral-los-tres-hijos-de-luis-delia-527888.html<\/p>\n","protected":false},"excerpt":{"rendered":"<p>Los hijos del dirigente social,\u00a0Luis D&#8217;El\u00eda, ir\u00e1n a juicio oral por haber ocupado cargos p\u00fablicos en la Administraci\u00f3n Nacional de Seguridad Social\u00a0(ANSES) durante el 2008, sin contar con los requisitos m\u00ednimos exigidos, el t\u00edtulo del secundario completo. Se trata de Luis Ignacio, Facundo y Pablo D&#8217;El\u00eda, quienes ya hab\u00edan sido procesados en esta mismas causa, [&hellip;]<\/p>\n","protected":false},"author":1,"featured_media":20283,"comment_status":"open","ping_status":"closed","sticky":false,"template":"","format":"standard","meta":{"footnotes":""},"categories":[1],"tags":[],"class_list":{"0":"post-20282","1":"post","2":"type-post","3":"status-publish","4":"format-standard","5":"has-post-thumbnail","7":"category-portada"},"yoast_head":"<!-- This site is optimized with the Yoast SEO plugin v27.4 - https:\/\/yoast.com\/product\/yoast-seo-wordpress\/ -->\n<title>Elevaron a juicio oral a los tres hijos de Luis D&#039;El\u00eda - El Diario de Tucuman<\/title>\n<meta name=\"robots\" content=\"index, follow, max-snippet:-1, max-image-preview:large, max-video-preview:-1\" \/>\n<link rel=\"canonical\" href=\"https:\/\/www.eldiariodetucuman.com\/web\/elevaron-a-juicio-oral-a-los-tres-hijos-de-luis-delia\/\" \/>\n<meta property=\"og:locale\" content=\"es_ES\" \/>\n<meta property=\"og:type\" content=\"article\" \/>\n<meta property=\"og:title\" content=\"Elevaron a juicio oral a los tres hijos de Luis D&#039;El\u00eda - El Diario de Tucuman\" \/>\n<meta property=\"og:description\" content=\"Los hijos del dirigente social,\u00a0Luis D&#8217;El\u00eda, ir\u00e1n a juicio oral por haber ocupado cargos p\u00fablicos en la Administraci\u00f3n Nacional de Seguridad Social\u00a0(ANSES) durante el 2008, sin contar con los requisitos m\u00ednimos exigidos, el t\u00edtulo del secundario completo. Se trata de Luis Ignacio, Facundo y Pablo D&#8217;El\u00eda, quienes ya hab\u00edan sido procesados en esta mismas causa, [&hellip;]\" \/>\n<meta property=\"og:url\" content=\"https:\/\/www.eldiariodetucuman.com\/web\/elevaron-a-juicio-oral-a-los-tres-hijos-de-luis-delia\/\" \/>\n<meta property=\"og:site_name\" content=\"El Diario de Tucuman\" \/>\n<meta property=\"article:published_time\" content=\"2018-12-06T15:36:46+00:00\" \/>\n<meta property=\"article:modified_time\" content=\"2018-12-06T15:36:47+00:00\" \/>\n<meta property=\"og:image\" content=\"https:\/\/www.eldiariodetucuman.com\/web\/wp-content\/uploads\/2018\/12\/d43aed98f3beb11548a9fe0a2f0173f7.jpeg\" \/>\n\t<meta property=\"og:image:width\" content=\"960\" \/>\n\t<meta property=\"og:image:height\" content=\"576\" \/>\n\t<meta property=\"og:image:type\" content=\"image\/jpeg\" \/>\n<meta name=\"author\" content=\"admin\" \/>\n<meta name=\"twitter:card\" content=\"summary_large_image\" \/>\n<meta name=\"twitter:label1\" content=\"Escrito por\" \/>\n\t<meta name=\"twitter:data1\" content=\"admin\" \/>\n\t<meta name=\"twitter:label2\" content=\"Tiempo de lectura\" \/>\n\t<meta name=\"twitter:data2\" content=\"2 minutos\" \/>\n<script type=\"application\/ld+json\" class=\"yoast-schema-graph\">{\"@context\":\"https:\\\/\\\/schema.org\",\"@graph\":[{\"@type\":\"Article\",\"@id\":\"https:\\\/\\\/www.eldiariodetucuman.com\\\/web\\\/elevaron-a-juicio-oral-a-los-tres-hijos-de-luis-delia\\\/#article\",\"isPartOf\":{\"@id\":\"https:\\\/\\\/www.eldiariodetucuman.com\\\/web\\\/elevaron-a-juicio-oral-a-los-tres-hijos-de-luis-delia\\\/\"},\"author\":{\"name\":\"admin\",\"@id\":\"https:\\\/\\\/www.eldiariodetucuman.com\\\/web\\\/#\\\/schema\\\/person\\\/9250197d75ab5483412e19678b121caa\"},\"headline\":\"Elevaron a juicio oral a los tres hijos de Luis D&#8217;El\u00eda\",\"datePublished\":\"2018-12-06T15:36:46+00:00\",\"dateModified\":\"2018-12-06T15:36:47+00:00\",\"mainEntityOfPage\":{\"@id\":\"https:\\\/\\\/www.eldiariodetucuman.com\\\/web\\\/elevaron-a-juicio-oral-a-los-tres-hijos-de-luis-delia\\\/\"},\"wordCount\":340,\"commentCount\":0,\"publisher\":{\"@id\":\"https:\\\/\\\/www.eldiariodetucuman.com\\\/web\\\/#organization\"},\"image\":{\"@id\":\"https:\\\/\\\/www.eldiariodetucuman.com\\\/web\\\/elevaron-a-juicio-oral-a-los-tres-hijos-de-luis-delia\\\/#primaryimage\"},\"thumbnailUrl\":\"https:\\\/\\\/www.eldiariodetucuman.com\\\/web\\\/wp-content\\\/uploads\\\/2018\\\/12\\\/d43aed98f3beb11548a9fe0a2f0173f7.jpeg\",\"articleSection\":[\"Portada\"],\"inLanguage\":\"es\",\"potentialAction\":[{\"@type\":\"CommentAction\",\"name\":\"Comment\",\"target\":[\"https:\\\/\\\/www.eldiariodetucuman.com\\\/web\\\/elevaron-a-juicio-oral-a-los-tres-hijos-de-luis-delia\\\/#respond\"]}]},{\"@type\":\"WebPage\",\"@id\":\"https:\\\/\\\/www.eldiariodetucuman.com\\\/web\\\/elevaron-a-juicio-oral-a-los-tres-hijos-de-luis-delia\\\/\",\"url\":\"https:\\\/\\\/www.eldiariodetucuman.com\\\/web\\\/elevaron-a-juicio-oral-a-los-tres-hijos-de-luis-delia\\\/\",\"name\":\"Elevaron a juicio oral a los tres hijos de Luis D'El\u00eda - El Diario de Tucuman\",\"isPartOf\":{\"@id\":\"https:\\\/\\\/www.eldiariodetucuman.com\\\/web\\\/#website\"},\"primaryImageOfPage\":{\"@id\":\"https:\\\/\\\/www.eldiariodetucuman.com\\\/web\\\/elevaron-a-juicio-oral-a-los-tres-hijos-de-luis-delia\\\/#primaryimage\"},\"image\":{\"@id\":\"https:\\\/\\\/www.eldiariodetucuman.com\\\/web\\\/elevaron-a-juicio-oral-a-los-tres-hijos-de-luis-delia\\\/#primaryimage\"},\"thumbnailUrl\":\"https:\\\/\\\/www.eldiariodetucuman.com\\\/web\\\/wp-content\\\/uploads\\\/2018\\\/12\\\/d43aed98f3beb11548a9fe0a2f0173f7.jpeg\",\"datePublished\":\"2018-12-06T15:36:46+00:00\",\"dateModified\":\"2018-12-06T15:36:47+00:00\",\"breadcrumb\":{\"@id\":\"https:\\\/\\\/www.eldiariodetucuman.com\\\/web\\\/elevaron-a-juicio-oral-a-los-tres-hijos-de-luis-delia\\\/#breadcrumb\"},\"inLanguage\":\"es\",\"potentialAction\":[{\"@type\":\"ReadAction\",\"target\":[\"https:\\\/\\\/www.eldiariodetucuman.com\\\/web\\\/elevaron-a-juicio-oral-a-los-tres-hijos-de-luis-delia\\\/\"]}]},{\"@type\":\"ImageObject\",\"inLanguage\":\"es\",\"@id\":\"https:\\\/\\\/www.eldiariodetucuman.com\\\/web\\\/elevaron-a-juicio-oral-a-los-tres-hijos-de-luis-delia\\\/#primaryimage\",\"url\":\"https:\\\/\\\/www.eldiariodetucuman.com\\\/web\\\/wp-content\\\/uploads\\\/2018\\\/12\\\/d43aed98f3beb11548a9fe0a2f0173f7.jpeg\",\"contentUrl\":\"https:\\\/\\\/www.eldiariodetucuman.com\\\/web\\\/wp-content\\\/uploads\\\/2018\\\/12\\\/d43aed98f3beb11548a9fe0a2f0173f7.jpeg\",\"width\":960,\"height\":576},{\"@type\":\"BreadcrumbList\",\"@id\":\"https:\\\/\\\/www.eldiariodetucuman.com\\\/web\\\/elevaron-a-juicio-oral-a-los-tres-hijos-de-luis-delia\\\/#breadcrumb\",\"itemListElement\":[{\"@type\":\"ListItem\",\"position\":1,\"name\":\"Portada\",\"item\":\"https:\\\/\\\/www.eldiariodetucuman.com\\\/web\\\/\"},{\"@type\":\"ListItem\",\"position\":2,\"name\":\"Elevaron a juicio oral a los tres hijos de Luis D&#8217;El\u00eda\"}]},{\"@type\":\"WebSite\",\"@id\":\"https:\\\/\\\/www.eldiariodetucuman.com\\\/web\\\/#website\",\"url\":\"https:\\\/\\\/www.eldiariodetucuman.com\\\/web\\\/\",\"name\":\"El Diario de Tucuman\",\"description\":\"Diario Tucuman - Informaci\u00f3n y noticias\",\"publisher\":{\"@id\":\"https:\\\/\\\/www.eldiariodetucuman.com\\\/web\\\/#organization\"},\"potentialAction\":[{\"@type\":\"SearchAction\",\"target\":{\"@type\":\"EntryPoint\",\"urlTemplate\":\"https:\\\/\\\/www.eldiariodetucuman.com\\\/web\\\/?s={search_term_string}\"},\"query-input\":{\"@type\":\"PropertyValueSpecification\",\"valueRequired\":true,\"valueName\":\"search_term_string\"}}],\"inLanguage\":\"es\"},{\"@type\":\"Organization\",\"@id\":\"https:\\\/\\\/www.eldiariodetucuman.com\\\/web\\\/#organization\",\"name\":\"El Diario de Tucuman\",\"url\":\"https:\\\/\\\/www.eldiariodetucuman.com\\\/web\\\/\",\"logo\":{\"@type\":\"ImageObject\",\"inLanguage\":\"es\",\"@id\":\"https:\\\/\\\/www.eldiariodetucuman.com\\\/web\\\/#\\\/schema\\\/logo\\\/image\\\/\",\"url\":\"http:\\\/\\\/www.eldiariodetucuman.com\\\/web\\\/wp-content\\\/uploads\\\/2017\\\/12\\\/el-diario-de-tucuman.jpg\",\"contentUrl\":\"http:\\\/\\\/www.eldiariodetucuman.com\\\/web\\\/wp-content\\\/uploads\\\/2017\\\/12\\\/el-diario-de-tucuman.jpg\",\"width\":272,\"height\":92,\"caption\":\"El Diario de Tucuman\"},\"image\":{\"@id\":\"https:\\\/\\\/www.eldiariodetucuman.com\\\/web\\\/#\\\/schema\\\/logo\\\/image\\\/\"}},{\"@type\":\"Person\",\"@id\":\"https:\\\/\\\/www.eldiariodetucuman.com\\\/web\\\/#\\\/schema\\\/person\\\/9250197d75ab5483412e19678b121caa\",\"name\":\"admin\",\"image\":{\"@type\":\"ImageObject\",\"inLanguage\":\"es\",\"@id\":\"https:\\\/\\\/secure.gravatar.com\\\/avatar\\\/c44d117c2be811212c22cb481f6b8384b6873de103fbc49e7a03cc58d7dea4ac?s=96&d=mm&r=g\",\"url\":\"https:\\\/\\\/secure.gravatar.com\\\/avatar\\\/c44d117c2be811212c22cb481f6b8384b6873de103fbc49e7a03cc58d7dea4ac?s=96&d=mm&r=g\",\"contentUrl\":\"https:\\\/\\\/secure.gravatar.com\\\/avatar\\\/c44d117c2be811212c22cb481f6b8384b6873de103fbc49e7a03cc58d7dea4ac?s=96&d=mm&r=g\",\"caption\":\"admin\"},\"url\":\"https:\\\/\\\/www.eldiariodetucuman.com\\\/web\\\/author\\\/admin\\\/\"}]}<\/script>\n<!-- \/ Yoast SEO plugin. -->","yoast_head_json":{"title":"Elevaron a juicio oral a los tres hijos de Luis D'El\u00eda - El Diario de Tucuman","robots":{"index":"index","follow":"follow","max-snippet":"max-snippet:-1","max-image-preview":"max-image-preview:large","max-video-preview":"max-video-preview:-1"},"canonical":"https:\/\/www.eldiariodetucuman.com\/web\/elevaron-a-juicio-oral-a-los-tres-hijos-de-luis-delia\/","og_locale":"es_ES","og_type":"article","og_title":"Elevaron a juicio oral a los tres hijos de Luis D'El\u00eda - El Diario de Tucuman","og_description":"Los hijos del dirigente social,\u00a0Luis D&#8217;El\u00eda, ir\u00e1n a juicio oral por haber ocupado cargos p\u00fablicos en la Administraci\u00f3n Nacional de Seguridad Social\u00a0(ANSES) durante el 2008, sin contar con los requisitos m\u00ednimos exigidos, el t\u00edtulo del secundario completo. Se trata de Luis Ignacio, Facundo y Pablo D&#8217;El\u00eda, quienes ya hab\u00edan sido procesados en esta mismas causa, [&hellip;]","og_url":"https:\/\/www.eldiariodetucuman.com\/web\/elevaron-a-juicio-oral-a-los-tres-hijos-de-luis-delia\/","og_site_name":"El Diario de Tucuman","article_published_time":"2018-12-06T15:36:46+00:00","article_modified_time":"2018-12-06T15:36:47+00:00","og_image":[{"width":960,"height":576,"url":"https:\/\/www.eldiariodetucuman.com\/web\/wp-content\/uploads\/2018\/12\/d43aed98f3beb11548a9fe0a2f0173f7.jpeg","type":"image\/jpeg"}],"author":"admin","twitter_card":"summary_large_image","twitter_misc":{"Escrito por":"admin","Tiempo de lectura":"2 minutos"},"schema":{"@context":"https:\/\/schema.org","@graph":[{"@type":"Article","@id":"https:\/\/www.eldiariodetucuman.com\/web\/elevaron-a-juicio-oral-a-los-tres-hijos-de-luis-delia\/#article","isPartOf":{"@id":"https:\/\/www.eldiariodetucuman.com\/web\/elevaron-a-juicio-oral-a-los-tres-hijos-de-luis-delia\/"},"author":{"name":"admin","@id":"https:\/\/www.eldiariodetucuman.com\/web\/#\/schema\/person\/9250197d75ab5483412e19678b121caa"},"headline":"Elevaron a juicio oral a los tres hijos de Luis D&#8217;El\u00eda","datePublished":"2018-12-06T15:36:46+00:00","dateModified":"2018-12-06T15:36:47+00:00","mainEntityOfPage":{"@id":"https:\/\/www.eldiariodetucuman.com\/web\/elevaron-a-juicio-oral-a-los-tres-hijos-de-luis-delia\/"},"wordCount":340,"commentCount":0,"publisher":{"@id":"https:\/\/www.eldiariodetucuman.com\/web\/#organization"},"image":{"@id":"https:\/\/www.eldiariodetucuman.com\/web\/elevaron-a-juicio-oral-a-los-tres-hijos-de-luis-delia\/#primaryimage"},"thumbnailUrl":"https:\/\/www.eldiariodetucuman.com\/web\/wp-content\/uploads\/2018\/12\/d43aed98f3beb11548a9fe0a2f0173f7.jpeg","articleSection":["Portada"],"inLanguage":"es","potentialAction":[{"@type":"CommentAction","name":"Comment","target":["https:\/\/www.eldiariodetucuman.com\/web\/elevaron-a-juicio-oral-a-los-tres-hijos-de-luis-delia\/#respond"]}]},{"@type":"WebPage","@id":"https:\/\/www.eldiariodetucuman.com\/web\/elevaron-a-juicio-oral-a-los-tres-hijos-de-luis-delia\/","url":"https:\/\/www.eldiariodetucuman.com\/web\/elevaron-a-juicio-oral-a-los-tres-hijos-de-luis-delia\/","name":"Elevaron a juicio oral a los tres hijos de Luis D'El\u00eda - El Diario de Tucuman","isPartOf":{"@id":"https:\/\/www.eldiariodetucuman.com\/web\/#website"},"primaryImageOfPage":{"@id":"https:\/\/www.eldiariodetucuman.com\/web\/elevaron-a-juicio-oral-a-los-tres-hijos-de-luis-delia\/#primaryimage"},"image":{"@id":"https:\/\/www.eldiariodetucuman.com\/web\/elevaron-a-juicio-oral-a-los-tres-hijos-de-luis-delia\/#primaryimage"},"thumbnailUrl":"https:\/\/www.eldiariodetucuman.com\/web\/wp-content\/uploads\/2018\/12\/d43aed98f3beb11548a9fe0a2f0173f7.jpeg","datePublished":"2018-12-06T15:36:46+00:00","dateModified":"2018-12-06T15:36:47+00:00","breadcrumb":{"@id":"https:\/\/www.eldiariodetucuman.com\/web\/elevaron-a-juicio-oral-a-los-tres-hijos-de-luis-delia\/#breadcrumb"},"inLanguage":"es","potentialAction":[{"@type":"ReadAction","target":["https:\/\/www.eldiariodetucuman.com\/web\/elevaron-a-juicio-oral-a-los-tres-hijos-de-luis-delia\/"]}]},{"@type":"ImageObject","inLanguage":"es","@id":"https:\/\/www.eldiariodetucuman.com\/web\/elevaron-a-juicio-oral-a-los-tres-hijos-de-luis-delia\/#primaryimage","url":"https:\/\/www.eldiariodetucuman.com\/web\/wp-content\/uploads\/2018\/12\/d43aed98f3beb11548a9fe0a2f0173f7.jpeg","contentUrl":"https:\/\/www.eldiariodetucuman.com\/web\/wp-content\/uploads\/2018\/12\/d43aed98f3beb11548a9fe0a2f0173f7.jpeg","width":960,"height":576},{"@type":"BreadcrumbList","@id":"https:\/\/www.eldiariodetucuman.com\/web\/elevaron-a-juicio-oral-a-los-tres-hijos-de-luis-delia\/#breadcrumb","itemListElement":[{"@type":"ListItem","position":1,"name":"Portada","item":"https:\/\/www.eldiariodetucuman.com\/web\/"},{"@type":"ListItem","position":2,"name":"Elevaron a juicio oral a los tres hijos de Luis D&#8217;El\u00eda"}]},{"@type":"WebSite","@id":"https:\/\/www.eldiariodetucuman.com\/web\/#website","url":"https:\/\/www.eldiariodetucuman.com\/web\/","name":"El Diario de Tucuman","description":"Diario Tucuman - Informaci\u00f3n y noticias","publisher":{"@id":"https:\/\/www.eldiariodetucuman.com\/web\/#organization"},"potentialAction":[{"@type":"SearchAction","target":{"@type":"EntryPoint","urlTemplate":"https:\/\/www.eldiariodetucuman.com\/web\/?s={search_term_string}"},"query-input":{"@type":"PropertyValueSpecification","valueRequired":true,"valueName":"search_term_string"}}],"inLanguage":"es"},{"@type":"Organization","@id":"https:\/\/www.eldiariodetucuman.com\/web\/#organization","name":"El Diario de Tucuman","url":"https:\/\/www.eldiariodetucuman.com\/web\/","logo":{"@type":"ImageObject","inLanguage":"es","@id":"https:\/\/www.eldiariodetucuman.com\/web\/#\/schema\/logo\/image\/","url":"http:\/\/www.eldiariodetucuman.com\/web\/wp-content\/uploads\/2017\/12\/el-diario-de-tucuman.jpg","contentUrl":"http:\/\/www.eldiariodetucuman.com\/web\/wp-content\/uploads\/2017\/12\/el-diario-de-tucuman.jpg","width":272,"height":92,"caption":"El Diario de Tucuman"},"image":{"@id":"https:\/\/www.eldiariodetucuman.com\/web\/#\/schema\/logo\/image\/"}},{"@type":"Person","@id":"https:\/\/www.eldiariodetucuman.com\/web\/#\/schema\/person\/9250197d75ab5483412e19678b121caa","name":"admin","image":{"@type":"ImageObject","inLanguage":"es","@id":"https:\/\/secure.gravatar.com\/avatar\/c44d117c2be811212c22cb481f6b8384b6873de103fbc49e7a03cc58d7dea4ac?s=96&d=mm&r=g","url":"https:\/\/secure.gravatar.com\/avatar\/c44d117c2be811212c22cb481f6b8384b6873de103fbc49e7a03cc58d7dea4ac?s=96&d=mm&r=g","contentUrl":"https:\/\/secure.gravatar.com\/avatar\/c44d117c2be811212c22cb481f6b8384b6873de103fbc49e7a03cc58d7dea4ac?s=96&d=mm&r=g","caption":"admin"},"url":"https:\/\/www.eldiariodetucuman.com\/web\/author\/admin\/"}]}},"_links":{"self":[{"href":"https:\/\/www.eldiariodetucuman.com\/web\/wp-json\/wp\/v2\/posts\/20282","targetHints":{"allow":["GET"]}}],"collection":[{"href":"https:\/\/www.eldiariodetucuman.com\/web\/wp-json\/wp\/v2\/posts"}],"about":[{"href":"https:\/\/www.eldiariodetucuman.com\/web\/wp-json\/wp\/v2\/types\/post"}],"author":[{"embeddable":true,"href":"https:\/\/www.eldiariodetucuman.com\/web\/wp-json\/wp\/v2\/users\/1"}],"replies":[{"embeddable":true,"href":"https:\/\/www.eldiariodetucuman.com\/web\/wp-json\/wp\/v2\/comments?post=20282"}],"version-history":[{"count":1,"href":"https:\/\/www.eldiariodetucuman.com\/web\/wp-json\/wp\/v2\/posts\/20282\/revisions"}],"predecessor-version":[{"id":20284,"href":"https:\/\/www.eldiariodetucuman.com\/web\/wp-json\/wp\/v2\/posts\/20282\/revisions\/20284"}],"wp:featuredmedia":[{"embeddable":true,"href":"https:\/\/www.eldiariodetucuman.com\/web\/wp-json\/wp\/v2\/media\/20283"}],"wp:attachment":[{"href":"https:\/\/www.eldiariodetucuman.com\/web\/wp-json\/wp\/v2\/media?parent=20282"}],"wp:term":[{"taxonomy":"category","embeddable":true,"href":"https:\/\/www.eldiariodetucuman.com\/web\/wp-json\/wp\/v2\/categories?post=20282"},{"taxonomy":"post_tag","embeddable":true,"href":"https:\/\/www.eldiariodetucuman.com\/web\/wp-json\/wp\/v2\/tags?post=20282"}],"curies":[{"name":"wp","href":"https:\/\/api.w.org\/{rel}","templated":true}]}}