{"id":20276,"date":"2018-12-06T12:07:47","date_gmt":"2018-12-06T15:07:47","guid":{"rendered":"http:\/\/www.eldiariodetucuman.com\/web\/la-sat-optimiza-los-servicios-de-la-red-cloacal-en-el-barrio-almafuerte-2\/"},"modified":"2018-12-06T12:07:47","modified_gmt":"2018-12-06T15:07:47","slug":"la-sat-optimiza-los-servicios-de-la-red-cloacal-en-el-barrio-almafuerte-2","status":"publish","type":"post","link":"https:\/\/www.eldiariodetucuman.com\/web\/la-sat-optimiza-los-servicios-de-la-red-cloacal-en-el-barrio-almafuerte-2\/","title":{"rendered":"La SAT optimiza los servicios de la red cloacal en el barrio Almafuerte"},"content":{"rendered":"<div>\n<div readability=\"87.072056239016\">\n<p>El gobernador, <strong>Juan Manzur,<\/strong> recorri\u00f3 este mi\u00e9rcoles el barrio Almafuerte para supervisar las obras que la Sociedad Aguas del Tucum\u00e1n (SAT) est\u00e1 realizando en el lugar\u00a0para mejorar la calidad de vida de los vecinos del norte de la capital.<\/p>\n<p>Desde hace 10 d\u00edas, en el Pasaje Calchaqu\u00ed, personal de la repartici\u00f3n trabaja en la renovaci\u00f3n de cloacas a fin de dar soluci\u00f3n a los desbordes que hay en la zona. La obra consiste en el cambio de 200 metros de ca\u00f1er\u00eda 160, que beneficiar\u00e1 a 40 domicilios, con una inversi\u00f3n de $850.000. El plan de obra incluye un tramo de 10 cuadras que se estima que\u00a0la semana que viene est\u00e9n finalizadas.<\/p>\n<p><iframe loading=\"lazy\" width=\"650\" height=\"315\" src=\"http:\/\/www.youtube.com\/embed\/qq5-5qvK378\"><\/iframe><\/p>\n<p>\u00a0<\/p>\n<p>\u00a0<\/p>\n<p>\u201cLas ca\u00f1er\u00edas y cloacas ten\u00edan m\u00e1s de 40 a\u00f1os y todos los\u00a0tramos estaban tapados porque eran de fibrocemento y hab\u00eda que reemplazarlas\u201d, cont\u00f3 el Gobernador que agradeci\u00f3 la recepci\u00f3n de los vecinos.<\/p>\n<p><strong>Ram\u00f3n<\/strong> vive hace 35 a\u00f1os en el Barrio Almafuerte y es la primera vez que recibe la visita de un Gobernador anunciando que en pocos d\u00edas los problemas por l\u00edquidos cloacales llegar\u00e1n a su fin. \u201cLos vecinos nos transmitieron esta inquietud y hoy estamos dando respuestas gracias al trabajo en conjunto\u00a0de las reparticiones\u201d, agreg\u00f3 el Primer Mandatario.<\/p>\n<p>Seg\u00fan coment\u00f3 el titular de la SAT,<strong> Fernando Baratelli<\/strong>, las obras terminar\u00e1n con los problemas cloacales con derrames de roturas en agua que sufren los vecinos de la zona. Adem\u00e1s, se pondr\u00e1 punto final a los inconvenientes con las napas superficiales que aportan a lo que corre por las calles. \u201cLa obra\u00a0va a permitir renovar las conexiones a ca\u00f1er\u00edas cloacales de toda la zona\u201d, cont\u00f3 el funcionario.<\/p>\n<p><a href=\"http:\/\/comunicaciontucuman.gob.ar\/wp-content\/uploads\/2018\/12\/Manzur-obra-SAT-Baratelli-LS-4.jpg\"><img loading=\"lazy\" decoding=\"async\" class=\"size-medium wp-image-186258 alignright\" src=\"http:\/\/comunicaciontucuman.gob.ar\/wp-content\/uploads\/2018\/12\/Manzur-obra-SAT-Baratelli-LS-4-300x166.jpg\" alt=\"Manzur-obra-SAT-Baratelli-LS-4\" width=\"300\" height=\"166\"><\/a><\/p>\n<p>Actualmente, la SAT trabaja\u00a0en 10 frentes de obra en San Miguel de Tucum\u00e1n y en interior de la provincia. \u201cCon nuestras cuadrillas intervenimos en un promedio de 50 lugares por d\u00eda en roturas, reparaciones menores o des obstrucciones, a fin de ir cubriendo todo lo que la comunidad nos va pidiendo\u201d, afirm\u00f3 Baratelli.<\/p>\n<p>\u201cAnte el reclamo de los vecinos, hoy se est\u00e1 dando calidad de vida. Si no fuera por la decisi\u00f3n pol\u00edtica del Gobernador Manzur y por la SAT no hubi\u00e9semos logrado esta soluci\u00f3n\u201d, manifest\u00f3 el legislador,\u00a0<strong>Marcelo Caponio, <\/strong>que acompa\u00f1\u00f3 a Manzur en su recorrido.<\/p>\n<blockquote class=\"mom_quote \" readability=\"15\">\n<p><strong>Plan de\u00a0inversiones<\/strong><\/p>\n<p>En vistas de la llegada del 2019, Baratelli anunci\u00f3 que el a\u00f1o que viene se realizar\u00e1 un ambicioso plan para renovar colectoras y redes. \u201cEstamos recibiendo los aportes provinciales como lo tuvimos todo el 2018 que son trabajos que sostenidamente estamos logrando hacer\u201d, expres\u00f3.<\/p>\n<p>Durante el 2018 se invirti\u00f3 $ 94,7 millones de pesos; $ 31 millones en compras de rodados y maquinarias; $ 19, 3 millones de pesos en materiales para cuadrillas. Mientras que por mes se dio soluci\u00f3n 2600 reclamos de agua y cloacas en el Gran San Miguel.<\/p>\n<\/blockquote>\n<div id=\"gallery-1\" class=\"gallery galleryid-186221 gallery-columns-2 gallery-size-medium\">\n<dl class=\"gallery-item\">\n<dt class=\"gallery-icon landscape\"> <a href=\"http:\/\/comunicaciontucuman.gob.ar\/wp-content\/uploads\/2018\/12\/SAT-Obras-LS-2.jpg\"><img loading=\"lazy\" decoding=\"async\" width=\"300\" height=\"166\" src=\"http:\/\/comunicaciontucuman.gob.ar\/wp-content\/uploads\/2018\/12\/SAT-Obras-LS-2-300x166.jpg\" class=\"attachment-medium\" alt=\"SAT-Obras-LS-2\"><\/a><\/dt>\n<\/dl>\n<dl class=\"gallery-item\">\n<dt class=\"gallery-icon landscape\"> <a href=\"http:\/\/comunicaciontucuman.gob.ar\/wp-content\/uploads\/2018\/12\/Manzur-obra-SAT-LS.jpg\"><img loading=\"lazy\" decoding=\"async\" width=\"300\" height=\"166\" src=\"http:\/\/comunicaciontucuman.gob.ar\/wp-content\/uploads\/2018\/12\/Manzur-obra-SAT-LS-300x166.jpg\" class=\"attachment-medium\" alt=\"Manzur-obra-SAT-LS\"><\/a><\/dt>\n<\/dl>\n<p><\/div>\n<p>\u00a0<\/p>\n<p>\u00a0<\/p>\n<p>\u00a0<\/p>\n<\/div>\n<\/div>\n<p>Fuente: http:\/\/comunicaciontucuman.gob.ar\/2018\/12\/la-sat-optimiza-los-servicios-de-la-red-cloacal-en-el-barrio-almafuerte\/<\/p>\n","protected":false},"excerpt":{"rendered":"<p>El gobernador, Juan Manzur, recorri\u00f3 este mi\u00e9rcoles el barrio Almafuerte para supervisar las obras que la Sociedad Aguas del Tucum\u00e1n (SAT) est\u00e1 realizando en el lugar\u00a0para mejorar la calidad de vida de los vecinos del norte de la capital. Desde hace 10 d\u00edas, en el Pasaje Calchaqu\u00ed, personal de la repartici\u00f3n trabaja en la renovaci\u00f3n [&hellip;]<\/p>\n","protected":false},"author":1,"featured_media":20277,"comment_status":"open","ping_status":"closed","sticky":false,"template":"","format":"standard","meta":{"footnotes":""},"categories":[3],"tags":[],"class_list":{"0":"post-20276","1":"post","2":"type-post","3":"status-publish","4":"format-standard","5":"has-post-thumbnail","7":"category-politica"},"yoast_head":"<!-- This site is optimized with the Yoast SEO plugin v27.4 - https:\/\/yoast.com\/product\/yoast-seo-wordpress\/ -->\n<title>La SAT optimiza los servicios de la red cloacal en el barrio Almafuerte - El Diario de Tucuman<\/title>\n<meta name=\"robots\" content=\"index, follow, max-snippet:-1, max-image-preview:large, max-video-preview:-1\" \/>\n<link rel=\"canonical\" href=\"https:\/\/www.eldiariodetucuman.com\/web\/la-sat-optimiza-los-servicios-de-la-red-cloacal-en-el-barrio-almafuerte-2\/\" \/>\n<meta property=\"og:locale\" content=\"es_ES\" \/>\n<meta property=\"og:type\" content=\"article\" \/>\n<meta property=\"og:title\" content=\"La SAT optimiza los servicios de la red cloacal en el barrio Almafuerte - El Diario de Tucuman\" \/>\n<meta property=\"og:description\" content=\"El gobernador, Juan Manzur, recorri\u00f3 este mi\u00e9rcoles el barrio Almafuerte para supervisar las obras que la Sociedad Aguas del Tucum\u00e1n (SAT) est\u00e1 realizando en el lugar\u00a0para mejorar la calidad de vida de los vecinos del norte de la capital. Desde hace 10 d\u00edas, en el Pasaje Calchaqu\u00ed, personal de la repartici\u00f3n trabaja en la renovaci\u00f3n [&hellip;]\" \/>\n<meta property=\"og:url\" content=\"https:\/\/www.eldiariodetucuman.com\/web\/la-sat-optimiza-los-servicios-de-la-red-cloacal-en-el-barrio-almafuerte-2\/\" \/>\n<meta property=\"og:site_name\" content=\"El Diario de Tucuman\" \/>\n<meta property=\"article:published_time\" content=\"2018-12-06T15:07:47+00:00\" \/>\n<meta property=\"og:image\" content=\"https:\/\/www.eldiariodetucuman.com\/web\/wp-content\/uploads\/2018\/12\/8c74f12f74bc4cbecc2237ce33c1b541.jpeg\" \/>\n\t<meta property=\"og:image:width\" content=\"300\" \/>\n\t<meta property=\"og:image:height\" content=\"166\" \/>\n\t<meta property=\"og:image:type\" content=\"image\/jpeg\" \/>\n<meta name=\"author\" content=\"admin\" \/>\n<meta name=\"twitter:card\" content=\"summary_large_image\" \/>\n<meta name=\"twitter:label1\" content=\"Escrito por\" \/>\n\t<meta name=\"twitter:data1\" content=\"admin\" \/>\n\t<meta name=\"twitter:label2\" content=\"Tiempo de lectura\" \/>\n\t<meta name=\"twitter:data2\" content=\"2 minutos\" \/>\n<script type=\"application\/ld+json\" class=\"yoast-schema-graph\">{\"@context\":\"https:\\\/\\\/schema.org\",\"@graph\":[{\"@type\":\"Article\",\"@id\":\"https:\\\/\\\/www.eldiariodetucuman.com\\\/web\\\/la-sat-optimiza-los-servicios-de-la-red-cloacal-en-el-barrio-almafuerte-2\\\/#article\",\"isPartOf\":{\"@id\":\"https:\\\/\\\/www.eldiariodetucuman.com\\\/web\\\/la-sat-optimiza-los-servicios-de-la-red-cloacal-en-el-barrio-almafuerte-2\\\/\"},\"author\":{\"name\":\"admin\",\"@id\":\"https:\\\/\\\/www.eldiariodetucuman.com\\\/web\\\/#\\\/schema\\\/person\\\/9250197d75ab5483412e19678b121caa\"},\"headline\":\"La SAT optimiza los servicios de la red cloacal en el barrio Almafuerte\",\"datePublished\":\"2018-12-06T15:07:47+00:00\",\"mainEntityOfPage\":{\"@id\":\"https:\\\/\\\/www.eldiariodetucuman.com\\\/web\\\/la-sat-optimiza-los-servicios-de-la-red-cloacal-en-el-barrio-almafuerte-2\\\/\"},\"wordCount\":497,\"commentCount\":0,\"publisher\":{\"@id\":\"https:\\\/\\\/www.eldiariodetucuman.com\\\/web\\\/#organization\"},\"image\":{\"@id\":\"https:\\\/\\\/www.eldiariodetucuman.com\\\/web\\\/la-sat-optimiza-los-servicios-de-la-red-cloacal-en-el-barrio-almafuerte-2\\\/#primaryimage\"},\"thumbnailUrl\":\"https:\\\/\\\/www.eldiariodetucuman.com\\\/web\\\/wp-content\\\/uploads\\\/2018\\\/12\\\/8c74f12f74bc4cbecc2237ce33c1b541.jpeg\",\"articleSection\":[\"Politica\"],\"inLanguage\":\"es\",\"potentialAction\":[{\"@type\":\"CommentAction\",\"name\":\"Comment\",\"target\":[\"https:\\\/\\\/www.eldiariodetucuman.com\\\/web\\\/la-sat-optimiza-los-servicios-de-la-red-cloacal-en-el-barrio-almafuerte-2\\\/#respond\"]}]},{\"@type\":\"WebPage\",\"@id\":\"https:\\\/\\\/www.eldiariodetucuman.com\\\/web\\\/la-sat-optimiza-los-servicios-de-la-red-cloacal-en-el-barrio-almafuerte-2\\\/\",\"url\":\"https:\\\/\\\/www.eldiariodetucuman.com\\\/web\\\/la-sat-optimiza-los-servicios-de-la-red-cloacal-en-el-barrio-almafuerte-2\\\/\",\"name\":\"La SAT optimiza los servicios de la red cloacal en el barrio Almafuerte - El Diario de Tucuman\",\"isPartOf\":{\"@id\":\"https:\\\/\\\/www.eldiariodetucuman.com\\\/web\\\/#website\"},\"primaryImageOfPage\":{\"@id\":\"https:\\\/\\\/www.eldiariodetucuman.com\\\/web\\\/la-sat-optimiza-los-servicios-de-la-red-cloacal-en-el-barrio-almafuerte-2\\\/#primaryimage\"},\"image\":{\"@id\":\"https:\\\/\\\/www.eldiariodetucuman.com\\\/web\\\/la-sat-optimiza-los-servicios-de-la-red-cloacal-en-el-barrio-almafuerte-2\\\/#primaryimage\"},\"thumbnailUrl\":\"https:\\\/\\\/www.eldiariodetucuman.com\\\/web\\\/wp-content\\\/uploads\\\/2018\\\/12\\\/8c74f12f74bc4cbecc2237ce33c1b541.jpeg\",\"datePublished\":\"2018-12-06T15:07:47+00:00\",\"breadcrumb\":{\"@id\":\"https:\\\/\\\/www.eldiariodetucuman.com\\\/web\\\/la-sat-optimiza-los-servicios-de-la-red-cloacal-en-el-barrio-almafuerte-2\\\/#breadcrumb\"},\"inLanguage\":\"es\",\"potentialAction\":[{\"@type\":\"ReadAction\",\"target\":[\"https:\\\/\\\/www.eldiariodetucuman.com\\\/web\\\/la-sat-optimiza-los-servicios-de-la-red-cloacal-en-el-barrio-almafuerte-2\\\/\"]}]},{\"@type\":\"ImageObject\",\"inLanguage\":\"es\",\"@id\":\"https:\\\/\\\/www.eldiariodetucuman.com\\\/web\\\/la-sat-optimiza-los-servicios-de-la-red-cloacal-en-el-barrio-almafuerte-2\\\/#primaryimage\",\"url\":\"https:\\\/\\\/www.eldiariodetucuman.com\\\/web\\\/wp-content\\\/uploads\\\/2018\\\/12\\\/8c74f12f74bc4cbecc2237ce33c1b541.jpeg\",\"contentUrl\":\"https:\\\/\\\/www.eldiariodetucuman.com\\\/web\\\/wp-content\\\/uploads\\\/2018\\\/12\\\/8c74f12f74bc4cbecc2237ce33c1b541.jpeg\",\"width\":300,\"height\":166},{\"@type\":\"BreadcrumbList\",\"@id\":\"https:\\\/\\\/www.eldiariodetucuman.com\\\/web\\\/la-sat-optimiza-los-servicios-de-la-red-cloacal-en-el-barrio-almafuerte-2\\\/#breadcrumb\",\"itemListElement\":[{\"@type\":\"ListItem\",\"position\":1,\"name\":\"Portada\",\"item\":\"https:\\\/\\\/www.eldiariodetucuman.com\\\/web\\\/\"},{\"@type\":\"ListItem\",\"position\":2,\"name\":\"La SAT optimiza los servicios de la red cloacal en el barrio Almafuerte\"}]},{\"@type\":\"WebSite\",\"@id\":\"https:\\\/\\\/www.eldiariodetucuman.com\\\/web\\\/#website\",\"url\":\"https:\\\/\\\/www.eldiariodetucuman.com\\\/web\\\/\",\"name\":\"El Diario de Tucuman\",\"description\":\"Diario Tucuman - Informaci\u00f3n y noticias\",\"publisher\":{\"@id\":\"https:\\\/\\\/www.eldiariodetucuman.com\\\/web\\\/#organization\"},\"potentialAction\":[{\"@type\":\"SearchAction\",\"target\":{\"@type\":\"EntryPoint\",\"urlTemplate\":\"https:\\\/\\\/www.eldiariodetucuman.com\\\/web\\\/?s={search_term_string}\"},\"query-input\":{\"@type\":\"PropertyValueSpecification\",\"valueRequired\":true,\"valueName\":\"search_term_string\"}}],\"inLanguage\":\"es\"},{\"@type\":\"Organization\",\"@id\":\"https:\\\/\\\/www.eldiariodetucuman.com\\\/web\\\/#organization\",\"name\":\"El Diario de Tucuman\",\"url\":\"https:\\\/\\\/www.eldiariodetucuman.com\\\/web\\\/\",\"logo\":{\"@type\":\"ImageObject\",\"inLanguage\":\"es\",\"@id\":\"https:\\\/\\\/www.eldiariodetucuman.com\\\/web\\\/#\\\/schema\\\/logo\\\/image\\\/\",\"url\":\"http:\\\/\\\/www.eldiariodetucuman.com\\\/web\\\/wp-content\\\/uploads\\\/2017\\\/12\\\/el-diario-de-tucuman.jpg\",\"contentUrl\":\"http:\\\/\\\/www.eldiariodetucuman.com\\\/web\\\/wp-content\\\/uploads\\\/2017\\\/12\\\/el-diario-de-tucuman.jpg\",\"width\":272,\"height\":92,\"caption\":\"El Diario de Tucuman\"},\"image\":{\"@id\":\"https:\\\/\\\/www.eldiariodetucuman.com\\\/web\\\/#\\\/schema\\\/logo\\\/image\\\/\"}},{\"@type\":\"Person\",\"@id\":\"https:\\\/\\\/www.eldiariodetucuman.com\\\/web\\\/#\\\/schema\\\/person\\\/9250197d75ab5483412e19678b121caa\",\"name\":\"admin\",\"image\":{\"@type\":\"ImageObject\",\"inLanguage\":\"es\",\"@id\":\"https:\\\/\\\/secure.gravatar.com\\\/avatar\\\/c44d117c2be811212c22cb481f6b8384b6873de103fbc49e7a03cc58d7dea4ac?s=96&d=mm&r=g\",\"url\":\"https:\\\/\\\/secure.gravatar.com\\\/avatar\\\/c44d117c2be811212c22cb481f6b8384b6873de103fbc49e7a03cc58d7dea4ac?s=96&d=mm&r=g\",\"contentUrl\":\"https:\\\/\\\/secure.gravatar.com\\\/avatar\\\/c44d117c2be811212c22cb481f6b8384b6873de103fbc49e7a03cc58d7dea4ac?s=96&d=mm&r=g\",\"caption\":\"admin\"},\"url\":\"https:\\\/\\\/www.eldiariodetucuman.com\\\/web\\\/author\\\/admin\\\/\"}]}<\/script>\n<!-- \/ Yoast SEO plugin. -->","yoast_head_json":{"title":"La SAT optimiza los servicios de la red cloacal en el barrio Almafuerte - El Diario de Tucuman","robots":{"index":"index","follow":"follow","max-snippet":"max-snippet:-1","max-image-preview":"max-image-preview:large","max-video-preview":"max-video-preview:-1"},"canonical":"https:\/\/www.eldiariodetucuman.com\/web\/la-sat-optimiza-los-servicios-de-la-red-cloacal-en-el-barrio-almafuerte-2\/","og_locale":"es_ES","og_type":"article","og_title":"La SAT optimiza los servicios de la red cloacal en el barrio Almafuerte - El Diario de Tucuman","og_description":"El gobernador, Juan Manzur, recorri\u00f3 este mi\u00e9rcoles el barrio Almafuerte para supervisar las obras que la Sociedad Aguas del Tucum\u00e1n (SAT) est\u00e1 realizando en el lugar\u00a0para mejorar la calidad de vida de los vecinos del norte de la capital. Desde hace 10 d\u00edas, en el Pasaje Calchaqu\u00ed, personal de la repartici\u00f3n trabaja en la renovaci\u00f3n [&hellip;]","og_url":"https:\/\/www.eldiariodetucuman.com\/web\/la-sat-optimiza-los-servicios-de-la-red-cloacal-en-el-barrio-almafuerte-2\/","og_site_name":"El Diario de Tucuman","article_published_time":"2018-12-06T15:07:47+00:00","og_image":[{"width":300,"height":166,"url":"https:\/\/www.eldiariodetucuman.com\/web\/wp-content\/uploads\/2018\/12\/8c74f12f74bc4cbecc2237ce33c1b541.jpeg","type":"image\/jpeg"}],"author":"admin","twitter_card":"summary_large_image","twitter_misc":{"Escrito por":"admin","Tiempo de lectura":"2 minutos"},"schema":{"@context":"https:\/\/schema.org","@graph":[{"@type":"Article","@id":"https:\/\/www.eldiariodetucuman.com\/web\/la-sat-optimiza-los-servicios-de-la-red-cloacal-en-el-barrio-almafuerte-2\/#article","isPartOf":{"@id":"https:\/\/www.eldiariodetucuman.com\/web\/la-sat-optimiza-los-servicios-de-la-red-cloacal-en-el-barrio-almafuerte-2\/"},"author":{"name":"admin","@id":"https:\/\/www.eldiariodetucuman.com\/web\/#\/schema\/person\/9250197d75ab5483412e19678b121caa"},"headline":"La SAT optimiza los servicios de la red cloacal en el barrio Almafuerte","datePublished":"2018-12-06T15:07:47+00:00","mainEntityOfPage":{"@id":"https:\/\/www.eldiariodetucuman.com\/web\/la-sat-optimiza-los-servicios-de-la-red-cloacal-en-el-barrio-almafuerte-2\/"},"wordCount":497,"commentCount":0,"publisher":{"@id":"https:\/\/www.eldiariodetucuman.com\/web\/#organization"},"image":{"@id":"https:\/\/www.eldiariodetucuman.com\/web\/la-sat-optimiza-los-servicios-de-la-red-cloacal-en-el-barrio-almafuerte-2\/#primaryimage"},"thumbnailUrl":"https:\/\/www.eldiariodetucuman.com\/web\/wp-content\/uploads\/2018\/12\/8c74f12f74bc4cbecc2237ce33c1b541.jpeg","articleSection":["Politica"],"inLanguage":"es","potentialAction":[{"@type":"CommentAction","name":"Comment","target":["https:\/\/www.eldiariodetucuman.com\/web\/la-sat-optimiza-los-servicios-de-la-red-cloacal-en-el-barrio-almafuerte-2\/#respond"]}]},{"@type":"WebPage","@id":"https:\/\/www.eldiariodetucuman.com\/web\/la-sat-optimiza-los-servicios-de-la-red-cloacal-en-el-barrio-almafuerte-2\/","url":"https:\/\/www.eldiariodetucuman.com\/web\/la-sat-optimiza-los-servicios-de-la-red-cloacal-en-el-barrio-almafuerte-2\/","name":"La SAT optimiza los servicios de la red cloacal en el barrio Almafuerte - El Diario de Tucuman","isPartOf":{"@id":"https:\/\/www.eldiariodetucuman.com\/web\/#website"},"primaryImageOfPage":{"@id":"https:\/\/www.eldiariodetucuman.com\/web\/la-sat-optimiza-los-servicios-de-la-red-cloacal-en-el-barrio-almafuerte-2\/#primaryimage"},"image":{"@id":"https:\/\/www.eldiariodetucuman.com\/web\/la-sat-optimiza-los-servicios-de-la-red-cloacal-en-el-barrio-almafuerte-2\/#primaryimage"},"thumbnailUrl":"https:\/\/www.eldiariodetucuman.com\/web\/wp-content\/uploads\/2018\/12\/8c74f12f74bc4cbecc2237ce33c1b541.jpeg","datePublished":"2018-12-06T15:07:47+00:00","breadcrumb":{"@id":"https:\/\/www.eldiariodetucuman.com\/web\/la-sat-optimiza-los-servicios-de-la-red-cloacal-en-el-barrio-almafuerte-2\/#breadcrumb"},"inLanguage":"es","potentialAction":[{"@type":"ReadAction","target":["https:\/\/www.eldiariodetucuman.com\/web\/la-sat-optimiza-los-servicios-de-la-red-cloacal-en-el-barrio-almafuerte-2\/"]}]},{"@type":"ImageObject","inLanguage":"es","@id":"https:\/\/www.eldiariodetucuman.com\/web\/la-sat-optimiza-los-servicios-de-la-red-cloacal-en-el-barrio-almafuerte-2\/#primaryimage","url":"https:\/\/www.eldiariodetucuman.com\/web\/wp-content\/uploads\/2018\/12\/8c74f12f74bc4cbecc2237ce33c1b541.jpeg","contentUrl":"https:\/\/www.eldiariodetucuman.com\/web\/wp-content\/uploads\/2018\/12\/8c74f12f74bc4cbecc2237ce33c1b541.jpeg","width":300,"height":166},{"@type":"BreadcrumbList","@id":"https:\/\/www.eldiariodetucuman.com\/web\/la-sat-optimiza-los-servicios-de-la-red-cloacal-en-el-barrio-almafuerte-2\/#breadcrumb","itemListElement":[{"@type":"ListItem","position":1,"name":"Portada","item":"https:\/\/www.eldiariodetucuman.com\/web\/"},{"@type":"ListItem","position":2,"name":"La SAT optimiza los servicios de la red cloacal en el barrio Almafuerte"}]},{"@type":"WebSite","@id":"https:\/\/www.eldiariodetucuman.com\/web\/#website","url":"https:\/\/www.eldiariodetucuman.com\/web\/","name":"El Diario de Tucuman","description":"Diario Tucuman - Informaci\u00f3n y noticias","publisher":{"@id":"https:\/\/www.eldiariodetucuman.com\/web\/#organization"},"potentialAction":[{"@type":"SearchAction","target":{"@type":"EntryPoint","urlTemplate":"https:\/\/www.eldiariodetucuman.com\/web\/?s={search_term_string}"},"query-input":{"@type":"PropertyValueSpecification","valueRequired":true,"valueName":"search_term_string"}}],"inLanguage":"es"},{"@type":"Organization","@id":"https:\/\/www.eldiariodetucuman.com\/web\/#organization","name":"El Diario de Tucuman","url":"https:\/\/www.eldiariodetucuman.com\/web\/","logo":{"@type":"ImageObject","inLanguage":"es","@id":"https:\/\/www.eldiariodetucuman.com\/web\/#\/schema\/logo\/image\/","url":"http:\/\/www.eldiariodetucuman.com\/web\/wp-content\/uploads\/2017\/12\/el-diario-de-tucuman.jpg","contentUrl":"http:\/\/www.eldiariodetucuman.com\/web\/wp-content\/uploads\/2017\/12\/el-diario-de-tucuman.jpg","width":272,"height":92,"caption":"El Diario de Tucuman"},"image":{"@id":"https:\/\/www.eldiariodetucuman.com\/web\/#\/schema\/logo\/image\/"}},{"@type":"Person","@id":"https:\/\/www.eldiariodetucuman.com\/web\/#\/schema\/person\/9250197d75ab5483412e19678b121caa","name":"admin","image":{"@type":"ImageObject","inLanguage":"es","@id":"https:\/\/secure.gravatar.com\/avatar\/c44d117c2be811212c22cb481f6b8384b6873de103fbc49e7a03cc58d7dea4ac?s=96&d=mm&r=g","url":"https:\/\/secure.gravatar.com\/avatar\/c44d117c2be811212c22cb481f6b8384b6873de103fbc49e7a03cc58d7dea4ac?s=96&d=mm&r=g","contentUrl":"https:\/\/secure.gravatar.com\/avatar\/c44d117c2be811212c22cb481f6b8384b6873de103fbc49e7a03cc58d7dea4ac?s=96&d=mm&r=g","caption":"admin"},"url":"https:\/\/www.eldiariodetucuman.com\/web\/author\/admin\/"}]}},"_links":{"self":[{"href":"https:\/\/www.eldiariodetucuman.com\/web\/wp-json\/wp\/v2\/posts\/20276","targetHints":{"allow":["GET"]}}],"collection":[{"href":"https:\/\/www.eldiariodetucuman.com\/web\/wp-json\/wp\/v2\/posts"}],"about":[{"href":"https:\/\/www.eldiariodetucuman.com\/web\/wp-json\/wp\/v2\/types\/post"}],"author":[{"embeddable":true,"href":"https:\/\/www.eldiariodetucuman.com\/web\/wp-json\/wp\/v2\/users\/1"}],"replies":[{"embeddable":true,"href":"https:\/\/www.eldiariodetucuman.com\/web\/wp-json\/wp\/v2\/comments?post=20276"}],"version-history":[{"count":1,"href":"https:\/\/www.eldiariodetucuman.com\/web\/wp-json\/wp\/v2\/posts\/20276\/revisions"}],"predecessor-version":[{"id":20278,"href":"https:\/\/www.eldiariodetucuman.com\/web\/wp-json\/wp\/v2\/posts\/20276\/revisions\/20278"}],"wp:featuredmedia":[{"embeddable":true,"href":"https:\/\/www.eldiariodetucuman.com\/web\/wp-json\/wp\/v2\/media\/20277"}],"wp:attachment":[{"href":"https:\/\/www.eldiariodetucuman.com\/web\/wp-json\/wp\/v2\/media?parent=20276"}],"wp:term":[{"taxonomy":"category","embeddable":true,"href":"https:\/\/www.eldiariodetucuman.com\/web\/wp-json\/wp\/v2\/categories?post=20276"},{"taxonomy":"post_tag","embeddable":true,"href":"https:\/\/www.eldiariodetucuman.com\/web\/wp-json\/wp\/v2\/tags?post=20276"}],"curies":[{"name":"wp","href":"https:\/\/api.w.org\/{rel}","templated":true}]}}