{"id":20273,"date":"2018-12-06T12:07:37","date_gmt":"2018-12-06T15:07:37","guid":{"rendered":"http:\/\/www.eldiariodetucuman.com\/web\/las-tormentas-provocaron-anegamientos-y-fallas-en-el-servicio-electrico\/"},"modified":"2018-12-06T12:07:38","modified_gmt":"2018-12-06T15:07:38","slug":"las-tormentas-provocaron-anegamientos-y-fallas-en-el-servicio-electrico","status":"publish","type":"post","link":"https:\/\/www.eldiariodetucuman.com\/web\/las-tormentas-provocaron-anegamientos-y-fallas-en-el-servicio-electrico\/","title":{"rendered":"Las tormentas provocaron anegamientos y fallas en el servicio el\u00e9ctrico"},"content":{"rendered":"<div>\n<div readability=\"82.135862653667\">\n<p>El Comit\u00e9 de Emergencia de la Provincia, en conjunto con los gobiernos municipales, se encuentra asistiendo desde anoche a familias afectadas por el temporal. Las intensas lluvias que se desataron por la noche afectaron, en gran parte, a la ciudad de Taf\u00ed Viejo. Personal de la Direcci\u00f3n de Defensa Civil de la Provincia atendi\u00f3 diferentes llamados de emergencia por anegamientos. El Sistema Meteorol\u00f3gico Nacional inform\u00f3 el cese del alerta para Tucum\u00e1n.<\/p>\n<blockquote readability=\"10\">\n<p>La tormenta se concentr\u00f3 en Taf\u00ed Viejo. Hay varias familias afectadas que ya son atendidas por las autoridades\u201d, explic\u00f3 <strong>Fernando Torres<\/strong>, director de Defensa Civil de la Provincia, en di\u00e1logo con radio LV12.<\/p>\n<\/blockquote>\n<p>Unas <strong>27 familias del municipio pedemontano<\/strong>\u00a0sufrieron las inclemencias clim\u00e1ticas, pero ya fueron asistidas y continuar\u00e1n con acompa\u00f1amiento del personal del Ministerio de Desarrollo Social para poder subsanar da\u00f1os materiales.<\/p>\n<p>En barrio Calpini hubo una familia afectada; 14 en la Villa Obrera; dos sobre calle Callao; ocho en la zona de barrio El Progreso; dos familias en barrio 10 de Noviembre. Todas recibieron m\u00f3dulos alimentarios, frazadas y colchones, como primera asistencia.<\/p>\n<div id=\"attachment_186326\" class=\"wp-caption alignleft\" readability=\"32\"><a href=\"http:\/\/comunicaciontucuman.gob.ar\/wp-content\/uploads\/2018\/12\/asistencia-tafi-viejo1.jpeg\"><img loading=\"lazy\" decoding=\"async\" class=\"wp-image-186326 size-medium\" src=\"http:\/\/comunicaciontucuman.gob.ar\/wp-content\/uploads\/2018\/12\/asistencia-tafi-viejo1-300x166.jpeg\" alt=\"asistencia-tafi-viejo1\" width=\"300\" height=\"166\"><\/a><\/p>\n<p class=\"wp-caption-text\">Asistencia en Taf\u00ed Viejo.<\/p>\n<\/div>\n<p>Por otro lado, la empresa distribuida del servicio el\u00e9ctrico EDET inform\u00f3 que hacia el sur de la provincia hubo da\u00f1os en el sistema de media tensi\u00f3n. En La Cocha, Graneros, La Madrid y Monteagudo quedaron sin luz unos 5.000 domicilios. En Fronterita, al oeste de Famaill\u00e1, 3.000 familias se encontraban sin servicio, producto del arrastre de las l\u00edneas por un cami\u00f3n.<\/p>\n<p>Al este unas 3.000 familias sufrieron el corte del servicio el\u00e9ctrico anoche, en las zonas de ruta 305 a la altura de Las Salinas, El Timb\u00f3, Villa Padre Monti y R\u00edo Nio, pero ya fue restablecido . En Las Cejas hay unos 2.000 domicilios afectados. Personal de la empresa EDET realiza los recorridos para detectar los problemas en el tendido, que podr\u00edan estar dados por descarga atmosf\u00e9rica o efecto de vientos, y restablecer el servicio.<\/p>\n<p><a href=\"http:\/\/comunicaciontucuman.gob.ar\/wp-content\/uploads\/2018\/12\/asistencia-tafi-viejo2.jpeg\"><img loading=\"lazy\" decoding=\"async\" class=\" wp-image-186325 alignleft\" src=\"http:\/\/comunicaciontucuman.gob.ar\/wp-content\/uploads\/2018\/12\/asistencia-tafi-viejo2-300x166.jpeg\" alt=\"asistencia-tafi-viejo2\" width=\"192\" height=\"106\"><\/a><\/p>\n<p>Al sur de la provincia, la Ruta Nacional N\u00b065, a la altura de El Molino, se encuentra cortada por la ca\u00edda de un \u00e1rbol. Personal de Vialidad Nacional trabaja para despejar la zona. En Capital, el t\u00fanel de la calle Mendoza se encuentra cerrado al tr\u00e1nsito por precauci\u00f3n.<\/p>\n<\/div>\n<\/div>\n<p>Fuente: http:\/\/comunicaciontucuman.gob.ar\/2018\/12\/las-tormentas-provocaron-anegamientos-y-fallas-en-el-servicio-electrico\/<\/p>\n","protected":false},"excerpt":{"rendered":"<p>El Comit\u00e9 de Emergencia de la Provincia, en conjunto con los gobiernos municipales, se encuentra asistiendo desde anoche a familias afectadas por el temporal. Las intensas lluvias que se desataron por la noche afectaron, en gran parte, a la ciudad de Taf\u00ed Viejo. Personal de la Direcci\u00f3n de Defensa Civil de la Provincia atendi\u00f3 diferentes [&hellip;]<\/p>\n","protected":false},"author":1,"featured_media":20274,"comment_status":"open","ping_status":"closed","sticky":false,"template":"","format":"standard","meta":{"footnotes":""},"categories":[3],"tags":[],"class_list":{"0":"post-20273","1":"post","2":"type-post","3":"status-publish","4":"format-standard","5":"has-post-thumbnail","7":"category-politica"},"yoast_head":"<!-- This site is optimized with the Yoast SEO plugin v27.4 - https:\/\/yoast.com\/product\/yoast-seo-wordpress\/ -->\n<title>Las tormentas provocaron anegamientos y fallas en el servicio el\u00e9ctrico - El Diario de Tucuman<\/title>\n<meta name=\"robots\" content=\"index, follow, max-snippet:-1, max-image-preview:large, max-video-preview:-1\" \/>\n<link rel=\"canonical\" href=\"https:\/\/www.eldiariodetucuman.com\/web\/las-tormentas-provocaron-anegamientos-y-fallas-en-el-servicio-electrico\/\" \/>\n<meta property=\"og:locale\" content=\"es_ES\" \/>\n<meta property=\"og:type\" content=\"article\" \/>\n<meta property=\"og:title\" content=\"Las tormentas provocaron anegamientos y fallas en el servicio el\u00e9ctrico - El Diario de Tucuman\" \/>\n<meta property=\"og:description\" content=\"El Comit\u00e9 de Emergencia de la Provincia, en conjunto con los gobiernos municipales, se encuentra asistiendo desde anoche a familias afectadas por el temporal. Las intensas lluvias que se desataron por la noche afectaron, en gran parte, a la ciudad de Taf\u00ed Viejo. Personal de la Direcci\u00f3n de Defensa Civil de la Provincia atendi\u00f3 diferentes [&hellip;]\" \/>\n<meta property=\"og:url\" content=\"https:\/\/www.eldiariodetucuman.com\/web\/las-tormentas-provocaron-anegamientos-y-fallas-en-el-servicio-electrico\/\" \/>\n<meta property=\"og:site_name\" content=\"El Diario de Tucuman\" \/>\n<meta property=\"article:published_time\" content=\"2018-12-06T15:07:37+00:00\" \/>\n<meta property=\"article:modified_time\" content=\"2018-12-06T15:07:38+00:00\" \/>\n<meta property=\"og:image\" content=\"https:\/\/www.eldiariodetucuman.com\/web\/wp-content\/uploads\/2018\/12\/f76e9b5b79aa8a7a69b73cab994ad5b3.jpeg\" \/>\n\t<meta property=\"og:image:width\" content=\"300\" \/>\n\t<meta property=\"og:image:height\" content=\"166\" \/>\n\t<meta property=\"og:image:type\" content=\"image\/jpeg\" \/>\n<meta name=\"author\" content=\"admin\" \/>\n<meta name=\"twitter:card\" content=\"summary_large_image\" \/>\n<meta name=\"twitter:label1\" content=\"Escrito por\" \/>\n\t<meta name=\"twitter:data1\" content=\"admin\" \/>\n\t<meta name=\"twitter:label2\" content=\"Tiempo de lectura\" \/>\n\t<meta name=\"twitter:data2\" content=\"2 minutos\" \/>\n<script type=\"application\/ld+json\" class=\"yoast-schema-graph\">{\"@context\":\"https:\\\/\\\/schema.org\",\"@graph\":[{\"@type\":\"Article\",\"@id\":\"https:\\\/\\\/www.eldiariodetucuman.com\\\/web\\\/las-tormentas-provocaron-anegamientos-y-fallas-en-el-servicio-electrico\\\/#article\",\"isPartOf\":{\"@id\":\"https:\\\/\\\/www.eldiariodetucuman.com\\\/web\\\/las-tormentas-provocaron-anegamientos-y-fallas-en-el-servicio-electrico\\\/\"},\"author\":{\"name\":\"admin\",\"@id\":\"https:\\\/\\\/www.eldiariodetucuman.com\\\/web\\\/#\\\/schema\\\/person\\\/9250197d75ab5483412e19678b121caa\"},\"headline\":\"Las tormentas provocaron anegamientos y fallas en el servicio el\u00e9ctrico\",\"datePublished\":\"2018-12-06T15:07:37+00:00\",\"dateModified\":\"2018-12-06T15:07:38+00:00\",\"mainEntityOfPage\":{\"@id\":\"https:\\\/\\\/www.eldiariodetucuman.com\\\/web\\\/las-tormentas-provocaron-anegamientos-y-fallas-en-el-servicio-electrico\\\/\"},\"wordCount\":393,\"commentCount\":0,\"publisher\":{\"@id\":\"https:\\\/\\\/www.eldiariodetucuman.com\\\/web\\\/#organization\"},\"image\":{\"@id\":\"https:\\\/\\\/www.eldiariodetucuman.com\\\/web\\\/las-tormentas-provocaron-anegamientos-y-fallas-en-el-servicio-electrico\\\/#primaryimage\"},\"thumbnailUrl\":\"https:\\\/\\\/www.eldiariodetucuman.com\\\/web\\\/wp-content\\\/uploads\\\/2018\\\/12\\\/f76e9b5b79aa8a7a69b73cab994ad5b3.jpeg\",\"articleSection\":[\"Politica\"],\"inLanguage\":\"es\",\"potentialAction\":[{\"@type\":\"CommentAction\",\"name\":\"Comment\",\"target\":[\"https:\\\/\\\/www.eldiariodetucuman.com\\\/web\\\/las-tormentas-provocaron-anegamientos-y-fallas-en-el-servicio-electrico\\\/#respond\"]}]},{\"@type\":\"WebPage\",\"@id\":\"https:\\\/\\\/www.eldiariodetucuman.com\\\/web\\\/las-tormentas-provocaron-anegamientos-y-fallas-en-el-servicio-electrico\\\/\",\"url\":\"https:\\\/\\\/www.eldiariodetucuman.com\\\/web\\\/las-tormentas-provocaron-anegamientos-y-fallas-en-el-servicio-electrico\\\/\",\"name\":\"Las tormentas provocaron anegamientos y fallas en el servicio el\u00e9ctrico - El Diario de Tucuman\",\"isPartOf\":{\"@id\":\"https:\\\/\\\/www.eldiariodetucuman.com\\\/web\\\/#website\"},\"primaryImageOfPage\":{\"@id\":\"https:\\\/\\\/www.eldiariodetucuman.com\\\/web\\\/las-tormentas-provocaron-anegamientos-y-fallas-en-el-servicio-electrico\\\/#primaryimage\"},\"image\":{\"@id\":\"https:\\\/\\\/www.eldiariodetucuman.com\\\/web\\\/las-tormentas-provocaron-anegamientos-y-fallas-en-el-servicio-electrico\\\/#primaryimage\"},\"thumbnailUrl\":\"https:\\\/\\\/www.eldiariodetucuman.com\\\/web\\\/wp-content\\\/uploads\\\/2018\\\/12\\\/f76e9b5b79aa8a7a69b73cab994ad5b3.jpeg\",\"datePublished\":\"2018-12-06T15:07:37+00:00\",\"dateModified\":\"2018-12-06T15:07:38+00:00\",\"breadcrumb\":{\"@id\":\"https:\\\/\\\/www.eldiariodetucuman.com\\\/web\\\/las-tormentas-provocaron-anegamientos-y-fallas-en-el-servicio-electrico\\\/#breadcrumb\"},\"inLanguage\":\"es\",\"potentialAction\":[{\"@type\":\"ReadAction\",\"target\":[\"https:\\\/\\\/www.eldiariodetucuman.com\\\/web\\\/las-tormentas-provocaron-anegamientos-y-fallas-en-el-servicio-electrico\\\/\"]}]},{\"@type\":\"ImageObject\",\"inLanguage\":\"es\",\"@id\":\"https:\\\/\\\/www.eldiariodetucuman.com\\\/web\\\/las-tormentas-provocaron-anegamientos-y-fallas-en-el-servicio-electrico\\\/#primaryimage\",\"url\":\"https:\\\/\\\/www.eldiariodetucuman.com\\\/web\\\/wp-content\\\/uploads\\\/2018\\\/12\\\/f76e9b5b79aa8a7a69b73cab994ad5b3.jpeg\",\"contentUrl\":\"https:\\\/\\\/www.eldiariodetucuman.com\\\/web\\\/wp-content\\\/uploads\\\/2018\\\/12\\\/f76e9b5b79aa8a7a69b73cab994ad5b3.jpeg\",\"width\":300,\"height\":166},{\"@type\":\"BreadcrumbList\",\"@id\":\"https:\\\/\\\/www.eldiariodetucuman.com\\\/web\\\/las-tormentas-provocaron-anegamientos-y-fallas-en-el-servicio-electrico\\\/#breadcrumb\",\"itemListElement\":[{\"@type\":\"ListItem\",\"position\":1,\"name\":\"Portada\",\"item\":\"https:\\\/\\\/www.eldiariodetucuman.com\\\/web\\\/\"},{\"@type\":\"ListItem\",\"position\":2,\"name\":\"Las tormentas provocaron anegamientos y fallas en el servicio el\u00e9ctrico\"}]},{\"@type\":\"WebSite\",\"@id\":\"https:\\\/\\\/www.eldiariodetucuman.com\\\/web\\\/#website\",\"url\":\"https:\\\/\\\/www.eldiariodetucuman.com\\\/web\\\/\",\"name\":\"El Diario de Tucuman\",\"description\":\"Diario Tucuman - Informaci\u00f3n y noticias\",\"publisher\":{\"@id\":\"https:\\\/\\\/www.eldiariodetucuman.com\\\/web\\\/#organization\"},\"potentialAction\":[{\"@type\":\"SearchAction\",\"target\":{\"@type\":\"EntryPoint\",\"urlTemplate\":\"https:\\\/\\\/www.eldiariodetucuman.com\\\/web\\\/?s={search_term_string}\"},\"query-input\":{\"@type\":\"PropertyValueSpecification\",\"valueRequired\":true,\"valueName\":\"search_term_string\"}}],\"inLanguage\":\"es\"},{\"@type\":\"Organization\",\"@id\":\"https:\\\/\\\/www.eldiariodetucuman.com\\\/web\\\/#organization\",\"name\":\"El Diario de Tucuman\",\"url\":\"https:\\\/\\\/www.eldiariodetucuman.com\\\/web\\\/\",\"logo\":{\"@type\":\"ImageObject\",\"inLanguage\":\"es\",\"@id\":\"https:\\\/\\\/www.eldiariodetucuman.com\\\/web\\\/#\\\/schema\\\/logo\\\/image\\\/\",\"url\":\"http:\\\/\\\/www.eldiariodetucuman.com\\\/web\\\/wp-content\\\/uploads\\\/2017\\\/12\\\/el-diario-de-tucuman.jpg\",\"contentUrl\":\"http:\\\/\\\/www.eldiariodetucuman.com\\\/web\\\/wp-content\\\/uploads\\\/2017\\\/12\\\/el-diario-de-tucuman.jpg\",\"width\":272,\"height\":92,\"caption\":\"El Diario de Tucuman\"},\"image\":{\"@id\":\"https:\\\/\\\/www.eldiariodetucuman.com\\\/web\\\/#\\\/schema\\\/logo\\\/image\\\/\"}},{\"@type\":\"Person\",\"@id\":\"https:\\\/\\\/www.eldiariodetucuman.com\\\/web\\\/#\\\/schema\\\/person\\\/9250197d75ab5483412e19678b121caa\",\"name\":\"admin\",\"image\":{\"@type\":\"ImageObject\",\"inLanguage\":\"es\",\"@id\":\"https:\\\/\\\/secure.gravatar.com\\\/avatar\\\/c44d117c2be811212c22cb481f6b8384b6873de103fbc49e7a03cc58d7dea4ac?s=96&d=mm&r=g\",\"url\":\"https:\\\/\\\/secure.gravatar.com\\\/avatar\\\/c44d117c2be811212c22cb481f6b8384b6873de103fbc49e7a03cc58d7dea4ac?s=96&d=mm&r=g\",\"contentUrl\":\"https:\\\/\\\/secure.gravatar.com\\\/avatar\\\/c44d117c2be811212c22cb481f6b8384b6873de103fbc49e7a03cc58d7dea4ac?s=96&d=mm&r=g\",\"caption\":\"admin\"},\"url\":\"https:\\\/\\\/www.eldiariodetucuman.com\\\/web\\\/author\\\/admin\\\/\"}]}<\/script>\n<!-- \/ Yoast SEO plugin. -->","yoast_head_json":{"title":"Las tormentas provocaron anegamientos y fallas en el servicio el\u00e9ctrico - El Diario de Tucuman","robots":{"index":"index","follow":"follow","max-snippet":"max-snippet:-1","max-image-preview":"max-image-preview:large","max-video-preview":"max-video-preview:-1"},"canonical":"https:\/\/www.eldiariodetucuman.com\/web\/las-tormentas-provocaron-anegamientos-y-fallas-en-el-servicio-electrico\/","og_locale":"es_ES","og_type":"article","og_title":"Las tormentas provocaron anegamientos y fallas en el servicio el\u00e9ctrico - El Diario de Tucuman","og_description":"El Comit\u00e9 de Emergencia de la Provincia, en conjunto con los gobiernos municipales, se encuentra asistiendo desde anoche a familias afectadas por el temporal. Las intensas lluvias que se desataron por la noche afectaron, en gran parte, a la ciudad de Taf\u00ed Viejo. Personal de la Direcci\u00f3n de Defensa Civil de la Provincia atendi\u00f3 diferentes [&hellip;]","og_url":"https:\/\/www.eldiariodetucuman.com\/web\/las-tormentas-provocaron-anegamientos-y-fallas-en-el-servicio-electrico\/","og_site_name":"El Diario de Tucuman","article_published_time":"2018-12-06T15:07:37+00:00","article_modified_time":"2018-12-06T15:07:38+00:00","og_image":[{"width":300,"height":166,"url":"https:\/\/www.eldiariodetucuman.com\/web\/wp-content\/uploads\/2018\/12\/f76e9b5b79aa8a7a69b73cab994ad5b3.jpeg","type":"image\/jpeg"}],"author":"admin","twitter_card":"summary_large_image","twitter_misc":{"Escrito por":"admin","Tiempo de lectura":"2 minutos"},"schema":{"@context":"https:\/\/schema.org","@graph":[{"@type":"Article","@id":"https:\/\/www.eldiariodetucuman.com\/web\/las-tormentas-provocaron-anegamientos-y-fallas-en-el-servicio-electrico\/#article","isPartOf":{"@id":"https:\/\/www.eldiariodetucuman.com\/web\/las-tormentas-provocaron-anegamientos-y-fallas-en-el-servicio-electrico\/"},"author":{"name":"admin","@id":"https:\/\/www.eldiariodetucuman.com\/web\/#\/schema\/person\/9250197d75ab5483412e19678b121caa"},"headline":"Las tormentas provocaron anegamientos y fallas en el servicio el\u00e9ctrico","datePublished":"2018-12-06T15:07:37+00:00","dateModified":"2018-12-06T15:07:38+00:00","mainEntityOfPage":{"@id":"https:\/\/www.eldiariodetucuman.com\/web\/las-tormentas-provocaron-anegamientos-y-fallas-en-el-servicio-electrico\/"},"wordCount":393,"commentCount":0,"publisher":{"@id":"https:\/\/www.eldiariodetucuman.com\/web\/#organization"},"image":{"@id":"https:\/\/www.eldiariodetucuman.com\/web\/las-tormentas-provocaron-anegamientos-y-fallas-en-el-servicio-electrico\/#primaryimage"},"thumbnailUrl":"https:\/\/www.eldiariodetucuman.com\/web\/wp-content\/uploads\/2018\/12\/f76e9b5b79aa8a7a69b73cab994ad5b3.jpeg","articleSection":["Politica"],"inLanguage":"es","potentialAction":[{"@type":"CommentAction","name":"Comment","target":["https:\/\/www.eldiariodetucuman.com\/web\/las-tormentas-provocaron-anegamientos-y-fallas-en-el-servicio-electrico\/#respond"]}]},{"@type":"WebPage","@id":"https:\/\/www.eldiariodetucuman.com\/web\/las-tormentas-provocaron-anegamientos-y-fallas-en-el-servicio-electrico\/","url":"https:\/\/www.eldiariodetucuman.com\/web\/las-tormentas-provocaron-anegamientos-y-fallas-en-el-servicio-electrico\/","name":"Las tormentas provocaron anegamientos y fallas en el servicio el\u00e9ctrico - El Diario de Tucuman","isPartOf":{"@id":"https:\/\/www.eldiariodetucuman.com\/web\/#website"},"primaryImageOfPage":{"@id":"https:\/\/www.eldiariodetucuman.com\/web\/las-tormentas-provocaron-anegamientos-y-fallas-en-el-servicio-electrico\/#primaryimage"},"image":{"@id":"https:\/\/www.eldiariodetucuman.com\/web\/las-tormentas-provocaron-anegamientos-y-fallas-en-el-servicio-electrico\/#primaryimage"},"thumbnailUrl":"https:\/\/www.eldiariodetucuman.com\/web\/wp-content\/uploads\/2018\/12\/f76e9b5b79aa8a7a69b73cab994ad5b3.jpeg","datePublished":"2018-12-06T15:07:37+00:00","dateModified":"2018-12-06T15:07:38+00:00","breadcrumb":{"@id":"https:\/\/www.eldiariodetucuman.com\/web\/las-tormentas-provocaron-anegamientos-y-fallas-en-el-servicio-electrico\/#breadcrumb"},"inLanguage":"es","potentialAction":[{"@type":"ReadAction","target":["https:\/\/www.eldiariodetucuman.com\/web\/las-tormentas-provocaron-anegamientos-y-fallas-en-el-servicio-electrico\/"]}]},{"@type":"ImageObject","inLanguage":"es","@id":"https:\/\/www.eldiariodetucuman.com\/web\/las-tormentas-provocaron-anegamientos-y-fallas-en-el-servicio-electrico\/#primaryimage","url":"https:\/\/www.eldiariodetucuman.com\/web\/wp-content\/uploads\/2018\/12\/f76e9b5b79aa8a7a69b73cab994ad5b3.jpeg","contentUrl":"https:\/\/www.eldiariodetucuman.com\/web\/wp-content\/uploads\/2018\/12\/f76e9b5b79aa8a7a69b73cab994ad5b3.jpeg","width":300,"height":166},{"@type":"BreadcrumbList","@id":"https:\/\/www.eldiariodetucuman.com\/web\/las-tormentas-provocaron-anegamientos-y-fallas-en-el-servicio-electrico\/#breadcrumb","itemListElement":[{"@type":"ListItem","position":1,"name":"Portada","item":"https:\/\/www.eldiariodetucuman.com\/web\/"},{"@type":"ListItem","position":2,"name":"Las tormentas provocaron anegamientos y fallas en el servicio el\u00e9ctrico"}]},{"@type":"WebSite","@id":"https:\/\/www.eldiariodetucuman.com\/web\/#website","url":"https:\/\/www.eldiariodetucuman.com\/web\/","name":"El Diario de Tucuman","description":"Diario Tucuman - Informaci\u00f3n y noticias","publisher":{"@id":"https:\/\/www.eldiariodetucuman.com\/web\/#organization"},"potentialAction":[{"@type":"SearchAction","target":{"@type":"EntryPoint","urlTemplate":"https:\/\/www.eldiariodetucuman.com\/web\/?s={search_term_string}"},"query-input":{"@type":"PropertyValueSpecification","valueRequired":true,"valueName":"search_term_string"}}],"inLanguage":"es"},{"@type":"Organization","@id":"https:\/\/www.eldiariodetucuman.com\/web\/#organization","name":"El Diario de Tucuman","url":"https:\/\/www.eldiariodetucuman.com\/web\/","logo":{"@type":"ImageObject","inLanguage":"es","@id":"https:\/\/www.eldiariodetucuman.com\/web\/#\/schema\/logo\/image\/","url":"http:\/\/www.eldiariodetucuman.com\/web\/wp-content\/uploads\/2017\/12\/el-diario-de-tucuman.jpg","contentUrl":"http:\/\/www.eldiariodetucuman.com\/web\/wp-content\/uploads\/2017\/12\/el-diario-de-tucuman.jpg","width":272,"height":92,"caption":"El Diario de Tucuman"},"image":{"@id":"https:\/\/www.eldiariodetucuman.com\/web\/#\/schema\/logo\/image\/"}},{"@type":"Person","@id":"https:\/\/www.eldiariodetucuman.com\/web\/#\/schema\/person\/9250197d75ab5483412e19678b121caa","name":"admin","image":{"@type":"ImageObject","inLanguage":"es","@id":"https:\/\/secure.gravatar.com\/avatar\/c44d117c2be811212c22cb481f6b8384b6873de103fbc49e7a03cc58d7dea4ac?s=96&d=mm&r=g","url":"https:\/\/secure.gravatar.com\/avatar\/c44d117c2be811212c22cb481f6b8384b6873de103fbc49e7a03cc58d7dea4ac?s=96&d=mm&r=g","contentUrl":"https:\/\/secure.gravatar.com\/avatar\/c44d117c2be811212c22cb481f6b8384b6873de103fbc49e7a03cc58d7dea4ac?s=96&d=mm&r=g","caption":"admin"},"url":"https:\/\/www.eldiariodetucuman.com\/web\/author\/admin\/"}]}},"_links":{"self":[{"href":"https:\/\/www.eldiariodetucuman.com\/web\/wp-json\/wp\/v2\/posts\/20273","targetHints":{"allow":["GET"]}}],"collection":[{"href":"https:\/\/www.eldiariodetucuman.com\/web\/wp-json\/wp\/v2\/posts"}],"about":[{"href":"https:\/\/www.eldiariodetucuman.com\/web\/wp-json\/wp\/v2\/types\/post"}],"author":[{"embeddable":true,"href":"https:\/\/www.eldiariodetucuman.com\/web\/wp-json\/wp\/v2\/users\/1"}],"replies":[{"embeddable":true,"href":"https:\/\/www.eldiariodetucuman.com\/web\/wp-json\/wp\/v2\/comments?post=20273"}],"version-history":[{"count":1,"href":"https:\/\/www.eldiariodetucuman.com\/web\/wp-json\/wp\/v2\/posts\/20273\/revisions"}],"predecessor-version":[{"id":20275,"href":"https:\/\/www.eldiariodetucuman.com\/web\/wp-json\/wp\/v2\/posts\/20273\/revisions\/20275"}],"wp:featuredmedia":[{"embeddable":true,"href":"https:\/\/www.eldiariodetucuman.com\/web\/wp-json\/wp\/v2\/media\/20274"}],"wp:attachment":[{"href":"https:\/\/www.eldiariodetucuman.com\/web\/wp-json\/wp\/v2\/media?parent=20273"}],"wp:term":[{"taxonomy":"category","embeddable":true,"href":"https:\/\/www.eldiariodetucuman.com\/web\/wp-json\/wp\/v2\/categories?post=20273"},{"taxonomy":"post_tag","embeddable":true,"href":"https:\/\/www.eldiariodetucuman.com\/web\/wp-json\/wp\/v2\/tags?post=20273"}],"curies":[{"name":"wp","href":"https:\/\/api.w.org\/{rel}","templated":true}]}}