{"id":20270,"date":"2018-12-06T11:42:14","date_gmt":"2018-12-06T14:42:14","guid":{"rendered":"http:\/\/www.eldiariodetucuman.com\/web\/berni-el-protocolo-no-aporta-nada-es-humo\/"},"modified":"2018-12-06T11:42:16","modified_gmt":"2018-12-06T14:42:16","slug":"berni-el-protocolo-no-aporta-nada-es-humo","status":"publish","type":"post","link":"https:\/\/www.eldiariodetucuman.com\/web\/berni-el-protocolo-no-aporta-nada-es-humo\/","title":{"rendered":"Berni: \u00abEl protocolo no aporta nada. Es humo\u00bb"},"content":{"rendered":"<div>\n<div readability=\"56.827479737553\">\n<p>\u00abNo aporta nada. Es humo\u00bb, sentenci\u00f3 <strong>Sergio Berni<\/strong>\u00a0al\u00a0referirse al\u00a0<a href=\"https:\/\/www.elintransigente.com\/politica\/2018\/12\/5\/para-garavano-el-nuevo-protocolo-sigue-la-normativa-de-las-naciones-unidas-527735.html\">Reglamento general para el empleo de las armas de fuego por parte de los miembros de las Fuerzas Federales de Seguridad,<\/a> impulsado por el <strong>Ministerio de Seguridad,<\/strong> que encabeza <a href=\"https:\/\/www.elintransigente.com\/politica\/2018\/12\/5\/macri-respaldo-el-nuevo-protocolo-527798.html\"><strong>Patricia Bullrich<\/strong><\/a>. En ese sentido, el exsecretario del <strong>kirchnerismo<\/strong> asever\u00f3:\u00a0\u00abTuve que matar bastantes delincuentes y nunca tuve un problema porque actu\u00e9 a derecho\u00bb.<\/p>\n<p>Tal como lo adelant\u00f3 El Intransigente, Bullrich present\u00f3 una reglamentaci\u00f3n para el uso de armas de fuego por parte de las fuerzas de seguridad\u00a0que establece los momentos en que podr\u00e1n ser utilizadas, como por ejemplo cuando resulten ineficaces otros medios no violentos; en defensa propia o de otras personas; cuando\u00a0represente peligro inminente y oponga resistencia a la autoridad, o bien para impedir la fuga de quien represente ese peligro inminente, y hasta lograr su detenci\u00f3n, entre otros.<\/p>\n<p>\u00abNo s\u00e9 de todos los que est\u00e1n ac\u00e1 cu\u00e1ntos tuvieron la desgracia de matar o dar la orden de abatir a un delincuente. Yo lo tuve que hacer bastantes veces y nunca tuve ning\u00fan problema. Porque siempre actu\u00e9 a derecho y el delincuente fue abatido y la v\u00edctima fue salvada\u00bb, asever\u00f3 Berni durante su presencia en el programa A dos voces.<\/p>\n<p>En ese sentido, el exsecretario de Seguridad del kirchnerismo, que adem\u00e1s de m\u00e9dico se desempe\u00f1\u00f3 como\u00a0militar, asegur\u00f3 que el reglamento impulsado por la cartera que encabeza Bullrich\u00a0\u00abno aporta nada. Es humo\u00bb, por lo que resalt\u00f3 que\u00a0\u00abes inaplicable porque trae m\u00e1s confusi\u00f3n ya que est\u00e1 cargado de elementos subjetivos\u00bb.<\/p>\n<p>\u00abVa en contra del derecho. Al efectivo hay que hacerlo actuar bajo derecho. Estoy de acuerdo con que hay que defender al ciudadano, impartir la autoridad porque el delincuente que sale a la calle est\u00e1 dispuesto a matar. Pero dentro de la ley todo y fuera nada. Coincido con mis principios y mi experiencia\u00bb, puntualiz\u00f3 el exfuncionario, y concluy\u00f3 que\u00a0no est\u00e1 \u00aben contra del esp\u00edritu de proteger a la ciudadan\u00eda\u00bb pero que para eso \u00abest\u00e1 la ley\u00bb.<\/p>\n<p>Vale recordar que, a d\u00edas de que este protocolo fuera oficializado en el Bolet\u00edn Oficial,\u00a0el juez en lo Contencioso Administrativo y Tributario de la Ciudad de Buenos Aires, Roberto Gallardo, declar\u00f3 inconstitucional la resoluci\u00f3n. Quien lo anunci\u00f3 fue\u00a0el legislador porte\u00f1o\u00a0por Unidad Ciudadana, Mariano Recalde, que\u00a0detall\u00f3 que\u00a0el grupo de abogados de &#8220;Nace un derecho&#8221; present\u00f3 un amparo ante la Justicia porte\u00f1a para trabar la implementaci\u00f3n de este nuevo decreto que, seg\u00fan la oposici\u00f3n, &#8220;legaliza el gatillo f\u00e1cil&#8221;.<\/p>\n<\/div>\n<\/div>\n<p>Fuente: https:\/\/www.elintransigente.com\/politica\/2018\/12\/6\/berni-el-protocolo-no-aporta-nada-es-humo-527818.html<\/p>\n","protected":false},"excerpt":{"rendered":"<p>\u00abNo aporta nada. Es humo\u00bb, sentenci\u00f3 Sergio Berni\u00a0al\u00a0referirse al\u00a0Reglamento general para el empleo de las armas de fuego por parte de los miembros de las Fuerzas Federales de Seguridad, impulsado por el Ministerio de Seguridad, que encabeza Patricia Bullrich. En ese sentido, el exsecretario del kirchnerismo asever\u00f3:\u00a0\u00abTuve que matar bastantes delincuentes y nunca tuve un [&hellip;]<\/p>\n","protected":false},"author":1,"featured_media":20271,"comment_status":"open","ping_status":"closed","sticky":false,"template":"","format":"standard","meta":{"footnotes":""},"categories":[1],"tags":[],"class_list":{"0":"post-20270","1":"post","2":"type-post","3":"status-publish","4":"format-standard","5":"has-post-thumbnail","7":"category-portada"},"yoast_head":"<!-- This site is optimized with the Yoast SEO plugin v27.4 - https:\/\/yoast.com\/product\/yoast-seo-wordpress\/ -->\n<title>Berni: &quot;El protocolo no aporta nada. Es humo&quot; - El Diario de Tucuman<\/title>\n<meta name=\"robots\" content=\"index, follow, max-snippet:-1, max-image-preview:large, max-video-preview:-1\" \/>\n<link rel=\"canonical\" href=\"https:\/\/www.eldiariodetucuman.com\/web\/berni-el-protocolo-no-aporta-nada-es-humo\/\" \/>\n<meta property=\"og:locale\" content=\"es_ES\" \/>\n<meta property=\"og:type\" content=\"article\" \/>\n<meta property=\"og:title\" content=\"Berni: &quot;El protocolo no aporta nada. Es humo&quot; - El Diario de Tucuman\" \/>\n<meta property=\"og:description\" content=\"\u00abNo aporta nada. Es humo\u00bb, sentenci\u00f3 Sergio Berni\u00a0al\u00a0referirse al\u00a0Reglamento general para el empleo de las armas de fuego por parte de los miembros de las Fuerzas Federales de Seguridad, impulsado por el Ministerio de Seguridad, que encabeza Patricia Bullrich. En ese sentido, el exsecretario del kirchnerismo asever\u00f3:\u00a0\u00abTuve que matar bastantes delincuentes y nunca tuve un [&hellip;]\" \/>\n<meta property=\"og:url\" content=\"https:\/\/www.eldiariodetucuman.com\/web\/berni-el-protocolo-no-aporta-nada-es-humo\/\" \/>\n<meta property=\"og:site_name\" content=\"El Diario de Tucuman\" \/>\n<meta property=\"article:published_time\" content=\"2018-12-06T14:42:14+00:00\" \/>\n<meta property=\"article:modified_time\" content=\"2018-12-06T14:42:16+00:00\" \/>\n<meta property=\"og:image\" content=\"https:\/\/www.eldiariodetucuman.com\/web\/wp-content\/uploads\/2018\/12\/65e3550151851c16c7e1db48734cc735.jpeg\" \/>\n\t<meta property=\"og:image:width\" content=\"960\" \/>\n\t<meta property=\"og:image:height\" content=\"543\" \/>\n\t<meta property=\"og:image:type\" content=\"image\/jpeg\" \/>\n<meta name=\"author\" content=\"admin\" \/>\n<meta name=\"twitter:card\" content=\"summary_large_image\" \/>\n<meta name=\"twitter:label1\" content=\"Escrito por\" \/>\n\t<meta name=\"twitter:data1\" content=\"admin\" \/>\n\t<meta name=\"twitter:label2\" content=\"Tiempo de lectura\" \/>\n\t<meta name=\"twitter:data2\" content=\"2 minutos\" \/>\n<script type=\"application\/ld+json\" class=\"yoast-schema-graph\">{\"@context\":\"https:\\\/\\\/schema.org\",\"@graph\":[{\"@type\":\"Article\",\"@id\":\"https:\\\/\\\/www.eldiariodetucuman.com\\\/web\\\/berni-el-protocolo-no-aporta-nada-es-humo\\\/#article\",\"isPartOf\":{\"@id\":\"https:\\\/\\\/www.eldiariodetucuman.com\\\/web\\\/berni-el-protocolo-no-aporta-nada-es-humo\\\/\"},\"author\":{\"name\":\"admin\",\"@id\":\"https:\\\/\\\/www.eldiariodetucuman.com\\\/web\\\/#\\\/schema\\\/person\\\/9250197d75ab5483412e19678b121caa\"},\"headline\":\"Berni: \u00abEl protocolo no aporta nada. Es humo\u00bb\",\"datePublished\":\"2018-12-06T14:42:14+00:00\",\"dateModified\":\"2018-12-06T14:42:16+00:00\",\"mainEntityOfPage\":{\"@id\":\"https:\\\/\\\/www.eldiariodetucuman.com\\\/web\\\/berni-el-protocolo-no-aporta-nada-es-humo\\\/\"},\"wordCount\":452,\"commentCount\":0,\"publisher\":{\"@id\":\"https:\\\/\\\/www.eldiariodetucuman.com\\\/web\\\/#organization\"},\"image\":{\"@id\":\"https:\\\/\\\/www.eldiariodetucuman.com\\\/web\\\/berni-el-protocolo-no-aporta-nada-es-humo\\\/#primaryimage\"},\"thumbnailUrl\":\"https:\\\/\\\/www.eldiariodetucuman.com\\\/web\\\/wp-content\\\/uploads\\\/2018\\\/12\\\/65e3550151851c16c7e1db48734cc735.jpeg\",\"articleSection\":[\"Portada\"],\"inLanguage\":\"es\",\"potentialAction\":[{\"@type\":\"CommentAction\",\"name\":\"Comment\",\"target\":[\"https:\\\/\\\/www.eldiariodetucuman.com\\\/web\\\/berni-el-protocolo-no-aporta-nada-es-humo\\\/#respond\"]}]},{\"@type\":\"WebPage\",\"@id\":\"https:\\\/\\\/www.eldiariodetucuman.com\\\/web\\\/berni-el-protocolo-no-aporta-nada-es-humo\\\/\",\"url\":\"https:\\\/\\\/www.eldiariodetucuman.com\\\/web\\\/berni-el-protocolo-no-aporta-nada-es-humo\\\/\",\"name\":\"Berni: \\\"El protocolo no aporta nada. Es humo\\\" - El Diario de Tucuman\",\"isPartOf\":{\"@id\":\"https:\\\/\\\/www.eldiariodetucuman.com\\\/web\\\/#website\"},\"primaryImageOfPage\":{\"@id\":\"https:\\\/\\\/www.eldiariodetucuman.com\\\/web\\\/berni-el-protocolo-no-aporta-nada-es-humo\\\/#primaryimage\"},\"image\":{\"@id\":\"https:\\\/\\\/www.eldiariodetucuman.com\\\/web\\\/berni-el-protocolo-no-aporta-nada-es-humo\\\/#primaryimage\"},\"thumbnailUrl\":\"https:\\\/\\\/www.eldiariodetucuman.com\\\/web\\\/wp-content\\\/uploads\\\/2018\\\/12\\\/65e3550151851c16c7e1db48734cc735.jpeg\",\"datePublished\":\"2018-12-06T14:42:14+00:00\",\"dateModified\":\"2018-12-06T14:42:16+00:00\",\"breadcrumb\":{\"@id\":\"https:\\\/\\\/www.eldiariodetucuman.com\\\/web\\\/berni-el-protocolo-no-aporta-nada-es-humo\\\/#breadcrumb\"},\"inLanguage\":\"es\",\"potentialAction\":[{\"@type\":\"ReadAction\",\"target\":[\"https:\\\/\\\/www.eldiariodetucuman.com\\\/web\\\/berni-el-protocolo-no-aporta-nada-es-humo\\\/\"]}]},{\"@type\":\"ImageObject\",\"inLanguage\":\"es\",\"@id\":\"https:\\\/\\\/www.eldiariodetucuman.com\\\/web\\\/berni-el-protocolo-no-aporta-nada-es-humo\\\/#primaryimage\",\"url\":\"https:\\\/\\\/www.eldiariodetucuman.com\\\/web\\\/wp-content\\\/uploads\\\/2018\\\/12\\\/65e3550151851c16c7e1db48734cc735.jpeg\",\"contentUrl\":\"https:\\\/\\\/www.eldiariodetucuman.com\\\/web\\\/wp-content\\\/uploads\\\/2018\\\/12\\\/65e3550151851c16c7e1db48734cc735.jpeg\",\"width\":960,\"height\":543},{\"@type\":\"BreadcrumbList\",\"@id\":\"https:\\\/\\\/www.eldiariodetucuman.com\\\/web\\\/berni-el-protocolo-no-aporta-nada-es-humo\\\/#breadcrumb\",\"itemListElement\":[{\"@type\":\"ListItem\",\"position\":1,\"name\":\"Portada\",\"item\":\"https:\\\/\\\/www.eldiariodetucuman.com\\\/web\\\/\"},{\"@type\":\"ListItem\",\"position\":2,\"name\":\"Berni: \u00abEl protocolo no aporta nada. Es humo\u00bb\"}]},{\"@type\":\"WebSite\",\"@id\":\"https:\\\/\\\/www.eldiariodetucuman.com\\\/web\\\/#website\",\"url\":\"https:\\\/\\\/www.eldiariodetucuman.com\\\/web\\\/\",\"name\":\"El Diario de Tucuman\",\"description\":\"Diario Tucuman - Informaci\u00f3n y noticias\",\"publisher\":{\"@id\":\"https:\\\/\\\/www.eldiariodetucuman.com\\\/web\\\/#organization\"},\"potentialAction\":[{\"@type\":\"SearchAction\",\"target\":{\"@type\":\"EntryPoint\",\"urlTemplate\":\"https:\\\/\\\/www.eldiariodetucuman.com\\\/web\\\/?s={search_term_string}\"},\"query-input\":{\"@type\":\"PropertyValueSpecification\",\"valueRequired\":true,\"valueName\":\"search_term_string\"}}],\"inLanguage\":\"es\"},{\"@type\":\"Organization\",\"@id\":\"https:\\\/\\\/www.eldiariodetucuman.com\\\/web\\\/#organization\",\"name\":\"El Diario de Tucuman\",\"url\":\"https:\\\/\\\/www.eldiariodetucuman.com\\\/web\\\/\",\"logo\":{\"@type\":\"ImageObject\",\"inLanguage\":\"es\",\"@id\":\"https:\\\/\\\/www.eldiariodetucuman.com\\\/web\\\/#\\\/schema\\\/logo\\\/image\\\/\",\"url\":\"http:\\\/\\\/www.eldiariodetucuman.com\\\/web\\\/wp-content\\\/uploads\\\/2017\\\/12\\\/el-diario-de-tucuman.jpg\",\"contentUrl\":\"http:\\\/\\\/www.eldiariodetucuman.com\\\/web\\\/wp-content\\\/uploads\\\/2017\\\/12\\\/el-diario-de-tucuman.jpg\",\"width\":272,\"height\":92,\"caption\":\"El Diario de Tucuman\"},\"image\":{\"@id\":\"https:\\\/\\\/www.eldiariodetucuman.com\\\/web\\\/#\\\/schema\\\/logo\\\/image\\\/\"}},{\"@type\":\"Person\",\"@id\":\"https:\\\/\\\/www.eldiariodetucuman.com\\\/web\\\/#\\\/schema\\\/person\\\/9250197d75ab5483412e19678b121caa\",\"name\":\"admin\",\"image\":{\"@type\":\"ImageObject\",\"inLanguage\":\"es\",\"@id\":\"https:\\\/\\\/secure.gravatar.com\\\/avatar\\\/c44d117c2be811212c22cb481f6b8384b6873de103fbc49e7a03cc58d7dea4ac?s=96&d=mm&r=g\",\"url\":\"https:\\\/\\\/secure.gravatar.com\\\/avatar\\\/c44d117c2be811212c22cb481f6b8384b6873de103fbc49e7a03cc58d7dea4ac?s=96&d=mm&r=g\",\"contentUrl\":\"https:\\\/\\\/secure.gravatar.com\\\/avatar\\\/c44d117c2be811212c22cb481f6b8384b6873de103fbc49e7a03cc58d7dea4ac?s=96&d=mm&r=g\",\"caption\":\"admin\"},\"url\":\"https:\\\/\\\/www.eldiariodetucuman.com\\\/web\\\/author\\\/admin\\\/\"}]}<\/script>\n<!-- \/ Yoast SEO plugin. -->","yoast_head_json":{"title":"Berni: \"El protocolo no aporta nada. Es humo\" - El Diario de Tucuman","robots":{"index":"index","follow":"follow","max-snippet":"max-snippet:-1","max-image-preview":"max-image-preview:large","max-video-preview":"max-video-preview:-1"},"canonical":"https:\/\/www.eldiariodetucuman.com\/web\/berni-el-protocolo-no-aporta-nada-es-humo\/","og_locale":"es_ES","og_type":"article","og_title":"Berni: \"El protocolo no aporta nada. Es humo\" - El Diario de Tucuman","og_description":"\u00abNo aporta nada. Es humo\u00bb, sentenci\u00f3 Sergio Berni\u00a0al\u00a0referirse al\u00a0Reglamento general para el empleo de las armas de fuego por parte de los miembros de las Fuerzas Federales de Seguridad, impulsado por el Ministerio de Seguridad, que encabeza Patricia Bullrich. En ese sentido, el exsecretario del kirchnerismo asever\u00f3:\u00a0\u00abTuve que matar bastantes delincuentes y nunca tuve un [&hellip;]","og_url":"https:\/\/www.eldiariodetucuman.com\/web\/berni-el-protocolo-no-aporta-nada-es-humo\/","og_site_name":"El Diario de Tucuman","article_published_time":"2018-12-06T14:42:14+00:00","article_modified_time":"2018-12-06T14:42:16+00:00","og_image":[{"width":960,"height":543,"url":"https:\/\/www.eldiariodetucuman.com\/web\/wp-content\/uploads\/2018\/12\/65e3550151851c16c7e1db48734cc735.jpeg","type":"image\/jpeg"}],"author":"admin","twitter_card":"summary_large_image","twitter_misc":{"Escrito por":"admin","Tiempo de lectura":"2 minutos"},"schema":{"@context":"https:\/\/schema.org","@graph":[{"@type":"Article","@id":"https:\/\/www.eldiariodetucuman.com\/web\/berni-el-protocolo-no-aporta-nada-es-humo\/#article","isPartOf":{"@id":"https:\/\/www.eldiariodetucuman.com\/web\/berni-el-protocolo-no-aporta-nada-es-humo\/"},"author":{"name":"admin","@id":"https:\/\/www.eldiariodetucuman.com\/web\/#\/schema\/person\/9250197d75ab5483412e19678b121caa"},"headline":"Berni: \u00abEl protocolo no aporta nada. Es humo\u00bb","datePublished":"2018-12-06T14:42:14+00:00","dateModified":"2018-12-06T14:42:16+00:00","mainEntityOfPage":{"@id":"https:\/\/www.eldiariodetucuman.com\/web\/berni-el-protocolo-no-aporta-nada-es-humo\/"},"wordCount":452,"commentCount":0,"publisher":{"@id":"https:\/\/www.eldiariodetucuman.com\/web\/#organization"},"image":{"@id":"https:\/\/www.eldiariodetucuman.com\/web\/berni-el-protocolo-no-aporta-nada-es-humo\/#primaryimage"},"thumbnailUrl":"https:\/\/www.eldiariodetucuman.com\/web\/wp-content\/uploads\/2018\/12\/65e3550151851c16c7e1db48734cc735.jpeg","articleSection":["Portada"],"inLanguage":"es","potentialAction":[{"@type":"CommentAction","name":"Comment","target":["https:\/\/www.eldiariodetucuman.com\/web\/berni-el-protocolo-no-aporta-nada-es-humo\/#respond"]}]},{"@type":"WebPage","@id":"https:\/\/www.eldiariodetucuman.com\/web\/berni-el-protocolo-no-aporta-nada-es-humo\/","url":"https:\/\/www.eldiariodetucuman.com\/web\/berni-el-protocolo-no-aporta-nada-es-humo\/","name":"Berni: \"El protocolo no aporta nada. Es humo\" - El Diario de Tucuman","isPartOf":{"@id":"https:\/\/www.eldiariodetucuman.com\/web\/#website"},"primaryImageOfPage":{"@id":"https:\/\/www.eldiariodetucuman.com\/web\/berni-el-protocolo-no-aporta-nada-es-humo\/#primaryimage"},"image":{"@id":"https:\/\/www.eldiariodetucuman.com\/web\/berni-el-protocolo-no-aporta-nada-es-humo\/#primaryimage"},"thumbnailUrl":"https:\/\/www.eldiariodetucuman.com\/web\/wp-content\/uploads\/2018\/12\/65e3550151851c16c7e1db48734cc735.jpeg","datePublished":"2018-12-06T14:42:14+00:00","dateModified":"2018-12-06T14:42:16+00:00","breadcrumb":{"@id":"https:\/\/www.eldiariodetucuman.com\/web\/berni-el-protocolo-no-aporta-nada-es-humo\/#breadcrumb"},"inLanguage":"es","potentialAction":[{"@type":"ReadAction","target":["https:\/\/www.eldiariodetucuman.com\/web\/berni-el-protocolo-no-aporta-nada-es-humo\/"]}]},{"@type":"ImageObject","inLanguage":"es","@id":"https:\/\/www.eldiariodetucuman.com\/web\/berni-el-protocolo-no-aporta-nada-es-humo\/#primaryimage","url":"https:\/\/www.eldiariodetucuman.com\/web\/wp-content\/uploads\/2018\/12\/65e3550151851c16c7e1db48734cc735.jpeg","contentUrl":"https:\/\/www.eldiariodetucuman.com\/web\/wp-content\/uploads\/2018\/12\/65e3550151851c16c7e1db48734cc735.jpeg","width":960,"height":543},{"@type":"BreadcrumbList","@id":"https:\/\/www.eldiariodetucuman.com\/web\/berni-el-protocolo-no-aporta-nada-es-humo\/#breadcrumb","itemListElement":[{"@type":"ListItem","position":1,"name":"Portada","item":"https:\/\/www.eldiariodetucuman.com\/web\/"},{"@type":"ListItem","position":2,"name":"Berni: \u00abEl protocolo no aporta nada. Es humo\u00bb"}]},{"@type":"WebSite","@id":"https:\/\/www.eldiariodetucuman.com\/web\/#website","url":"https:\/\/www.eldiariodetucuman.com\/web\/","name":"El Diario de Tucuman","description":"Diario Tucuman - Informaci\u00f3n y noticias","publisher":{"@id":"https:\/\/www.eldiariodetucuman.com\/web\/#organization"},"potentialAction":[{"@type":"SearchAction","target":{"@type":"EntryPoint","urlTemplate":"https:\/\/www.eldiariodetucuman.com\/web\/?s={search_term_string}"},"query-input":{"@type":"PropertyValueSpecification","valueRequired":true,"valueName":"search_term_string"}}],"inLanguage":"es"},{"@type":"Organization","@id":"https:\/\/www.eldiariodetucuman.com\/web\/#organization","name":"El Diario de Tucuman","url":"https:\/\/www.eldiariodetucuman.com\/web\/","logo":{"@type":"ImageObject","inLanguage":"es","@id":"https:\/\/www.eldiariodetucuman.com\/web\/#\/schema\/logo\/image\/","url":"http:\/\/www.eldiariodetucuman.com\/web\/wp-content\/uploads\/2017\/12\/el-diario-de-tucuman.jpg","contentUrl":"http:\/\/www.eldiariodetucuman.com\/web\/wp-content\/uploads\/2017\/12\/el-diario-de-tucuman.jpg","width":272,"height":92,"caption":"El Diario de Tucuman"},"image":{"@id":"https:\/\/www.eldiariodetucuman.com\/web\/#\/schema\/logo\/image\/"}},{"@type":"Person","@id":"https:\/\/www.eldiariodetucuman.com\/web\/#\/schema\/person\/9250197d75ab5483412e19678b121caa","name":"admin","image":{"@type":"ImageObject","inLanguage":"es","@id":"https:\/\/secure.gravatar.com\/avatar\/c44d117c2be811212c22cb481f6b8384b6873de103fbc49e7a03cc58d7dea4ac?s=96&d=mm&r=g","url":"https:\/\/secure.gravatar.com\/avatar\/c44d117c2be811212c22cb481f6b8384b6873de103fbc49e7a03cc58d7dea4ac?s=96&d=mm&r=g","contentUrl":"https:\/\/secure.gravatar.com\/avatar\/c44d117c2be811212c22cb481f6b8384b6873de103fbc49e7a03cc58d7dea4ac?s=96&d=mm&r=g","caption":"admin"},"url":"https:\/\/www.eldiariodetucuman.com\/web\/author\/admin\/"}]}},"_links":{"self":[{"href":"https:\/\/www.eldiariodetucuman.com\/web\/wp-json\/wp\/v2\/posts\/20270","targetHints":{"allow":["GET"]}}],"collection":[{"href":"https:\/\/www.eldiariodetucuman.com\/web\/wp-json\/wp\/v2\/posts"}],"about":[{"href":"https:\/\/www.eldiariodetucuman.com\/web\/wp-json\/wp\/v2\/types\/post"}],"author":[{"embeddable":true,"href":"https:\/\/www.eldiariodetucuman.com\/web\/wp-json\/wp\/v2\/users\/1"}],"replies":[{"embeddable":true,"href":"https:\/\/www.eldiariodetucuman.com\/web\/wp-json\/wp\/v2\/comments?post=20270"}],"version-history":[{"count":1,"href":"https:\/\/www.eldiariodetucuman.com\/web\/wp-json\/wp\/v2\/posts\/20270\/revisions"}],"predecessor-version":[{"id":20272,"href":"https:\/\/www.eldiariodetucuman.com\/web\/wp-json\/wp\/v2\/posts\/20270\/revisions\/20272"}],"wp:featuredmedia":[{"embeddable":true,"href":"https:\/\/www.eldiariodetucuman.com\/web\/wp-json\/wp\/v2\/media\/20271"}],"wp:attachment":[{"href":"https:\/\/www.eldiariodetucuman.com\/web\/wp-json\/wp\/v2\/media?parent=20270"}],"wp:term":[{"taxonomy":"category","embeddable":true,"href":"https:\/\/www.eldiariodetucuman.com\/web\/wp-json\/wp\/v2\/categories?post=20270"},{"taxonomy":"post_tag","embeddable":true,"href":"https:\/\/www.eldiariodetucuman.com\/web\/wp-json\/wp\/v2\/tags?post=20270"}],"curies":[{"name":"wp","href":"https:\/\/api.w.org\/{rel}","templated":true}]}}