{"id":20267,"date":"2018-12-06T11:42:06","date_gmt":"2018-12-06T14:42:06","guid":{"rendered":"http:\/\/www.eldiariodetucuman.com\/web\/oficializan-la-designacion-del-nuevo-director-de-la-quinta-presidencial-en-chapadmalal\/"},"modified":"2018-12-06T11:42:08","modified_gmt":"2018-12-06T14:42:08","slug":"oficializan-la-designacion-del-nuevo-director-de-la-quinta-presidencial-en-chapadmalal","status":"publish","type":"post","link":"https:\/\/www.eldiariodetucuman.com\/web\/oficializan-la-designacion-del-nuevo-director-de-la-quinta-presidencial-en-chapadmalal\/","title":{"rendered":"Oficializan la designaci\u00f3n del nuevo director de la quinta presidencial en Chapadmalal"},"content":{"rendered":"<div>\n<div readability=\"50.469784550709\">\n<p>La secretar\u00eda General del Gobierno design\u00f3 a <strong>Leonardo Pablo Simoncini<\/strong>, con car\u00e1cter transitorio, a partir del 28 de marzo de 2018, y por el t\u00e9rmino de 180 d\u00edas, en el cargo de<strong> Director de la Residencia Presidencial de Chapadmalal. <\/strong>La decisi\u00f3n fue oficializada hoy mediante el Bolet\u00edn Oficial, por Decreto 1102\/2018.<\/p>\n<p>Seg\u00fan la normativa, el cargo de desarrollar\u00e1 dentro de la Administraci\u00f3n de Servicios Generales de la Subsecretar\u00eda Legal y Administrativa de la Presidencia de la Naci\u00f3n. Asimismo, deber\u00e1 ser cubierto seg\u00fan lo establecido en el Convenio colectivo de trabajo sectorial del personal del Sistema Nacional de Empleo P\u00fablico <strong>(SINEP).<\/strong><\/p>\n<p>Seg\u00fan el diario <strong>Perfil<\/strong>, la residencia presidencial de Chapadmalal estuvo olvidada durante el Gobierno de Cristina Fern\u00e1ndez, pero con Cambiemos las instalaciones volvieron a utilizarse y, se reacondicionaron a gusto del mandatario para las reuniones de gesti\u00f3n de su gabinete. Este a\u00f1o la Casa Rosda planeaba invertir cerca de $ 100 millones en la propiedad.\u00a0<\/p>\n<p>En este sentido, uno de los informes de gesti\u00f3n que present\u00f3 ante el Congreso, el <a href=\"https:\/\/www.elintransigente.com\/politica\/2018\/12\/5\/la-corte-suprema-dicto-un-incremento-salarial-para-todo-el-personal-judicial-527730.html\">jefe de Gabinete, Marcos Pe\u00f1a<\/a>, revel\u00f3 que el gasto para la refacci\u00f3n y acondicionamiento de las unidades tur\u00edsticas en Chapadmalal de uso presidencial\u00a0fue de $7.186.000.<\/p>\n<p>De esta manera, el Decreto N\u00b0 355\/17 y su modificatorio, dispuso que toda designaci\u00f3n transitoria de personal en cargos de planta permanente y extraescalafonarios vacantes y financiados presupuestariamente en jurisdicciones y unidades organizativas dependientes de la Presidencia de la Naci\u00f3n, de conformidad a las estructuras organizativas, <strong>ser\u00e1 efectuada por el Presidente de la Naci\u00f3n<\/strong>. Si bien <strong>el cargo fue ocupado en marzo de este a\u00f1o<\/strong>, la decisi\u00f3n fue oficializada hoy, por el Bolet\u00edn Oficial del d\u00eda. La medida, cuenta con las firmas del <a href=\"https:\/\/www.elintransigente.com\/politica\/2018\/12\/5\/mauricio-macri-respaldo-el-nuevo-protocolo-527798.html\">presidente, Mauricio Macri<\/a> y del jefe de Gabinete, Marcos Pe\u00f1a.<br \/>\n\u00a0<\/p>\n<\/div>\n<\/div>\n<p>Fuente: https:\/\/www.elintransigente.com\/politica\/2018\/12\/6\/oficializan-la-designacion-del-nuevo-director-de-la-quinta-presidencial-en-chapadmalal-527837.html<\/p>\n","protected":false},"excerpt":{"rendered":"<p>La secretar\u00eda General del Gobierno design\u00f3 a Leonardo Pablo Simoncini, con car\u00e1cter transitorio, a partir del 28 de marzo de 2018, y por el t\u00e9rmino de 180 d\u00edas, en el cargo de Director de la Residencia Presidencial de Chapadmalal. La decisi\u00f3n fue oficializada hoy mediante el Bolet\u00edn Oficial, por Decreto 1102\/2018. Seg\u00fan la normativa, el [&hellip;]<\/p>\n","protected":false},"author":1,"featured_media":20268,"comment_status":"open","ping_status":"closed","sticky":false,"template":"","format":"standard","meta":{"footnotes":""},"categories":[1],"tags":[],"class_list":{"0":"post-20267","1":"post","2":"type-post","3":"status-publish","4":"format-standard","5":"has-post-thumbnail","7":"category-portada"},"yoast_head":"<!-- This site is optimized with the Yoast SEO plugin v27.4 - https:\/\/yoast.com\/product\/yoast-seo-wordpress\/ -->\n<title>Oficializan la designaci\u00f3n del nuevo director de la quinta presidencial en Chapadmalal - El Diario de Tucuman<\/title>\n<meta name=\"robots\" content=\"index, follow, max-snippet:-1, max-image-preview:large, max-video-preview:-1\" \/>\n<link rel=\"canonical\" href=\"https:\/\/www.eldiariodetucuman.com\/web\/oficializan-la-designacion-del-nuevo-director-de-la-quinta-presidencial-en-chapadmalal\/\" \/>\n<meta property=\"og:locale\" content=\"es_ES\" \/>\n<meta property=\"og:type\" content=\"article\" \/>\n<meta property=\"og:title\" content=\"Oficializan la designaci\u00f3n del nuevo director de la quinta presidencial en Chapadmalal - El Diario de Tucuman\" \/>\n<meta property=\"og:description\" content=\"La secretar\u00eda General del Gobierno design\u00f3 a Leonardo Pablo Simoncini, con car\u00e1cter transitorio, a partir del 28 de marzo de 2018, y por el t\u00e9rmino de 180 d\u00edas, en el cargo de Director de la Residencia Presidencial de Chapadmalal. La decisi\u00f3n fue oficializada hoy mediante el Bolet\u00edn Oficial, por Decreto 1102\/2018. Seg\u00fan la normativa, el [&hellip;]\" \/>\n<meta property=\"og:url\" content=\"https:\/\/www.eldiariodetucuman.com\/web\/oficializan-la-designacion-del-nuevo-director-de-la-quinta-presidencial-en-chapadmalal\/\" \/>\n<meta property=\"og:site_name\" content=\"El Diario de Tucuman\" \/>\n<meta property=\"article:published_time\" content=\"2018-12-06T14:42:06+00:00\" \/>\n<meta property=\"article:modified_time\" content=\"2018-12-06T14:42:08+00:00\" \/>\n<meta property=\"og:image\" content=\"https:\/\/www.eldiariodetucuman.com\/web\/wp-content\/uploads\/2018\/12\/1e5850d8797afb8037d639a39919431c.jpeg\" \/>\n\t<meta property=\"og:image:width\" content=\"960\" \/>\n\t<meta property=\"og:image:height\" content=\"639\" \/>\n\t<meta property=\"og:image:type\" content=\"image\/jpeg\" \/>\n<meta name=\"author\" content=\"admin\" \/>\n<meta name=\"twitter:card\" content=\"summary_large_image\" \/>\n<meta name=\"twitter:label1\" content=\"Escrito por\" \/>\n\t<meta name=\"twitter:data1\" content=\"admin\" \/>\n\t<meta name=\"twitter:label2\" content=\"Tiempo de lectura\" \/>\n\t<meta name=\"twitter:data2\" content=\"2 minutos\" \/>\n<script type=\"application\/ld+json\" class=\"yoast-schema-graph\">{\"@context\":\"https:\\\/\\\/schema.org\",\"@graph\":[{\"@type\":\"Article\",\"@id\":\"https:\\\/\\\/www.eldiariodetucuman.com\\\/web\\\/oficializan-la-designacion-del-nuevo-director-de-la-quinta-presidencial-en-chapadmalal\\\/#article\",\"isPartOf\":{\"@id\":\"https:\\\/\\\/www.eldiariodetucuman.com\\\/web\\\/oficializan-la-designacion-del-nuevo-director-de-la-quinta-presidencial-en-chapadmalal\\\/\"},\"author\":{\"name\":\"admin\",\"@id\":\"https:\\\/\\\/www.eldiariodetucuman.com\\\/web\\\/#\\\/schema\\\/person\\\/9250197d75ab5483412e19678b121caa\"},\"headline\":\"Oficializan la designaci\u00f3n del nuevo director de la quinta presidencial en Chapadmalal\",\"datePublished\":\"2018-12-06T14:42:06+00:00\",\"dateModified\":\"2018-12-06T14:42:08+00:00\",\"mainEntityOfPage\":{\"@id\":\"https:\\\/\\\/www.eldiariodetucuman.com\\\/web\\\/oficializan-la-designacion-del-nuevo-director-de-la-quinta-presidencial-en-chapadmalal\\\/\"},\"wordCount\":330,\"commentCount\":0,\"publisher\":{\"@id\":\"https:\\\/\\\/www.eldiariodetucuman.com\\\/web\\\/#organization\"},\"image\":{\"@id\":\"https:\\\/\\\/www.eldiariodetucuman.com\\\/web\\\/oficializan-la-designacion-del-nuevo-director-de-la-quinta-presidencial-en-chapadmalal\\\/#primaryimage\"},\"thumbnailUrl\":\"https:\\\/\\\/www.eldiariodetucuman.com\\\/web\\\/wp-content\\\/uploads\\\/2018\\\/12\\\/1e5850d8797afb8037d639a39919431c.jpeg\",\"articleSection\":[\"Portada\"],\"inLanguage\":\"es\",\"potentialAction\":[{\"@type\":\"CommentAction\",\"name\":\"Comment\",\"target\":[\"https:\\\/\\\/www.eldiariodetucuman.com\\\/web\\\/oficializan-la-designacion-del-nuevo-director-de-la-quinta-presidencial-en-chapadmalal\\\/#respond\"]}]},{\"@type\":\"WebPage\",\"@id\":\"https:\\\/\\\/www.eldiariodetucuman.com\\\/web\\\/oficializan-la-designacion-del-nuevo-director-de-la-quinta-presidencial-en-chapadmalal\\\/\",\"url\":\"https:\\\/\\\/www.eldiariodetucuman.com\\\/web\\\/oficializan-la-designacion-del-nuevo-director-de-la-quinta-presidencial-en-chapadmalal\\\/\",\"name\":\"Oficializan la designaci\u00f3n del nuevo director de la quinta presidencial en Chapadmalal - El Diario de Tucuman\",\"isPartOf\":{\"@id\":\"https:\\\/\\\/www.eldiariodetucuman.com\\\/web\\\/#website\"},\"primaryImageOfPage\":{\"@id\":\"https:\\\/\\\/www.eldiariodetucuman.com\\\/web\\\/oficializan-la-designacion-del-nuevo-director-de-la-quinta-presidencial-en-chapadmalal\\\/#primaryimage\"},\"image\":{\"@id\":\"https:\\\/\\\/www.eldiariodetucuman.com\\\/web\\\/oficializan-la-designacion-del-nuevo-director-de-la-quinta-presidencial-en-chapadmalal\\\/#primaryimage\"},\"thumbnailUrl\":\"https:\\\/\\\/www.eldiariodetucuman.com\\\/web\\\/wp-content\\\/uploads\\\/2018\\\/12\\\/1e5850d8797afb8037d639a39919431c.jpeg\",\"datePublished\":\"2018-12-06T14:42:06+00:00\",\"dateModified\":\"2018-12-06T14:42:08+00:00\",\"breadcrumb\":{\"@id\":\"https:\\\/\\\/www.eldiariodetucuman.com\\\/web\\\/oficializan-la-designacion-del-nuevo-director-de-la-quinta-presidencial-en-chapadmalal\\\/#breadcrumb\"},\"inLanguage\":\"es\",\"potentialAction\":[{\"@type\":\"ReadAction\",\"target\":[\"https:\\\/\\\/www.eldiariodetucuman.com\\\/web\\\/oficializan-la-designacion-del-nuevo-director-de-la-quinta-presidencial-en-chapadmalal\\\/\"]}]},{\"@type\":\"ImageObject\",\"inLanguage\":\"es\",\"@id\":\"https:\\\/\\\/www.eldiariodetucuman.com\\\/web\\\/oficializan-la-designacion-del-nuevo-director-de-la-quinta-presidencial-en-chapadmalal\\\/#primaryimage\",\"url\":\"https:\\\/\\\/www.eldiariodetucuman.com\\\/web\\\/wp-content\\\/uploads\\\/2018\\\/12\\\/1e5850d8797afb8037d639a39919431c.jpeg\",\"contentUrl\":\"https:\\\/\\\/www.eldiariodetucuman.com\\\/web\\\/wp-content\\\/uploads\\\/2018\\\/12\\\/1e5850d8797afb8037d639a39919431c.jpeg\",\"width\":960,\"height\":639},{\"@type\":\"BreadcrumbList\",\"@id\":\"https:\\\/\\\/www.eldiariodetucuman.com\\\/web\\\/oficializan-la-designacion-del-nuevo-director-de-la-quinta-presidencial-en-chapadmalal\\\/#breadcrumb\",\"itemListElement\":[{\"@type\":\"ListItem\",\"position\":1,\"name\":\"Portada\",\"item\":\"https:\\\/\\\/www.eldiariodetucuman.com\\\/web\\\/\"},{\"@type\":\"ListItem\",\"position\":2,\"name\":\"Oficializan la designaci\u00f3n del nuevo director de la quinta presidencial en Chapadmalal\"}]},{\"@type\":\"WebSite\",\"@id\":\"https:\\\/\\\/www.eldiariodetucuman.com\\\/web\\\/#website\",\"url\":\"https:\\\/\\\/www.eldiariodetucuman.com\\\/web\\\/\",\"name\":\"El Diario de Tucuman\",\"description\":\"Diario Tucuman - Informaci\u00f3n y noticias\",\"publisher\":{\"@id\":\"https:\\\/\\\/www.eldiariodetucuman.com\\\/web\\\/#organization\"},\"potentialAction\":[{\"@type\":\"SearchAction\",\"target\":{\"@type\":\"EntryPoint\",\"urlTemplate\":\"https:\\\/\\\/www.eldiariodetucuman.com\\\/web\\\/?s={search_term_string}\"},\"query-input\":{\"@type\":\"PropertyValueSpecification\",\"valueRequired\":true,\"valueName\":\"search_term_string\"}}],\"inLanguage\":\"es\"},{\"@type\":\"Organization\",\"@id\":\"https:\\\/\\\/www.eldiariodetucuman.com\\\/web\\\/#organization\",\"name\":\"El Diario de Tucuman\",\"url\":\"https:\\\/\\\/www.eldiariodetucuman.com\\\/web\\\/\",\"logo\":{\"@type\":\"ImageObject\",\"inLanguage\":\"es\",\"@id\":\"https:\\\/\\\/www.eldiariodetucuman.com\\\/web\\\/#\\\/schema\\\/logo\\\/image\\\/\",\"url\":\"http:\\\/\\\/www.eldiariodetucuman.com\\\/web\\\/wp-content\\\/uploads\\\/2017\\\/12\\\/el-diario-de-tucuman.jpg\",\"contentUrl\":\"http:\\\/\\\/www.eldiariodetucuman.com\\\/web\\\/wp-content\\\/uploads\\\/2017\\\/12\\\/el-diario-de-tucuman.jpg\",\"width\":272,\"height\":92,\"caption\":\"El Diario de Tucuman\"},\"image\":{\"@id\":\"https:\\\/\\\/www.eldiariodetucuman.com\\\/web\\\/#\\\/schema\\\/logo\\\/image\\\/\"}},{\"@type\":\"Person\",\"@id\":\"https:\\\/\\\/www.eldiariodetucuman.com\\\/web\\\/#\\\/schema\\\/person\\\/9250197d75ab5483412e19678b121caa\",\"name\":\"admin\",\"image\":{\"@type\":\"ImageObject\",\"inLanguage\":\"es\",\"@id\":\"https:\\\/\\\/secure.gravatar.com\\\/avatar\\\/c44d117c2be811212c22cb481f6b8384b6873de103fbc49e7a03cc58d7dea4ac?s=96&d=mm&r=g\",\"url\":\"https:\\\/\\\/secure.gravatar.com\\\/avatar\\\/c44d117c2be811212c22cb481f6b8384b6873de103fbc49e7a03cc58d7dea4ac?s=96&d=mm&r=g\",\"contentUrl\":\"https:\\\/\\\/secure.gravatar.com\\\/avatar\\\/c44d117c2be811212c22cb481f6b8384b6873de103fbc49e7a03cc58d7dea4ac?s=96&d=mm&r=g\",\"caption\":\"admin\"},\"url\":\"https:\\\/\\\/www.eldiariodetucuman.com\\\/web\\\/author\\\/admin\\\/\"}]}<\/script>\n<!-- \/ Yoast SEO plugin. -->","yoast_head_json":{"title":"Oficializan la designaci\u00f3n del nuevo director de la quinta presidencial en Chapadmalal - El Diario de Tucuman","robots":{"index":"index","follow":"follow","max-snippet":"max-snippet:-1","max-image-preview":"max-image-preview:large","max-video-preview":"max-video-preview:-1"},"canonical":"https:\/\/www.eldiariodetucuman.com\/web\/oficializan-la-designacion-del-nuevo-director-de-la-quinta-presidencial-en-chapadmalal\/","og_locale":"es_ES","og_type":"article","og_title":"Oficializan la designaci\u00f3n del nuevo director de la quinta presidencial en Chapadmalal - El Diario de Tucuman","og_description":"La secretar\u00eda General del Gobierno design\u00f3 a Leonardo Pablo Simoncini, con car\u00e1cter transitorio, a partir del 28 de marzo de 2018, y por el t\u00e9rmino de 180 d\u00edas, en el cargo de Director de la Residencia Presidencial de Chapadmalal. La decisi\u00f3n fue oficializada hoy mediante el Bolet\u00edn Oficial, por Decreto 1102\/2018. Seg\u00fan la normativa, el [&hellip;]","og_url":"https:\/\/www.eldiariodetucuman.com\/web\/oficializan-la-designacion-del-nuevo-director-de-la-quinta-presidencial-en-chapadmalal\/","og_site_name":"El Diario de Tucuman","article_published_time":"2018-12-06T14:42:06+00:00","article_modified_time":"2018-12-06T14:42:08+00:00","og_image":[{"width":960,"height":639,"url":"https:\/\/www.eldiariodetucuman.com\/web\/wp-content\/uploads\/2018\/12\/1e5850d8797afb8037d639a39919431c.jpeg","type":"image\/jpeg"}],"author":"admin","twitter_card":"summary_large_image","twitter_misc":{"Escrito por":"admin","Tiempo de lectura":"2 minutos"},"schema":{"@context":"https:\/\/schema.org","@graph":[{"@type":"Article","@id":"https:\/\/www.eldiariodetucuman.com\/web\/oficializan-la-designacion-del-nuevo-director-de-la-quinta-presidencial-en-chapadmalal\/#article","isPartOf":{"@id":"https:\/\/www.eldiariodetucuman.com\/web\/oficializan-la-designacion-del-nuevo-director-de-la-quinta-presidencial-en-chapadmalal\/"},"author":{"name":"admin","@id":"https:\/\/www.eldiariodetucuman.com\/web\/#\/schema\/person\/9250197d75ab5483412e19678b121caa"},"headline":"Oficializan la designaci\u00f3n del nuevo director de la quinta presidencial en Chapadmalal","datePublished":"2018-12-06T14:42:06+00:00","dateModified":"2018-12-06T14:42:08+00:00","mainEntityOfPage":{"@id":"https:\/\/www.eldiariodetucuman.com\/web\/oficializan-la-designacion-del-nuevo-director-de-la-quinta-presidencial-en-chapadmalal\/"},"wordCount":330,"commentCount":0,"publisher":{"@id":"https:\/\/www.eldiariodetucuman.com\/web\/#organization"},"image":{"@id":"https:\/\/www.eldiariodetucuman.com\/web\/oficializan-la-designacion-del-nuevo-director-de-la-quinta-presidencial-en-chapadmalal\/#primaryimage"},"thumbnailUrl":"https:\/\/www.eldiariodetucuman.com\/web\/wp-content\/uploads\/2018\/12\/1e5850d8797afb8037d639a39919431c.jpeg","articleSection":["Portada"],"inLanguage":"es","potentialAction":[{"@type":"CommentAction","name":"Comment","target":["https:\/\/www.eldiariodetucuman.com\/web\/oficializan-la-designacion-del-nuevo-director-de-la-quinta-presidencial-en-chapadmalal\/#respond"]}]},{"@type":"WebPage","@id":"https:\/\/www.eldiariodetucuman.com\/web\/oficializan-la-designacion-del-nuevo-director-de-la-quinta-presidencial-en-chapadmalal\/","url":"https:\/\/www.eldiariodetucuman.com\/web\/oficializan-la-designacion-del-nuevo-director-de-la-quinta-presidencial-en-chapadmalal\/","name":"Oficializan la designaci\u00f3n del nuevo director de la quinta presidencial en Chapadmalal - El Diario de Tucuman","isPartOf":{"@id":"https:\/\/www.eldiariodetucuman.com\/web\/#website"},"primaryImageOfPage":{"@id":"https:\/\/www.eldiariodetucuman.com\/web\/oficializan-la-designacion-del-nuevo-director-de-la-quinta-presidencial-en-chapadmalal\/#primaryimage"},"image":{"@id":"https:\/\/www.eldiariodetucuman.com\/web\/oficializan-la-designacion-del-nuevo-director-de-la-quinta-presidencial-en-chapadmalal\/#primaryimage"},"thumbnailUrl":"https:\/\/www.eldiariodetucuman.com\/web\/wp-content\/uploads\/2018\/12\/1e5850d8797afb8037d639a39919431c.jpeg","datePublished":"2018-12-06T14:42:06+00:00","dateModified":"2018-12-06T14:42:08+00:00","breadcrumb":{"@id":"https:\/\/www.eldiariodetucuman.com\/web\/oficializan-la-designacion-del-nuevo-director-de-la-quinta-presidencial-en-chapadmalal\/#breadcrumb"},"inLanguage":"es","potentialAction":[{"@type":"ReadAction","target":["https:\/\/www.eldiariodetucuman.com\/web\/oficializan-la-designacion-del-nuevo-director-de-la-quinta-presidencial-en-chapadmalal\/"]}]},{"@type":"ImageObject","inLanguage":"es","@id":"https:\/\/www.eldiariodetucuman.com\/web\/oficializan-la-designacion-del-nuevo-director-de-la-quinta-presidencial-en-chapadmalal\/#primaryimage","url":"https:\/\/www.eldiariodetucuman.com\/web\/wp-content\/uploads\/2018\/12\/1e5850d8797afb8037d639a39919431c.jpeg","contentUrl":"https:\/\/www.eldiariodetucuman.com\/web\/wp-content\/uploads\/2018\/12\/1e5850d8797afb8037d639a39919431c.jpeg","width":960,"height":639},{"@type":"BreadcrumbList","@id":"https:\/\/www.eldiariodetucuman.com\/web\/oficializan-la-designacion-del-nuevo-director-de-la-quinta-presidencial-en-chapadmalal\/#breadcrumb","itemListElement":[{"@type":"ListItem","position":1,"name":"Portada","item":"https:\/\/www.eldiariodetucuman.com\/web\/"},{"@type":"ListItem","position":2,"name":"Oficializan la designaci\u00f3n del nuevo director de la quinta presidencial en Chapadmalal"}]},{"@type":"WebSite","@id":"https:\/\/www.eldiariodetucuman.com\/web\/#website","url":"https:\/\/www.eldiariodetucuman.com\/web\/","name":"El Diario de Tucuman","description":"Diario Tucuman - Informaci\u00f3n y noticias","publisher":{"@id":"https:\/\/www.eldiariodetucuman.com\/web\/#organization"},"potentialAction":[{"@type":"SearchAction","target":{"@type":"EntryPoint","urlTemplate":"https:\/\/www.eldiariodetucuman.com\/web\/?s={search_term_string}"},"query-input":{"@type":"PropertyValueSpecification","valueRequired":true,"valueName":"search_term_string"}}],"inLanguage":"es"},{"@type":"Organization","@id":"https:\/\/www.eldiariodetucuman.com\/web\/#organization","name":"El Diario de Tucuman","url":"https:\/\/www.eldiariodetucuman.com\/web\/","logo":{"@type":"ImageObject","inLanguage":"es","@id":"https:\/\/www.eldiariodetucuman.com\/web\/#\/schema\/logo\/image\/","url":"http:\/\/www.eldiariodetucuman.com\/web\/wp-content\/uploads\/2017\/12\/el-diario-de-tucuman.jpg","contentUrl":"http:\/\/www.eldiariodetucuman.com\/web\/wp-content\/uploads\/2017\/12\/el-diario-de-tucuman.jpg","width":272,"height":92,"caption":"El Diario de Tucuman"},"image":{"@id":"https:\/\/www.eldiariodetucuman.com\/web\/#\/schema\/logo\/image\/"}},{"@type":"Person","@id":"https:\/\/www.eldiariodetucuman.com\/web\/#\/schema\/person\/9250197d75ab5483412e19678b121caa","name":"admin","image":{"@type":"ImageObject","inLanguage":"es","@id":"https:\/\/secure.gravatar.com\/avatar\/c44d117c2be811212c22cb481f6b8384b6873de103fbc49e7a03cc58d7dea4ac?s=96&d=mm&r=g","url":"https:\/\/secure.gravatar.com\/avatar\/c44d117c2be811212c22cb481f6b8384b6873de103fbc49e7a03cc58d7dea4ac?s=96&d=mm&r=g","contentUrl":"https:\/\/secure.gravatar.com\/avatar\/c44d117c2be811212c22cb481f6b8384b6873de103fbc49e7a03cc58d7dea4ac?s=96&d=mm&r=g","caption":"admin"},"url":"https:\/\/www.eldiariodetucuman.com\/web\/author\/admin\/"}]}},"_links":{"self":[{"href":"https:\/\/www.eldiariodetucuman.com\/web\/wp-json\/wp\/v2\/posts\/20267","targetHints":{"allow":["GET"]}}],"collection":[{"href":"https:\/\/www.eldiariodetucuman.com\/web\/wp-json\/wp\/v2\/posts"}],"about":[{"href":"https:\/\/www.eldiariodetucuman.com\/web\/wp-json\/wp\/v2\/types\/post"}],"author":[{"embeddable":true,"href":"https:\/\/www.eldiariodetucuman.com\/web\/wp-json\/wp\/v2\/users\/1"}],"replies":[{"embeddable":true,"href":"https:\/\/www.eldiariodetucuman.com\/web\/wp-json\/wp\/v2\/comments?post=20267"}],"version-history":[{"count":1,"href":"https:\/\/www.eldiariodetucuman.com\/web\/wp-json\/wp\/v2\/posts\/20267\/revisions"}],"predecessor-version":[{"id":20269,"href":"https:\/\/www.eldiariodetucuman.com\/web\/wp-json\/wp\/v2\/posts\/20267\/revisions\/20269"}],"wp:featuredmedia":[{"embeddable":true,"href":"https:\/\/www.eldiariodetucuman.com\/web\/wp-json\/wp\/v2\/media\/20268"}],"wp:attachment":[{"href":"https:\/\/www.eldiariodetucuman.com\/web\/wp-json\/wp\/v2\/media?parent=20267"}],"wp:term":[{"taxonomy":"category","embeddable":true,"href":"https:\/\/www.eldiariodetucuman.com\/web\/wp-json\/wp\/v2\/categories?post=20267"},{"taxonomy":"post_tag","embeddable":true,"href":"https:\/\/www.eldiariodetucuman.com\/web\/wp-json\/wp\/v2\/tags?post=20267"}],"curies":[{"name":"wp","href":"https:\/\/api.w.org\/{rel}","templated":true}]}}