{"id":20264,"date":"2018-12-06T11:41:56","date_gmt":"2018-12-06T14:41:56","guid":{"rendered":"http:\/\/www.eldiariodetucuman.com\/web\/pidieron-llamar-a-indagatoria-a-ernesto-clarens-por-lavado-de-dinero\/"},"modified":"2018-12-06T11:41:58","modified_gmt":"2018-12-06T14:41:58","slug":"pidieron-llamar-a-indagatoria-a-ernesto-clarens-por-lavado-de-dinero","status":"publish","type":"post","link":"https:\/\/www.eldiariodetucuman.com\/web\/pidieron-llamar-a-indagatoria-a-ernesto-clarens-por-lavado-de-dinero\/","title":{"rendered":"Pidieron llamar a indagatoria a Ernesto Clarens por lavado de dinero"},"content":{"rendered":"<div>\n<div readability=\"85.347743648085\">\n<p>El financista de los Kirchner, <a href=\"https:\/\/www.elintransigente.com\/noticias\/buscar\/?buscar=clarens\">Ernesto Clarens<\/a>,<strong> <\/strong>qued\u00f3 a un paso de una<strong> nueva indagatoria,<\/strong> junto con una veintena de personas, por <a href=\"https:\/\/www.elintransigente.com\/noticias\/buscar\/?buscar=lavado+de+dinero\">lavar<\/a><strong> m\u00e1s de 500 millones de pesos <\/strong>derivados de la<strong> obra p\u00fablica<\/strong>, por la que la ex presidenta Cristina Kirchner, el ex ministro Julio De Vido, el ex secretario Jos\u00e9 L\u00f3pez y L\u00e1zaro B\u00e1ez enfrentar\u00e1n juicio en febrero.<\/p>\n<p>El fiscal\u00a0federal Gerardo Pollicita, quien lleva adelante la investigaci\u00f3n por la asociaci\u00f3n il\u00edcita que radic\u00f3 la diputada Elisa Carri\u00f3 en 2008, pidi\u00f3 hoy las indagatorias de Clarens, los due\u00f1os de la familia Gotti y otros por lavado de dinero.\u00a0Adem\u00e1s, pidi\u00f3 la inhibici\u00f3n de una docena de empresas, encabezadas por Austral Construcciones y Gotti SA, ligadas a L\u00e1zaro B\u00e1ez, y de Invernes SA, del financista Clarens.<\/p>\n<p>\u00abSe ha podido corroborar una nueva operatoria criminal por medio de la cual la asociaci\u00f3n il\u00edcita ya investigada despleg\u00f3 un proyecto delictivo<strong>,<\/strong> bajo la conducci\u00f3n de L\u00e1zaro Antonio B\u00e1ez y Ernesto Clarens, consistente en la realizaci\u00f3n de un conjunto de maniobras sobre una porci\u00f3n importante de los fondos sustra\u00eddos al Estado Nacional a trav\u00e9s del fraude en la obra p\u00fablica\u00bb, explic\u00f3 el fiscal en el expediente, al que tuvo acceso Infobae.<\/p>\n<p>La maniobra consist\u00eda en &#8220;un mecanismo de reciclaje basado en la ficci\u00f3n de costos inexistentes, con el objetivo de dar a dichos fondos apariencia de licitud, alej\u00e1ndolos de su origen espurio y convirti\u00e9ndolos en efectivo, lo que obstruy\u00f3 para siempre su seguimiento\u00bb. Tal hecho delictivo habr\u00eda dado como resultado un total de<strong> 502 millones de pesos, <\/strong>equivalentes a <strong>160 millones de d\u00f3lares<\/strong> aproximadamente, a la cotizaci\u00f3n oficial de entonces.<\/p>\n<p>Seg\u00fan se pudo establecer, una vez que el dinero pasaba del Estado Nacional hacia Santa Cruz \u00a0aparec\u00edan las empresas contratistas del Grupo B\u00e1ez que, con una sucesivas intermediaciones comerciales y financieras, carentes de prop\u00f3sito comercial real, le permitiese adquirir el dinero que, inmediatamente, se convirti\u00f3 en efectivo sin que fuera f\u00e1cil detectar su origen, sostuvo el fiscal.<\/p>\n<p>Junto con Clarens, procesado y arrepentido en la causa de los cuadernos K, tambi\u00e9n se llam\u00f3 a indagatoria a C\u00e9sar Gerardo ANDR\u00c9S, Sergio Leonardo GOTTI, Fausto GOTTI, Fabiana del Valle GOTTI, Carlos Alberto DI GIANNI, Graciela Elsa ANCARANI, Rafael MERLINI, Andrea CANT\u00cdN, Guido Santiago BLONDEAU, Mart\u00edn Samuel JACOBS, Carlos Adri\u00e1n CALVO L\u00d3PEZ, Emilio Carlos MART\u00cdN, F\u00e9lix Roberto DI PERNA, Armando ULLED, Andr\u00e9s KECHICHIAN H\u00e9ctor Daniel DOLDI, Mar\u00eda Julia CIS, Mar\u00eda CESTNIK, Oscar CHELI, Fernando E. RIVAS y H\u00e9ctor An\u00edbal CELANO.<\/p>\n<p>\u00a0<\/p>\n<\/div>\n<\/div>\n<p>Fuente: https:\/\/www.elintransigente.com\/politica\/2018\/12\/6\/pidieron-llamar-indagatoria-ernesto-clarens-por-lavado-de-dinero-527871.html<\/p>\n","protected":false},"excerpt":{"rendered":"<p>El financista de los Kirchner, Ernesto Clarens, qued\u00f3 a un paso de una nueva indagatoria, junto con una veintena de personas, por lavar m\u00e1s de 500 millones de pesos derivados de la obra p\u00fablica, por la que la ex presidenta Cristina Kirchner, el ex ministro Julio De Vido, el ex secretario Jos\u00e9 L\u00f3pez y L\u00e1zaro [&hellip;]<\/p>\n","protected":false},"author":1,"featured_media":20265,"comment_status":"open","ping_status":"closed","sticky":false,"template":"","format":"standard","meta":{"footnotes":""},"categories":[1],"tags":[],"class_list":{"0":"post-20264","1":"post","2":"type-post","3":"status-publish","4":"format-standard","5":"has-post-thumbnail","7":"category-portada"},"yoast_head":"<!-- This site is optimized with the Yoast SEO plugin v27.4 - https:\/\/yoast.com\/product\/yoast-seo-wordpress\/ -->\n<title>Pidieron llamar a indagatoria a Ernesto Clarens por lavado de dinero - El Diario de Tucuman<\/title>\n<meta name=\"robots\" content=\"index, follow, max-snippet:-1, max-image-preview:large, max-video-preview:-1\" \/>\n<link rel=\"canonical\" href=\"https:\/\/www.eldiariodetucuman.com\/web\/pidieron-llamar-a-indagatoria-a-ernesto-clarens-por-lavado-de-dinero\/\" \/>\n<meta property=\"og:locale\" content=\"es_ES\" \/>\n<meta property=\"og:type\" content=\"article\" \/>\n<meta property=\"og:title\" content=\"Pidieron llamar a indagatoria a Ernesto Clarens por lavado de dinero - El Diario de Tucuman\" \/>\n<meta property=\"og:description\" content=\"El financista de los Kirchner, Ernesto Clarens, qued\u00f3 a un paso de una nueva indagatoria, junto con una veintena de personas, por lavar m\u00e1s de 500 millones de pesos derivados de la obra p\u00fablica, por la que la ex presidenta Cristina Kirchner, el ex ministro Julio De Vido, el ex secretario Jos\u00e9 L\u00f3pez y L\u00e1zaro [&hellip;]\" \/>\n<meta property=\"og:url\" content=\"https:\/\/www.eldiariodetucuman.com\/web\/pidieron-llamar-a-indagatoria-a-ernesto-clarens-por-lavado-de-dinero\/\" \/>\n<meta property=\"og:site_name\" content=\"El Diario de Tucuman\" \/>\n<meta property=\"article:published_time\" content=\"2018-12-06T14:41:56+00:00\" \/>\n<meta property=\"article:modified_time\" content=\"2018-12-06T14:41:58+00:00\" \/>\n<meta property=\"og:image\" content=\"https:\/\/www.eldiariodetucuman.com\/web\/wp-content\/uploads\/2018\/12\/a1a8ca54e91d4d26073260beb02c620f.jpeg\" \/>\n\t<meta property=\"og:image:width\" content=\"960\" \/>\n\t<meta property=\"og:image:height\" content=\"539\" \/>\n\t<meta property=\"og:image:type\" content=\"image\/jpeg\" \/>\n<meta name=\"author\" content=\"admin\" \/>\n<meta name=\"twitter:card\" content=\"summary_large_image\" \/>\n<meta name=\"twitter:label1\" content=\"Escrito por\" \/>\n\t<meta name=\"twitter:data1\" content=\"admin\" \/>\n\t<meta name=\"twitter:label2\" content=\"Tiempo de lectura\" \/>\n\t<meta name=\"twitter:data2\" content=\"2 minutos\" \/>\n<script type=\"application\/ld+json\" class=\"yoast-schema-graph\">{\"@context\":\"https:\\\/\\\/schema.org\",\"@graph\":[{\"@type\":\"Article\",\"@id\":\"https:\\\/\\\/www.eldiariodetucuman.com\\\/web\\\/pidieron-llamar-a-indagatoria-a-ernesto-clarens-por-lavado-de-dinero\\\/#article\",\"isPartOf\":{\"@id\":\"https:\\\/\\\/www.eldiariodetucuman.com\\\/web\\\/pidieron-llamar-a-indagatoria-a-ernesto-clarens-por-lavado-de-dinero\\\/\"},\"author\":{\"name\":\"admin\",\"@id\":\"https:\\\/\\\/www.eldiariodetucuman.com\\\/web\\\/#\\\/schema\\\/person\\\/9250197d75ab5483412e19678b121caa\"},\"headline\":\"Pidieron llamar a indagatoria a Ernesto Clarens por lavado de dinero\",\"datePublished\":\"2018-12-06T14:41:56+00:00\",\"dateModified\":\"2018-12-06T14:41:58+00:00\",\"mainEntityOfPage\":{\"@id\":\"https:\\\/\\\/www.eldiariodetucuman.com\\\/web\\\/pidieron-llamar-a-indagatoria-a-ernesto-clarens-por-lavado-de-dinero\\\/\"},\"wordCount\":470,\"commentCount\":0,\"publisher\":{\"@id\":\"https:\\\/\\\/www.eldiariodetucuman.com\\\/web\\\/#organization\"},\"image\":{\"@id\":\"https:\\\/\\\/www.eldiariodetucuman.com\\\/web\\\/pidieron-llamar-a-indagatoria-a-ernesto-clarens-por-lavado-de-dinero\\\/#primaryimage\"},\"thumbnailUrl\":\"https:\\\/\\\/www.eldiariodetucuman.com\\\/web\\\/wp-content\\\/uploads\\\/2018\\\/12\\\/a1a8ca54e91d4d26073260beb02c620f.jpeg\",\"articleSection\":[\"Portada\"],\"inLanguage\":\"es\",\"potentialAction\":[{\"@type\":\"CommentAction\",\"name\":\"Comment\",\"target\":[\"https:\\\/\\\/www.eldiariodetucuman.com\\\/web\\\/pidieron-llamar-a-indagatoria-a-ernesto-clarens-por-lavado-de-dinero\\\/#respond\"]}]},{\"@type\":\"WebPage\",\"@id\":\"https:\\\/\\\/www.eldiariodetucuman.com\\\/web\\\/pidieron-llamar-a-indagatoria-a-ernesto-clarens-por-lavado-de-dinero\\\/\",\"url\":\"https:\\\/\\\/www.eldiariodetucuman.com\\\/web\\\/pidieron-llamar-a-indagatoria-a-ernesto-clarens-por-lavado-de-dinero\\\/\",\"name\":\"Pidieron llamar a indagatoria a Ernesto Clarens por lavado de dinero - El Diario de Tucuman\",\"isPartOf\":{\"@id\":\"https:\\\/\\\/www.eldiariodetucuman.com\\\/web\\\/#website\"},\"primaryImageOfPage\":{\"@id\":\"https:\\\/\\\/www.eldiariodetucuman.com\\\/web\\\/pidieron-llamar-a-indagatoria-a-ernesto-clarens-por-lavado-de-dinero\\\/#primaryimage\"},\"image\":{\"@id\":\"https:\\\/\\\/www.eldiariodetucuman.com\\\/web\\\/pidieron-llamar-a-indagatoria-a-ernesto-clarens-por-lavado-de-dinero\\\/#primaryimage\"},\"thumbnailUrl\":\"https:\\\/\\\/www.eldiariodetucuman.com\\\/web\\\/wp-content\\\/uploads\\\/2018\\\/12\\\/a1a8ca54e91d4d26073260beb02c620f.jpeg\",\"datePublished\":\"2018-12-06T14:41:56+00:00\",\"dateModified\":\"2018-12-06T14:41:58+00:00\",\"breadcrumb\":{\"@id\":\"https:\\\/\\\/www.eldiariodetucuman.com\\\/web\\\/pidieron-llamar-a-indagatoria-a-ernesto-clarens-por-lavado-de-dinero\\\/#breadcrumb\"},\"inLanguage\":\"es\",\"potentialAction\":[{\"@type\":\"ReadAction\",\"target\":[\"https:\\\/\\\/www.eldiariodetucuman.com\\\/web\\\/pidieron-llamar-a-indagatoria-a-ernesto-clarens-por-lavado-de-dinero\\\/\"]}]},{\"@type\":\"ImageObject\",\"inLanguage\":\"es\",\"@id\":\"https:\\\/\\\/www.eldiariodetucuman.com\\\/web\\\/pidieron-llamar-a-indagatoria-a-ernesto-clarens-por-lavado-de-dinero\\\/#primaryimage\",\"url\":\"https:\\\/\\\/www.eldiariodetucuman.com\\\/web\\\/wp-content\\\/uploads\\\/2018\\\/12\\\/a1a8ca54e91d4d26073260beb02c620f.jpeg\",\"contentUrl\":\"https:\\\/\\\/www.eldiariodetucuman.com\\\/web\\\/wp-content\\\/uploads\\\/2018\\\/12\\\/a1a8ca54e91d4d26073260beb02c620f.jpeg\",\"width\":960,\"height\":539},{\"@type\":\"BreadcrumbList\",\"@id\":\"https:\\\/\\\/www.eldiariodetucuman.com\\\/web\\\/pidieron-llamar-a-indagatoria-a-ernesto-clarens-por-lavado-de-dinero\\\/#breadcrumb\",\"itemListElement\":[{\"@type\":\"ListItem\",\"position\":1,\"name\":\"Portada\",\"item\":\"https:\\\/\\\/www.eldiariodetucuman.com\\\/web\\\/\"},{\"@type\":\"ListItem\",\"position\":2,\"name\":\"Pidieron llamar a indagatoria a Ernesto Clarens por lavado de dinero\"}]},{\"@type\":\"WebSite\",\"@id\":\"https:\\\/\\\/www.eldiariodetucuman.com\\\/web\\\/#website\",\"url\":\"https:\\\/\\\/www.eldiariodetucuman.com\\\/web\\\/\",\"name\":\"El Diario de Tucuman\",\"description\":\"Diario Tucuman - Informaci\u00f3n y noticias\",\"publisher\":{\"@id\":\"https:\\\/\\\/www.eldiariodetucuman.com\\\/web\\\/#organization\"},\"potentialAction\":[{\"@type\":\"SearchAction\",\"target\":{\"@type\":\"EntryPoint\",\"urlTemplate\":\"https:\\\/\\\/www.eldiariodetucuman.com\\\/web\\\/?s={search_term_string}\"},\"query-input\":{\"@type\":\"PropertyValueSpecification\",\"valueRequired\":true,\"valueName\":\"search_term_string\"}}],\"inLanguage\":\"es\"},{\"@type\":\"Organization\",\"@id\":\"https:\\\/\\\/www.eldiariodetucuman.com\\\/web\\\/#organization\",\"name\":\"El Diario de Tucuman\",\"url\":\"https:\\\/\\\/www.eldiariodetucuman.com\\\/web\\\/\",\"logo\":{\"@type\":\"ImageObject\",\"inLanguage\":\"es\",\"@id\":\"https:\\\/\\\/www.eldiariodetucuman.com\\\/web\\\/#\\\/schema\\\/logo\\\/image\\\/\",\"url\":\"http:\\\/\\\/www.eldiariodetucuman.com\\\/web\\\/wp-content\\\/uploads\\\/2017\\\/12\\\/el-diario-de-tucuman.jpg\",\"contentUrl\":\"http:\\\/\\\/www.eldiariodetucuman.com\\\/web\\\/wp-content\\\/uploads\\\/2017\\\/12\\\/el-diario-de-tucuman.jpg\",\"width\":272,\"height\":92,\"caption\":\"El Diario de Tucuman\"},\"image\":{\"@id\":\"https:\\\/\\\/www.eldiariodetucuman.com\\\/web\\\/#\\\/schema\\\/logo\\\/image\\\/\"}},{\"@type\":\"Person\",\"@id\":\"https:\\\/\\\/www.eldiariodetucuman.com\\\/web\\\/#\\\/schema\\\/person\\\/9250197d75ab5483412e19678b121caa\",\"name\":\"admin\",\"image\":{\"@type\":\"ImageObject\",\"inLanguage\":\"es\",\"@id\":\"https:\\\/\\\/secure.gravatar.com\\\/avatar\\\/c44d117c2be811212c22cb481f6b8384b6873de103fbc49e7a03cc58d7dea4ac?s=96&d=mm&r=g\",\"url\":\"https:\\\/\\\/secure.gravatar.com\\\/avatar\\\/c44d117c2be811212c22cb481f6b8384b6873de103fbc49e7a03cc58d7dea4ac?s=96&d=mm&r=g\",\"contentUrl\":\"https:\\\/\\\/secure.gravatar.com\\\/avatar\\\/c44d117c2be811212c22cb481f6b8384b6873de103fbc49e7a03cc58d7dea4ac?s=96&d=mm&r=g\",\"caption\":\"admin\"},\"url\":\"https:\\\/\\\/www.eldiariodetucuman.com\\\/web\\\/author\\\/admin\\\/\"}]}<\/script>\n<!-- \/ Yoast SEO plugin. -->","yoast_head_json":{"title":"Pidieron llamar a indagatoria a Ernesto Clarens por lavado de dinero - El Diario de Tucuman","robots":{"index":"index","follow":"follow","max-snippet":"max-snippet:-1","max-image-preview":"max-image-preview:large","max-video-preview":"max-video-preview:-1"},"canonical":"https:\/\/www.eldiariodetucuman.com\/web\/pidieron-llamar-a-indagatoria-a-ernesto-clarens-por-lavado-de-dinero\/","og_locale":"es_ES","og_type":"article","og_title":"Pidieron llamar a indagatoria a Ernesto Clarens por lavado de dinero - El Diario de Tucuman","og_description":"El financista de los Kirchner, Ernesto Clarens, qued\u00f3 a un paso de una nueva indagatoria, junto con una veintena de personas, por lavar m\u00e1s de 500 millones de pesos derivados de la obra p\u00fablica, por la que la ex presidenta Cristina Kirchner, el ex ministro Julio De Vido, el ex secretario Jos\u00e9 L\u00f3pez y L\u00e1zaro [&hellip;]","og_url":"https:\/\/www.eldiariodetucuman.com\/web\/pidieron-llamar-a-indagatoria-a-ernesto-clarens-por-lavado-de-dinero\/","og_site_name":"El Diario de Tucuman","article_published_time":"2018-12-06T14:41:56+00:00","article_modified_time":"2018-12-06T14:41:58+00:00","og_image":[{"width":960,"height":539,"url":"https:\/\/www.eldiariodetucuman.com\/web\/wp-content\/uploads\/2018\/12\/a1a8ca54e91d4d26073260beb02c620f.jpeg","type":"image\/jpeg"}],"author":"admin","twitter_card":"summary_large_image","twitter_misc":{"Escrito por":"admin","Tiempo de lectura":"2 minutos"},"schema":{"@context":"https:\/\/schema.org","@graph":[{"@type":"Article","@id":"https:\/\/www.eldiariodetucuman.com\/web\/pidieron-llamar-a-indagatoria-a-ernesto-clarens-por-lavado-de-dinero\/#article","isPartOf":{"@id":"https:\/\/www.eldiariodetucuman.com\/web\/pidieron-llamar-a-indagatoria-a-ernesto-clarens-por-lavado-de-dinero\/"},"author":{"name":"admin","@id":"https:\/\/www.eldiariodetucuman.com\/web\/#\/schema\/person\/9250197d75ab5483412e19678b121caa"},"headline":"Pidieron llamar a indagatoria a Ernesto Clarens por lavado de dinero","datePublished":"2018-12-06T14:41:56+00:00","dateModified":"2018-12-06T14:41:58+00:00","mainEntityOfPage":{"@id":"https:\/\/www.eldiariodetucuman.com\/web\/pidieron-llamar-a-indagatoria-a-ernesto-clarens-por-lavado-de-dinero\/"},"wordCount":470,"commentCount":0,"publisher":{"@id":"https:\/\/www.eldiariodetucuman.com\/web\/#organization"},"image":{"@id":"https:\/\/www.eldiariodetucuman.com\/web\/pidieron-llamar-a-indagatoria-a-ernesto-clarens-por-lavado-de-dinero\/#primaryimage"},"thumbnailUrl":"https:\/\/www.eldiariodetucuman.com\/web\/wp-content\/uploads\/2018\/12\/a1a8ca54e91d4d26073260beb02c620f.jpeg","articleSection":["Portada"],"inLanguage":"es","potentialAction":[{"@type":"CommentAction","name":"Comment","target":["https:\/\/www.eldiariodetucuman.com\/web\/pidieron-llamar-a-indagatoria-a-ernesto-clarens-por-lavado-de-dinero\/#respond"]}]},{"@type":"WebPage","@id":"https:\/\/www.eldiariodetucuman.com\/web\/pidieron-llamar-a-indagatoria-a-ernesto-clarens-por-lavado-de-dinero\/","url":"https:\/\/www.eldiariodetucuman.com\/web\/pidieron-llamar-a-indagatoria-a-ernesto-clarens-por-lavado-de-dinero\/","name":"Pidieron llamar a indagatoria a Ernesto Clarens por lavado de dinero - El Diario de Tucuman","isPartOf":{"@id":"https:\/\/www.eldiariodetucuman.com\/web\/#website"},"primaryImageOfPage":{"@id":"https:\/\/www.eldiariodetucuman.com\/web\/pidieron-llamar-a-indagatoria-a-ernesto-clarens-por-lavado-de-dinero\/#primaryimage"},"image":{"@id":"https:\/\/www.eldiariodetucuman.com\/web\/pidieron-llamar-a-indagatoria-a-ernesto-clarens-por-lavado-de-dinero\/#primaryimage"},"thumbnailUrl":"https:\/\/www.eldiariodetucuman.com\/web\/wp-content\/uploads\/2018\/12\/a1a8ca54e91d4d26073260beb02c620f.jpeg","datePublished":"2018-12-06T14:41:56+00:00","dateModified":"2018-12-06T14:41:58+00:00","breadcrumb":{"@id":"https:\/\/www.eldiariodetucuman.com\/web\/pidieron-llamar-a-indagatoria-a-ernesto-clarens-por-lavado-de-dinero\/#breadcrumb"},"inLanguage":"es","potentialAction":[{"@type":"ReadAction","target":["https:\/\/www.eldiariodetucuman.com\/web\/pidieron-llamar-a-indagatoria-a-ernesto-clarens-por-lavado-de-dinero\/"]}]},{"@type":"ImageObject","inLanguage":"es","@id":"https:\/\/www.eldiariodetucuman.com\/web\/pidieron-llamar-a-indagatoria-a-ernesto-clarens-por-lavado-de-dinero\/#primaryimage","url":"https:\/\/www.eldiariodetucuman.com\/web\/wp-content\/uploads\/2018\/12\/a1a8ca54e91d4d26073260beb02c620f.jpeg","contentUrl":"https:\/\/www.eldiariodetucuman.com\/web\/wp-content\/uploads\/2018\/12\/a1a8ca54e91d4d26073260beb02c620f.jpeg","width":960,"height":539},{"@type":"BreadcrumbList","@id":"https:\/\/www.eldiariodetucuman.com\/web\/pidieron-llamar-a-indagatoria-a-ernesto-clarens-por-lavado-de-dinero\/#breadcrumb","itemListElement":[{"@type":"ListItem","position":1,"name":"Portada","item":"https:\/\/www.eldiariodetucuman.com\/web\/"},{"@type":"ListItem","position":2,"name":"Pidieron llamar a indagatoria a Ernesto Clarens por lavado de dinero"}]},{"@type":"WebSite","@id":"https:\/\/www.eldiariodetucuman.com\/web\/#website","url":"https:\/\/www.eldiariodetucuman.com\/web\/","name":"El Diario de Tucuman","description":"Diario Tucuman - Informaci\u00f3n y noticias","publisher":{"@id":"https:\/\/www.eldiariodetucuman.com\/web\/#organization"},"potentialAction":[{"@type":"SearchAction","target":{"@type":"EntryPoint","urlTemplate":"https:\/\/www.eldiariodetucuman.com\/web\/?s={search_term_string}"},"query-input":{"@type":"PropertyValueSpecification","valueRequired":true,"valueName":"search_term_string"}}],"inLanguage":"es"},{"@type":"Organization","@id":"https:\/\/www.eldiariodetucuman.com\/web\/#organization","name":"El Diario de Tucuman","url":"https:\/\/www.eldiariodetucuman.com\/web\/","logo":{"@type":"ImageObject","inLanguage":"es","@id":"https:\/\/www.eldiariodetucuman.com\/web\/#\/schema\/logo\/image\/","url":"http:\/\/www.eldiariodetucuman.com\/web\/wp-content\/uploads\/2017\/12\/el-diario-de-tucuman.jpg","contentUrl":"http:\/\/www.eldiariodetucuman.com\/web\/wp-content\/uploads\/2017\/12\/el-diario-de-tucuman.jpg","width":272,"height":92,"caption":"El Diario de Tucuman"},"image":{"@id":"https:\/\/www.eldiariodetucuman.com\/web\/#\/schema\/logo\/image\/"}},{"@type":"Person","@id":"https:\/\/www.eldiariodetucuman.com\/web\/#\/schema\/person\/9250197d75ab5483412e19678b121caa","name":"admin","image":{"@type":"ImageObject","inLanguage":"es","@id":"https:\/\/secure.gravatar.com\/avatar\/c44d117c2be811212c22cb481f6b8384b6873de103fbc49e7a03cc58d7dea4ac?s=96&d=mm&r=g","url":"https:\/\/secure.gravatar.com\/avatar\/c44d117c2be811212c22cb481f6b8384b6873de103fbc49e7a03cc58d7dea4ac?s=96&d=mm&r=g","contentUrl":"https:\/\/secure.gravatar.com\/avatar\/c44d117c2be811212c22cb481f6b8384b6873de103fbc49e7a03cc58d7dea4ac?s=96&d=mm&r=g","caption":"admin"},"url":"https:\/\/www.eldiariodetucuman.com\/web\/author\/admin\/"}]}},"_links":{"self":[{"href":"https:\/\/www.eldiariodetucuman.com\/web\/wp-json\/wp\/v2\/posts\/20264","targetHints":{"allow":["GET"]}}],"collection":[{"href":"https:\/\/www.eldiariodetucuman.com\/web\/wp-json\/wp\/v2\/posts"}],"about":[{"href":"https:\/\/www.eldiariodetucuman.com\/web\/wp-json\/wp\/v2\/types\/post"}],"author":[{"embeddable":true,"href":"https:\/\/www.eldiariodetucuman.com\/web\/wp-json\/wp\/v2\/users\/1"}],"replies":[{"embeddable":true,"href":"https:\/\/www.eldiariodetucuman.com\/web\/wp-json\/wp\/v2\/comments?post=20264"}],"version-history":[{"count":1,"href":"https:\/\/www.eldiariodetucuman.com\/web\/wp-json\/wp\/v2\/posts\/20264\/revisions"}],"predecessor-version":[{"id":20266,"href":"https:\/\/www.eldiariodetucuman.com\/web\/wp-json\/wp\/v2\/posts\/20264\/revisions\/20266"}],"wp:featuredmedia":[{"embeddable":true,"href":"https:\/\/www.eldiariodetucuman.com\/web\/wp-json\/wp\/v2\/media\/20265"}],"wp:attachment":[{"href":"https:\/\/www.eldiariodetucuman.com\/web\/wp-json\/wp\/v2\/media?parent=20264"}],"wp:term":[{"taxonomy":"category","embeddable":true,"href":"https:\/\/www.eldiariodetucuman.com\/web\/wp-json\/wp\/v2\/categories?post=20264"},{"taxonomy":"post_tag","embeddable":true,"href":"https:\/\/www.eldiariodetucuman.com\/web\/wp-json\/wp\/v2\/tags?post=20264"}],"curies":[{"name":"wp","href":"https:\/\/api.w.org\/{rel}","templated":true}]}}