{"id":20255,"date":"2018-12-05T12:50:32","date_gmt":"2018-12-05T15:50:32","guid":{"rendered":"http:\/\/www.eldiariodetucuman.com\/web\/sicarios-intentaron-asesinar-a-politico-y-terminaron-matando-a-la-suegra\/"},"modified":"2018-12-05T12:50:32","modified_gmt":"2018-12-05T15:50:32","slug":"sicarios-intentaron-asesinar-a-politico-y-terminaron-matando-a-la-suegra","status":"publish","type":"post","link":"https:\/\/www.eldiariodetucuman.com\/web\/sicarios-intentaron-asesinar-a-politico-y-terminaron-matando-a-la-suegra\/","title":{"rendered":"Sicarios intentaron asesinar a pol\u00edtico y terminaron matando a la suegra"},"content":{"rendered":"<div>\n<div itemprop=\"articleBody\" readability=\"70.60900716479\">\n<p>Una verdadera situaci\u00f3n de p\u00e1nico se vivi\u00f3 durante una\u00a0actividad de terapia neural\u00a0en el centro de Cartago,   <a href=\"https:\/\/www.cronica.com.ar\/tags\/Colombia\">Colombia<\/a>, cuando dos sicarios comenzaron a disparar contra el precandidato a alcalde\u00a0<strong>Hugo Eduardo Cede\u00f1o<\/strong>.<\/p>\n<p>Sin embargo, no pudieron lograr su cometido y como saldo resultaron dos personas muertas y cinco heridos. En el video se pueden o\u00edr los desgarradores gritos de una mujer que llora la muerte de un allegado.<\/p>\n<p>Sucedi\u00f3 el s\u00e1bado pasado cuando los sicarios armados con fusiles llegaron al parque\u00a0La Isleta donde realizaban una actividad al aire libre con m\u00e1s de 100 personas incluyendo la comisi\u00f3n del pol\u00edtico.<br \/>\u00a0<\/p>\n<div>\n<figure class=\"image\"><img decoding=\"async\" alt=\"\" data-height=\"464\" data-size=\"w:596,h:464\" data-width=\"596\" hspace=\"5\" src=\"https:\/\/www.cronica.com.ar\/export\/sites\/cronica\/img\/2018\/12\/04\/ambulancia.jpg_792491263.jpg\" title=\"\" vspace=\"5\"><figcaption>\n   As\u00ed llegaba la ambulancia al lugar. (Captura).<br \/>\n  <\/figcaption><\/figure>\n<\/div>\n<p>Incluso, el\u00a0gerente de un reconocido hospital\u00a0fue herido de un disparo en su pie derecho. Cede\u00f1o\u00a0ya contaba con seguridad de la Unidad Nacional de Protecci\u00f3n (UNP) por reiteradas amenazas en su contra y un atentado sufrido en 2014.<\/p>\n<p>En el ataque muri\u00f3 su suegra, <strong>Luz Marina Urrego<\/strong>, y el l\u00edder comunitario\u00a0<strong>Jos\u00e9 Urley Carmona<\/strong>.\u00a0Los otros heridos fueron <strong>Dur\u00e1n Y\u00e9pez Harlinson<\/strong>; ex coronel del Ej\u00e9rcito\u00a0<strong>Jonatan Ospina Osorio<\/strong>;<strong> Juan Miguel Maestre Contreras<\/strong>\u00a0y <strong>\u00c1ngel Ignacio Saldarriaga.<\/strong><\/p>\n<p>El secretario de Gobierno del Valle del Cauca <strong>Jes\u00fas Antonio Garc\u00eda Micolta<\/strong>: <em>\u00abAl lugar llegaron dos hombres con fusil, hicieron el ataque, al parecer en contra del precandidato a la Alcald\u00eda, y\u00a0salieron huyendo en unas motocicletas\u00bb.<\/em><\/p>\n<p>Por su parte, el presidente de   <a href=\"https:\/\/www.cronica.com.ar\/tags\/Colombia\">Colombia<\/a>,\u00a0<strong>Iv\u00e1n Duque<\/strong>, repudi\u00f3 el ataque sicario\u00a0y asegur\u00f3 que las autoridades investigan el caso. En este sentido, el ministro de Defensa, <strong>Guillermo Botero<\/strong>, orden\u00f3 intensificar el operativo de b\u00fasqueda de los dos sospechosos.<\/p>\n<div>\n<figure class=\"image\"><img decoding=\"async\" alt=\"\" data-height=\"240\" data-size=\"w:476,h:240\" data-width=\"476\" hspace=\"5\" src=\"https:\/\/www.cronica.com.ar\/export\/sites\/cronica\/img\/2018\/12\/04\/d_1.jpg_1701753854.jpg\" title=\"\" vspace=\"5\"><figcaption>\n   El mensaje del presidente. (Twitter).<br \/>\n  <\/figcaption><\/figure>\n<\/div>\n<div>\n<figure class=\"image\"><img decoding=\"async\" alt=\"\" data-height=\"250\" data-size=\"w:483,h:250\" data-width=\"483\" hspace=\"5\" src=\"https:\/\/www.cronica.com.ar\/export\/sites\/cronica\/img\/2018\/12\/04\/bst.jpg_1339614791.jpg\" title=\"\" vspace=\"5\"><figcaption>\n   La publicaci\u00f3n del ministro de seguridad. (Twitter).<br \/>\n  <\/figcaption><\/figure>\n<\/div>\n<\/div>\n<\/div>\n","protected":false},"excerpt":{"rendered":"<p>Una verdadera situaci\u00f3n de p\u00e1nico se vivi\u00f3 durante una\u00a0actividad de terapia neural\u00a0en el centro de Cartago, Colombia, cuando dos sicarios comenzaron a disparar contra el precandidato a alcalde\u00a0Hugo Eduardo Cede\u00f1o. Sin embargo, no pudieron lograr su cometido y como saldo resultaron dos personas muertas y cinco heridos. En el video se pueden o\u00edr los desgarradores [&hellip;]<\/p>\n","protected":false},"author":4,"featured_media":20256,"comment_status":"open","ping_status":"closed","sticky":false,"template":"","format":"standard","meta":{"footnotes":""},"categories":[194],"tags":[],"class_list":{"0":"post-20255","1":"post","2":"type-post","3":"status-publish","4":"format-standard","5":"has-post-thumbnail","7":"category-internacionales"},"yoast_head":"<!-- This site is optimized with the Yoast SEO plugin v27.4 - https:\/\/yoast.com\/product\/yoast-seo-wordpress\/ -->\n<title>Sicarios intentaron asesinar a pol\u00edtico y terminaron matando a la suegra - El Diario de Tucuman<\/title>\n<meta name=\"robots\" content=\"index, follow, max-snippet:-1, max-image-preview:large, max-video-preview:-1\" \/>\n<link rel=\"canonical\" href=\"https:\/\/www.eldiariodetucuman.com\/web\/sicarios-intentaron-asesinar-a-politico-y-terminaron-matando-a-la-suegra\/\" \/>\n<meta property=\"og:locale\" content=\"es_ES\" \/>\n<meta property=\"og:type\" content=\"article\" \/>\n<meta property=\"og:title\" content=\"Sicarios intentaron asesinar a pol\u00edtico y terminaron matando a la suegra - El Diario de Tucuman\" \/>\n<meta property=\"og:description\" content=\"Una verdadera situaci\u00f3n de p\u00e1nico se vivi\u00f3 durante una\u00a0actividad de terapia neural\u00a0en el centro de Cartago, Colombia, cuando dos sicarios comenzaron a disparar contra el precandidato a alcalde\u00a0Hugo Eduardo Cede\u00f1o. Sin embargo, no pudieron lograr su cometido y como saldo resultaron dos personas muertas y cinco heridos. En el video se pueden o\u00edr los desgarradores [&hellip;]\" \/>\n<meta property=\"og:url\" content=\"https:\/\/www.eldiariodetucuman.com\/web\/sicarios-intentaron-asesinar-a-politico-y-terminaron-matando-a-la-suegra\/\" \/>\n<meta property=\"og:site_name\" content=\"El Diario de Tucuman\" \/>\n<meta property=\"article:published_time\" content=\"2018-12-05T15:50:32+00:00\" \/>\n<meta property=\"og:image\" content=\"https:\/\/www.eldiariodetucuman.com\/web\/wp-content\/uploads\/2018\/12\/f85b8b20c7282659fc9aef48e35df2da.jpeg\" \/>\n\t<meta property=\"og:image:width\" content=\"970\" \/>\n\t<meta property=\"og:image:height\" content=\"546\" \/>\n\t<meta property=\"og:image:type\" content=\"image\/jpeg\" \/>\n<meta name=\"author\" content=\"eldiario detucuman\" \/>\n<meta name=\"twitter:card\" content=\"summary_large_image\" \/>\n<meta name=\"twitter:label1\" content=\"Escrito por\" \/>\n\t<meta name=\"twitter:data1\" content=\"eldiario detucuman\" \/>\n\t<meta name=\"twitter:label2\" content=\"Tiempo de lectura\" \/>\n\t<meta name=\"twitter:data2\" content=\"1 minuto\" \/>\n<script type=\"application\/ld+json\" class=\"yoast-schema-graph\">{\"@context\":\"https:\\\/\\\/schema.org\",\"@graph\":[{\"@type\":\"Article\",\"@id\":\"https:\\\/\\\/www.eldiariodetucuman.com\\\/web\\\/sicarios-intentaron-asesinar-a-politico-y-terminaron-matando-a-la-suegra\\\/#article\",\"isPartOf\":{\"@id\":\"https:\\\/\\\/www.eldiariodetucuman.com\\\/web\\\/sicarios-intentaron-asesinar-a-politico-y-terminaron-matando-a-la-suegra\\\/\"},\"author\":{\"name\":\"eldiario detucuman\",\"@id\":\"https:\\\/\\\/www.eldiariodetucuman.com\\\/web\\\/#\\\/schema\\\/person\\\/6f95946e54fde848b878ffa4928071d5\"},\"headline\":\"Sicarios intentaron asesinar a pol\u00edtico y terminaron matando a la suegra\",\"datePublished\":\"2018-12-05T15:50:32+00:00\",\"mainEntityOfPage\":{\"@id\":\"https:\\\/\\\/www.eldiariodetucuman.com\\\/web\\\/sicarios-intentaron-asesinar-a-politico-y-terminaron-matando-a-la-suegra\\\/\"},\"wordCount\":305,\"commentCount\":0,\"publisher\":{\"@id\":\"https:\\\/\\\/www.eldiariodetucuman.com\\\/web\\\/#organization\"},\"image\":{\"@id\":\"https:\\\/\\\/www.eldiariodetucuman.com\\\/web\\\/sicarios-intentaron-asesinar-a-politico-y-terminaron-matando-a-la-suegra\\\/#primaryimage\"},\"thumbnailUrl\":\"https:\\\/\\\/www.eldiariodetucuman.com\\\/web\\\/wp-content\\\/uploads\\\/2018\\\/12\\\/f85b8b20c7282659fc9aef48e35df2da.jpeg\",\"articleSection\":[\"Internacionales\"],\"inLanguage\":\"es\",\"potentialAction\":[{\"@type\":\"CommentAction\",\"name\":\"Comment\",\"target\":[\"https:\\\/\\\/www.eldiariodetucuman.com\\\/web\\\/sicarios-intentaron-asesinar-a-politico-y-terminaron-matando-a-la-suegra\\\/#respond\"]}]},{\"@type\":\"WebPage\",\"@id\":\"https:\\\/\\\/www.eldiariodetucuman.com\\\/web\\\/sicarios-intentaron-asesinar-a-politico-y-terminaron-matando-a-la-suegra\\\/\",\"url\":\"https:\\\/\\\/www.eldiariodetucuman.com\\\/web\\\/sicarios-intentaron-asesinar-a-politico-y-terminaron-matando-a-la-suegra\\\/\",\"name\":\"Sicarios intentaron asesinar a pol\u00edtico y terminaron matando a la suegra - El Diario de Tucuman\",\"isPartOf\":{\"@id\":\"https:\\\/\\\/www.eldiariodetucuman.com\\\/web\\\/#website\"},\"primaryImageOfPage\":{\"@id\":\"https:\\\/\\\/www.eldiariodetucuman.com\\\/web\\\/sicarios-intentaron-asesinar-a-politico-y-terminaron-matando-a-la-suegra\\\/#primaryimage\"},\"image\":{\"@id\":\"https:\\\/\\\/www.eldiariodetucuman.com\\\/web\\\/sicarios-intentaron-asesinar-a-politico-y-terminaron-matando-a-la-suegra\\\/#primaryimage\"},\"thumbnailUrl\":\"https:\\\/\\\/www.eldiariodetucuman.com\\\/web\\\/wp-content\\\/uploads\\\/2018\\\/12\\\/f85b8b20c7282659fc9aef48e35df2da.jpeg\",\"datePublished\":\"2018-12-05T15:50:32+00:00\",\"breadcrumb\":{\"@id\":\"https:\\\/\\\/www.eldiariodetucuman.com\\\/web\\\/sicarios-intentaron-asesinar-a-politico-y-terminaron-matando-a-la-suegra\\\/#breadcrumb\"},\"inLanguage\":\"es\",\"potentialAction\":[{\"@type\":\"ReadAction\",\"target\":[\"https:\\\/\\\/www.eldiariodetucuman.com\\\/web\\\/sicarios-intentaron-asesinar-a-politico-y-terminaron-matando-a-la-suegra\\\/\"]}]},{\"@type\":\"ImageObject\",\"inLanguage\":\"es\",\"@id\":\"https:\\\/\\\/www.eldiariodetucuman.com\\\/web\\\/sicarios-intentaron-asesinar-a-politico-y-terminaron-matando-a-la-suegra\\\/#primaryimage\",\"url\":\"https:\\\/\\\/www.eldiariodetucuman.com\\\/web\\\/wp-content\\\/uploads\\\/2018\\\/12\\\/f85b8b20c7282659fc9aef48e35df2da.jpeg\",\"contentUrl\":\"https:\\\/\\\/www.eldiariodetucuman.com\\\/web\\\/wp-content\\\/uploads\\\/2018\\\/12\\\/f85b8b20c7282659fc9aef48e35df2da.jpeg\",\"width\":970,\"height\":546},{\"@type\":\"BreadcrumbList\",\"@id\":\"https:\\\/\\\/www.eldiariodetucuman.com\\\/web\\\/sicarios-intentaron-asesinar-a-politico-y-terminaron-matando-a-la-suegra\\\/#breadcrumb\",\"itemListElement\":[{\"@type\":\"ListItem\",\"position\":1,\"name\":\"Portada\",\"item\":\"https:\\\/\\\/www.eldiariodetucuman.com\\\/web\\\/\"},{\"@type\":\"ListItem\",\"position\":2,\"name\":\"Sicarios intentaron asesinar a pol\u00edtico y terminaron matando a la suegra\"}]},{\"@type\":\"WebSite\",\"@id\":\"https:\\\/\\\/www.eldiariodetucuman.com\\\/web\\\/#website\",\"url\":\"https:\\\/\\\/www.eldiariodetucuman.com\\\/web\\\/\",\"name\":\"El Diario de Tucuman\",\"description\":\"Diario Tucuman - Informaci\u00f3n y noticias\",\"publisher\":{\"@id\":\"https:\\\/\\\/www.eldiariodetucuman.com\\\/web\\\/#organization\"},\"potentialAction\":[{\"@type\":\"SearchAction\",\"target\":{\"@type\":\"EntryPoint\",\"urlTemplate\":\"https:\\\/\\\/www.eldiariodetucuman.com\\\/web\\\/?s={search_term_string}\"},\"query-input\":{\"@type\":\"PropertyValueSpecification\",\"valueRequired\":true,\"valueName\":\"search_term_string\"}}],\"inLanguage\":\"es\"},{\"@type\":\"Organization\",\"@id\":\"https:\\\/\\\/www.eldiariodetucuman.com\\\/web\\\/#organization\",\"name\":\"El Diario de Tucuman\",\"url\":\"https:\\\/\\\/www.eldiariodetucuman.com\\\/web\\\/\",\"logo\":{\"@type\":\"ImageObject\",\"inLanguage\":\"es\",\"@id\":\"https:\\\/\\\/www.eldiariodetucuman.com\\\/web\\\/#\\\/schema\\\/logo\\\/image\\\/\",\"url\":\"http:\\\/\\\/www.eldiariodetucuman.com\\\/web\\\/wp-content\\\/uploads\\\/2017\\\/12\\\/el-diario-de-tucuman.jpg\",\"contentUrl\":\"http:\\\/\\\/www.eldiariodetucuman.com\\\/web\\\/wp-content\\\/uploads\\\/2017\\\/12\\\/el-diario-de-tucuman.jpg\",\"width\":272,\"height\":92,\"caption\":\"El Diario de Tucuman\"},\"image\":{\"@id\":\"https:\\\/\\\/www.eldiariodetucuman.com\\\/web\\\/#\\\/schema\\\/logo\\\/image\\\/\"}},{\"@type\":\"Person\",\"@id\":\"https:\\\/\\\/www.eldiariodetucuman.com\\\/web\\\/#\\\/schema\\\/person\\\/6f95946e54fde848b878ffa4928071d5\",\"name\":\"eldiario detucuman\",\"image\":{\"@type\":\"ImageObject\",\"inLanguage\":\"es\",\"@id\":\"https:\\\/\\\/secure.gravatar.com\\\/avatar\\\/b6e1f89c5c4044c4962c8e6c20b1ca2cc99f549c965908afd4ec5308b3f51bfe?s=96&d=mm&r=g\",\"url\":\"https:\\\/\\\/secure.gravatar.com\\\/avatar\\\/b6e1f89c5c4044c4962c8e6c20b1ca2cc99f549c965908afd4ec5308b3f51bfe?s=96&d=mm&r=g\",\"contentUrl\":\"https:\\\/\\\/secure.gravatar.com\\\/avatar\\\/b6e1f89c5c4044c4962c8e6c20b1ca2cc99f549c965908afd4ec5308b3f51bfe?s=96&d=mm&r=g\",\"caption\":\"eldiario detucuman\"},\"url\":\"https:\\\/\\\/www.eldiariodetucuman.com\\\/web\\\/author\\\/eldiariodetucuman\\\/\"}]}<\/script>\n<!-- \/ Yoast SEO plugin. -->","yoast_head_json":{"title":"Sicarios intentaron asesinar a pol\u00edtico y terminaron matando a la suegra - El Diario de Tucuman","robots":{"index":"index","follow":"follow","max-snippet":"max-snippet:-1","max-image-preview":"max-image-preview:large","max-video-preview":"max-video-preview:-1"},"canonical":"https:\/\/www.eldiariodetucuman.com\/web\/sicarios-intentaron-asesinar-a-politico-y-terminaron-matando-a-la-suegra\/","og_locale":"es_ES","og_type":"article","og_title":"Sicarios intentaron asesinar a pol\u00edtico y terminaron matando a la suegra - El Diario de Tucuman","og_description":"Una verdadera situaci\u00f3n de p\u00e1nico se vivi\u00f3 durante una\u00a0actividad de terapia neural\u00a0en el centro de Cartago, Colombia, cuando dos sicarios comenzaron a disparar contra el precandidato a alcalde\u00a0Hugo Eduardo Cede\u00f1o. Sin embargo, no pudieron lograr su cometido y como saldo resultaron dos personas muertas y cinco heridos. En el video se pueden o\u00edr los desgarradores [&hellip;]","og_url":"https:\/\/www.eldiariodetucuman.com\/web\/sicarios-intentaron-asesinar-a-politico-y-terminaron-matando-a-la-suegra\/","og_site_name":"El Diario de Tucuman","article_published_time":"2018-12-05T15:50:32+00:00","og_image":[{"width":970,"height":546,"url":"https:\/\/www.eldiariodetucuman.com\/web\/wp-content\/uploads\/2018\/12\/f85b8b20c7282659fc9aef48e35df2da.jpeg","type":"image\/jpeg"}],"author":"eldiario detucuman","twitter_card":"summary_large_image","twitter_misc":{"Escrito por":"eldiario detucuman","Tiempo de lectura":"1 minuto"},"schema":{"@context":"https:\/\/schema.org","@graph":[{"@type":"Article","@id":"https:\/\/www.eldiariodetucuman.com\/web\/sicarios-intentaron-asesinar-a-politico-y-terminaron-matando-a-la-suegra\/#article","isPartOf":{"@id":"https:\/\/www.eldiariodetucuman.com\/web\/sicarios-intentaron-asesinar-a-politico-y-terminaron-matando-a-la-suegra\/"},"author":{"name":"eldiario detucuman","@id":"https:\/\/www.eldiariodetucuman.com\/web\/#\/schema\/person\/6f95946e54fde848b878ffa4928071d5"},"headline":"Sicarios intentaron asesinar a pol\u00edtico y terminaron matando a la suegra","datePublished":"2018-12-05T15:50:32+00:00","mainEntityOfPage":{"@id":"https:\/\/www.eldiariodetucuman.com\/web\/sicarios-intentaron-asesinar-a-politico-y-terminaron-matando-a-la-suegra\/"},"wordCount":305,"commentCount":0,"publisher":{"@id":"https:\/\/www.eldiariodetucuman.com\/web\/#organization"},"image":{"@id":"https:\/\/www.eldiariodetucuman.com\/web\/sicarios-intentaron-asesinar-a-politico-y-terminaron-matando-a-la-suegra\/#primaryimage"},"thumbnailUrl":"https:\/\/www.eldiariodetucuman.com\/web\/wp-content\/uploads\/2018\/12\/f85b8b20c7282659fc9aef48e35df2da.jpeg","articleSection":["Internacionales"],"inLanguage":"es","potentialAction":[{"@type":"CommentAction","name":"Comment","target":["https:\/\/www.eldiariodetucuman.com\/web\/sicarios-intentaron-asesinar-a-politico-y-terminaron-matando-a-la-suegra\/#respond"]}]},{"@type":"WebPage","@id":"https:\/\/www.eldiariodetucuman.com\/web\/sicarios-intentaron-asesinar-a-politico-y-terminaron-matando-a-la-suegra\/","url":"https:\/\/www.eldiariodetucuman.com\/web\/sicarios-intentaron-asesinar-a-politico-y-terminaron-matando-a-la-suegra\/","name":"Sicarios intentaron asesinar a pol\u00edtico y terminaron matando a la suegra - El Diario de Tucuman","isPartOf":{"@id":"https:\/\/www.eldiariodetucuman.com\/web\/#website"},"primaryImageOfPage":{"@id":"https:\/\/www.eldiariodetucuman.com\/web\/sicarios-intentaron-asesinar-a-politico-y-terminaron-matando-a-la-suegra\/#primaryimage"},"image":{"@id":"https:\/\/www.eldiariodetucuman.com\/web\/sicarios-intentaron-asesinar-a-politico-y-terminaron-matando-a-la-suegra\/#primaryimage"},"thumbnailUrl":"https:\/\/www.eldiariodetucuman.com\/web\/wp-content\/uploads\/2018\/12\/f85b8b20c7282659fc9aef48e35df2da.jpeg","datePublished":"2018-12-05T15:50:32+00:00","breadcrumb":{"@id":"https:\/\/www.eldiariodetucuman.com\/web\/sicarios-intentaron-asesinar-a-politico-y-terminaron-matando-a-la-suegra\/#breadcrumb"},"inLanguage":"es","potentialAction":[{"@type":"ReadAction","target":["https:\/\/www.eldiariodetucuman.com\/web\/sicarios-intentaron-asesinar-a-politico-y-terminaron-matando-a-la-suegra\/"]}]},{"@type":"ImageObject","inLanguage":"es","@id":"https:\/\/www.eldiariodetucuman.com\/web\/sicarios-intentaron-asesinar-a-politico-y-terminaron-matando-a-la-suegra\/#primaryimage","url":"https:\/\/www.eldiariodetucuman.com\/web\/wp-content\/uploads\/2018\/12\/f85b8b20c7282659fc9aef48e35df2da.jpeg","contentUrl":"https:\/\/www.eldiariodetucuman.com\/web\/wp-content\/uploads\/2018\/12\/f85b8b20c7282659fc9aef48e35df2da.jpeg","width":970,"height":546},{"@type":"BreadcrumbList","@id":"https:\/\/www.eldiariodetucuman.com\/web\/sicarios-intentaron-asesinar-a-politico-y-terminaron-matando-a-la-suegra\/#breadcrumb","itemListElement":[{"@type":"ListItem","position":1,"name":"Portada","item":"https:\/\/www.eldiariodetucuman.com\/web\/"},{"@type":"ListItem","position":2,"name":"Sicarios intentaron asesinar a pol\u00edtico y terminaron matando a la suegra"}]},{"@type":"WebSite","@id":"https:\/\/www.eldiariodetucuman.com\/web\/#website","url":"https:\/\/www.eldiariodetucuman.com\/web\/","name":"El Diario de Tucuman","description":"Diario Tucuman - Informaci\u00f3n y noticias","publisher":{"@id":"https:\/\/www.eldiariodetucuman.com\/web\/#organization"},"potentialAction":[{"@type":"SearchAction","target":{"@type":"EntryPoint","urlTemplate":"https:\/\/www.eldiariodetucuman.com\/web\/?s={search_term_string}"},"query-input":{"@type":"PropertyValueSpecification","valueRequired":true,"valueName":"search_term_string"}}],"inLanguage":"es"},{"@type":"Organization","@id":"https:\/\/www.eldiariodetucuman.com\/web\/#organization","name":"El Diario de Tucuman","url":"https:\/\/www.eldiariodetucuman.com\/web\/","logo":{"@type":"ImageObject","inLanguage":"es","@id":"https:\/\/www.eldiariodetucuman.com\/web\/#\/schema\/logo\/image\/","url":"http:\/\/www.eldiariodetucuman.com\/web\/wp-content\/uploads\/2017\/12\/el-diario-de-tucuman.jpg","contentUrl":"http:\/\/www.eldiariodetucuman.com\/web\/wp-content\/uploads\/2017\/12\/el-diario-de-tucuman.jpg","width":272,"height":92,"caption":"El Diario de Tucuman"},"image":{"@id":"https:\/\/www.eldiariodetucuman.com\/web\/#\/schema\/logo\/image\/"}},{"@type":"Person","@id":"https:\/\/www.eldiariodetucuman.com\/web\/#\/schema\/person\/6f95946e54fde848b878ffa4928071d5","name":"eldiario detucuman","image":{"@type":"ImageObject","inLanguage":"es","@id":"https:\/\/secure.gravatar.com\/avatar\/b6e1f89c5c4044c4962c8e6c20b1ca2cc99f549c965908afd4ec5308b3f51bfe?s=96&d=mm&r=g","url":"https:\/\/secure.gravatar.com\/avatar\/b6e1f89c5c4044c4962c8e6c20b1ca2cc99f549c965908afd4ec5308b3f51bfe?s=96&d=mm&r=g","contentUrl":"https:\/\/secure.gravatar.com\/avatar\/b6e1f89c5c4044c4962c8e6c20b1ca2cc99f549c965908afd4ec5308b3f51bfe?s=96&d=mm&r=g","caption":"eldiario detucuman"},"url":"https:\/\/www.eldiariodetucuman.com\/web\/author\/eldiariodetucuman\/"}]}},"_links":{"self":[{"href":"https:\/\/www.eldiariodetucuman.com\/web\/wp-json\/wp\/v2\/posts\/20255","targetHints":{"allow":["GET"]}}],"collection":[{"href":"https:\/\/www.eldiariodetucuman.com\/web\/wp-json\/wp\/v2\/posts"}],"about":[{"href":"https:\/\/www.eldiariodetucuman.com\/web\/wp-json\/wp\/v2\/types\/post"}],"author":[{"embeddable":true,"href":"https:\/\/www.eldiariodetucuman.com\/web\/wp-json\/wp\/v2\/users\/4"}],"replies":[{"embeddable":true,"href":"https:\/\/www.eldiariodetucuman.com\/web\/wp-json\/wp\/v2\/comments?post=20255"}],"version-history":[{"count":0,"href":"https:\/\/www.eldiariodetucuman.com\/web\/wp-json\/wp\/v2\/posts\/20255\/revisions"}],"wp:featuredmedia":[{"embeddable":true,"href":"https:\/\/www.eldiariodetucuman.com\/web\/wp-json\/wp\/v2\/media\/20256"}],"wp:attachment":[{"href":"https:\/\/www.eldiariodetucuman.com\/web\/wp-json\/wp\/v2\/media?parent=20255"}],"wp:term":[{"taxonomy":"category","embeddable":true,"href":"https:\/\/www.eldiariodetucuman.com\/web\/wp-json\/wp\/v2\/categories?post=20255"},{"taxonomy":"post_tag","embeddable":true,"href":"https:\/\/www.eldiariodetucuman.com\/web\/wp-json\/wp\/v2\/tags?post=20255"}],"curies":[{"name":"wp","href":"https:\/\/api.w.org\/{rel}","templated":true}]}}