{"id":20253,"date":"2018-12-05T12:50:25","date_gmt":"2018-12-05T15:50:25","guid":{"rendered":"http:\/\/www.eldiariodetucuman.com\/web\/lopez-obrador-quiere-terminar-con-la-inmunidad-presidencial\/"},"modified":"2018-12-05T12:50:25","modified_gmt":"2018-12-05T15:50:25","slug":"lopez-obrador-quiere-terminar-con-la-inmunidad-presidencial","status":"publish","type":"post","link":"https:\/\/www.eldiariodetucuman.com\/web\/lopez-obrador-quiere-terminar-con-la-inmunidad-presidencial\/","title":{"rendered":"L\u00f3pez Obrador quiere terminar con la \u00abinmunidad presidencial\u00bb"},"content":{"rendered":"<div>\n<div itemprop=\"articleBody\" readability=\"71.20197044335\">\n<p>El flamante presidente de   <a href=\"https:\/\/www.cronica.com.ar\/tags\/M%C3%A9xico\">M\u00e9xico<\/a><strong>, Andr\u00e9s Manuel L\u00f3pez Obrador,<\/strong> anunci\u00f3 este martes\u00a0el env\u00edo al   <a href=\"https:\/\/www.cronica.com.ar\/tags\/Congreso\">Congreso<\/a> de una ley para eliminar una inmunidad presidencial, con lo que <em>\u00abse termina la impunidad establecida en la Constituci\u00f3n\u00bb.<\/em><\/p>\n<p><em>\u00abHoy env\u00edo la primera iniciativa al Senado para la reforma del art\u00edculo 108 de la Constituci\u00f3n y suspender el fuero (inmunidad) del presidente de la Rep\u00fablica\u00bb\u00bb,<\/em>\u00a0dijo L\u00f3pez Obrador, de centro-izquierda, que tom\u00f3 posesi\u00f3n del cargo el s\u00e1bado.<\/p>\n<p>Se trata de una promesa de campa\u00f1a, y a partir de esta reforma <em>\u00abel presidente va a poder ser juzgado como cualquier otro ciudadano por cualquier delito\u00bb<\/em> y <em>\u00abdesde luego va a poder ser juzgado por el delito de corrupci\u00f3n a\u00fan estando en funciones\u00bb<\/em>, agreg\u00f3.<\/p>\n<p>El Jefe de Estado\u00a0mexicano prometi\u00f3 que iba a combatir la corrupci\u00f3n y gobernar con austeridad, como parte de lo que llama la <em>\u00abcuarta transformaci\u00f3n\u00bb <\/em>hist\u00f3rica del pa\u00eds, despu\u00e9s de la Independencia, la Reforma que separ\u00f3 el poder pol\u00edtico y religioso y la Revoluci\u00f3n Mexicana en el siglo XX.<\/p>\n<p>Por otra parte, el mandatario desminti\u00f3 durante esta jornada\u00a0que su Gobierno quiera reclutar a m\u00e9dicos cubanos que dejar\u00e1n   <a href=\"https:\/\/www.cronica.com.ar\/tags\/Brasil\">Brasil<\/a> por desacuerdos entre Cuba y el futuro presidente brasile\u00f1o, el ultraderechista <strong>  <a href=\"https:\/\/www.cronica.com.ar\/tags\/Jair%20Bolsonaro\">Jair Bolsonaro<\/a><\/strong>.<\/p>\n<p><em>\u00abNo, eso es una volada (invento) de nuestros adversarios, los queremos mucho, mucho, mucho, pero son muy mentirosos\u00bb<\/em>, declar\u00f3\u00a0en una rueda de prensa.<\/p>\n<\/div>\n<\/div>\n","protected":false},"excerpt":{"rendered":"<p>El flamante presidente de M\u00e9xico, Andr\u00e9s Manuel L\u00f3pez Obrador, anunci\u00f3 este martes\u00a0el env\u00edo al Congreso de una ley para eliminar una inmunidad presidencial, con lo que \u00abse termina la impunidad establecida en la Constituci\u00f3n\u00bb. \u00abHoy env\u00edo la primera iniciativa al Senado para la reforma del art\u00edculo 108 de la Constituci\u00f3n y suspender el fuero (inmunidad) [&hellip;]<\/p>\n","protected":false},"author":4,"featured_media":20254,"comment_status":"open","ping_status":"closed","sticky":false,"template":"","format":"standard","meta":{"footnotes":""},"categories":[194],"tags":[],"class_list":{"0":"post-20253","1":"post","2":"type-post","3":"status-publish","4":"format-standard","5":"has-post-thumbnail","7":"category-internacionales"},"yoast_head":"<!-- This site is optimized with the Yoast SEO plugin v27.4 - https:\/\/yoast.com\/product\/yoast-seo-wordpress\/ -->\n<title>L\u00f3pez Obrador quiere terminar con la &quot;inmunidad presidencial&quot; - El Diario de Tucuman<\/title>\n<meta name=\"robots\" content=\"index, follow, max-snippet:-1, max-image-preview:large, max-video-preview:-1\" \/>\n<link rel=\"canonical\" href=\"https:\/\/www.eldiariodetucuman.com\/web\/lopez-obrador-quiere-terminar-con-la-inmunidad-presidencial\/\" \/>\n<meta property=\"og:locale\" content=\"es_ES\" \/>\n<meta property=\"og:type\" content=\"article\" \/>\n<meta property=\"og:title\" content=\"L\u00f3pez Obrador quiere terminar con la &quot;inmunidad presidencial&quot; - El Diario de Tucuman\" \/>\n<meta property=\"og:description\" content=\"El flamante presidente de M\u00e9xico, Andr\u00e9s Manuel L\u00f3pez Obrador, anunci\u00f3 este martes\u00a0el env\u00edo al Congreso de una ley para eliminar una inmunidad presidencial, con lo que \u00abse termina la impunidad establecida en la Constituci\u00f3n\u00bb. \u00abHoy env\u00edo la primera iniciativa al Senado para la reforma del art\u00edculo 108 de la Constituci\u00f3n y suspender el fuero (inmunidad) [&hellip;]\" \/>\n<meta property=\"og:url\" content=\"https:\/\/www.eldiariodetucuman.com\/web\/lopez-obrador-quiere-terminar-con-la-inmunidad-presidencial\/\" \/>\n<meta property=\"og:site_name\" content=\"El Diario de Tucuman\" \/>\n<meta property=\"article:published_time\" content=\"2018-12-05T15:50:25+00:00\" \/>\n<meta property=\"og:image\" content=\"https:\/\/www.eldiariodetucuman.com\/web\/wp-content\/uploads\/2018\/12\/d00ae1ddac2ef530cfc0bb103f759948.jpeg\" \/>\n\t<meta property=\"og:image:width\" content=\"970\" \/>\n\t<meta property=\"og:image:height\" content=\"546\" \/>\n\t<meta property=\"og:image:type\" content=\"image\/jpeg\" \/>\n<meta name=\"author\" content=\"eldiario detucuman\" \/>\n<meta name=\"twitter:card\" content=\"summary_large_image\" \/>\n<meta name=\"twitter:label1\" content=\"Escrito por\" \/>\n\t<meta name=\"twitter:data1\" content=\"eldiario detucuman\" \/>\n\t<meta name=\"twitter:label2\" content=\"Tiempo de lectura\" \/>\n\t<meta name=\"twitter:data2\" content=\"1 minuto\" \/>\n<script type=\"application\/ld+json\" class=\"yoast-schema-graph\">{\"@context\":\"https:\\\/\\\/schema.org\",\"@graph\":[{\"@type\":\"Article\",\"@id\":\"https:\\\/\\\/www.eldiariodetucuman.com\\\/web\\\/lopez-obrador-quiere-terminar-con-la-inmunidad-presidencial\\\/#article\",\"isPartOf\":{\"@id\":\"https:\\\/\\\/www.eldiariodetucuman.com\\\/web\\\/lopez-obrador-quiere-terminar-con-la-inmunidad-presidencial\\\/\"},\"author\":{\"name\":\"eldiario detucuman\",\"@id\":\"https:\\\/\\\/www.eldiariodetucuman.com\\\/web\\\/#\\\/schema\\\/person\\\/6f95946e54fde848b878ffa4928071d5\"},\"headline\":\"L\u00f3pez Obrador quiere terminar con la \u00abinmunidad presidencial\u00bb\",\"datePublished\":\"2018-12-05T15:50:25+00:00\",\"mainEntityOfPage\":{\"@id\":\"https:\\\/\\\/www.eldiariodetucuman.com\\\/web\\\/lopez-obrador-quiere-terminar-con-la-inmunidad-presidencial\\\/\"},\"wordCount\":257,\"commentCount\":0,\"publisher\":{\"@id\":\"https:\\\/\\\/www.eldiariodetucuman.com\\\/web\\\/#organization\"},\"image\":{\"@id\":\"https:\\\/\\\/www.eldiariodetucuman.com\\\/web\\\/lopez-obrador-quiere-terminar-con-la-inmunidad-presidencial\\\/#primaryimage\"},\"thumbnailUrl\":\"https:\\\/\\\/www.eldiariodetucuman.com\\\/web\\\/wp-content\\\/uploads\\\/2018\\\/12\\\/d00ae1ddac2ef530cfc0bb103f759948.jpeg\",\"articleSection\":[\"Internacionales\"],\"inLanguage\":\"es\",\"potentialAction\":[{\"@type\":\"CommentAction\",\"name\":\"Comment\",\"target\":[\"https:\\\/\\\/www.eldiariodetucuman.com\\\/web\\\/lopez-obrador-quiere-terminar-con-la-inmunidad-presidencial\\\/#respond\"]}]},{\"@type\":\"WebPage\",\"@id\":\"https:\\\/\\\/www.eldiariodetucuman.com\\\/web\\\/lopez-obrador-quiere-terminar-con-la-inmunidad-presidencial\\\/\",\"url\":\"https:\\\/\\\/www.eldiariodetucuman.com\\\/web\\\/lopez-obrador-quiere-terminar-con-la-inmunidad-presidencial\\\/\",\"name\":\"L\u00f3pez Obrador quiere terminar con la \\\"inmunidad presidencial\\\" - El Diario de Tucuman\",\"isPartOf\":{\"@id\":\"https:\\\/\\\/www.eldiariodetucuman.com\\\/web\\\/#website\"},\"primaryImageOfPage\":{\"@id\":\"https:\\\/\\\/www.eldiariodetucuman.com\\\/web\\\/lopez-obrador-quiere-terminar-con-la-inmunidad-presidencial\\\/#primaryimage\"},\"image\":{\"@id\":\"https:\\\/\\\/www.eldiariodetucuman.com\\\/web\\\/lopez-obrador-quiere-terminar-con-la-inmunidad-presidencial\\\/#primaryimage\"},\"thumbnailUrl\":\"https:\\\/\\\/www.eldiariodetucuman.com\\\/web\\\/wp-content\\\/uploads\\\/2018\\\/12\\\/d00ae1ddac2ef530cfc0bb103f759948.jpeg\",\"datePublished\":\"2018-12-05T15:50:25+00:00\",\"breadcrumb\":{\"@id\":\"https:\\\/\\\/www.eldiariodetucuman.com\\\/web\\\/lopez-obrador-quiere-terminar-con-la-inmunidad-presidencial\\\/#breadcrumb\"},\"inLanguage\":\"es\",\"potentialAction\":[{\"@type\":\"ReadAction\",\"target\":[\"https:\\\/\\\/www.eldiariodetucuman.com\\\/web\\\/lopez-obrador-quiere-terminar-con-la-inmunidad-presidencial\\\/\"]}]},{\"@type\":\"ImageObject\",\"inLanguage\":\"es\",\"@id\":\"https:\\\/\\\/www.eldiariodetucuman.com\\\/web\\\/lopez-obrador-quiere-terminar-con-la-inmunidad-presidencial\\\/#primaryimage\",\"url\":\"https:\\\/\\\/www.eldiariodetucuman.com\\\/web\\\/wp-content\\\/uploads\\\/2018\\\/12\\\/d00ae1ddac2ef530cfc0bb103f759948.jpeg\",\"contentUrl\":\"https:\\\/\\\/www.eldiariodetucuman.com\\\/web\\\/wp-content\\\/uploads\\\/2018\\\/12\\\/d00ae1ddac2ef530cfc0bb103f759948.jpeg\",\"width\":970,\"height\":546},{\"@type\":\"BreadcrumbList\",\"@id\":\"https:\\\/\\\/www.eldiariodetucuman.com\\\/web\\\/lopez-obrador-quiere-terminar-con-la-inmunidad-presidencial\\\/#breadcrumb\",\"itemListElement\":[{\"@type\":\"ListItem\",\"position\":1,\"name\":\"Portada\",\"item\":\"https:\\\/\\\/www.eldiariodetucuman.com\\\/web\\\/\"},{\"@type\":\"ListItem\",\"position\":2,\"name\":\"L\u00f3pez Obrador quiere terminar con la \u00abinmunidad presidencial\u00bb\"}]},{\"@type\":\"WebSite\",\"@id\":\"https:\\\/\\\/www.eldiariodetucuman.com\\\/web\\\/#website\",\"url\":\"https:\\\/\\\/www.eldiariodetucuman.com\\\/web\\\/\",\"name\":\"El Diario de Tucuman\",\"description\":\"Diario Tucuman - Informaci\u00f3n y noticias\",\"publisher\":{\"@id\":\"https:\\\/\\\/www.eldiariodetucuman.com\\\/web\\\/#organization\"},\"potentialAction\":[{\"@type\":\"SearchAction\",\"target\":{\"@type\":\"EntryPoint\",\"urlTemplate\":\"https:\\\/\\\/www.eldiariodetucuman.com\\\/web\\\/?s={search_term_string}\"},\"query-input\":{\"@type\":\"PropertyValueSpecification\",\"valueRequired\":true,\"valueName\":\"search_term_string\"}}],\"inLanguage\":\"es\"},{\"@type\":\"Organization\",\"@id\":\"https:\\\/\\\/www.eldiariodetucuman.com\\\/web\\\/#organization\",\"name\":\"El Diario de Tucuman\",\"url\":\"https:\\\/\\\/www.eldiariodetucuman.com\\\/web\\\/\",\"logo\":{\"@type\":\"ImageObject\",\"inLanguage\":\"es\",\"@id\":\"https:\\\/\\\/www.eldiariodetucuman.com\\\/web\\\/#\\\/schema\\\/logo\\\/image\\\/\",\"url\":\"http:\\\/\\\/www.eldiariodetucuman.com\\\/web\\\/wp-content\\\/uploads\\\/2017\\\/12\\\/el-diario-de-tucuman.jpg\",\"contentUrl\":\"http:\\\/\\\/www.eldiariodetucuman.com\\\/web\\\/wp-content\\\/uploads\\\/2017\\\/12\\\/el-diario-de-tucuman.jpg\",\"width\":272,\"height\":92,\"caption\":\"El Diario de Tucuman\"},\"image\":{\"@id\":\"https:\\\/\\\/www.eldiariodetucuman.com\\\/web\\\/#\\\/schema\\\/logo\\\/image\\\/\"}},{\"@type\":\"Person\",\"@id\":\"https:\\\/\\\/www.eldiariodetucuman.com\\\/web\\\/#\\\/schema\\\/person\\\/6f95946e54fde848b878ffa4928071d5\",\"name\":\"eldiario detucuman\",\"image\":{\"@type\":\"ImageObject\",\"inLanguage\":\"es\",\"@id\":\"https:\\\/\\\/secure.gravatar.com\\\/avatar\\\/b6e1f89c5c4044c4962c8e6c20b1ca2cc99f549c965908afd4ec5308b3f51bfe?s=96&d=mm&r=g\",\"url\":\"https:\\\/\\\/secure.gravatar.com\\\/avatar\\\/b6e1f89c5c4044c4962c8e6c20b1ca2cc99f549c965908afd4ec5308b3f51bfe?s=96&d=mm&r=g\",\"contentUrl\":\"https:\\\/\\\/secure.gravatar.com\\\/avatar\\\/b6e1f89c5c4044c4962c8e6c20b1ca2cc99f549c965908afd4ec5308b3f51bfe?s=96&d=mm&r=g\",\"caption\":\"eldiario detucuman\"},\"url\":\"https:\\\/\\\/www.eldiariodetucuman.com\\\/web\\\/author\\\/eldiariodetucuman\\\/\"}]}<\/script>\n<!-- \/ Yoast SEO plugin. -->","yoast_head_json":{"title":"L\u00f3pez Obrador quiere terminar con la \"inmunidad presidencial\" - El Diario de Tucuman","robots":{"index":"index","follow":"follow","max-snippet":"max-snippet:-1","max-image-preview":"max-image-preview:large","max-video-preview":"max-video-preview:-1"},"canonical":"https:\/\/www.eldiariodetucuman.com\/web\/lopez-obrador-quiere-terminar-con-la-inmunidad-presidencial\/","og_locale":"es_ES","og_type":"article","og_title":"L\u00f3pez Obrador quiere terminar con la \"inmunidad presidencial\" - El Diario de Tucuman","og_description":"El flamante presidente de M\u00e9xico, Andr\u00e9s Manuel L\u00f3pez Obrador, anunci\u00f3 este martes\u00a0el env\u00edo al Congreso de una ley para eliminar una inmunidad presidencial, con lo que \u00abse termina la impunidad establecida en la Constituci\u00f3n\u00bb. \u00abHoy env\u00edo la primera iniciativa al Senado para la reforma del art\u00edculo 108 de la Constituci\u00f3n y suspender el fuero (inmunidad) [&hellip;]","og_url":"https:\/\/www.eldiariodetucuman.com\/web\/lopez-obrador-quiere-terminar-con-la-inmunidad-presidencial\/","og_site_name":"El Diario de Tucuman","article_published_time":"2018-12-05T15:50:25+00:00","og_image":[{"width":970,"height":546,"url":"https:\/\/www.eldiariodetucuman.com\/web\/wp-content\/uploads\/2018\/12\/d00ae1ddac2ef530cfc0bb103f759948.jpeg","type":"image\/jpeg"}],"author":"eldiario detucuman","twitter_card":"summary_large_image","twitter_misc":{"Escrito por":"eldiario detucuman","Tiempo de lectura":"1 minuto"},"schema":{"@context":"https:\/\/schema.org","@graph":[{"@type":"Article","@id":"https:\/\/www.eldiariodetucuman.com\/web\/lopez-obrador-quiere-terminar-con-la-inmunidad-presidencial\/#article","isPartOf":{"@id":"https:\/\/www.eldiariodetucuman.com\/web\/lopez-obrador-quiere-terminar-con-la-inmunidad-presidencial\/"},"author":{"name":"eldiario detucuman","@id":"https:\/\/www.eldiariodetucuman.com\/web\/#\/schema\/person\/6f95946e54fde848b878ffa4928071d5"},"headline":"L\u00f3pez Obrador quiere terminar con la \u00abinmunidad presidencial\u00bb","datePublished":"2018-12-05T15:50:25+00:00","mainEntityOfPage":{"@id":"https:\/\/www.eldiariodetucuman.com\/web\/lopez-obrador-quiere-terminar-con-la-inmunidad-presidencial\/"},"wordCount":257,"commentCount":0,"publisher":{"@id":"https:\/\/www.eldiariodetucuman.com\/web\/#organization"},"image":{"@id":"https:\/\/www.eldiariodetucuman.com\/web\/lopez-obrador-quiere-terminar-con-la-inmunidad-presidencial\/#primaryimage"},"thumbnailUrl":"https:\/\/www.eldiariodetucuman.com\/web\/wp-content\/uploads\/2018\/12\/d00ae1ddac2ef530cfc0bb103f759948.jpeg","articleSection":["Internacionales"],"inLanguage":"es","potentialAction":[{"@type":"CommentAction","name":"Comment","target":["https:\/\/www.eldiariodetucuman.com\/web\/lopez-obrador-quiere-terminar-con-la-inmunidad-presidencial\/#respond"]}]},{"@type":"WebPage","@id":"https:\/\/www.eldiariodetucuman.com\/web\/lopez-obrador-quiere-terminar-con-la-inmunidad-presidencial\/","url":"https:\/\/www.eldiariodetucuman.com\/web\/lopez-obrador-quiere-terminar-con-la-inmunidad-presidencial\/","name":"L\u00f3pez Obrador quiere terminar con la \"inmunidad presidencial\" - El Diario de Tucuman","isPartOf":{"@id":"https:\/\/www.eldiariodetucuman.com\/web\/#website"},"primaryImageOfPage":{"@id":"https:\/\/www.eldiariodetucuman.com\/web\/lopez-obrador-quiere-terminar-con-la-inmunidad-presidencial\/#primaryimage"},"image":{"@id":"https:\/\/www.eldiariodetucuman.com\/web\/lopez-obrador-quiere-terminar-con-la-inmunidad-presidencial\/#primaryimage"},"thumbnailUrl":"https:\/\/www.eldiariodetucuman.com\/web\/wp-content\/uploads\/2018\/12\/d00ae1ddac2ef530cfc0bb103f759948.jpeg","datePublished":"2018-12-05T15:50:25+00:00","breadcrumb":{"@id":"https:\/\/www.eldiariodetucuman.com\/web\/lopez-obrador-quiere-terminar-con-la-inmunidad-presidencial\/#breadcrumb"},"inLanguage":"es","potentialAction":[{"@type":"ReadAction","target":["https:\/\/www.eldiariodetucuman.com\/web\/lopez-obrador-quiere-terminar-con-la-inmunidad-presidencial\/"]}]},{"@type":"ImageObject","inLanguage":"es","@id":"https:\/\/www.eldiariodetucuman.com\/web\/lopez-obrador-quiere-terminar-con-la-inmunidad-presidencial\/#primaryimage","url":"https:\/\/www.eldiariodetucuman.com\/web\/wp-content\/uploads\/2018\/12\/d00ae1ddac2ef530cfc0bb103f759948.jpeg","contentUrl":"https:\/\/www.eldiariodetucuman.com\/web\/wp-content\/uploads\/2018\/12\/d00ae1ddac2ef530cfc0bb103f759948.jpeg","width":970,"height":546},{"@type":"BreadcrumbList","@id":"https:\/\/www.eldiariodetucuman.com\/web\/lopez-obrador-quiere-terminar-con-la-inmunidad-presidencial\/#breadcrumb","itemListElement":[{"@type":"ListItem","position":1,"name":"Portada","item":"https:\/\/www.eldiariodetucuman.com\/web\/"},{"@type":"ListItem","position":2,"name":"L\u00f3pez Obrador quiere terminar con la \u00abinmunidad presidencial\u00bb"}]},{"@type":"WebSite","@id":"https:\/\/www.eldiariodetucuman.com\/web\/#website","url":"https:\/\/www.eldiariodetucuman.com\/web\/","name":"El Diario de Tucuman","description":"Diario Tucuman - Informaci\u00f3n y noticias","publisher":{"@id":"https:\/\/www.eldiariodetucuman.com\/web\/#organization"},"potentialAction":[{"@type":"SearchAction","target":{"@type":"EntryPoint","urlTemplate":"https:\/\/www.eldiariodetucuman.com\/web\/?s={search_term_string}"},"query-input":{"@type":"PropertyValueSpecification","valueRequired":true,"valueName":"search_term_string"}}],"inLanguage":"es"},{"@type":"Organization","@id":"https:\/\/www.eldiariodetucuman.com\/web\/#organization","name":"El Diario de Tucuman","url":"https:\/\/www.eldiariodetucuman.com\/web\/","logo":{"@type":"ImageObject","inLanguage":"es","@id":"https:\/\/www.eldiariodetucuman.com\/web\/#\/schema\/logo\/image\/","url":"http:\/\/www.eldiariodetucuman.com\/web\/wp-content\/uploads\/2017\/12\/el-diario-de-tucuman.jpg","contentUrl":"http:\/\/www.eldiariodetucuman.com\/web\/wp-content\/uploads\/2017\/12\/el-diario-de-tucuman.jpg","width":272,"height":92,"caption":"El Diario de Tucuman"},"image":{"@id":"https:\/\/www.eldiariodetucuman.com\/web\/#\/schema\/logo\/image\/"}},{"@type":"Person","@id":"https:\/\/www.eldiariodetucuman.com\/web\/#\/schema\/person\/6f95946e54fde848b878ffa4928071d5","name":"eldiario detucuman","image":{"@type":"ImageObject","inLanguage":"es","@id":"https:\/\/secure.gravatar.com\/avatar\/b6e1f89c5c4044c4962c8e6c20b1ca2cc99f549c965908afd4ec5308b3f51bfe?s=96&d=mm&r=g","url":"https:\/\/secure.gravatar.com\/avatar\/b6e1f89c5c4044c4962c8e6c20b1ca2cc99f549c965908afd4ec5308b3f51bfe?s=96&d=mm&r=g","contentUrl":"https:\/\/secure.gravatar.com\/avatar\/b6e1f89c5c4044c4962c8e6c20b1ca2cc99f549c965908afd4ec5308b3f51bfe?s=96&d=mm&r=g","caption":"eldiario detucuman"},"url":"https:\/\/www.eldiariodetucuman.com\/web\/author\/eldiariodetucuman\/"}]}},"_links":{"self":[{"href":"https:\/\/www.eldiariodetucuman.com\/web\/wp-json\/wp\/v2\/posts\/20253","targetHints":{"allow":["GET"]}}],"collection":[{"href":"https:\/\/www.eldiariodetucuman.com\/web\/wp-json\/wp\/v2\/posts"}],"about":[{"href":"https:\/\/www.eldiariodetucuman.com\/web\/wp-json\/wp\/v2\/types\/post"}],"author":[{"embeddable":true,"href":"https:\/\/www.eldiariodetucuman.com\/web\/wp-json\/wp\/v2\/users\/4"}],"replies":[{"embeddable":true,"href":"https:\/\/www.eldiariodetucuman.com\/web\/wp-json\/wp\/v2\/comments?post=20253"}],"version-history":[{"count":0,"href":"https:\/\/www.eldiariodetucuman.com\/web\/wp-json\/wp\/v2\/posts\/20253\/revisions"}],"wp:featuredmedia":[{"embeddable":true,"href":"https:\/\/www.eldiariodetucuman.com\/web\/wp-json\/wp\/v2\/media\/20254"}],"wp:attachment":[{"href":"https:\/\/www.eldiariodetucuman.com\/web\/wp-json\/wp\/v2\/media?parent=20253"}],"wp:term":[{"taxonomy":"category","embeddable":true,"href":"https:\/\/www.eldiariodetucuman.com\/web\/wp-json\/wp\/v2\/categories?post=20253"},{"taxonomy":"post_tag","embeddable":true,"href":"https:\/\/www.eldiariodetucuman.com\/web\/wp-json\/wp\/v2\/tags?post=20253"}],"curies":[{"name":"wp","href":"https:\/\/api.w.org\/{rel}","templated":true}]}}