{"id":20251,"date":"2018-12-05T12:50:18","date_gmt":"2018-12-05T15:50:18","guid":{"rendered":"http:\/\/www.eldiariodetucuman.com\/web\/reconstruyen-cara-de-una-mujer-muerta-hace-4-250-anos\/"},"modified":"2018-12-05T12:50:18","modified_gmt":"2018-12-05T15:50:18","slug":"reconstruyen-cara-de-una-mujer-muerta-hace-4-250-anos","status":"publish","type":"post","link":"https:\/\/www.eldiariodetucuman.com\/web\/reconstruyen-cara-de-una-mujer-muerta-hace-4-250-anos\/","title":{"rendered":"Reconstruyen cara de una mujer muerta hace 4.250 a\u00f1os"},"content":{"rendered":"<div>\n<div itemprop=\"articleBody\" readability=\"60.134069400631\">\n<p>Un an\u00e1lisis del ADN\u00a0sobre restos\u00a0encontrados, incluidos el cr\u00e1neo y algunos dientes,\u00a0en 2016 en lo que hoy es   <a href=\"https:\/\/www.cronica.com.ar\/tags\/Escocia\">Escocia<\/a>,   <a href=\"https:\/\/www.cronica.com.ar\/tags\/Reino%20Unido\">Reino Unido<\/a>, lograron determinar que los mismos pertenecen a\u00a0una joven de unos 18 a\u00f1os que habr\u00eda tenido piel y cabello oscuros y muri\u00f3 hace 4.250 a\u00f1os.<\/p>\n<p>Sus restos descubiertos en la localidad de Achavanich en 1987\u00a0permitieron\u00a0reproducir una\u00a0imagen\u00a0detallada tanto de esa mujer de la Edad de Bronce como de su vida. De hecho, develaron que fue hija de inmigrantes procedentes de la\u00a0Europa continental, inform\u00f3\u00a0el diario\u00a0<strong>Daily Mail<\/strong>.<\/p>\n<p><strong>Maya Hoole<\/strong>, la autora principal de este\u00a0estudio\u00a0publicado en Proceedings of the\u00a0Society of Antiquaries of Scotland, dijo que el aspecto de \u00abAva\u00bb era similar al de muchas personas que hoy en d\u00eda viven en el sur de\u00a0Europa.<img decoding=\"async\" alt=\"\" src=\"https:\/\/www.cronica.com.ar\/export\/sites\/cronica\/img\/2018\/12\/04\/dtgecxsxqaeakpa.jpg_584278060.jpg\"><\/p>\n<p>As\u00ed, los\u00a0especialistas\u00a0creen que esa persona intolerante a la lactosa ten\u00eda aspecto mediterr\u00e1neo: ojos marrones, cabello negro y piel color oliva.<\/p>\n<p>La investigaci\u00f3n realizada por cient\u00edficos de la Escuela de Medicina de Harvard (Massachusetts, Estados Unidos) y el Museo de Historia Natural de Londres indica que &#8216;Ava&#8217; super\u00f3 alguna enfermedad durante su juventud y que el hecho de que la enterraran con una vaca sugiere que perteneci\u00f3 a una comunidad de ganaderos.<\/p>\n<\/div>\n<\/div>\n","protected":false},"excerpt":{"rendered":"<p>Un an\u00e1lisis del ADN\u00a0sobre restos\u00a0encontrados, incluidos el cr\u00e1neo y algunos dientes,\u00a0en 2016 en lo que hoy es Escocia, Reino Unido, lograron determinar que los mismos pertenecen a\u00a0una joven de unos 18 a\u00f1os que habr\u00eda tenido piel y cabello oscuros y muri\u00f3 hace 4.250 a\u00f1os. Sus restos descubiertos en la localidad de Achavanich en 1987\u00a0permitieron\u00a0reproducir una\u00a0imagen\u00a0detallada [&hellip;]<\/p>\n","protected":false},"author":4,"featured_media":20252,"comment_status":"open","ping_status":"closed","sticky":false,"template":"","format":"standard","meta":{"footnotes":""},"categories":[194],"tags":[],"class_list":{"0":"post-20251","1":"post","2":"type-post","3":"status-publish","4":"format-standard","5":"has-post-thumbnail","7":"category-internacionales"},"yoast_head":"<!-- This site is optimized with the Yoast SEO plugin v27.4 - https:\/\/yoast.com\/product\/yoast-seo-wordpress\/ -->\n<title>Reconstruyen cara de una mujer muerta hace 4.250 a\u00f1os - El Diario de Tucuman<\/title>\n<meta name=\"robots\" content=\"index, follow, max-snippet:-1, max-image-preview:large, max-video-preview:-1\" \/>\n<link rel=\"canonical\" href=\"https:\/\/www.eldiariodetucuman.com\/web\/reconstruyen-cara-de-una-mujer-muerta-hace-4-250-anos\/\" \/>\n<meta property=\"og:locale\" content=\"es_ES\" \/>\n<meta property=\"og:type\" content=\"article\" \/>\n<meta property=\"og:title\" content=\"Reconstruyen cara de una mujer muerta hace 4.250 a\u00f1os - El Diario de Tucuman\" \/>\n<meta property=\"og:description\" content=\"Un an\u00e1lisis del ADN\u00a0sobre restos\u00a0encontrados, incluidos el cr\u00e1neo y algunos dientes,\u00a0en 2016 en lo que hoy es Escocia, Reino Unido, lograron determinar que los mismos pertenecen a\u00a0una joven de unos 18 a\u00f1os que habr\u00eda tenido piel y cabello oscuros y muri\u00f3 hace 4.250 a\u00f1os. Sus restos descubiertos en la localidad de Achavanich en 1987\u00a0permitieron\u00a0reproducir una\u00a0imagen\u00a0detallada [&hellip;]\" \/>\n<meta property=\"og:url\" content=\"https:\/\/www.eldiariodetucuman.com\/web\/reconstruyen-cara-de-una-mujer-muerta-hace-4-250-anos\/\" \/>\n<meta property=\"og:site_name\" content=\"El Diario de Tucuman\" \/>\n<meta property=\"article:published_time\" content=\"2018-12-05T15:50:18+00:00\" \/>\n<meta property=\"og:image\" content=\"https:\/\/www.eldiariodetucuman.com\/web\/wp-content\/uploads\/2018\/12\/09131684474da99ed5bd9c714f44bec3.jpeg\" \/>\n\t<meta property=\"og:image:width\" content=\"970\" \/>\n\t<meta property=\"og:image:height\" content=\"546\" \/>\n\t<meta property=\"og:image:type\" content=\"image\/jpeg\" \/>\n<meta name=\"author\" content=\"eldiario detucuman\" \/>\n<meta name=\"twitter:card\" content=\"summary_large_image\" \/>\n<meta name=\"twitter:label1\" content=\"Escrito por\" \/>\n\t<meta name=\"twitter:data1\" content=\"eldiario detucuman\" \/>\n\t<meta name=\"twitter:label2\" content=\"Tiempo de lectura\" \/>\n\t<meta name=\"twitter:data2\" content=\"1 minuto\" \/>\n<script type=\"application\/ld+json\" class=\"yoast-schema-graph\">{\"@context\":\"https:\\\/\\\/schema.org\",\"@graph\":[{\"@type\":\"Article\",\"@id\":\"https:\\\/\\\/www.eldiariodetucuman.com\\\/web\\\/reconstruyen-cara-de-una-mujer-muerta-hace-4-250-anos\\\/#article\",\"isPartOf\":{\"@id\":\"https:\\\/\\\/www.eldiariodetucuman.com\\\/web\\\/reconstruyen-cara-de-una-mujer-muerta-hace-4-250-anos\\\/\"},\"author\":{\"name\":\"eldiario detucuman\",\"@id\":\"https:\\\/\\\/www.eldiariodetucuman.com\\\/web\\\/#\\\/schema\\\/person\\\/6f95946e54fde848b878ffa4928071d5\"},\"headline\":\"Reconstruyen cara de una mujer muerta hace 4.250 a\u00f1os\",\"datePublished\":\"2018-12-05T15:50:18+00:00\",\"mainEntityOfPage\":{\"@id\":\"https:\\\/\\\/www.eldiariodetucuman.com\\\/web\\\/reconstruyen-cara-de-una-mujer-muerta-hace-4-250-anos\\\/\"},\"wordCount\":222,\"commentCount\":0,\"publisher\":{\"@id\":\"https:\\\/\\\/www.eldiariodetucuman.com\\\/web\\\/#organization\"},\"image\":{\"@id\":\"https:\\\/\\\/www.eldiariodetucuman.com\\\/web\\\/reconstruyen-cara-de-una-mujer-muerta-hace-4-250-anos\\\/#primaryimage\"},\"thumbnailUrl\":\"https:\\\/\\\/www.eldiariodetucuman.com\\\/web\\\/wp-content\\\/uploads\\\/2018\\\/12\\\/09131684474da99ed5bd9c714f44bec3.jpeg\",\"articleSection\":[\"Internacionales\"],\"inLanguage\":\"es\",\"potentialAction\":[{\"@type\":\"CommentAction\",\"name\":\"Comment\",\"target\":[\"https:\\\/\\\/www.eldiariodetucuman.com\\\/web\\\/reconstruyen-cara-de-una-mujer-muerta-hace-4-250-anos\\\/#respond\"]}]},{\"@type\":\"WebPage\",\"@id\":\"https:\\\/\\\/www.eldiariodetucuman.com\\\/web\\\/reconstruyen-cara-de-una-mujer-muerta-hace-4-250-anos\\\/\",\"url\":\"https:\\\/\\\/www.eldiariodetucuman.com\\\/web\\\/reconstruyen-cara-de-una-mujer-muerta-hace-4-250-anos\\\/\",\"name\":\"Reconstruyen cara de una mujer muerta hace 4.250 a\u00f1os - El Diario de Tucuman\",\"isPartOf\":{\"@id\":\"https:\\\/\\\/www.eldiariodetucuman.com\\\/web\\\/#website\"},\"primaryImageOfPage\":{\"@id\":\"https:\\\/\\\/www.eldiariodetucuman.com\\\/web\\\/reconstruyen-cara-de-una-mujer-muerta-hace-4-250-anos\\\/#primaryimage\"},\"image\":{\"@id\":\"https:\\\/\\\/www.eldiariodetucuman.com\\\/web\\\/reconstruyen-cara-de-una-mujer-muerta-hace-4-250-anos\\\/#primaryimage\"},\"thumbnailUrl\":\"https:\\\/\\\/www.eldiariodetucuman.com\\\/web\\\/wp-content\\\/uploads\\\/2018\\\/12\\\/09131684474da99ed5bd9c714f44bec3.jpeg\",\"datePublished\":\"2018-12-05T15:50:18+00:00\",\"breadcrumb\":{\"@id\":\"https:\\\/\\\/www.eldiariodetucuman.com\\\/web\\\/reconstruyen-cara-de-una-mujer-muerta-hace-4-250-anos\\\/#breadcrumb\"},\"inLanguage\":\"es\",\"potentialAction\":[{\"@type\":\"ReadAction\",\"target\":[\"https:\\\/\\\/www.eldiariodetucuman.com\\\/web\\\/reconstruyen-cara-de-una-mujer-muerta-hace-4-250-anos\\\/\"]}]},{\"@type\":\"ImageObject\",\"inLanguage\":\"es\",\"@id\":\"https:\\\/\\\/www.eldiariodetucuman.com\\\/web\\\/reconstruyen-cara-de-una-mujer-muerta-hace-4-250-anos\\\/#primaryimage\",\"url\":\"https:\\\/\\\/www.eldiariodetucuman.com\\\/web\\\/wp-content\\\/uploads\\\/2018\\\/12\\\/09131684474da99ed5bd9c714f44bec3.jpeg\",\"contentUrl\":\"https:\\\/\\\/www.eldiariodetucuman.com\\\/web\\\/wp-content\\\/uploads\\\/2018\\\/12\\\/09131684474da99ed5bd9c714f44bec3.jpeg\",\"width\":970,\"height\":546},{\"@type\":\"BreadcrumbList\",\"@id\":\"https:\\\/\\\/www.eldiariodetucuman.com\\\/web\\\/reconstruyen-cara-de-una-mujer-muerta-hace-4-250-anos\\\/#breadcrumb\",\"itemListElement\":[{\"@type\":\"ListItem\",\"position\":1,\"name\":\"Portada\",\"item\":\"https:\\\/\\\/www.eldiariodetucuman.com\\\/web\\\/\"},{\"@type\":\"ListItem\",\"position\":2,\"name\":\"Reconstruyen cara de una mujer muerta hace 4.250 a\u00f1os\"}]},{\"@type\":\"WebSite\",\"@id\":\"https:\\\/\\\/www.eldiariodetucuman.com\\\/web\\\/#website\",\"url\":\"https:\\\/\\\/www.eldiariodetucuman.com\\\/web\\\/\",\"name\":\"El Diario de Tucuman\",\"description\":\"Diario Tucuman - Informaci\u00f3n y noticias\",\"publisher\":{\"@id\":\"https:\\\/\\\/www.eldiariodetucuman.com\\\/web\\\/#organization\"},\"potentialAction\":[{\"@type\":\"SearchAction\",\"target\":{\"@type\":\"EntryPoint\",\"urlTemplate\":\"https:\\\/\\\/www.eldiariodetucuman.com\\\/web\\\/?s={search_term_string}\"},\"query-input\":{\"@type\":\"PropertyValueSpecification\",\"valueRequired\":true,\"valueName\":\"search_term_string\"}}],\"inLanguage\":\"es\"},{\"@type\":\"Organization\",\"@id\":\"https:\\\/\\\/www.eldiariodetucuman.com\\\/web\\\/#organization\",\"name\":\"El Diario de Tucuman\",\"url\":\"https:\\\/\\\/www.eldiariodetucuman.com\\\/web\\\/\",\"logo\":{\"@type\":\"ImageObject\",\"inLanguage\":\"es\",\"@id\":\"https:\\\/\\\/www.eldiariodetucuman.com\\\/web\\\/#\\\/schema\\\/logo\\\/image\\\/\",\"url\":\"http:\\\/\\\/www.eldiariodetucuman.com\\\/web\\\/wp-content\\\/uploads\\\/2017\\\/12\\\/el-diario-de-tucuman.jpg\",\"contentUrl\":\"http:\\\/\\\/www.eldiariodetucuman.com\\\/web\\\/wp-content\\\/uploads\\\/2017\\\/12\\\/el-diario-de-tucuman.jpg\",\"width\":272,\"height\":92,\"caption\":\"El Diario de Tucuman\"},\"image\":{\"@id\":\"https:\\\/\\\/www.eldiariodetucuman.com\\\/web\\\/#\\\/schema\\\/logo\\\/image\\\/\"}},{\"@type\":\"Person\",\"@id\":\"https:\\\/\\\/www.eldiariodetucuman.com\\\/web\\\/#\\\/schema\\\/person\\\/6f95946e54fde848b878ffa4928071d5\",\"name\":\"eldiario detucuman\",\"image\":{\"@type\":\"ImageObject\",\"inLanguage\":\"es\",\"@id\":\"https:\\\/\\\/secure.gravatar.com\\\/avatar\\\/b6e1f89c5c4044c4962c8e6c20b1ca2cc99f549c965908afd4ec5308b3f51bfe?s=96&d=mm&r=g\",\"url\":\"https:\\\/\\\/secure.gravatar.com\\\/avatar\\\/b6e1f89c5c4044c4962c8e6c20b1ca2cc99f549c965908afd4ec5308b3f51bfe?s=96&d=mm&r=g\",\"contentUrl\":\"https:\\\/\\\/secure.gravatar.com\\\/avatar\\\/b6e1f89c5c4044c4962c8e6c20b1ca2cc99f549c965908afd4ec5308b3f51bfe?s=96&d=mm&r=g\",\"caption\":\"eldiario detucuman\"},\"url\":\"https:\\\/\\\/www.eldiariodetucuman.com\\\/web\\\/author\\\/eldiariodetucuman\\\/\"}]}<\/script>\n<!-- \/ Yoast SEO plugin. -->","yoast_head_json":{"title":"Reconstruyen cara de una mujer muerta hace 4.250 a\u00f1os - El Diario de Tucuman","robots":{"index":"index","follow":"follow","max-snippet":"max-snippet:-1","max-image-preview":"max-image-preview:large","max-video-preview":"max-video-preview:-1"},"canonical":"https:\/\/www.eldiariodetucuman.com\/web\/reconstruyen-cara-de-una-mujer-muerta-hace-4-250-anos\/","og_locale":"es_ES","og_type":"article","og_title":"Reconstruyen cara de una mujer muerta hace 4.250 a\u00f1os - El Diario de Tucuman","og_description":"Un an\u00e1lisis del ADN\u00a0sobre restos\u00a0encontrados, incluidos el cr\u00e1neo y algunos dientes,\u00a0en 2016 en lo que hoy es Escocia, Reino Unido, lograron determinar que los mismos pertenecen a\u00a0una joven de unos 18 a\u00f1os que habr\u00eda tenido piel y cabello oscuros y muri\u00f3 hace 4.250 a\u00f1os. Sus restos descubiertos en la localidad de Achavanich en 1987\u00a0permitieron\u00a0reproducir una\u00a0imagen\u00a0detallada [&hellip;]","og_url":"https:\/\/www.eldiariodetucuman.com\/web\/reconstruyen-cara-de-una-mujer-muerta-hace-4-250-anos\/","og_site_name":"El Diario de Tucuman","article_published_time":"2018-12-05T15:50:18+00:00","og_image":[{"width":970,"height":546,"url":"https:\/\/www.eldiariodetucuman.com\/web\/wp-content\/uploads\/2018\/12\/09131684474da99ed5bd9c714f44bec3.jpeg","type":"image\/jpeg"}],"author":"eldiario detucuman","twitter_card":"summary_large_image","twitter_misc":{"Escrito por":"eldiario detucuman","Tiempo de lectura":"1 minuto"},"schema":{"@context":"https:\/\/schema.org","@graph":[{"@type":"Article","@id":"https:\/\/www.eldiariodetucuman.com\/web\/reconstruyen-cara-de-una-mujer-muerta-hace-4-250-anos\/#article","isPartOf":{"@id":"https:\/\/www.eldiariodetucuman.com\/web\/reconstruyen-cara-de-una-mujer-muerta-hace-4-250-anos\/"},"author":{"name":"eldiario detucuman","@id":"https:\/\/www.eldiariodetucuman.com\/web\/#\/schema\/person\/6f95946e54fde848b878ffa4928071d5"},"headline":"Reconstruyen cara de una mujer muerta hace 4.250 a\u00f1os","datePublished":"2018-12-05T15:50:18+00:00","mainEntityOfPage":{"@id":"https:\/\/www.eldiariodetucuman.com\/web\/reconstruyen-cara-de-una-mujer-muerta-hace-4-250-anos\/"},"wordCount":222,"commentCount":0,"publisher":{"@id":"https:\/\/www.eldiariodetucuman.com\/web\/#organization"},"image":{"@id":"https:\/\/www.eldiariodetucuman.com\/web\/reconstruyen-cara-de-una-mujer-muerta-hace-4-250-anos\/#primaryimage"},"thumbnailUrl":"https:\/\/www.eldiariodetucuman.com\/web\/wp-content\/uploads\/2018\/12\/09131684474da99ed5bd9c714f44bec3.jpeg","articleSection":["Internacionales"],"inLanguage":"es","potentialAction":[{"@type":"CommentAction","name":"Comment","target":["https:\/\/www.eldiariodetucuman.com\/web\/reconstruyen-cara-de-una-mujer-muerta-hace-4-250-anos\/#respond"]}]},{"@type":"WebPage","@id":"https:\/\/www.eldiariodetucuman.com\/web\/reconstruyen-cara-de-una-mujer-muerta-hace-4-250-anos\/","url":"https:\/\/www.eldiariodetucuman.com\/web\/reconstruyen-cara-de-una-mujer-muerta-hace-4-250-anos\/","name":"Reconstruyen cara de una mujer muerta hace 4.250 a\u00f1os - El Diario de Tucuman","isPartOf":{"@id":"https:\/\/www.eldiariodetucuman.com\/web\/#website"},"primaryImageOfPage":{"@id":"https:\/\/www.eldiariodetucuman.com\/web\/reconstruyen-cara-de-una-mujer-muerta-hace-4-250-anos\/#primaryimage"},"image":{"@id":"https:\/\/www.eldiariodetucuman.com\/web\/reconstruyen-cara-de-una-mujer-muerta-hace-4-250-anos\/#primaryimage"},"thumbnailUrl":"https:\/\/www.eldiariodetucuman.com\/web\/wp-content\/uploads\/2018\/12\/09131684474da99ed5bd9c714f44bec3.jpeg","datePublished":"2018-12-05T15:50:18+00:00","breadcrumb":{"@id":"https:\/\/www.eldiariodetucuman.com\/web\/reconstruyen-cara-de-una-mujer-muerta-hace-4-250-anos\/#breadcrumb"},"inLanguage":"es","potentialAction":[{"@type":"ReadAction","target":["https:\/\/www.eldiariodetucuman.com\/web\/reconstruyen-cara-de-una-mujer-muerta-hace-4-250-anos\/"]}]},{"@type":"ImageObject","inLanguage":"es","@id":"https:\/\/www.eldiariodetucuman.com\/web\/reconstruyen-cara-de-una-mujer-muerta-hace-4-250-anos\/#primaryimage","url":"https:\/\/www.eldiariodetucuman.com\/web\/wp-content\/uploads\/2018\/12\/09131684474da99ed5bd9c714f44bec3.jpeg","contentUrl":"https:\/\/www.eldiariodetucuman.com\/web\/wp-content\/uploads\/2018\/12\/09131684474da99ed5bd9c714f44bec3.jpeg","width":970,"height":546},{"@type":"BreadcrumbList","@id":"https:\/\/www.eldiariodetucuman.com\/web\/reconstruyen-cara-de-una-mujer-muerta-hace-4-250-anos\/#breadcrumb","itemListElement":[{"@type":"ListItem","position":1,"name":"Portada","item":"https:\/\/www.eldiariodetucuman.com\/web\/"},{"@type":"ListItem","position":2,"name":"Reconstruyen cara de una mujer muerta hace 4.250 a\u00f1os"}]},{"@type":"WebSite","@id":"https:\/\/www.eldiariodetucuman.com\/web\/#website","url":"https:\/\/www.eldiariodetucuman.com\/web\/","name":"El Diario de Tucuman","description":"Diario Tucuman - Informaci\u00f3n y noticias","publisher":{"@id":"https:\/\/www.eldiariodetucuman.com\/web\/#organization"},"potentialAction":[{"@type":"SearchAction","target":{"@type":"EntryPoint","urlTemplate":"https:\/\/www.eldiariodetucuman.com\/web\/?s={search_term_string}"},"query-input":{"@type":"PropertyValueSpecification","valueRequired":true,"valueName":"search_term_string"}}],"inLanguage":"es"},{"@type":"Organization","@id":"https:\/\/www.eldiariodetucuman.com\/web\/#organization","name":"El Diario de Tucuman","url":"https:\/\/www.eldiariodetucuman.com\/web\/","logo":{"@type":"ImageObject","inLanguage":"es","@id":"https:\/\/www.eldiariodetucuman.com\/web\/#\/schema\/logo\/image\/","url":"http:\/\/www.eldiariodetucuman.com\/web\/wp-content\/uploads\/2017\/12\/el-diario-de-tucuman.jpg","contentUrl":"http:\/\/www.eldiariodetucuman.com\/web\/wp-content\/uploads\/2017\/12\/el-diario-de-tucuman.jpg","width":272,"height":92,"caption":"El Diario de Tucuman"},"image":{"@id":"https:\/\/www.eldiariodetucuman.com\/web\/#\/schema\/logo\/image\/"}},{"@type":"Person","@id":"https:\/\/www.eldiariodetucuman.com\/web\/#\/schema\/person\/6f95946e54fde848b878ffa4928071d5","name":"eldiario detucuman","image":{"@type":"ImageObject","inLanguage":"es","@id":"https:\/\/secure.gravatar.com\/avatar\/b6e1f89c5c4044c4962c8e6c20b1ca2cc99f549c965908afd4ec5308b3f51bfe?s=96&d=mm&r=g","url":"https:\/\/secure.gravatar.com\/avatar\/b6e1f89c5c4044c4962c8e6c20b1ca2cc99f549c965908afd4ec5308b3f51bfe?s=96&d=mm&r=g","contentUrl":"https:\/\/secure.gravatar.com\/avatar\/b6e1f89c5c4044c4962c8e6c20b1ca2cc99f549c965908afd4ec5308b3f51bfe?s=96&d=mm&r=g","caption":"eldiario detucuman"},"url":"https:\/\/www.eldiariodetucuman.com\/web\/author\/eldiariodetucuman\/"}]}},"_links":{"self":[{"href":"https:\/\/www.eldiariodetucuman.com\/web\/wp-json\/wp\/v2\/posts\/20251","targetHints":{"allow":["GET"]}}],"collection":[{"href":"https:\/\/www.eldiariodetucuman.com\/web\/wp-json\/wp\/v2\/posts"}],"about":[{"href":"https:\/\/www.eldiariodetucuman.com\/web\/wp-json\/wp\/v2\/types\/post"}],"author":[{"embeddable":true,"href":"https:\/\/www.eldiariodetucuman.com\/web\/wp-json\/wp\/v2\/users\/4"}],"replies":[{"embeddable":true,"href":"https:\/\/www.eldiariodetucuman.com\/web\/wp-json\/wp\/v2\/comments?post=20251"}],"version-history":[{"count":0,"href":"https:\/\/www.eldiariodetucuman.com\/web\/wp-json\/wp\/v2\/posts\/20251\/revisions"}],"wp:featuredmedia":[{"embeddable":true,"href":"https:\/\/www.eldiariodetucuman.com\/web\/wp-json\/wp\/v2\/media\/20252"}],"wp:attachment":[{"href":"https:\/\/www.eldiariodetucuman.com\/web\/wp-json\/wp\/v2\/media?parent=20251"}],"wp:term":[{"taxonomy":"category","embeddable":true,"href":"https:\/\/www.eldiariodetucuman.com\/web\/wp-json\/wp\/v2\/categories?post=20251"},{"taxonomy":"post_tag","embeddable":true,"href":"https:\/\/www.eldiariodetucuman.com\/web\/wp-json\/wp\/v2\/tags?post=20251"}],"curies":[{"name":"wp","href":"https:\/\/api.w.org\/{rel}","templated":true}]}}