{"id":20248,"date":"2018-12-05T12:37:04","date_gmt":"2018-12-05T15:37:04","guid":{"rendered":"http:\/\/www.eldiariodetucuman.com\/web\/si-un-pibe-no-tiene-ninguna-posibilidad-de-trabajo-y-cae-con-los-narcos-la-culpa-es-del-estado\/"},"modified":"2018-12-05T12:37:07","modified_gmt":"2018-12-05T15:37:07","slug":"si-un-pibe-no-tiene-ninguna-posibilidad-de-trabajo-y-cae-con-los-narcos-la-culpa-es-del-estado","status":"publish","type":"post","link":"https:\/\/www.eldiariodetucuman.com\/web\/si-un-pibe-no-tiene-ninguna-posibilidad-de-trabajo-y-cae-con-los-narcos-la-culpa-es-del-estado\/","title":{"rendered":"\u00abSi un pibe no tiene ninguna posibilidad de trabajo y cae con los narcos, la culpa es del Estado\u00bb"},"content":{"rendered":"<div>\n<div readability=\"67.452310300975\">\n<p><strong>&#8220;Hay que garantizar que la fuerza policial no tenga connivencia con el delito&#8221;<\/strong>, sentenci\u00f3 <a href=\"https:\/\/www.elintransigente.com\/noticias\/buscar\/?buscar=agustin+rossi\">Agust\u00edn Rossi<\/a>, titular del bloque del Frente para la Victoria &#8211; Unidad Ciudadana, en referencia a la nueva reglamentaci\u00f3n del uso de <a href=\"https:\/\/www.elintransigente.com\/noticias\/buscar\/?buscar=armas+de+fuego\">armas<\/a>, presentada por Patricia Bullrich. Con una clara posici\u00f3n contraria, desde su espacio pol\u00edtico se impuls\u00f3 un proyecto para parar tal resoluci\u00f3n.<\/p>\n<p>&#8220;En lugar de garantizar que las fuerzas funcionen en un sentido, les da autonom\u00eda y menos control del poder civil&#8221;, <strong>se\u00f1al\u00f3 el legislador,<\/strong> en di\u00e1logo con Radio 10, y destac\u00f3 que si bien los presentan como mano justo, en realidad es una forma de &#8220;darle un empoderamiento y mayor autonom\u00eda a las fuerzas de seguridad, que generar\u00e1 un aumento de la violencia y aparecer\u00e1n las caras m\u00e1s crueles de esa autonom\u00eda, con la ca\u00edda de v\u00edctimas inocentes&#8221;.<\/p>\n<aside class=\"htmlinline \"><!-- politica 2 300 x 250 imagen --><ins class=\"adsbygoogle\" data-ad-client=\"ca-pub-7781556717282971\" data-ad-slot=\"3120775563\"><\/ins><br \/>\n<\/aside>\n<p>Tras se\u00f1alar que el problema de la seguridad es algo grave que el Gobierno no pudo resolver en tres a\u00f1os, Rossi se\u00f1ala que, con esta reglamentaci\u00f3n, los polic\u00edas disparar\u00e1n y aumentaran las condiciones de inseguridad. &#8220;Ac\u00e1 el \u00abalto\u00bb no existir\u00e1 m\u00e1s, disparar\u00e1n directamente. Y en cualquier situaci\u00f3n confusa, con el peligro inminente, que es muy dif\u00edcil de calificar, podr\u00e1n disparar&#8221;,<strong> agreg\u00f3.<\/strong><\/p>\n<p>En ese sentido, el legislador explic\u00f3 que la mirada progresista tiene en cuenta que el eje de la actuaci\u00f3n de las fuerzas de seguridad tiene que ser la cuesti\u00f3n preventiva. &#8220;Si comenzamos a trabajar una vez que se cometi\u00f3 el delito, ya tenemos una v\u00edctima, y a esa v\u00edctima nadie le devuelve la vida&#8221;, se\u00f1al\u00f3.<\/p>\n<aside class=\"htmlinline \"><!-- politica 5 300 x 250 texto mas imagen --><ins class=\"adsbygoogle\" data-ad-client=\"ca-pub-7781556717282971\" data-ad-slot=\"3033145653\"><\/ins><br \/>\n<\/aside>\n<p>&#8220;El camino que est\u00e1 llevando es un camino absolutamente equivocado.&#8221;, estableci\u00f3, vali\u00e9ndose de los indicadores de inseguridad. En esta l\u00ednea, apunt\u00f3 que se debe actuar con mayor inteligencia criminal para desbaratar las organizaciones delictivas. &#8220;Si no hay trabajo, la alternativa de las organizaciones narcos pesa con mayor potencia. Si un pibe no tiene ninguna posibilidad de trabajo y termina en una organizaci\u00f3n narco, la culpa es del Estado&#8221;, <strong>sentenci\u00f3.<\/strong><\/p>\n<p>Por \u00faltimo, el legislador concluy\u00f3 en que si le dan m\u00e1s empoderamiento a las fuerzas de seguridad, van por el camino equivocado. &#8220;Deben garantizar que los v\u00ednculos entre las fuerzas de seguridad y el mundo del delito no existan. El Gobierno tiene que tener una mirada distinta, que accione preventivamente&#8221;.<\/p>\n<\/div>\n<\/div>\n<p>Fuente: https:\/\/www.elintransigente.com\/politica\/2018\/12\/5\/si-un-pibe-no-tiene-ninguna-posibilidad-de-trabajo-cae-con-los-narcos-la-culpa-es-del-estado-527617.html<\/p>\n","protected":false},"excerpt":{"rendered":"<p>&#8220;Hay que garantizar que la fuerza policial no tenga connivencia con el delito&#8221;, sentenci\u00f3 Agust\u00edn Rossi, titular del bloque del Frente para la Victoria &#8211; Unidad Ciudadana, en referencia a la nueva reglamentaci\u00f3n del uso de armas, presentada por Patricia Bullrich. Con una clara posici\u00f3n contraria, desde su espacio pol\u00edtico se impuls\u00f3 un proyecto para [&hellip;]<\/p>\n","protected":false},"author":1,"featured_media":20249,"comment_status":"open","ping_status":"closed","sticky":false,"template":"","format":"standard","meta":{"footnotes":""},"categories":[1],"tags":[],"class_list":{"0":"post-20248","1":"post","2":"type-post","3":"status-publish","4":"format-standard","5":"has-post-thumbnail","7":"category-portada"},"yoast_head":"<!-- This site is optimized with the Yoast SEO plugin v27.4 - https:\/\/yoast.com\/product\/yoast-seo-wordpress\/ -->\n<title>&quot;Si un pibe no tiene ninguna posibilidad de trabajo y cae con los narcos, la culpa es del Estado&quot; - El Diario de Tucuman<\/title>\n<meta name=\"robots\" content=\"index, follow, max-snippet:-1, max-image-preview:large, max-video-preview:-1\" \/>\n<link rel=\"canonical\" href=\"https:\/\/www.eldiariodetucuman.com\/web\/si-un-pibe-no-tiene-ninguna-posibilidad-de-trabajo-y-cae-con-los-narcos-la-culpa-es-del-estado\/\" \/>\n<meta property=\"og:locale\" content=\"es_ES\" \/>\n<meta property=\"og:type\" content=\"article\" \/>\n<meta property=\"og:title\" content=\"&quot;Si un pibe no tiene ninguna posibilidad de trabajo y cae con los narcos, la culpa es del Estado&quot; - El Diario de Tucuman\" \/>\n<meta property=\"og:description\" content=\"&#8220;Hay que garantizar que la fuerza policial no tenga connivencia con el delito&#8221;, sentenci\u00f3 Agust\u00edn Rossi, titular del bloque del Frente para la Victoria &#8211; Unidad Ciudadana, en referencia a la nueva reglamentaci\u00f3n del uso de armas, presentada por Patricia Bullrich. Con una clara posici\u00f3n contraria, desde su espacio pol\u00edtico se impuls\u00f3 un proyecto para [&hellip;]\" \/>\n<meta property=\"og:url\" content=\"https:\/\/www.eldiariodetucuman.com\/web\/si-un-pibe-no-tiene-ninguna-posibilidad-de-trabajo-y-cae-con-los-narcos-la-culpa-es-del-estado\/\" \/>\n<meta property=\"og:site_name\" content=\"El Diario de Tucuman\" \/>\n<meta property=\"article:published_time\" content=\"2018-12-05T15:37:04+00:00\" \/>\n<meta property=\"article:modified_time\" content=\"2018-12-05T15:37:07+00:00\" \/>\n<meta property=\"og:image\" content=\"https:\/\/www.eldiariodetucuman.com\/web\/wp-content\/uploads\/2018\/12\/335c6dc441c89ef0d9d804026532fdf6.jpeg\" \/>\n\t<meta property=\"og:image:width\" content=\"960\" \/>\n\t<meta property=\"og:image:height\" content=\"1706\" \/>\n\t<meta property=\"og:image:type\" content=\"image\/jpeg\" \/>\n<meta name=\"author\" content=\"admin\" \/>\n<meta name=\"twitter:card\" content=\"summary_large_image\" \/>\n<meta name=\"twitter:label1\" content=\"Escrito por\" \/>\n\t<meta name=\"twitter:data1\" content=\"admin\" \/>\n\t<meta name=\"twitter:label2\" content=\"Tiempo de lectura\" \/>\n\t<meta name=\"twitter:data2\" content=\"2 minutos\" \/>\n<script type=\"application\/ld+json\" class=\"yoast-schema-graph\">{\"@context\":\"https:\\\/\\\/schema.org\",\"@graph\":[{\"@type\":\"Article\",\"@id\":\"https:\\\/\\\/www.eldiariodetucuman.com\\\/web\\\/si-un-pibe-no-tiene-ninguna-posibilidad-de-trabajo-y-cae-con-los-narcos-la-culpa-es-del-estado\\\/#article\",\"isPartOf\":{\"@id\":\"https:\\\/\\\/www.eldiariodetucuman.com\\\/web\\\/si-un-pibe-no-tiene-ninguna-posibilidad-de-trabajo-y-cae-con-los-narcos-la-culpa-es-del-estado\\\/\"},\"author\":{\"name\":\"admin\",\"@id\":\"https:\\\/\\\/www.eldiariodetucuman.com\\\/web\\\/#\\\/schema\\\/person\\\/9250197d75ab5483412e19678b121caa\"},\"headline\":\"\u00abSi un pibe no tiene ninguna posibilidad de trabajo y cae con los narcos, la culpa es del Estado\u00bb\",\"datePublished\":\"2018-12-05T15:37:04+00:00\",\"dateModified\":\"2018-12-05T15:37:07+00:00\",\"mainEntityOfPage\":{\"@id\":\"https:\\\/\\\/www.eldiariodetucuman.com\\\/web\\\/si-un-pibe-no-tiene-ninguna-posibilidad-de-trabajo-y-cae-con-los-narcos-la-culpa-es-del-estado\\\/\"},\"wordCount\":430,\"commentCount\":0,\"publisher\":{\"@id\":\"https:\\\/\\\/www.eldiariodetucuman.com\\\/web\\\/#organization\"},\"image\":{\"@id\":\"https:\\\/\\\/www.eldiariodetucuman.com\\\/web\\\/si-un-pibe-no-tiene-ninguna-posibilidad-de-trabajo-y-cae-con-los-narcos-la-culpa-es-del-estado\\\/#primaryimage\"},\"thumbnailUrl\":\"https:\\\/\\\/www.eldiariodetucuman.com\\\/web\\\/wp-content\\\/uploads\\\/2018\\\/12\\\/335c6dc441c89ef0d9d804026532fdf6.jpeg\",\"articleSection\":[\"Portada\"],\"inLanguage\":\"es\",\"potentialAction\":[{\"@type\":\"CommentAction\",\"name\":\"Comment\",\"target\":[\"https:\\\/\\\/www.eldiariodetucuman.com\\\/web\\\/si-un-pibe-no-tiene-ninguna-posibilidad-de-trabajo-y-cae-con-los-narcos-la-culpa-es-del-estado\\\/#respond\"]}]},{\"@type\":\"WebPage\",\"@id\":\"https:\\\/\\\/www.eldiariodetucuman.com\\\/web\\\/si-un-pibe-no-tiene-ninguna-posibilidad-de-trabajo-y-cae-con-los-narcos-la-culpa-es-del-estado\\\/\",\"url\":\"https:\\\/\\\/www.eldiariodetucuman.com\\\/web\\\/si-un-pibe-no-tiene-ninguna-posibilidad-de-trabajo-y-cae-con-los-narcos-la-culpa-es-del-estado\\\/\",\"name\":\"\\\"Si un pibe no tiene ninguna posibilidad de trabajo y cae con los narcos, la culpa es del Estado\\\" - El Diario de Tucuman\",\"isPartOf\":{\"@id\":\"https:\\\/\\\/www.eldiariodetucuman.com\\\/web\\\/#website\"},\"primaryImageOfPage\":{\"@id\":\"https:\\\/\\\/www.eldiariodetucuman.com\\\/web\\\/si-un-pibe-no-tiene-ninguna-posibilidad-de-trabajo-y-cae-con-los-narcos-la-culpa-es-del-estado\\\/#primaryimage\"},\"image\":{\"@id\":\"https:\\\/\\\/www.eldiariodetucuman.com\\\/web\\\/si-un-pibe-no-tiene-ninguna-posibilidad-de-trabajo-y-cae-con-los-narcos-la-culpa-es-del-estado\\\/#primaryimage\"},\"thumbnailUrl\":\"https:\\\/\\\/www.eldiariodetucuman.com\\\/web\\\/wp-content\\\/uploads\\\/2018\\\/12\\\/335c6dc441c89ef0d9d804026532fdf6.jpeg\",\"datePublished\":\"2018-12-05T15:37:04+00:00\",\"dateModified\":\"2018-12-05T15:37:07+00:00\",\"breadcrumb\":{\"@id\":\"https:\\\/\\\/www.eldiariodetucuman.com\\\/web\\\/si-un-pibe-no-tiene-ninguna-posibilidad-de-trabajo-y-cae-con-los-narcos-la-culpa-es-del-estado\\\/#breadcrumb\"},\"inLanguage\":\"es\",\"potentialAction\":[{\"@type\":\"ReadAction\",\"target\":[\"https:\\\/\\\/www.eldiariodetucuman.com\\\/web\\\/si-un-pibe-no-tiene-ninguna-posibilidad-de-trabajo-y-cae-con-los-narcos-la-culpa-es-del-estado\\\/\"]}]},{\"@type\":\"ImageObject\",\"inLanguage\":\"es\",\"@id\":\"https:\\\/\\\/www.eldiariodetucuman.com\\\/web\\\/si-un-pibe-no-tiene-ninguna-posibilidad-de-trabajo-y-cae-con-los-narcos-la-culpa-es-del-estado\\\/#primaryimage\",\"url\":\"https:\\\/\\\/www.eldiariodetucuman.com\\\/web\\\/wp-content\\\/uploads\\\/2018\\\/12\\\/335c6dc441c89ef0d9d804026532fdf6.jpeg\",\"contentUrl\":\"https:\\\/\\\/www.eldiariodetucuman.com\\\/web\\\/wp-content\\\/uploads\\\/2018\\\/12\\\/335c6dc441c89ef0d9d804026532fdf6.jpeg\",\"width\":960,\"height\":1706},{\"@type\":\"BreadcrumbList\",\"@id\":\"https:\\\/\\\/www.eldiariodetucuman.com\\\/web\\\/si-un-pibe-no-tiene-ninguna-posibilidad-de-trabajo-y-cae-con-los-narcos-la-culpa-es-del-estado\\\/#breadcrumb\",\"itemListElement\":[{\"@type\":\"ListItem\",\"position\":1,\"name\":\"Portada\",\"item\":\"https:\\\/\\\/www.eldiariodetucuman.com\\\/web\\\/\"},{\"@type\":\"ListItem\",\"position\":2,\"name\":\"\u00abSi un pibe no tiene ninguna posibilidad de trabajo y cae con los narcos, la culpa es del Estado\u00bb\"}]},{\"@type\":\"WebSite\",\"@id\":\"https:\\\/\\\/www.eldiariodetucuman.com\\\/web\\\/#website\",\"url\":\"https:\\\/\\\/www.eldiariodetucuman.com\\\/web\\\/\",\"name\":\"El Diario de Tucuman\",\"description\":\"Diario Tucuman - Informaci\u00f3n y noticias\",\"publisher\":{\"@id\":\"https:\\\/\\\/www.eldiariodetucuman.com\\\/web\\\/#organization\"},\"potentialAction\":[{\"@type\":\"SearchAction\",\"target\":{\"@type\":\"EntryPoint\",\"urlTemplate\":\"https:\\\/\\\/www.eldiariodetucuman.com\\\/web\\\/?s={search_term_string}\"},\"query-input\":{\"@type\":\"PropertyValueSpecification\",\"valueRequired\":true,\"valueName\":\"search_term_string\"}}],\"inLanguage\":\"es\"},{\"@type\":\"Organization\",\"@id\":\"https:\\\/\\\/www.eldiariodetucuman.com\\\/web\\\/#organization\",\"name\":\"El Diario de Tucuman\",\"url\":\"https:\\\/\\\/www.eldiariodetucuman.com\\\/web\\\/\",\"logo\":{\"@type\":\"ImageObject\",\"inLanguage\":\"es\",\"@id\":\"https:\\\/\\\/www.eldiariodetucuman.com\\\/web\\\/#\\\/schema\\\/logo\\\/image\\\/\",\"url\":\"http:\\\/\\\/www.eldiariodetucuman.com\\\/web\\\/wp-content\\\/uploads\\\/2017\\\/12\\\/el-diario-de-tucuman.jpg\",\"contentUrl\":\"http:\\\/\\\/www.eldiariodetucuman.com\\\/web\\\/wp-content\\\/uploads\\\/2017\\\/12\\\/el-diario-de-tucuman.jpg\",\"width\":272,\"height\":92,\"caption\":\"El Diario de Tucuman\"},\"image\":{\"@id\":\"https:\\\/\\\/www.eldiariodetucuman.com\\\/web\\\/#\\\/schema\\\/logo\\\/image\\\/\"}},{\"@type\":\"Person\",\"@id\":\"https:\\\/\\\/www.eldiariodetucuman.com\\\/web\\\/#\\\/schema\\\/person\\\/9250197d75ab5483412e19678b121caa\",\"name\":\"admin\",\"image\":{\"@type\":\"ImageObject\",\"inLanguage\":\"es\",\"@id\":\"https:\\\/\\\/secure.gravatar.com\\\/avatar\\\/c44d117c2be811212c22cb481f6b8384b6873de103fbc49e7a03cc58d7dea4ac?s=96&d=mm&r=g\",\"url\":\"https:\\\/\\\/secure.gravatar.com\\\/avatar\\\/c44d117c2be811212c22cb481f6b8384b6873de103fbc49e7a03cc58d7dea4ac?s=96&d=mm&r=g\",\"contentUrl\":\"https:\\\/\\\/secure.gravatar.com\\\/avatar\\\/c44d117c2be811212c22cb481f6b8384b6873de103fbc49e7a03cc58d7dea4ac?s=96&d=mm&r=g\",\"caption\":\"admin\"},\"url\":\"https:\\\/\\\/www.eldiariodetucuman.com\\\/web\\\/author\\\/admin\\\/\"}]}<\/script>\n<!-- \/ Yoast SEO plugin. -->","yoast_head_json":{"title":"\"Si un pibe no tiene ninguna posibilidad de trabajo y cae con los narcos, la culpa es del Estado\" - El Diario de Tucuman","robots":{"index":"index","follow":"follow","max-snippet":"max-snippet:-1","max-image-preview":"max-image-preview:large","max-video-preview":"max-video-preview:-1"},"canonical":"https:\/\/www.eldiariodetucuman.com\/web\/si-un-pibe-no-tiene-ninguna-posibilidad-de-trabajo-y-cae-con-los-narcos-la-culpa-es-del-estado\/","og_locale":"es_ES","og_type":"article","og_title":"\"Si un pibe no tiene ninguna posibilidad de trabajo y cae con los narcos, la culpa es del Estado\" - El Diario de Tucuman","og_description":"&#8220;Hay que garantizar que la fuerza policial no tenga connivencia con el delito&#8221;, sentenci\u00f3 Agust\u00edn Rossi, titular del bloque del Frente para la Victoria &#8211; Unidad Ciudadana, en referencia a la nueva reglamentaci\u00f3n del uso de armas, presentada por Patricia Bullrich. Con una clara posici\u00f3n contraria, desde su espacio pol\u00edtico se impuls\u00f3 un proyecto para [&hellip;]","og_url":"https:\/\/www.eldiariodetucuman.com\/web\/si-un-pibe-no-tiene-ninguna-posibilidad-de-trabajo-y-cae-con-los-narcos-la-culpa-es-del-estado\/","og_site_name":"El Diario de Tucuman","article_published_time":"2018-12-05T15:37:04+00:00","article_modified_time":"2018-12-05T15:37:07+00:00","og_image":[{"width":960,"height":1706,"url":"https:\/\/www.eldiariodetucuman.com\/web\/wp-content\/uploads\/2018\/12\/335c6dc441c89ef0d9d804026532fdf6.jpeg","type":"image\/jpeg"}],"author":"admin","twitter_card":"summary_large_image","twitter_misc":{"Escrito por":"admin","Tiempo de lectura":"2 minutos"},"schema":{"@context":"https:\/\/schema.org","@graph":[{"@type":"Article","@id":"https:\/\/www.eldiariodetucuman.com\/web\/si-un-pibe-no-tiene-ninguna-posibilidad-de-trabajo-y-cae-con-los-narcos-la-culpa-es-del-estado\/#article","isPartOf":{"@id":"https:\/\/www.eldiariodetucuman.com\/web\/si-un-pibe-no-tiene-ninguna-posibilidad-de-trabajo-y-cae-con-los-narcos-la-culpa-es-del-estado\/"},"author":{"name":"admin","@id":"https:\/\/www.eldiariodetucuman.com\/web\/#\/schema\/person\/9250197d75ab5483412e19678b121caa"},"headline":"\u00abSi un pibe no tiene ninguna posibilidad de trabajo y cae con los narcos, la culpa es del Estado\u00bb","datePublished":"2018-12-05T15:37:04+00:00","dateModified":"2018-12-05T15:37:07+00:00","mainEntityOfPage":{"@id":"https:\/\/www.eldiariodetucuman.com\/web\/si-un-pibe-no-tiene-ninguna-posibilidad-de-trabajo-y-cae-con-los-narcos-la-culpa-es-del-estado\/"},"wordCount":430,"commentCount":0,"publisher":{"@id":"https:\/\/www.eldiariodetucuman.com\/web\/#organization"},"image":{"@id":"https:\/\/www.eldiariodetucuman.com\/web\/si-un-pibe-no-tiene-ninguna-posibilidad-de-trabajo-y-cae-con-los-narcos-la-culpa-es-del-estado\/#primaryimage"},"thumbnailUrl":"https:\/\/www.eldiariodetucuman.com\/web\/wp-content\/uploads\/2018\/12\/335c6dc441c89ef0d9d804026532fdf6.jpeg","articleSection":["Portada"],"inLanguage":"es","potentialAction":[{"@type":"CommentAction","name":"Comment","target":["https:\/\/www.eldiariodetucuman.com\/web\/si-un-pibe-no-tiene-ninguna-posibilidad-de-trabajo-y-cae-con-los-narcos-la-culpa-es-del-estado\/#respond"]}]},{"@type":"WebPage","@id":"https:\/\/www.eldiariodetucuman.com\/web\/si-un-pibe-no-tiene-ninguna-posibilidad-de-trabajo-y-cae-con-los-narcos-la-culpa-es-del-estado\/","url":"https:\/\/www.eldiariodetucuman.com\/web\/si-un-pibe-no-tiene-ninguna-posibilidad-de-trabajo-y-cae-con-los-narcos-la-culpa-es-del-estado\/","name":"\"Si un pibe no tiene ninguna posibilidad de trabajo y cae con los narcos, la culpa es del Estado\" - El Diario de Tucuman","isPartOf":{"@id":"https:\/\/www.eldiariodetucuman.com\/web\/#website"},"primaryImageOfPage":{"@id":"https:\/\/www.eldiariodetucuman.com\/web\/si-un-pibe-no-tiene-ninguna-posibilidad-de-trabajo-y-cae-con-los-narcos-la-culpa-es-del-estado\/#primaryimage"},"image":{"@id":"https:\/\/www.eldiariodetucuman.com\/web\/si-un-pibe-no-tiene-ninguna-posibilidad-de-trabajo-y-cae-con-los-narcos-la-culpa-es-del-estado\/#primaryimage"},"thumbnailUrl":"https:\/\/www.eldiariodetucuman.com\/web\/wp-content\/uploads\/2018\/12\/335c6dc441c89ef0d9d804026532fdf6.jpeg","datePublished":"2018-12-05T15:37:04+00:00","dateModified":"2018-12-05T15:37:07+00:00","breadcrumb":{"@id":"https:\/\/www.eldiariodetucuman.com\/web\/si-un-pibe-no-tiene-ninguna-posibilidad-de-trabajo-y-cae-con-los-narcos-la-culpa-es-del-estado\/#breadcrumb"},"inLanguage":"es","potentialAction":[{"@type":"ReadAction","target":["https:\/\/www.eldiariodetucuman.com\/web\/si-un-pibe-no-tiene-ninguna-posibilidad-de-trabajo-y-cae-con-los-narcos-la-culpa-es-del-estado\/"]}]},{"@type":"ImageObject","inLanguage":"es","@id":"https:\/\/www.eldiariodetucuman.com\/web\/si-un-pibe-no-tiene-ninguna-posibilidad-de-trabajo-y-cae-con-los-narcos-la-culpa-es-del-estado\/#primaryimage","url":"https:\/\/www.eldiariodetucuman.com\/web\/wp-content\/uploads\/2018\/12\/335c6dc441c89ef0d9d804026532fdf6.jpeg","contentUrl":"https:\/\/www.eldiariodetucuman.com\/web\/wp-content\/uploads\/2018\/12\/335c6dc441c89ef0d9d804026532fdf6.jpeg","width":960,"height":1706},{"@type":"BreadcrumbList","@id":"https:\/\/www.eldiariodetucuman.com\/web\/si-un-pibe-no-tiene-ninguna-posibilidad-de-trabajo-y-cae-con-los-narcos-la-culpa-es-del-estado\/#breadcrumb","itemListElement":[{"@type":"ListItem","position":1,"name":"Portada","item":"https:\/\/www.eldiariodetucuman.com\/web\/"},{"@type":"ListItem","position":2,"name":"\u00abSi un pibe no tiene ninguna posibilidad de trabajo y cae con los narcos, la culpa es del Estado\u00bb"}]},{"@type":"WebSite","@id":"https:\/\/www.eldiariodetucuman.com\/web\/#website","url":"https:\/\/www.eldiariodetucuman.com\/web\/","name":"El Diario de Tucuman","description":"Diario Tucuman - Informaci\u00f3n y noticias","publisher":{"@id":"https:\/\/www.eldiariodetucuman.com\/web\/#organization"},"potentialAction":[{"@type":"SearchAction","target":{"@type":"EntryPoint","urlTemplate":"https:\/\/www.eldiariodetucuman.com\/web\/?s={search_term_string}"},"query-input":{"@type":"PropertyValueSpecification","valueRequired":true,"valueName":"search_term_string"}}],"inLanguage":"es"},{"@type":"Organization","@id":"https:\/\/www.eldiariodetucuman.com\/web\/#organization","name":"El Diario de Tucuman","url":"https:\/\/www.eldiariodetucuman.com\/web\/","logo":{"@type":"ImageObject","inLanguage":"es","@id":"https:\/\/www.eldiariodetucuman.com\/web\/#\/schema\/logo\/image\/","url":"http:\/\/www.eldiariodetucuman.com\/web\/wp-content\/uploads\/2017\/12\/el-diario-de-tucuman.jpg","contentUrl":"http:\/\/www.eldiariodetucuman.com\/web\/wp-content\/uploads\/2017\/12\/el-diario-de-tucuman.jpg","width":272,"height":92,"caption":"El Diario de Tucuman"},"image":{"@id":"https:\/\/www.eldiariodetucuman.com\/web\/#\/schema\/logo\/image\/"}},{"@type":"Person","@id":"https:\/\/www.eldiariodetucuman.com\/web\/#\/schema\/person\/9250197d75ab5483412e19678b121caa","name":"admin","image":{"@type":"ImageObject","inLanguage":"es","@id":"https:\/\/secure.gravatar.com\/avatar\/c44d117c2be811212c22cb481f6b8384b6873de103fbc49e7a03cc58d7dea4ac?s=96&d=mm&r=g","url":"https:\/\/secure.gravatar.com\/avatar\/c44d117c2be811212c22cb481f6b8384b6873de103fbc49e7a03cc58d7dea4ac?s=96&d=mm&r=g","contentUrl":"https:\/\/secure.gravatar.com\/avatar\/c44d117c2be811212c22cb481f6b8384b6873de103fbc49e7a03cc58d7dea4ac?s=96&d=mm&r=g","caption":"admin"},"url":"https:\/\/www.eldiariodetucuman.com\/web\/author\/admin\/"}]}},"_links":{"self":[{"href":"https:\/\/www.eldiariodetucuman.com\/web\/wp-json\/wp\/v2\/posts\/20248","targetHints":{"allow":["GET"]}}],"collection":[{"href":"https:\/\/www.eldiariodetucuman.com\/web\/wp-json\/wp\/v2\/posts"}],"about":[{"href":"https:\/\/www.eldiariodetucuman.com\/web\/wp-json\/wp\/v2\/types\/post"}],"author":[{"embeddable":true,"href":"https:\/\/www.eldiariodetucuman.com\/web\/wp-json\/wp\/v2\/users\/1"}],"replies":[{"embeddable":true,"href":"https:\/\/www.eldiariodetucuman.com\/web\/wp-json\/wp\/v2\/comments?post=20248"}],"version-history":[{"count":1,"href":"https:\/\/www.eldiariodetucuman.com\/web\/wp-json\/wp\/v2\/posts\/20248\/revisions"}],"predecessor-version":[{"id":20250,"href":"https:\/\/www.eldiariodetucuman.com\/web\/wp-json\/wp\/v2\/posts\/20248\/revisions\/20250"}],"wp:featuredmedia":[{"embeddable":true,"href":"https:\/\/www.eldiariodetucuman.com\/web\/wp-json\/wp\/v2\/media\/20249"}],"wp:attachment":[{"href":"https:\/\/www.eldiariodetucuman.com\/web\/wp-json\/wp\/v2\/media?parent=20248"}],"wp:term":[{"taxonomy":"category","embeddable":true,"href":"https:\/\/www.eldiariodetucuman.com\/web\/wp-json\/wp\/v2\/categories?post=20248"},{"taxonomy":"post_tag","embeddable":true,"href":"https:\/\/www.eldiariodetucuman.com\/web\/wp-json\/wp\/v2\/tags?post=20248"}],"curies":[{"name":"wp","href":"https:\/\/api.w.org\/{rel}","templated":true}]}}