{"id":20245,"date":"2018-12-05T12:08:53","date_gmt":"2018-12-05T15:08:53","guid":{"rendered":"http:\/\/www.eldiariodetucuman.com\/web\/optimizan-una-nueva-red-de-caneria-cloacal-en-el-barrio-santa-rita-2\/"},"modified":"2018-12-05T12:08:53","modified_gmt":"2018-12-05T15:08:53","slug":"optimizan-una-nueva-red-de-caneria-cloacal-en-el-barrio-santa-rita-2","status":"publish","type":"post","link":"https:\/\/www.eldiariodetucuman.com\/web\/optimizan-una-nueva-red-de-caneria-cloacal-en-el-barrio-santa-rita-2\/","title":{"rendered":"Optimizan una nueva red de ca\u00f1er\u00eda cloacal en el barrio Santa Rita"},"content":{"rendered":"<div>\n<div readability=\"72.259982253771\">\n<p>El gobernador,<strong> Juan Manzur<\/strong>, esta ma\u00f1ana\u00a0visit\u00f3 el barrio Santa Rita\u00a0de la Capital tucumana para supervisar las obras que la Sociedad Aguas del Tucum\u00e1n (SAT) est\u00e1 realizando en el lugar, en conjunto con el Ente de Infraestructura Comunitaria (EIC).<\/p>\n<blockquote readability=\"11\">\n<p>Se renov\u00f3 la ca\u00f1er\u00eda cloacal en su totalidad. Eran estructuras que cumplieron su ciclo y hoy las familias de la zona tienen el problema resuelto. Con mi equipo de trabajo sumamos esfuerzos para darles respuesta a los vecinos\u201d, dijo el Gobernador, que adem\u00e1s agreg\u00f3 que \u201cse trabaja en forma simult\u00e1nea en varios lugares. Con mucho esfuerzo, el Gobierno est\u00e1 haciendo una gran inversi\u00f3n en equipamiento y maquinarias para mejorar los servicios que presta la SAT\u201d.<\/p>\n<\/blockquote>\n<p><iframe loading=\"lazy\" width=\"650\" height=\"315\" src=\"http:\/\/www.youtube.com\/embed\/L9dHQCKP9Aw\"><\/iframe><\/p>\n<p>\u00a0<\/p>\n<p>\u00a0<\/p>\n<p>Manzur destac\u00f3 que \u201chay m\u00e1s de 10 frentes de obra de estas caracter\u00edsticas que lleva adelante la SAT: obras de cloacas y agua potable en toda la provincia, fundamentalmente en San Miguel de Tucum\u00e1n\u201d.<\/p>\n<blockquote class=\"mom_quote \"><p>El personal t\u00e9cnico llev\u00f3 a cabo la renovaci\u00f3n de 75 metros de la ca\u00f1er\u00eda claocal en la calle Cris\u00f3stomo \u00c1lvarez y Juan B. Ter\u00e1n con sus respectivas bocas de registro y los ramales correspondientes a 14 conexiones domiciliarias de la zona.<\/p><\/blockquote>\n<p>El Primer Mandatario fue acompa\u00f1ado por la\u00a0secretaria de Gobierno,\u00a0<strong>Carolina Vargas Aignasse;<\/strong>\u00a0el presidente de la SAT,\u00a0<strong>Fernando Baratelli;\u00a0<\/strong>el gerente de Coordinaci\u00f3n T\u00e9cnica de la SAT<strong>, Augusto Guraib<\/strong>\u00a0y el titular del Ente de Infraestructura Comunitaria,\u00a0<strong>Jorge Alurralde.<\/strong><\/p>\n<p>\u201cEsto era un reclamo importante por el tema de los l\u00edquidos cloacales, pero con\u00a0el trabajo de la SAT, el Ente de Infraestructura y el gobierno provincial se mejor\u00f3 y\u00a0se pudo trabajar en obras que tienen mayor alcance\u201d, expres\u00f3\u00a0Vargas Aignasse.<\/p>\n<p>Guraib destac\u00f3\u00a0que \u201cse resolvi\u00f3 el desborde de agua que hab\u00eda en la v\u00eda p\u00fablica. En este barrio antes\u00a0se encontraba\u00a0colapsado el colector y con estas nuevas obras se descomprimi\u00f3 la zona\u201d.<\/p>\n<p>Por \u00faltimo, Alurralde explic\u00f3 que \u201csomos conscientes de que hay muchos pedidos de la gente pero, como dice el Gobernador Juan Manzur, hay que estar a la par de los vecinos. Por eso, conjuntamente con la SAT, estamos llevando todos los d\u00edas soluciones concretas\u201d.<\/p>\n<\/div>\n<\/div>\n<p>Fuente: http:\/\/comunicaciontucuman.gob.ar\/2018\/12\/optimizan-una-nueva-red-de-caneria-cloacal-en-el-barrio-santa-rita\/<\/p>\n","protected":false},"excerpt":{"rendered":"<p>El gobernador, Juan Manzur, esta ma\u00f1ana\u00a0visit\u00f3 el barrio Santa Rita\u00a0de la Capital tucumana para supervisar las obras que la Sociedad Aguas del Tucum\u00e1n (SAT) est\u00e1 realizando en el lugar, en conjunto con el Ente de Infraestructura Comunitaria (EIC). Se renov\u00f3 la ca\u00f1er\u00eda cloacal en su totalidad. Eran estructuras que cumplieron su ciclo y hoy las [&hellip;]<\/p>\n","protected":false},"author":1,"featured_media":20246,"comment_status":"open","ping_status":"closed","sticky":false,"template":"","format":"standard","meta":{"footnotes":""},"categories":[3],"tags":[],"class_list":{"0":"post-20245","1":"post","2":"type-post","3":"status-publish","4":"format-standard","5":"has-post-thumbnail","7":"category-politica"},"yoast_head":"<!-- This site is optimized with the Yoast SEO plugin v27.4 - https:\/\/yoast.com\/product\/yoast-seo-wordpress\/ -->\n<title>Optimizan una nueva red de ca\u00f1er\u00eda cloacal en el barrio Santa Rita - El Diario de Tucuman<\/title>\n<meta name=\"robots\" content=\"index, follow, max-snippet:-1, max-image-preview:large, max-video-preview:-1\" \/>\n<link rel=\"canonical\" href=\"https:\/\/www.eldiariodetucuman.com\/web\/optimizan-una-nueva-red-de-caneria-cloacal-en-el-barrio-santa-rita-2\/\" \/>\n<meta property=\"og:locale\" content=\"es_ES\" \/>\n<meta property=\"og:type\" content=\"article\" \/>\n<meta property=\"og:title\" content=\"Optimizan una nueva red de ca\u00f1er\u00eda cloacal en el barrio Santa Rita - El Diario de Tucuman\" \/>\n<meta property=\"og:description\" content=\"El gobernador, Juan Manzur, esta ma\u00f1ana\u00a0visit\u00f3 el barrio Santa Rita\u00a0de la Capital tucumana para supervisar las obras que la Sociedad Aguas del Tucum\u00e1n (SAT) est\u00e1 realizando en el lugar, en conjunto con el Ente de Infraestructura Comunitaria (EIC). Se renov\u00f3 la ca\u00f1er\u00eda cloacal en su totalidad. Eran estructuras que cumplieron su ciclo y hoy las [&hellip;]\" \/>\n<meta property=\"og:url\" content=\"https:\/\/www.eldiariodetucuman.com\/web\/optimizan-una-nueva-red-de-caneria-cloacal-en-el-barrio-santa-rita-2\/\" \/>\n<meta property=\"og:site_name\" content=\"El Diario de Tucuman\" \/>\n<meta property=\"article:published_time\" content=\"2018-12-05T15:08:53+00:00\" \/>\n<meta property=\"og:image\" content=\"https:\/\/www.eldiariodetucuman.com\/web\/wp-content\/uploads\/2018\/12\/5e400aad5814699e889fdce1b65416d2.jpeg\" \/>\n\t<meta property=\"og:image:width\" content=\"300\" \/>\n\t<meta property=\"og:image:height\" content=\"166\" \/>\n\t<meta property=\"og:image:type\" content=\"image\/jpeg\" \/>\n<meta name=\"author\" content=\"admin\" \/>\n<meta name=\"twitter:card\" content=\"summary_large_image\" \/>\n<meta name=\"twitter:label1\" content=\"Escrito por\" \/>\n\t<meta name=\"twitter:data1\" content=\"admin\" \/>\n\t<meta name=\"twitter:label2\" content=\"Tiempo de lectura\" \/>\n\t<meta name=\"twitter:data2\" content=\"2 minutos\" \/>\n<script type=\"application\/ld+json\" class=\"yoast-schema-graph\">{\"@context\":\"https:\\\/\\\/schema.org\",\"@graph\":[{\"@type\":\"Article\",\"@id\":\"https:\\\/\\\/www.eldiariodetucuman.com\\\/web\\\/optimizan-una-nueva-red-de-caneria-cloacal-en-el-barrio-santa-rita-2\\\/#article\",\"isPartOf\":{\"@id\":\"https:\\\/\\\/www.eldiariodetucuman.com\\\/web\\\/optimizan-una-nueva-red-de-caneria-cloacal-en-el-barrio-santa-rita-2\\\/\"},\"author\":{\"name\":\"admin\",\"@id\":\"https:\\\/\\\/www.eldiariodetucuman.com\\\/web\\\/#\\\/schema\\\/person\\\/9250197d75ab5483412e19678b121caa\"},\"headline\":\"Optimizan una nueva red de ca\u00f1er\u00eda cloacal en el barrio Santa Rita\",\"datePublished\":\"2018-12-05T15:08:53+00:00\",\"mainEntityOfPage\":{\"@id\":\"https:\\\/\\\/www.eldiariodetucuman.com\\\/web\\\/optimizan-una-nueva-red-de-caneria-cloacal-en-el-barrio-santa-rita-2\\\/\"},\"wordCount\":390,\"commentCount\":0,\"publisher\":{\"@id\":\"https:\\\/\\\/www.eldiariodetucuman.com\\\/web\\\/#organization\"},\"image\":{\"@id\":\"https:\\\/\\\/www.eldiariodetucuman.com\\\/web\\\/optimizan-una-nueva-red-de-caneria-cloacal-en-el-barrio-santa-rita-2\\\/#primaryimage\"},\"thumbnailUrl\":\"https:\\\/\\\/www.eldiariodetucuman.com\\\/web\\\/wp-content\\\/uploads\\\/2018\\\/12\\\/5e400aad5814699e889fdce1b65416d2.jpeg\",\"articleSection\":[\"Politica\"],\"inLanguage\":\"es\",\"potentialAction\":[{\"@type\":\"CommentAction\",\"name\":\"Comment\",\"target\":[\"https:\\\/\\\/www.eldiariodetucuman.com\\\/web\\\/optimizan-una-nueva-red-de-caneria-cloacal-en-el-barrio-santa-rita-2\\\/#respond\"]}]},{\"@type\":\"WebPage\",\"@id\":\"https:\\\/\\\/www.eldiariodetucuman.com\\\/web\\\/optimizan-una-nueva-red-de-caneria-cloacal-en-el-barrio-santa-rita-2\\\/\",\"url\":\"https:\\\/\\\/www.eldiariodetucuman.com\\\/web\\\/optimizan-una-nueva-red-de-caneria-cloacal-en-el-barrio-santa-rita-2\\\/\",\"name\":\"Optimizan una nueva red de ca\u00f1er\u00eda cloacal en el barrio Santa Rita - El Diario de Tucuman\",\"isPartOf\":{\"@id\":\"https:\\\/\\\/www.eldiariodetucuman.com\\\/web\\\/#website\"},\"primaryImageOfPage\":{\"@id\":\"https:\\\/\\\/www.eldiariodetucuman.com\\\/web\\\/optimizan-una-nueva-red-de-caneria-cloacal-en-el-barrio-santa-rita-2\\\/#primaryimage\"},\"image\":{\"@id\":\"https:\\\/\\\/www.eldiariodetucuman.com\\\/web\\\/optimizan-una-nueva-red-de-caneria-cloacal-en-el-barrio-santa-rita-2\\\/#primaryimage\"},\"thumbnailUrl\":\"https:\\\/\\\/www.eldiariodetucuman.com\\\/web\\\/wp-content\\\/uploads\\\/2018\\\/12\\\/5e400aad5814699e889fdce1b65416d2.jpeg\",\"datePublished\":\"2018-12-05T15:08:53+00:00\",\"breadcrumb\":{\"@id\":\"https:\\\/\\\/www.eldiariodetucuman.com\\\/web\\\/optimizan-una-nueva-red-de-caneria-cloacal-en-el-barrio-santa-rita-2\\\/#breadcrumb\"},\"inLanguage\":\"es\",\"potentialAction\":[{\"@type\":\"ReadAction\",\"target\":[\"https:\\\/\\\/www.eldiariodetucuman.com\\\/web\\\/optimizan-una-nueva-red-de-caneria-cloacal-en-el-barrio-santa-rita-2\\\/\"]}]},{\"@type\":\"ImageObject\",\"inLanguage\":\"es\",\"@id\":\"https:\\\/\\\/www.eldiariodetucuman.com\\\/web\\\/optimizan-una-nueva-red-de-caneria-cloacal-en-el-barrio-santa-rita-2\\\/#primaryimage\",\"url\":\"https:\\\/\\\/www.eldiariodetucuman.com\\\/web\\\/wp-content\\\/uploads\\\/2018\\\/12\\\/5e400aad5814699e889fdce1b65416d2.jpeg\",\"contentUrl\":\"https:\\\/\\\/www.eldiariodetucuman.com\\\/web\\\/wp-content\\\/uploads\\\/2018\\\/12\\\/5e400aad5814699e889fdce1b65416d2.jpeg\",\"width\":300,\"height\":166},{\"@type\":\"BreadcrumbList\",\"@id\":\"https:\\\/\\\/www.eldiariodetucuman.com\\\/web\\\/optimizan-una-nueva-red-de-caneria-cloacal-en-el-barrio-santa-rita-2\\\/#breadcrumb\",\"itemListElement\":[{\"@type\":\"ListItem\",\"position\":1,\"name\":\"Portada\",\"item\":\"https:\\\/\\\/www.eldiariodetucuman.com\\\/web\\\/\"},{\"@type\":\"ListItem\",\"position\":2,\"name\":\"Optimizan una nueva red de ca\u00f1er\u00eda cloacal en el barrio Santa Rita\"}]},{\"@type\":\"WebSite\",\"@id\":\"https:\\\/\\\/www.eldiariodetucuman.com\\\/web\\\/#website\",\"url\":\"https:\\\/\\\/www.eldiariodetucuman.com\\\/web\\\/\",\"name\":\"El Diario de Tucuman\",\"description\":\"Diario Tucuman - Informaci\u00f3n y noticias\",\"publisher\":{\"@id\":\"https:\\\/\\\/www.eldiariodetucuman.com\\\/web\\\/#organization\"},\"potentialAction\":[{\"@type\":\"SearchAction\",\"target\":{\"@type\":\"EntryPoint\",\"urlTemplate\":\"https:\\\/\\\/www.eldiariodetucuman.com\\\/web\\\/?s={search_term_string}\"},\"query-input\":{\"@type\":\"PropertyValueSpecification\",\"valueRequired\":true,\"valueName\":\"search_term_string\"}}],\"inLanguage\":\"es\"},{\"@type\":\"Organization\",\"@id\":\"https:\\\/\\\/www.eldiariodetucuman.com\\\/web\\\/#organization\",\"name\":\"El Diario de Tucuman\",\"url\":\"https:\\\/\\\/www.eldiariodetucuman.com\\\/web\\\/\",\"logo\":{\"@type\":\"ImageObject\",\"inLanguage\":\"es\",\"@id\":\"https:\\\/\\\/www.eldiariodetucuman.com\\\/web\\\/#\\\/schema\\\/logo\\\/image\\\/\",\"url\":\"http:\\\/\\\/www.eldiariodetucuman.com\\\/web\\\/wp-content\\\/uploads\\\/2017\\\/12\\\/el-diario-de-tucuman.jpg\",\"contentUrl\":\"http:\\\/\\\/www.eldiariodetucuman.com\\\/web\\\/wp-content\\\/uploads\\\/2017\\\/12\\\/el-diario-de-tucuman.jpg\",\"width\":272,\"height\":92,\"caption\":\"El Diario de Tucuman\"},\"image\":{\"@id\":\"https:\\\/\\\/www.eldiariodetucuman.com\\\/web\\\/#\\\/schema\\\/logo\\\/image\\\/\"}},{\"@type\":\"Person\",\"@id\":\"https:\\\/\\\/www.eldiariodetucuman.com\\\/web\\\/#\\\/schema\\\/person\\\/9250197d75ab5483412e19678b121caa\",\"name\":\"admin\",\"image\":{\"@type\":\"ImageObject\",\"inLanguage\":\"es\",\"@id\":\"https:\\\/\\\/secure.gravatar.com\\\/avatar\\\/c44d117c2be811212c22cb481f6b8384b6873de103fbc49e7a03cc58d7dea4ac?s=96&d=mm&r=g\",\"url\":\"https:\\\/\\\/secure.gravatar.com\\\/avatar\\\/c44d117c2be811212c22cb481f6b8384b6873de103fbc49e7a03cc58d7dea4ac?s=96&d=mm&r=g\",\"contentUrl\":\"https:\\\/\\\/secure.gravatar.com\\\/avatar\\\/c44d117c2be811212c22cb481f6b8384b6873de103fbc49e7a03cc58d7dea4ac?s=96&d=mm&r=g\",\"caption\":\"admin\"},\"url\":\"https:\\\/\\\/www.eldiariodetucuman.com\\\/web\\\/author\\\/admin\\\/\"}]}<\/script>\n<!-- \/ Yoast SEO plugin. -->","yoast_head_json":{"title":"Optimizan una nueva red de ca\u00f1er\u00eda cloacal en el barrio Santa Rita - El Diario de Tucuman","robots":{"index":"index","follow":"follow","max-snippet":"max-snippet:-1","max-image-preview":"max-image-preview:large","max-video-preview":"max-video-preview:-1"},"canonical":"https:\/\/www.eldiariodetucuman.com\/web\/optimizan-una-nueva-red-de-caneria-cloacal-en-el-barrio-santa-rita-2\/","og_locale":"es_ES","og_type":"article","og_title":"Optimizan una nueva red de ca\u00f1er\u00eda cloacal en el barrio Santa Rita - El Diario de Tucuman","og_description":"El gobernador, Juan Manzur, esta ma\u00f1ana\u00a0visit\u00f3 el barrio Santa Rita\u00a0de la Capital tucumana para supervisar las obras que la Sociedad Aguas del Tucum\u00e1n (SAT) est\u00e1 realizando en el lugar, en conjunto con el Ente de Infraestructura Comunitaria (EIC). Se renov\u00f3 la ca\u00f1er\u00eda cloacal en su totalidad. Eran estructuras que cumplieron su ciclo y hoy las [&hellip;]","og_url":"https:\/\/www.eldiariodetucuman.com\/web\/optimizan-una-nueva-red-de-caneria-cloacal-en-el-barrio-santa-rita-2\/","og_site_name":"El Diario de Tucuman","article_published_time":"2018-12-05T15:08:53+00:00","og_image":[{"width":300,"height":166,"url":"https:\/\/www.eldiariodetucuman.com\/web\/wp-content\/uploads\/2018\/12\/5e400aad5814699e889fdce1b65416d2.jpeg","type":"image\/jpeg"}],"author":"admin","twitter_card":"summary_large_image","twitter_misc":{"Escrito por":"admin","Tiempo de lectura":"2 minutos"},"schema":{"@context":"https:\/\/schema.org","@graph":[{"@type":"Article","@id":"https:\/\/www.eldiariodetucuman.com\/web\/optimizan-una-nueva-red-de-caneria-cloacal-en-el-barrio-santa-rita-2\/#article","isPartOf":{"@id":"https:\/\/www.eldiariodetucuman.com\/web\/optimizan-una-nueva-red-de-caneria-cloacal-en-el-barrio-santa-rita-2\/"},"author":{"name":"admin","@id":"https:\/\/www.eldiariodetucuman.com\/web\/#\/schema\/person\/9250197d75ab5483412e19678b121caa"},"headline":"Optimizan una nueva red de ca\u00f1er\u00eda cloacal en el barrio Santa Rita","datePublished":"2018-12-05T15:08:53+00:00","mainEntityOfPage":{"@id":"https:\/\/www.eldiariodetucuman.com\/web\/optimizan-una-nueva-red-de-caneria-cloacal-en-el-barrio-santa-rita-2\/"},"wordCount":390,"commentCount":0,"publisher":{"@id":"https:\/\/www.eldiariodetucuman.com\/web\/#organization"},"image":{"@id":"https:\/\/www.eldiariodetucuman.com\/web\/optimizan-una-nueva-red-de-caneria-cloacal-en-el-barrio-santa-rita-2\/#primaryimage"},"thumbnailUrl":"https:\/\/www.eldiariodetucuman.com\/web\/wp-content\/uploads\/2018\/12\/5e400aad5814699e889fdce1b65416d2.jpeg","articleSection":["Politica"],"inLanguage":"es","potentialAction":[{"@type":"CommentAction","name":"Comment","target":["https:\/\/www.eldiariodetucuman.com\/web\/optimizan-una-nueva-red-de-caneria-cloacal-en-el-barrio-santa-rita-2\/#respond"]}]},{"@type":"WebPage","@id":"https:\/\/www.eldiariodetucuman.com\/web\/optimizan-una-nueva-red-de-caneria-cloacal-en-el-barrio-santa-rita-2\/","url":"https:\/\/www.eldiariodetucuman.com\/web\/optimizan-una-nueva-red-de-caneria-cloacal-en-el-barrio-santa-rita-2\/","name":"Optimizan una nueva red de ca\u00f1er\u00eda cloacal en el barrio Santa Rita - El Diario de Tucuman","isPartOf":{"@id":"https:\/\/www.eldiariodetucuman.com\/web\/#website"},"primaryImageOfPage":{"@id":"https:\/\/www.eldiariodetucuman.com\/web\/optimizan-una-nueva-red-de-caneria-cloacal-en-el-barrio-santa-rita-2\/#primaryimage"},"image":{"@id":"https:\/\/www.eldiariodetucuman.com\/web\/optimizan-una-nueva-red-de-caneria-cloacal-en-el-barrio-santa-rita-2\/#primaryimage"},"thumbnailUrl":"https:\/\/www.eldiariodetucuman.com\/web\/wp-content\/uploads\/2018\/12\/5e400aad5814699e889fdce1b65416d2.jpeg","datePublished":"2018-12-05T15:08:53+00:00","breadcrumb":{"@id":"https:\/\/www.eldiariodetucuman.com\/web\/optimizan-una-nueva-red-de-caneria-cloacal-en-el-barrio-santa-rita-2\/#breadcrumb"},"inLanguage":"es","potentialAction":[{"@type":"ReadAction","target":["https:\/\/www.eldiariodetucuman.com\/web\/optimizan-una-nueva-red-de-caneria-cloacal-en-el-barrio-santa-rita-2\/"]}]},{"@type":"ImageObject","inLanguage":"es","@id":"https:\/\/www.eldiariodetucuman.com\/web\/optimizan-una-nueva-red-de-caneria-cloacal-en-el-barrio-santa-rita-2\/#primaryimage","url":"https:\/\/www.eldiariodetucuman.com\/web\/wp-content\/uploads\/2018\/12\/5e400aad5814699e889fdce1b65416d2.jpeg","contentUrl":"https:\/\/www.eldiariodetucuman.com\/web\/wp-content\/uploads\/2018\/12\/5e400aad5814699e889fdce1b65416d2.jpeg","width":300,"height":166},{"@type":"BreadcrumbList","@id":"https:\/\/www.eldiariodetucuman.com\/web\/optimizan-una-nueva-red-de-caneria-cloacal-en-el-barrio-santa-rita-2\/#breadcrumb","itemListElement":[{"@type":"ListItem","position":1,"name":"Portada","item":"https:\/\/www.eldiariodetucuman.com\/web\/"},{"@type":"ListItem","position":2,"name":"Optimizan una nueva red de ca\u00f1er\u00eda cloacal en el barrio Santa Rita"}]},{"@type":"WebSite","@id":"https:\/\/www.eldiariodetucuman.com\/web\/#website","url":"https:\/\/www.eldiariodetucuman.com\/web\/","name":"El Diario de Tucuman","description":"Diario Tucuman - Informaci\u00f3n y noticias","publisher":{"@id":"https:\/\/www.eldiariodetucuman.com\/web\/#organization"},"potentialAction":[{"@type":"SearchAction","target":{"@type":"EntryPoint","urlTemplate":"https:\/\/www.eldiariodetucuman.com\/web\/?s={search_term_string}"},"query-input":{"@type":"PropertyValueSpecification","valueRequired":true,"valueName":"search_term_string"}}],"inLanguage":"es"},{"@type":"Organization","@id":"https:\/\/www.eldiariodetucuman.com\/web\/#organization","name":"El Diario de Tucuman","url":"https:\/\/www.eldiariodetucuman.com\/web\/","logo":{"@type":"ImageObject","inLanguage":"es","@id":"https:\/\/www.eldiariodetucuman.com\/web\/#\/schema\/logo\/image\/","url":"http:\/\/www.eldiariodetucuman.com\/web\/wp-content\/uploads\/2017\/12\/el-diario-de-tucuman.jpg","contentUrl":"http:\/\/www.eldiariodetucuman.com\/web\/wp-content\/uploads\/2017\/12\/el-diario-de-tucuman.jpg","width":272,"height":92,"caption":"El Diario de Tucuman"},"image":{"@id":"https:\/\/www.eldiariodetucuman.com\/web\/#\/schema\/logo\/image\/"}},{"@type":"Person","@id":"https:\/\/www.eldiariodetucuman.com\/web\/#\/schema\/person\/9250197d75ab5483412e19678b121caa","name":"admin","image":{"@type":"ImageObject","inLanguage":"es","@id":"https:\/\/secure.gravatar.com\/avatar\/c44d117c2be811212c22cb481f6b8384b6873de103fbc49e7a03cc58d7dea4ac?s=96&d=mm&r=g","url":"https:\/\/secure.gravatar.com\/avatar\/c44d117c2be811212c22cb481f6b8384b6873de103fbc49e7a03cc58d7dea4ac?s=96&d=mm&r=g","contentUrl":"https:\/\/secure.gravatar.com\/avatar\/c44d117c2be811212c22cb481f6b8384b6873de103fbc49e7a03cc58d7dea4ac?s=96&d=mm&r=g","caption":"admin"},"url":"https:\/\/www.eldiariodetucuman.com\/web\/author\/admin\/"}]}},"_links":{"self":[{"href":"https:\/\/www.eldiariodetucuman.com\/web\/wp-json\/wp\/v2\/posts\/20245","targetHints":{"allow":["GET"]}}],"collection":[{"href":"https:\/\/www.eldiariodetucuman.com\/web\/wp-json\/wp\/v2\/posts"}],"about":[{"href":"https:\/\/www.eldiariodetucuman.com\/web\/wp-json\/wp\/v2\/types\/post"}],"author":[{"embeddable":true,"href":"https:\/\/www.eldiariodetucuman.com\/web\/wp-json\/wp\/v2\/users\/1"}],"replies":[{"embeddable":true,"href":"https:\/\/www.eldiariodetucuman.com\/web\/wp-json\/wp\/v2\/comments?post=20245"}],"version-history":[{"count":1,"href":"https:\/\/www.eldiariodetucuman.com\/web\/wp-json\/wp\/v2\/posts\/20245\/revisions"}],"predecessor-version":[{"id":20247,"href":"https:\/\/www.eldiariodetucuman.com\/web\/wp-json\/wp\/v2\/posts\/20245\/revisions\/20247"}],"wp:featuredmedia":[{"embeddable":true,"href":"https:\/\/www.eldiariodetucuman.com\/web\/wp-json\/wp\/v2\/media\/20246"}],"wp:attachment":[{"href":"https:\/\/www.eldiariodetucuman.com\/web\/wp-json\/wp\/v2\/media?parent=20245"}],"wp:term":[{"taxonomy":"category","embeddable":true,"href":"https:\/\/www.eldiariodetucuman.com\/web\/wp-json\/wp\/v2\/categories?post=20245"},{"taxonomy":"post_tag","embeddable":true,"href":"https:\/\/www.eldiariodetucuman.com\/web\/wp-json\/wp\/v2\/tags?post=20245"}],"curies":[{"name":"wp","href":"https:\/\/api.w.org\/{rel}","templated":true}]}}