{"id":19980,"date":"2018-11-29T11:42:07","date_gmt":"2018-11-29T14:42:07","guid":{"rendered":"http:\/\/www.eldiariodetucuman.com\/web\/g20-cuando-se-normalizara-el-transito\/"},"modified":"2018-11-29T11:42:09","modified_gmt":"2018-11-29T14:42:09","slug":"g20-cuando-se-normalizara-el-transito","status":"publish","type":"post","link":"https:\/\/www.eldiariodetucuman.com\/web\/g20-cuando-se-normalizara-el-transito\/","title":{"rendered":"G20: \u00bfcu\u00e1ndo se normalizar\u00e1 el tr\u00e1nsito?"},"content":{"rendered":"<div>\n<div readability=\"60.816978193146\">\n<p>La realizaci\u00f3n del <a href=\"https:\/\/www.elintransigente.com\/noticias\/buscar\/?buscar=G20+\">G20 <\/a>en la Ciudad de Buenos Aires es un acontecimiento internacional in\u00e9dito para nuestro pa\u00eds, que se prepara para terminar de recibir a los l\u00edderes del mundo. Para ello, <a href=\"https:\/\/www.elintransigente.com\/politica\/2018\/11\/29\/seguridad-en-el-g20-ya-hay-mas-de-30-mil-efectivos-convocados-526353.html\">se mont\u00f3 un importante operativo de seguridad<\/a>, que cuenta con 22.000 agentes de fuerzas federales, de la Ciudad y de la Provincia, 3.000 militares y 5.000 custodios extranjeros. En tanto, la circulaci\u00f3n se vio seriamente afectada por la Cumbre.\u00a0<\/p>\n<p>Seg\u00fan indic\u00f3 el secretario de Transporte de la Ciudad de Buenos Aires, Juan Jos\u00e9 M\u00e9ndez, &#8220;<strong>a partir del s\u00e1bado a las seis de la tarde comienza la normalizaci\u00f3n<\/strong>\u00ab. De esta manera, los porte\u00f1os deber\u00e1n armarse de paciencia este fin de semana, acotar las salidas y planificar cada movimiento con mucha anticipaci\u00f3n, ya que gran parte de Capital Federal se encuentra pr\u00e1cticamente blindada.\u00a0<\/p>\n<aside class=\"htmlinline \"><!-- politica 2 300 x 250 imagen --><ins class=\"adsbygoogle\" data-ad-client=\"ca-pub-7781556717282971\" data-ad-slot=\"3120775563\"><\/ins><br \/>\n<\/aside>\n<p>&#8220;Ahora <strong>estamos cortando la autopista Dellepiane y 25 de mayo <\/strong>hacia el centro porque empiezan a llegar las delegaciones hasta las 11 de la ma\u00f1ana. Este corte se repite a la tarde desde las seis y media a las diez de la noche. Viernes y s\u00e1bado <strong>no van a funcionar trenes, ni subtes<\/strong>. No va a estar disponible Avenida Figueroa Alcorta, solo para frentistas. Au. Illia cierra sentido al centro\u00bb, detall\u00f3 el funcionario del PRO.\u00a0<\/p>\n<p>Y precis\u00f3: &#8220;<strong>Tambi\u00e9n est\u00e1 cerrando el Aeroparque<\/strong> a partir de las tres de la tarde, lo mismo que el aeropuerto de Palomar. Buqueb\u00fas cierra a partir de las 9 de la noche. La terminal de Retiro hoy se muda a Dellepiane. Evitar todo este per\u00edmetro de Avenida Independencia, Entre R\u00edos, Callao, Las Heras, Sarmiento, Figueroa Alcorta. No es que no se va a poder circular, pero adentro de este per\u00edmetro va a haber restricciones\u00bb.\u00a0<\/p>\n<aside class=\"htmlinline \"><!-- politica 5 300 x 250 texto mas imagen --><ins class=\"adsbygoogle\" data-ad-client=\"ca-pub-7781556717282971\" data-ad-slot=\"3033145653\"><\/ins><br \/>\n<\/aside>\n<p>En ese sentido, asegur\u00f3 que el feriado que se decret\u00f3 para ma\u00f1ana &#8220;ayuda un mont\u00f3n a disminuir el desplazamiento\u00bb. &#8220;<strong>La gente que vive en la zona ha recibido informaci\u00f3n directa indic\u00e1ndole en qu\u00e9 momento van a tener restricci\u00f3n<\/strong>. En determinados horarios no van a poder salir en auto, si caminando. A partir del s\u00e1bado a las seis de la tarde comienza la normalizaci\u00f3n&#8221;, asever\u00f3, en di\u00e1logo con el programa radial de Marcelo Longobardi.\u00a0<\/p>\n<p>Asimismo, aclar\u00f3 que &#8220;los trenes y subtes el domingo van a estar reiniciando sus operaciones&#8221;. Al ser consultado respecto de las restricciones que habr\u00e1 en las inmediaciones al Teatro Col\u00f3n, M\u00e9ndez dijo: &#8220;Trescientos metros a la redonda no se va a poder circular. Solamente van a poder ingresar los acreditados. <strong>En la 9 de Julio a partir de las 9 de la noche se corta el funcionamiento del metrobus<\/strong>&#8221;.\u00a0<br \/>\n\u00a0<\/p>\n<\/div>\n<\/div>\n<p>Fuente: https:\/\/www.elintransigente.com\/politica\/2018\/11\/29\/g20-cuando-se-normalizara-el-transito-526402.html<\/p>\n","protected":false},"excerpt":{"rendered":"<p>La realizaci\u00f3n del G20 en la Ciudad de Buenos Aires es un acontecimiento internacional in\u00e9dito para nuestro pa\u00eds, que se prepara para terminar de recibir a los l\u00edderes del mundo. Para ello, se mont\u00f3 un importante operativo de seguridad, que cuenta con 22.000 agentes de fuerzas federales, de la Ciudad y de la Provincia, 3.000 [&hellip;]<\/p>\n","protected":false},"author":1,"featured_media":19981,"comment_status":"open","ping_status":"closed","sticky":false,"template":"","format":"standard","meta":{"footnotes":""},"categories":[1],"tags":[],"class_list":{"0":"post-19980","1":"post","2":"type-post","3":"status-publish","4":"format-standard","5":"has-post-thumbnail","7":"category-portada"},"yoast_head":"<!-- This site is optimized with the Yoast SEO plugin v27.4 - https:\/\/yoast.com\/product\/yoast-seo-wordpress\/ -->\n<title>G20: \u00bfcu\u00e1ndo se normalizar\u00e1 el tr\u00e1nsito? - El Diario de Tucuman<\/title>\n<meta name=\"robots\" content=\"index, follow, max-snippet:-1, max-image-preview:large, max-video-preview:-1\" \/>\n<link rel=\"canonical\" href=\"https:\/\/www.eldiariodetucuman.com\/web\/g20-cuando-se-normalizara-el-transito\/\" \/>\n<meta property=\"og:locale\" content=\"es_ES\" \/>\n<meta property=\"og:type\" content=\"article\" \/>\n<meta property=\"og:title\" content=\"G20: \u00bfcu\u00e1ndo se normalizar\u00e1 el tr\u00e1nsito? - El Diario de Tucuman\" \/>\n<meta property=\"og:description\" content=\"La realizaci\u00f3n del G20 en la Ciudad de Buenos Aires es un acontecimiento internacional in\u00e9dito para nuestro pa\u00eds, que se prepara para terminar de recibir a los l\u00edderes del mundo. Para ello, se mont\u00f3 un importante operativo de seguridad, que cuenta con 22.000 agentes de fuerzas federales, de la Ciudad y de la Provincia, 3.000 [&hellip;]\" \/>\n<meta property=\"og:url\" content=\"https:\/\/www.eldiariodetucuman.com\/web\/g20-cuando-se-normalizara-el-transito\/\" \/>\n<meta property=\"og:site_name\" content=\"El Diario de Tucuman\" \/>\n<meta property=\"article:published_time\" content=\"2018-11-29T14:42:07+00:00\" \/>\n<meta property=\"article:modified_time\" content=\"2018-11-29T14:42:09+00:00\" \/>\n<meta property=\"og:image\" content=\"https:\/\/www.eldiariodetucuman.com\/web\/wp-content\/uploads\/2018\/11\/9a8c14d0137dc8a237ef12e70ce98aa8.jpeg\" \/>\n\t<meta property=\"og:image:width\" content=\"960\" \/>\n\t<meta property=\"og:image:height\" content=\"472\" \/>\n\t<meta property=\"og:image:type\" content=\"image\/jpeg\" \/>\n<meta name=\"author\" content=\"admin\" \/>\n<meta name=\"twitter:card\" content=\"summary_large_image\" \/>\n<meta name=\"twitter:label1\" content=\"Escrito por\" \/>\n\t<meta name=\"twitter:data1\" content=\"admin\" \/>\n\t<meta name=\"twitter:label2\" content=\"Tiempo de lectura\" \/>\n\t<meta name=\"twitter:data2\" content=\"2 minutos\" \/>\n<script type=\"application\/ld+json\" class=\"yoast-schema-graph\">{\"@context\":\"https:\\\/\\\/schema.org\",\"@graph\":[{\"@type\":\"Article\",\"@id\":\"https:\\\/\\\/www.eldiariodetucuman.com\\\/web\\\/g20-cuando-se-normalizara-el-transito\\\/#article\",\"isPartOf\":{\"@id\":\"https:\\\/\\\/www.eldiariodetucuman.com\\\/web\\\/g20-cuando-se-normalizara-el-transito\\\/\"},\"author\":{\"name\":\"admin\",\"@id\":\"https:\\\/\\\/www.eldiariodetucuman.com\\\/web\\\/#\\\/schema\\\/person\\\/9250197d75ab5483412e19678b121caa\"},\"headline\":\"G20: \u00bfcu\u00e1ndo se normalizar\u00e1 el tr\u00e1nsito?\",\"datePublished\":\"2018-11-29T14:42:07+00:00\",\"dateModified\":\"2018-11-29T14:42:09+00:00\",\"mainEntityOfPage\":{\"@id\":\"https:\\\/\\\/www.eldiariodetucuman.com\\\/web\\\/g20-cuando-se-normalizara-el-transito\\\/\"},\"wordCount\":463,\"commentCount\":0,\"publisher\":{\"@id\":\"https:\\\/\\\/www.eldiariodetucuman.com\\\/web\\\/#organization\"},\"image\":{\"@id\":\"https:\\\/\\\/www.eldiariodetucuman.com\\\/web\\\/g20-cuando-se-normalizara-el-transito\\\/#primaryimage\"},\"thumbnailUrl\":\"https:\\\/\\\/www.eldiariodetucuman.com\\\/web\\\/wp-content\\\/uploads\\\/2018\\\/11\\\/9a8c14d0137dc8a237ef12e70ce98aa8.jpeg\",\"articleSection\":[\"Portada\"],\"inLanguage\":\"es\",\"potentialAction\":[{\"@type\":\"CommentAction\",\"name\":\"Comment\",\"target\":[\"https:\\\/\\\/www.eldiariodetucuman.com\\\/web\\\/g20-cuando-se-normalizara-el-transito\\\/#respond\"]}]},{\"@type\":\"WebPage\",\"@id\":\"https:\\\/\\\/www.eldiariodetucuman.com\\\/web\\\/g20-cuando-se-normalizara-el-transito\\\/\",\"url\":\"https:\\\/\\\/www.eldiariodetucuman.com\\\/web\\\/g20-cuando-se-normalizara-el-transito\\\/\",\"name\":\"G20: \u00bfcu\u00e1ndo se normalizar\u00e1 el tr\u00e1nsito? - El Diario de Tucuman\",\"isPartOf\":{\"@id\":\"https:\\\/\\\/www.eldiariodetucuman.com\\\/web\\\/#website\"},\"primaryImageOfPage\":{\"@id\":\"https:\\\/\\\/www.eldiariodetucuman.com\\\/web\\\/g20-cuando-se-normalizara-el-transito\\\/#primaryimage\"},\"image\":{\"@id\":\"https:\\\/\\\/www.eldiariodetucuman.com\\\/web\\\/g20-cuando-se-normalizara-el-transito\\\/#primaryimage\"},\"thumbnailUrl\":\"https:\\\/\\\/www.eldiariodetucuman.com\\\/web\\\/wp-content\\\/uploads\\\/2018\\\/11\\\/9a8c14d0137dc8a237ef12e70ce98aa8.jpeg\",\"datePublished\":\"2018-11-29T14:42:07+00:00\",\"dateModified\":\"2018-11-29T14:42:09+00:00\",\"breadcrumb\":{\"@id\":\"https:\\\/\\\/www.eldiariodetucuman.com\\\/web\\\/g20-cuando-se-normalizara-el-transito\\\/#breadcrumb\"},\"inLanguage\":\"es\",\"potentialAction\":[{\"@type\":\"ReadAction\",\"target\":[\"https:\\\/\\\/www.eldiariodetucuman.com\\\/web\\\/g20-cuando-se-normalizara-el-transito\\\/\"]}]},{\"@type\":\"ImageObject\",\"inLanguage\":\"es\",\"@id\":\"https:\\\/\\\/www.eldiariodetucuman.com\\\/web\\\/g20-cuando-se-normalizara-el-transito\\\/#primaryimage\",\"url\":\"https:\\\/\\\/www.eldiariodetucuman.com\\\/web\\\/wp-content\\\/uploads\\\/2018\\\/11\\\/9a8c14d0137dc8a237ef12e70ce98aa8.jpeg\",\"contentUrl\":\"https:\\\/\\\/www.eldiariodetucuman.com\\\/web\\\/wp-content\\\/uploads\\\/2018\\\/11\\\/9a8c14d0137dc8a237ef12e70ce98aa8.jpeg\",\"width\":960,\"height\":472},{\"@type\":\"BreadcrumbList\",\"@id\":\"https:\\\/\\\/www.eldiariodetucuman.com\\\/web\\\/g20-cuando-se-normalizara-el-transito\\\/#breadcrumb\",\"itemListElement\":[{\"@type\":\"ListItem\",\"position\":1,\"name\":\"Portada\",\"item\":\"https:\\\/\\\/www.eldiariodetucuman.com\\\/web\\\/\"},{\"@type\":\"ListItem\",\"position\":2,\"name\":\"G20: \u00bfcu\u00e1ndo se normalizar\u00e1 el tr\u00e1nsito?\"}]},{\"@type\":\"WebSite\",\"@id\":\"https:\\\/\\\/www.eldiariodetucuman.com\\\/web\\\/#website\",\"url\":\"https:\\\/\\\/www.eldiariodetucuman.com\\\/web\\\/\",\"name\":\"El Diario de Tucuman\",\"description\":\"Diario Tucuman - Informaci\u00f3n y noticias\",\"publisher\":{\"@id\":\"https:\\\/\\\/www.eldiariodetucuman.com\\\/web\\\/#organization\"},\"potentialAction\":[{\"@type\":\"SearchAction\",\"target\":{\"@type\":\"EntryPoint\",\"urlTemplate\":\"https:\\\/\\\/www.eldiariodetucuman.com\\\/web\\\/?s={search_term_string}\"},\"query-input\":{\"@type\":\"PropertyValueSpecification\",\"valueRequired\":true,\"valueName\":\"search_term_string\"}}],\"inLanguage\":\"es\"},{\"@type\":\"Organization\",\"@id\":\"https:\\\/\\\/www.eldiariodetucuman.com\\\/web\\\/#organization\",\"name\":\"El Diario de Tucuman\",\"url\":\"https:\\\/\\\/www.eldiariodetucuman.com\\\/web\\\/\",\"logo\":{\"@type\":\"ImageObject\",\"inLanguage\":\"es\",\"@id\":\"https:\\\/\\\/www.eldiariodetucuman.com\\\/web\\\/#\\\/schema\\\/logo\\\/image\\\/\",\"url\":\"http:\\\/\\\/www.eldiariodetucuman.com\\\/web\\\/wp-content\\\/uploads\\\/2017\\\/12\\\/el-diario-de-tucuman.jpg\",\"contentUrl\":\"http:\\\/\\\/www.eldiariodetucuman.com\\\/web\\\/wp-content\\\/uploads\\\/2017\\\/12\\\/el-diario-de-tucuman.jpg\",\"width\":272,\"height\":92,\"caption\":\"El Diario de Tucuman\"},\"image\":{\"@id\":\"https:\\\/\\\/www.eldiariodetucuman.com\\\/web\\\/#\\\/schema\\\/logo\\\/image\\\/\"}},{\"@type\":\"Person\",\"@id\":\"https:\\\/\\\/www.eldiariodetucuman.com\\\/web\\\/#\\\/schema\\\/person\\\/9250197d75ab5483412e19678b121caa\",\"name\":\"admin\",\"image\":{\"@type\":\"ImageObject\",\"inLanguage\":\"es\",\"@id\":\"https:\\\/\\\/secure.gravatar.com\\\/avatar\\\/c44d117c2be811212c22cb481f6b8384b6873de103fbc49e7a03cc58d7dea4ac?s=96&d=mm&r=g\",\"url\":\"https:\\\/\\\/secure.gravatar.com\\\/avatar\\\/c44d117c2be811212c22cb481f6b8384b6873de103fbc49e7a03cc58d7dea4ac?s=96&d=mm&r=g\",\"contentUrl\":\"https:\\\/\\\/secure.gravatar.com\\\/avatar\\\/c44d117c2be811212c22cb481f6b8384b6873de103fbc49e7a03cc58d7dea4ac?s=96&d=mm&r=g\",\"caption\":\"admin\"},\"url\":\"https:\\\/\\\/www.eldiariodetucuman.com\\\/web\\\/author\\\/admin\\\/\"}]}<\/script>\n<!-- \/ Yoast SEO plugin. -->","yoast_head_json":{"title":"G20: \u00bfcu\u00e1ndo se normalizar\u00e1 el tr\u00e1nsito? - El Diario de Tucuman","robots":{"index":"index","follow":"follow","max-snippet":"max-snippet:-1","max-image-preview":"max-image-preview:large","max-video-preview":"max-video-preview:-1"},"canonical":"https:\/\/www.eldiariodetucuman.com\/web\/g20-cuando-se-normalizara-el-transito\/","og_locale":"es_ES","og_type":"article","og_title":"G20: \u00bfcu\u00e1ndo se normalizar\u00e1 el tr\u00e1nsito? - El Diario de Tucuman","og_description":"La realizaci\u00f3n del G20 en la Ciudad de Buenos Aires es un acontecimiento internacional in\u00e9dito para nuestro pa\u00eds, que se prepara para terminar de recibir a los l\u00edderes del mundo. Para ello, se mont\u00f3 un importante operativo de seguridad, que cuenta con 22.000 agentes de fuerzas federales, de la Ciudad y de la Provincia, 3.000 [&hellip;]","og_url":"https:\/\/www.eldiariodetucuman.com\/web\/g20-cuando-se-normalizara-el-transito\/","og_site_name":"El Diario de Tucuman","article_published_time":"2018-11-29T14:42:07+00:00","article_modified_time":"2018-11-29T14:42:09+00:00","og_image":[{"width":960,"height":472,"url":"https:\/\/www.eldiariodetucuman.com\/web\/wp-content\/uploads\/2018\/11\/9a8c14d0137dc8a237ef12e70ce98aa8.jpeg","type":"image\/jpeg"}],"author":"admin","twitter_card":"summary_large_image","twitter_misc":{"Escrito por":"admin","Tiempo de lectura":"2 minutos"},"schema":{"@context":"https:\/\/schema.org","@graph":[{"@type":"Article","@id":"https:\/\/www.eldiariodetucuman.com\/web\/g20-cuando-se-normalizara-el-transito\/#article","isPartOf":{"@id":"https:\/\/www.eldiariodetucuman.com\/web\/g20-cuando-se-normalizara-el-transito\/"},"author":{"name":"admin","@id":"https:\/\/www.eldiariodetucuman.com\/web\/#\/schema\/person\/9250197d75ab5483412e19678b121caa"},"headline":"G20: \u00bfcu\u00e1ndo se normalizar\u00e1 el tr\u00e1nsito?","datePublished":"2018-11-29T14:42:07+00:00","dateModified":"2018-11-29T14:42:09+00:00","mainEntityOfPage":{"@id":"https:\/\/www.eldiariodetucuman.com\/web\/g20-cuando-se-normalizara-el-transito\/"},"wordCount":463,"commentCount":0,"publisher":{"@id":"https:\/\/www.eldiariodetucuman.com\/web\/#organization"},"image":{"@id":"https:\/\/www.eldiariodetucuman.com\/web\/g20-cuando-se-normalizara-el-transito\/#primaryimage"},"thumbnailUrl":"https:\/\/www.eldiariodetucuman.com\/web\/wp-content\/uploads\/2018\/11\/9a8c14d0137dc8a237ef12e70ce98aa8.jpeg","articleSection":["Portada"],"inLanguage":"es","potentialAction":[{"@type":"CommentAction","name":"Comment","target":["https:\/\/www.eldiariodetucuman.com\/web\/g20-cuando-se-normalizara-el-transito\/#respond"]}]},{"@type":"WebPage","@id":"https:\/\/www.eldiariodetucuman.com\/web\/g20-cuando-se-normalizara-el-transito\/","url":"https:\/\/www.eldiariodetucuman.com\/web\/g20-cuando-se-normalizara-el-transito\/","name":"G20: \u00bfcu\u00e1ndo se normalizar\u00e1 el tr\u00e1nsito? - El Diario de Tucuman","isPartOf":{"@id":"https:\/\/www.eldiariodetucuman.com\/web\/#website"},"primaryImageOfPage":{"@id":"https:\/\/www.eldiariodetucuman.com\/web\/g20-cuando-se-normalizara-el-transito\/#primaryimage"},"image":{"@id":"https:\/\/www.eldiariodetucuman.com\/web\/g20-cuando-se-normalizara-el-transito\/#primaryimage"},"thumbnailUrl":"https:\/\/www.eldiariodetucuman.com\/web\/wp-content\/uploads\/2018\/11\/9a8c14d0137dc8a237ef12e70ce98aa8.jpeg","datePublished":"2018-11-29T14:42:07+00:00","dateModified":"2018-11-29T14:42:09+00:00","breadcrumb":{"@id":"https:\/\/www.eldiariodetucuman.com\/web\/g20-cuando-se-normalizara-el-transito\/#breadcrumb"},"inLanguage":"es","potentialAction":[{"@type":"ReadAction","target":["https:\/\/www.eldiariodetucuman.com\/web\/g20-cuando-se-normalizara-el-transito\/"]}]},{"@type":"ImageObject","inLanguage":"es","@id":"https:\/\/www.eldiariodetucuman.com\/web\/g20-cuando-se-normalizara-el-transito\/#primaryimage","url":"https:\/\/www.eldiariodetucuman.com\/web\/wp-content\/uploads\/2018\/11\/9a8c14d0137dc8a237ef12e70ce98aa8.jpeg","contentUrl":"https:\/\/www.eldiariodetucuman.com\/web\/wp-content\/uploads\/2018\/11\/9a8c14d0137dc8a237ef12e70ce98aa8.jpeg","width":960,"height":472},{"@type":"BreadcrumbList","@id":"https:\/\/www.eldiariodetucuman.com\/web\/g20-cuando-se-normalizara-el-transito\/#breadcrumb","itemListElement":[{"@type":"ListItem","position":1,"name":"Portada","item":"https:\/\/www.eldiariodetucuman.com\/web\/"},{"@type":"ListItem","position":2,"name":"G20: \u00bfcu\u00e1ndo se normalizar\u00e1 el tr\u00e1nsito?"}]},{"@type":"WebSite","@id":"https:\/\/www.eldiariodetucuman.com\/web\/#website","url":"https:\/\/www.eldiariodetucuman.com\/web\/","name":"El Diario de Tucuman","description":"Diario Tucuman - Informaci\u00f3n y noticias","publisher":{"@id":"https:\/\/www.eldiariodetucuman.com\/web\/#organization"},"potentialAction":[{"@type":"SearchAction","target":{"@type":"EntryPoint","urlTemplate":"https:\/\/www.eldiariodetucuman.com\/web\/?s={search_term_string}"},"query-input":{"@type":"PropertyValueSpecification","valueRequired":true,"valueName":"search_term_string"}}],"inLanguage":"es"},{"@type":"Organization","@id":"https:\/\/www.eldiariodetucuman.com\/web\/#organization","name":"El Diario de Tucuman","url":"https:\/\/www.eldiariodetucuman.com\/web\/","logo":{"@type":"ImageObject","inLanguage":"es","@id":"https:\/\/www.eldiariodetucuman.com\/web\/#\/schema\/logo\/image\/","url":"http:\/\/www.eldiariodetucuman.com\/web\/wp-content\/uploads\/2017\/12\/el-diario-de-tucuman.jpg","contentUrl":"http:\/\/www.eldiariodetucuman.com\/web\/wp-content\/uploads\/2017\/12\/el-diario-de-tucuman.jpg","width":272,"height":92,"caption":"El Diario de Tucuman"},"image":{"@id":"https:\/\/www.eldiariodetucuman.com\/web\/#\/schema\/logo\/image\/"}},{"@type":"Person","@id":"https:\/\/www.eldiariodetucuman.com\/web\/#\/schema\/person\/9250197d75ab5483412e19678b121caa","name":"admin","image":{"@type":"ImageObject","inLanguage":"es","@id":"https:\/\/secure.gravatar.com\/avatar\/c44d117c2be811212c22cb481f6b8384b6873de103fbc49e7a03cc58d7dea4ac?s=96&d=mm&r=g","url":"https:\/\/secure.gravatar.com\/avatar\/c44d117c2be811212c22cb481f6b8384b6873de103fbc49e7a03cc58d7dea4ac?s=96&d=mm&r=g","contentUrl":"https:\/\/secure.gravatar.com\/avatar\/c44d117c2be811212c22cb481f6b8384b6873de103fbc49e7a03cc58d7dea4ac?s=96&d=mm&r=g","caption":"admin"},"url":"https:\/\/www.eldiariodetucuman.com\/web\/author\/admin\/"}]}},"_links":{"self":[{"href":"https:\/\/www.eldiariodetucuman.com\/web\/wp-json\/wp\/v2\/posts\/19980","targetHints":{"allow":["GET"]}}],"collection":[{"href":"https:\/\/www.eldiariodetucuman.com\/web\/wp-json\/wp\/v2\/posts"}],"about":[{"href":"https:\/\/www.eldiariodetucuman.com\/web\/wp-json\/wp\/v2\/types\/post"}],"author":[{"embeddable":true,"href":"https:\/\/www.eldiariodetucuman.com\/web\/wp-json\/wp\/v2\/users\/1"}],"replies":[{"embeddable":true,"href":"https:\/\/www.eldiariodetucuman.com\/web\/wp-json\/wp\/v2\/comments?post=19980"}],"version-history":[{"count":1,"href":"https:\/\/www.eldiariodetucuman.com\/web\/wp-json\/wp\/v2\/posts\/19980\/revisions"}],"predecessor-version":[{"id":19982,"href":"https:\/\/www.eldiariodetucuman.com\/web\/wp-json\/wp\/v2\/posts\/19980\/revisions\/19982"}],"wp:featuredmedia":[{"embeddable":true,"href":"https:\/\/www.eldiariodetucuman.com\/web\/wp-json\/wp\/v2\/media\/19981"}],"wp:attachment":[{"href":"https:\/\/www.eldiariodetucuman.com\/web\/wp-json\/wp\/v2\/media?parent=19980"}],"wp:term":[{"taxonomy":"category","embeddable":true,"href":"https:\/\/www.eldiariodetucuman.com\/web\/wp-json\/wp\/v2\/categories?post=19980"},{"taxonomy":"post_tag","embeddable":true,"href":"https:\/\/www.eldiariodetucuman.com\/web\/wp-json\/wp\/v2\/tags?post=19980"}],"curies":[{"name":"wp","href":"https:\/\/api.w.org\/{rel}","templated":true}]}}