{"id":19974,"date":"2018-11-29T11:41:52","date_gmt":"2018-11-29T14:41:52","guid":{"rendered":"http:\/\/www.eldiariodetucuman.com\/web\/mira-el-video-que-grabo-mauricio-macri-minutos-antes-de-iniciar-la-agenda-del-g20\/"},"modified":"2018-11-29T11:41:54","modified_gmt":"2018-11-29T14:41:54","slug":"mira-el-video-que-grabo-mauricio-macri-minutos-antes-de-iniciar-la-agenda-del-g20","status":"publish","type":"post","link":"https:\/\/www.eldiariodetucuman.com\/web\/mira-el-video-que-grabo-mauricio-macri-minutos-antes-de-iniciar-la-agenda-del-g20\/","title":{"rendered":"Mir\u00e1 el video que grab\u00f3 Mauricio Macri minutos antes de iniciar la agenda del G20"},"content":{"rendered":"<div>\n<div readability=\"83.610201751047\">\n<p>&#8220;Ac\u00e1 estamos, por empezar esta marat\u00f3n de casi cuatro d\u00edas&#8221;, fue lo que dijo el Presidente, Mauricio Macri, al grabar un video en donde se lo ve a punto de iniciar con las <a href=\"https:\/\/www.elintransigente.com\/politica\/2018\/11\/29\/cual-es-la-agenda-de-mauricio-macri-para-el-dia-de-hoy-526395.html\">reuniones bilaterales<\/a>, en el marco de la Cumbre de L\u00edderes del <a href=\"https:\/\/www.elintransigente.com\/noticias\/buscar\/?buscar=g20\">G20<\/a>. A lo largo de este jueves, el mandatario tiene planeada una agenda de reuniones, discusiones, fotos y cenas con los l\u00edderes que ya llegaron o est\u00e1n por llegar a Buenos Aires.<\/p>\n<p>Difundido por sus redes sociales, en su mensaje el Presidente remarc\u00f3\u00a0que es la primera vez que en el pa\u00eds se hace una reuni\u00f3n de tal magnitud. &#8220;Esperamos que se lleven una buena impresi\u00f3n, que les abra a\u00fan m\u00e1s participar con nosotros en este proceso de crecimiento&#8221;, asegur\u00f3 que era su objetivo.<\/p>\n<aside class=\"htmlinline \"><!-- politica 2 300 x 250 imagen --><ins class=\"adsbygoogle\" data-ad-client=\"ca-pub-7781556717282971\" data-ad-slot=\"3120775563\"><\/ins><br \/>\n<\/aside>\n<p>El primer encuentro ser\u00e1 con el Primer Ministro de Singapur,<strong> Lee Hsien Loong<\/strong>, en la Residencia de Olivos, con quien compartir\u00e1 el desayuno. El encuentro s\u00f3lo durar\u00e1 una hora y media, ya que inmediatamente despu\u00e9s de las\u00a0<strong>10:30<\/strong>, Macri mantendr\u00e1 una reuni\u00f3n bilateral con el\u00a0<strong>presidente de la Comisi\u00f3n Europea, Jean-Claude Juncker, y el titular del Consejo Europeo, Donald Tusk, en Casa de Gobierno.<\/strong><\/p>\n<p>A las\u00a0<strong>12 horas<\/strong>, el Presidente y la Primera Dama, Juliana Awada, recibir\u00e1n en la Casa Rosada a\u00a0<strong>Emmanuel Macron, l\u00edder de Francia, y a su esposa Brigitte Macron.\u00a0<\/strong>Tras la foto oficial de ambos mandatarios y el saludo de las comitivas, Macri y Macron se reunir\u00e1n en el Sal\u00f3n Eva Per\u00f3n, junto a sus funcionarios. Una vez finalizadas las discusiones, los l\u00edderes de Argentina y Francia se encontrar\u00e1n con la prensa en el Sal\u00f3n Blanco y responder\u00e1n una pregunta cada uno. La actividad posterior, ser\u00e1 un almuerzo entre las dos parejas oficiales.<\/p>\n<aside class=\"htmlinline \"><!-- politica 5 300 x 250 texto mas imagen --><ins class=\"adsbygoogle\" data-ad-client=\"ca-pub-7781556717282971\" data-ad-slot=\"3033145653\"><\/ins><br \/>\n<\/aside>\n<p>Tal ceremonia se volver\u00e1 a repetir a las<strong>\u00a018<\/strong>, pero, esta vez, con\u00a0<strong>el presidente de Italia, Guiseppe Conte,<\/strong>\u00a0como principal protagonista. A las 18:30 se realizar\u00e1 una recepci\u00f3n en su honor, en la que ambos jefes de Estado pronunciar\u00e1n palabras alusivas.<\/p>\n<p>Finalmente, a las 20 horas, el Presidente Macri y su esposa tendr\u00e1n una cena privada con el primer ministro de Canad\u00e1, Justin Trudeau, y su esposa, en el Chalet Presidencial de la Quinta de Olivos.<\/p>\n<p>El viernes, por otro lado, se reunir\u00e1 con Donald Trump, de Estados Unidos; y Angela Merkel, de Alemania. Por \u00faltimo, para finalizar los encuentros bilaterales de la Cumbre, Macri se\u00f1al\u00f3 en su video, que se reunir\u00e1 con Vladimir Putin de Rusia, Shinzo Abe de Jap\u00f3n. &#8220;Vamos todos juntos&#8221;, fue la frase con la que culmin\u00f3 el mensaje.<\/p>\n<\/div>\n<\/div>\n<p>Fuente: https:\/\/www.elintransigente.com\/politica\/2018\/11\/29\/mira-el-video-que-grabo-mauricio-macri-minutos-antes-de-iniciar-la-agenda-del-g20-526418.html<\/p>\n","protected":false},"excerpt":{"rendered":"<p>&#8220;Ac\u00e1 estamos, por empezar esta marat\u00f3n de casi cuatro d\u00edas&#8221;, fue lo que dijo el Presidente, Mauricio Macri, al grabar un video en donde se lo ve a punto de iniciar con las reuniones bilaterales, en el marco de la Cumbre de L\u00edderes del G20. A lo largo de este jueves, el mandatario tiene planeada [&hellip;]<\/p>\n","protected":false},"author":1,"featured_media":19975,"comment_status":"open","ping_status":"closed","sticky":false,"template":"","format":"standard","meta":{"footnotes":""},"categories":[1],"tags":[],"class_list":{"0":"post-19974","1":"post","2":"type-post","3":"status-publish","4":"format-standard","5":"has-post-thumbnail","7":"category-portada"},"yoast_head":"<!-- This site is optimized with the Yoast SEO plugin v27.4 - https:\/\/yoast.com\/product\/yoast-seo-wordpress\/ -->\n<title>Mir\u00e1 el video que grab\u00f3 Mauricio Macri minutos antes de iniciar la agenda del G20 - El Diario de Tucuman<\/title>\n<meta name=\"robots\" content=\"index, follow, max-snippet:-1, max-image-preview:large, max-video-preview:-1\" \/>\n<link rel=\"canonical\" href=\"https:\/\/www.eldiariodetucuman.com\/web\/mira-el-video-que-grabo-mauricio-macri-minutos-antes-de-iniciar-la-agenda-del-g20\/\" \/>\n<meta property=\"og:locale\" content=\"es_ES\" \/>\n<meta property=\"og:type\" content=\"article\" \/>\n<meta property=\"og:title\" content=\"Mir\u00e1 el video que grab\u00f3 Mauricio Macri minutos antes de iniciar la agenda del G20 - El Diario de Tucuman\" \/>\n<meta property=\"og:description\" content=\"&#8220;Ac\u00e1 estamos, por empezar esta marat\u00f3n de casi cuatro d\u00edas&#8221;, fue lo que dijo el Presidente, Mauricio Macri, al grabar un video en donde se lo ve a punto de iniciar con las reuniones bilaterales, en el marco de la Cumbre de L\u00edderes del G20. A lo largo de este jueves, el mandatario tiene planeada [&hellip;]\" \/>\n<meta property=\"og:url\" content=\"https:\/\/www.eldiariodetucuman.com\/web\/mira-el-video-que-grabo-mauricio-macri-minutos-antes-de-iniciar-la-agenda-del-g20\/\" \/>\n<meta property=\"og:site_name\" content=\"El Diario de Tucuman\" \/>\n<meta property=\"article:published_time\" content=\"2018-11-29T14:41:52+00:00\" \/>\n<meta property=\"article:modified_time\" content=\"2018-11-29T14:41:54+00:00\" \/>\n<meta property=\"og:image\" content=\"https:\/\/www.eldiariodetucuman.com\/web\/wp-content\/uploads\/2018\/11\/ffef50e082dfab96335abe03b4c1f8c7.jpeg\" \/>\n\t<meta property=\"og:image:width\" content=\"960\" \/>\n\t<meta property=\"og:image:height\" content=\"540\" \/>\n\t<meta property=\"og:image:type\" content=\"image\/jpeg\" \/>\n<meta name=\"author\" content=\"admin\" \/>\n<meta name=\"twitter:card\" content=\"summary_large_image\" \/>\n<meta name=\"twitter:label1\" content=\"Escrito por\" \/>\n\t<meta name=\"twitter:data1\" content=\"admin\" \/>\n\t<meta name=\"twitter:label2\" content=\"Tiempo de lectura\" \/>\n\t<meta name=\"twitter:data2\" content=\"2 minutos\" \/>\n<script type=\"application\/ld+json\" class=\"yoast-schema-graph\">{\"@context\":\"https:\\\/\\\/schema.org\",\"@graph\":[{\"@type\":\"Article\",\"@id\":\"https:\\\/\\\/www.eldiariodetucuman.com\\\/web\\\/mira-el-video-que-grabo-mauricio-macri-minutos-antes-de-iniciar-la-agenda-del-g20\\\/#article\",\"isPartOf\":{\"@id\":\"https:\\\/\\\/www.eldiariodetucuman.com\\\/web\\\/mira-el-video-que-grabo-mauricio-macri-minutos-antes-de-iniciar-la-agenda-del-g20\\\/\"},\"author\":{\"name\":\"admin\",\"@id\":\"https:\\\/\\\/www.eldiariodetucuman.com\\\/web\\\/#\\\/schema\\\/person\\\/9250197d75ab5483412e19678b121caa\"},\"headline\":\"Mir\u00e1 el video que grab\u00f3 Mauricio Macri minutos antes de iniciar la agenda del G20\",\"datePublished\":\"2018-11-29T14:41:52+00:00\",\"dateModified\":\"2018-11-29T14:41:54+00:00\",\"mainEntityOfPage\":{\"@id\":\"https:\\\/\\\/www.eldiariodetucuman.com\\\/web\\\/mira-el-video-que-grabo-mauricio-macri-minutos-antes-de-iniciar-la-agenda-del-g20\\\/\"},\"wordCount\":466,\"commentCount\":0,\"publisher\":{\"@id\":\"https:\\\/\\\/www.eldiariodetucuman.com\\\/web\\\/#organization\"},\"image\":{\"@id\":\"https:\\\/\\\/www.eldiariodetucuman.com\\\/web\\\/mira-el-video-que-grabo-mauricio-macri-minutos-antes-de-iniciar-la-agenda-del-g20\\\/#primaryimage\"},\"thumbnailUrl\":\"https:\\\/\\\/www.eldiariodetucuman.com\\\/web\\\/wp-content\\\/uploads\\\/2018\\\/11\\\/ffef50e082dfab96335abe03b4c1f8c7.jpeg\",\"articleSection\":[\"Portada\"],\"inLanguage\":\"es\",\"potentialAction\":[{\"@type\":\"CommentAction\",\"name\":\"Comment\",\"target\":[\"https:\\\/\\\/www.eldiariodetucuman.com\\\/web\\\/mira-el-video-que-grabo-mauricio-macri-minutos-antes-de-iniciar-la-agenda-del-g20\\\/#respond\"]}]},{\"@type\":\"WebPage\",\"@id\":\"https:\\\/\\\/www.eldiariodetucuman.com\\\/web\\\/mira-el-video-que-grabo-mauricio-macri-minutos-antes-de-iniciar-la-agenda-del-g20\\\/\",\"url\":\"https:\\\/\\\/www.eldiariodetucuman.com\\\/web\\\/mira-el-video-que-grabo-mauricio-macri-minutos-antes-de-iniciar-la-agenda-del-g20\\\/\",\"name\":\"Mir\u00e1 el video que grab\u00f3 Mauricio Macri minutos antes de iniciar la agenda del G20 - El Diario de Tucuman\",\"isPartOf\":{\"@id\":\"https:\\\/\\\/www.eldiariodetucuman.com\\\/web\\\/#website\"},\"primaryImageOfPage\":{\"@id\":\"https:\\\/\\\/www.eldiariodetucuman.com\\\/web\\\/mira-el-video-que-grabo-mauricio-macri-minutos-antes-de-iniciar-la-agenda-del-g20\\\/#primaryimage\"},\"image\":{\"@id\":\"https:\\\/\\\/www.eldiariodetucuman.com\\\/web\\\/mira-el-video-que-grabo-mauricio-macri-minutos-antes-de-iniciar-la-agenda-del-g20\\\/#primaryimage\"},\"thumbnailUrl\":\"https:\\\/\\\/www.eldiariodetucuman.com\\\/web\\\/wp-content\\\/uploads\\\/2018\\\/11\\\/ffef50e082dfab96335abe03b4c1f8c7.jpeg\",\"datePublished\":\"2018-11-29T14:41:52+00:00\",\"dateModified\":\"2018-11-29T14:41:54+00:00\",\"breadcrumb\":{\"@id\":\"https:\\\/\\\/www.eldiariodetucuman.com\\\/web\\\/mira-el-video-que-grabo-mauricio-macri-minutos-antes-de-iniciar-la-agenda-del-g20\\\/#breadcrumb\"},\"inLanguage\":\"es\",\"potentialAction\":[{\"@type\":\"ReadAction\",\"target\":[\"https:\\\/\\\/www.eldiariodetucuman.com\\\/web\\\/mira-el-video-que-grabo-mauricio-macri-minutos-antes-de-iniciar-la-agenda-del-g20\\\/\"]}]},{\"@type\":\"ImageObject\",\"inLanguage\":\"es\",\"@id\":\"https:\\\/\\\/www.eldiariodetucuman.com\\\/web\\\/mira-el-video-que-grabo-mauricio-macri-minutos-antes-de-iniciar-la-agenda-del-g20\\\/#primaryimage\",\"url\":\"https:\\\/\\\/www.eldiariodetucuman.com\\\/web\\\/wp-content\\\/uploads\\\/2018\\\/11\\\/ffef50e082dfab96335abe03b4c1f8c7.jpeg\",\"contentUrl\":\"https:\\\/\\\/www.eldiariodetucuman.com\\\/web\\\/wp-content\\\/uploads\\\/2018\\\/11\\\/ffef50e082dfab96335abe03b4c1f8c7.jpeg\",\"width\":960,\"height\":540},{\"@type\":\"BreadcrumbList\",\"@id\":\"https:\\\/\\\/www.eldiariodetucuman.com\\\/web\\\/mira-el-video-que-grabo-mauricio-macri-minutos-antes-de-iniciar-la-agenda-del-g20\\\/#breadcrumb\",\"itemListElement\":[{\"@type\":\"ListItem\",\"position\":1,\"name\":\"Portada\",\"item\":\"https:\\\/\\\/www.eldiariodetucuman.com\\\/web\\\/\"},{\"@type\":\"ListItem\",\"position\":2,\"name\":\"Mir\u00e1 el video que grab\u00f3 Mauricio Macri minutos antes de iniciar la agenda del G20\"}]},{\"@type\":\"WebSite\",\"@id\":\"https:\\\/\\\/www.eldiariodetucuman.com\\\/web\\\/#website\",\"url\":\"https:\\\/\\\/www.eldiariodetucuman.com\\\/web\\\/\",\"name\":\"El Diario de Tucuman\",\"description\":\"Diario Tucuman - Informaci\u00f3n y noticias\",\"publisher\":{\"@id\":\"https:\\\/\\\/www.eldiariodetucuman.com\\\/web\\\/#organization\"},\"potentialAction\":[{\"@type\":\"SearchAction\",\"target\":{\"@type\":\"EntryPoint\",\"urlTemplate\":\"https:\\\/\\\/www.eldiariodetucuman.com\\\/web\\\/?s={search_term_string}\"},\"query-input\":{\"@type\":\"PropertyValueSpecification\",\"valueRequired\":true,\"valueName\":\"search_term_string\"}}],\"inLanguage\":\"es\"},{\"@type\":\"Organization\",\"@id\":\"https:\\\/\\\/www.eldiariodetucuman.com\\\/web\\\/#organization\",\"name\":\"El Diario de Tucuman\",\"url\":\"https:\\\/\\\/www.eldiariodetucuman.com\\\/web\\\/\",\"logo\":{\"@type\":\"ImageObject\",\"inLanguage\":\"es\",\"@id\":\"https:\\\/\\\/www.eldiariodetucuman.com\\\/web\\\/#\\\/schema\\\/logo\\\/image\\\/\",\"url\":\"http:\\\/\\\/www.eldiariodetucuman.com\\\/web\\\/wp-content\\\/uploads\\\/2017\\\/12\\\/el-diario-de-tucuman.jpg\",\"contentUrl\":\"http:\\\/\\\/www.eldiariodetucuman.com\\\/web\\\/wp-content\\\/uploads\\\/2017\\\/12\\\/el-diario-de-tucuman.jpg\",\"width\":272,\"height\":92,\"caption\":\"El Diario de Tucuman\"},\"image\":{\"@id\":\"https:\\\/\\\/www.eldiariodetucuman.com\\\/web\\\/#\\\/schema\\\/logo\\\/image\\\/\"}},{\"@type\":\"Person\",\"@id\":\"https:\\\/\\\/www.eldiariodetucuman.com\\\/web\\\/#\\\/schema\\\/person\\\/9250197d75ab5483412e19678b121caa\",\"name\":\"admin\",\"image\":{\"@type\":\"ImageObject\",\"inLanguage\":\"es\",\"@id\":\"https:\\\/\\\/secure.gravatar.com\\\/avatar\\\/c44d117c2be811212c22cb481f6b8384b6873de103fbc49e7a03cc58d7dea4ac?s=96&d=mm&r=g\",\"url\":\"https:\\\/\\\/secure.gravatar.com\\\/avatar\\\/c44d117c2be811212c22cb481f6b8384b6873de103fbc49e7a03cc58d7dea4ac?s=96&d=mm&r=g\",\"contentUrl\":\"https:\\\/\\\/secure.gravatar.com\\\/avatar\\\/c44d117c2be811212c22cb481f6b8384b6873de103fbc49e7a03cc58d7dea4ac?s=96&d=mm&r=g\",\"caption\":\"admin\"},\"url\":\"https:\\\/\\\/www.eldiariodetucuman.com\\\/web\\\/author\\\/admin\\\/\"}]}<\/script>\n<!-- \/ Yoast SEO plugin. -->","yoast_head_json":{"title":"Mir\u00e1 el video que grab\u00f3 Mauricio Macri minutos antes de iniciar la agenda del G20 - El Diario de Tucuman","robots":{"index":"index","follow":"follow","max-snippet":"max-snippet:-1","max-image-preview":"max-image-preview:large","max-video-preview":"max-video-preview:-1"},"canonical":"https:\/\/www.eldiariodetucuman.com\/web\/mira-el-video-que-grabo-mauricio-macri-minutos-antes-de-iniciar-la-agenda-del-g20\/","og_locale":"es_ES","og_type":"article","og_title":"Mir\u00e1 el video que grab\u00f3 Mauricio Macri minutos antes de iniciar la agenda del G20 - El Diario de Tucuman","og_description":"&#8220;Ac\u00e1 estamos, por empezar esta marat\u00f3n de casi cuatro d\u00edas&#8221;, fue lo que dijo el Presidente, Mauricio Macri, al grabar un video en donde se lo ve a punto de iniciar con las reuniones bilaterales, en el marco de la Cumbre de L\u00edderes del G20. A lo largo de este jueves, el mandatario tiene planeada [&hellip;]","og_url":"https:\/\/www.eldiariodetucuman.com\/web\/mira-el-video-que-grabo-mauricio-macri-minutos-antes-de-iniciar-la-agenda-del-g20\/","og_site_name":"El Diario de Tucuman","article_published_time":"2018-11-29T14:41:52+00:00","article_modified_time":"2018-11-29T14:41:54+00:00","og_image":[{"width":960,"height":540,"url":"https:\/\/www.eldiariodetucuman.com\/web\/wp-content\/uploads\/2018\/11\/ffef50e082dfab96335abe03b4c1f8c7.jpeg","type":"image\/jpeg"}],"author":"admin","twitter_card":"summary_large_image","twitter_misc":{"Escrito por":"admin","Tiempo de lectura":"2 minutos"},"schema":{"@context":"https:\/\/schema.org","@graph":[{"@type":"Article","@id":"https:\/\/www.eldiariodetucuman.com\/web\/mira-el-video-que-grabo-mauricio-macri-minutos-antes-de-iniciar-la-agenda-del-g20\/#article","isPartOf":{"@id":"https:\/\/www.eldiariodetucuman.com\/web\/mira-el-video-que-grabo-mauricio-macri-minutos-antes-de-iniciar-la-agenda-del-g20\/"},"author":{"name":"admin","@id":"https:\/\/www.eldiariodetucuman.com\/web\/#\/schema\/person\/9250197d75ab5483412e19678b121caa"},"headline":"Mir\u00e1 el video que grab\u00f3 Mauricio Macri minutos antes de iniciar la agenda del G20","datePublished":"2018-11-29T14:41:52+00:00","dateModified":"2018-11-29T14:41:54+00:00","mainEntityOfPage":{"@id":"https:\/\/www.eldiariodetucuman.com\/web\/mira-el-video-que-grabo-mauricio-macri-minutos-antes-de-iniciar-la-agenda-del-g20\/"},"wordCount":466,"commentCount":0,"publisher":{"@id":"https:\/\/www.eldiariodetucuman.com\/web\/#organization"},"image":{"@id":"https:\/\/www.eldiariodetucuman.com\/web\/mira-el-video-que-grabo-mauricio-macri-minutos-antes-de-iniciar-la-agenda-del-g20\/#primaryimage"},"thumbnailUrl":"https:\/\/www.eldiariodetucuman.com\/web\/wp-content\/uploads\/2018\/11\/ffef50e082dfab96335abe03b4c1f8c7.jpeg","articleSection":["Portada"],"inLanguage":"es","potentialAction":[{"@type":"CommentAction","name":"Comment","target":["https:\/\/www.eldiariodetucuman.com\/web\/mira-el-video-que-grabo-mauricio-macri-minutos-antes-de-iniciar-la-agenda-del-g20\/#respond"]}]},{"@type":"WebPage","@id":"https:\/\/www.eldiariodetucuman.com\/web\/mira-el-video-que-grabo-mauricio-macri-minutos-antes-de-iniciar-la-agenda-del-g20\/","url":"https:\/\/www.eldiariodetucuman.com\/web\/mira-el-video-que-grabo-mauricio-macri-minutos-antes-de-iniciar-la-agenda-del-g20\/","name":"Mir\u00e1 el video que grab\u00f3 Mauricio Macri minutos antes de iniciar la agenda del G20 - El Diario de Tucuman","isPartOf":{"@id":"https:\/\/www.eldiariodetucuman.com\/web\/#website"},"primaryImageOfPage":{"@id":"https:\/\/www.eldiariodetucuman.com\/web\/mira-el-video-que-grabo-mauricio-macri-minutos-antes-de-iniciar-la-agenda-del-g20\/#primaryimage"},"image":{"@id":"https:\/\/www.eldiariodetucuman.com\/web\/mira-el-video-que-grabo-mauricio-macri-minutos-antes-de-iniciar-la-agenda-del-g20\/#primaryimage"},"thumbnailUrl":"https:\/\/www.eldiariodetucuman.com\/web\/wp-content\/uploads\/2018\/11\/ffef50e082dfab96335abe03b4c1f8c7.jpeg","datePublished":"2018-11-29T14:41:52+00:00","dateModified":"2018-11-29T14:41:54+00:00","breadcrumb":{"@id":"https:\/\/www.eldiariodetucuman.com\/web\/mira-el-video-que-grabo-mauricio-macri-minutos-antes-de-iniciar-la-agenda-del-g20\/#breadcrumb"},"inLanguage":"es","potentialAction":[{"@type":"ReadAction","target":["https:\/\/www.eldiariodetucuman.com\/web\/mira-el-video-que-grabo-mauricio-macri-minutos-antes-de-iniciar-la-agenda-del-g20\/"]}]},{"@type":"ImageObject","inLanguage":"es","@id":"https:\/\/www.eldiariodetucuman.com\/web\/mira-el-video-que-grabo-mauricio-macri-minutos-antes-de-iniciar-la-agenda-del-g20\/#primaryimage","url":"https:\/\/www.eldiariodetucuman.com\/web\/wp-content\/uploads\/2018\/11\/ffef50e082dfab96335abe03b4c1f8c7.jpeg","contentUrl":"https:\/\/www.eldiariodetucuman.com\/web\/wp-content\/uploads\/2018\/11\/ffef50e082dfab96335abe03b4c1f8c7.jpeg","width":960,"height":540},{"@type":"BreadcrumbList","@id":"https:\/\/www.eldiariodetucuman.com\/web\/mira-el-video-que-grabo-mauricio-macri-minutos-antes-de-iniciar-la-agenda-del-g20\/#breadcrumb","itemListElement":[{"@type":"ListItem","position":1,"name":"Portada","item":"https:\/\/www.eldiariodetucuman.com\/web\/"},{"@type":"ListItem","position":2,"name":"Mir\u00e1 el video que grab\u00f3 Mauricio Macri minutos antes de iniciar la agenda del G20"}]},{"@type":"WebSite","@id":"https:\/\/www.eldiariodetucuman.com\/web\/#website","url":"https:\/\/www.eldiariodetucuman.com\/web\/","name":"El Diario de Tucuman","description":"Diario Tucuman - Informaci\u00f3n y noticias","publisher":{"@id":"https:\/\/www.eldiariodetucuman.com\/web\/#organization"},"potentialAction":[{"@type":"SearchAction","target":{"@type":"EntryPoint","urlTemplate":"https:\/\/www.eldiariodetucuman.com\/web\/?s={search_term_string}"},"query-input":{"@type":"PropertyValueSpecification","valueRequired":true,"valueName":"search_term_string"}}],"inLanguage":"es"},{"@type":"Organization","@id":"https:\/\/www.eldiariodetucuman.com\/web\/#organization","name":"El Diario de Tucuman","url":"https:\/\/www.eldiariodetucuman.com\/web\/","logo":{"@type":"ImageObject","inLanguage":"es","@id":"https:\/\/www.eldiariodetucuman.com\/web\/#\/schema\/logo\/image\/","url":"http:\/\/www.eldiariodetucuman.com\/web\/wp-content\/uploads\/2017\/12\/el-diario-de-tucuman.jpg","contentUrl":"http:\/\/www.eldiariodetucuman.com\/web\/wp-content\/uploads\/2017\/12\/el-diario-de-tucuman.jpg","width":272,"height":92,"caption":"El Diario de Tucuman"},"image":{"@id":"https:\/\/www.eldiariodetucuman.com\/web\/#\/schema\/logo\/image\/"}},{"@type":"Person","@id":"https:\/\/www.eldiariodetucuman.com\/web\/#\/schema\/person\/9250197d75ab5483412e19678b121caa","name":"admin","image":{"@type":"ImageObject","inLanguage":"es","@id":"https:\/\/secure.gravatar.com\/avatar\/c44d117c2be811212c22cb481f6b8384b6873de103fbc49e7a03cc58d7dea4ac?s=96&d=mm&r=g","url":"https:\/\/secure.gravatar.com\/avatar\/c44d117c2be811212c22cb481f6b8384b6873de103fbc49e7a03cc58d7dea4ac?s=96&d=mm&r=g","contentUrl":"https:\/\/secure.gravatar.com\/avatar\/c44d117c2be811212c22cb481f6b8384b6873de103fbc49e7a03cc58d7dea4ac?s=96&d=mm&r=g","caption":"admin"},"url":"https:\/\/www.eldiariodetucuman.com\/web\/author\/admin\/"}]}},"_links":{"self":[{"href":"https:\/\/www.eldiariodetucuman.com\/web\/wp-json\/wp\/v2\/posts\/19974","targetHints":{"allow":["GET"]}}],"collection":[{"href":"https:\/\/www.eldiariodetucuman.com\/web\/wp-json\/wp\/v2\/posts"}],"about":[{"href":"https:\/\/www.eldiariodetucuman.com\/web\/wp-json\/wp\/v2\/types\/post"}],"author":[{"embeddable":true,"href":"https:\/\/www.eldiariodetucuman.com\/web\/wp-json\/wp\/v2\/users\/1"}],"replies":[{"embeddable":true,"href":"https:\/\/www.eldiariodetucuman.com\/web\/wp-json\/wp\/v2\/comments?post=19974"}],"version-history":[{"count":1,"href":"https:\/\/www.eldiariodetucuman.com\/web\/wp-json\/wp\/v2\/posts\/19974\/revisions"}],"predecessor-version":[{"id":19976,"href":"https:\/\/www.eldiariodetucuman.com\/web\/wp-json\/wp\/v2\/posts\/19974\/revisions\/19976"}],"wp:featuredmedia":[{"embeddable":true,"href":"https:\/\/www.eldiariodetucuman.com\/web\/wp-json\/wp\/v2\/media\/19975"}],"wp:attachment":[{"href":"https:\/\/www.eldiariodetucuman.com\/web\/wp-json\/wp\/v2\/media?parent=19974"}],"wp:term":[{"taxonomy":"category","embeddable":true,"href":"https:\/\/www.eldiariodetucuman.com\/web\/wp-json\/wp\/v2\/categories?post=19974"},{"taxonomy":"post_tag","embeddable":true,"href":"https:\/\/www.eldiariodetucuman.com\/web\/wp-json\/wp\/v2\/tags?post=19974"}],"curies":[{"name":"wp","href":"https:\/\/api.w.org\/{rel}","templated":true}]}}